{"id":243624,"date":"2022-04-28T18:38:24","date_gmt":"2022-04-28T14:38:24","guid":{"rendered":"https:\/\/www.meydan.tv\/?p=243624"},"modified":"2022-04-28T18:38:26","modified_gmt":"2022-04-28T14:38:26","slug":"sumqayit-sakinleri-heyetlerinde-aparilan-tikintiye-etiraz-edirler","status":"publish","type":"post","link":"https:\/\/www.meydan.tv\/az\/article\/sumqayit-sakinleri-heyetlerinde-aparilan-tikintiye-etiraz-edirler\/","title":{"rendered":"Sumqay\u0131t sakinl\u0259ri h\u0259y\u0259tl\u0259rind\u0259 apar\u0131lan tikintiy\u0259 etiraz edirl\u0259r"},"content":{"rendered":"\n<figure class=\"wp-block-embed is-type-video is-provider-youtube wp-block-embed-youtube wp-embed-aspect-16-9 wp-has-aspect-ratio\"><div class=\"wp-block-embed__wrapper\">\n<iframe title=\"Sumqay\u0131t sakinl\u0259ri h\u0259y\u0259tl\u0259rind\u0259 apar\u0131lan tikintiy\u0259 etiraz edirl\u0259r\" width=\"1200\" height=\"675\" data-src=\"https:\/\/www.youtube.com\/embed\/CQ0iKUKoVjY?feature=oembed\" frameborder=\"0\" allow=\"accelerometer; autoplay; clipboard-write; encrypted-media; gyroscope; picture-in-picture\" allowfullscreen src=\"data:image\/svg+xml;base64,PHN2ZyB3aWR0aD0iMSIgaGVpZ2h0PSIxIiB4bWxucz0iaHR0cDovL3d3dy53My5vcmcvMjAwMC9zdmciPjwvc3ZnPg==\" class=\"lazyload\" data-load-mode=\"1\"><\/iframe>\n<\/div><\/figure>\n\n\n\n<!--more-->\n\n\n\n<p>Sumqay\u0131t \u015f\u0259h\u0259ri, 1-ci mikrorayon, 122-ci binada ya\u015fayan sakinl\u0259r h\u0259y\u0259tl\u0259rind\u0259 apar\u0131lan tikintiy\u0259 etiraz edirl\u0259r. Sakinl\u0259r deyir, bu tikili h\u0259y\u0259td\u0259ki ya\u015f\u0131ll\u0131q sah\u0259sinin m\u0259hvin\u0259 s\u0259b\u0259b olur. Sakinl\u0259r Sumqay\u0131t \u015e\u0130H-n\u0259 \u015fikay\u0259t ets\u0259l\u0259r d\u0259, n\u0259tic\u0259 yoxdur. Sumqay\u0131t \u015e\u0130H-d\u0259n Eyvaz Qocayev Meydan TV-y\u0259 deyib: &#8220;\u018frazid\u0259 ill\u0259r \u00f6nc\u0259d\u0259n v\u0259t\u0259nda\u015f\u0131n m\u00fclkiyy\u0259tind\u0259 olan k\u00f6\u015fk yerl\u0259\u015fib. Torpaq sah\u0259si qanuni s\u0259n\u0259dl\u0259r\u0259 \u0259sas\u0259n h\u0259min m\u00fclkiyy\u0259t\u00e7iy\u0259 aiddir. V\u0259t\u0259nda\u015f m\u00fclkiyy\u0259tind\u0259 olan \u0259razid\u0259 aidiyy\u0259ti qurumlar\u0131n raz\u0131l\u0131\u011f\u0131 \u0259sas\u0131nda y\u00fcng\u00fcl konstruksiyadan ibar\u0259t obyekt qura\u015fd\u0131r\u0131r. Onu da bildir\u0259k ki, qeyd olunan \u0259razid\u0259 sakinl\u0259rin h\u0259r\u0259k\u0259tin\u0259 mane\u0259 yaranm\u0131r\u201d. Sakinl\u0259r is\u0259 etiraz etdikl\u0259ri \u00fc\u00e7\u00fcn t\u0259hdidl\u0259r\u0259 m\u0259ruz qald\u0131qlar\u0131n\u0131 deyirl\u0259r. \u0130\u015fd\u0259n \u00e7\u0131xar\u0131lmaqla h\u0259d\u0259l\u0259n\u0259n sakinl\u0259r \u00f6lk\u0259 prezidenti DTX v\u0259 dig\u0259r qurumlara m\u00fcraci\u0259t ets\u0259l\u0259r d\u0259, n\u0259tic\u0259 yoxdur.<\/p>\n","protected":false},"excerpt":{"rendered":"","protected":false},"author":14,"featured_media":243625,"comment_status":"closed","ping_status":"closed","sticky":false,"template":"","format":"standard","meta":{"_acf_changed":false,"_sitemap_exclude":false,"_sitemap_priority":"","_sitemap_frequency":"","footnotes":""},"categories":[63],"tags":[],"class_list":["post-243624","post","type-post","status-publish","format-standard","has-post-thumbnail","hentry","category-video-2","infinite-scroll-item","generate-columns","tablet-grid-50","mobile-grid-100","grid-parent","grid-33","no-featured-image-padding"],"acf":[],"yoast_head":"<!-- This site is optimized with the Yoast SEO plugin v27.5 - https:\/\/yoast.com\/product\/yoast-seo-wordpress\/ -->\n<title>Sumqay\u0131t sakinl\u0259ri h\u0259y\u0259tl\u0259rind\u0259 apar\u0131lan tikintiy\u0259 etiraz edirl\u0259r - MEYDAN.TV<\/title>\n<meta name=\"robots\" content=\"index, follow, max-snippet:-1, max-image-preview:large, max-video-preview:-1\" \/>\n<link rel=\"canonical\" href=\"https:\/\/www.meydan.tv\/az\/article\/sumqayit-sakinleri-heyetlerinde-aparilan-tikintiye-etiraz-edirler\/\" \/>\n<meta property=\"og:locale\" content=\"az_AZ\" \/>\n<meta property=\"og:type\" content=\"article\" \/>\n<meta property=\"og:title\" content=\"Sumqay\u0131t sakinl\u0259ri h\u0259y\u0259tl\u0259rind\u0259 apar\u0131lan tikintiy\u0259 etiraz edirl\u0259r - MEYDAN.TV\" \/>\n<meta property=\"og:url\" content=\"https:\/\/www.meydan.tv\/az\/article\/sumqayit-sakinleri-heyetlerinde-aparilan-tikintiye-etiraz-edirler\/\" \/>\n<meta property=\"og:site_name\" content=\"MEYDAN.TV\" \/>\n<meta property=\"article:published_time\" content=\"2022-04-28T14:38:24+00:00\" \/>\n<meta property=\"article:modified_time\" content=\"2022-04-28T14:38:26+00:00\" \/>\n<meta property=\"og:image\" content=\"https:\/\/www.meydan.tv\/wp-content\/uploads\/screenshot-at-apr-28-16-37-19.png\" \/>\n\t<meta property=\"og:image:width\" content=\"1234\" \/>\n\t<meta property=\"og:image:height\" content=\"702\" \/>\n\t<meta property=\"og:image:type\" content=\"image\/png\" \/>\n<meta name=\"author\" content=\"roma\" \/>\n<meta name=\"twitter:card\" content=\"summary_large_image\" \/>\n<script type=\"application\/ld+json\" class=\"yoast-schema-graph\">{\"@context\":\"https:\\\/\\\/schema.org\",\"@graph\":[{\"@type\":\"Article\",\"@id\":\"https:\\\/\\\/www.meydan.tv\\\/az\\\/article\\\/sumqayit-sakinleri-heyetlerinde-aparilan-tikintiye-etiraz-edirler\\\/#article\",\"isPartOf\":{\"@id\":\"https:\\\/\\\/www.meydan.tv\\\/az\\\/article\\\/sumqayit-sakinleri-heyetlerinde-aparilan-tikintiye-etiraz-edirler\\\/\"},\"author\":{\"name\":\"roma\",\"@id\":\"https:\\\/\\\/www.meydan.tv\\\/az\\\/#\\\/schema\\\/person\\\/8f23e01c4de63326c13c319fb65ee65d\"},\"headline\":\"Sumqay\u0131t sakinl\u0259ri h\u0259y\u0259tl\u0259rind\u0259 apar\u0131lan tikintiy\u0259 etiraz edirl\u0259r\",\"datePublished\":\"2022-04-28T14:38:24+00:00\",\"dateModified\":\"2022-04-28T14:38:26+00:00\",\"mainEntityOfPage\":{\"@id\":\"https:\\\/\\\/www.meydan.tv\\\/az\\\/article\\\/sumqayit-sakinleri-heyetlerinde-aparilan-tikintiye-etiraz-edirler\\\/\"},\"wordCount\":208,\"publisher\":{\"@id\":\"https:\\\/\\\/www.meydan.tv\\\/az\\\/#organization\"},\"image\":{\"@id\":\"https:\\\/\\\/www.meydan.tv\\\/az\\\/article\\\/sumqayit-sakinleri-heyetlerinde-aparilan-tikintiye-etiraz-edirler\\\/#primaryimage\"},\"thumbnailUrl\":\"https:\\\/\\\/www.meydan.tv\\\/wp-content\\\/uploads\\\/screenshot-at-apr-28-16-37-19.png\",\"articleSection\":[\"Video\"],\"inLanguage\":\"az\"},{\"@type\":\"WebPage\",\"@id\":\"https:\\\/\\\/www.meydan.tv\\\/az\\\/article\\\/sumqayit-sakinleri-heyetlerinde-aparilan-tikintiye-etiraz-edirler\\\/\",\"url\":\"https:\\\/\\\/www.meydan.tv\\\/az\\\/article\\\/sumqayit-sakinleri-heyetlerinde-aparilan-tikintiye-etiraz-edirler\\\/\",\"name\":\"Sumqay\u0131t sakinl\u0259ri h\u0259y\u0259tl\u0259rind\u0259 apar\u0131lan tikintiy\u0259 etiraz edirl\u0259r - MEYDAN.TV\",\"isPartOf\":{\"@id\":\"https:\\\/\\\/www.meydan.tv\\\/az\\\/#website\"},\"primaryImageOfPage\":{\"@id\":\"https:\\\/\\\/www.meydan.tv\\\/az\\\/article\\\/sumqayit-sakinleri-heyetlerinde-aparilan-tikintiye-etiraz-edirler\\\/#primaryimage\"},\"image\":{\"@id\":\"https:\\\/\\\/www.meydan.tv\\\/az\\\/article\\\/sumqayit-sakinleri-heyetlerinde-aparilan-tikintiye-etiraz-edirler\\\/#primaryimage\"},\"thumbnailUrl\":\"https:\\\/\\\/www.meydan.tv\\\/wp-content\\\/uploads\\\/screenshot-at-apr-28-16-37-19.png\",\"datePublished\":\"2022-04-28T14:38:24+00:00\",\"dateModified\":\"2022-04-28T14:38:26+00:00\",\"breadcrumb\":{\"@id\":\"https:\\\/\\\/www.meydan.tv\\\/az\\\/article\\\/sumqayit-sakinleri-heyetlerinde-aparilan-tikintiye-etiraz-edirler\\\/#breadcrumb\"},\"inLanguage\":\"az\",\"potentialAction\":[{\"@type\":\"ReadAction\",\"target\":[\"https:\\\/\\\/www.meydan.tv\\\/az\\\/article\\\/sumqayit-sakinleri-heyetlerinde-aparilan-tikintiye-etiraz-edirler\\\/\"]}]},{\"@type\":\"ImageObject\",\"inLanguage\":\"az\",\"@id\":\"https:\\\/\\\/www.meydan.tv\\\/az\\\/article\\\/sumqayit-sakinleri-heyetlerinde-aparilan-tikintiye-etiraz-edirler\\\/#primaryimage\",\"url\":\"https:\\\/\\\/www.meydan.tv\\\/wp-content\\\/uploads\\\/screenshot-at-apr-28-16-37-19.png\",\"contentUrl\":\"https:\\\/\\\/www.meydan.tv\\\/wp-content\\\/uploads\\\/screenshot-at-apr-28-16-37-19.png\",\"width\":1234,\"height\":702},{\"@type\":\"BreadcrumbList\",\"@id\":\"https:\\\/\\\/www.meydan.tv\\\/az\\\/article\\\/sumqayit-sakinleri-heyetlerinde-aparilan-tikintiye-etiraz-edirler\\\/#breadcrumb\",\"itemListElement\":[{\"@type\":\"ListItem\",\"position\":1,\"name\":\"Ana s\u0259hif\u0259\",\"item\":\"https:\\\/\\\/www.meydan.tv\\\/az\\\/\"},{\"@type\":\"ListItem\",\"position\":2,\"name\":\"Video\",\"item\":\"https:\\\/\\\/www.meydan.tv\\\/az\\\/section\\\/video-2\\\/\"},{\"@type\":\"ListItem\",\"position\":3,\"name\":\"Sumqay\u0131t sakinl\u0259ri h\u0259y\u0259tl\u0259rind\u0259 apar\u0131lan tikintiy\u0259 etiraz edirl\u0259r\"}]},{\"@type\":\"WebSite\",\"@id\":\"https:\\\/\\\/www.meydan.tv\\\/az\\\/#website\",\"url\":\"https:\\\/\\\/www.meydan.tv\\\/az\\\/\",\"name\":\"MEYDAN.TV\",\"description\":\"Meydan TV Az\u0259rbaycan\u0131n media m\u0259kan\u0131ndak\u0131 alternativ s\u0259sidir\",\"publisher\":{\"@id\":\"https:\\\/\\\/www.meydan.tv\\\/az\\\/#organization\"},\"potentialAction\":[{\"@type\":\"SearchAction\",\"target\":{\"@type\":\"EntryPoint\",\"urlTemplate\":\"https:\\\/\\\/www.meydan.tv\\\/az\\\/?s={search_term_string}\"},\"query-input\":{\"@type\":\"PropertyValueSpecification\",\"valueRequired\":true,\"valueName\":\"search_term_string\"}}],\"inLanguage\":\"az\"},{\"@type\":\"Organization\",\"@id\":\"https:\\\/\\\/www.meydan.tv\\\/az\\\/#organization\",\"name\":\"Meydan TV\",\"url\":\"https:\\\/\\\/www.meydan.tv\\\/az\\\/\",\"logo\":{\"@type\":\"ImageObject\",\"inLanguage\":\"az\",\"@id\":\"https:\\\/\\\/www.meydan.tv\\\/az\\\/#\\\/schema\\\/logo\\\/image\\\/\",\"url\":\"https:\\\/\\\/www.meydan.tv\\\/wp-content\\\/uploads\\\/2021\\\/07\\\/meydan-logo.svg\",\"contentUrl\":\"https:\\\/\\\/www.meydan.tv\\\/wp-content\\\/uploads\\\/2021\\\/07\\\/meydan-logo.svg\",\"width\":195,\"height\":46,\"caption\":\"Meydan TV\"},\"image\":{\"@id\":\"https:\\\/\\\/www.meydan.tv\\\/az\\\/#\\\/schema\\\/logo\\\/image\\\/\"}},{\"@type\":\"Person\",\"@id\":\"https:\\\/\\\/www.meydan.tv\\\/az\\\/#\\\/schema\\\/person\\\/8f23e01c4de63326c13c319fb65ee65d\",\"name\":\"roma\"}]}<\/script>\n<!-- \/ Yoast SEO plugin. -->","yoast_head_json":{"title":"Sumqay\u0131t sakinl\u0259ri h\u0259y\u0259tl\u0259rind\u0259 apar\u0131lan tikintiy\u0259 etiraz edirl\u0259r - MEYDAN.TV","robots":{"index":"index","follow":"follow","max-snippet":"max-snippet:-1","max-image-preview":"max-image-preview:large","max-video-preview":"max-video-preview:-1"},"canonical":"https:\/\/www.meydan.tv\/az\/article\/sumqayit-sakinleri-heyetlerinde-aparilan-tikintiye-etiraz-edirler\/","og_locale":"az_AZ","og_type":"article","og_title":"Sumqay\u0131t sakinl\u0259ri h\u0259y\u0259tl\u0259rind\u0259 apar\u0131lan tikintiy\u0259 etiraz edirl\u0259r - MEYDAN.TV","og_url":"https:\/\/www.meydan.tv\/az\/article\/sumqayit-sakinleri-heyetlerinde-aparilan-tikintiye-etiraz-edirler\/","og_site_name":"MEYDAN.TV","article_published_time":"2022-04-28T14:38:24+00:00","article_modified_time":"2022-04-28T14:38:26+00:00","og_image":[{"width":1234,"height":702,"url":"https:\/\/www.meydan.tv\/wp-content\/uploads\/screenshot-at-apr-28-16-37-19.png","type":"image\/png"}],"author":"roma","twitter_card":"summary_large_image","schema":{"@context":"https:\/\/schema.org","@graph":[{"@type":"Article","@id":"https:\/\/www.meydan.tv\/az\/article\/sumqayit-sakinleri-heyetlerinde-aparilan-tikintiye-etiraz-edirler\/#article","isPartOf":{"@id":"https:\/\/www.meydan.tv\/az\/article\/sumqayit-sakinleri-heyetlerinde-aparilan-tikintiye-etiraz-edirler\/"},"author":{"name":"roma","@id":"https:\/\/www.meydan.tv\/az\/#\/schema\/person\/8f23e01c4de63326c13c319fb65ee65d"},"headline":"Sumqay\u0131t sakinl\u0259ri h\u0259y\u0259tl\u0259rind\u0259 apar\u0131lan tikintiy\u0259 etiraz edirl\u0259r","datePublished":"2022-04-28T14:38:24+00:00","dateModified":"2022-04-28T14:38:26+00:00","mainEntityOfPage":{"@id":"https:\/\/www.meydan.tv\/az\/article\/sumqayit-sakinleri-heyetlerinde-aparilan-tikintiye-etiraz-edirler\/"},"wordCount":208,"publisher":{"@id":"https:\/\/www.meydan.tv\/az\/#organization"},"image":{"@id":"https:\/\/www.meydan.tv\/az\/article\/sumqayit-sakinleri-heyetlerinde-aparilan-tikintiye-etiraz-edirler\/#primaryimage"},"thumbnailUrl":"https:\/\/www.meydan.tv\/wp-content\/uploads\/screenshot-at-apr-28-16-37-19.png","articleSection":["Video"],"inLanguage":"az"},{"@type":"WebPage","@id":"https:\/\/www.meydan.tv\/az\/article\/sumqayit-sakinleri-heyetlerinde-aparilan-tikintiye-etiraz-edirler\/","url":"https:\/\/www.meydan.tv\/az\/article\/sumqayit-sakinleri-heyetlerinde-aparilan-tikintiye-etiraz-edirler\/","name":"Sumqay\u0131t sakinl\u0259ri h\u0259y\u0259tl\u0259rind\u0259 apar\u0131lan tikintiy\u0259 etiraz edirl\u0259r - MEYDAN.TV","isPartOf":{"@id":"https:\/\/www.meydan.tv\/az\/#website"},"primaryImageOfPage":{"@id":"https:\/\/www.meydan.tv\/az\/article\/sumqayit-sakinleri-heyetlerinde-aparilan-tikintiye-etiraz-edirler\/#primaryimage"},"image":{"@id":"https:\/\/www.meydan.tv\/az\/article\/sumqayit-sakinleri-heyetlerinde-aparilan-tikintiye-etiraz-edirler\/#primaryimage"},"thumbnailUrl":"https:\/\/www.meydan.tv\/wp-content\/uploads\/screenshot-at-apr-28-16-37-19.png","datePublished":"2022-04-28T14:38:24+00:00","dateModified":"2022-04-28T14:38:26+00:00","breadcrumb":{"@id":"https:\/\/www.meydan.tv\/az\/article\/sumqayit-sakinleri-heyetlerinde-aparilan-tikintiye-etiraz-edirler\/#breadcrumb"},"inLanguage":"az","potentialAction":[{"@type":"ReadAction","target":["https:\/\/www.meydan.tv\/az\/article\/sumqayit-sakinleri-heyetlerinde-aparilan-tikintiye-etiraz-edirler\/"]}]},{"@type":"ImageObject","inLanguage":"az","@id":"https:\/\/www.meydan.tv\/az\/article\/sumqayit-sakinleri-heyetlerinde-aparilan-tikintiye-etiraz-edirler\/#primaryimage","url":"https:\/\/www.meydan.tv\/wp-content\/uploads\/screenshot-at-apr-28-16-37-19.png","contentUrl":"https:\/\/www.meydan.tv\/wp-content\/uploads\/screenshot-at-apr-28-16-37-19.png","width":1234,"height":702},{"@type":"BreadcrumbList","@id":"https:\/\/www.meydan.tv\/az\/article\/sumqayit-sakinleri-heyetlerinde-aparilan-tikintiye-etiraz-edirler\/#breadcrumb","itemListElement":[{"@type":"ListItem","position":1,"name":"Ana s\u0259hif\u0259","item":"https:\/\/www.meydan.tv\/az\/"},{"@type":"ListItem","position":2,"name":"Video","item":"https:\/\/www.meydan.tv\/az\/section\/video-2\/"},{"@type":"ListItem","position":3,"name":"Sumqay\u0131t sakinl\u0259ri h\u0259y\u0259tl\u0259rind\u0259 apar\u0131lan tikintiy\u0259 etiraz edirl\u0259r"}]},{"@type":"WebSite","@id":"https:\/\/www.meydan.tv\/az\/#website","url":"https:\/\/www.meydan.tv\/az\/","name":"MEYDAN.TV","description":"Meydan TV Az\u0259rbaycan\u0131n media m\u0259kan\u0131ndak\u0131 alternativ s\u0259sidir","publisher":{"@id":"https:\/\/www.meydan.tv\/az\/#organization"},"potentialAction":[{"@type":"SearchAction","target":{"@type":"EntryPoint","urlTemplate":"https:\/\/www.meydan.tv\/az\/?s={search_term_string}"},"query-input":{"@type":"PropertyValueSpecification","valueRequired":true,"valueName":"search_term_string"}}],"inLanguage":"az"},{"@type":"Organization","@id":"https:\/\/www.meydan.tv\/az\/#organization","name":"Meydan TV","url":"https:\/\/www.meydan.tv\/az\/","logo":{"@type":"ImageObject","inLanguage":"az","@id":"https:\/\/www.meydan.tv\/az\/#\/schema\/logo\/image\/","url":"https:\/\/www.meydan.tv\/wp-content\/uploads\/2021\/07\/meydan-logo.svg","contentUrl":"https:\/\/www.meydan.tv\/wp-content\/uploads\/2021\/07\/meydan-logo.svg","width":195,"height":46,"caption":"Meydan TV"},"image":{"@id":"https:\/\/www.meydan.tv\/az\/#\/schema\/logo\/image\/"}},{"@type":"Person","@id":"https:\/\/www.meydan.tv\/az\/#\/schema\/person\/8f23e01c4de63326c13c319fb65ee65d","name":"roma"}]}},"_links":{"self":[{"href":"https:\/\/www.meydan.tv\/az\/wp-json\/wp\/v2\/posts\/243624","targetHints":{"allow":["GET"]}}],"collection":[{"href":"https:\/\/www.meydan.tv\/az\/wp-json\/wp\/v2\/posts"}],"about":[{"href":"https:\/\/www.meydan.tv\/az\/wp-json\/wp\/v2\/types\/post"}],"author":[{"embeddable":true,"href":"https:\/\/www.meydan.tv\/az\/wp-json\/wp\/v2\/users\/14"}],"replies":[{"embeddable":true,"href":"https:\/\/www.meydan.tv\/az\/wp-json\/wp\/v2\/comments?post=243624"}],"version-history":[{"count":1,"href":"https:\/\/www.meydan.tv\/az\/wp-json\/wp\/v2\/posts\/243624\/revisions"}],"predecessor-version":[{"id":243628,"href":"https:\/\/www.meydan.tv\/az\/wp-json\/wp\/v2\/posts\/243624\/revisions\/243628"}],"wp:featuredmedia":[{"embeddable":true,"href":"https:\/\/www.meydan.tv\/az\/wp-json\/wp\/v2\/media\/243625"}],"wp:attachment":[{"href":"https:\/\/www.meydan.tv\/az\/wp-json\/wp\/v2\/media?parent=243624"}],"wp:term":[{"taxonomy":"category","embeddable":true,"href":"https:\/\/www.meydan.tv\/az\/wp-json\/wp\/v2\/categories?post=243624"},{"taxonomy":"post_tag","embeddable":true,"href":"https:\/\/www.meydan.tv\/az\/wp-json\/wp\/v2\/tags?post=243624"}],"curies":[{"name":"wp","href":"https:\/\/api.w.org\/{rel}","templated":true}]}}