{"id":243619,"date":"2022-04-28T18:35:45","date_gmt":"2022-04-28T14:35:45","guid":{"rendered":"https:\/\/www.meydan.tv\/?p=243619"},"modified":"2022-04-28T18:35:46","modified_gmt":"2022-04-28T14:35:46","slug":"senin-sesin-muharibede-dagilan-evim-hele-de-berpa-edilmeyib%ef%bf%bc","status":"publish","type":"post","link":"https:\/\/www.meydan.tv\/az\/article\/senin-sesin-muharibede-dagilan-evim-hele-de-berpa-edilmeyib%ef%bf%bc\/","title":{"rendered":"S\u0259nin S\u0259sin: &#8220;M\u00fcharib\u0259d\u0259 da\u011f\u0131lan evim h\u0259l\u0259 d\u0259 b\u0259rpa edilm\u0259yib&#8221;\ufffc"},"content":{"rendered":"\n<figure class=\"wp-block-embed is-type-video is-provider-youtube wp-block-embed-youtube wp-embed-aspect-16-9 wp-has-aspect-ratio\"><div class=\"wp-block-embed__wrapper\">\n<iframe loading=\"lazy\" title=\"S\u0259nin S\u0259sin: &quot;M\u00fcharib\u0259d\u0259 da\u011f\u0131lan evim h\u0259l\u0259 d\u0259 b\u0259rpa edilm\u0259yib&quot;\" width=\"1200\" height=\"675\" src=\"https:\/\/www.youtube.com\/embed\/rb0FXQekH8k?feature=oembed\" frameborder=\"0\" allow=\"accelerometer; autoplay; clipboard-write; encrypted-media; gyroscope; picture-in-picture\" allowfullscreen><\/iframe>\n<\/div><\/figure>\n\n\n\n<!--more-->\n\n\n\n<p class=\"wp-block-paragraph\">S\u0259nin S\u0259sin verili\u015finin bud\u0259f\u0259ki burax\u0131l\u0131\u015f\u0131ndan izl\u0259y\u0259c\u0259ksiniz: <\/p>\n\n\n\n<p class=\"wp-block-paragraph\">1) &#8220;M\u00fcharib\u0259d\u0259 da\u011f\u0131lan evim h\u0259l\u0259 d\u0259 b\u0259rpa edilm\u0259yib&#8221; <\/p>\n\n\n\n<p class=\"wp-block-paragraph\">2) Bin\u0259q\u0259d\u0259 sakinl\u0259ri deyir ki, ke\u00e7ilm\u0259z yollara g\u00f6r\u0259 q\u0259s\u0259b\u0259y\u0259 t\u0259cili yard\u0131m da g\u0259lmir <\/p>\n\n\n\n<p class=\"wp-block-paragraph\">3) Sarayda torpa\u011f\u0131n\u0131n qanunsuz z\u0259bt edildiyini dey\u0259n \u015fikay\u0259t\u00e7i, bigan\u0259 yana\u015fmadan naraz\u0131d\u0131r <\/p>\n\n\n\n<p class=\"wp-block-paragraph\">4) \u018fillik d\u0259r\u0259c\u0259si d\u0259yi\u015fdiril\u0259n v\u0259t\u0259nda\u015f maddi ehtiyac i\u00e7ind\u0259dir<\/p>\n","protected":false},"excerpt":{"rendered":"","protected":false},"author":14,"featured_media":243620,"comment_status":"closed","ping_status":"closed","sticky":false,"template":"","format":"standard","meta":{"_acf_changed":false,"_sitemap_exclude":false,"_sitemap_priority":"","_sitemap_frequency":"","footnotes":""},"categories":[60,63],"tags":[],"class_list":["post-243619","post","type-post","status-publish","format-standard","has-post-thumbnail","hentry","category-bolge","category-video-2","infinite-scroll-item","generate-columns","tablet-grid-50","mobile-grid-100","grid-parent","grid-33","no-featured-image-padding"],"acf":[],"yoast_head":"<!-- This site is optimized with the Yoast SEO plugin v28.3 - https:\/\/yoast.com\/product\/yoast-seo-wordpress\/ -->\n<title>S\u0259nin S\u0259sin: &quot;M\u00fcharib\u0259d\u0259 da\u011f\u0131lan evim h\u0259l\u0259 d\u0259 b\u0259rpa edilm\u0259yib&quot;\ufffc - MEYDAN.TV<\/title>\n<meta name=\"robots\" content=\"index, follow, max-snippet:-1, max-image-preview:large, max-video-preview:-1\" \/>\n<link rel=\"canonical\" href=\"https:\/\/www.meydan.tv\/az\/article\/senin-sesin-muharibede-dagilan-evim-hele-de-berpa-edilmeyib%ef%bf%bc\/\" \/>\n<meta property=\"og:locale\" content=\"az_AZ\" \/>\n<meta property=\"og:type\" content=\"article\" \/>\n<meta property=\"og:title\" content=\"S\u0259nin S\u0259sin: &quot;M\u00fcharib\u0259d\u0259 da\u011f\u0131lan evim h\u0259l\u0259 d\u0259 b\u0259rpa edilm\u0259yib&quot;\ufffc - MEYDAN.TV\" \/>\n<meta property=\"og:url\" content=\"https:\/\/www.meydan.tv\/az\/article\/senin-sesin-muharibede-dagilan-evim-hele-de-berpa-edilmeyib%ef%bf%bc\/\" \/>\n<meta property=\"og:site_name\" content=\"MEYDAN.TV\" \/>\n<meta property=\"article:published_time\" content=\"2022-04-28T14:35:45+00:00\" \/>\n<meta property=\"article:modified_time\" content=\"2022-04-28T14:35:46+00:00\" \/>\n<meta property=\"og:image\" content=\"https:\/\/www.meydan.tv\/wp-content\/uploads\/screenshot-at-apr-28-16-33-03-1200x670.png\" \/>\n\t<meta property=\"og:image:width\" content=\"1200\" \/>\n\t<meta property=\"og:image:height\" content=\"670\" \/>\n\t<meta property=\"og:image:type\" content=\"image\/png\" \/>\n<meta name=\"twitter:card\" content=\"summary_large_image\" \/>\n<!-- \/ Yoast SEO plugin. -->","yoast_head_json":{"title":"S\u0259nin S\u0259sin: \"M\u00fcharib\u0259d\u0259 da\u011f\u0131lan evim h\u0259l\u0259 d\u0259 b\u0259rpa edilm\u0259yib\"\ufffc - MEYDAN.TV","robots":{"index":"index","follow":"follow","max-snippet":"max-snippet:-1","max-image-preview":"max-image-preview:large","max-video-preview":"max-video-preview:-1"},"canonical":"https:\/\/www.meydan.tv\/az\/article\/senin-sesin-muharibede-dagilan-evim-hele-de-berpa-edilmeyib%ef%bf%bc\/","og_locale":"az_AZ","og_type":"article","og_title":"S\u0259nin S\u0259sin: \"M\u00fcharib\u0259d\u0259 da\u011f\u0131lan evim h\u0259l\u0259 d\u0259 b\u0259rpa edilm\u0259yib\"\ufffc - MEYDAN.TV","og_url":"https:\/\/www.meydan.tv\/az\/article\/senin-sesin-muharibede-dagilan-evim-hele-de-berpa-edilmeyib%ef%bf%bc\/","og_site_name":"MEYDAN.TV","article_published_time":"2022-04-28T14:35:45+00:00","article_modified_time":"2022-04-28T14:35:46+00:00","og_image":[{"width":1200,"height":670,"url":"https:\/\/www.meydan.tv\/wp-content\/uploads\/screenshot-at-apr-28-16-33-03-1200x670.png","type":"image\/png"}],"twitter_card":"summary_large_image","schema":{"@context":"https:\/\/schema.org","@graph":[{"@type":"Article","@id":"https:\/\/www.meydan.tv\/az\/article\/senin-sesin-muharibede-dagilan-evim-hele-de-berpa-edilmeyib%ef%bf%bc\/#article","isPartOf":{"@id":"https:\/\/www.meydan.tv\/az\/article\/senin-sesin-muharibede-dagilan-evim-hele-de-berpa-edilmeyib%ef%bf%bc\/"},"author":{"name":"roma","@id":"https:\/\/www.meydan.tv\/az\/#\/schema\/person\/8f23e01c4de63326c13c319fb65ee65d"},"headline":"S\u0259nin S\u0259sin: &#8220;M\u00fcharib\u0259d\u0259 da\u011f\u0131lan evim h\u0259l\u0259 d\u0259 b\u0259rpa edilm\u0259yib&#8221;\ufffc","datePublished":"2022-04-28T14:35:45+00:00","dateModified":"2022-04-28T14:35:46+00:00","mainEntityOfPage":{"@id":"https:\/\/www.meydan.tv\/az\/article\/senin-sesin-muharibede-dagilan-evim-hele-de-berpa-edilmeyib%ef%bf%bc\/"},"wordCount":112,"publisher":{"@id":"https:\/\/www.meydan.tv\/az\/#organization"},"image":{"@id":"https:\/\/www.meydan.tv\/az\/article\/senin-sesin-muharibede-dagilan-evim-hele-de-berpa-edilmeyib%ef%bf%bc\/#primaryimage"},"thumbnailUrl":"https:\/\/www.meydan.tv\/wp-content\/uploads\/screenshot-at-apr-28-16-33-03.png","articleSection":["B\u00f6lg\u0259","Video"],"inLanguage":"az"},{"@type":"WebPage","@id":"https:\/\/www.meydan.tv\/az\/article\/senin-sesin-muharibede-dagilan-evim-hele-de-berpa-edilmeyib%ef%bf%bc\/","url":"https:\/\/www.meydan.tv\/az\/article\/senin-sesin-muharibede-dagilan-evim-hele-de-berpa-edilmeyib%ef%bf%bc\/","name":"S\u0259nin S\u0259sin: \"M\u00fcharib\u0259d\u0259 da\u011f\u0131lan evim h\u0259l\u0259 d\u0259 b\u0259rpa edilm\u0259yib\"\ufffc - MEYDAN.TV","isPartOf":{"@id":"https:\/\/www.meydan.tv\/az\/#website"},"primaryImageOfPage":{"@id":"https:\/\/www.meydan.tv\/az\/article\/senin-sesin-muharibede-dagilan-evim-hele-de-berpa-edilmeyib%ef%bf%bc\/#primaryimage"},"image":{"@id":"https:\/\/www.meydan.tv\/az\/article\/senin-sesin-muharibede-dagilan-evim-hele-de-berpa-edilmeyib%ef%bf%bc\/#primaryimage"},"thumbnailUrl":"https:\/\/www.meydan.tv\/wp-content\/uploads\/screenshot-at-apr-28-16-33-03.png","datePublished":"2022-04-28T14:35:45+00:00","dateModified":"2022-04-28T14:35:46+00:00","breadcrumb":{"@id":"https:\/\/www.meydan.tv\/az\/article\/senin-sesin-muharibede-dagilan-evim-hele-de-berpa-edilmeyib%ef%bf%bc\/#breadcrumb"},"inLanguage":"az","potentialAction":[{"@type":"ReadAction","target":["https:\/\/www.meydan.tv\/az\/article\/senin-sesin-muharibede-dagilan-evim-hele-de-berpa-edilmeyib%ef%bf%bc\/"]}]},{"@type":"ImageObject","inLanguage":"az","@id":"https:\/\/www.meydan.tv\/az\/article\/senin-sesin-muharibede-dagilan-evim-hele-de-berpa-edilmeyib%ef%bf%bc\/#primaryimage","url":"https:\/\/www.meydan.tv\/wp-content\/uploads\/screenshot-at-apr-28-16-33-03.png","contentUrl":"https:\/\/www.meydan.tv\/wp-content\/uploads\/screenshot-at-apr-28-16-33-03.png","width":1558,"height":870},{"@type":"BreadcrumbList","@id":"https:\/\/www.meydan.tv\/az\/article\/senin-sesin-muharibede-dagilan-evim-hele-de-berpa-edilmeyib%ef%bf%bc\/#breadcrumb","itemListElement":[{"@type":"ListItem","position":1,"name":"Ana s\u0259hif\u0259","item":"https:\/\/www.meydan.tv\/az\/"},{"@type":"ListItem","position":2,"name":"Video","item":"https:\/\/www.meydan.tv\/az\/section\/video-2\/"},{"@type":"ListItem","position":3,"name":"S\u0259nin S\u0259sin: &#8220;M\u00fcharib\u0259d\u0259 da\u011f\u0131lan evim h\u0259l\u0259 d\u0259 b\u0259rpa edilm\u0259yib&#8221;\ufffc"}]},{"@type":"WebSite","@id":"https:\/\/www.meydan.tv\/az\/#website","url":"https:\/\/www.meydan.tv\/az\/","name":"MEYDAN.TV","description":"Meydan TV Az\u0259rbaycan\u0131n media m\u0259kan\u0131ndak\u0131 alternativ s\u0259sidir","publisher":{"@id":"https:\/\/www.meydan.tv\/az\/#organization"},"potentialAction":[{"@type":"SearchAction","target":{"@type":"EntryPoint","urlTemplate":"https:\/\/www.meydan.tv\/az\/?s={search_term_string}"},"query-input":{"@type":"PropertyValueSpecification","valueRequired":true,"valueName":"search_term_string"}}],"inLanguage":"az"},{"@type":"Organization","@id":"https:\/\/www.meydan.tv\/az\/#organization","name":"Meydan TV","url":"https:\/\/www.meydan.tv\/az\/","logo":{"@type":"ImageObject","inLanguage":"az","@id":"https:\/\/www.meydan.tv\/az\/#\/schema\/logo\/image\/","url":"https:\/\/www.meydan.tv\/wp-content\/uploads\/2021\/07\/meydan-logo.svg","contentUrl":"https:\/\/www.meydan.tv\/wp-content\/uploads\/2021\/07\/meydan-logo.svg","width":195,"height":46,"caption":"Meydan TV"},"image":{"@id":"https:\/\/www.meydan.tv\/az\/#\/schema\/logo\/image\/"}},{"@type":"Person","@id":"https:\/\/www.meydan.tv\/az\/#\/schema\/person\/8f23e01c4de63326c13c319fb65ee65d","name":"roma"}]}},"_links":{"self":[{"href":"https:\/\/www.meydan.tv\/az\/wp-json\/wp\/v2\/posts\/243619","targetHints":{"allow":["GET"]}}],"collection":[{"href":"https:\/\/www.meydan.tv\/az\/wp-json\/wp\/v2\/posts"}],"about":[{"href":"https:\/\/www.meydan.tv\/az\/wp-json\/wp\/v2\/types\/post"}],"author":[{"embeddable":true,"href":"https:\/\/www.meydan.tv\/az\/wp-json\/wp\/v2\/users\/14"}],"replies":[{"embeddable":true,"href":"https:\/\/www.meydan.tv\/az\/wp-json\/wp\/v2\/comments?post=243619"}],"version-history":[{"count":1,"href":"https:\/\/www.meydan.tv\/az\/wp-json\/wp\/v2\/posts\/243619\/revisions"}],"predecessor-version":[{"id":243623,"href":"https:\/\/www.meydan.tv\/az\/wp-json\/wp\/v2\/posts\/243619\/revisions\/243623"}],"wp:featuredmedia":[{"embeddable":true,"href":"https:\/\/www.meydan.tv\/az\/wp-json\/wp\/v2\/media\/243620"}],"wp:attachment":[{"href":"https:\/\/www.meydan.tv\/az\/wp-json\/wp\/v2\/media?parent=243619"}],"wp:term":[{"taxonomy":"category","embeddable":true,"href":"https:\/\/www.meydan.tv\/az\/wp-json\/wp\/v2\/categories?post=243619"},{"taxonomy":"post_tag","embeddable":true,"href":"https:\/\/www.meydan.tv\/az\/wp-json\/wp\/v2\/tags?post=243619"}],"curies":[{"name":"wp","href":"https:\/\/api.w.org\/{rel}","templated":true}]}}