{"id":243560,"date":"2022-04-28T14:35:08","date_gmt":"2022-04-28T10:35:08","guid":{"rendered":"https:\/\/www.meydan.tv\/?p=243560"},"modified":"2022-04-28T17:14:48","modified_gmt":"2022-04-28T13:14:48","slug":"milyonlarla-vesaiti-menimsemekde-ittiham-olunan-nazir-muavininin-cezasi-yariya-qeder-azaldildi","status":"publish","type":"post","link":"https:\/\/www.meydan.tv\/az\/article\/milyonlarla-vesaiti-menimsemekde-ittiham-olunan-nazir-muavininin-cezasi-yariya-qeder-azaldildi\/","title":{"rendered":"Nazir m\u00fcavininin c\u0259zas\u0131 yar\u0131ya q\u0259d\u0259r azald\u0131ld\u0131"},"content":{"rendered":"\n<p><\/p>\n\n\n\n<p><em>M\u0259hk\u0259m\u0259 h\u0259bs olunan m\u0259murun da c\u0259zas\u0131n\u0131 yar\u0131ya endirdi<\/em><\/p>\n\n\n\n<p>M\u0259d\u0259niyy\u0259t Nazirliyinin tabeliyind\u0259 olan M\u0259d\u0259ni \u0130rsin Qorunmas\u0131, \u0130nki\u015faf\u0131 v\u0259 B\u0259rpas\u0131 \u00fczr\u0259 D\u00f6vl\u0259t Xidm\u0259tinin ke\u00e7mi\u015f r\u0259isi Zakir Sultanov haqq\u0131nda h\u00f6km d\u0259yi\u015fib. Bak\u0131 Apelyasiya M\u0259hk\u0259m\u0259sind\u0259 hakim R\u0259\u015fad Abdulovun s\u0259drliyil\u0259 \u00e7\u0131xar\u0131lan q\u0259rara \u0259sas\u0259n, onun c\u0259zas\u0131 11 ild\u0259n 5 il 6 aya endirilib.<\/p>\n\n\n\n<p>Hakiml\u0259r onun t\u0259r\u0259find\u0259n yeyinti n\u0259tic\u0259sind\u0259 d\u00f6vl\u0259t\u0259 d\u0259ymi\u015f 5 milyon 338 min 615 manatl\u0131q ziyan\u0131n tam \u00f6d\u0259nilm\u0259sini y\u00fcng\u00fcll\u0259\u015fdirici hal kimi n\u0259z\u0259r\u0259 al\u0131blar.<\/p>\n\n\n\n<p>Zakir Sultanov Cinay\u0259t M\u0259c\u0259ll\u0259sinin 179.4 (x\u00fcsusil\u0259 k\u00fclli miqdarda m\u0259nims\u0259m\u0259 v\u0259 ya israfetm\u0259), 313-c\u00fc (v\u0259zif\u0259 saxtakarl\u0131\u011f\u0131) madd\u0259l\u0259ril\u0259 t\u0259qsirli bilins\u0259 d\u0259, ona qanunvericilikd\u0259 n\u0259z\u0259rd\u0259 tutulan c\u0259zadan da daha a\u015fa\u011f\u0131 h\u0259dd\u0259 c\u0259za t\u0259yin edilib.<\/p>\n\n\n\n<p>Zakir Sultanov tarixi-m\u0259d\u0259niyy\u0259t abid\u0259l\u0259rinin, binalar\u0131n (muzeyl\u0259r v\u0259 s.) t\u0259mir-b\u0259rpas\u0131 zaman\u0131 milyonlarla v\u0259saitin m\u0259nims\u0259nilm\u0259sind\u0259 ittiham olunurdu. Onun h\u0259bsind\u0259n sonra qarda\u015f\u0131 4 milyon na\u011fd pul \u015f\u0259klind\u0259 ziyandan \u00f6d\u0259mi\u015fdi. T\u0259xmin\u0259n 2.5 milyon manatl\u0131q \u0259mlak da ziyan\u0131n \u00f6d\u0259nilm\u0259sin\u0259 y\u00f6n\u0259ldilmi\u015fdi. H\u0259min \u0259mlaklar aras\u0131nda \u201cYap\u0131kredibank\u201dda 600 min avro v\u0259sait, q\u0131z\u0131l t\u0259sbeh v\u0259 sikk\u0259l\u0259r, Zakir Sultanov h\u0259bs olunark\u0259n evind\u0259n v\u0259 i\u015f ota\u011f\u0131ndan tap\u0131lan pullar da var.<\/p>\n\n\n\n<p>Zakir Sultanov DTX \u0259m\u0259kda\u015flar\u0131n\u0131n 2020-ci ilin may\u0131nda M\u0259d\u0259niyy\u0259t Nazirliyind\u0259 ke\u00e7irdiyi \u0259m\u0259liyyat zaman\u0131 nazir m\u00fcavini Rafiq Bayramovla birlikd\u0259 saxlan\u0131l\u0131b. Rafiq Bayramovun i\u015fi \u00fczr\u0259 istintaq yekunla\u015fd\u0131r\u0131l\u0131b, i\u015f m\u0259hk\u0259m\u0259y\u0259 g\u00f6nd\u0259ril\u0259nd\u0259 Zakir Sultanovun i\u015fi ayr\u0131ld\u0131. Rafiq Bayramova Bak\u0131 A\u011f\u0131r Cinay\u0259tl\u0259r M\u0259hk\u0259m\u0259si 8 il h\u0259bs c\u0259zas\u0131 k\u0259sib. Lakin apelyasiya m\u0259hk\u0259m\u0259si c\u0259zan\u0131 4 il\u0259 endirib.<\/p>\n","protected":false},"excerpt":{"rendered":"<p>M\u0259hk\u0259m\u0259 h\u0259bs olunan m\u0259murun da c\u0259zas\u0131n\u0131 yar\u0131ya endirdi M\u0259d\u0259niyy\u0259t Nazirliyinin &#8230; <\/p>\n<p class=\"read-more-container\"><a title=\"Nazir m\u00fcavininin c\u0259zas\u0131 yar\u0131ya q\u0259d\u0259r azald\u0131ld\u0131\" class=\"read-more button\" href=\"https:\/\/www.meydan.tv\/az\/article\/milyonlarla-vesaiti-menimsemekde-ittiham-olunan-nazir-muavininin-cezasi-yariya-qeder-azaldildi\/#more-243560\" aria-label=\"Read more about Nazir m\u00fcavininin c\u0259zas\u0131 yar\u0131ya q\u0259d\u0259r azald\u0131ld\u0131\">Davam\u0131<\/a><\/p>\n","protected":false},"author":8,"featured_media":209021,"comment_status":"closed","ping_status":"closed","sticky":false,"template":"","format":"standard","meta":{"_acf_changed":false,"_sitemap_exclude":false,"_sitemap_priority":"","_sitemap_frequency":"","footnotes":""},"categories":[56],"tags":[],"class_list":["post-243560","post","type-post","status-publish","format-standard","has-post-thumbnail","hentry","category-xeberler","infinite-scroll-item","generate-columns","tablet-grid-50","mobile-grid-100","grid-parent","grid-33","no-featured-image-padding"],"acf":[],"yoast_head":"<!-- This site is optimized with the Yoast SEO plugin v27.4 - https:\/\/yoast.com\/product\/yoast-seo-wordpress\/ -->\n<title>Nazir m\u00fcavininin c\u0259zas\u0131 yar\u0131ya q\u0259d\u0259r azald\u0131ld\u0131 - MEYDAN.TV<\/title>\n<meta name=\"robots\" content=\"index, follow, max-snippet:-1, max-image-preview:large, max-video-preview:-1\" \/>\n<link rel=\"canonical\" href=\"https:\/\/www.meydan.tv\/az\/article\/milyonlarla-vesaiti-menimsemekde-ittiham-olunan-nazir-muavininin-cezasi-yariya-qeder-azaldildi\/\" \/>\n<meta property=\"og:locale\" content=\"az_AZ\" \/>\n<meta property=\"og:type\" content=\"article\" \/>\n<meta property=\"og:title\" content=\"Nazir m\u00fcavininin c\u0259zas\u0131 yar\u0131ya q\u0259d\u0259r azald\u0131ld\u0131 - MEYDAN.TV\" \/>\n<meta property=\"og:description\" content=\"M\u0259hk\u0259m\u0259 h\u0259bs olunan m\u0259murun da c\u0259zas\u0131n\u0131 yar\u0131ya endirdi M\u0259d\u0259niyy\u0259t Nazirliyinin ... Davam\u0131\" \/>\n<meta property=\"og:url\" content=\"https:\/\/www.meydan.tv\/az\/article\/milyonlarla-vesaiti-menimsemekde-ittiham-olunan-nazir-muavininin-cezasi-yariya-qeder-azaldildi\/\" \/>\n<meta property=\"og:site_name\" content=\"MEYDAN.TV\" \/>\n<meta property=\"article:published_time\" content=\"2022-04-28T10:35:08+00:00\" \/>\n<meta property=\"article:modified_time\" content=\"2022-04-28T13:14:48+00:00\" \/>\n<meta property=\"og:image\" content=\"https:\/\/www.meydan.tv\/wp-content\/uploads\/untitled_design_hwvlrje-e1643362393861.png\" \/>\n\t<meta property=\"og:image:width\" content=\"1280\" \/>\n\t<meta property=\"og:image:height\" content=\"518\" \/>\n\t<meta property=\"og:image:type\" content=\"image\/png\" \/>\n<meta name=\"author\" content=\"elli\" \/>\n<meta name=\"twitter:card\" content=\"summary_large_image\" \/>\n<meta name=\"twitter:creator\" content=\"@elli\" \/>\n<script type=\"application\/ld+json\" class=\"yoast-schema-graph\">{\"@context\":\"https:\\\/\\\/schema.org\",\"@graph\":[{\"@type\":\"Article\",\"@id\":\"https:\\\/\\\/www.meydan.tv\\\/az\\\/article\\\/milyonlarla-vesaiti-menimsemekde-ittiham-olunan-nazir-muavininin-cezasi-yariya-qeder-azaldildi\\\/#article\",\"isPartOf\":{\"@id\":\"https:\\\/\\\/www.meydan.tv\\\/az\\\/article\\\/milyonlarla-vesaiti-menimsemekde-ittiham-olunan-nazir-muavininin-cezasi-yariya-qeder-azaldildi\\\/\"},\"author\":{\"name\":\"elli\",\"@id\":\"https:\\\/\\\/www.meydan.tv\\\/az\\\/#\\\/schema\\\/person\\\/9cdbecf90d17180ce1dfbd95b08dcf47\"},\"headline\":\"Nazir m\u00fcavininin c\u0259zas\u0131 yar\u0131ya q\u0259d\u0259r azald\u0131ld\u0131\",\"datePublished\":\"2022-04-28T10:35:08+00:00\",\"dateModified\":\"2022-04-28T13:14:48+00:00\",\"mainEntityOfPage\":{\"@id\":\"https:\\\/\\\/www.meydan.tv\\\/az\\\/article\\\/milyonlarla-vesaiti-menimsemekde-ittiham-olunan-nazir-muavininin-cezasi-yariya-qeder-azaldildi\\\/\"},\"wordCount\":359,\"publisher\":{\"@id\":\"https:\\\/\\\/www.meydan.tv\\\/az\\\/#organization\"},\"image\":{\"@id\":\"https:\\\/\\\/www.meydan.tv\\\/az\\\/article\\\/milyonlarla-vesaiti-menimsemekde-ittiham-olunan-nazir-muavininin-cezasi-yariya-qeder-azaldildi\\\/#primaryimage\"},\"thumbnailUrl\":\"https:\\\/\\\/www.meydan.tv\\\/wp-content\\\/uploads\\\/untitled_design_hwvlrje-e1643362393861.png\",\"articleSection\":[\"X\u0259b\u0259rl\u0259r\"],\"inLanguage\":\"az\"},{\"@type\":\"WebPage\",\"@id\":\"https:\\\/\\\/www.meydan.tv\\\/az\\\/article\\\/milyonlarla-vesaiti-menimsemekde-ittiham-olunan-nazir-muavininin-cezasi-yariya-qeder-azaldildi\\\/\",\"url\":\"https:\\\/\\\/www.meydan.tv\\\/az\\\/article\\\/milyonlarla-vesaiti-menimsemekde-ittiham-olunan-nazir-muavininin-cezasi-yariya-qeder-azaldildi\\\/\",\"name\":\"Nazir m\u00fcavininin c\u0259zas\u0131 yar\u0131ya q\u0259d\u0259r azald\u0131ld\u0131 - MEYDAN.TV\",\"isPartOf\":{\"@id\":\"https:\\\/\\\/www.meydan.tv\\\/az\\\/#website\"},\"primaryImageOfPage\":{\"@id\":\"https:\\\/\\\/www.meydan.tv\\\/az\\\/article\\\/milyonlarla-vesaiti-menimsemekde-ittiham-olunan-nazir-muavininin-cezasi-yariya-qeder-azaldildi\\\/#primaryimage\"},\"image\":{\"@id\":\"https:\\\/\\\/www.meydan.tv\\\/az\\\/article\\\/milyonlarla-vesaiti-menimsemekde-ittiham-olunan-nazir-muavininin-cezasi-yariya-qeder-azaldildi\\\/#primaryimage\"},\"thumbnailUrl\":\"https:\\\/\\\/www.meydan.tv\\\/wp-content\\\/uploads\\\/untitled_design_hwvlrje-e1643362393861.png\",\"datePublished\":\"2022-04-28T10:35:08+00:00\",\"dateModified\":\"2022-04-28T13:14:48+00:00\",\"breadcrumb\":{\"@id\":\"https:\\\/\\\/www.meydan.tv\\\/az\\\/article\\\/milyonlarla-vesaiti-menimsemekde-ittiham-olunan-nazir-muavininin-cezasi-yariya-qeder-azaldildi\\\/#breadcrumb\"},\"inLanguage\":\"az\",\"potentialAction\":[{\"@type\":\"ReadAction\",\"target\":[\"https:\\\/\\\/www.meydan.tv\\\/az\\\/article\\\/milyonlarla-vesaiti-menimsemekde-ittiham-olunan-nazir-muavininin-cezasi-yariya-qeder-azaldildi\\\/\"]}]},{\"@type\":\"ImageObject\",\"inLanguage\":\"az\",\"@id\":\"https:\\\/\\\/www.meydan.tv\\\/az\\\/article\\\/milyonlarla-vesaiti-menimsemekde-ittiham-olunan-nazir-muavininin-cezasi-yariya-qeder-azaldildi\\\/#primaryimage\",\"url\":\"https:\\\/\\\/www.meydan.tv\\\/wp-content\\\/uploads\\\/untitled_design_hwvlrje-e1643362393861.png\",\"contentUrl\":\"https:\\\/\\\/www.meydan.tv\\\/wp-content\\\/uploads\\\/untitled_design_hwvlrje-e1643362393861.png\",\"width\":1280,\"height\":518,\"caption\":\"M\u0259nb\u0259: Banker.az\"},{\"@type\":\"BreadcrumbList\",\"@id\":\"https:\\\/\\\/www.meydan.tv\\\/az\\\/article\\\/milyonlarla-vesaiti-menimsemekde-ittiham-olunan-nazir-muavininin-cezasi-yariya-qeder-azaldildi\\\/#breadcrumb\",\"itemListElement\":[{\"@type\":\"ListItem\",\"position\":1,\"name\":\"Ana s\u0259hif\u0259\",\"item\":\"https:\\\/\\\/www.meydan.tv\\\/az\\\/\"},{\"@type\":\"ListItem\",\"position\":2,\"name\":\"X\u0259b\u0259rl\u0259r\",\"item\":\"https:\\\/\\\/www.meydan.tv\\\/az\\\/section\\\/xeberler\\\/\"},{\"@type\":\"ListItem\",\"position\":3,\"name\":\"Nazir m\u00fcavininin c\u0259zas\u0131 yar\u0131ya q\u0259d\u0259r azald\u0131ld\u0131\"}]},{\"@type\":\"WebSite\",\"@id\":\"https:\\\/\\\/www.meydan.tv\\\/az\\\/#website\",\"url\":\"https:\\\/\\\/www.meydan.tv\\\/az\\\/\",\"name\":\"MEYDAN.TV\",\"description\":\"Meydan TV Az\u0259rbaycan\u0131n media m\u0259kan\u0131ndak\u0131 alternativ s\u0259sidir\",\"publisher\":{\"@id\":\"https:\\\/\\\/www.meydan.tv\\\/az\\\/#organization\"},\"potentialAction\":[{\"@type\":\"SearchAction\",\"target\":{\"@type\":\"EntryPoint\",\"urlTemplate\":\"https:\\\/\\\/www.meydan.tv\\\/az\\\/?s={search_term_string}\"},\"query-input\":{\"@type\":\"PropertyValueSpecification\",\"valueRequired\":true,\"valueName\":\"search_term_string\"}}],\"inLanguage\":\"az\"},{\"@type\":\"Organization\",\"@id\":\"https:\\\/\\\/www.meydan.tv\\\/az\\\/#organization\",\"name\":\"Meydan TV\",\"url\":\"https:\\\/\\\/www.meydan.tv\\\/az\\\/\",\"logo\":{\"@type\":\"ImageObject\",\"inLanguage\":\"az\",\"@id\":\"https:\\\/\\\/www.meydan.tv\\\/az\\\/#\\\/schema\\\/logo\\\/image\\\/\",\"url\":\"https:\\\/\\\/www.meydan.tv\\\/wp-content\\\/uploads\\\/2021\\\/07\\\/meydan-logo.svg\",\"contentUrl\":\"https:\\\/\\\/www.meydan.tv\\\/wp-content\\\/uploads\\\/2021\\\/07\\\/meydan-logo.svg\",\"width\":195,\"height\":46,\"caption\":\"Meydan TV\"},\"image\":{\"@id\":\"https:\\\/\\\/www.meydan.tv\\\/az\\\/#\\\/schema\\\/logo\\\/image\\\/\"}},{\"@type\":\"Person\",\"@id\":\"https:\\\/\\\/www.meydan.tv\\\/az\\\/#\\\/schema\\\/person\\\/9cdbecf90d17180ce1dfbd95b08dcf47\",\"name\":\"elli\",\"sameAs\":[\"https:\\\/\\\/x.com\\\/elli\"]}]}<\/script>\n<!-- \/ Yoast SEO plugin. -->","yoast_head_json":{"title":"Nazir m\u00fcavininin c\u0259zas\u0131 yar\u0131ya q\u0259d\u0259r azald\u0131ld\u0131 - MEYDAN.TV","robots":{"index":"index","follow":"follow","max-snippet":"max-snippet:-1","max-image-preview":"max-image-preview:large","max-video-preview":"max-video-preview:-1"},"canonical":"https:\/\/www.meydan.tv\/az\/article\/milyonlarla-vesaiti-menimsemekde-ittiham-olunan-nazir-muavininin-cezasi-yariya-qeder-azaldildi\/","og_locale":"az_AZ","og_type":"article","og_title":"Nazir m\u00fcavininin c\u0259zas\u0131 yar\u0131ya q\u0259d\u0259r azald\u0131ld\u0131 - MEYDAN.TV","og_description":"M\u0259hk\u0259m\u0259 h\u0259bs olunan m\u0259murun da c\u0259zas\u0131n\u0131 yar\u0131ya endirdi M\u0259d\u0259niyy\u0259t Nazirliyinin ... Davam\u0131","og_url":"https:\/\/www.meydan.tv\/az\/article\/milyonlarla-vesaiti-menimsemekde-ittiham-olunan-nazir-muavininin-cezasi-yariya-qeder-azaldildi\/","og_site_name":"MEYDAN.TV","article_published_time":"2022-04-28T10:35:08+00:00","article_modified_time":"2022-04-28T13:14:48+00:00","og_image":[{"width":1280,"height":518,"url":"https:\/\/www.meydan.tv\/wp-content\/uploads\/untitled_design_hwvlrje-e1643362393861.png","type":"image\/png"}],"author":"elli","twitter_card":"summary_large_image","twitter_creator":"@elli","schema":{"@context":"https:\/\/schema.org","@graph":[{"@type":"Article","@id":"https:\/\/www.meydan.tv\/az\/article\/milyonlarla-vesaiti-menimsemekde-ittiham-olunan-nazir-muavininin-cezasi-yariya-qeder-azaldildi\/#article","isPartOf":{"@id":"https:\/\/www.meydan.tv\/az\/article\/milyonlarla-vesaiti-menimsemekde-ittiham-olunan-nazir-muavininin-cezasi-yariya-qeder-azaldildi\/"},"author":{"name":"elli","@id":"https:\/\/www.meydan.tv\/az\/#\/schema\/person\/9cdbecf90d17180ce1dfbd95b08dcf47"},"headline":"Nazir m\u00fcavininin c\u0259zas\u0131 yar\u0131ya q\u0259d\u0259r azald\u0131ld\u0131","datePublished":"2022-04-28T10:35:08+00:00","dateModified":"2022-04-28T13:14:48+00:00","mainEntityOfPage":{"@id":"https:\/\/www.meydan.tv\/az\/article\/milyonlarla-vesaiti-menimsemekde-ittiham-olunan-nazir-muavininin-cezasi-yariya-qeder-azaldildi\/"},"wordCount":359,"publisher":{"@id":"https:\/\/www.meydan.tv\/az\/#organization"},"image":{"@id":"https:\/\/www.meydan.tv\/az\/article\/milyonlarla-vesaiti-menimsemekde-ittiham-olunan-nazir-muavininin-cezasi-yariya-qeder-azaldildi\/#primaryimage"},"thumbnailUrl":"https:\/\/www.meydan.tv\/wp-content\/uploads\/untitled_design_hwvlrje-e1643362393861.png","articleSection":["X\u0259b\u0259rl\u0259r"],"inLanguage":"az"},{"@type":"WebPage","@id":"https:\/\/www.meydan.tv\/az\/article\/milyonlarla-vesaiti-menimsemekde-ittiham-olunan-nazir-muavininin-cezasi-yariya-qeder-azaldildi\/","url":"https:\/\/www.meydan.tv\/az\/article\/milyonlarla-vesaiti-menimsemekde-ittiham-olunan-nazir-muavininin-cezasi-yariya-qeder-azaldildi\/","name":"Nazir m\u00fcavininin c\u0259zas\u0131 yar\u0131ya q\u0259d\u0259r azald\u0131ld\u0131 - MEYDAN.TV","isPartOf":{"@id":"https:\/\/www.meydan.tv\/az\/#website"},"primaryImageOfPage":{"@id":"https:\/\/www.meydan.tv\/az\/article\/milyonlarla-vesaiti-menimsemekde-ittiham-olunan-nazir-muavininin-cezasi-yariya-qeder-azaldildi\/#primaryimage"},"image":{"@id":"https:\/\/www.meydan.tv\/az\/article\/milyonlarla-vesaiti-menimsemekde-ittiham-olunan-nazir-muavininin-cezasi-yariya-qeder-azaldildi\/#primaryimage"},"thumbnailUrl":"https:\/\/www.meydan.tv\/wp-content\/uploads\/untitled_design_hwvlrje-e1643362393861.png","datePublished":"2022-04-28T10:35:08+00:00","dateModified":"2022-04-28T13:14:48+00:00","breadcrumb":{"@id":"https:\/\/www.meydan.tv\/az\/article\/milyonlarla-vesaiti-menimsemekde-ittiham-olunan-nazir-muavininin-cezasi-yariya-qeder-azaldildi\/#breadcrumb"},"inLanguage":"az","potentialAction":[{"@type":"ReadAction","target":["https:\/\/www.meydan.tv\/az\/article\/milyonlarla-vesaiti-menimsemekde-ittiham-olunan-nazir-muavininin-cezasi-yariya-qeder-azaldildi\/"]}]},{"@type":"ImageObject","inLanguage":"az","@id":"https:\/\/www.meydan.tv\/az\/article\/milyonlarla-vesaiti-menimsemekde-ittiham-olunan-nazir-muavininin-cezasi-yariya-qeder-azaldildi\/#primaryimage","url":"https:\/\/www.meydan.tv\/wp-content\/uploads\/untitled_design_hwvlrje-e1643362393861.png","contentUrl":"https:\/\/www.meydan.tv\/wp-content\/uploads\/untitled_design_hwvlrje-e1643362393861.png","width":1280,"height":518,"caption":"M\u0259nb\u0259: Banker.az"},{"@type":"BreadcrumbList","@id":"https:\/\/www.meydan.tv\/az\/article\/milyonlarla-vesaiti-menimsemekde-ittiham-olunan-nazir-muavininin-cezasi-yariya-qeder-azaldildi\/#breadcrumb","itemListElement":[{"@type":"ListItem","position":1,"name":"Ana s\u0259hif\u0259","item":"https:\/\/www.meydan.tv\/az\/"},{"@type":"ListItem","position":2,"name":"X\u0259b\u0259rl\u0259r","item":"https:\/\/www.meydan.tv\/az\/section\/xeberler\/"},{"@type":"ListItem","position":3,"name":"Nazir m\u00fcavininin c\u0259zas\u0131 yar\u0131ya q\u0259d\u0259r azald\u0131ld\u0131"}]},{"@type":"WebSite","@id":"https:\/\/www.meydan.tv\/az\/#website","url":"https:\/\/www.meydan.tv\/az\/","name":"MEYDAN.TV","description":"Meydan TV Az\u0259rbaycan\u0131n media m\u0259kan\u0131ndak\u0131 alternativ s\u0259sidir","publisher":{"@id":"https:\/\/www.meydan.tv\/az\/#organization"},"potentialAction":[{"@type":"SearchAction","target":{"@type":"EntryPoint","urlTemplate":"https:\/\/www.meydan.tv\/az\/?s={search_term_string}"},"query-input":{"@type":"PropertyValueSpecification","valueRequired":true,"valueName":"search_term_string"}}],"inLanguage":"az"},{"@type":"Organization","@id":"https:\/\/www.meydan.tv\/az\/#organization","name":"Meydan TV","url":"https:\/\/www.meydan.tv\/az\/","logo":{"@type":"ImageObject","inLanguage":"az","@id":"https:\/\/www.meydan.tv\/az\/#\/schema\/logo\/image\/","url":"https:\/\/www.meydan.tv\/wp-content\/uploads\/2021\/07\/meydan-logo.svg","contentUrl":"https:\/\/www.meydan.tv\/wp-content\/uploads\/2021\/07\/meydan-logo.svg","width":195,"height":46,"caption":"Meydan TV"},"image":{"@id":"https:\/\/www.meydan.tv\/az\/#\/schema\/logo\/image\/"}},{"@type":"Person","@id":"https:\/\/www.meydan.tv\/az\/#\/schema\/person\/9cdbecf90d17180ce1dfbd95b08dcf47","name":"elli","sameAs":["https:\/\/x.com\/elli"]}]}},"_links":{"self":[{"href":"https:\/\/www.meydan.tv\/az\/wp-json\/wp\/v2\/posts\/243560","targetHints":{"allow":["GET"]}}],"collection":[{"href":"https:\/\/www.meydan.tv\/az\/wp-json\/wp\/v2\/posts"}],"about":[{"href":"https:\/\/www.meydan.tv\/az\/wp-json\/wp\/v2\/types\/post"}],"author":[{"embeddable":true,"href":"https:\/\/www.meydan.tv\/az\/wp-json\/wp\/v2\/users\/8"}],"replies":[{"embeddable":true,"href":"https:\/\/www.meydan.tv\/az\/wp-json\/wp\/v2\/comments?post=243560"}],"version-history":[{"count":4,"href":"https:\/\/www.meydan.tv\/az\/wp-json\/wp\/v2\/posts\/243560\/revisions"}],"predecessor-version":[{"id":243589,"href":"https:\/\/www.meydan.tv\/az\/wp-json\/wp\/v2\/posts\/243560\/revisions\/243589"}],"wp:featuredmedia":[{"embeddable":true,"href":"https:\/\/www.meydan.tv\/az\/wp-json\/wp\/v2\/media\/209021"}],"wp:attachment":[{"href":"https:\/\/www.meydan.tv\/az\/wp-json\/wp\/v2\/media?parent=243560"}],"wp:term":[{"taxonomy":"category","embeddable":true,"href":"https:\/\/www.meydan.tv\/az\/wp-json\/wp\/v2\/categories?post=243560"},{"taxonomy":"post_tag","embeddable":true,"href":"https:\/\/www.meydan.tv\/az\/wp-json\/wp\/v2\/tags?post=243560"}],"curies":[{"name":"wp","href":"https:\/\/api.w.org\/{rel}","templated":true}]}}