{"id":243509,"date":"2022-04-27T17:56:07","date_gmt":"2022-04-27T13:56:07","guid":{"rendered":"https:\/\/www.meydan.tv\/?p=243509"},"modified":"2022-04-27T17:56:09","modified_gmt":"2022-04-27T13:56:09","slug":"baku-jurnalinin-direktoruna-rusiyada-cinayet-isi-acilib","status":"publish","type":"post","link":"https:\/\/www.meydan.tv\/az\/article\/baku-jurnalinin-direktoruna-rusiyada-cinayet-isi-acilib\/","title":{"rendered":"\u201cBaku\u201d jurnal\u0131n\u0131n direktoruna Rusiyada cinay\u0259t i\u015fi a\u00e7\u0131l\u0131b"},"content":{"rendered":"\n<p><\/p>\n\n\n\n<p><em>R\u00f6v\u015f\u0259n \u018fsg\u0259rov nasizmin reabilitasiyas\u0131nda ittiham olunur<\/em><br><\/p>\n\n\n\n<p>Rusiyada \u201cN\u0259? Harda? N\u0259 vaxt?\u201d televiziya proqram\u0131n\u0131n i\u015ftirak\u00e7\u0131s\u0131, jurnalist R\u00f6v\u015f\u0259n \u018fsg\u0259rova qar\u015f\u0131 nasizmin reabilitasiyas\u0131 ittiham\u0131 il\u0259 cinay\u0259t i\u015fi a\u00e7\u0131l\u0131b.<\/p>\n\n\n\n<p><a href=\"https:\/\/ria.ru\/amp\/20220427\/askerov-1785744867.html\" target=\"_blank\" rel=\"noreferrer noopener\">M\u0259lumat<\/a>\u0131 \u201cR\u0130A Novosti\u201d Rusiyan\u0131n \u0130stintaq Komit\u0259sin\u0259 istinad\u0259n yay\u0131b.<\/p>\n\n\n\n<p>S\u0259b\u0259b R.\u018fsg\u0259rovun aprelin 6-da \u201cFacebook\u201d-da Sovet \u0130ttifaq\u0131n\u0131n mar\u015fal\u0131 Georgi Jukov haqda yazd\u0131\u011f\u0131 statusudur.<\/p>\n\n\n\n<p>\u201cAlmaniyadan qiym\u0259tli \u0259\u015fyalar g\u00f6t\u00fcr\u0259n o\u011fru, &#8220;stajl\u0131 qar\u0259t\u00e7i&#8221; deyir\u201d-R.\u018fsg\u0259rov bel\u0259 yaz\u0131b.<\/p>\n\n\n\n<p>\u201cRusiya Federasiyas\u0131 \u0130stintaq Komit\u0259sinin Ba\u015f \u0130stintaq \u0130dar\u0259si R\u00f6v\u015f\u0259n \u018fsg\u0259rova qar\u015f\u0131 Cinay\u0259t M\u0259c\u0259ll\u0259sinin 354.1-ci madd\u0259sinin 4-c\u00fc hiss\u0259si (Nasizmin reabilitasiyas\u0131) il\u0259 ba\u015flanm\u0131\u015f cinay\u0259t i\u015fini ara\u015fd\u0131r\u0131r\u201d, &#8211; dey\u0259 departamentd\u0259n bildirilib.<\/p>\n\n\n\n<p>\u018fg\u0259r R.\u018fsg\u0259rov t\u0259qsirli bilin\u0259rs\u0259, onu 5 milyon rubla q\u0259d\u0259r c\u0259rim\u0259 v\u0259 ya 6 il\u0259d\u0259k m\u00fcdd\u0259t\u0259 azadl\u0131qdan m\u0259hrumetm\u0259 c\u0259zas\u0131 g\u00f6zl\u0259yir.<\/p>\n\n\n\n<p>49 ya\u015fl\u0131 R\u00f6v\u015f\u0259n \u018fsg\u0259rov Az\u0259rbaycan v\u0259 Rusiya v\u0259t\u0259nda\u015f\u0131d\u0131r, \u0259sas\u0259n Moskvada ya\u015fay\u0131r. 2009-cu ild\u0259n \u201cBaku\u201d jurnal\u0131n\u0131n direktorudur.<br>Jurnal\u0131n ba\u015f redaktoru Heyd\u0259r \u018fliyev Fondunun vitse-prezidenti Leyla \u018fliyevad\u0131r.<\/p>\n","protected":false},"excerpt":{"rendered":"<p>R\u00f6v\u015f\u0259n \u018fsg\u0259rov nasizmin reabilitasiyas\u0131nda ittiham olunur Rusiyada \u201cN\u0259? Harda? N\u0259 &#8230; <\/p>\n<p class=\"read-more-container\"><a title=\"\u201cBaku\u201d jurnal\u0131n\u0131n direktoruna Rusiyada cinay\u0259t i\u015fi a\u00e7\u0131l\u0131b\" class=\"read-more button\" href=\"https:\/\/www.meydan.tv\/az\/article\/baku-jurnalinin-direktoruna-rusiyada-cinayet-isi-acilib\/#more-243509\" aria-label=\"Read more about \u201cBaku\u201d jurnal\u0131n\u0131n direktoruna Rusiyada cinay\u0259t i\u015fi a\u00e7\u0131l\u0131b\">Davam\u0131<\/a><\/p>\n","protected":false},"author":8,"featured_media":243510,"comment_status":"closed","ping_status":"closed","sticky":false,"template":"","format":"standard","meta":{"_acf_changed":false,"_sitemap_exclude":false,"_sitemap_priority":"","_sitemap_frequency":"","footnotes":""},"categories":[59,56],"tags":[],"class_list":["post-243509","post","type-post","status-publish","format-standard","has-post-thumbnail","hentry","category-siyaset","category-xeberler","infinite-scroll-item","generate-columns","tablet-grid-50","mobile-grid-100","grid-parent","grid-33","no-featured-image-padding"],"acf":[],"yoast_head":"<!-- This site is optimized with the Yoast SEO plugin v27.4 - https:\/\/yoast.com\/product\/yoast-seo-wordpress\/ -->\n<title>\u201cBaku\u201d jurnal\u0131n\u0131n direktoruna Rusiyada cinay\u0259t i\u015fi a\u00e7\u0131l\u0131b - MEYDAN.TV<\/title>\n<meta name=\"robots\" content=\"index, follow, max-snippet:-1, max-image-preview:large, max-video-preview:-1\" \/>\n<link rel=\"canonical\" href=\"https:\/\/www.meydan.tv\/az\/article\/baku-jurnalinin-direktoruna-rusiyada-cinayet-isi-acilib\/\" \/>\n<meta property=\"og:locale\" content=\"az_AZ\" \/>\n<meta property=\"og:type\" content=\"article\" \/>\n<meta property=\"og:title\" content=\"\u201cBaku\u201d jurnal\u0131n\u0131n direktoruna Rusiyada cinay\u0259t i\u015fi a\u00e7\u0131l\u0131b - MEYDAN.TV\" \/>\n<meta property=\"og:description\" content=\"R\u00f6v\u015f\u0259n \u018fsg\u0259rov nasizmin reabilitasiyas\u0131nda ittiham olunur Rusiyada \u201cN\u0259? Harda? N\u0259 ... Davam\u0131\" \/>\n<meta property=\"og:url\" content=\"https:\/\/www.meydan.tv\/az\/article\/baku-jurnalinin-direktoruna-rusiyada-cinayet-isi-acilib\/\" \/>\n<meta property=\"og:site_name\" content=\"MEYDAN.TV\" \/>\n<meta property=\"article:published_time\" content=\"2022-04-27T13:56:07+00:00\" \/>\n<meta property=\"article:modified_time\" content=\"2022-04-27T13:56:09+00:00\" \/>\n<meta property=\"og:image\" content=\"https:\/\/www.meydan.tv\/wp-content\/uploads\/rovshan_asgarov_270422-e1651067728807.jpg\" \/>\n\t<meta property=\"og:image:width\" content=\"1200\" \/>\n\t<meta property=\"og:image:height\" content=\"522\" \/>\n\t<meta property=\"og:image:type\" content=\"image\/jpeg\" \/>\n<meta name=\"author\" content=\"elli\" \/>\n<meta name=\"twitter:card\" content=\"summary_large_image\" \/>\n<meta name=\"twitter:creator\" content=\"@elli\" \/>\n<script type=\"application\/ld+json\" class=\"yoast-schema-graph\">{\"@context\":\"https:\\\/\\\/schema.org\",\"@graph\":[{\"@type\":\"Article\",\"@id\":\"https:\\\/\\\/www.meydan.tv\\\/az\\\/article\\\/baku-jurnalinin-direktoruna-rusiyada-cinayet-isi-acilib\\\/#article\",\"isPartOf\":{\"@id\":\"https:\\\/\\\/www.meydan.tv\\\/az\\\/article\\\/baku-jurnalinin-direktoruna-rusiyada-cinayet-isi-acilib\\\/\"},\"author\":{\"name\":\"elli\",\"@id\":\"https:\\\/\\\/www.meydan.tv\\\/az\\\/#\\\/schema\\\/person\\\/9cdbecf90d17180ce1dfbd95b08dcf47\"},\"headline\":\"\u201cBaku\u201d jurnal\u0131n\u0131n direktoruna Rusiyada cinay\u0259t i\u015fi a\u00e7\u0131l\u0131b\",\"datePublished\":\"2022-04-27T13:56:07+00:00\",\"dateModified\":\"2022-04-27T13:56:09+00:00\",\"mainEntityOfPage\":{\"@id\":\"https:\\\/\\\/www.meydan.tv\\\/az\\\/article\\\/baku-jurnalinin-direktoruna-rusiyada-cinayet-isi-acilib\\\/\"},\"wordCount\":230,\"publisher\":{\"@id\":\"https:\\\/\\\/www.meydan.tv\\\/az\\\/#organization\"},\"image\":{\"@id\":\"https:\\\/\\\/www.meydan.tv\\\/az\\\/article\\\/baku-jurnalinin-direktoruna-rusiyada-cinayet-isi-acilib\\\/#primaryimage\"},\"thumbnailUrl\":\"https:\\\/\\\/www.meydan.tv\\\/wp-content\\\/uploads\\\/rovshan_asgarov_270422-e1651067728807.jpg\",\"articleSection\":[\"Siyas\u0259t\",\"X\u0259b\u0259rl\u0259r\"],\"inLanguage\":\"az\"},{\"@type\":\"WebPage\",\"@id\":\"https:\\\/\\\/www.meydan.tv\\\/az\\\/article\\\/baku-jurnalinin-direktoruna-rusiyada-cinayet-isi-acilib\\\/\",\"url\":\"https:\\\/\\\/www.meydan.tv\\\/az\\\/article\\\/baku-jurnalinin-direktoruna-rusiyada-cinayet-isi-acilib\\\/\",\"name\":\"\u201cBaku\u201d jurnal\u0131n\u0131n direktoruna Rusiyada cinay\u0259t i\u015fi a\u00e7\u0131l\u0131b - MEYDAN.TV\",\"isPartOf\":{\"@id\":\"https:\\\/\\\/www.meydan.tv\\\/az\\\/#website\"},\"primaryImageOfPage\":{\"@id\":\"https:\\\/\\\/www.meydan.tv\\\/az\\\/article\\\/baku-jurnalinin-direktoruna-rusiyada-cinayet-isi-acilib\\\/#primaryimage\"},\"image\":{\"@id\":\"https:\\\/\\\/www.meydan.tv\\\/az\\\/article\\\/baku-jurnalinin-direktoruna-rusiyada-cinayet-isi-acilib\\\/#primaryimage\"},\"thumbnailUrl\":\"https:\\\/\\\/www.meydan.tv\\\/wp-content\\\/uploads\\\/rovshan_asgarov_270422-e1651067728807.jpg\",\"datePublished\":\"2022-04-27T13:56:07+00:00\",\"dateModified\":\"2022-04-27T13:56:09+00:00\",\"breadcrumb\":{\"@id\":\"https:\\\/\\\/www.meydan.tv\\\/az\\\/article\\\/baku-jurnalinin-direktoruna-rusiyada-cinayet-isi-acilib\\\/#breadcrumb\"},\"inLanguage\":\"az\",\"potentialAction\":[{\"@type\":\"ReadAction\",\"target\":[\"https:\\\/\\\/www.meydan.tv\\\/az\\\/article\\\/baku-jurnalinin-direktoruna-rusiyada-cinayet-isi-acilib\\\/\"]}]},{\"@type\":\"ImageObject\",\"inLanguage\":\"az\",\"@id\":\"https:\\\/\\\/www.meydan.tv\\\/az\\\/article\\\/baku-jurnalinin-direktoruna-rusiyada-cinayet-isi-acilib\\\/#primaryimage\",\"url\":\"https:\\\/\\\/www.meydan.tv\\\/wp-content\\\/uploads\\\/rovshan_asgarov_270422-e1651067728807.jpg\",\"contentUrl\":\"https:\\\/\\\/www.meydan.tv\\\/wp-content\\\/uploads\\\/rovshan_asgarov_270422-e1651067728807.jpg\",\"width\":1200,\"height\":522,\"caption\":\"R\u00f6v\u015f\u0259n \u018fsg\u0259rov. Foto: \\\"Trend.az\\\"\"},{\"@type\":\"BreadcrumbList\",\"@id\":\"https:\\\/\\\/www.meydan.tv\\\/az\\\/article\\\/baku-jurnalinin-direktoruna-rusiyada-cinayet-isi-acilib\\\/#breadcrumb\",\"itemListElement\":[{\"@type\":\"ListItem\",\"position\":1,\"name\":\"Ana s\u0259hif\u0259\",\"item\":\"https:\\\/\\\/www.meydan.tv\\\/az\\\/\"},{\"@type\":\"ListItem\",\"position\":2,\"name\":\"Siyas\u0259t\",\"item\":\"https:\\\/\\\/www.meydan.tv\\\/az\\\/section\\\/siyaset\\\/\"},{\"@type\":\"ListItem\",\"position\":3,\"name\":\"\u201cBaku\u201d jurnal\u0131n\u0131n direktoruna Rusiyada cinay\u0259t i\u015fi a\u00e7\u0131l\u0131b\"}]},{\"@type\":\"WebSite\",\"@id\":\"https:\\\/\\\/www.meydan.tv\\\/az\\\/#website\",\"url\":\"https:\\\/\\\/www.meydan.tv\\\/az\\\/\",\"name\":\"MEYDAN.TV\",\"description\":\"Meydan TV Az\u0259rbaycan\u0131n media m\u0259kan\u0131ndak\u0131 alternativ s\u0259sidir\",\"publisher\":{\"@id\":\"https:\\\/\\\/www.meydan.tv\\\/az\\\/#organization\"},\"potentialAction\":[{\"@type\":\"SearchAction\",\"target\":{\"@type\":\"EntryPoint\",\"urlTemplate\":\"https:\\\/\\\/www.meydan.tv\\\/az\\\/?s={search_term_string}\"},\"query-input\":{\"@type\":\"PropertyValueSpecification\",\"valueRequired\":true,\"valueName\":\"search_term_string\"}}],\"inLanguage\":\"az\"},{\"@type\":\"Organization\",\"@id\":\"https:\\\/\\\/www.meydan.tv\\\/az\\\/#organization\",\"name\":\"Meydan TV\",\"url\":\"https:\\\/\\\/www.meydan.tv\\\/az\\\/\",\"logo\":{\"@type\":\"ImageObject\",\"inLanguage\":\"az\",\"@id\":\"https:\\\/\\\/www.meydan.tv\\\/az\\\/#\\\/schema\\\/logo\\\/image\\\/\",\"url\":\"https:\\\/\\\/www.meydan.tv\\\/wp-content\\\/uploads\\\/2021\\\/07\\\/meydan-logo.svg\",\"contentUrl\":\"https:\\\/\\\/www.meydan.tv\\\/wp-content\\\/uploads\\\/2021\\\/07\\\/meydan-logo.svg\",\"width\":195,\"height\":46,\"caption\":\"Meydan TV\"},\"image\":{\"@id\":\"https:\\\/\\\/www.meydan.tv\\\/az\\\/#\\\/schema\\\/logo\\\/image\\\/\"}},{\"@type\":\"Person\",\"@id\":\"https:\\\/\\\/www.meydan.tv\\\/az\\\/#\\\/schema\\\/person\\\/9cdbecf90d17180ce1dfbd95b08dcf47\",\"name\":\"elli\",\"sameAs\":[\"https:\\\/\\\/x.com\\\/elli\"]}]}<\/script>\n<!-- \/ Yoast SEO plugin. -->","yoast_head_json":{"title":"\u201cBaku\u201d jurnal\u0131n\u0131n direktoruna Rusiyada cinay\u0259t i\u015fi a\u00e7\u0131l\u0131b - MEYDAN.TV","robots":{"index":"index","follow":"follow","max-snippet":"max-snippet:-1","max-image-preview":"max-image-preview:large","max-video-preview":"max-video-preview:-1"},"canonical":"https:\/\/www.meydan.tv\/az\/article\/baku-jurnalinin-direktoruna-rusiyada-cinayet-isi-acilib\/","og_locale":"az_AZ","og_type":"article","og_title":"\u201cBaku\u201d jurnal\u0131n\u0131n direktoruna Rusiyada cinay\u0259t i\u015fi a\u00e7\u0131l\u0131b - MEYDAN.TV","og_description":"R\u00f6v\u015f\u0259n \u018fsg\u0259rov nasizmin reabilitasiyas\u0131nda ittiham olunur Rusiyada \u201cN\u0259? Harda? N\u0259 ... Davam\u0131","og_url":"https:\/\/www.meydan.tv\/az\/article\/baku-jurnalinin-direktoruna-rusiyada-cinayet-isi-acilib\/","og_site_name":"MEYDAN.TV","article_published_time":"2022-04-27T13:56:07+00:00","article_modified_time":"2022-04-27T13:56:09+00:00","og_image":[{"width":1200,"height":522,"url":"https:\/\/www.meydan.tv\/wp-content\/uploads\/rovshan_asgarov_270422-e1651067728807.jpg","type":"image\/jpeg"}],"author":"elli","twitter_card":"summary_large_image","twitter_creator":"@elli","schema":{"@context":"https:\/\/schema.org","@graph":[{"@type":"Article","@id":"https:\/\/www.meydan.tv\/az\/article\/baku-jurnalinin-direktoruna-rusiyada-cinayet-isi-acilib\/#article","isPartOf":{"@id":"https:\/\/www.meydan.tv\/az\/article\/baku-jurnalinin-direktoruna-rusiyada-cinayet-isi-acilib\/"},"author":{"name":"elli","@id":"https:\/\/www.meydan.tv\/az\/#\/schema\/person\/9cdbecf90d17180ce1dfbd95b08dcf47"},"headline":"\u201cBaku\u201d jurnal\u0131n\u0131n direktoruna Rusiyada cinay\u0259t i\u015fi a\u00e7\u0131l\u0131b","datePublished":"2022-04-27T13:56:07+00:00","dateModified":"2022-04-27T13:56:09+00:00","mainEntityOfPage":{"@id":"https:\/\/www.meydan.tv\/az\/article\/baku-jurnalinin-direktoruna-rusiyada-cinayet-isi-acilib\/"},"wordCount":230,"publisher":{"@id":"https:\/\/www.meydan.tv\/az\/#organization"},"image":{"@id":"https:\/\/www.meydan.tv\/az\/article\/baku-jurnalinin-direktoruna-rusiyada-cinayet-isi-acilib\/#primaryimage"},"thumbnailUrl":"https:\/\/www.meydan.tv\/wp-content\/uploads\/rovshan_asgarov_270422-e1651067728807.jpg","articleSection":["Siyas\u0259t","X\u0259b\u0259rl\u0259r"],"inLanguage":"az"},{"@type":"WebPage","@id":"https:\/\/www.meydan.tv\/az\/article\/baku-jurnalinin-direktoruna-rusiyada-cinayet-isi-acilib\/","url":"https:\/\/www.meydan.tv\/az\/article\/baku-jurnalinin-direktoruna-rusiyada-cinayet-isi-acilib\/","name":"\u201cBaku\u201d jurnal\u0131n\u0131n direktoruna Rusiyada cinay\u0259t i\u015fi a\u00e7\u0131l\u0131b - MEYDAN.TV","isPartOf":{"@id":"https:\/\/www.meydan.tv\/az\/#website"},"primaryImageOfPage":{"@id":"https:\/\/www.meydan.tv\/az\/article\/baku-jurnalinin-direktoruna-rusiyada-cinayet-isi-acilib\/#primaryimage"},"image":{"@id":"https:\/\/www.meydan.tv\/az\/article\/baku-jurnalinin-direktoruna-rusiyada-cinayet-isi-acilib\/#primaryimage"},"thumbnailUrl":"https:\/\/www.meydan.tv\/wp-content\/uploads\/rovshan_asgarov_270422-e1651067728807.jpg","datePublished":"2022-04-27T13:56:07+00:00","dateModified":"2022-04-27T13:56:09+00:00","breadcrumb":{"@id":"https:\/\/www.meydan.tv\/az\/article\/baku-jurnalinin-direktoruna-rusiyada-cinayet-isi-acilib\/#breadcrumb"},"inLanguage":"az","potentialAction":[{"@type":"ReadAction","target":["https:\/\/www.meydan.tv\/az\/article\/baku-jurnalinin-direktoruna-rusiyada-cinayet-isi-acilib\/"]}]},{"@type":"ImageObject","inLanguage":"az","@id":"https:\/\/www.meydan.tv\/az\/article\/baku-jurnalinin-direktoruna-rusiyada-cinayet-isi-acilib\/#primaryimage","url":"https:\/\/www.meydan.tv\/wp-content\/uploads\/rovshan_asgarov_270422-e1651067728807.jpg","contentUrl":"https:\/\/www.meydan.tv\/wp-content\/uploads\/rovshan_asgarov_270422-e1651067728807.jpg","width":1200,"height":522,"caption":"R\u00f6v\u015f\u0259n \u018fsg\u0259rov. Foto: \"Trend.az\""},{"@type":"BreadcrumbList","@id":"https:\/\/www.meydan.tv\/az\/article\/baku-jurnalinin-direktoruna-rusiyada-cinayet-isi-acilib\/#breadcrumb","itemListElement":[{"@type":"ListItem","position":1,"name":"Ana s\u0259hif\u0259","item":"https:\/\/www.meydan.tv\/az\/"},{"@type":"ListItem","position":2,"name":"Siyas\u0259t","item":"https:\/\/www.meydan.tv\/az\/section\/siyaset\/"},{"@type":"ListItem","position":3,"name":"\u201cBaku\u201d jurnal\u0131n\u0131n direktoruna Rusiyada cinay\u0259t i\u015fi a\u00e7\u0131l\u0131b"}]},{"@type":"WebSite","@id":"https:\/\/www.meydan.tv\/az\/#website","url":"https:\/\/www.meydan.tv\/az\/","name":"MEYDAN.TV","description":"Meydan TV Az\u0259rbaycan\u0131n media m\u0259kan\u0131ndak\u0131 alternativ s\u0259sidir","publisher":{"@id":"https:\/\/www.meydan.tv\/az\/#organization"},"potentialAction":[{"@type":"SearchAction","target":{"@type":"EntryPoint","urlTemplate":"https:\/\/www.meydan.tv\/az\/?s={search_term_string}"},"query-input":{"@type":"PropertyValueSpecification","valueRequired":true,"valueName":"search_term_string"}}],"inLanguage":"az"},{"@type":"Organization","@id":"https:\/\/www.meydan.tv\/az\/#organization","name":"Meydan TV","url":"https:\/\/www.meydan.tv\/az\/","logo":{"@type":"ImageObject","inLanguage":"az","@id":"https:\/\/www.meydan.tv\/az\/#\/schema\/logo\/image\/","url":"https:\/\/www.meydan.tv\/wp-content\/uploads\/2021\/07\/meydan-logo.svg","contentUrl":"https:\/\/www.meydan.tv\/wp-content\/uploads\/2021\/07\/meydan-logo.svg","width":195,"height":46,"caption":"Meydan TV"},"image":{"@id":"https:\/\/www.meydan.tv\/az\/#\/schema\/logo\/image\/"}},{"@type":"Person","@id":"https:\/\/www.meydan.tv\/az\/#\/schema\/person\/9cdbecf90d17180ce1dfbd95b08dcf47","name":"elli","sameAs":["https:\/\/x.com\/elli"]}]}},"_links":{"self":[{"href":"https:\/\/www.meydan.tv\/az\/wp-json\/wp\/v2\/posts\/243509","targetHints":{"allow":["GET"]}}],"collection":[{"href":"https:\/\/www.meydan.tv\/az\/wp-json\/wp\/v2\/posts"}],"about":[{"href":"https:\/\/www.meydan.tv\/az\/wp-json\/wp\/v2\/types\/post"}],"author":[{"embeddable":true,"href":"https:\/\/www.meydan.tv\/az\/wp-json\/wp\/v2\/users\/8"}],"replies":[{"embeddable":true,"href":"https:\/\/www.meydan.tv\/az\/wp-json\/wp\/v2\/comments?post=243509"}],"version-history":[{"count":1,"href":"https:\/\/www.meydan.tv\/az\/wp-json\/wp\/v2\/posts\/243509\/revisions"}],"predecessor-version":[{"id":243513,"href":"https:\/\/www.meydan.tv\/az\/wp-json\/wp\/v2\/posts\/243509\/revisions\/243513"}],"wp:featuredmedia":[{"embeddable":true,"href":"https:\/\/www.meydan.tv\/az\/wp-json\/wp\/v2\/media\/243510"}],"wp:attachment":[{"href":"https:\/\/www.meydan.tv\/az\/wp-json\/wp\/v2\/media?parent=243509"}],"wp:term":[{"taxonomy":"category","embeddable":true,"href":"https:\/\/www.meydan.tv\/az\/wp-json\/wp\/v2\/categories?post=243509"},{"taxonomy":"post_tag","embeddable":true,"href":"https:\/\/www.meydan.tv\/az\/wp-json\/wp\/v2\/tags?post=243509"}],"curies":[{"name":"wp","href":"https:\/\/api.w.org\/{rel}","templated":true}]}}