{"id":243464,"date":"2022-04-27T16:02:00","date_gmt":"2022-04-27T12:02:00","guid":{"rendered":"https:\/\/www.meydan.tv\/?p=243464"},"modified":"2022-04-27T17:16:34","modified_gmt":"2022-04-27T13:16:34","slug":"blinken-azerbaycan-qarabagda-veziyyeti-gerginlesirmeye-calisirdi","status":"publish","type":"post","link":"https:\/\/www.meydan.tv\/az\/article\/blinken-azerbaycan-qarabagda-veziyyeti-gerginlesirmeye-calisirdi\/","title":{"rendered":"Blinken: &#8220;Biz v\u0259ziyy\u0259ti g\u0259rginl\u0259\u015fdir\u0259n t\u0259dbirl\u0259r\u0259, x\u00fcsus\u0259n Az\u0259rbaycana mane olma\u011fa \u00e7al\u0131\u015f\u0131rd\u0131q&#8221;"},"content":{"rendered":"\n<figure class=\"wp-block-embed is-type-video is-provider-youtube wp-block-embed-youtube wp-embed-aspect-16-9 wp-has-aspect-ratio\"><div class=\"wp-block-embed__wrapper\">\n<iframe title=\"Blinken: \u201cBiz v\u0259ziyy\u0259ti g\u0259rginl\u0259\u015fdir\u0259n t\u0259dbirl\u0259r\u0259, x\u00fcsus\u0259n Az\u0259rbaycana mane olma\u011fa \u00e7al\u0131\u015f\u0131rd\u0131q\u201d\" width=\"1200\" height=\"675\" data-src=\"https:\/\/www.youtube.com\/embed\/7ov1WnCd0hA?feature=oembed\" frameborder=\"0\" allow=\"accelerometer; autoplay; clipboard-write; encrypted-media; gyroscope; picture-in-picture\" allowfullscreen src=\"data:image\/svg+xml;base64,PHN2ZyB3aWR0aD0iMSIgaGVpZ2h0PSIxIiB4bWxucz0iaHR0cDovL3d3dy53My5vcmcvMjAwMC9zdmciPjwvc3ZnPg==\" class=\"lazyload\" data-load-mode=\"1\"><\/iframe>\n<\/div><\/figure>\n\n\n\n<p><em>Deputat: &#8220;Az\u0259rbaycan v\u0259ziyy\u0259ti g\u0259rginl\u0259\u015fdir\u0259n he\u00e7 bir add\u0131m atmay\u0131b&#8221;<\/em><\/p>\n\n\n\n<p>Aprelin 26-da AB\u015e Senat\u0131nda Azadl\u0131\u011fa D\u0259st\u0259k Akt\u0131na 907-ci d\u00fcz\u0259li\u015fin aqib\u0259ti m\u0259s\u0259l\u0259si m\u00fczakir\u0259 edilib.<\/p>\n\n\n\n<p>D\u00f6vl\u0259t katibi Entoni Blinken xarici \u0259laq\u0259l\u0259r komit\u0259sinin s\u0259dri, senator Bob Menendesin suallar\u0131na cavab ver\u0259rk\u0259n deyib ki, 907-ci d\u00fcz\u0259li\u015f illik q\u0259rard\u0131r: <\/p>\n\n\n\n<p>\u201cBiz idar\u0259l\u0259raras\u0131 yoxlama apar\u0131r\u0131q. Bu yoxlama davam edir\u201d.<\/p>\n\n\n\n<p>Bayden administrasiyas\u0131 \u00f6t\u0259n ilin aprelind\u0259 907-ci d\u00fcz\u0259li\u015fin t\u0259tbiqind\u0259n imtina edib.<\/p>\n\n\n\n<p>N\u00f6vb\u0259ti q\u0259rar\u0131n q\u0259bul edilm\u0259si \u0259r\u0259f\u0259sind\u0259 bu m\u0259s\u0259l\u0259 yenid\u0259n qald\u0131r\u0131l\u0131b.<\/p>\n\n\n\n<p>M\u0259lumat\u0131 &#8220;Turan&#8221; yay\u0131b.<\/p>\n\n\n\n<p>Agentlik bidirib ki, Konqresin 1992-ci ild\u0259 erm\u0259ni lobbisinin t\u0259zyiqi alt\u0131nda q\u0259bul etdiyi bu d\u00fcz\u0259li\u015f AB\u015e-\u0131n Az\u0259rbaycana d\u00f6vl\u0259t yard\u0131m\u0131 g\u00f6st\u0259rm\u0259sini qada\u011fan edir. Ancaq 2002-ci ild\u0259n AB\u015e onun t\u0259tbiqini dondurub v\u0259 h\u0259r il bu q\u0259rar\u0131n m\u00fcdd\u0259ti uzad\u0131l\u0131r.<\/p>\n\n\n\n<p>Blinken Senatda deyib ki, Da\u011fl\u0131q Qaraba\u011f m\u0259s\u0259l\u0259si il\u0259 ba\u011fl\u0131 h\u0259m Erm\u0259nistan, h\u0259m d\u0259 Az\u0259rbaycan r\u0259hb\u0259rliyi il\u0259 \u00e7ox f\u0259al v\u0259 birba\u015fa \u0259m\u0259kda\u015fl\u0131q edir: <\/p>\n\n\n\n<p>\u201cBir h\u0259ft\u0259 \u0259vv\u0259l Ba\u015f nazir Pa\u015finyan v\u0259 Prezident \u018fliyevl\u0259, eyni zamanda, onlar\u0131n xarici i\u015fl\u0259r nazirl\u0259ri il\u0259 telefon s\u00f6hb\u0259tim olub. Biz Da\u011fl\u0131q Qaraba\u011f \u00fczr\u0259 uzunm\u00fcdd\u0259tli siyasi nizamlanman\u0131 ir\u0259lil\u0259tm\u0259y\u0259 \u00e7al\u0131\u015f\u0131r\u0131q. H\u0259m\u00e7inin etimad\u0131n m\u00f6hk\u0259ml\u0259ndirilm\u0259sin\u0259 y\u00f6n\u0259lmi\u015f m\u00fcxt\u0259lif t\u0259dbirl\u0259r haz\u0131rlay\u0131r v\u0259 ir\u0259li s\u00fcr\u00fcr\u00fck\u201d.<\/p>\n\n\n\n<p>\u201cBiz v\u0259ziyy\u0259ti g\u0259rginl\u0259\u015fdir\u0259n ist\u0259nil\u0259n birt\u0259r\u0259fli t\u0259dbirl\u0259r\u0259, x\u00fcsus\u0259n Az\u0259rbaycan t\u0259r\u0259find\u0259n at\u0131lan add\u0131mlara mane olma\u011fa \u00e7al\u0131\u015f\u0131rd\u0131q. Bizim s\u00fclh perspektivl\u0259rini ir\u0259lil\u0259tm\u0259y\u0259 k\u00f6m\u0259k etm\u0259k \u00fc\u00e7\u00fcn bir s\u0131ra proqramlar\u0131m\u0131z var\u201d, &#8211; dey\u0259 Blinken \u0259lav\u0259 edib.<\/p>\n\n\n\n<p><strong>&#8220;V\u0259ziyy\u0259ti g\u0259rginl\u0259\u015fdirm\u0259k Erm\u0259nistan hakimiyy\u0259tinin \u00e7oxdank\u0131 ad\u0259tidir&#8221;<\/strong><\/p>\n\n\n\n<p>Deputat Vahid \u018fhm\u0259dov AB\u015e d\u00f6vl\u0259t katibinin fikriyl\u0259 raz\u0131la\u015fm\u0131r. O, Meydan TV-y\u0259 deyib ki, Az\u0259rbaycan t\u0259r\u0259find\u0259n v\u0259ziyy\u0259ti g\u0259rginl\u0259\u015fdir\u0259n he\u00e7 bir add\u0131m at\u0131lmay\u0131b.<\/p>\n\n\n\n<p>Deputat \u0130lham \u018fliyevin Br\u00fcssel g\u00f6r\u00fc\u015f\u00fcn\u0259 istinad ed\u0259r\u0259k bildirib ki, r\u0259smi Bak\u0131 5 madd\u0259d\u0259n ibar\u0259t t\u0259klifl\u0259r paketini Yerevana t\u0259qdim edib: <\/p>\n\n\n\n<figure class=\"wp-block-image size-full\"><img decoding=\"async\" width=\"864\" height=\"523\" data-src=\"https:\/\/www.meydan.tv\/wp-content\/uploads\/44555.png\" alt=\"Vahid \u018fhm\u0259dov\" class=\"wp-image-111966 lazyload\" src=\"data:image\/svg+xml;base64,PHN2ZyB3aWR0aD0iMSIgaGVpZ2h0PSIxIiB4bWxucz0iaHR0cDovL3d3dy53My5vcmcvMjAwMC9zdmciPjwvc3ZnPg==\" style=\"--smush-placeholder-width: 864px; --smush-placeholder-aspect-ratio: 864\/523;\" \/><figcaption>Vahid \u018fhm\u0259dov, Foto: Meydan TV<\/figcaption><\/figure>\n\n\n\n<p>\u201cD\u00f6vl\u0259t ba\u015f\u00e7\u0131s\u0131 h\u0259m Br\u00fcsseld\u0259n sonra, h\u0259m d\u0259 \u015eu\u015fada bu bar\u0259d\u0259 dan\u0131\u015faraq Erm\u0259nistan\u0131n Ba\u015f nazirind\u0259n cavab g\u00f6zl\u0259diyini bildirdi. Amma \u00e7ox t\u0259\u0259ss\u00fcf ki, Pa\u015finyan Rusiya s\u0259f\u0259rind\u0259n sonra f\u0259rqli m\u00f6vqe s\u0259rgil\u0259di v\u0259 mitinql\u0259r t\u0259\u015fkil etdi&#8221;.<\/p>\n\n\n\n<p>&#8220;M\u0259s\u0259l\u0259 ondad\u0131r ki, Pa\u015finyan \u00f6z\u00fc parlamentd\u0259 5 t\u0259klif\u0259 raz\u0131l\u0131q verdiyini s\u0259sl\u0259ndirmi\u015fdi. \u0130kinci, h\u0259r iki d\u00f6vl\u0259tin xarici i\u015fl\u0259r nazirl\u0259ri telefon dan\u0131\u015f\u0131qlar\u0131 zaman\u0131 birg\u0259 komissiya il\u0259 ba\u011fl\u0131 raz\u0131la\u015f\u0131blar. B\u0259li, Erm\u0259nistan prosesi uzatmaq ist\u0259yir. Ancaq Az\u0259rbaycan\u0131n d\u00f6vl\u0259t ba\u015f\u00e7\u0131s\u0131 q\u0259ti m\u00f6vqe n\u00fcmayi\u015f etdirir. V\u0259ziyy\u0259ti g\u0259rginl\u0259\u015fdirm\u0259k is\u0259 Erm\u0259nistan hakimiyy\u0259tinin \u00e7oxdank\u0131 ad\u0259tidir\u201d, &#8211; deputat bel\u0259 deyib.<\/p>\n\n\n\n<p><strong>&#8220;Blinken g\u0259l\u0259c\u0259kd\u0259n yox, ke\u00e7mi\u015fd\u0259n dan\u0131\u015f\u0131b&#8221;<\/strong><\/p>\n\n\n\n<p>Siyasi \u015f\u0259rh\u00e7i Elman F\u0259ttah Entoni Blinkenin a\u00e7\u0131qlamas\u0131n\u0131n g\u0259l\u0259c\u0259y\u0259 yox, ke\u00e7mi\u015f\u0259 ba\u011fl\u0131 oldu\u011fu q\u0259na\u0259tind\u0259dir: \u201cF\u0259rrux y\u00fcks\u0259kliyind\u0259 Az\u0259rbaycan ordusu ir\u0259lil\u0259mi\u015fdi, y\u0259qin, AB\u015e d\u00f6vl\u0259t katibi bu m\u0259s\u0259l\u0259ni n\u0259z\u0259rd\u0259 tutub. \u00c7\u00fcnki F\u0259rrux da\u011f\u0131nda ir\u0259lil\u0259y\u0259n t\u0259r\u0259f Az\u0259rbaycan idi\u201d.<\/p>\n\n\n\n<p>E.F\u0259ttah hesab edir ki, Blinken Da\u011fl\u0131q Qaraba\u011f probleminin nizamlanmas\u0131 ya\u015f\u0131n\u0131n 30 ili ke\u00e7diyini d\u0259 n\u0259z\u0259r\u0259 almal\u0131d\u0131r: <\/p>\n\n\n\n<figure class=\"wp-block-image size-full\"><img decoding=\"async\" width=\"1024\" height=\"576\" data-src=\"https:\/\/www.meydan.tv\/wp-content\/uploads\/39609.jpg\" alt=\"Elman F\u0259ttah\" class=\"wp-image-100110 lazyload\" src=\"data:image\/svg+xml;base64,PHN2ZyB3aWR0aD0iMSIgaGVpZ2h0PSIxIiB4bWxucz0iaHR0cDovL3d3dy53My5vcmcvMjAwMC9zdmciPjwvc3ZnPg==\" style=\"--smush-placeholder-width: 1024px; --smush-placeholder-aspect-ratio: 1024\/576;\" \/><figcaption>Elman F\u0259ttah. Foto: Azadl\u0131q radiosu <\/figcaption><\/figure>\n\n\n\n<p>\u201cT\u0259\u0259ss\u00fcfl\u0259r olsun ki, 30 ild\u0259 AB\u015e v\u0259 AT\u018fT-nin Minsk Qrupu \u00f6lk\u0259l\u0259rinin f\u0259aliyy\u0259ti m\u00fcnaqi\u015f\u0259nin nizamlanmas\u0131na he\u00e7 bir t\u00f6hf\u0259 verm\u0259yib. Bu bax\u0131mdan Blinken Az\u0259rbaycan\u0131n m\u00fcnaqi\u015f\u0259nin h\u0259llin\u0259 y\u00f6n\u0259lik add\u0131mlar\u0131n\u0131 t\u0259qdir etm\u0259liydi, n\u0259inki naraz\u0131l\u0131qla qar\u015f\u0131lamal\u0131yd\u0131. \u00c7\u00fcnki Az\u0259rbaycan t\u0259r\u0259fi indiy\u0259 q\u0259d\u0259r m\u00fclki \u0259haliy\u0259 qar\u015f\u0131 m\u00fcnasib\u0259td\u0259 \u00e7ox diqq\u0259tli yana\u015f\u0131b, bundan sonra da bel\u0259 davam ed\u0259c\u0259k\u201d.<\/p>\n\n\n\n<p>M\u00fcnaqi\u015f\u0259nin bundan sonrak\u0131 nizamlanmas\u0131na g\u0259linc\u0259, siyasi \u015f\u0259rh\u00e7i deyir ki, Br\u00fcsseld\u0259 ba\u015flanan proses\u0259 daha \u00e7ox \u00fcmidlidir: <\/p>\n\n\n\n<p>\u201c\u00dcmid edir\u0259m ki, Blinken d\u0259 problemin nizamlanmas\u0131n\u0131 30 illik AT\u018fT-nin Minsk Qrupu h\u0259ms\u0259drliyind\u0259n \u00e7\u0131xardaraq daha intensiv masa olan Br\u00fcssel prosesind\u0259 davam etm\u0259sini n\u0259z\u0259rd\u0259 tutub\u201d.<\/p>\n\n\n\n<p><strong>Xat\u0131rlatma<\/strong><\/p>\n\n\n\n<p>Erm\u0259nistanla Az\u0259rbaycan aras\u0131nda sonuncu 44 g\u00fcnl\u00fck silahl\u0131 m\u00fcnaqi\u015f\u0259 2020-ci il noyabr\u0131n 10-da q\u00fcvv\u0259y\u0259 minmi\u015f tam at\u0259\u015fk\u0259s haqq\u0131nda raz\u0131la\u015fma il\u0259 ba\u015fa \u00e7at\u0131b.<\/p>\n\n\n\n<p>Da\u011fl\u0131q Qaraba\u011f v\u0259 \u0259traf b\u00f6lg\u0259l\u0259rd\u0259ki m\u00fcnaqi\u015f\u0259nin tarixi is\u0259 1988-ci il\u0259 dayan\u0131r.<\/p>\n\n\n\n<p>90-c\u0131 ill\u0259rd\u0259 Az\u0259rbaycan-Erm\u0259nistan aras\u0131ndak\u0131 ilk m\u00fcharib\u0259 v\u0259 sonrak\u0131 d\u00f6vrl\u0259rd\u0259 Az\u0259rbaycan t\u0259r\u0259f daim Erm\u0259nistan\u0131 m\u0259d\u0259ni abid\u0259l\u0259rin m\u0259hv edilm\u0259sind\u0259 g\u00fcnahland\u0131r\u0131b.<\/p>\n\n\n\n<p>2020-ci ild\u0259 ba\u015f ver\u0259n \u0130kinci Qaraba\u011f m\u00fcharib\u0259sind\u0259n sonra is\u0259 Az\u0259rbaycan Erm\u0259nistan\u0131 \u015f\u0259h\u0259rl\u0259ri, k\u0259ndl\u0259ri, q\u0259bristanl\u0131qlar\u0131 m\u0259hv etm\u0259kd\u0259 ittiham edib.<\/p>\n","protected":false},"excerpt":{"rendered":"<p>Deputat: &#8220;Az\u0259rbaycan v\u0259ziyy\u0259ti g\u0259rginl\u0259\u015fdir\u0259n he\u00e7 bir add\u0131m atmay\u0131b&#8221; Aprelin 26-da &#8230; <\/p>\n<p class=\"read-more-container\"><a title=\"Blinken: &#8220;Biz v\u0259ziyy\u0259ti g\u0259rginl\u0259\u015fdir\u0259n t\u0259dbirl\u0259r\u0259, x\u00fcsus\u0259n Az\u0259rbaycana mane olma\u011fa \u00e7al\u0131\u015f\u0131rd\u0131q&#8221;\" class=\"read-more button\" href=\"https:\/\/www.meydan.tv\/az\/article\/blinken-azerbaycan-qarabagda-veziyyeti-gerginlesirmeye-calisirdi\/#more-243464\" aria-label=\"Read more about Blinken: &#8220;Biz v\u0259ziyy\u0259ti g\u0259rginl\u0259\u015fdir\u0259n t\u0259dbirl\u0259r\u0259, x\u00fcsus\u0259n Az\u0259rbaycana mane olma\u011fa \u00e7al\u0131\u015f\u0131rd\u0131q&#8221;\">Davam\u0131<\/a><\/p>\n","protected":false},"author":8,"featured_media":243465,"comment_status":"closed","ping_status":"closed","sticky":false,"template":"","format":"standard","meta":{"_acf_changed":false,"_sitemap_exclude":false,"_sitemap_priority":"","_sitemap_frequency":"","footnotes":""},"categories":[59,79,63,56],"tags":[],"class_list":["post-243464","post","type-post","status-publish","format-standard","has-post-thumbnail","hentry","category-siyaset","category-featured","category-video-2","category-xeberler","infinite-scroll-item","generate-columns","tablet-grid-50","mobile-grid-100","grid-parent","grid-33","no-featured-image-padding"],"acf":[],"yoast_head":"<!-- This site is optimized with the Yoast SEO plugin v27.5 - https:\/\/yoast.com\/product\/yoast-seo-wordpress\/ -->\n<title>Blinken: &quot;Biz v\u0259ziyy\u0259ti g\u0259rginl\u0259\u015fdir\u0259n t\u0259dbirl\u0259r\u0259, x\u00fcsus\u0259n Az\u0259rbaycana mane olma\u011fa \u00e7al\u0131\u015f\u0131rd\u0131q&quot; - MEYDAN.TV<\/title>\n<meta name=\"robots\" content=\"index, follow, max-snippet:-1, max-image-preview:large, max-video-preview:-1\" \/>\n<link rel=\"canonical\" href=\"https:\/\/www.meydan.tv\/az\/article\/blinken-azerbaycan-qarabagda-veziyyeti-gerginlesirmeye-calisirdi\/\" \/>\n<meta property=\"og:locale\" content=\"az_AZ\" \/>\n<meta property=\"og:type\" content=\"article\" \/>\n<meta property=\"og:title\" content=\"Blinken: &quot;Biz v\u0259ziyy\u0259ti g\u0259rginl\u0259\u015fdir\u0259n t\u0259dbirl\u0259r\u0259, x\u00fcsus\u0259n Az\u0259rbaycana mane olma\u011fa \u00e7al\u0131\u015f\u0131rd\u0131q&quot; - MEYDAN.TV\" \/>\n<meta property=\"og:description\" content=\"Deputat: &#8220;Az\u0259rbaycan v\u0259ziyy\u0259ti g\u0259rginl\u0259\u015fdir\u0259n he\u00e7 bir add\u0131m atmay\u0131b&#8221; Aprelin 26-da ... Davam\u0131\" \/>\n<meta property=\"og:url\" content=\"https:\/\/www.meydan.tv\/az\/article\/blinken-azerbaycan-qarabagda-veziyyeti-gerginlesirmeye-calisirdi\/\" \/>\n<meta property=\"og:site_name\" content=\"MEYDAN.TV\" \/>\n<meta property=\"article:published_time\" content=\"2022-04-27T12:02:00+00:00\" \/>\n<meta property=\"article:modified_time\" content=\"2022-04-27T13:16:34+00:00\" \/>\n<meta property=\"og:image\" content=\"https:\/\/www.meydan.tv\/wp-content\/uploads\/ap21095701991338-e1651059547950.jpg\" \/>\n\t<meta property=\"og:image:width\" content=\"1200\" \/>\n\t<meta property=\"og:image:height\" content=\"597\" \/>\n\t<meta property=\"og:image:type\" content=\"image\/jpeg\" \/>\n<meta name=\"author\" content=\"elli\" \/>\n<meta name=\"twitter:card\" content=\"summary_large_image\" \/>\n<meta name=\"twitter:creator\" content=\"@elli\" \/>\n<script type=\"application\/ld+json\" class=\"yoast-schema-graph\">{\"@context\":\"https:\\\/\\\/schema.org\",\"@graph\":[{\"@type\":\"Article\",\"@id\":\"https:\\\/\\\/www.meydan.tv\\\/az\\\/article\\\/blinken-azerbaycan-qarabagda-veziyyeti-gerginlesirmeye-calisirdi\\\/#article\",\"isPartOf\":{\"@id\":\"https:\\\/\\\/www.meydan.tv\\\/az\\\/article\\\/blinken-azerbaycan-qarabagda-veziyyeti-gerginlesirmeye-calisirdi\\\/\"},\"author\":{\"name\":\"elli\",\"@id\":\"https:\\\/\\\/www.meydan.tv\\\/az\\\/#\\\/schema\\\/person\\\/9cdbecf90d17180ce1dfbd95b08dcf47\"},\"headline\":\"Blinken: &#8220;Biz v\u0259ziyy\u0259ti g\u0259rginl\u0259\u015fdir\u0259n t\u0259dbirl\u0259r\u0259, x\u00fcsus\u0259n Az\u0259rbaycana mane olma\u011fa \u00e7al\u0131\u015f\u0131rd\u0131q&#8221;\",\"datePublished\":\"2022-04-27T12:02:00+00:00\",\"dateModified\":\"2022-04-27T13:16:34+00:00\",\"mainEntityOfPage\":{\"@id\":\"https:\\\/\\\/www.meydan.tv\\\/az\\\/article\\\/blinken-azerbaycan-qarabagda-veziyyeti-gerginlesirmeye-calisirdi\\\/\"},\"wordCount\":1022,\"publisher\":{\"@id\":\"https:\\\/\\\/www.meydan.tv\\\/az\\\/#organization\"},\"image\":{\"@id\":\"https:\\\/\\\/www.meydan.tv\\\/az\\\/article\\\/blinken-azerbaycan-qarabagda-veziyyeti-gerginlesirmeye-calisirdi\\\/#primaryimage\"},\"thumbnailUrl\":\"https:\\\/\\\/www.meydan.tv\\\/wp-content\\\/uploads\\\/ap21095701991338-e1651059547950.jpg\",\"articleSection\":[\"Siyas\u0259t\",\"T\u00f6vsiy\u0259\",\"Video\",\"X\u0259b\u0259rl\u0259r\"],\"inLanguage\":\"az\"},{\"@type\":\"WebPage\",\"@id\":\"https:\\\/\\\/www.meydan.tv\\\/az\\\/article\\\/blinken-azerbaycan-qarabagda-veziyyeti-gerginlesirmeye-calisirdi\\\/\",\"url\":\"https:\\\/\\\/www.meydan.tv\\\/az\\\/article\\\/blinken-azerbaycan-qarabagda-veziyyeti-gerginlesirmeye-calisirdi\\\/\",\"name\":\"Blinken: \\\"Biz v\u0259ziyy\u0259ti g\u0259rginl\u0259\u015fdir\u0259n t\u0259dbirl\u0259r\u0259, x\u00fcsus\u0259n Az\u0259rbaycana mane olma\u011fa \u00e7al\u0131\u015f\u0131rd\u0131q\\\" - MEYDAN.TV\",\"isPartOf\":{\"@id\":\"https:\\\/\\\/www.meydan.tv\\\/az\\\/#website\"},\"primaryImageOfPage\":{\"@id\":\"https:\\\/\\\/www.meydan.tv\\\/az\\\/article\\\/blinken-azerbaycan-qarabagda-veziyyeti-gerginlesirmeye-calisirdi\\\/#primaryimage\"},\"image\":{\"@id\":\"https:\\\/\\\/www.meydan.tv\\\/az\\\/article\\\/blinken-azerbaycan-qarabagda-veziyyeti-gerginlesirmeye-calisirdi\\\/#primaryimage\"},\"thumbnailUrl\":\"https:\\\/\\\/www.meydan.tv\\\/wp-content\\\/uploads\\\/ap21095701991338-e1651059547950.jpg\",\"datePublished\":\"2022-04-27T12:02:00+00:00\",\"dateModified\":\"2022-04-27T13:16:34+00:00\",\"breadcrumb\":{\"@id\":\"https:\\\/\\\/www.meydan.tv\\\/az\\\/article\\\/blinken-azerbaycan-qarabagda-veziyyeti-gerginlesirmeye-calisirdi\\\/#breadcrumb\"},\"inLanguage\":\"az\",\"potentialAction\":[{\"@type\":\"ReadAction\",\"target\":[\"https:\\\/\\\/www.meydan.tv\\\/az\\\/article\\\/blinken-azerbaycan-qarabagda-veziyyeti-gerginlesirmeye-calisirdi\\\/\"]}]},{\"@type\":\"ImageObject\",\"inLanguage\":\"az\",\"@id\":\"https:\\\/\\\/www.meydan.tv\\\/az\\\/article\\\/blinken-azerbaycan-qarabagda-veziyyeti-gerginlesirmeye-calisirdi\\\/#primaryimage\",\"url\":\"https:\\\/\\\/www.meydan.tv\\\/wp-content\\\/uploads\\\/ap21095701991338-e1651059547950.jpg\",\"contentUrl\":\"https:\\\/\\\/www.meydan.tv\\\/wp-content\\\/uploads\\\/ap21095701991338-e1651059547950.jpg\",\"width\":1200,\"height\":597,\"caption\":\"Entoni Blinken. Foto: Al Drago\\\/Pool via AP\"},{\"@type\":\"BreadcrumbList\",\"@id\":\"https:\\\/\\\/www.meydan.tv\\\/az\\\/article\\\/blinken-azerbaycan-qarabagda-veziyyeti-gerginlesirmeye-calisirdi\\\/#breadcrumb\",\"itemListElement\":[{\"@type\":\"ListItem\",\"position\":1,\"name\":\"Ana s\u0259hif\u0259\",\"item\":\"https:\\\/\\\/www.meydan.tv\\\/az\\\/\"},{\"@type\":\"ListItem\",\"position\":2,\"name\":\"Siyas\u0259t\",\"item\":\"https:\\\/\\\/www.meydan.tv\\\/az\\\/section\\\/siyaset\\\/\"},{\"@type\":\"ListItem\",\"position\":3,\"name\":\"Blinken: &#8220;Biz v\u0259ziyy\u0259ti g\u0259rginl\u0259\u015fdir\u0259n t\u0259dbirl\u0259r\u0259, x\u00fcsus\u0259n Az\u0259rbaycana mane olma\u011fa \u00e7al\u0131\u015f\u0131rd\u0131q&#8221;\"}]},{\"@type\":\"WebSite\",\"@id\":\"https:\\\/\\\/www.meydan.tv\\\/az\\\/#website\",\"url\":\"https:\\\/\\\/www.meydan.tv\\\/az\\\/\",\"name\":\"MEYDAN.TV\",\"description\":\"Meydan TV Az\u0259rbaycan\u0131n media m\u0259kan\u0131ndak\u0131 alternativ s\u0259sidir\",\"publisher\":{\"@id\":\"https:\\\/\\\/www.meydan.tv\\\/az\\\/#organization\"},\"potentialAction\":[{\"@type\":\"SearchAction\",\"target\":{\"@type\":\"EntryPoint\",\"urlTemplate\":\"https:\\\/\\\/www.meydan.tv\\\/az\\\/?s={search_term_string}\"},\"query-input\":{\"@type\":\"PropertyValueSpecification\",\"valueRequired\":true,\"valueName\":\"search_term_string\"}}],\"inLanguage\":\"az\"},{\"@type\":\"Organization\",\"@id\":\"https:\\\/\\\/www.meydan.tv\\\/az\\\/#organization\",\"name\":\"Meydan TV\",\"url\":\"https:\\\/\\\/www.meydan.tv\\\/az\\\/\",\"logo\":{\"@type\":\"ImageObject\",\"inLanguage\":\"az\",\"@id\":\"https:\\\/\\\/www.meydan.tv\\\/az\\\/#\\\/schema\\\/logo\\\/image\\\/\",\"url\":\"https:\\\/\\\/www.meydan.tv\\\/wp-content\\\/uploads\\\/2021\\\/07\\\/meydan-logo.svg\",\"contentUrl\":\"https:\\\/\\\/www.meydan.tv\\\/wp-content\\\/uploads\\\/2021\\\/07\\\/meydan-logo.svg\",\"width\":195,\"height\":46,\"caption\":\"Meydan TV\"},\"image\":{\"@id\":\"https:\\\/\\\/www.meydan.tv\\\/az\\\/#\\\/schema\\\/logo\\\/image\\\/\"}},{\"@type\":\"Person\",\"@id\":\"https:\\\/\\\/www.meydan.tv\\\/az\\\/#\\\/schema\\\/person\\\/9cdbecf90d17180ce1dfbd95b08dcf47\",\"name\":\"elli\",\"sameAs\":[\"https:\\\/\\\/x.com\\\/elli\"]}]}<\/script>\n<!-- \/ Yoast SEO plugin. -->","yoast_head_json":{"title":"Blinken: \"Biz v\u0259ziyy\u0259ti g\u0259rginl\u0259\u015fdir\u0259n t\u0259dbirl\u0259r\u0259, x\u00fcsus\u0259n Az\u0259rbaycana mane olma\u011fa \u00e7al\u0131\u015f\u0131rd\u0131q\" - MEYDAN.TV","robots":{"index":"index","follow":"follow","max-snippet":"max-snippet:-1","max-image-preview":"max-image-preview:large","max-video-preview":"max-video-preview:-1"},"canonical":"https:\/\/www.meydan.tv\/az\/article\/blinken-azerbaycan-qarabagda-veziyyeti-gerginlesirmeye-calisirdi\/","og_locale":"az_AZ","og_type":"article","og_title":"Blinken: \"Biz v\u0259ziyy\u0259ti g\u0259rginl\u0259\u015fdir\u0259n t\u0259dbirl\u0259r\u0259, x\u00fcsus\u0259n Az\u0259rbaycana mane olma\u011fa \u00e7al\u0131\u015f\u0131rd\u0131q\" - MEYDAN.TV","og_description":"Deputat: &#8220;Az\u0259rbaycan v\u0259ziyy\u0259ti g\u0259rginl\u0259\u015fdir\u0259n he\u00e7 bir add\u0131m atmay\u0131b&#8221; Aprelin 26-da ... Davam\u0131","og_url":"https:\/\/www.meydan.tv\/az\/article\/blinken-azerbaycan-qarabagda-veziyyeti-gerginlesirmeye-calisirdi\/","og_site_name":"MEYDAN.TV","article_published_time":"2022-04-27T12:02:00+00:00","article_modified_time":"2022-04-27T13:16:34+00:00","og_image":[{"width":1200,"height":597,"url":"https:\/\/www.meydan.tv\/wp-content\/uploads\/ap21095701991338-e1651059547950.jpg","type":"image\/jpeg"}],"author":"elli","twitter_card":"summary_large_image","twitter_creator":"@elli","schema":{"@context":"https:\/\/schema.org","@graph":[{"@type":"Article","@id":"https:\/\/www.meydan.tv\/az\/article\/blinken-azerbaycan-qarabagda-veziyyeti-gerginlesirmeye-calisirdi\/#article","isPartOf":{"@id":"https:\/\/www.meydan.tv\/az\/article\/blinken-azerbaycan-qarabagda-veziyyeti-gerginlesirmeye-calisirdi\/"},"author":{"name":"elli","@id":"https:\/\/www.meydan.tv\/az\/#\/schema\/person\/9cdbecf90d17180ce1dfbd95b08dcf47"},"headline":"Blinken: &#8220;Biz v\u0259ziyy\u0259ti g\u0259rginl\u0259\u015fdir\u0259n t\u0259dbirl\u0259r\u0259, x\u00fcsus\u0259n Az\u0259rbaycana mane olma\u011fa \u00e7al\u0131\u015f\u0131rd\u0131q&#8221;","datePublished":"2022-04-27T12:02:00+00:00","dateModified":"2022-04-27T13:16:34+00:00","mainEntityOfPage":{"@id":"https:\/\/www.meydan.tv\/az\/article\/blinken-azerbaycan-qarabagda-veziyyeti-gerginlesirmeye-calisirdi\/"},"wordCount":1022,"publisher":{"@id":"https:\/\/www.meydan.tv\/az\/#organization"},"image":{"@id":"https:\/\/www.meydan.tv\/az\/article\/blinken-azerbaycan-qarabagda-veziyyeti-gerginlesirmeye-calisirdi\/#primaryimage"},"thumbnailUrl":"https:\/\/www.meydan.tv\/wp-content\/uploads\/ap21095701991338-e1651059547950.jpg","articleSection":["Siyas\u0259t","T\u00f6vsiy\u0259","Video","X\u0259b\u0259rl\u0259r"],"inLanguage":"az"},{"@type":"WebPage","@id":"https:\/\/www.meydan.tv\/az\/article\/blinken-azerbaycan-qarabagda-veziyyeti-gerginlesirmeye-calisirdi\/","url":"https:\/\/www.meydan.tv\/az\/article\/blinken-azerbaycan-qarabagda-veziyyeti-gerginlesirmeye-calisirdi\/","name":"Blinken: \"Biz v\u0259ziyy\u0259ti g\u0259rginl\u0259\u015fdir\u0259n t\u0259dbirl\u0259r\u0259, x\u00fcsus\u0259n Az\u0259rbaycana mane olma\u011fa \u00e7al\u0131\u015f\u0131rd\u0131q\" - MEYDAN.TV","isPartOf":{"@id":"https:\/\/www.meydan.tv\/az\/#website"},"primaryImageOfPage":{"@id":"https:\/\/www.meydan.tv\/az\/article\/blinken-azerbaycan-qarabagda-veziyyeti-gerginlesirmeye-calisirdi\/#primaryimage"},"image":{"@id":"https:\/\/www.meydan.tv\/az\/article\/blinken-azerbaycan-qarabagda-veziyyeti-gerginlesirmeye-calisirdi\/#primaryimage"},"thumbnailUrl":"https:\/\/www.meydan.tv\/wp-content\/uploads\/ap21095701991338-e1651059547950.jpg","datePublished":"2022-04-27T12:02:00+00:00","dateModified":"2022-04-27T13:16:34+00:00","breadcrumb":{"@id":"https:\/\/www.meydan.tv\/az\/article\/blinken-azerbaycan-qarabagda-veziyyeti-gerginlesirmeye-calisirdi\/#breadcrumb"},"inLanguage":"az","potentialAction":[{"@type":"ReadAction","target":["https:\/\/www.meydan.tv\/az\/article\/blinken-azerbaycan-qarabagda-veziyyeti-gerginlesirmeye-calisirdi\/"]}]},{"@type":"ImageObject","inLanguage":"az","@id":"https:\/\/www.meydan.tv\/az\/article\/blinken-azerbaycan-qarabagda-veziyyeti-gerginlesirmeye-calisirdi\/#primaryimage","url":"https:\/\/www.meydan.tv\/wp-content\/uploads\/ap21095701991338-e1651059547950.jpg","contentUrl":"https:\/\/www.meydan.tv\/wp-content\/uploads\/ap21095701991338-e1651059547950.jpg","width":1200,"height":597,"caption":"Entoni Blinken. Foto: Al Drago\/Pool via AP"},{"@type":"BreadcrumbList","@id":"https:\/\/www.meydan.tv\/az\/article\/blinken-azerbaycan-qarabagda-veziyyeti-gerginlesirmeye-calisirdi\/#breadcrumb","itemListElement":[{"@type":"ListItem","position":1,"name":"Ana s\u0259hif\u0259","item":"https:\/\/www.meydan.tv\/az\/"},{"@type":"ListItem","position":2,"name":"Siyas\u0259t","item":"https:\/\/www.meydan.tv\/az\/section\/siyaset\/"},{"@type":"ListItem","position":3,"name":"Blinken: &#8220;Biz v\u0259ziyy\u0259ti g\u0259rginl\u0259\u015fdir\u0259n t\u0259dbirl\u0259r\u0259, x\u00fcsus\u0259n Az\u0259rbaycana mane olma\u011fa \u00e7al\u0131\u015f\u0131rd\u0131q&#8221;"}]},{"@type":"WebSite","@id":"https:\/\/www.meydan.tv\/az\/#website","url":"https:\/\/www.meydan.tv\/az\/","name":"MEYDAN.TV","description":"Meydan TV Az\u0259rbaycan\u0131n media m\u0259kan\u0131ndak\u0131 alternativ s\u0259sidir","publisher":{"@id":"https:\/\/www.meydan.tv\/az\/#organization"},"potentialAction":[{"@type":"SearchAction","target":{"@type":"EntryPoint","urlTemplate":"https:\/\/www.meydan.tv\/az\/?s={search_term_string}"},"query-input":{"@type":"PropertyValueSpecification","valueRequired":true,"valueName":"search_term_string"}}],"inLanguage":"az"},{"@type":"Organization","@id":"https:\/\/www.meydan.tv\/az\/#organization","name":"Meydan TV","url":"https:\/\/www.meydan.tv\/az\/","logo":{"@type":"ImageObject","inLanguage":"az","@id":"https:\/\/www.meydan.tv\/az\/#\/schema\/logo\/image\/","url":"https:\/\/www.meydan.tv\/wp-content\/uploads\/2021\/07\/meydan-logo.svg","contentUrl":"https:\/\/www.meydan.tv\/wp-content\/uploads\/2021\/07\/meydan-logo.svg","width":195,"height":46,"caption":"Meydan TV"},"image":{"@id":"https:\/\/www.meydan.tv\/az\/#\/schema\/logo\/image\/"}},{"@type":"Person","@id":"https:\/\/www.meydan.tv\/az\/#\/schema\/person\/9cdbecf90d17180ce1dfbd95b08dcf47","name":"elli","sameAs":["https:\/\/x.com\/elli"]}]}},"_links":{"self":[{"href":"https:\/\/www.meydan.tv\/az\/wp-json\/wp\/v2\/posts\/243464","targetHints":{"allow":["GET"]}}],"collection":[{"href":"https:\/\/www.meydan.tv\/az\/wp-json\/wp\/v2\/posts"}],"about":[{"href":"https:\/\/www.meydan.tv\/az\/wp-json\/wp\/v2\/types\/post"}],"author":[{"embeddable":true,"href":"https:\/\/www.meydan.tv\/az\/wp-json\/wp\/v2\/users\/8"}],"replies":[{"embeddable":true,"href":"https:\/\/www.meydan.tv\/az\/wp-json\/wp\/v2\/comments?post=243464"}],"version-history":[{"count":3,"href":"https:\/\/www.meydan.tv\/az\/wp-json\/wp\/v2\/posts\/243464\/revisions"}],"predecessor-version":[{"id":243496,"href":"https:\/\/www.meydan.tv\/az\/wp-json\/wp\/v2\/posts\/243464\/revisions\/243496"}],"wp:featuredmedia":[{"embeddable":true,"href":"https:\/\/www.meydan.tv\/az\/wp-json\/wp\/v2\/media\/243465"}],"wp:attachment":[{"href":"https:\/\/www.meydan.tv\/az\/wp-json\/wp\/v2\/media?parent=243464"}],"wp:term":[{"taxonomy":"category","embeddable":true,"href":"https:\/\/www.meydan.tv\/az\/wp-json\/wp\/v2\/categories?post=243464"},{"taxonomy":"post_tag","embeddable":true,"href":"https:\/\/www.meydan.tv\/az\/wp-json\/wp\/v2\/tags?post=243464"}],"curies":[{"name":"wp","href":"https:\/\/api.w.org\/{rel}","templated":true}]}}