{"id":243447,"date":"2022-04-27T14:54:06","date_gmt":"2022-04-27T10:54:06","guid":{"rendered":"https:\/\/www.meydan.tv\/?p=243447"},"modified":"2022-04-27T14:54:09","modified_gmt":"2022-04-27T10:54:09","slug":"sumqayit-sakinleri-heyetyani-sahenin-dagidilmasina-etiraz-edir","status":"publish","type":"post","link":"https:\/\/www.meydan.tv\/az\/article\/sumqayit-sakinleri-heyetyani-sahenin-dagidilmasina-etiraz-edir\/","title":{"rendered":"Sumqay\u0131t sakinl\u0259ri h\u0259y\u0259tyan\u0131 sah\u0259nin da\u011f\u0131d\u0131lmas\u0131na etiraz edir"},"content":{"rendered":"\n<figure class=\"wp-block-embed is-type-video is-provider-youtube wp-block-embed-youtube wp-embed-aspect-16-9 wp-has-aspect-ratio\"><div class=\"wp-block-embed__wrapper\">\n<iframe title=\"Sumqay\u0131t sakinl\u0259ri h\u0259y\u0259tl\u0259rind\u0259 apar\u0131lan tikintiy\u0259 etiraz edirl\u0259r\" width=\"1200\" height=\"675\" data-src=\"https:\/\/www.youtube.com\/embed\/CQ0iKUKoVjY?feature=oembed\" frameborder=\"0\" allow=\"accelerometer; autoplay; clipboard-write; encrypted-media; gyroscope; picture-in-picture\" allowfullscreen src=\"data:image\/svg+xml;base64,PHN2ZyB3aWR0aD0iMSIgaGVpZ2h0PSIxIiB4bWxucz0iaHR0cDovL3d3dy53My5vcmcvMjAwMC9zdmciPjwvc3ZnPg==\" class=\"lazyload\" data-load-mode=\"1\"><\/iframe>\n<\/div><\/figure>\n\n\n\n<p><em>\u201cTikintiy\u0259 etiraz etdiyimiz \u00fc\u00e7\u00fcn h\u0259d\u0259l\u0259nirik\u201d<\/em><br><br>Sumqay\u0131t \u015f\u0259h\u0259ri, 1-ci mikrorayon, 122-ci binada ya\u015fayan sakinl\u0259r h\u0259y\u0259tl\u0259rind\u0259 apar\u0131lan tikintiy\u0259 etiraz ed\u0259r\u0259k m\u0259h\u0259ll\u0259y\u0259 topla\u015f\u0131blar. Onlar\u0131n s\u00f6zl\u0259rin\u0259 g\u00f6r\u0259, bu tikili h\u0259y\u0259td\u0259ki ya\u015f\u0131ll\u0131q sah\u0259si &#8211; ki\u00e7ik park\u0131n m\u0259hvin\u0259 s\u0259b\u0259b olur. Sakinl\u0259r deyirl\u0259r ki, d\u0259f\u0259l\u0259rl\u0259 bu bar\u0259d\u0259 Sumqay\u0131t \u015e\u0259h\u0259r \u0130cra Hakimiyy\u0259tin\u0259 \u015fikay\u0259t ets\u0259l\u0259r d\u0259, n\u0259inki \u00f6l\u00e7\u00fc g\u00f6t\u00fcr\u00fclm\u00fcr, \u0259ksin\u0259 \u00f6zl\u0259ri h\u0259d\u0259-qorxuya m\u0259ruz qal\u0131rlar. Bel\u0259 ki, qanunsuz tikiliy\u0259 etiraz ed\u0259n sakinl\u0259rin i\u015f yerl\u0259rin\u0259 z\u0259ng edilir, onlar\u0131n i\u015fd\u0259n \u00e7\u0131xar\u0131lmas\u0131 t\u0259l\u0259b olunur.<br><\/p>\n\n\n\n<p>Ya\u015fl\u0131 sakinl\u0259rin topla\u015fd\u0131\u011f\u0131 h\u0259yatyan\u0131 sah\u0259nin da\u011f\u0131d\u0131lmas\u0131na etiraz ed\u0259n v\u0259t\u0259nda\u015flar ald\u0131qlar\u0131 h\u0259d\u0259-qorxu il\u0259 ba\u011fl\u0131 Daxili \u0130\u015fl\u0259r Nazirliyinin 102 xidm\u0259tin\u0259 m\u0259lumat verdikl\u0259rini bildiribl\u0259r. H\u0259m\u00e7inin Sumqay\u0131t \u015e\u0259h\u0259r \u0130cra Hakimiyy\u0259tinin m\u0259sul \u015f\u0259xsl\u0259rinin h\u0259r\u0259k\u0259tl\u0259rind\u0259n \u00f6lk\u0259 ba\u015f\u00e7\u0131s\u0131 \u0130lham \u018fliyev\u0259, Birinci vitse-prezident Mehriban \u018fliyevaya v\u0259 D\u00f6vl\u0259t T\u0259hl\u00fck\u0259sizliyi Xidm\u0259tinin r\u0259isi \u018fli Na\u011f\u0131yev\u0259 m\u00fcraci\u0259t \u00fcnvanlay\u0131blar.<br><\/p>\n\n\n\n<p> \u015e\u0259h\u0259r \u0130cra Hakimiyy\u0259tinin M\u0259tbuat xidm\u0259tinin r\u0259hb\u0259ri Eyvaz Qocayev Meydan TV-y\u0259 deyib ki, qeyd olunan \u0259razid\u0259 ill\u0259r \u00f6nc\u0259d\u0259n v\u0259t\u0259nda\u015f\u0131n m\u00fclkiyy\u0259tind\u0259 olan k\u00f6\u015fk yerl\u0259\u015fib:<br><\/p>\n\n\n\n<p>\u201cTorpaq sah\u0259si qanuni s\u0259n\u0259dl\u0259r\u0259 \u0259sas\u0259n h\u0259min m\u00fclkiyy\u0259t\u00e7iy\u0259 aiddir. V\u0259t\u0259nda\u015f m\u00fclkiyy\u0259tind\u0259 olan \u0259razid\u0259 aidiyy\u0259ti qurumlar\u0131n raz\u0131l\u0131\u011f\u0131 \u0259sas\u0131nda y\u00fcng\u00fcl konstruksiyadan ibar\u0259t obyekt qura\u015fd\u0131r\u0131r. Onu da bildir\u0259k ki, qeyd olunan \u0259razid\u0259 sakinl\u0259rin h\u0259r\u0259k\u0259tin\u0259 mane\u0259 yaranm\u0131r\u201d.<br><\/p>\n\n\n\n<p> Qocayev sakinl\u0259r\u0259 t\u0259zyiq g\u00f6st\u0259rilm\u0259si il\u0259 ba\u011fl\u0131 deyil\u0259nl\u0259ri d\u0259 \u0259sass\u0131z say\u0131b:<br><br>\u201cBel\u0259 bir hal varsa, icra hakimiyy\u0259tin\u0259 m\u00fcraci\u0259t ed\u0259 bil\u0259rl\u0259r\u201d.<\/p>\n","protected":false},"excerpt":{"rendered":"<p>\u201cTikintiy\u0259 etiraz etdiyimiz \u00fc\u00e7\u00fcn h\u0259d\u0259l\u0259nirik\u201d Sumqay\u0131t \u015f\u0259h\u0259ri, 1-ci mikrorayon, 122-ci &#8230; <\/p>\n<p class=\"read-more-container\"><a title=\"Sumqay\u0131t sakinl\u0259ri h\u0259y\u0259tyan\u0131 sah\u0259nin da\u011f\u0131d\u0131lmas\u0131na etiraz edir\" class=\"read-more button\" href=\"https:\/\/www.meydan.tv\/az\/article\/sumqayit-sakinleri-heyetyani-sahenin-dagidilmasina-etiraz-edir\/#more-243447\" aria-label=\"Read more about Sumqay\u0131t sakinl\u0259ri h\u0259y\u0259tyan\u0131 sah\u0259nin da\u011f\u0131d\u0131lmas\u0131na etiraz edir\">Davam\u0131<\/a><\/p>\n","protected":false},"author":12,"featured_media":243449,"comment_status":"closed","ping_status":"closed","sticky":false,"template":"","format":"standard","meta":{"_acf_changed":false,"_sitemap_exclude":false,"_sitemap_priority":"","_sitemap_frequency":"","footnotes":""},"categories":[62,63],"tags":[],"class_list":["post-243447","post","type-post","status-publish","format-standard","has-post-thumbnail","hentry","category-sosial","category-video-2","infinite-scroll-item","generate-columns","tablet-grid-50","mobile-grid-100","grid-parent","grid-33","no-featured-image-padding"],"acf":[],"yoast_head":"<!-- This site is optimized with the Yoast SEO plugin v27.5 - https:\/\/yoast.com\/product\/yoast-seo-wordpress\/ -->\n<title>Sumqay\u0131t sakinl\u0259ri h\u0259y\u0259tyan\u0131 sah\u0259nin da\u011f\u0131d\u0131lmas\u0131na etiraz edir - MEYDAN.TV<\/title>\n<meta name=\"robots\" content=\"index, follow, max-snippet:-1, max-image-preview:large, max-video-preview:-1\" \/>\n<link rel=\"canonical\" href=\"https:\/\/www.meydan.tv\/az\/article\/sumqayit-sakinleri-heyetyani-sahenin-dagidilmasina-etiraz-edir\/\" \/>\n<meta property=\"og:locale\" content=\"az_AZ\" \/>\n<meta property=\"og:type\" content=\"article\" \/>\n<meta property=\"og:title\" content=\"Sumqay\u0131t sakinl\u0259ri h\u0259y\u0259tyan\u0131 sah\u0259nin da\u011f\u0131d\u0131lmas\u0131na etiraz edir - MEYDAN.TV\" \/>\n<meta property=\"og:description\" content=\"\u201cTikintiy\u0259 etiraz etdiyimiz \u00fc\u00e7\u00fcn h\u0259d\u0259l\u0259nirik\u201d Sumqay\u0131t \u015f\u0259h\u0259ri, 1-ci mikrorayon, 122-ci ... Davam\u0131\" \/>\n<meta property=\"og:url\" content=\"https:\/\/www.meydan.tv\/az\/article\/sumqayit-sakinleri-heyetyani-sahenin-dagidilmasina-etiraz-edir\/\" \/>\n<meta property=\"og:site_name\" content=\"MEYDAN.TV\" \/>\n<meta property=\"article:published_time\" content=\"2022-04-27T10:54:06+00:00\" \/>\n<meta property=\"article:modified_time\" content=\"2022-04-27T10:54:09+00:00\" \/>\n<meta property=\"og:image\" content=\"https:\/\/www.meydan.tv\/wp-content\/uploads\/78e698a7-ab3e-43c4-85ad-62108c32e1c8.jpeg\" \/>\n\t<meta property=\"og:image:width\" content=\"1536\" \/>\n\t<meta property=\"og:image:height\" content=\"850\" \/>\n\t<meta property=\"og:image:type\" content=\"image\/jpeg\" \/>\n<meta name=\"author\" content=\"aleks\" \/>\n<meta name=\"twitter:card\" content=\"summary_large_image\" \/>\n<script type=\"application\/ld+json\" class=\"yoast-schema-graph\">{\"@context\":\"https:\\\/\\\/schema.org\",\"@graph\":[{\"@type\":\"Article\",\"@id\":\"https:\\\/\\\/www.meydan.tv\\\/az\\\/article\\\/sumqayit-sakinleri-heyetyani-sahenin-dagidilmasina-etiraz-edir\\\/#article\",\"isPartOf\":{\"@id\":\"https:\\\/\\\/www.meydan.tv\\\/az\\\/article\\\/sumqayit-sakinleri-heyetyani-sahenin-dagidilmasina-etiraz-edir\\\/\"},\"author\":{\"name\":\"aleks\",\"@id\":\"https:\\\/\\\/www.meydan.tv\\\/az\\\/#\\\/schema\\\/person\\\/476e9360e593fa131d5d71d51866f8da\"},\"headline\":\"Sumqay\u0131t sakinl\u0259ri h\u0259y\u0259tyan\u0131 sah\u0259nin da\u011f\u0131d\u0131lmas\u0131na etiraz edir\",\"datePublished\":\"2022-04-27T10:54:06+00:00\",\"dateModified\":\"2022-04-27T10:54:09+00:00\",\"mainEntityOfPage\":{\"@id\":\"https:\\\/\\\/www.meydan.tv\\\/az\\\/article\\\/sumqayit-sakinleri-heyetyani-sahenin-dagidilmasina-etiraz-edir\\\/\"},\"wordCount\":378,\"publisher\":{\"@id\":\"https:\\\/\\\/www.meydan.tv\\\/az\\\/#organization\"},\"image\":{\"@id\":\"https:\\\/\\\/www.meydan.tv\\\/az\\\/article\\\/sumqayit-sakinleri-heyetyani-sahenin-dagidilmasina-etiraz-edir\\\/#primaryimage\"},\"thumbnailUrl\":\"https:\\\/\\\/www.meydan.tv\\\/wp-content\\\/uploads\\\/78e698a7-ab3e-43c4-85ad-62108c32e1c8.jpeg\",\"articleSection\":[\"Sosial\",\"Video\"],\"inLanguage\":\"az\"},{\"@type\":\"WebPage\",\"@id\":\"https:\\\/\\\/www.meydan.tv\\\/az\\\/article\\\/sumqayit-sakinleri-heyetyani-sahenin-dagidilmasina-etiraz-edir\\\/\",\"url\":\"https:\\\/\\\/www.meydan.tv\\\/az\\\/article\\\/sumqayit-sakinleri-heyetyani-sahenin-dagidilmasina-etiraz-edir\\\/\",\"name\":\"Sumqay\u0131t sakinl\u0259ri h\u0259y\u0259tyan\u0131 sah\u0259nin da\u011f\u0131d\u0131lmas\u0131na etiraz edir - MEYDAN.TV\",\"isPartOf\":{\"@id\":\"https:\\\/\\\/www.meydan.tv\\\/az\\\/#website\"},\"primaryImageOfPage\":{\"@id\":\"https:\\\/\\\/www.meydan.tv\\\/az\\\/article\\\/sumqayit-sakinleri-heyetyani-sahenin-dagidilmasina-etiraz-edir\\\/#primaryimage\"},\"image\":{\"@id\":\"https:\\\/\\\/www.meydan.tv\\\/az\\\/article\\\/sumqayit-sakinleri-heyetyani-sahenin-dagidilmasina-etiraz-edir\\\/#primaryimage\"},\"thumbnailUrl\":\"https:\\\/\\\/www.meydan.tv\\\/wp-content\\\/uploads\\\/78e698a7-ab3e-43c4-85ad-62108c32e1c8.jpeg\",\"datePublished\":\"2022-04-27T10:54:06+00:00\",\"dateModified\":\"2022-04-27T10:54:09+00:00\",\"breadcrumb\":{\"@id\":\"https:\\\/\\\/www.meydan.tv\\\/az\\\/article\\\/sumqayit-sakinleri-heyetyani-sahenin-dagidilmasina-etiraz-edir\\\/#breadcrumb\"},\"inLanguage\":\"az\",\"potentialAction\":[{\"@type\":\"ReadAction\",\"target\":[\"https:\\\/\\\/www.meydan.tv\\\/az\\\/article\\\/sumqayit-sakinleri-heyetyani-sahenin-dagidilmasina-etiraz-edir\\\/\"]}]},{\"@type\":\"ImageObject\",\"inLanguage\":\"az\",\"@id\":\"https:\\\/\\\/www.meydan.tv\\\/az\\\/article\\\/sumqayit-sakinleri-heyetyani-sahenin-dagidilmasina-etiraz-edir\\\/#primaryimage\",\"url\":\"https:\\\/\\\/www.meydan.tv\\\/wp-content\\\/uploads\\\/78e698a7-ab3e-43c4-85ad-62108c32e1c8.jpeg\",\"contentUrl\":\"https:\\\/\\\/www.meydan.tv\\\/wp-content\\\/uploads\\\/78e698a7-ab3e-43c4-85ad-62108c32e1c8.jpeg\",\"width\":1536,\"height\":850},{\"@type\":\"BreadcrumbList\",\"@id\":\"https:\\\/\\\/www.meydan.tv\\\/az\\\/article\\\/sumqayit-sakinleri-heyetyani-sahenin-dagidilmasina-etiraz-edir\\\/#breadcrumb\",\"itemListElement\":[{\"@type\":\"ListItem\",\"position\":1,\"name\":\"Ana s\u0259hif\u0259\",\"item\":\"https:\\\/\\\/www.meydan.tv\\\/az\\\/\"},{\"@type\":\"ListItem\",\"position\":2,\"name\":\"Sosial\",\"item\":\"https:\\\/\\\/www.meydan.tv\\\/az\\\/section\\\/sosial\\\/\"},{\"@type\":\"ListItem\",\"position\":3,\"name\":\"Sumqay\u0131t sakinl\u0259ri h\u0259y\u0259tyan\u0131 sah\u0259nin da\u011f\u0131d\u0131lmas\u0131na etiraz edir\"}]},{\"@type\":\"WebSite\",\"@id\":\"https:\\\/\\\/www.meydan.tv\\\/az\\\/#website\",\"url\":\"https:\\\/\\\/www.meydan.tv\\\/az\\\/\",\"name\":\"MEYDAN.TV\",\"description\":\"Meydan TV Az\u0259rbaycan\u0131n media m\u0259kan\u0131ndak\u0131 alternativ s\u0259sidir\",\"publisher\":{\"@id\":\"https:\\\/\\\/www.meydan.tv\\\/az\\\/#organization\"},\"potentialAction\":[{\"@type\":\"SearchAction\",\"target\":{\"@type\":\"EntryPoint\",\"urlTemplate\":\"https:\\\/\\\/www.meydan.tv\\\/az\\\/?s={search_term_string}\"},\"query-input\":{\"@type\":\"PropertyValueSpecification\",\"valueRequired\":true,\"valueName\":\"search_term_string\"}}],\"inLanguage\":\"az\"},{\"@type\":\"Organization\",\"@id\":\"https:\\\/\\\/www.meydan.tv\\\/az\\\/#organization\",\"name\":\"Meydan TV\",\"url\":\"https:\\\/\\\/www.meydan.tv\\\/az\\\/\",\"logo\":{\"@type\":\"ImageObject\",\"inLanguage\":\"az\",\"@id\":\"https:\\\/\\\/www.meydan.tv\\\/az\\\/#\\\/schema\\\/logo\\\/image\\\/\",\"url\":\"https:\\\/\\\/www.meydan.tv\\\/wp-content\\\/uploads\\\/2021\\\/07\\\/meydan-logo.svg\",\"contentUrl\":\"https:\\\/\\\/www.meydan.tv\\\/wp-content\\\/uploads\\\/2021\\\/07\\\/meydan-logo.svg\",\"width\":195,\"height\":46,\"caption\":\"Meydan TV\"},\"image\":{\"@id\":\"https:\\\/\\\/www.meydan.tv\\\/az\\\/#\\\/schema\\\/logo\\\/image\\\/\"}},{\"@type\":\"Person\",\"@id\":\"https:\\\/\\\/www.meydan.tv\\\/az\\\/#\\\/schema\\\/person\\\/476e9360e593fa131d5d71d51866f8da\",\"name\":\"aleks\"}]}<\/script>\n<!-- \/ Yoast SEO plugin. -->","yoast_head_json":{"title":"Sumqay\u0131t sakinl\u0259ri h\u0259y\u0259tyan\u0131 sah\u0259nin da\u011f\u0131d\u0131lmas\u0131na etiraz edir - MEYDAN.TV","robots":{"index":"index","follow":"follow","max-snippet":"max-snippet:-1","max-image-preview":"max-image-preview:large","max-video-preview":"max-video-preview:-1"},"canonical":"https:\/\/www.meydan.tv\/az\/article\/sumqayit-sakinleri-heyetyani-sahenin-dagidilmasina-etiraz-edir\/","og_locale":"az_AZ","og_type":"article","og_title":"Sumqay\u0131t sakinl\u0259ri h\u0259y\u0259tyan\u0131 sah\u0259nin da\u011f\u0131d\u0131lmas\u0131na etiraz edir - MEYDAN.TV","og_description":"\u201cTikintiy\u0259 etiraz etdiyimiz \u00fc\u00e7\u00fcn h\u0259d\u0259l\u0259nirik\u201d Sumqay\u0131t \u015f\u0259h\u0259ri, 1-ci mikrorayon, 122-ci ... Davam\u0131","og_url":"https:\/\/www.meydan.tv\/az\/article\/sumqayit-sakinleri-heyetyani-sahenin-dagidilmasina-etiraz-edir\/","og_site_name":"MEYDAN.TV","article_published_time":"2022-04-27T10:54:06+00:00","article_modified_time":"2022-04-27T10:54:09+00:00","og_image":[{"width":1536,"height":850,"url":"https:\/\/www.meydan.tv\/wp-content\/uploads\/78e698a7-ab3e-43c4-85ad-62108c32e1c8.jpeg","type":"image\/jpeg"}],"author":"aleks","twitter_card":"summary_large_image","schema":{"@context":"https:\/\/schema.org","@graph":[{"@type":"Article","@id":"https:\/\/www.meydan.tv\/az\/article\/sumqayit-sakinleri-heyetyani-sahenin-dagidilmasina-etiraz-edir\/#article","isPartOf":{"@id":"https:\/\/www.meydan.tv\/az\/article\/sumqayit-sakinleri-heyetyani-sahenin-dagidilmasina-etiraz-edir\/"},"author":{"name":"aleks","@id":"https:\/\/www.meydan.tv\/az\/#\/schema\/person\/476e9360e593fa131d5d71d51866f8da"},"headline":"Sumqay\u0131t sakinl\u0259ri h\u0259y\u0259tyan\u0131 sah\u0259nin da\u011f\u0131d\u0131lmas\u0131na etiraz edir","datePublished":"2022-04-27T10:54:06+00:00","dateModified":"2022-04-27T10:54:09+00:00","mainEntityOfPage":{"@id":"https:\/\/www.meydan.tv\/az\/article\/sumqayit-sakinleri-heyetyani-sahenin-dagidilmasina-etiraz-edir\/"},"wordCount":378,"publisher":{"@id":"https:\/\/www.meydan.tv\/az\/#organization"},"image":{"@id":"https:\/\/www.meydan.tv\/az\/article\/sumqayit-sakinleri-heyetyani-sahenin-dagidilmasina-etiraz-edir\/#primaryimage"},"thumbnailUrl":"https:\/\/www.meydan.tv\/wp-content\/uploads\/78e698a7-ab3e-43c4-85ad-62108c32e1c8.jpeg","articleSection":["Sosial","Video"],"inLanguage":"az"},{"@type":"WebPage","@id":"https:\/\/www.meydan.tv\/az\/article\/sumqayit-sakinleri-heyetyani-sahenin-dagidilmasina-etiraz-edir\/","url":"https:\/\/www.meydan.tv\/az\/article\/sumqayit-sakinleri-heyetyani-sahenin-dagidilmasina-etiraz-edir\/","name":"Sumqay\u0131t sakinl\u0259ri h\u0259y\u0259tyan\u0131 sah\u0259nin da\u011f\u0131d\u0131lmas\u0131na etiraz edir - MEYDAN.TV","isPartOf":{"@id":"https:\/\/www.meydan.tv\/az\/#website"},"primaryImageOfPage":{"@id":"https:\/\/www.meydan.tv\/az\/article\/sumqayit-sakinleri-heyetyani-sahenin-dagidilmasina-etiraz-edir\/#primaryimage"},"image":{"@id":"https:\/\/www.meydan.tv\/az\/article\/sumqayit-sakinleri-heyetyani-sahenin-dagidilmasina-etiraz-edir\/#primaryimage"},"thumbnailUrl":"https:\/\/www.meydan.tv\/wp-content\/uploads\/78e698a7-ab3e-43c4-85ad-62108c32e1c8.jpeg","datePublished":"2022-04-27T10:54:06+00:00","dateModified":"2022-04-27T10:54:09+00:00","breadcrumb":{"@id":"https:\/\/www.meydan.tv\/az\/article\/sumqayit-sakinleri-heyetyani-sahenin-dagidilmasina-etiraz-edir\/#breadcrumb"},"inLanguage":"az","potentialAction":[{"@type":"ReadAction","target":["https:\/\/www.meydan.tv\/az\/article\/sumqayit-sakinleri-heyetyani-sahenin-dagidilmasina-etiraz-edir\/"]}]},{"@type":"ImageObject","inLanguage":"az","@id":"https:\/\/www.meydan.tv\/az\/article\/sumqayit-sakinleri-heyetyani-sahenin-dagidilmasina-etiraz-edir\/#primaryimage","url":"https:\/\/www.meydan.tv\/wp-content\/uploads\/78e698a7-ab3e-43c4-85ad-62108c32e1c8.jpeg","contentUrl":"https:\/\/www.meydan.tv\/wp-content\/uploads\/78e698a7-ab3e-43c4-85ad-62108c32e1c8.jpeg","width":1536,"height":850},{"@type":"BreadcrumbList","@id":"https:\/\/www.meydan.tv\/az\/article\/sumqayit-sakinleri-heyetyani-sahenin-dagidilmasina-etiraz-edir\/#breadcrumb","itemListElement":[{"@type":"ListItem","position":1,"name":"Ana s\u0259hif\u0259","item":"https:\/\/www.meydan.tv\/az\/"},{"@type":"ListItem","position":2,"name":"Sosial","item":"https:\/\/www.meydan.tv\/az\/section\/sosial\/"},{"@type":"ListItem","position":3,"name":"Sumqay\u0131t sakinl\u0259ri h\u0259y\u0259tyan\u0131 sah\u0259nin da\u011f\u0131d\u0131lmas\u0131na etiraz edir"}]},{"@type":"WebSite","@id":"https:\/\/www.meydan.tv\/az\/#website","url":"https:\/\/www.meydan.tv\/az\/","name":"MEYDAN.TV","description":"Meydan TV Az\u0259rbaycan\u0131n media m\u0259kan\u0131ndak\u0131 alternativ s\u0259sidir","publisher":{"@id":"https:\/\/www.meydan.tv\/az\/#organization"},"potentialAction":[{"@type":"SearchAction","target":{"@type":"EntryPoint","urlTemplate":"https:\/\/www.meydan.tv\/az\/?s={search_term_string}"},"query-input":{"@type":"PropertyValueSpecification","valueRequired":true,"valueName":"search_term_string"}}],"inLanguage":"az"},{"@type":"Organization","@id":"https:\/\/www.meydan.tv\/az\/#organization","name":"Meydan TV","url":"https:\/\/www.meydan.tv\/az\/","logo":{"@type":"ImageObject","inLanguage":"az","@id":"https:\/\/www.meydan.tv\/az\/#\/schema\/logo\/image\/","url":"https:\/\/www.meydan.tv\/wp-content\/uploads\/2021\/07\/meydan-logo.svg","contentUrl":"https:\/\/www.meydan.tv\/wp-content\/uploads\/2021\/07\/meydan-logo.svg","width":195,"height":46,"caption":"Meydan TV"},"image":{"@id":"https:\/\/www.meydan.tv\/az\/#\/schema\/logo\/image\/"}},{"@type":"Person","@id":"https:\/\/www.meydan.tv\/az\/#\/schema\/person\/476e9360e593fa131d5d71d51866f8da","name":"aleks"}]}},"_links":{"self":[{"href":"https:\/\/www.meydan.tv\/az\/wp-json\/wp\/v2\/posts\/243447","targetHints":{"allow":["GET"]}}],"collection":[{"href":"https:\/\/www.meydan.tv\/az\/wp-json\/wp\/v2\/posts"}],"about":[{"href":"https:\/\/www.meydan.tv\/az\/wp-json\/wp\/v2\/types\/post"}],"author":[{"embeddable":true,"href":"https:\/\/www.meydan.tv\/az\/wp-json\/wp\/v2\/users\/12"}],"replies":[{"embeddable":true,"href":"https:\/\/www.meydan.tv\/az\/wp-json\/wp\/v2\/comments?post=243447"}],"version-history":[{"count":1,"href":"https:\/\/www.meydan.tv\/az\/wp-json\/wp\/v2\/posts\/243447\/revisions"}],"predecessor-version":[{"id":243448,"href":"https:\/\/www.meydan.tv\/az\/wp-json\/wp\/v2\/posts\/243447\/revisions\/243448"}],"wp:featuredmedia":[{"embeddable":true,"href":"https:\/\/www.meydan.tv\/az\/wp-json\/wp\/v2\/media\/243449"}],"wp:attachment":[{"href":"https:\/\/www.meydan.tv\/az\/wp-json\/wp\/v2\/media?parent=243447"}],"wp:term":[{"taxonomy":"category","embeddable":true,"href":"https:\/\/www.meydan.tv\/az\/wp-json\/wp\/v2\/categories?post=243447"},{"taxonomy":"post_tag","embeddable":true,"href":"https:\/\/www.meydan.tv\/az\/wp-json\/wp\/v2\/tags?post=243447"}],"curies":[{"name":"wp","href":"https:\/\/api.w.org\/{rel}","templated":true}]}}