{"id":243442,"date":"2022-04-27T14:45:28","date_gmt":"2022-04-27T10:45:28","guid":{"rendered":"https:\/\/www.meydan.tv\/?p=243442"},"modified":"2022-04-27T14:45:30","modified_gmt":"2022-04-27T10:45:30","slug":"bolduinin-operatoru-gullelemesinin-goruntuleri-yayilib","status":"publish","type":"post","link":"https:\/\/www.meydan.tv\/az\/article\/bolduinin-operatoru-gullelemesinin-goruntuleri-yayilib\/","title":{"rendered":"Bolduinin operatoru g\u00fcll\u0259l\u0259m\u0259sinin g\u00f6r\u00fcnt\u00fcl\u0259ri yay\u0131l\u0131b"},"content":{"rendered":"\n<p><\/p>\n\n\n\n<p><em>G\u00f6r\u00fcnt\u00fcl\u0259r \u201cCBS Evening News\u201dun efirind\u0259 n\u00fcmayi\u015f etdirilib<\/em><\/p>\n\n\n\n<p>Aktyor Alek Bolduinin \u00e7\u0259kili\u015f meydan\u00e7as\u0131nda t\u0259sad\u00fcf\u0259n odlu silahla \u201cRust\u201d filminin rejissoru v\u0259 operatorunu yaralad\u0131\u011f\u0131 kadrlar yay\u0131mlan\u0131b.<\/p>\n\n\n\n<p>Polis t\u0259r\u0259find\u0259n t\u0259qdim olunan portativ kamera il\u0259 \u00e7\u0259kimi\u015f g\u00f6r\u00fcnt\u00fcl\u0259r \u201cCBS Evening News\u201d proqram\u0131n\u0131n efirind\u0259 n\u00fcmayi\u015f <a href=\"https:\/\/www.youtube.com\/watch?v=DDogTKEFOAw&amp;t=7s\" target=\"_blank\" rel=\"noreferrer noopener\">etdirilib<\/a>.<\/p>\n\n\n\n<p>Kadrlardan g\u00f6r\u00fcn\u00fcr ki, h\u0259kiml\u0259r yaralanm\u0131\u015f operator Qalina Hat\u00e7ins\u0259 ilkin tibbi yard\u0131m g\u00f6st\u0259rirl\u0259r.<\/p>\n\n\n\n<p>Polisl\u0259r is\u0259 aktyoru dindirirl\u0259r.<\/p>\n\n\n\n<p>Materialda h\u0259m\u00e7inin Bolduinin silahdan istifad\u0259ni \u00f6yr\u0259ndiyi kadrlar da var.<\/p>\n\n\n\n<p>Alek Bolduin \u00f6t\u0259n ilin oktyabr\u0131nda \u201cRust\u201d filminin at\u0131\u015fma s\u0259hn\u0259si lent\u0259 al\u0131nark\u0259n rejissor Joel Souzan\u0131 v\u0259 42 ya\u015fl\u0131 operator Qalina Hat\u00e7insi yaralay\u0131b.<\/p>\n\n\n\n<p>Qalina Hat\u00e7ins a\u011f\u0131r v\u0259ziyy\u0259td\u0259 x\u0259st\u0259xanaya \u00e7atd\u0131r\u0131lsa da, h\u0259yat\u0131n\u0131 xilas etm\u0259k m\u00fcmk\u00fcn olmay\u0131b.<\/p>\n\n\n\n<p>Hadis\u0259d\u0259n sonra Hat\u00e7insin h\u0259yat yolda\u015f\u0131 Bolduini v\u0259 filmin yarad\u0131c\u0131 hey\u0259tini m\u0259hk\u0259m\u0259y\u0259 verib.<\/p>\n\n\n\n<p>Bolduin d\u0259 \u201cRust\u201d filminin prod\u00fcserl\u0259rind\u0259n m\u0259hk\u0259m\u0259y\u0259 \u015fikay\u0259t edib.<\/p>\n\n\n\n<p>Aktyor m\u0259hk\u0259m\u0259d\u0259n \u0259ld\u0259 olunacaq t\u0259zminat\u0131 operatorun ail\u0259sin\u0259 ba\u011f\u0131\u015flamaq niyy\u0259tind\u0259dir.<\/p>\n\n\n\n<p>Bir ne\u00e7\u0259 g\u00fcn \u00f6nc\u0259 Nyu-Meksiko \u015ftat\u0131n\u0131n \u018fm\u0259yin M\u00fchafiz\u0259si v\u0259 T\u0259hl\u00fck\u0259sizliyi T\u0259dbirl\u0259ri b\u00fcrosu filmi \u0259rs\u0259y\u0259 g\u0259tir\u0259n \u201cRust Movie Productions\u201d \u015firk\u0259tin\u0259 136 min 793 dollar c\u0259rim\u0259 t\u0259tbiq <a href=\"https:\/\/d9mc3ts4czbpr.cloudfront.net\/az\/article\/kino-sirketi-136-min-dollardan-cox-cerimelendi\/\" target=\"_blank\" rel=\"noreferrer noopener\">edib<\/a>.<\/p>\n\n\n\n<p>B\u00fcro Alek Bolduinin g\u00fcnahs\u0131z oldu\u011fu q\u0259na\u0259tin\u0259 g\u0259lib.<\/p>\n\n\n\n<p>Polisl\u0259rin tapan\u00e7adak\u0131 bo\u015f patronlar\u0131n dolusu il\u0259 \u0259v\u0259zl\u0259nm\u0259si ehtimal\u0131 var.<\/p>\n\n\n\n<p>Bunun kim t\u0259r\u0259find\u0259n edildiyi h\u0259l\u0259 ki m\u0259lum deyil.<\/p>\n","protected":false},"excerpt":{"rendered":"<p>G\u00f6r\u00fcnt\u00fcl\u0259r \u201cCBS Evening News\u201dun efirind\u0259 n\u00fcmayi\u015f etdirilib Aktyor Alek Bolduinin &#8230; <\/p>\n<p class=\"read-more-container\"><a title=\"Bolduinin operatoru g\u00fcll\u0259l\u0259m\u0259sinin g\u00f6r\u00fcnt\u00fcl\u0259ri yay\u0131l\u0131b\" class=\"read-more button\" href=\"https:\/\/www.meydan.tv\/az\/article\/bolduinin-operatoru-gullelemesinin-goruntuleri-yayilib\/#more-243442\" aria-label=\"Read more about Bolduinin operatoru g\u00fcll\u0259l\u0259m\u0259sinin g\u00f6r\u00fcnt\u00fcl\u0259ri yay\u0131l\u0131b\">Davam\u0131<\/a><\/p>\n","protected":false},"author":8,"featured_media":243430,"comment_status":"closed","ping_status":"closed","sticky":false,"template":"","format":"standard","meta":{"_acf_changed":false,"_sitemap_exclude":false,"_sitemap_priority":"","_sitemap_frequency":"","footnotes":""},"categories":[52,56],"tags":[],"class_list":["post-243442","post","type-post","status-publish","format-standard","has-post-thumbnail","hentry","category-medeniyyet","category-xeberler","infinite-scroll-item","generate-columns","tablet-grid-50","mobile-grid-100","grid-parent","grid-33","no-featured-image-padding"],"acf":[],"yoast_head":"<!-- This site is optimized with the Yoast SEO plugin v27.5 - https:\/\/yoast.com\/product\/yoast-seo-wordpress\/ -->\n<title>Bolduinin operatoru g\u00fcll\u0259l\u0259m\u0259sinin g\u00f6r\u00fcnt\u00fcl\u0259ri yay\u0131l\u0131b - MEYDAN.TV<\/title>\n<meta name=\"robots\" content=\"index, follow, max-snippet:-1, max-image-preview:large, max-video-preview:-1\" \/>\n<link rel=\"canonical\" href=\"https:\/\/www.meydan.tv\/az\/article\/bolduinin-operatoru-gullelemesinin-goruntuleri-yayilib\/\" \/>\n<meta property=\"og:locale\" content=\"az_AZ\" \/>\n<meta property=\"og:type\" content=\"article\" \/>\n<meta property=\"og:title\" content=\"Bolduinin operatoru g\u00fcll\u0259l\u0259m\u0259sinin g\u00f6r\u00fcnt\u00fcl\u0259ri yay\u0131l\u0131b - MEYDAN.TV\" \/>\n<meta property=\"og:description\" content=\"G\u00f6r\u00fcnt\u00fcl\u0259r \u201cCBS Evening News\u201dun efirind\u0259 n\u00fcmayi\u015f etdirilib Aktyor Alek Bolduinin ... Davam\u0131\" \/>\n<meta property=\"og:url\" content=\"https:\/\/www.meydan.tv\/az\/article\/bolduinin-operatoru-gullelemesinin-goruntuleri-yayilib\/\" \/>\n<meta property=\"og:site_name\" content=\"MEYDAN.TV\" \/>\n<meta property=\"article:published_time\" content=\"2022-04-27T10:45:28+00:00\" \/>\n<meta property=\"article:modified_time\" content=\"2022-04-27T10:45:30+00:00\" \/>\n<meta property=\"og:image\" content=\"https:\/\/www.meydan.tv\/wp-content\/uploads\/rust-baldwin-scene-superjumbo-e1651055969186.png\" \/>\n\t<meta property=\"og:image:width\" content=\"1200\" \/>\n\t<meta property=\"og:image:height\" content=\"456\" \/>\n\t<meta property=\"og:image:type\" content=\"image\/png\" \/>\n<meta name=\"author\" content=\"elli\" \/>\n<meta name=\"twitter:card\" content=\"summary_large_image\" \/>\n<meta name=\"twitter:creator\" content=\"@elli\" \/>\n<script type=\"application\/ld+json\" class=\"yoast-schema-graph\">{\"@context\":\"https:\\\/\\\/schema.org\",\"@graph\":[{\"@type\":\"Article\",\"@id\":\"https:\\\/\\\/www.meydan.tv\\\/az\\\/article\\\/bolduinin-operatoru-gullelemesinin-goruntuleri-yayilib\\\/#article\",\"isPartOf\":{\"@id\":\"https:\\\/\\\/www.meydan.tv\\\/az\\\/article\\\/bolduinin-operatoru-gullelemesinin-goruntuleri-yayilib\\\/\"},\"author\":{\"name\":\"elli\",\"@id\":\"https:\\\/\\\/www.meydan.tv\\\/az\\\/#\\\/schema\\\/person\\\/9cdbecf90d17180ce1dfbd95b08dcf47\"},\"headline\":\"Bolduinin operatoru g\u00fcll\u0259l\u0259m\u0259sinin g\u00f6r\u00fcnt\u00fcl\u0259ri yay\u0131l\u0131b\",\"datePublished\":\"2022-04-27T10:45:28+00:00\",\"dateModified\":\"2022-04-27T10:45:30+00:00\",\"mainEntityOfPage\":{\"@id\":\"https:\\\/\\\/www.meydan.tv\\\/az\\\/article\\\/bolduinin-operatoru-gullelemesinin-goruntuleri-yayilib\\\/\"},\"wordCount\":313,\"publisher\":{\"@id\":\"https:\\\/\\\/www.meydan.tv\\\/az\\\/#organization\"},\"image\":{\"@id\":\"https:\\\/\\\/www.meydan.tv\\\/az\\\/article\\\/bolduinin-operatoru-gullelemesinin-goruntuleri-yayilib\\\/#primaryimage\"},\"thumbnailUrl\":\"https:\\\/\\\/www.meydan.tv\\\/wp-content\\\/uploads\\\/rust-baldwin-scene-superjumbo-e1651055969186.png\",\"articleSection\":[\"M\u0259d\u0259niyy\u0259t\",\"X\u0259b\u0259rl\u0259r\"],\"inLanguage\":\"az\"},{\"@type\":\"WebPage\",\"@id\":\"https:\\\/\\\/www.meydan.tv\\\/az\\\/article\\\/bolduinin-operatoru-gullelemesinin-goruntuleri-yayilib\\\/\",\"url\":\"https:\\\/\\\/www.meydan.tv\\\/az\\\/article\\\/bolduinin-operatoru-gullelemesinin-goruntuleri-yayilib\\\/\",\"name\":\"Bolduinin operatoru g\u00fcll\u0259l\u0259m\u0259sinin g\u00f6r\u00fcnt\u00fcl\u0259ri yay\u0131l\u0131b - MEYDAN.TV\",\"isPartOf\":{\"@id\":\"https:\\\/\\\/www.meydan.tv\\\/az\\\/#website\"},\"primaryImageOfPage\":{\"@id\":\"https:\\\/\\\/www.meydan.tv\\\/az\\\/article\\\/bolduinin-operatoru-gullelemesinin-goruntuleri-yayilib\\\/#primaryimage\"},\"image\":{\"@id\":\"https:\\\/\\\/www.meydan.tv\\\/az\\\/article\\\/bolduinin-operatoru-gullelemesinin-goruntuleri-yayilib\\\/#primaryimage\"},\"thumbnailUrl\":\"https:\\\/\\\/www.meydan.tv\\\/wp-content\\\/uploads\\\/rust-baldwin-scene-superjumbo-e1651055969186.png\",\"datePublished\":\"2022-04-27T10:45:28+00:00\",\"dateModified\":\"2022-04-27T10:45:30+00:00\",\"breadcrumb\":{\"@id\":\"https:\\\/\\\/www.meydan.tv\\\/az\\\/article\\\/bolduinin-operatoru-gullelemesinin-goruntuleri-yayilib\\\/#breadcrumb\"},\"inLanguage\":\"az\",\"potentialAction\":[{\"@type\":\"ReadAction\",\"target\":[\"https:\\\/\\\/www.meydan.tv\\\/az\\\/article\\\/bolduinin-operatoru-gullelemesinin-goruntuleri-yayilib\\\/\"]}]},{\"@type\":\"ImageObject\",\"inLanguage\":\"az\",\"@id\":\"https:\\\/\\\/www.meydan.tv\\\/az\\\/article\\\/bolduinin-operatoru-gullelemesinin-goruntuleri-yayilib\\\/#primaryimage\",\"url\":\"https:\\\/\\\/www.meydan.tv\\\/wp-content\\\/uploads\\\/rust-baldwin-scene-superjumbo-e1651055969186.png\",\"contentUrl\":\"https:\\\/\\\/www.meydan.tv\\\/wp-content\\\/uploads\\\/rust-baldwin-scene-superjumbo-e1651055969186.png\",\"width\":1200,\"height\":456,\"caption\":\"Alek Bolduin. M\u0259nb\u0259: \\\"The New York Times\\\"\"},{\"@type\":\"BreadcrumbList\",\"@id\":\"https:\\\/\\\/www.meydan.tv\\\/az\\\/article\\\/bolduinin-operatoru-gullelemesinin-goruntuleri-yayilib\\\/#breadcrumb\",\"itemListElement\":[{\"@type\":\"ListItem\",\"position\":1,\"name\":\"Ana s\u0259hif\u0259\",\"item\":\"https:\\\/\\\/www.meydan.tv\\\/az\\\/\"},{\"@type\":\"ListItem\",\"position\":2,\"name\":\"M\u0259d\u0259niyy\u0259t\",\"item\":\"https:\\\/\\\/www.meydan.tv\\\/az\\\/section\\\/medeniyyet\\\/\"},{\"@type\":\"ListItem\",\"position\":3,\"name\":\"Bolduinin operatoru g\u00fcll\u0259l\u0259m\u0259sinin g\u00f6r\u00fcnt\u00fcl\u0259ri yay\u0131l\u0131b\"}]},{\"@type\":\"WebSite\",\"@id\":\"https:\\\/\\\/www.meydan.tv\\\/az\\\/#website\",\"url\":\"https:\\\/\\\/www.meydan.tv\\\/az\\\/\",\"name\":\"MEYDAN.TV\",\"description\":\"Meydan TV Az\u0259rbaycan\u0131n media m\u0259kan\u0131ndak\u0131 alternativ s\u0259sidir\",\"publisher\":{\"@id\":\"https:\\\/\\\/www.meydan.tv\\\/az\\\/#organization\"},\"potentialAction\":[{\"@type\":\"SearchAction\",\"target\":{\"@type\":\"EntryPoint\",\"urlTemplate\":\"https:\\\/\\\/www.meydan.tv\\\/az\\\/?s={search_term_string}\"},\"query-input\":{\"@type\":\"PropertyValueSpecification\",\"valueRequired\":true,\"valueName\":\"search_term_string\"}}],\"inLanguage\":\"az\"},{\"@type\":\"Organization\",\"@id\":\"https:\\\/\\\/www.meydan.tv\\\/az\\\/#organization\",\"name\":\"Meydan TV\",\"url\":\"https:\\\/\\\/www.meydan.tv\\\/az\\\/\",\"logo\":{\"@type\":\"ImageObject\",\"inLanguage\":\"az\",\"@id\":\"https:\\\/\\\/www.meydan.tv\\\/az\\\/#\\\/schema\\\/logo\\\/image\\\/\",\"url\":\"https:\\\/\\\/www.meydan.tv\\\/wp-content\\\/uploads\\\/2021\\\/07\\\/meydan-logo.svg\",\"contentUrl\":\"https:\\\/\\\/www.meydan.tv\\\/wp-content\\\/uploads\\\/2021\\\/07\\\/meydan-logo.svg\",\"width\":195,\"height\":46,\"caption\":\"Meydan TV\"},\"image\":{\"@id\":\"https:\\\/\\\/www.meydan.tv\\\/az\\\/#\\\/schema\\\/logo\\\/image\\\/\"}},{\"@type\":\"Person\",\"@id\":\"https:\\\/\\\/www.meydan.tv\\\/az\\\/#\\\/schema\\\/person\\\/9cdbecf90d17180ce1dfbd95b08dcf47\",\"name\":\"elli\",\"sameAs\":[\"https:\\\/\\\/x.com\\\/elli\"]}]}<\/script>\n<!-- \/ Yoast SEO plugin. -->","yoast_head_json":{"title":"Bolduinin operatoru g\u00fcll\u0259l\u0259m\u0259sinin g\u00f6r\u00fcnt\u00fcl\u0259ri yay\u0131l\u0131b - MEYDAN.TV","robots":{"index":"index","follow":"follow","max-snippet":"max-snippet:-1","max-image-preview":"max-image-preview:large","max-video-preview":"max-video-preview:-1"},"canonical":"https:\/\/www.meydan.tv\/az\/article\/bolduinin-operatoru-gullelemesinin-goruntuleri-yayilib\/","og_locale":"az_AZ","og_type":"article","og_title":"Bolduinin operatoru g\u00fcll\u0259l\u0259m\u0259sinin g\u00f6r\u00fcnt\u00fcl\u0259ri yay\u0131l\u0131b - MEYDAN.TV","og_description":"G\u00f6r\u00fcnt\u00fcl\u0259r \u201cCBS Evening News\u201dun efirind\u0259 n\u00fcmayi\u015f etdirilib Aktyor Alek Bolduinin ... Davam\u0131","og_url":"https:\/\/www.meydan.tv\/az\/article\/bolduinin-operatoru-gullelemesinin-goruntuleri-yayilib\/","og_site_name":"MEYDAN.TV","article_published_time":"2022-04-27T10:45:28+00:00","article_modified_time":"2022-04-27T10:45:30+00:00","og_image":[{"width":1200,"height":456,"url":"https:\/\/www.meydan.tv\/wp-content\/uploads\/rust-baldwin-scene-superjumbo-e1651055969186.png","type":"image\/png"}],"author":"elli","twitter_card":"summary_large_image","twitter_creator":"@elli","schema":{"@context":"https:\/\/schema.org","@graph":[{"@type":"Article","@id":"https:\/\/www.meydan.tv\/az\/article\/bolduinin-operatoru-gullelemesinin-goruntuleri-yayilib\/#article","isPartOf":{"@id":"https:\/\/www.meydan.tv\/az\/article\/bolduinin-operatoru-gullelemesinin-goruntuleri-yayilib\/"},"author":{"name":"elli","@id":"https:\/\/www.meydan.tv\/az\/#\/schema\/person\/9cdbecf90d17180ce1dfbd95b08dcf47"},"headline":"Bolduinin operatoru g\u00fcll\u0259l\u0259m\u0259sinin g\u00f6r\u00fcnt\u00fcl\u0259ri yay\u0131l\u0131b","datePublished":"2022-04-27T10:45:28+00:00","dateModified":"2022-04-27T10:45:30+00:00","mainEntityOfPage":{"@id":"https:\/\/www.meydan.tv\/az\/article\/bolduinin-operatoru-gullelemesinin-goruntuleri-yayilib\/"},"wordCount":313,"publisher":{"@id":"https:\/\/www.meydan.tv\/az\/#organization"},"image":{"@id":"https:\/\/www.meydan.tv\/az\/article\/bolduinin-operatoru-gullelemesinin-goruntuleri-yayilib\/#primaryimage"},"thumbnailUrl":"https:\/\/www.meydan.tv\/wp-content\/uploads\/rust-baldwin-scene-superjumbo-e1651055969186.png","articleSection":["M\u0259d\u0259niyy\u0259t","X\u0259b\u0259rl\u0259r"],"inLanguage":"az"},{"@type":"WebPage","@id":"https:\/\/www.meydan.tv\/az\/article\/bolduinin-operatoru-gullelemesinin-goruntuleri-yayilib\/","url":"https:\/\/www.meydan.tv\/az\/article\/bolduinin-operatoru-gullelemesinin-goruntuleri-yayilib\/","name":"Bolduinin operatoru g\u00fcll\u0259l\u0259m\u0259sinin g\u00f6r\u00fcnt\u00fcl\u0259ri yay\u0131l\u0131b - MEYDAN.TV","isPartOf":{"@id":"https:\/\/www.meydan.tv\/az\/#website"},"primaryImageOfPage":{"@id":"https:\/\/www.meydan.tv\/az\/article\/bolduinin-operatoru-gullelemesinin-goruntuleri-yayilib\/#primaryimage"},"image":{"@id":"https:\/\/www.meydan.tv\/az\/article\/bolduinin-operatoru-gullelemesinin-goruntuleri-yayilib\/#primaryimage"},"thumbnailUrl":"https:\/\/www.meydan.tv\/wp-content\/uploads\/rust-baldwin-scene-superjumbo-e1651055969186.png","datePublished":"2022-04-27T10:45:28+00:00","dateModified":"2022-04-27T10:45:30+00:00","breadcrumb":{"@id":"https:\/\/www.meydan.tv\/az\/article\/bolduinin-operatoru-gullelemesinin-goruntuleri-yayilib\/#breadcrumb"},"inLanguage":"az","potentialAction":[{"@type":"ReadAction","target":["https:\/\/www.meydan.tv\/az\/article\/bolduinin-operatoru-gullelemesinin-goruntuleri-yayilib\/"]}]},{"@type":"ImageObject","inLanguage":"az","@id":"https:\/\/www.meydan.tv\/az\/article\/bolduinin-operatoru-gullelemesinin-goruntuleri-yayilib\/#primaryimage","url":"https:\/\/www.meydan.tv\/wp-content\/uploads\/rust-baldwin-scene-superjumbo-e1651055969186.png","contentUrl":"https:\/\/www.meydan.tv\/wp-content\/uploads\/rust-baldwin-scene-superjumbo-e1651055969186.png","width":1200,"height":456,"caption":"Alek Bolduin. M\u0259nb\u0259: \"The New York Times\""},{"@type":"BreadcrumbList","@id":"https:\/\/www.meydan.tv\/az\/article\/bolduinin-operatoru-gullelemesinin-goruntuleri-yayilib\/#breadcrumb","itemListElement":[{"@type":"ListItem","position":1,"name":"Ana s\u0259hif\u0259","item":"https:\/\/www.meydan.tv\/az\/"},{"@type":"ListItem","position":2,"name":"M\u0259d\u0259niyy\u0259t","item":"https:\/\/www.meydan.tv\/az\/section\/medeniyyet\/"},{"@type":"ListItem","position":3,"name":"Bolduinin operatoru g\u00fcll\u0259l\u0259m\u0259sinin g\u00f6r\u00fcnt\u00fcl\u0259ri yay\u0131l\u0131b"}]},{"@type":"WebSite","@id":"https:\/\/www.meydan.tv\/az\/#website","url":"https:\/\/www.meydan.tv\/az\/","name":"MEYDAN.TV","description":"Meydan TV Az\u0259rbaycan\u0131n media m\u0259kan\u0131ndak\u0131 alternativ s\u0259sidir","publisher":{"@id":"https:\/\/www.meydan.tv\/az\/#organization"},"potentialAction":[{"@type":"SearchAction","target":{"@type":"EntryPoint","urlTemplate":"https:\/\/www.meydan.tv\/az\/?s={search_term_string}"},"query-input":{"@type":"PropertyValueSpecification","valueRequired":true,"valueName":"search_term_string"}}],"inLanguage":"az"},{"@type":"Organization","@id":"https:\/\/www.meydan.tv\/az\/#organization","name":"Meydan TV","url":"https:\/\/www.meydan.tv\/az\/","logo":{"@type":"ImageObject","inLanguage":"az","@id":"https:\/\/www.meydan.tv\/az\/#\/schema\/logo\/image\/","url":"https:\/\/www.meydan.tv\/wp-content\/uploads\/2021\/07\/meydan-logo.svg","contentUrl":"https:\/\/www.meydan.tv\/wp-content\/uploads\/2021\/07\/meydan-logo.svg","width":195,"height":46,"caption":"Meydan TV"},"image":{"@id":"https:\/\/www.meydan.tv\/az\/#\/schema\/logo\/image\/"}},{"@type":"Person","@id":"https:\/\/www.meydan.tv\/az\/#\/schema\/person\/9cdbecf90d17180ce1dfbd95b08dcf47","name":"elli","sameAs":["https:\/\/x.com\/elli"]}]}},"_links":{"self":[{"href":"https:\/\/www.meydan.tv\/az\/wp-json\/wp\/v2\/posts\/243442","targetHints":{"allow":["GET"]}}],"collection":[{"href":"https:\/\/www.meydan.tv\/az\/wp-json\/wp\/v2\/posts"}],"about":[{"href":"https:\/\/www.meydan.tv\/az\/wp-json\/wp\/v2\/types\/post"}],"author":[{"embeddable":true,"href":"https:\/\/www.meydan.tv\/az\/wp-json\/wp\/v2\/users\/8"}],"replies":[{"embeddable":true,"href":"https:\/\/www.meydan.tv\/az\/wp-json\/wp\/v2\/comments?post=243442"}],"version-history":[{"count":2,"href":"https:\/\/www.meydan.tv\/az\/wp-json\/wp\/v2\/posts\/243442\/revisions"}],"predecessor-version":[{"id":243446,"href":"https:\/\/www.meydan.tv\/az\/wp-json\/wp\/v2\/posts\/243442\/revisions\/243446"}],"wp:featuredmedia":[{"embeddable":true,"href":"https:\/\/www.meydan.tv\/az\/wp-json\/wp\/v2\/media\/243430"}],"wp:attachment":[{"href":"https:\/\/www.meydan.tv\/az\/wp-json\/wp\/v2\/media?parent=243442"}],"wp:term":[{"taxonomy":"category","embeddable":true,"href":"https:\/\/www.meydan.tv\/az\/wp-json\/wp\/v2\/categories?post=243442"},{"taxonomy":"post_tag","embeddable":true,"href":"https:\/\/www.meydan.tv\/az\/wp-json\/wp\/v2\/tags?post=243442"}],"curies":[{"name":"wp","href":"https:\/\/api.w.org\/{rel}","templated":true}]}}