{"id":243334,"date":"2022-04-26T14:26:57","date_gmt":"2022-04-26T10:26:57","guid":{"rendered":"https:\/\/www.meydan.tv\/?p=243334"},"modified":"2022-04-26T14:27:00","modified_gmt":"2022-04-26T10:27:00","slug":"kannda-numayis-olunacaq-filmin-adi-z-herfine-gore-deyisdirildi","status":"publish","type":"post","link":"https:\/\/www.meydan.tv\/az\/article\/kannda-numayis-olunacaq-filmin-adi-z-herfine-gore-deyisdirildi\/","title":{"rendered":"\u201cKann\u201dda n\u00fcmayi\u015f olunacaq filmin ad\u0131 \u201cZ\u201d h\u0259rfin\u0259 g\u00f6r\u0259 d\u0259yi\u015fdirildi"},"content":{"rendered":"\n<p><\/p>\n\n\n\n<p><em>Rejissor: \u201cBununla Ukrayna xalq\u0131na tam d\u0259st\u0259yimi bildirir\u0259m\u201d<\/em><\/p>\n\n\n\n<p>\u201cKann\u201d Kino Festival\u0131n\u0131n a\u00e7\u0131l\u0131\u015f m\u0259rasimind\u0259 n\u00fcmayi\u015f olunacaq \u201cComme Z\u201d filminin ad\u0131nda d\u0259yi\u015fiklik edilib.<\/p>\n\n\n\n<p>Ekran i\u015finin rejissoru Mi\u015fel Hazanavi\u00e7us Ukraynaya d\u0259st\u0259k m\u0259qs\u0259dil\u0259 \u201cZ\u201d h\u0259rfini ixtisara salaraq, filmi \u201cCoup\u00e9\u201d <a href=\"https:\/\/www.youtube.com\/watch?v=Hc3bX8Hh1xg\" target=\"_blank\" rel=\"noreferrer noopener\">adland\u0131r\u0131b<\/a>.<\/p>\n\n\n\n<p>\u201cFilmin \u00e7\u0259kili\u015fl\u0259ri bir ne\u00e7\u0259 ay \u0259vv\u0259l yekunla\u015f\u0131b. H\u0259min vaxt filmin ad\u0131 g\u00fclm\u0259li idi, amma indi v\u0259ziyy\u0259t d\u0259yi\u015fib. \u00c7\u0259kdiyim kino insanlara sevinc b\u0259x\u015f etm\u0259lidir. Filmimin Ukrayna \u0259razisind\u0259 ba\u015f ver\u0259nl\u0259rl\u0259 \u0259laq\u0259l\u0259ndirilm\u0259sini ist\u0259mir\u0259m. Ona g\u00f6r\u0259 d\u0259 ad\u0131n\u0131 d\u0259yi\u015fm\u0259kl\u0259 Ukrayna xalq\u0131na tam d\u0259st\u0259yimi bildirir\u0259m\u201d, &#8211; rejissor <a href=\"https:\/\/variety.com\/2022\/film\/global\/cannes-z-commes-z-renamed-ukraine-1235239864\/#recipient_hashed=4821ef044cc24f3656079933394d84d466d09595c75c831e507cfcb1e627b169\" target=\"_blank\" rel=\"noreferrer noopener\">deyib<\/a>.<\/p>\n\n\n\n<p>Filmin ad\u0131n\u0131n d\u0259yi\u015fdirilm\u0259sin\u0259 s\u0259b\u0259b Ukrayna \u0130nstitutunun m\u00fcraci\u0259ti olub.<\/p>\n\n\n\n<p>Ukrayna \u0130nstitutu bu \u00f6lk\u0259nin m\u0259d\u0259niyy\u0259tini d\u00fcnyada t\u0259msil ed\u0259n t\u0259\u015fkilatd\u0131r.<\/p>\n\n\n\n<p>M\u00fcraci\u0259td\u0259 bildirilir ki, \u201cZ\u201d h\u0259rfi Rusiyan\u0131n Ukraynadak\u0131 x\u00fcsusi \u0259m\u0259liyyat\u0131n\u0131n simvoluna \u00e7evrilib. Amma Fransada film eyni adla t\u0259qdim olunacaq.<\/p>\n\n\n\n<p>Mi\u015fel Hazanavi\u00e7usun s\u00f6zl\u0259rin\u0259 g\u00f6r\u0259, onu d\u0259yi\u015fdirm\u0259k art\u0131q gecdir.<\/p>\n\n\n\n<p>\u201cComme Z\u201d filmi Yaponiya istehsal\u0131 \u201cOne Cut of the Dead\u201d komediyas\u0131n\u0131n remeykidir.<\/p>\n\n\n\n<p>Rusiya M\u00fcdafi\u0259 Nazirliyi h\u0259rbi texnikalar\u0131n \u00fcz\u0259rind\u0259ki \u201cZ\u201d v\u0259 \u201cV\u201d h\u0259rfl\u0259rinin m\u0259nas\u0131n\u0131 <a href=\"https:\/\/www.rbc.ru\/politics\/03\/03\/2022\/622001bf9a794738ce735b2b\" target=\"_blank\" rel=\"noreferrer noopener\">a\u00e7\u0131qlay\u0131b<\/a>.<\/p>\n\n\n\n<p>Qurum \u201cZ\u201dnin \u201cZa pobedu\u201d (\u201cQ\u0259l\u0259b\u0259 u\u011frunda\u201d), \u201cV\u201dnin is\u0259 \u201cSila v pravde\u201d (\u201cG\u00fcc h\u0259qiq\u0259td\u0259dir\u201d) v\u0259 ya \u201cZada\u00e7a budet v\u0131polnena\u201d (\u201cTap\u015f\u0131r\u0131q yerin\u0259 yetiril\u0259c\u0259k\u201d) m\u0259nas\u0131na g\u0259ldiyini bildirib.<\/p>\n\n\n\n<p>75-ci Kann Film Festival\u0131 may\u0131n 17-d\u0259n 28-d\u0259k ke\u00e7iril\u0259c\u0259k.<\/p>\n\n\n\n<p>Rusiya fevral\u0131n 24-d\u0259 Ukraynada h\u0259rbi \u0259m\u0259liyyatlara ba\u015flay\u0131b.<br>Ondan 2 g\u00fcn \u00f6nc\u0259 is\u0259 Rusiya Prezidenti Vladimir Putin a\u00e7\u0131qlama ver\u0259r\u0259k Ukraynan\u0131n \u015f\u0259rqind\u0259ki separat\u00e7\u0131 qurumlar\u0131 tan\u0131d\u0131\u011f\u0131n\u0131 b\u0259yan edib.<\/p>\n\n\n\n<p>Ukrayna, Q\u0259rb liderl\u0259ri h\u0259rbi \u0259m\u0259liyyatlar\u0131 pisl\u0259yib, Putinin buna g\u00f6r\u0259 cavab ver\u0259c\u0259yini bildirib.<\/p>\n\n\n\n<p>Bundan sonra Avropa Birliyi \u00f6lk\u0259l\u0259rind\u0259n, el\u0259c\u0259 d\u0259 AB\u015e-dan Rusiyaya qar\u015f\u0131 sanksiyalar g\u0259lm\u0259y\u0259 ba\u015flay\u0131b.<\/p>\n\n\n\n<p>Sanksiya t\u0259tbiq edil\u0259n 600-d\u0259n \u00e7ox \u015f\u0259xsin i\u00e7ind\u0259 oliqarxlar, y\u00fcks\u0259k r\u00fctb\u0259li h\u0259rb\u00e7il\u0259r, \u015firk\u0259t sahibl\u0259ri, biznesmenl\u0259rl\u0259 yana\u015f\u0131, Rusiya Prezidenti Vladimir Putin v\u0259 xarici i\u015fl\u0259r naziri Sergey Lavrov da var.<\/p>\n\n\n\n<p>Aprelin 7-d\u0259 is\u0259 BMT Ba\u015f Assambleyas\u0131 Rusiyan\u0131n t\u0259\u015fkilat\u0131n \u0130nsan H\u00fcquqlar\u0131 \u015euras\u0131ndan \u00e7\u0131xar\u0131lmas\u0131 il\u0259 ba\u011fl\u0131 q\u0259tnam\u0259 q\u0259bul edib.<\/p>\n\n\n\n<p>Rusiya ordusunun Bu\u00e7a v\u0259 dig\u0259r Ukrayna \u015f\u0259h\u0259rl\u0259rind\u0259 k\u00fctl\u0259vi q\u0259tliamlar v\u0259 m\u00fcharib\u0259 cinay\u0259tl\u0259ri t\u00f6r\u0259tdiyi iddia olunur.<\/p>\n","protected":false},"excerpt":{"rendered":"<p>Rejissor: \u201cBununla Ukrayna xalq\u0131na tam d\u0259st\u0259yimi bildirir\u0259m\u201d \u201cKann\u201d Kino Festival\u0131n\u0131n &#8230; <\/p>\n<p class=\"read-more-container\"><a title=\"\u201cKann\u201dda n\u00fcmayi\u015f olunacaq filmin ad\u0131 \u201cZ\u201d h\u0259rfin\u0259 g\u00f6r\u0259 d\u0259yi\u015fdirildi\" class=\"read-more button\" href=\"https:\/\/www.meydan.tv\/az\/article\/kannda-numayis-olunacaq-filmin-adi-z-herfine-gore-deyisdirildi\/#more-243334\" aria-label=\"Read more about \u201cKann\u201dda n\u00fcmayi\u015f olunacaq filmin ad\u0131 \u201cZ\u201d h\u0259rfin\u0259 g\u00f6r\u0259 d\u0259yi\u015fdirildi\">Davam\u0131<\/a><\/p>\n","protected":false},"author":8,"featured_media":243315,"comment_status":"closed","ping_status":"closed","sticky":false,"template":"","format":"standard","meta":{"_acf_changed":false,"_sitemap_exclude":false,"_sitemap_priority":"","_sitemap_frequency":"","footnotes":""},"categories":[52,56],"tags":[],"class_list":["post-243334","post","type-post","status-publish","format-standard","has-post-thumbnail","hentry","category-medeniyyet","category-xeberler","infinite-scroll-item","generate-columns","tablet-grid-50","mobile-grid-100","grid-parent","grid-33","no-featured-image-padding"],"acf":[],"yoast_head":"<!-- This site is optimized with the Yoast SEO plugin v27.5 - https:\/\/yoast.com\/product\/yoast-seo-wordpress\/ -->\n<title>\u201cKann\u201dda n\u00fcmayi\u015f olunacaq filmin ad\u0131 \u201cZ\u201d h\u0259rfin\u0259 g\u00f6r\u0259 d\u0259yi\u015fdirildi - MEYDAN.TV<\/title>\n<meta name=\"robots\" content=\"index, follow, max-snippet:-1, max-image-preview:large, max-video-preview:-1\" \/>\n<link rel=\"canonical\" href=\"https:\/\/www.meydan.tv\/az\/article\/kannda-numayis-olunacaq-filmin-adi-z-herfine-gore-deyisdirildi\/\" \/>\n<meta property=\"og:locale\" content=\"az_AZ\" \/>\n<meta property=\"og:type\" content=\"article\" \/>\n<meta property=\"og:title\" content=\"\u201cKann\u201dda n\u00fcmayi\u015f olunacaq filmin ad\u0131 \u201cZ\u201d h\u0259rfin\u0259 g\u00f6r\u0259 d\u0259yi\u015fdirildi - MEYDAN.TV\" \/>\n<meta property=\"og:description\" content=\"Rejissor: \u201cBununla Ukrayna xalq\u0131na tam d\u0259st\u0259yimi bildirir\u0259m\u201d \u201cKann\u201d Kino Festival\u0131n\u0131n ... Davam\u0131\" \/>\n<meta property=\"og:url\" content=\"https:\/\/www.meydan.tv\/az\/article\/kannda-numayis-olunacaq-filmin-adi-z-herfine-gore-deyisdirildi\/\" \/>\n<meta property=\"og:site_name\" content=\"MEYDAN.TV\" \/>\n<meta property=\"article:published_time\" content=\"2022-04-26T10:26:57+00:00\" \/>\n<meta property=\"article:modified_time\" content=\"2022-04-26T10:27:00+00:00\" \/>\n<meta property=\"og:image\" content=\"https:\/\/www.meydan.tv\/wp-content\/uploads\/original-1.jpg\" \/>\n\t<meta property=\"og:image:width\" content=\"1200\" \/>\n\t<meta property=\"og:image:height\" content=\"664\" \/>\n\t<meta property=\"og:image:type\" content=\"image\/jpeg\" \/>\n<meta name=\"author\" content=\"elli\" \/>\n<meta name=\"twitter:card\" content=\"summary_large_image\" \/>\n<meta name=\"twitter:creator\" content=\"@elli\" \/>\n<script type=\"application\/ld+json\" class=\"yoast-schema-graph\">{\"@context\":\"https:\\\/\\\/schema.org\",\"@graph\":[{\"@type\":\"Article\",\"@id\":\"https:\\\/\\\/www.meydan.tv\\\/az\\\/article\\\/kannda-numayis-olunacaq-filmin-adi-z-herfine-gore-deyisdirildi\\\/#article\",\"isPartOf\":{\"@id\":\"https:\\\/\\\/www.meydan.tv\\\/az\\\/article\\\/kannda-numayis-olunacaq-filmin-adi-z-herfine-gore-deyisdirildi\\\/\"},\"author\":{\"name\":\"elli\",\"@id\":\"https:\\\/\\\/www.meydan.tv\\\/az\\\/#\\\/schema\\\/person\\\/9cdbecf90d17180ce1dfbd95b08dcf47\"},\"headline\":\"\u201cKann\u201dda n\u00fcmayi\u015f olunacaq filmin ad\u0131 \u201cZ\u201d h\u0259rfin\u0259 g\u00f6r\u0259 d\u0259yi\u015fdirildi\",\"datePublished\":\"2022-04-26T10:26:57+00:00\",\"dateModified\":\"2022-04-26T10:27:00+00:00\",\"mainEntityOfPage\":{\"@id\":\"https:\\\/\\\/www.meydan.tv\\\/az\\\/article\\\/kannda-numayis-olunacaq-filmin-adi-z-herfine-gore-deyisdirildi\\\/\"},\"wordCount\":492,\"publisher\":{\"@id\":\"https:\\\/\\\/www.meydan.tv\\\/az\\\/#organization\"},\"image\":{\"@id\":\"https:\\\/\\\/www.meydan.tv\\\/az\\\/article\\\/kannda-numayis-olunacaq-filmin-adi-z-herfine-gore-deyisdirildi\\\/#primaryimage\"},\"thumbnailUrl\":\"https:\\\/\\\/www.meydan.tv\\\/wp-content\\\/uploads\\\/original-1.jpg\",\"articleSection\":[\"M\u0259d\u0259niyy\u0259t\",\"X\u0259b\u0259rl\u0259r\"],\"inLanguage\":\"az\"},{\"@type\":\"WebPage\",\"@id\":\"https:\\\/\\\/www.meydan.tv\\\/az\\\/article\\\/kannda-numayis-olunacaq-filmin-adi-z-herfine-gore-deyisdirildi\\\/\",\"url\":\"https:\\\/\\\/www.meydan.tv\\\/az\\\/article\\\/kannda-numayis-olunacaq-filmin-adi-z-herfine-gore-deyisdirildi\\\/\",\"name\":\"\u201cKann\u201dda n\u00fcmayi\u015f olunacaq filmin ad\u0131 \u201cZ\u201d h\u0259rfin\u0259 g\u00f6r\u0259 d\u0259yi\u015fdirildi - MEYDAN.TV\",\"isPartOf\":{\"@id\":\"https:\\\/\\\/www.meydan.tv\\\/az\\\/#website\"},\"primaryImageOfPage\":{\"@id\":\"https:\\\/\\\/www.meydan.tv\\\/az\\\/article\\\/kannda-numayis-olunacaq-filmin-adi-z-herfine-gore-deyisdirildi\\\/#primaryimage\"},\"image\":{\"@id\":\"https:\\\/\\\/www.meydan.tv\\\/az\\\/article\\\/kannda-numayis-olunacaq-filmin-adi-z-herfine-gore-deyisdirildi\\\/#primaryimage\"},\"thumbnailUrl\":\"https:\\\/\\\/www.meydan.tv\\\/wp-content\\\/uploads\\\/original-1.jpg\",\"datePublished\":\"2022-04-26T10:26:57+00:00\",\"dateModified\":\"2022-04-26T10:27:00+00:00\",\"breadcrumb\":{\"@id\":\"https:\\\/\\\/www.meydan.tv\\\/az\\\/article\\\/kannda-numayis-olunacaq-filmin-adi-z-herfine-gore-deyisdirildi\\\/#breadcrumb\"},\"inLanguage\":\"az\",\"potentialAction\":[{\"@type\":\"ReadAction\",\"target\":[\"https:\\\/\\\/www.meydan.tv\\\/az\\\/article\\\/kannda-numayis-olunacaq-filmin-adi-z-herfine-gore-deyisdirildi\\\/\"]}]},{\"@type\":\"ImageObject\",\"inLanguage\":\"az\",\"@id\":\"https:\\\/\\\/www.meydan.tv\\\/az\\\/article\\\/kannda-numayis-olunacaq-filmin-adi-z-herfine-gore-deyisdirildi\\\/#primaryimage\",\"url\":\"https:\\\/\\\/www.meydan.tv\\\/wp-content\\\/uploads\\\/original-1.jpg\",\"contentUrl\":\"https:\\\/\\\/www.meydan.tv\\\/wp-content\\\/uploads\\\/original-1.jpg\",\"width\":1200,\"height\":664,\"caption\":\"M\u0259nb\u0259: \\\"mtdata.ru\\\"\"},{\"@type\":\"BreadcrumbList\",\"@id\":\"https:\\\/\\\/www.meydan.tv\\\/az\\\/article\\\/kannda-numayis-olunacaq-filmin-adi-z-herfine-gore-deyisdirildi\\\/#breadcrumb\",\"itemListElement\":[{\"@type\":\"ListItem\",\"position\":1,\"name\":\"Ana s\u0259hif\u0259\",\"item\":\"https:\\\/\\\/www.meydan.tv\\\/az\\\/\"},{\"@type\":\"ListItem\",\"position\":2,\"name\":\"M\u0259d\u0259niyy\u0259t\",\"item\":\"https:\\\/\\\/www.meydan.tv\\\/az\\\/section\\\/medeniyyet\\\/\"},{\"@type\":\"ListItem\",\"position\":3,\"name\":\"\u201cKann\u201dda n\u00fcmayi\u015f olunacaq filmin ad\u0131 \u201cZ\u201d h\u0259rfin\u0259 g\u00f6r\u0259 d\u0259yi\u015fdirildi\"}]},{\"@type\":\"WebSite\",\"@id\":\"https:\\\/\\\/www.meydan.tv\\\/az\\\/#website\",\"url\":\"https:\\\/\\\/www.meydan.tv\\\/az\\\/\",\"name\":\"MEYDAN.TV\",\"description\":\"Meydan TV Az\u0259rbaycan\u0131n media m\u0259kan\u0131ndak\u0131 alternativ s\u0259sidir\",\"publisher\":{\"@id\":\"https:\\\/\\\/www.meydan.tv\\\/az\\\/#organization\"},\"potentialAction\":[{\"@type\":\"SearchAction\",\"target\":{\"@type\":\"EntryPoint\",\"urlTemplate\":\"https:\\\/\\\/www.meydan.tv\\\/az\\\/?s={search_term_string}\"},\"query-input\":{\"@type\":\"PropertyValueSpecification\",\"valueRequired\":true,\"valueName\":\"search_term_string\"}}],\"inLanguage\":\"az\"},{\"@type\":\"Organization\",\"@id\":\"https:\\\/\\\/www.meydan.tv\\\/az\\\/#organization\",\"name\":\"Meydan TV\",\"url\":\"https:\\\/\\\/www.meydan.tv\\\/az\\\/\",\"logo\":{\"@type\":\"ImageObject\",\"inLanguage\":\"az\",\"@id\":\"https:\\\/\\\/www.meydan.tv\\\/az\\\/#\\\/schema\\\/logo\\\/image\\\/\",\"url\":\"https:\\\/\\\/www.meydan.tv\\\/wp-content\\\/uploads\\\/2021\\\/07\\\/meydan-logo.svg\",\"contentUrl\":\"https:\\\/\\\/www.meydan.tv\\\/wp-content\\\/uploads\\\/2021\\\/07\\\/meydan-logo.svg\",\"width\":195,\"height\":46,\"caption\":\"Meydan TV\"},\"image\":{\"@id\":\"https:\\\/\\\/www.meydan.tv\\\/az\\\/#\\\/schema\\\/logo\\\/image\\\/\"}},{\"@type\":\"Person\",\"@id\":\"https:\\\/\\\/www.meydan.tv\\\/az\\\/#\\\/schema\\\/person\\\/9cdbecf90d17180ce1dfbd95b08dcf47\",\"name\":\"elli\",\"sameAs\":[\"https:\\\/\\\/x.com\\\/elli\"]}]}<\/script>\n<!-- \/ Yoast SEO plugin. -->","yoast_head_json":{"title":"\u201cKann\u201dda n\u00fcmayi\u015f olunacaq filmin ad\u0131 \u201cZ\u201d h\u0259rfin\u0259 g\u00f6r\u0259 d\u0259yi\u015fdirildi - MEYDAN.TV","robots":{"index":"index","follow":"follow","max-snippet":"max-snippet:-1","max-image-preview":"max-image-preview:large","max-video-preview":"max-video-preview:-1"},"canonical":"https:\/\/www.meydan.tv\/az\/article\/kannda-numayis-olunacaq-filmin-adi-z-herfine-gore-deyisdirildi\/","og_locale":"az_AZ","og_type":"article","og_title":"\u201cKann\u201dda n\u00fcmayi\u015f olunacaq filmin ad\u0131 \u201cZ\u201d h\u0259rfin\u0259 g\u00f6r\u0259 d\u0259yi\u015fdirildi - MEYDAN.TV","og_description":"Rejissor: \u201cBununla Ukrayna xalq\u0131na tam d\u0259st\u0259yimi bildirir\u0259m\u201d \u201cKann\u201d Kino Festival\u0131n\u0131n ... Davam\u0131","og_url":"https:\/\/www.meydan.tv\/az\/article\/kannda-numayis-olunacaq-filmin-adi-z-herfine-gore-deyisdirildi\/","og_site_name":"MEYDAN.TV","article_published_time":"2022-04-26T10:26:57+00:00","article_modified_time":"2022-04-26T10:27:00+00:00","og_image":[{"width":1200,"height":664,"url":"https:\/\/www.meydan.tv\/wp-content\/uploads\/original-1.jpg","type":"image\/jpeg"}],"author":"elli","twitter_card":"summary_large_image","twitter_creator":"@elli","schema":{"@context":"https:\/\/schema.org","@graph":[{"@type":"Article","@id":"https:\/\/www.meydan.tv\/az\/article\/kannda-numayis-olunacaq-filmin-adi-z-herfine-gore-deyisdirildi\/#article","isPartOf":{"@id":"https:\/\/www.meydan.tv\/az\/article\/kannda-numayis-olunacaq-filmin-adi-z-herfine-gore-deyisdirildi\/"},"author":{"name":"elli","@id":"https:\/\/www.meydan.tv\/az\/#\/schema\/person\/9cdbecf90d17180ce1dfbd95b08dcf47"},"headline":"\u201cKann\u201dda n\u00fcmayi\u015f olunacaq filmin ad\u0131 \u201cZ\u201d h\u0259rfin\u0259 g\u00f6r\u0259 d\u0259yi\u015fdirildi","datePublished":"2022-04-26T10:26:57+00:00","dateModified":"2022-04-26T10:27:00+00:00","mainEntityOfPage":{"@id":"https:\/\/www.meydan.tv\/az\/article\/kannda-numayis-olunacaq-filmin-adi-z-herfine-gore-deyisdirildi\/"},"wordCount":492,"publisher":{"@id":"https:\/\/www.meydan.tv\/az\/#organization"},"image":{"@id":"https:\/\/www.meydan.tv\/az\/article\/kannda-numayis-olunacaq-filmin-adi-z-herfine-gore-deyisdirildi\/#primaryimage"},"thumbnailUrl":"https:\/\/www.meydan.tv\/wp-content\/uploads\/original-1.jpg","articleSection":["M\u0259d\u0259niyy\u0259t","X\u0259b\u0259rl\u0259r"],"inLanguage":"az"},{"@type":"WebPage","@id":"https:\/\/www.meydan.tv\/az\/article\/kannda-numayis-olunacaq-filmin-adi-z-herfine-gore-deyisdirildi\/","url":"https:\/\/www.meydan.tv\/az\/article\/kannda-numayis-olunacaq-filmin-adi-z-herfine-gore-deyisdirildi\/","name":"\u201cKann\u201dda n\u00fcmayi\u015f olunacaq filmin ad\u0131 \u201cZ\u201d h\u0259rfin\u0259 g\u00f6r\u0259 d\u0259yi\u015fdirildi - MEYDAN.TV","isPartOf":{"@id":"https:\/\/www.meydan.tv\/az\/#website"},"primaryImageOfPage":{"@id":"https:\/\/www.meydan.tv\/az\/article\/kannda-numayis-olunacaq-filmin-adi-z-herfine-gore-deyisdirildi\/#primaryimage"},"image":{"@id":"https:\/\/www.meydan.tv\/az\/article\/kannda-numayis-olunacaq-filmin-adi-z-herfine-gore-deyisdirildi\/#primaryimage"},"thumbnailUrl":"https:\/\/www.meydan.tv\/wp-content\/uploads\/original-1.jpg","datePublished":"2022-04-26T10:26:57+00:00","dateModified":"2022-04-26T10:27:00+00:00","breadcrumb":{"@id":"https:\/\/www.meydan.tv\/az\/article\/kannda-numayis-olunacaq-filmin-adi-z-herfine-gore-deyisdirildi\/#breadcrumb"},"inLanguage":"az","potentialAction":[{"@type":"ReadAction","target":["https:\/\/www.meydan.tv\/az\/article\/kannda-numayis-olunacaq-filmin-adi-z-herfine-gore-deyisdirildi\/"]}]},{"@type":"ImageObject","inLanguage":"az","@id":"https:\/\/www.meydan.tv\/az\/article\/kannda-numayis-olunacaq-filmin-adi-z-herfine-gore-deyisdirildi\/#primaryimage","url":"https:\/\/www.meydan.tv\/wp-content\/uploads\/original-1.jpg","contentUrl":"https:\/\/www.meydan.tv\/wp-content\/uploads\/original-1.jpg","width":1200,"height":664,"caption":"M\u0259nb\u0259: \"mtdata.ru\""},{"@type":"BreadcrumbList","@id":"https:\/\/www.meydan.tv\/az\/article\/kannda-numayis-olunacaq-filmin-adi-z-herfine-gore-deyisdirildi\/#breadcrumb","itemListElement":[{"@type":"ListItem","position":1,"name":"Ana s\u0259hif\u0259","item":"https:\/\/www.meydan.tv\/az\/"},{"@type":"ListItem","position":2,"name":"M\u0259d\u0259niyy\u0259t","item":"https:\/\/www.meydan.tv\/az\/section\/medeniyyet\/"},{"@type":"ListItem","position":3,"name":"\u201cKann\u201dda n\u00fcmayi\u015f olunacaq filmin ad\u0131 \u201cZ\u201d h\u0259rfin\u0259 g\u00f6r\u0259 d\u0259yi\u015fdirildi"}]},{"@type":"WebSite","@id":"https:\/\/www.meydan.tv\/az\/#website","url":"https:\/\/www.meydan.tv\/az\/","name":"MEYDAN.TV","description":"Meydan TV Az\u0259rbaycan\u0131n media m\u0259kan\u0131ndak\u0131 alternativ s\u0259sidir","publisher":{"@id":"https:\/\/www.meydan.tv\/az\/#organization"},"potentialAction":[{"@type":"SearchAction","target":{"@type":"EntryPoint","urlTemplate":"https:\/\/www.meydan.tv\/az\/?s={search_term_string}"},"query-input":{"@type":"PropertyValueSpecification","valueRequired":true,"valueName":"search_term_string"}}],"inLanguage":"az"},{"@type":"Organization","@id":"https:\/\/www.meydan.tv\/az\/#organization","name":"Meydan TV","url":"https:\/\/www.meydan.tv\/az\/","logo":{"@type":"ImageObject","inLanguage":"az","@id":"https:\/\/www.meydan.tv\/az\/#\/schema\/logo\/image\/","url":"https:\/\/www.meydan.tv\/wp-content\/uploads\/2021\/07\/meydan-logo.svg","contentUrl":"https:\/\/www.meydan.tv\/wp-content\/uploads\/2021\/07\/meydan-logo.svg","width":195,"height":46,"caption":"Meydan TV"},"image":{"@id":"https:\/\/www.meydan.tv\/az\/#\/schema\/logo\/image\/"}},{"@type":"Person","@id":"https:\/\/www.meydan.tv\/az\/#\/schema\/person\/9cdbecf90d17180ce1dfbd95b08dcf47","name":"elli","sameAs":["https:\/\/x.com\/elli"]}]}},"_links":{"self":[{"href":"https:\/\/www.meydan.tv\/az\/wp-json\/wp\/v2\/posts\/243334","targetHints":{"allow":["GET"]}}],"collection":[{"href":"https:\/\/www.meydan.tv\/az\/wp-json\/wp\/v2\/posts"}],"about":[{"href":"https:\/\/www.meydan.tv\/az\/wp-json\/wp\/v2\/types\/post"}],"author":[{"embeddable":true,"href":"https:\/\/www.meydan.tv\/az\/wp-json\/wp\/v2\/users\/8"}],"replies":[{"embeddable":true,"href":"https:\/\/www.meydan.tv\/az\/wp-json\/wp\/v2\/comments?post=243334"}],"version-history":[{"count":1,"href":"https:\/\/www.meydan.tv\/az\/wp-json\/wp\/v2\/posts\/243334\/revisions"}],"predecessor-version":[{"id":243335,"href":"https:\/\/www.meydan.tv\/az\/wp-json\/wp\/v2\/posts\/243334\/revisions\/243335"}],"wp:featuredmedia":[{"embeddable":true,"href":"https:\/\/www.meydan.tv\/az\/wp-json\/wp\/v2\/media\/243315"}],"wp:attachment":[{"href":"https:\/\/www.meydan.tv\/az\/wp-json\/wp\/v2\/media?parent=243334"}],"wp:term":[{"taxonomy":"category","embeddable":true,"href":"https:\/\/www.meydan.tv\/az\/wp-json\/wp\/v2\/categories?post=243334"},{"taxonomy":"post_tag","embeddable":true,"href":"https:\/\/www.meydan.tv\/az\/wp-json\/wp\/v2\/tags?post=243334"}],"curies":[{"name":"wp","href":"https:\/\/api.w.org\/{rel}","templated":true}]}}