{"id":243333,"date":"2022-04-26T15:40:09","date_gmt":"2022-04-26T11:40:09","guid":{"rendered":"https:\/\/www.meydan.tv\/?p=243333"},"modified":"2022-04-26T15:40:10","modified_gmt":"2022-04-26T11:40:10","slug":"ermenistanda-muxalifet-qarabag-ucun-aksiyalara-baslayib","status":"publish","type":"post","link":"https:\/\/www.meydan.tv\/az\/article\/ermenistanda-muxalifet-qarabag-ucun-aksiyalara-baslayib\/","title":{"rendered":"Erm\u0259nistanda m\u00fcxalif\u0259t Qaraba\u011f \u00fc\u00e7\u00fcn aksiyalara ba\u015flay\u0131b"},"content":{"rendered":"\n<figure class=\"wp-block-embed is-type-video is-provider-youtube wp-block-embed-youtube wp-embed-aspect-16-9 wp-has-aspect-ratio\"><div class=\"wp-block-embed__wrapper\">\n<iframe title=\"Erm\u0259nistanda m\u00fcxalif\u0259t Qaraba\u011f \u00fc\u00e7\u00fcn aksiyalara ba\u015flay\u0131b\" width=\"1200\" height=\"675\" data-src=\"https:\/\/www.youtube.com\/embed\/hKiIKZ52h58?feature=oembed\" frameborder=\"0\" allow=\"accelerometer; autoplay; clipboard-write; encrypted-media; gyroscope; picture-in-picture\" allowfullscreen src=\"data:image\/svg+xml;base64,PHN2ZyB3aWR0aD0iMSIgaGVpZ2h0PSIxIiB4bWxucz0iaHR0cDovL3d3dy53My5vcmcvMjAwMC9zdmciPjwvc3ZnPg==\" class=\"lazyload\" data-load-mode=\"1\"><\/iframe>\n<\/div><\/figure>\n\n\n\n<!--more-->\n\n\n\n<p>Erm\u0259nistan m\u00fcxalif\u0259ti Qaraba\u011fa g\u00f6r\u0259 y\u00fcr\u00fc\u015fl\u0259r\u0259 ba\u015flay\u0131b.<br>Y\u00fcr\u00fc\u015f ke\u00e7mi\u015f prezident Robert Ko\u00e7aryan\u0131n Hayastan m\u00fcxalif\u0259t blokunun t\u0259\u015f\u0259bb\u00fcs\u00fc il\u0259 ke\u00e7irilib.<br>Hayastan fraksiyas\u0131 is\u0259 y\u00fcr\u00fc\u015f\u0259 Pa\u015finyan\u0131n do\u011fma rayonu \u2013 \u0130cevandan ba\u015flay\u0131b. Onlar \u201co\u011ful, ay\u0131l!\u201d \u015f\u00fcar\u0131 il\u0259 paytaxt Yerevanad\u0259k y\u00fcr\u00fc\u015f etm\u0259yi planla\u015fd\u0131r\u0131rlar.<br>Y\u00fcr\u00fc\u015fl\u0259rin 5 g\u00fcn davam ed\u0259c\u0259yi v\u0259 yekun olaraq mitinq ke\u00e7iril\u0259c\u0259yi d\u0259 bildirilib.<br>Hayastan m\u00fcxalif\u0259t blokunun \u00fczv\u00fc deyib ki, bu m\u00fcbariz\u0259 \u015f\u0259b\u0259k\u0259 v\u0259 ya m\u0259rk\u0259zsiz xarakter da\u015f\u0131y\u0131r v\u0259 m\u0259qs\u0259d b\u00fct\u00fcn Erm\u0259nistanda xalq\u0131 aya\u011fa qald\u0131rmaqd\u0131r.<br>Y\u00fcr\u00fc\u015f insidentsiz \u00f6t\u00fc\u015fm\u0259yib. V\u0259ziyy\u0259t deputat Geqam Manukyan ba\u015f nazir Nikol Pa\u015finyan\u0131n \u015f\u0259klini k\u00fc\u00e7\u0259d\u0259ki s\u00fcr\u0259t detektoruna yap\u0131\u015fd\u0131rmaq ist\u0259y\u0259nd\u0259 g\u0259rginl\u0259\u015fib.<br>Polis bu h\u0259r\u0259k\u0259t\u0259 yol verm\u0259y\u0259nd\u0259 is\u0259 qar\u0131\u015f\u0131ql\u0131q d\u00fc\u015f\u00fcb. Bir ne\u00e7\u0259 n\u00fcmayi\u015f\u00e7inin yer\u0259 y\u0131x\u0131ld\u0131\u011f\u0131 x\u0259b\u0259r verilir.<br>Polisin b\u0259zi i\u015ftirak\u00e7\u0131lar\u0131 saxlad\u0131\u011f\u0131 x\u0259b\u0259r verilir.<\/p>\n","protected":false},"excerpt":{"rendered":"","protected":false},"author":14,"featured_media":243349,"comment_status":"closed","ping_status":"closed","sticky":false,"template":"","format":"standard","meta":{"_acf_changed":false,"_sitemap_exclude":false,"_sitemap_priority":"","_sitemap_frequency":"","footnotes":""},"categories":[63,56],"tags":[],"class_list":["post-243333","post","type-post","status-publish","format-standard","has-post-thumbnail","hentry","category-video-2","category-xeberler","infinite-scroll-item","generate-columns","tablet-grid-50","mobile-grid-100","grid-parent","grid-33","no-featured-image-padding"],"acf":[],"yoast_head":"<!-- This site is optimized with the Yoast SEO plugin v27.5 - https:\/\/yoast.com\/product\/yoast-seo-wordpress\/ -->\n<title>Erm\u0259nistanda m\u00fcxalif\u0259t Qaraba\u011f \u00fc\u00e7\u00fcn aksiyalara ba\u015flay\u0131b - MEYDAN.TV<\/title>\n<meta name=\"robots\" content=\"index, follow, max-snippet:-1, max-image-preview:large, max-video-preview:-1\" \/>\n<link rel=\"canonical\" href=\"https:\/\/www.meydan.tv\/az\/article\/ermenistanda-muxalifet-qarabag-ucun-aksiyalara-baslayib\/\" \/>\n<meta property=\"og:locale\" content=\"az_AZ\" \/>\n<meta property=\"og:type\" content=\"article\" \/>\n<meta property=\"og:title\" content=\"Erm\u0259nistanda m\u00fcxalif\u0259t Qaraba\u011f \u00fc\u00e7\u00fcn aksiyalara ba\u015flay\u0131b - MEYDAN.TV\" \/>\n<meta property=\"og:url\" content=\"https:\/\/www.meydan.tv\/az\/article\/ermenistanda-muxalifet-qarabag-ucun-aksiyalara-baslayib\/\" \/>\n<meta property=\"og:site_name\" content=\"MEYDAN.TV\" \/>\n<meta property=\"article:published_time\" content=\"2022-04-26T11:40:09+00:00\" \/>\n<meta property=\"article:modified_time\" content=\"2022-04-26T11:40:10+00:00\" \/>\n<meta property=\"og:image\" content=\"https:\/\/www.meydan.tv\/wp-content\/uploads\/screenshot-at-apr-26-13-36-03-1200x670.png\" \/>\n\t<meta property=\"og:image:width\" content=\"1200\" \/>\n\t<meta property=\"og:image:height\" content=\"670\" \/>\n\t<meta property=\"og:image:type\" content=\"image\/png\" \/>\n<meta name=\"author\" content=\"roma\" \/>\n<meta name=\"twitter:card\" content=\"summary_large_image\" \/>\n<script type=\"application\/ld+json\" class=\"yoast-schema-graph\">{\"@context\":\"https:\\\/\\\/schema.org\",\"@graph\":[{\"@type\":\"Article\",\"@id\":\"https:\\\/\\\/www.meydan.tv\\\/az\\\/article\\\/ermenistanda-muxalifet-qarabag-ucun-aksiyalara-baslayib\\\/#article\",\"isPartOf\":{\"@id\":\"https:\\\/\\\/www.meydan.tv\\\/az\\\/article\\\/ermenistanda-muxalifet-qarabag-ucun-aksiyalara-baslayib\\\/\"},\"author\":{\"name\":\"roma\",\"@id\":\"https:\\\/\\\/www.meydan.tv\\\/az\\\/#\\\/schema\\\/person\\\/8f23e01c4de63326c13c319fb65ee65d\"},\"headline\":\"Erm\u0259nistanda m\u00fcxalif\u0259t Qaraba\u011f \u00fc\u00e7\u00fcn aksiyalara ba\u015flay\u0131b\",\"datePublished\":\"2022-04-26T11:40:09+00:00\",\"dateModified\":\"2022-04-26T11:40:10+00:00\",\"mainEntityOfPage\":{\"@id\":\"https:\\\/\\\/www.meydan.tv\\\/az\\\/article\\\/ermenistanda-muxalifet-qarabag-ucun-aksiyalara-baslayib\\\/\"},\"wordCount\":217,\"publisher\":{\"@id\":\"https:\\\/\\\/www.meydan.tv\\\/az\\\/#organization\"},\"image\":{\"@id\":\"https:\\\/\\\/www.meydan.tv\\\/az\\\/article\\\/ermenistanda-muxalifet-qarabag-ucun-aksiyalara-baslayib\\\/#primaryimage\"},\"thumbnailUrl\":\"https:\\\/\\\/www.meydan.tv\\\/wp-content\\\/uploads\\\/screenshot-at-apr-26-13-36-03.png\",\"articleSection\":[\"Video\",\"X\u0259b\u0259rl\u0259r\"],\"inLanguage\":\"az\"},{\"@type\":\"WebPage\",\"@id\":\"https:\\\/\\\/www.meydan.tv\\\/az\\\/article\\\/ermenistanda-muxalifet-qarabag-ucun-aksiyalara-baslayib\\\/\",\"url\":\"https:\\\/\\\/www.meydan.tv\\\/az\\\/article\\\/ermenistanda-muxalifet-qarabag-ucun-aksiyalara-baslayib\\\/\",\"name\":\"Erm\u0259nistanda m\u00fcxalif\u0259t Qaraba\u011f \u00fc\u00e7\u00fcn aksiyalara ba\u015flay\u0131b - MEYDAN.TV\",\"isPartOf\":{\"@id\":\"https:\\\/\\\/www.meydan.tv\\\/az\\\/#website\"},\"primaryImageOfPage\":{\"@id\":\"https:\\\/\\\/www.meydan.tv\\\/az\\\/article\\\/ermenistanda-muxalifet-qarabag-ucun-aksiyalara-baslayib\\\/#primaryimage\"},\"image\":{\"@id\":\"https:\\\/\\\/www.meydan.tv\\\/az\\\/article\\\/ermenistanda-muxalifet-qarabag-ucun-aksiyalara-baslayib\\\/#primaryimage\"},\"thumbnailUrl\":\"https:\\\/\\\/www.meydan.tv\\\/wp-content\\\/uploads\\\/screenshot-at-apr-26-13-36-03.png\",\"datePublished\":\"2022-04-26T11:40:09+00:00\",\"dateModified\":\"2022-04-26T11:40:10+00:00\",\"breadcrumb\":{\"@id\":\"https:\\\/\\\/www.meydan.tv\\\/az\\\/article\\\/ermenistanda-muxalifet-qarabag-ucun-aksiyalara-baslayib\\\/#breadcrumb\"},\"inLanguage\":\"az\",\"potentialAction\":[{\"@type\":\"ReadAction\",\"target\":[\"https:\\\/\\\/www.meydan.tv\\\/az\\\/article\\\/ermenistanda-muxalifet-qarabag-ucun-aksiyalara-baslayib\\\/\"]}]},{\"@type\":\"ImageObject\",\"inLanguage\":\"az\",\"@id\":\"https:\\\/\\\/www.meydan.tv\\\/az\\\/article\\\/ermenistanda-muxalifet-qarabag-ucun-aksiyalara-baslayib\\\/#primaryimage\",\"url\":\"https:\\\/\\\/www.meydan.tv\\\/wp-content\\\/uploads\\\/screenshot-at-apr-26-13-36-03.png\",\"contentUrl\":\"https:\\\/\\\/www.meydan.tv\\\/wp-content\\\/uploads\\\/screenshot-at-apr-26-13-36-03.png\",\"width\":1652,\"height\":922},{\"@type\":\"BreadcrumbList\",\"@id\":\"https:\\\/\\\/www.meydan.tv\\\/az\\\/article\\\/ermenistanda-muxalifet-qarabag-ucun-aksiyalara-baslayib\\\/#breadcrumb\",\"itemListElement\":[{\"@type\":\"ListItem\",\"position\":1,\"name\":\"Ana s\u0259hif\u0259\",\"item\":\"https:\\\/\\\/www.meydan.tv\\\/az\\\/\"},{\"@type\":\"ListItem\",\"position\":2,\"name\":\"Video\",\"item\":\"https:\\\/\\\/www.meydan.tv\\\/az\\\/section\\\/video-2\\\/\"},{\"@type\":\"ListItem\",\"position\":3,\"name\":\"Erm\u0259nistanda m\u00fcxalif\u0259t Qaraba\u011f \u00fc\u00e7\u00fcn aksiyalara ba\u015flay\u0131b\"}]},{\"@type\":\"WebSite\",\"@id\":\"https:\\\/\\\/www.meydan.tv\\\/az\\\/#website\",\"url\":\"https:\\\/\\\/www.meydan.tv\\\/az\\\/\",\"name\":\"MEYDAN.TV\",\"description\":\"Meydan TV Az\u0259rbaycan\u0131n media m\u0259kan\u0131ndak\u0131 alternativ s\u0259sidir\",\"publisher\":{\"@id\":\"https:\\\/\\\/www.meydan.tv\\\/az\\\/#organization\"},\"potentialAction\":[{\"@type\":\"SearchAction\",\"target\":{\"@type\":\"EntryPoint\",\"urlTemplate\":\"https:\\\/\\\/www.meydan.tv\\\/az\\\/?s={search_term_string}\"},\"query-input\":{\"@type\":\"PropertyValueSpecification\",\"valueRequired\":true,\"valueName\":\"search_term_string\"}}],\"inLanguage\":\"az\"},{\"@type\":\"Organization\",\"@id\":\"https:\\\/\\\/www.meydan.tv\\\/az\\\/#organization\",\"name\":\"Meydan TV\",\"url\":\"https:\\\/\\\/www.meydan.tv\\\/az\\\/\",\"logo\":{\"@type\":\"ImageObject\",\"inLanguage\":\"az\",\"@id\":\"https:\\\/\\\/www.meydan.tv\\\/az\\\/#\\\/schema\\\/logo\\\/image\\\/\",\"url\":\"https:\\\/\\\/www.meydan.tv\\\/wp-content\\\/uploads\\\/2021\\\/07\\\/meydan-logo.svg\",\"contentUrl\":\"https:\\\/\\\/www.meydan.tv\\\/wp-content\\\/uploads\\\/2021\\\/07\\\/meydan-logo.svg\",\"width\":195,\"height\":46,\"caption\":\"Meydan TV\"},\"image\":{\"@id\":\"https:\\\/\\\/www.meydan.tv\\\/az\\\/#\\\/schema\\\/logo\\\/image\\\/\"}},{\"@type\":\"Person\",\"@id\":\"https:\\\/\\\/www.meydan.tv\\\/az\\\/#\\\/schema\\\/person\\\/8f23e01c4de63326c13c319fb65ee65d\",\"name\":\"roma\"}]}<\/script>\n<!-- \/ Yoast SEO plugin. -->","yoast_head_json":{"title":"Erm\u0259nistanda m\u00fcxalif\u0259t Qaraba\u011f \u00fc\u00e7\u00fcn aksiyalara ba\u015flay\u0131b - MEYDAN.TV","robots":{"index":"index","follow":"follow","max-snippet":"max-snippet:-1","max-image-preview":"max-image-preview:large","max-video-preview":"max-video-preview:-1"},"canonical":"https:\/\/www.meydan.tv\/az\/article\/ermenistanda-muxalifet-qarabag-ucun-aksiyalara-baslayib\/","og_locale":"az_AZ","og_type":"article","og_title":"Erm\u0259nistanda m\u00fcxalif\u0259t Qaraba\u011f \u00fc\u00e7\u00fcn aksiyalara ba\u015flay\u0131b - MEYDAN.TV","og_url":"https:\/\/www.meydan.tv\/az\/article\/ermenistanda-muxalifet-qarabag-ucun-aksiyalara-baslayib\/","og_site_name":"MEYDAN.TV","article_published_time":"2022-04-26T11:40:09+00:00","article_modified_time":"2022-04-26T11:40:10+00:00","og_image":[{"width":1200,"height":670,"url":"https:\/\/www.meydan.tv\/wp-content\/uploads\/screenshot-at-apr-26-13-36-03-1200x670.png","type":"image\/png"}],"author":"roma","twitter_card":"summary_large_image","schema":{"@context":"https:\/\/schema.org","@graph":[{"@type":"Article","@id":"https:\/\/www.meydan.tv\/az\/article\/ermenistanda-muxalifet-qarabag-ucun-aksiyalara-baslayib\/#article","isPartOf":{"@id":"https:\/\/www.meydan.tv\/az\/article\/ermenistanda-muxalifet-qarabag-ucun-aksiyalara-baslayib\/"},"author":{"name":"roma","@id":"https:\/\/www.meydan.tv\/az\/#\/schema\/person\/8f23e01c4de63326c13c319fb65ee65d"},"headline":"Erm\u0259nistanda m\u00fcxalif\u0259t Qaraba\u011f \u00fc\u00e7\u00fcn aksiyalara ba\u015flay\u0131b","datePublished":"2022-04-26T11:40:09+00:00","dateModified":"2022-04-26T11:40:10+00:00","mainEntityOfPage":{"@id":"https:\/\/www.meydan.tv\/az\/article\/ermenistanda-muxalifet-qarabag-ucun-aksiyalara-baslayib\/"},"wordCount":217,"publisher":{"@id":"https:\/\/www.meydan.tv\/az\/#organization"},"image":{"@id":"https:\/\/www.meydan.tv\/az\/article\/ermenistanda-muxalifet-qarabag-ucun-aksiyalara-baslayib\/#primaryimage"},"thumbnailUrl":"https:\/\/www.meydan.tv\/wp-content\/uploads\/screenshot-at-apr-26-13-36-03.png","articleSection":["Video","X\u0259b\u0259rl\u0259r"],"inLanguage":"az"},{"@type":"WebPage","@id":"https:\/\/www.meydan.tv\/az\/article\/ermenistanda-muxalifet-qarabag-ucun-aksiyalara-baslayib\/","url":"https:\/\/www.meydan.tv\/az\/article\/ermenistanda-muxalifet-qarabag-ucun-aksiyalara-baslayib\/","name":"Erm\u0259nistanda m\u00fcxalif\u0259t Qaraba\u011f \u00fc\u00e7\u00fcn aksiyalara ba\u015flay\u0131b - MEYDAN.TV","isPartOf":{"@id":"https:\/\/www.meydan.tv\/az\/#website"},"primaryImageOfPage":{"@id":"https:\/\/www.meydan.tv\/az\/article\/ermenistanda-muxalifet-qarabag-ucun-aksiyalara-baslayib\/#primaryimage"},"image":{"@id":"https:\/\/www.meydan.tv\/az\/article\/ermenistanda-muxalifet-qarabag-ucun-aksiyalara-baslayib\/#primaryimage"},"thumbnailUrl":"https:\/\/www.meydan.tv\/wp-content\/uploads\/screenshot-at-apr-26-13-36-03.png","datePublished":"2022-04-26T11:40:09+00:00","dateModified":"2022-04-26T11:40:10+00:00","breadcrumb":{"@id":"https:\/\/www.meydan.tv\/az\/article\/ermenistanda-muxalifet-qarabag-ucun-aksiyalara-baslayib\/#breadcrumb"},"inLanguage":"az","potentialAction":[{"@type":"ReadAction","target":["https:\/\/www.meydan.tv\/az\/article\/ermenistanda-muxalifet-qarabag-ucun-aksiyalara-baslayib\/"]}]},{"@type":"ImageObject","inLanguage":"az","@id":"https:\/\/www.meydan.tv\/az\/article\/ermenistanda-muxalifet-qarabag-ucun-aksiyalara-baslayib\/#primaryimage","url":"https:\/\/www.meydan.tv\/wp-content\/uploads\/screenshot-at-apr-26-13-36-03.png","contentUrl":"https:\/\/www.meydan.tv\/wp-content\/uploads\/screenshot-at-apr-26-13-36-03.png","width":1652,"height":922},{"@type":"BreadcrumbList","@id":"https:\/\/www.meydan.tv\/az\/article\/ermenistanda-muxalifet-qarabag-ucun-aksiyalara-baslayib\/#breadcrumb","itemListElement":[{"@type":"ListItem","position":1,"name":"Ana s\u0259hif\u0259","item":"https:\/\/www.meydan.tv\/az\/"},{"@type":"ListItem","position":2,"name":"Video","item":"https:\/\/www.meydan.tv\/az\/section\/video-2\/"},{"@type":"ListItem","position":3,"name":"Erm\u0259nistanda m\u00fcxalif\u0259t Qaraba\u011f \u00fc\u00e7\u00fcn aksiyalara ba\u015flay\u0131b"}]},{"@type":"WebSite","@id":"https:\/\/www.meydan.tv\/az\/#website","url":"https:\/\/www.meydan.tv\/az\/","name":"MEYDAN.TV","description":"Meydan TV Az\u0259rbaycan\u0131n media m\u0259kan\u0131ndak\u0131 alternativ s\u0259sidir","publisher":{"@id":"https:\/\/www.meydan.tv\/az\/#organization"},"potentialAction":[{"@type":"SearchAction","target":{"@type":"EntryPoint","urlTemplate":"https:\/\/www.meydan.tv\/az\/?s={search_term_string}"},"query-input":{"@type":"PropertyValueSpecification","valueRequired":true,"valueName":"search_term_string"}}],"inLanguage":"az"},{"@type":"Organization","@id":"https:\/\/www.meydan.tv\/az\/#organization","name":"Meydan TV","url":"https:\/\/www.meydan.tv\/az\/","logo":{"@type":"ImageObject","inLanguage":"az","@id":"https:\/\/www.meydan.tv\/az\/#\/schema\/logo\/image\/","url":"https:\/\/www.meydan.tv\/wp-content\/uploads\/2021\/07\/meydan-logo.svg","contentUrl":"https:\/\/www.meydan.tv\/wp-content\/uploads\/2021\/07\/meydan-logo.svg","width":195,"height":46,"caption":"Meydan TV"},"image":{"@id":"https:\/\/www.meydan.tv\/az\/#\/schema\/logo\/image\/"}},{"@type":"Person","@id":"https:\/\/www.meydan.tv\/az\/#\/schema\/person\/8f23e01c4de63326c13c319fb65ee65d","name":"roma"}]}},"_links":{"self":[{"href":"https:\/\/www.meydan.tv\/az\/wp-json\/wp\/v2\/posts\/243333","targetHints":{"allow":["GET"]}}],"collection":[{"href":"https:\/\/www.meydan.tv\/az\/wp-json\/wp\/v2\/posts"}],"about":[{"href":"https:\/\/www.meydan.tv\/az\/wp-json\/wp\/v2\/types\/post"}],"author":[{"embeddable":true,"href":"https:\/\/www.meydan.tv\/az\/wp-json\/wp\/v2\/users\/14"}],"replies":[{"embeddable":true,"href":"https:\/\/www.meydan.tv\/az\/wp-json\/wp\/v2\/comments?post=243333"}],"version-history":[{"count":1,"href":"https:\/\/www.meydan.tv\/az\/wp-json\/wp\/v2\/posts\/243333\/revisions"}],"predecessor-version":[{"id":243352,"href":"https:\/\/www.meydan.tv\/az\/wp-json\/wp\/v2\/posts\/243333\/revisions\/243352"}],"wp:featuredmedia":[{"embeddable":true,"href":"https:\/\/www.meydan.tv\/az\/wp-json\/wp\/v2\/media\/243349"}],"wp:attachment":[{"href":"https:\/\/www.meydan.tv\/az\/wp-json\/wp\/v2\/media?parent=243333"}],"wp:term":[{"taxonomy":"category","embeddable":true,"href":"https:\/\/www.meydan.tv\/az\/wp-json\/wp\/v2\/categories?post=243333"},{"taxonomy":"post_tag","embeddable":true,"href":"https:\/\/www.meydan.tv\/az\/wp-json\/wp\/v2\/tags?post=243333"}],"curies":[{"name":"wp","href":"https:\/\/api.w.org\/{rel}","templated":true}]}}