{"id":243328,"date":"2022-04-26T14:05:19","date_gmt":"2022-04-26T10:05:19","guid":{"rendered":"https:\/\/www.meydan.tv\/?p=243328"},"modified":"2022-04-26T14:05:20","modified_gmt":"2022-04-26T10:05:20","slug":"huquq-mudafiecileri-ile-olkedeki-insan-haqlarinin-veziyyetini-muzakire-edirik","status":"publish","type":"post","link":"https:\/\/www.meydan.tv\/az\/article\/huquq-mudafiecileri-ile-olkedeki-insan-haqlarinin-veziyyetini-muzakire-edirik\/","title":{"rendered":"H\u00fcquq m\u00fcdafi\u0259\u00e7il\u0259ri il\u0259 \u00f6lk\u0259d\u0259ki insan haqlar\u0131n\u0131n v\u0259ziyy\u0259tini m\u00fczakir\u0259 edirik"},"content":{"rendered":"\n<figure class=\"wp-block-embed is-type-video is-provider-youtube wp-block-embed-youtube wp-embed-aspect-16-9 wp-has-aspect-ratio\"><div class=\"wp-block-embed__wrapper\">\n<iframe title=\"H\u00fcquq m\u00fcdafi\u0259\u00e7il\u0259ri il\u0259 \u00f6lk\u0259d\u0259ki insan haqlar\u0131n\u0131n v\u0259ziyy\u0259tini m\u00fczakir\u0259 edirik\" width=\"1200\" height=\"675\" data-src=\"https:\/\/www.youtube.com\/embed\/oGif289fzpA?feature=oembed\" frameborder=\"0\" allow=\"accelerometer; autoplay; clipboard-write; encrypted-media; gyroscope; picture-in-picture\" allowfullscreen src=\"data:image\/svg+xml;base64,PHN2ZyB3aWR0aD0iMSIgaGVpZ2h0PSIxIiB4bWxucz0iaHR0cDovL3d3dy53My5vcmcvMjAwMC9zdmciPjwvc3ZnPg==\" class=\"lazyload\" data-load-mode=\"1\"><\/iframe>\n<\/div><\/figure>\n\n\n\n<!--more-->\n\n\n\n<p>H\u00fcquq m\u00fcdafi\u0259\u00e7isi Zaur \u018fkb\u0259r: &#8220;\u0130ll\u0259r \u0259vv\u0259l insanlar\u0131 polis b\u00f6lm\u0259sind\u0259 d\u00f6y\u00fcrd\u00fcl\u0259rs\u0259, indi k\u00fc\u00e7\u0259d\u0259 \u0259lini, g\u00f6z\u00fcn\u00fc ba\u011flay\u0131b o\u011furlay\u0131rlar. Sonra da D\u0130N-nin r\u0259smisi hadis\u0259ni t\u0259kzib edirs\u0259, Az\u0259rbaycanda insan haqlar\u0131n\u0131n yax\u015f\u0131la\u015fmas\u0131ndan nec\u0259 dan\u0131\u015fa bil\u0259rik?&#8221; <\/p>\n\n\n\n<p>H\u00fcquq m\u00fcdafi\u0259\u00e7isi R\u0259sul C\u0259f\u0259rov: &#8220;\u018fvv\u0259lki ill\u0259r\u0259 nisb\u0259t\u0259n siyasi m\u0259hbus siyah\u0131s\u0131 ki\u00e7ilib. Bu, m\u0259s\u0259l\u0259n m\u00fc\u0259yy\u0259n sah\u0259l\u0259rd\u0259 texniki i\u015fl\u0259rl\u0259 ba\u011fl\u0131 m\u00fcsb\u0259t xarakterli d\u0259yi\u015fiklikl\u0259r kimi g\u00f6r\u00fcn\u0259 bil\u0259r, ancaq buna fundamental d\u0259yi\u015fiklik dey\u0259 bilm\u0259rik&#8221;.<\/p>\n","protected":false},"excerpt":{"rendered":"","protected":false},"author":14,"featured_media":243329,"comment_status":"closed","ping_status":"closed","sticky":false,"template":"","format":"standard","meta":{"_acf_changed":false,"_sitemap_exclude":false,"_sitemap_priority":"","_sitemap_frequency":"","footnotes":""},"categories":[63],"tags":[],"class_list":["post-243328","post","type-post","status-publish","format-standard","has-post-thumbnail","hentry","category-video-2","infinite-scroll-item","generate-columns","tablet-grid-50","mobile-grid-100","grid-parent","grid-33","no-featured-image-padding"],"acf":[],"yoast_head":"<!-- This site is optimized with the Yoast SEO plugin v27.5 - https:\/\/yoast.com\/product\/yoast-seo-wordpress\/ -->\n<title>H\u00fcquq m\u00fcdafi\u0259\u00e7il\u0259ri il\u0259 \u00f6lk\u0259d\u0259ki insan haqlar\u0131n\u0131n v\u0259ziyy\u0259tini m\u00fczakir\u0259 edirik - MEYDAN.TV<\/title>\n<meta name=\"robots\" content=\"index, follow, max-snippet:-1, max-image-preview:large, max-video-preview:-1\" \/>\n<link rel=\"canonical\" href=\"https:\/\/www.meydan.tv\/az\/article\/huquq-mudafiecileri-ile-olkedeki-insan-haqlarinin-veziyyetini-muzakire-edirik\/\" \/>\n<meta property=\"og:locale\" content=\"az_AZ\" \/>\n<meta property=\"og:type\" content=\"article\" \/>\n<meta property=\"og:title\" content=\"H\u00fcquq m\u00fcdafi\u0259\u00e7il\u0259ri il\u0259 \u00f6lk\u0259d\u0259ki insan haqlar\u0131n\u0131n v\u0259ziyy\u0259tini m\u00fczakir\u0259 edirik - MEYDAN.TV\" \/>\n<meta property=\"og:url\" content=\"https:\/\/www.meydan.tv\/az\/article\/huquq-mudafiecileri-ile-olkedeki-insan-haqlarinin-veziyyetini-muzakire-edirik\/\" \/>\n<meta property=\"og:site_name\" content=\"MEYDAN.TV\" \/>\n<meta property=\"article:published_time\" content=\"2022-04-26T10:05:19+00:00\" \/>\n<meta property=\"article:modified_time\" content=\"2022-04-26T10:05:20+00:00\" \/>\n<meta property=\"og:image\" content=\"https:\/\/www.meydan.tv\/wp-content\/uploads\/543212.png\" \/>\n\t<meta property=\"og:image:width\" content=\"1280\" \/>\n\t<meta property=\"og:image:height\" content=\"720\" \/>\n\t<meta property=\"og:image:type\" content=\"image\/png\" \/>\n<meta name=\"author\" content=\"roma\" \/>\n<meta name=\"twitter:card\" content=\"summary_large_image\" \/>\n<script type=\"application\/ld+json\" class=\"yoast-schema-graph\">{\"@context\":\"https:\\\/\\\/schema.org\",\"@graph\":[{\"@type\":\"Article\",\"@id\":\"https:\\\/\\\/www.meydan.tv\\\/az\\\/article\\\/huquq-mudafiecileri-ile-olkedeki-insan-haqlarinin-veziyyetini-muzakire-edirik\\\/#article\",\"isPartOf\":{\"@id\":\"https:\\\/\\\/www.meydan.tv\\\/az\\\/article\\\/huquq-mudafiecileri-ile-olkedeki-insan-haqlarinin-veziyyetini-muzakire-edirik\\\/\"},\"author\":{\"name\":\"roma\",\"@id\":\"https:\\\/\\\/www.meydan.tv\\\/az\\\/#\\\/schema\\\/person\\\/8f23e01c4de63326c13c319fb65ee65d\"},\"headline\":\"H\u00fcquq m\u00fcdafi\u0259\u00e7il\u0259ri il\u0259 \u00f6lk\u0259d\u0259ki insan haqlar\u0131n\u0131n v\u0259ziyy\u0259tini m\u00fczakir\u0259 edirik\",\"datePublished\":\"2022-04-26T10:05:19+00:00\",\"dateModified\":\"2022-04-26T10:05:20+00:00\",\"mainEntityOfPage\":{\"@id\":\"https:\\\/\\\/www.meydan.tv\\\/az\\\/article\\\/huquq-mudafiecileri-ile-olkedeki-insan-haqlarinin-veziyyetini-muzakire-edirik\\\/\"},\"wordCount\":150,\"publisher\":{\"@id\":\"https:\\\/\\\/www.meydan.tv\\\/az\\\/#organization\"},\"image\":{\"@id\":\"https:\\\/\\\/www.meydan.tv\\\/az\\\/article\\\/huquq-mudafiecileri-ile-olkedeki-insan-haqlarinin-veziyyetini-muzakire-edirik\\\/#primaryimage\"},\"thumbnailUrl\":\"https:\\\/\\\/www.meydan.tv\\\/wp-content\\\/uploads\\\/543212.png\",\"articleSection\":[\"Video\"],\"inLanguage\":\"az\"},{\"@type\":\"WebPage\",\"@id\":\"https:\\\/\\\/www.meydan.tv\\\/az\\\/article\\\/huquq-mudafiecileri-ile-olkedeki-insan-haqlarinin-veziyyetini-muzakire-edirik\\\/\",\"url\":\"https:\\\/\\\/www.meydan.tv\\\/az\\\/article\\\/huquq-mudafiecileri-ile-olkedeki-insan-haqlarinin-veziyyetini-muzakire-edirik\\\/\",\"name\":\"H\u00fcquq m\u00fcdafi\u0259\u00e7il\u0259ri il\u0259 \u00f6lk\u0259d\u0259ki insan haqlar\u0131n\u0131n v\u0259ziyy\u0259tini m\u00fczakir\u0259 edirik - MEYDAN.TV\",\"isPartOf\":{\"@id\":\"https:\\\/\\\/www.meydan.tv\\\/az\\\/#website\"},\"primaryImageOfPage\":{\"@id\":\"https:\\\/\\\/www.meydan.tv\\\/az\\\/article\\\/huquq-mudafiecileri-ile-olkedeki-insan-haqlarinin-veziyyetini-muzakire-edirik\\\/#primaryimage\"},\"image\":{\"@id\":\"https:\\\/\\\/www.meydan.tv\\\/az\\\/article\\\/huquq-mudafiecileri-ile-olkedeki-insan-haqlarinin-veziyyetini-muzakire-edirik\\\/#primaryimage\"},\"thumbnailUrl\":\"https:\\\/\\\/www.meydan.tv\\\/wp-content\\\/uploads\\\/543212.png\",\"datePublished\":\"2022-04-26T10:05:19+00:00\",\"dateModified\":\"2022-04-26T10:05:20+00:00\",\"breadcrumb\":{\"@id\":\"https:\\\/\\\/www.meydan.tv\\\/az\\\/article\\\/huquq-mudafiecileri-ile-olkedeki-insan-haqlarinin-veziyyetini-muzakire-edirik\\\/#breadcrumb\"},\"inLanguage\":\"az\",\"potentialAction\":[{\"@type\":\"ReadAction\",\"target\":[\"https:\\\/\\\/www.meydan.tv\\\/az\\\/article\\\/huquq-mudafiecileri-ile-olkedeki-insan-haqlarinin-veziyyetini-muzakire-edirik\\\/\"]}]},{\"@type\":\"ImageObject\",\"inLanguage\":\"az\",\"@id\":\"https:\\\/\\\/www.meydan.tv\\\/az\\\/article\\\/huquq-mudafiecileri-ile-olkedeki-insan-haqlarinin-veziyyetini-muzakire-edirik\\\/#primaryimage\",\"url\":\"https:\\\/\\\/www.meydan.tv\\\/wp-content\\\/uploads\\\/543212.png\",\"contentUrl\":\"https:\\\/\\\/www.meydan.tv\\\/wp-content\\\/uploads\\\/543212.png\",\"width\":1280,\"height\":720},{\"@type\":\"BreadcrumbList\",\"@id\":\"https:\\\/\\\/www.meydan.tv\\\/az\\\/article\\\/huquq-mudafiecileri-ile-olkedeki-insan-haqlarinin-veziyyetini-muzakire-edirik\\\/#breadcrumb\",\"itemListElement\":[{\"@type\":\"ListItem\",\"position\":1,\"name\":\"Ana s\u0259hif\u0259\",\"item\":\"https:\\\/\\\/www.meydan.tv\\\/az\\\/\"},{\"@type\":\"ListItem\",\"position\":2,\"name\":\"Video\",\"item\":\"https:\\\/\\\/www.meydan.tv\\\/az\\\/section\\\/video-2\\\/\"},{\"@type\":\"ListItem\",\"position\":3,\"name\":\"H\u00fcquq m\u00fcdafi\u0259\u00e7il\u0259ri il\u0259 \u00f6lk\u0259d\u0259ki insan haqlar\u0131n\u0131n v\u0259ziyy\u0259tini m\u00fczakir\u0259 edirik\"}]},{\"@type\":\"WebSite\",\"@id\":\"https:\\\/\\\/www.meydan.tv\\\/az\\\/#website\",\"url\":\"https:\\\/\\\/www.meydan.tv\\\/az\\\/\",\"name\":\"MEYDAN.TV\",\"description\":\"Meydan TV Az\u0259rbaycan\u0131n media m\u0259kan\u0131ndak\u0131 alternativ s\u0259sidir\",\"publisher\":{\"@id\":\"https:\\\/\\\/www.meydan.tv\\\/az\\\/#organization\"},\"potentialAction\":[{\"@type\":\"SearchAction\",\"target\":{\"@type\":\"EntryPoint\",\"urlTemplate\":\"https:\\\/\\\/www.meydan.tv\\\/az\\\/?s={search_term_string}\"},\"query-input\":{\"@type\":\"PropertyValueSpecification\",\"valueRequired\":true,\"valueName\":\"search_term_string\"}}],\"inLanguage\":\"az\"},{\"@type\":\"Organization\",\"@id\":\"https:\\\/\\\/www.meydan.tv\\\/az\\\/#organization\",\"name\":\"Meydan TV\",\"url\":\"https:\\\/\\\/www.meydan.tv\\\/az\\\/\",\"logo\":{\"@type\":\"ImageObject\",\"inLanguage\":\"az\",\"@id\":\"https:\\\/\\\/www.meydan.tv\\\/az\\\/#\\\/schema\\\/logo\\\/image\\\/\",\"url\":\"https:\\\/\\\/www.meydan.tv\\\/wp-content\\\/uploads\\\/2021\\\/07\\\/meydan-logo.svg\",\"contentUrl\":\"https:\\\/\\\/www.meydan.tv\\\/wp-content\\\/uploads\\\/2021\\\/07\\\/meydan-logo.svg\",\"width\":195,\"height\":46,\"caption\":\"Meydan TV\"},\"image\":{\"@id\":\"https:\\\/\\\/www.meydan.tv\\\/az\\\/#\\\/schema\\\/logo\\\/image\\\/\"}},{\"@type\":\"Person\",\"@id\":\"https:\\\/\\\/www.meydan.tv\\\/az\\\/#\\\/schema\\\/person\\\/8f23e01c4de63326c13c319fb65ee65d\",\"name\":\"roma\"}]}<\/script>\n<!-- \/ Yoast SEO plugin. -->","yoast_head_json":{"title":"H\u00fcquq m\u00fcdafi\u0259\u00e7il\u0259ri il\u0259 \u00f6lk\u0259d\u0259ki insan haqlar\u0131n\u0131n v\u0259ziyy\u0259tini m\u00fczakir\u0259 edirik - MEYDAN.TV","robots":{"index":"index","follow":"follow","max-snippet":"max-snippet:-1","max-image-preview":"max-image-preview:large","max-video-preview":"max-video-preview:-1"},"canonical":"https:\/\/www.meydan.tv\/az\/article\/huquq-mudafiecileri-ile-olkedeki-insan-haqlarinin-veziyyetini-muzakire-edirik\/","og_locale":"az_AZ","og_type":"article","og_title":"H\u00fcquq m\u00fcdafi\u0259\u00e7il\u0259ri il\u0259 \u00f6lk\u0259d\u0259ki insan haqlar\u0131n\u0131n v\u0259ziyy\u0259tini m\u00fczakir\u0259 edirik - MEYDAN.TV","og_url":"https:\/\/www.meydan.tv\/az\/article\/huquq-mudafiecileri-ile-olkedeki-insan-haqlarinin-veziyyetini-muzakire-edirik\/","og_site_name":"MEYDAN.TV","article_published_time":"2022-04-26T10:05:19+00:00","article_modified_time":"2022-04-26T10:05:20+00:00","og_image":[{"width":1280,"height":720,"url":"https:\/\/www.meydan.tv\/wp-content\/uploads\/543212.png","type":"image\/png"}],"author":"roma","twitter_card":"summary_large_image","schema":{"@context":"https:\/\/schema.org","@graph":[{"@type":"Article","@id":"https:\/\/www.meydan.tv\/az\/article\/huquq-mudafiecileri-ile-olkedeki-insan-haqlarinin-veziyyetini-muzakire-edirik\/#article","isPartOf":{"@id":"https:\/\/www.meydan.tv\/az\/article\/huquq-mudafiecileri-ile-olkedeki-insan-haqlarinin-veziyyetini-muzakire-edirik\/"},"author":{"name":"roma","@id":"https:\/\/www.meydan.tv\/az\/#\/schema\/person\/8f23e01c4de63326c13c319fb65ee65d"},"headline":"H\u00fcquq m\u00fcdafi\u0259\u00e7il\u0259ri il\u0259 \u00f6lk\u0259d\u0259ki insan haqlar\u0131n\u0131n v\u0259ziyy\u0259tini m\u00fczakir\u0259 edirik","datePublished":"2022-04-26T10:05:19+00:00","dateModified":"2022-04-26T10:05:20+00:00","mainEntityOfPage":{"@id":"https:\/\/www.meydan.tv\/az\/article\/huquq-mudafiecileri-ile-olkedeki-insan-haqlarinin-veziyyetini-muzakire-edirik\/"},"wordCount":150,"publisher":{"@id":"https:\/\/www.meydan.tv\/az\/#organization"},"image":{"@id":"https:\/\/www.meydan.tv\/az\/article\/huquq-mudafiecileri-ile-olkedeki-insan-haqlarinin-veziyyetini-muzakire-edirik\/#primaryimage"},"thumbnailUrl":"https:\/\/www.meydan.tv\/wp-content\/uploads\/543212.png","articleSection":["Video"],"inLanguage":"az"},{"@type":"WebPage","@id":"https:\/\/www.meydan.tv\/az\/article\/huquq-mudafiecileri-ile-olkedeki-insan-haqlarinin-veziyyetini-muzakire-edirik\/","url":"https:\/\/www.meydan.tv\/az\/article\/huquq-mudafiecileri-ile-olkedeki-insan-haqlarinin-veziyyetini-muzakire-edirik\/","name":"H\u00fcquq m\u00fcdafi\u0259\u00e7il\u0259ri il\u0259 \u00f6lk\u0259d\u0259ki insan haqlar\u0131n\u0131n v\u0259ziyy\u0259tini m\u00fczakir\u0259 edirik - MEYDAN.TV","isPartOf":{"@id":"https:\/\/www.meydan.tv\/az\/#website"},"primaryImageOfPage":{"@id":"https:\/\/www.meydan.tv\/az\/article\/huquq-mudafiecileri-ile-olkedeki-insan-haqlarinin-veziyyetini-muzakire-edirik\/#primaryimage"},"image":{"@id":"https:\/\/www.meydan.tv\/az\/article\/huquq-mudafiecileri-ile-olkedeki-insan-haqlarinin-veziyyetini-muzakire-edirik\/#primaryimage"},"thumbnailUrl":"https:\/\/www.meydan.tv\/wp-content\/uploads\/543212.png","datePublished":"2022-04-26T10:05:19+00:00","dateModified":"2022-04-26T10:05:20+00:00","breadcrumb":{"@id":"https:\/\/www.meydan.tv\/az\/article\/huquq-mudafiecileri-ile-olkedeki-insan-haqlarinin-veziyyetini-muzakire-edirik\/#breadcrumb"},"inLanguage":"az","potentialAction":[{"@type":"ReadAction","target":["https:\/\/www.meydan.tv\/az\/article\/huquq-mudafiecileri-ile-olkedeki-insan-haqlarinin-veziyyetini-muzakire-edirik\/"]}]},{"@type":"ImageObject","inLanguage":"az","@id":"https:\/\/www.meydan.tv\/az\/article\/huquq-mudafiecileri-ile-olkedeki-insan-haqlarinin-veziyyetini-muzakire-edirik\/#primaryimage","url":"https:\/\/www.meydan.tv\/wp-content\/uploads\/543212.png","contentUrl":"https:\/\/www.meydan.tv\/wp-content\/uploads\/543212.png","width":1280,"height":720},{"@type":"BreadcrumbList","@id":"https:\/\/www.meydan.tv\/az\/article\/huquq-mudafiecileri-ile-olkedeki-insan-haqlarinin-veziyyetini-muzakire-edirik\/#breadcrumb","itemListElement":[{"@type":"ListItem","position":1,"name":"Ana s\u0259hif\u0259","item":"https:\/\/www.meydan.tv\/az\/"},{"@type":"ListItem","position":2,"name":"Video","item":"https:\/\/www.meydan.tv\/az\/section\/video-2\/"},{"@type":"ListItem","position":3,"name":"H\u00fcquq m\u00fcdafi\u0259\u00e7il\u0259ri il\u0259 \u00f6lk\u0259d\u0259ki insan haqlar\u0131n\u0131n v\u0259ziyy\u0259tini m\u00fczakir\u0259 edirik"}]},{"@type":"WebSite","@id":"https:\/\/www.meydan.tv\/az\/#website","url":"https:\/\/www.meydan.tv\/az\/","name":"MEYDAN.TV","description":"Meydan TV Az\u0259rbaycan\u0131n media m\u0259kan\u0131ndak\u0131 alternativ s\u0259sidir","publisher":{"@id":"https:\/\/www.meydan.tv\/az\/#organization"},"potentialAction":[{"@type":"SearchAction","target":{"@type":"EntryPoint","urlTemplate":"https:\/\/www.meydan.tv\/az\/?s={search_term_string}"},"query-input":{"@type":"PropertyValueSpecification","valueRequired":true,"valueName":"search_term_string"}}],"inLanguage":"az"},{"@type":"Organization","@id":"https:\/\/www.meydan.tv\/az\/#organization","name":"Meydan TV","url":"https:\/\/www.meydan.tv\/az\/","logo":{"@type":"ImageObject","inLanguage":"az","@id":"https:\/\/www.meydan.tv\/az\/#\/schema\/logo\/image\/","url":"https:\/\/www.meydan.tv\/wp-content\/uploads\/2021\/07\/meydan-logo.svg","contentUrl":"https:\/\/www.meydan.tv\/wp-content\/uploads\/2021\/07\/meydan-logo.svg","width":195,"height":46,"caption":"Meydan TV"},"image":{"@id":"https:\/\/www.meydan.tv\/az\/#\/schema\/logo\/image\/"}},{"@type":"Person","@id":"https:\/\/www.meydan.tv\/az\/#\/schema\/person\/8f23e01c4de63326c13c319fb65ee65d","name":"roma"}]}},"_links":{"self":[{"href":"https:\/\/www.meydan.tv\/az\/wp-json\/wp\/v2\/posts\/243328","targetHints":{"allow":["GET"]}}],"collection":[{"href":"https:\/\/www.meydan.tv\/az\/wp-json\/wp\/v2\/posts"}],"about":[{"href":"https:\/\/www.meydan.tv\/az\/wp-json\/wp\/v2\/types\/post"}],"author":[{"embeddable":true,"href":"https:\/\/www.meydan.tv\/az\/wp-json\/wp\/v2\/users\/14"}],"replies":[{"embeddable":true,"href":"https:\/\/www.meydan.tv\/az\/wp-json\/wp\/v2\/comments?post=243328"}],"version-history":[{"count":1,"href":"https:\/\/www.meydan.tv\/az\/wp-json\/wp\/v2\/posts\/243328\/revisions"}],"predecessor-version":[{"id":243332,"href":"https:\/\/www.meydan.tv\/az\/wp-json\/wp\/v2\/posts\/243328\/revisions\/243332"}],"wp:featuredmedia":[{"embeddable":true,"href":"https:\/\/www.meydan.tv\/az\/wp-json\/wp\/v2\/media\/243329"}],"wp:attachment":[{"href":"https:\/\/www.meydan.tv\/az\/wp-json\/wp\/v2\/media?parent=243328"}],"wp:term":[{"taxonomy":"category","embeddable":true,"href":"https:\/\/www.meydan.tv\/az\/wp-json\/wp\/v2\/categories?post=243328"},{"taxonomy":"post_tag","embeddable":true,"href":"https:\/\/www.meydan.tv\/az\/wp-json\/wp\/v2\/tags?post=243328"}],"curies":[{"name":"wp","href":"https:\/\/api.w.org\/{rel}","templated":true}]}}