{"id":243234,"date":"2022-04-25T18:49:42","date_gmt":"2022-04-25T14:49:42","guid":{"rendered":"https:\/\/www.meydan.tv\/?p=243234"},"modified":"2022-04-25T18:49:44","modified_gmt":"2022-04-25T14:49:44","slug":"azerbaycan-ve-ermenistan-arasinda-kilse-problemi","status":"publish","type":"post","link":"https:\/\/www.meydan.tv\/az\/article\/azerbaycan-ve-ermenistan-arasinda-kilse-problemi\/","title":{"rendered":"Az\u0259rbaycan v\u0259 Erm\u0259nistan aras\u0131nda kils\u0259 problemi"},"content":{"rendered":"\n<figure class=\"wp-block-embed is-type-video is-provider-youtube wp-block-embed-youtube wp-embed-aspect-16-9 wp-has-aspect-ratio\"><div class=\"wp-block-embed__wrapper\">\n<iframe title=\"Az\u0259rbaycan v\u0259 Erm\u0259nistan aras\u0131nda kils\u0259 problemi\" width=\"1200\" height=\"675\" data-src=\"https:\/\/www.youtube.com\/embed\/7SgeP2VFIW4?feature=oembed\" frameborder=\"0\" allow=\"accelerometer; autoplay; clipboard-write; encrypted-media; gyroscope; picture-in-picture\" allowfullscreen src=\"data:image\/svg+xml;base64,PHN2ZyB3aWR0aD0iMSIgaGVpZ2h0PSIxIiB4bWxucz0iaHR0cDovL3d3dy53My5vcmcvMjAwMC9zdmciPjwvc3ZnPg==\" class=\"lazyload\" data-load-mode=\"1\"><\/iframe>\n<\/div><\/figure>\n\n\n\n<!--more-->\n\n\n\n<p>Az\u0259rbaycan v\u0259 Erm\u0259nistan aras\u0131nda vaxta\u015f\u0131r\u0131 yenil\u0259n\u0259n probleml\u0259rd\u0259n biri d\u0259 kils\u0259l\u0259rl\u0259 ba\u011fl\u0131d\u0131r. Az\u0259rbaycan t\u0259r\u0259fi Erm\u0259nistan\u0131 alban kils\u0259l\u0259rini erm\u0259nil\u0259\u015fdirm\u0259d\u0259 ittiham edir, erm\u0259ni t\u0259r\u0259fi is\u0259 \u0259ksin\u0259 &#8211; Az\u0259rbaycan\u0131 erm\u0259ni kils\u0259l\u0259rini albanla\u015fd\u0131rmada. Bu m\u00f6vzu ill\u0259rdir siyasi diskursun m\u00f6vzusu olaraq qalsa da, ekspertl\u0259r hesab edirl\u0259r ki, m\u00fcbahis\u0259y\u0259 son qoymaq \u00fc\u00e7\u00fcn kifay\u0259t q\u0259d\u0259r tarixi ara\u015fd\u0131rmalar apar\u0131lm\u0131r.&nbsp;<\/p>\n\n\n\n<p>Fevral ay\u0131n\u0131n 3-d\u0259 Az\u0259rbaycan m\u0259d\u0259niyy\u0259t naziri Anar K\u0259rimovun a\u00e7\u0131qlamas\u0131n\u0131n yaratd\u0131\u011f\u0131 s\u0259s-k\u00fcy\u00fcn qar\u015f\u0131l\u0131\u011f\u0131 n\u00f6vb\u0259ti ay Avropadan g\u0259ldi. K\u0259rmov deyirdi ki, \u201cErm\u0259nlil\u0259rin Alban dini m\u0259b\u0259dl\u0259rinin \u00fcz\u0259rin\u0259 yazd\u0131qlar\u0131 qondarma izl\u0259rin aradan qald\u0131r\u0131lmas\u0131 \u00fc\u00e7\u00fcn Alban tarixini, arxitekturas\u0131n\u0131 bil\u0259n m\u00fct\u0259x\u0259ssisl\u0259rd\u0259n ibar\u0259t \u0130\u015f\u00e7i qrup yarad\u0131l\u0131b\u201d. Erm\u0259nistanda bu b\u0259yanat Az\u0259rbaycan\u0131n albanla\u015fd\u0131rma c\u0259hdi kimi yozuldu. Bir ay sonra is\u0259 Avropa Parlamenti Az\u0259rbaycan\u0131n Da\u011fl\u0131q Qaraba\u011fda v\u0259 onun \u0259traf\u0131nda erm\u0259ni m\u0259d\u0259ni irsini \u201csilm\u0259k v\u0259 inkar etm\u0259k\u201d siyas\u0259ti y\u00fcr\u00fctd\u00fcy\u00fcn\u00fc bildir\u0259n q\u0259tnam\u0259 q\u0259bul etdi:&nbsp;<\/p>\n\n\n\n<p>\u201cRegionda erm\u0259ni m\u0259d\u0259ni irsinin silinm\u0259si siyas\u0259ti apar\u0131l\u0131r. Bu, Az\u0259rbaycan hakimiyy\u0259ti t\u0259r\u0259find\u0259n edilir v\u0259 erm\u0259nil\u0259r\u0259 qar\u015f\u0131 nifr\u0259tin daha geni\u015f sxeminin t\u0259rkib hiss\u0259sidir. M\u0259d\u0259ni irs g\u0259l\u0259c\u0259k n\u0259sill\u0259r \u00fc\u00e7\u00fcn qorunub saxlanmal\u0131d\u0131r\u201d.&nbsp;<\/p>\n\n\n\n<p>Alban v\u0259 erm\u0259ni kils\u0259si m\u00fcbahis\u0259sinin tarixi daha q\u0259dim\u0259 dayan\u0131r &#8211; tarix\u00e7il\u0259r bel\u0259 deyirl\u0259r.&nbsp;<\/p>\n\n\n\n<p>Ekspertl\u0259r deyirl\u0259r ki, problem Az\u0259rbaycanda alban tarixinin daha s\u0259thi ara\u015fd\u0131r\u0131lmas\u0131 il\u0259 ba\u011fl\u0131d\u0131r. Az\u0259rbaycan t\u0259r\u0259fi kils\u0259l\u0259rin tarixini do\u011fru ara\u015fd\u0131rmaq ist\u0259yirs\u0259, bunun \u00fc\u00e7\u00fcn elmi yollara ba\u015f vurmal\u0131d\u0131r. Karbon ara\u015fd\u0131rmalar\u0131 b\u0259zi suallara ayd\u0131nl\u0131q g\u0259tir\u0259 bil\u0259r. Amma b\u00fct\u00f6vl\u00fckd\u0259 21-ci \u0259sr prizmas\u0131ndan 6-c\u0131 \u0259sri d\u0259y\u0259rl\u0259ndirm\u0259k do\u011fru deyil.&nbsp;<\/p>\n\n\n\n<p>Cavid A\u011fan\u0131n fikrinc\u0259, Az\u0259rbaycanda alban tarixin\u0259 m\u00fcnasib\u0259ti d\u0259 d\u0259yi\u015fm\u0259k laz\u0131md\u0131r. Alban irsi siyasi r\u0131\u00e7aq kimi yox, m\u0259d\u0259ni bax\u0131mdan ara\u015fd\u0131r\u0131lmal\u0131d\u0131r. Haz\u0131rda is\u0259 \u00f6lk\u0259 \u0259razisind\u0259 bax\u0131ms\u0131z qalan xeyli m\u0259d\u0259ni abid\u0259 var.<\/p>\n","protected":false},"excerpt":{"rendered":"","protected":false},"author":14,"featured_media":243239,"comment_status":"closed","ping_status":"closed","sticky":false,"template":"","format":"standard","meta":{"_acf_changed":false,"_sitemap_exclude":false,"_sitemap_priority":"","_sitemap_frequency":"","footnotes":""},"categories":[61,63],"tags":[],"class_list":["post-243234","post","type-post","status-publish","format-standard","has-post-thumbnail","hentry","category-reportaj","category-video-2","infinite-scroll-item","generate-columns","tablet-grid-50","mobile-grid-100","grid-parent","grid-33","no-featured-image-padding"],"acf":[],"yoast_head":"<!-- This site is optimized with the Yoast SEO plugin v27.4 - https:\/\/yoast.com\/product\/yoast-seo-wordpress\/ -->\n<title>Az\u0259rbaycan v\u0259 Erm\u0259nistan aras\u0131nda kils\u0259 problemi - MEYDAN.TV<\/title>\n<meta name=\"robots\" content=\"index, follow, max-snippet:-1, max-image-preview:large, max-video-preview:-1\" \/>\n<link rel=\"canonical\" href=\"https:\/\/www.meydan.tv\/az\/article\/azerbaycan-ve-ermenistan-arasinda-kilse-problemi\/\" \/>\n<meta property=\"og:locale\" content=\"az_AZ\" \/>\n<meta property=\"og:type\" content=\"article\" \/>\n<meta property=\"og:title\" content=\"Az\u0259rbaycan v\u0259 Erm\u0259nistan aras\u0131nda kils\u0259 problemi - MEYDAN.TV\" \/>\n<meta property=\"og:url\" content=\"https:\/\/www.meydan.tv\/az\/article\/azerbaycan-ve-ermenistan-arasinda-kilse-problemi\/\" \/>\n<meta property=\"og:site_name\" content=\"MEYDAN.TV\" \/>\n<meta property=\"article:published_time\" content=\"2022-04-25T14:49:42+00:00\" \/>\n<meta property=\"article:modified_time\" content=\"2022-04-25T14:49:44+00:00\" \/>\n<meta property=\"og:image\" content=\"https:\/\/www.meydan.tv\/wp-content\/uploads\/screenshot-at-apr-25-16-35-48-1200x675.png\" \/>\n\t<meta property=\"og:image:width\" content=\"1200\" \/>\n\t<meta property=\"og:image:height\" content=\"675\" \/>\n\t<meta property=\"og:image:type\" content=\"image\/png\" \/>\n<meta name=\"author\" content=\"roma\" \/>\n<meta name=\"twitter:card\" content=\"summary_large_image\" \/>\n<script type=\"application\/ld+json\" class=\"yoast-schema-graph\">{\"@context\":\"https:\\\/\\\/schema.org\",\"@graph\":[{\"@type\":\"Article\",\"@id\":\"https:\\\/\\\/www.meydan.tv\\\/az\\\/article\\\/azerbaycan-ve-ermenistan-arasinda-kilse-problemi\\\/#article\",\"isPartOf\":{\"@id\":\"https:\\\/\\\/www.meydan.tv\\\/az\\\/article\\\/azerbaycan-ve-ermenistan-arasinda-kilse-problemi\\\/\"},\"author\":{\"name\":\"roma\",\"@id\":\"https:\\\/\\\/www.meydan.tv\\\/az\\\/#\\\/schema\\\/person\\\/8f23e01c4de63326c13c319fb65ee65d\"},\"headline\":\"Az\u0259rbaycan v\u0259 Erm\u0259nistan aras\u0131nda kils\u0259 problemi\",\"datePublished\":\"2022-04-25T14:49:42+00:00\",\"dateModified\":\"2022-04-25T14:49:44+00:00\",\"mainEntityOfPage\":{\"@id\":\"https:\\\/\\\/www.meydan.tv\\\/az\\\/article\\\/azerbaycan-ve-ermenistan-arasinda-kilse-problemi\\\/\"},\"wordCount\":458,\"publisher\":{\"@id\":\"https:\\\/\\\/www.meydan.tv\\\/az\\\/#organization\"},\"image\":{\"@id\":\"https:\\\/\\\/www.meydan.tv\\\/az\\\/article\\\/azerbaycan-ve-ermenistan-arasinda-kilse-problemi\\\/#primaryimage\"},\"thumbnailUrl\":\"https:\\\/\\\/www.meydan.tv\\\/wp-content\\\/uploads\\\/screenshot-at-apr-25-16-35-48.png\",\"articleSection\":[\"Reportaj\",\"Video\"],\"inLanguage\":\"az\"},{\"@type\":\"WebPage\",\"@id\":\"https:\\\/\\\/www.meydan.tv\\\/az\\\/article\\\/azerbaycan-ve-ermenistan-arasinda-kilse-problemi\\\/\",\"url\":\"https:\\\/\\\/www.meydan.tv\\\/az\\\/article\\\/azerbaycan-ve-ermenistan-arasinda-kilse-problemi\\\/\",\"name\":\"Az\u0259rbaycan v\u0259 Erm\u0259nistan aras\u0131nda kils\u0259 problemi - MEYDAN.TV\",\"isPartOf\":{\"@id\":\"https:\\\/\\\/www.meydan.tv\\\/az\\\/#website\"},\"primaryImageOfPage\":{\"@id\":\"https:\\\/\\\/www.meydan.tv\\\/az\\\/article\\\/azerbaycan-ve-ermenistan-arasinda-kilse-problemi\\\/#primaryimage\"},\"image\":{\"@id\":\"https:\\\/\\\/www.meydan.tv\\\/az\\\/article\\\/azerbaycan-ve-ermenistan-arasinda-kilse-problemi\\\/#primaryimage\"},\"thumbnailUrl\":\"https:\\\/\\\/www.meydan.tv\\\/wp-content\\\/uploads\\\/screenshot-at-apr-25-16-35-48.png\",\"datePublished\":\"2022-04-25T14:49:42+00:00\",\"dateModified\":\"2022-04-25T14:49:44+00:00\",\"breadcrumb\":{\"@id\":\"https:\\\/\\\/www.meydan.tv\\\/az\\\/article\\\/azerbaycan-ve-ermenistan-arasinda-kilse-problemi\\\/#breadcrumb\"},\"inLanguage\":\"az\",\"potentialAction\":[{\"@type\":\"ReadAction\",\"target\":[\"https:\\\/\\\/www.meydan.tv\\\/az\\\/article\\\/azerbaycan-ve-ermenistan-arasinda-kilse-problemi\\\/\"]}]},{\"@type\":\"ImageObject\",\"inLanguage\":\"az\",\"@id\":\"https:\\\/\\\/www.meydan.tv\\\/az\\\/article\\\/azerbaycan-ve-ermenistan-arasinda-kilse-problemi\\\/#primaryimage\",\"url\":\"https:\\\/\\\/www.meydan.tv\\\/wp-content\\\/uploads\\\/screenshot-at-apr-25-16-35-48.png\",\"contentUrl\":\"https:\\\/\\\/www.meydan.tv\\\/wp-content\\\/uploads\\\/screenshot-at-apr-25-16-35-48.png\",\"width\":1272,\"height\":716},{\"@type\":\"BreadcrumbList\",\"@id\":\"https:\\\/\\\/www.meydan.tv\\\/az\\\/article\\\/azerbaycan-ve-ermenistan-arasinda-kilse-problemi\\\/#breadcrumb\",\"itemListElement\":[{\"@type\":\"ListItem\",\"position\":1,\"name\":\"Ana s\u0259hif\u0259\",\"item\":\"https:\\\/\\\/www.meydan.tv\\\/az\\\/\"},{\"@type\":\"ListItem\",\"position\":2,\"name\":\"Video\",\"item\":\"https:\\\/\\\/www.meydan.tv\\\/az\\\/section\\\/video-2\\\/\"},{\"@type\":\"ListItem\",\"position\":3,\"name\":\"Az\u0259rbaycan v\u0259 Erm\u0259nistan aras\u0131nda kils\u0259 problemi\"}]},{\"@type\":\"WebSite\",\"@id\":\"https:\\\/\\\/www.meydan.tv\\\/az\\\/#website\",\"url\":\"https:\\\/\\\/www.meydan.tv\\\/az\\\/\",\"name\":\"MEYDAN.TV\",\"description\":\"Meydan TV Az\u0259rbaycan\u0131n media m\u0259kan\u0131ndak\u0131 alternativ s\u0259sidir\",\"publisher\":{\"@id\":\"https:\\\/\\\/www.meydan.tv\\\/az\\\/#organization\"},\"potentialAction\":[{\"@type\":\"SearchAction\",\"target\":{\"@type\":\"EntryPoint\",\"urlTemplate\":\"https:\\\/\\\/www.meydan.tv\\\/az\\\/?s={search_term_string}\"},\"query-input\":{\"@type\":\"PropertyValueSpecification\",\"valueRequired\":true,\"valueName\":\"search_term_string\"}}],\"inLanguage\":\"az\"},{\"@type\":\"Organization\",\"@id\":\"https:\\\/\\\/www.meydan.tv\\\/az\\\/#organization\",\"name\":\"Meydan TV\",\"url\":\"https:\\\/\\\/www.meydan.tv\\\/az\\\/\",\"logo\":{\"@type\":\"ImageObject\",\"inLanguage\":\"az\",\"@id\":\"https:\\\/\\\/www.meydan.tv\\\/az\\\/#\\\/schema\\\/logo\\\/image\\\/\",\"url\":\"https:\\\/\\\/www.meydan.tv\\\/wp-content\\\/uploads\\\/2021\\\/07\\\/meydan-logo.svg\",\"contentUrl\":\"https:\\\/\\\/www.meydan.tv\\\/wp-content\\\/uploads\\\/2021\\\/07\\\/meydan-logo.svg\",\"width\":195,\"height\":46,\"caption\":\"Meydan TV\"},\"image\":{\"@id\":\"https:\\\/\\\/www.meydan.tv\\\/az\\\/#\\\/schema\\\/logo\\\/image\\\/\"}},{\"@type\":\"Person\",\"@id\":\"https:\\\/\\\/www.meydan.tv\\\/az\\\/#\\\/schema\\\/person\\\/8f23e01c4de63326c13c319fb65ee65d\",\"name\":\"roma\"}]}<\/script>\n<!-- \/ Yoast SEO plugin. -->","yoast_head_json":{"title":"Az\u0259rbaycan v\u0259 Erm\u0259nistan aras\u0131nda kils\u0259 problemi - MEYDAN.TV","robots":{"index":"index","follow":"follow","max-snippet":"max-snippet:-1","max-image-preview":"max-image-preview:large","max-video-preview":"max-video-preview:-1"},"canonical":"https:\/\/www.meydan.tv\/az\/article\/azerbaycan-ve-ermenistan-arasinda-kilse-problemi\/","og_locale":"az_AZ","og_type":"article","og_title":"Az\u0259rbaycan v\u0259 Erm\u0259nistan aras\u0131nda kils\u0259 problemi - MEYDAN.TV","og_url":"https:\/\/www.meydan.tv\/az\/article\/azerbaycan-ve-ermenistan-arasinda-kilse-problemi\/","og_site_name":"MEYDAN.TV","article_published_time":"2022-04-25T14:49:42+00:00","article_modified_time":"2022-04-25T14:49:44+00:00","og_image":[{"width":1200,"height":675,"url":"https:\/\/www.meydan.tv\/wp-content\/uploads\/screenshot-at-apr-25-16-35-48-1200x675.png","type":"image\/png"}],"author":"roma","twitter_card":"summary_large_image","schema":{"@context":"https:\/\/schema.org","@graph":[{"@type":"Article","@id":"https:\/\/www.meydan.tv\/az\/article\/azerbaycan-ve-ermenistan-arasinda-kilse-problemi\/#article","isPartOf":{"@id":"https:\/\/www.meydan.tv\/az\/article\/azerbaycan-ve-ermenistan-arasinda-kilse-problemi\/"},"author":{"name":"roma","@id":"https:\/\/www.meydan.tv\/az\/#\/schema\/person\/8f23e01c4de63326c13c319fb65ee65d"},"headline":"Az\u0259rbaycan v\u0259 Erm\u0259nistan aras\u0131nda kils\u0259 problemi","datePublished":"2022-04-25T14:49:42+00:00","dateModified":"2022-04-25T14:49:44+00:00","mainEntityOfPage":{"@id":"https:\/\/www.meydan.tv\/az\/article\/azerbaycan-ve-ermenistan-arasinda-kilse-problemi\/"},"wordCount":458,"publisher":{"@id":"https:\/\/www.meydan.tv\/az\/#organization"},"image":{"@id":"https:\/\/www.meydan.tv\/az\/article\/azerbaycan-ve-ermenistan-arasinda-kilse-problemi\/#primaryimage"},"thumbnailUrl":"https:\/\/www.meydan.tv\/wp-content\/uploads\/screenshot-at-apr-25-16-35-48.png","articleSection":["Reportaj","Video"],"inLanguage":"az"},{"@type":"WebPage","@id":"https:\/\/www.meydan.tv\/az\/article\/azerbaycan-ve-ermenistan-arasinda-kilse-problemi\/","url":"https:\/\/www.meydan.tv\/az\/article\/azerbaycan-ve-ermenistan-arasinda-kilse-problemi\/","name":"Az\u0259rbaycan v\u0259 Erm\u0259nistan aras\u0131nda kils\u0259 problemi - MEYDAN.TV","isPartOf":{"@id":"https:\/\/www.meydan.tv\/az\/#website"},"primaryImageOfPage":{"@id":"https:\/\/www.meydan.tv\/az\/article\/azerbaycan-ve-ermenistan-arasinda-kilse-problemi\/#primaryimage"},"image":{"@id":"https:\/\/www.meydan.tv\/az\/article\/azerbaycan-ve-ermenistan-arasinda-kilse-problemi\/#primaryimage"},"thumbnailUrl":"https:\/\/www.meydan.tv\/wp-content\/uploads\/screenshot-at-apr-25-16-35-48.png","datePublished":"2022-04-25T14:49:42+00:00","dateModified":"2022-04-25T14:49:44+00:00","breadcrumb":{"@id":"https:\/\/www.meydan.tv\/az\/article\/azerbaycan-ve-ermenistan-arasinda-kilse-problemi\/#breadcrumb"},"inLanguage":"az","potentialAction":[{"@type":"ReadAction","target":["https:\/\/www.meydan.tv\/az\/article\/azerbaycan-ve-ermenistan-arasinda-kilse-problemi\/"]}]},{"@type":"ImageObject","inLanguage":"az","@id":"https:\/\/www.meydan.tv\/az\/article\/azerbaycan-ve-ermenistan-arasinda-kilse-problemi\/#primaryimage","url":"https:\/\/www.meydan.tv\/wp-content\/uploads\/screenshot-at-apr-25-16-35-48.png","contentUrl":"https:\/\/www.meydan.tv\/wp-content\/uploads\/screenshot-at-apr-25-16-35-48.png","width":1272,"height":716},{"@type":"BreadcrumbList","@id":"https:\/\/www.meydan.tv\/az\/article\/azerbaycan-ve-ermenistan-arasinda-kilse-problemi\/#breadcrumb","itemListElement":[{"@type":"ListItem","position":1,"name":"Ana s\u0259hif\u0259","item":"https:\/\/www.meydan.tv\/az\/"},{"@type":"ListItem","position":2,"name":"Video","item":"https:\/\/www.meydan.tv\/az\/section\/video-2\/"},{"@type":"ListItem","position":3,"name":"Az\u0259rbaycan v\u0259 Erm\u0259nistan aras\u0131nda kils\u0259 problemi"}]},{"@type":"WebSite","@id":"https:\/\/www.meydan.tv\/az\/#website","url":"https:\/\/www.meydan.tv\/az\/","name":"MEYDAN.TV","description":"Meydan TV Az\u0259rbaycan\u0131n media m\u0259kan\u0131ndak\u0131 alternativ s\u0259sidir","publisher":{"@id":"https:\/\/www.meydan.tv\/az\/#organization"},"potentialAction":[{"@type":"SearchAction","target":{"@type":"EntryPoint","urlTemplate":"https:\/\/www.meydan.tv\/az\/?s={search_term_string}"},"query-input":{"@type":"PropertyValueSpecification","valueRequired":true,"valueName":"search_term_string"}}],"inLanguage":"az"},{"@type":"Organization","@id":"https:\/\/www.meydan.tv\/az\/#organization","name":"Meydan TV","url":"https:\/\/www.meydan.tv\/az\/","logo":{"@type":"ImageObject","inLanguage":"az","@id":"https:\/\/www.meydan.tv\/az\/#\/schema\/logo\/image\/","url":"https:\/\/www.meydan.tv\/wp-content\/uploads\/2021\/07\/meydan-logo.svg","contentUrl":"https:\/\/www.meydan.tv\/wp-content\/uploads\/2021\/07\/meydan-logo.svg","width":195,"height":46,"caption":"Meydan TV"},"image":{"@id":"https:\/\/www.meydan.tv\/az\/#\/schema\/logo\/image\/"}},{"@type":"Person","@id":"https:\/\/www.meydan.tv\/az\/#\/schema\/person\/8f23e01c4de63326c13c319fb65ee65d","name":"roma"}]}},"_links":{"self":[{"href":"https:\/\/www.meydan.tv\/az\/wp-json\/wp\/v2\/posts\/243234","targetHints":{"allow":["GET"]}}],"collection":[{"href":"https:\/\/www.meydan.tv\/az\/wp-json\/wp\/v2\/posts"}],"about":[{"href":"https:\/\/www.meydan.tv\/az\/wp-json\/wp\/v2\/types\/post"}],"author":[{"embeddable":true,"href":"https:\/\/www.meydan.tv\/az\/wp-json\/wp\/v2\/users\/14"}],"replies":[{"embeddable":true,"href":"https:\/\/www.meydan.tv\/az\/wp-json\/wp\/v2\/comments?post=243234"}],"version-history":[{"count":1,"href":"https:\/\/www.meydan.tv\/az\/wp-json\/wp\/v2\/posts\/243234\/revisions"}],"predecessor-version":[{"id":243251,"href":"https:\/\/www.meydan.tv\/az\/wp-json\/wp\/v2\/posts\/243234\/revisions\/243251"}],"wp:featuredmedia":[{"embeddable":true,"href":"https:\/\/www.meydan.tv\/az\/wp-json\/wp\/v2\/media\/243239"}],"wp:attachment":[{"href":"https:\/\/www.meydan.tv\/az\/wp-json\/wp\/v2\/media?parent=243234"}],"wp:term":[{"taxonomy":"category","embeddable":true,"href":"https:\/\/www.meydan.tv\/az\/wp-json\/wp\/v2\/categories?post=243234"},{"taxonomy":"post_tag","embeddable":true,"href":"https:\/\/www.meydan.tv\/az\/wp-json\/wp\/v2\/tags?post=243234"}],"curies":[{"name":"wp","href":"https:\/\/api.w.org\/{rel}","templated":true}]}}