{"id":243191,"date":"2022-04-25T16:10:00","date_gmt":"2022-04-25T12:10:00","guid":{"rendered":"https:\/\/www.meydan.tv\/?p=243191"},"modified":"2022-04-25T16:10:06","modified_gmt":"2022-04-25T12:10:06","slug":"nasir-bas-nazire-aciq-mektub-unvanladi","status":"publish","type":"post","link":"https:\/\/www.meydan.tv\/az\/article\/nasir-bas-nazire-aciq-mektub-unvanladi\/","title":{"rendered":"Na\u015fir Ba\u015f nazir\u0259 a\u00e7\u0131q m\u0259ktub \u00fcnvanlad\u0131"},"content":{"rendered":"\n<p><\/p>\n\n\n\n<p><em>\u201cM\u00f6vcud qeyri-m\u00fc\u0259yy\u0259nlik vergi \u00f6d\u0259yicil\u0259ri \u00fc\u00e7\u00fcn \u00e7a\u015fq\u0131nl\u0131q yarad\u0131b\u201d<\/em><\/p>\n\n\n\n<p>\u201cQanun\u201d N\u0259\u015frl\u0259r Evinin r\u0259hb\u0259ri \u015eahbaz Xuduo\u011flu Ba\u015f nazir \u018fli \u018fsadova a\u00e7\u0131q m\u0259ktub \u00fcnvanlay\u0131b.<\/p>\n\n\n\n<p>Na\u015fir m\u0259ktubu \u201cFacebook\u201d s\u0259hif\u0259sind\u0259 <a href=\"https:\/\/www.facebook.com\/shahbaz.xuduoglu\/posts\/10223728704159117\" target=\"_blank\" rel=\"noreferrer noopener\">payla\u015f\u0131b<\/a>.<\/p>\n\n\n\n<p>Onun m\u00fcraci\u0259ti kitab \u00fcz\u0259rind\u0259 h\u0259l\u0259 d\u0259 qanunsuz olaraq \u018flav\u0259 D\u0259y\u0259r Vergisinin (\u018fDV) saxlan\u0131lmas\u0131 il\u0259 ba\u011fl\u0131d\u0131r:<\/p>\n\n\n\n<p>\u201c\u00d6lk\u0259y\u0259 g\u0259tiril\u0259n h\u0259r n\u00f6v ka\u011f\u0131z v\u0259 kitablardan g\u00f6mr\u00fckd\u0259 18 faiz daha \u00e7ox \u00f6d\u0259m\u0259y\u0259 m\u0259cburuq. El\u0259c\u0259 d\u0259, kitab d\u00fckanlar\u0131nda h\u0259r satlan kitab\u0131n qiym\u0259tind\u0259n 18 faiz \u00f6d\u0259nilir. Qanuna g\u00f6r\u0259 yanvar ay\u0131n\u0131n 1 d\u0259n kitaba aid n\u0259 varsa, h\u0259r n\u00f6v ka\u011f\u0131z v\u0259 kitab sat\u0131\u015f\u0131 18 faizd\u0259n azad olmal\u0131 idi. G\u00f6r\u00fcnd\u00fcy\u00fc kimi qanuna \u0259m\u0259l edilmir. Ba\u015f nazird\u0259n xahi\u015f edir\u0259m ki, bu m\u0259s\u0259l\u0259y\u0259 ayd\u0131nl\u0131q g\u0259tirilsin\u201d.<\/p>\n\n\n\n<p>Xuduo\u011flu bildirib ki, m\u0259ktubu r\u0259smi qaydada yollay\u0131b. Sosial \u015f\u0259b\u0259k\u0259d\u0259 payla\u015fmaqda m\u0259qs\u0259di icitimai diqq\u0259ti bu m\u0259s\u0259l\u0259y\u0259 c\u0259lb etm\u0259kdir.<\/p>\n\n\n\n<p>O, h\u0259m\u00e7inin diqq\u0259ti ka\u011f\u0131z v\u0259 kitab\u0131n vergid\u0259n azad olunmas\u0131 il\u0259 ba\u011fl\u0131 Vergi M\u0259c\u0259ll\u0259sind\u0259ki b\u0259ndl\u0259r\u0259 \u00e7\u0259kib. 164.1.7. v\u0259 164.1.8-ci madd\u0259l\u0259r\u0259 ayd\u0131nl\u0131q g\u0259tirilm\u0259sini ist\u0259yib:<\/p>\n\n\n\n<p>\u201cAz\u0259rbaycan Respublikas\u0131n\u0131n Vergi M\u0259c\u0259ll\u0259sind\u0259 d\u0259yi\u015fiklik edilm\u0259si haqq\u0131nda\u201d Az\u0259rbaycan Respublikas\u0131n\u0131n 3 dekabr 2021-ci il tarixli 406-VIQD n\u00f6mr\u0259li Qanununun 1.59.1-ci madd\u0259sin\u0259 \u0259sas\u0259n, h\u0259min M\u0259c\u0259ll\u0259nin 164.1.7-ci v\u0259 164.1.8-ci madd\u0259l\u0259ri (Madd\u0259 164.Vergi \u00f6d\u0259m\u0259kd\u0259n azad edilm\u0259) yeni redaksiyada verilib.<\/p>\n\n\n\n<p>Bununla da h\u0259min Qanunun 2.7-ci madd\u0259sin\u0259 uy\u011fun olaraq 2022-ci il yanvar\u0131n 1-d\u0259n q\u00fcvv\u0259y\u0259 minmi\u015f bu d\u0259yi\u015fikliy\u0259 \u0259sas\u0259n:<\/p>\n\n\n\n<p>1) \u201c164.1.7. siyah\u0131s\u0131 m\u00fcvafiq icra hakimiyy\u0259ti orqan\u0131n\u0131n m\u00fc\u0259yy\u0259n etdiyi orqan (qurum) t\u0259r\u0259find\u0259n t\u0259sdiq edil\u0259n k\u00fctl\u0259vi informasiya vasit\u0259l\u0259ri m\u0259hsullar\u0131n\u0131n v\u0259 kitablar\u0131n (elektron kitablar istisna olmaqla), habel\u0259 d\u0259rslik komplektl\u0259rinin idxal\u0131 v\u0259 sat\u0131\u015f\u0131, h\u0259min mallar\u0131n (m\u0259hsullar\u0131n) istehsal\u0131 (n\u0259\u015fri) il\u0259 ba\u011fl\u0131 rulon v\u0259 ya v\u0259r\u0259q\u0259 \u015f\u0259klind\u0259 ka\u011f\u0131z\u0131n idxal\u0131 v\u0259 sat\u0131\u015f\u0131\u201d;<\/p>\n\n\n\n<p>2) \u201c164.1.8. m\u0259tbu k\u00fctl\u0259vi informasiya vasit\u0259l\u0259ri m\u0259hsullar\u0131n\u0131n v\u0259 kitablar\u0131n (o c\u00fcml\u0259d\u0259n elektron kitablar\u0131n), habel\u0259 d\u0259rslik komplektl\u0259rinin istehsal\u0131 il\u0259 ba\u011fl\u0131 redaksiya, n\u0259\u015friyyat v\u0259 poliqrafiya f\u0259aliyy\u0259ti (reklam xidm\u0259tl\u0259ri istisna olmaqla)\u201d cari ilin \u0259vv\u0259lind\u0259n \u018fDV-d\u0259n azad edilib.<\/p>\n\n\n\n<figure class=\"wp-block-image size-full\"><img decoding=\"async\" width=\"1200\" height=\"800\" data-src=\"https:\/\/www.meydan.tv\/wp-content\/uploads\/untitled-design-8-4.jpg\" alt=\"\" class=\"wp-image-243192 lazyload\" src=\"data:image\/svg+xml;base64,PHN2ZyB3aWR0aD0iMSIgaGVpZ2h0PSIxIiB4bWxucz0iaHR0cDovL3d3dy53My5vcmcvMjAwMC9zdmciPjwvc3ZnPg==\" style=\"--smush-placeholder-width: 1200px; --smush-placeholder-aspect-ratio: 1200\/800;\" \/><figcaption>Na\u015fir \u015eahbaz Xuduo\u011flu v\u0259 Ba\u015f nazir \u018fli \u018fs\u0259dov<\/figcaption><\/figure>\n\n\n\n<p>Eyni zamanda, \u201cAz\u0259rbaycan Respublikas\u0131n\u0131n Vergi M\u0259c\u0259ll\u0259sind\u0259 d\u0259yi\u015fiklik edilm\u0259si haqq\u0131nda\u201d Az\u0259rbaycan Respublikas\u0131n\u0131n 2021-ci il 3 dekabr tarixli 406-VIQD n\u00f6mr\u0259li Qanununun t\u0259tbiqi v\u0259 h\u0259min Qanunun t\u0259tbiqi il\u0259 \u0259laq\u0259dar bir s\u0131ra m\u0259s\u0259l\u0259l\u0259rin t\u0259nziml\u0259nm\u0259si bar\u0259d\u0259\u201d Az\u0259rbaycan Respublikas\u0131 Prezidentinin 29 dekabr 2021-ci il tarixli 1533 n\u00f6mr\u0259li F\u0259rman\u0131n\u0131n 2, 2.1 v\u0259 2.1.2-ci b\u0259ndl\u0259rin\u0259 \u0259sas\u0259n, Az\u0259rbaycan Respublikas\u0131n\u0131n Nazirl\u0259r Kabinetin\u0259 \u00fc\u00e7 ay m\u00fcdd\u0259tind\u0259 h\u0259min M\u0259c\u0259ll\u0259nin 164.1.7-ci madd\u0259sin\u0259 uy\u011fun olaraq, k\u00fctl\u0259vi informasiya vasit\u0259l\u0259ri m\u0259hsullar\u0131n\u0131n v\u0259 kitablar\u0131n (elektron kitablar istisna olmaqla), habel\u0259 d\u0259rslik komplektl\u0259rinin siyah\u0131s\u0131n\u0131 t\u0259sdiq edib Az\u0259rbaycan Respublikas\u0131n\u0131n Prezidentin\u0259 m\u0259lumat verm\u0259si tap\u015f\u0131r\u0131lm\u0131\u015fd\u0131r.<\/p>\n\n\n\n<p>Na\u015fir deyir ki, \u018fDV-d\u0259n azadolma il\u0259 ba\u011fl\u0131 qanunun t\u0259tbiqi 2022-ci il yanvar\u0131n 1-d\u0259n n\u0259z\u0259rd\u0259 tutulsa da, 164.1.7-ci madd\u0259d\u0259ki siyah\u0131 t\u0259l\u0259bi v\u0259 f\u0259rmandak\u0131 m\u00fcvafiq g\u00f6st\u0259ri\u015f bunu qeyri-m\u00fcmk\u00fcn edib.<\/p>\n\n\n\n<p>Dig\u0259r t\u0259r\u0259fd\u0259n, art\u0131q 4 ay ke\u00e7m\u0259sin\u0259 baxmayaraq, Nazirl\u0259r Kabineti s\u00f6z\u00fcged\u0259n siyah\u0131n\u0131 t\u0259sdiq etm\u0259yib:<\/p>\n\n\n\n<p>\u201cBu s\u0259b\u0259bd\u0259n m\u00f6vcud qeyri-m\u00fc\u0259yy\u0259nlik h\u0259l\u0259 d\u0259 \u018fDV \u00f6d\u0259m\u0259li olan n\u0259\u015friyyat-poliqrafiya v\u0259 kitab sat\u0131\u015f\u0131 sah\u0259sind\u0259 f\u0259aliyy\u0259t g\u00f6st\u0259r\u0259n vergi \u00f6d\u0259yicil\u0259ri \u00fc\u00e7\u00fcn \u00e7a\u015fq\u0131nl\u0131q yarad\u0131b. Ba\u015f nazird\u0259n Vergi M\u0259c\u0259ll\u0259sinin 164.1.7. v\u0259 164.1.8-ci madd\u0259l\u0259rinin t\u0259tbiqi m\u0259s\u0259l\u0259sin\u0259 ayd\u0131nl\u0131q g\u0259tirilm\u0259sini xahi\u015f edirik\u201d.<\/p>\n\n\n\n<p>\u015eahbaz Xuduo\u011flu m\u0259s\u0259l\u0259 il\u0259 ba\u011fl\u0131 \u201cMeyart\u201d verili\u015finin 23 aprel burax\u0131l\u0131\u015f\u0131nda <a href=\"https:\/\/www.meydan.tv\/az\/article\/meyart-kitablarin-uzerinden-18-edv-goturulub\/\" target=\"_blank\" rel=\"noreferrer noopener\">dan\u0131\u015f\u0131b<\/a>.<\/p>\n\n\n\n<p>Qanunun \u015f\u0259rti xarakter da\u015f\u0131d\u0131\u011f\u0131n\u0131 deyib.<\/p>\n\n\n\n<p>\u201c\u018fg\u0259r bu qanun i\u015fl\u0259m\u0259y\u0259c\u0259kdis\u0259, niy\u0259 q\u0259bul olunurdu?\u201d, &#8211; na\u015fir m\u00fcsahib\u0259sind\u0259 deyib.<\/p>\n\n\n\n<p>2021-ci il dekabr\u0131n 3-d\u0259 Vergi M\u0259c\u0259ll\u0259sin\u0259 edil\u0259n d\u0259yi\u015fikliy\u0259 \u0259sas\u0259n, Az\u0259rbaycanda ka\u011f\u0131z v\u0259 kitab 18 faiz \u018fDV-d\u0259n azad olunub.<\/p>\n\n\n\n<p>Q\u0259rar 2022-ci il yanvar\u0131n 1-d\u0259n q\u00fcvv\u0259y\u0259 minib.<\/p>\n","protected":false},"excerpt":{"rendered":"<p>\u201cM\u00f6vcud qeyri-m\u00fc\u0259yy\u0259nlik vergi \u00f6d\u0259yicil\u0259ri \u00fc\u00e7\u00fcn \u00e7a\u015fq\u0131nl\u0131q yarad\u0131b\u201d \u201cQanun\u201d N\u0259\u015frl\u0259r Evinin &#8230; <\/p>\n<p class=\"read-more-container\"><a title=\"Na\u015fir Ba\u015f nazir\u0259 a\u00e7\u0131q m\u0259ktub \u00fcnvanlad\u0131\" class=\"read-more button\" href=\"https:\/\/www.meydan.tv\/az\/article\/nasir-bas-nazire-aciq-mektub-unvanladi\/#more-243191\" aria-label=\"Read more about Na\u015fir Ba\u015f nazir\u0259 a\u00e7\u0131q m\u0259ktub \u00fcnvanlad\u0131\">Davam\u0131<\/a><\/p>\n","protected":false},"author":8,"featured_media":232205,"comment_status":"closed","ping_status":"closed","sticky":false,"template":"","format":"standard","meta":{"_acf_changed":false,"_sitemap_exclude":false,"_sitemap_priority":"","_sitemap_frequency":"","footnotes":""},"categories":[52,56],"tags":[],"class_list":["post-243191","post","type-post","status-publish","format-standard","has-post-thumbnail","hentry","category-medeniyyet","category-xeberler","infinite-scroll-item","generate-columns","tablet-grid-50","mobile-grid-100","grid-parent","grid-33","no-featured-image-padding"],"acf":[],"yoast_head":"<!-- This site is optimized with the Yoast SEO plugin v27.4 - https:\/\/yoast.com\/product\/yoast-seo-wordpress\/ -->\n<title>Na\u015fir Ba\u015f nazir\u0259 a\u00e7\u0131q m\u0259ktub \u00fcnvanlad\u0131 - MEYDAN.TV<\/title>\n<meta name=\"robots\" content=\"index, follow, max-snippet:-1, max-image-preview:large, max-video-preview:-1\" \/>\n<link rel=\"canonical\" href=\"https:\/\/www.meydan.tv\/az\/article\/nasir-bas-nazire-aciq-mektub-unvanladi\/\" \/>\n<meta property=\"og:locale\" content=\"az_AZ\" \/>\n<meta property=\"og:type\" content=\"article\" \/>\n<meta property=\"og:title\" content=\"Na\u015fir Ba\u015f nazir\u0259 a\u00e7\u0131q m\u0259ktub \u00fcnvanlad\u0131 - MEYDAN.TV\" \/>\n<meta property=\"og:description\" content=\"\u201cM\u00f6vcud qeyri-m\u00fc\u0259yy\u0259nlik vergi \u00f6d\u0259yicil\u0259ri \u00fc\u00e7\u00fcn \u00e7a\u015fq\u0131nl\u0131q yarad\u0131b\u201d \u201cQanun\u201d N\u0259\u015frl\u0259r Evinin ... Davam\u0131\" \/>\n<meta property=\"og:url\" content=\"https:\/\/www.meydan.tv\/az\/article\/nasir-bas-nazire-aciq-mektub-unvanladi\/\" \/>\n<meta property=\"og:site_name\" content=\"MEYDAN.TV\" \/>\n<meta property=\"article:published_time\" content=\"2022-04-25T12:10:00+00:00\" \/>\n<meta property=\"article:modified_time\" content=\"2022-04-25T12:10:06+00:00\" \/>\n<meta property=\"og:image\" content=\"https:\/\/www.meydan.tv\/wp-content\/uploads\/shutterstock_1511837918.jpg\" \/>\n\t<meta property=\"og:image:width\" content=\"1200\" \/>\n\t<meta property=\"og:image:height\" content=\"800\" \/>\n\t<meta property=\"og:image:type\" content=\"image\/jpeg\" \/>\n<meta name=\"author\" content=\"elli\" \/>\n<meta name=\"twitter:card\" content=\"summary_large_image\" \/>\n<meta name=\"twitter:creator\" content=\"@elli\" \/>\n<script type=\"application\/ld+json\" class=\"yoast-schema-graph\">{\"@context\":\"https:\\\/\\\/schema.org\",\"@graph\":[{\"@type\":\"Article\",\"@id\":\"https:\\\/\\\/www.meydan.tv\\\/az\\\/article\\\/nasir-bas-nazire-aciq-mektub-unvanladi\\\/#article\",\"isPartOf\":{\"@id\":\"https:\\\/\\\/www.meydan.tv\\\/az\\\/article\\\/nasir-bas-nazire-aciq-mektub-unvanladi\\\/\"},\"author\":{\"name\":\"elli\",\"@id\":\"https:\\\/\\\/www.meydan.tv\\\/az\\\/#\\\/schema\\\/person\\\/9cdbecf90d17180ce1dfbd95b08dcf47\"},\"headline\":\"Na\u015fir Ba\u015f nazir\u0259 a\u00e7\u0131q m\u0259ktub \u00fcnvanlad\u0131\",\"datePublished\":\"2022-04-25T12:10:00+00:00\",\"dateModified\":\"2022-04-25T12:10:06+00:00\",\"mainEntityOfPage\":{\"@id\":\"https:\\\/\\\/www.meydan.tv\\\/az\\\/article\\\/nasir-bas-nazire-aciq-mektub-unvanladi\\\/\"},\"wordCount\":853,\"publisher\":{\"@id\":\"https:\\\/\\\/www.meydan.tv\\\/az\\\/#organization\"},\"image\":{\"@id\":\"https:\\\/\\\/www.meydan.tv\\\/az\\\/article\\\/nasir-bas-nazire-aciq-mektub-unvanladi\\\/#primaryimage\"},\"thumbnailUrl\":\"https:\\\/\\\/www.meydan.tv\\\/wp-content\\\/uploads\\\/shutterstock_1511837918.jpg\",\"articleSection\":[\"M\u0259d\u0259niyy\u0259t\",\"X\u0259b\u0259rl\u0259r\"],\"inLanguage\":\"az\"},{\"@type\":\"WebPage\",\"@id\":\"https:\\\/\\\/www.meydan.tv\\\/az\\\/article\\\/nasir-bas-nazire-aciq-mektub-unvanladi\\\/\",\"url\":\"https:\\\/\\\/www.meydan.tv\\\/az\\\/article\\\/nasir-bas-nazire-aciq-mektub-unvanladi\\\/\",\"name\":\"Na\u015fir Ba\u015f nazir\u0259 a\u00e7\u0131q m\u0259ktub \u00fcnvanlad\u0131 - MEYDAN.TV\",\"isPartOf\":{\"@id\":\"https:\\\/\\\/www.meydan.tv\\\/az\\\/#website\"},\"primaryImageOfPage\":{\"@id\":\"https:\\\/\\\/www.meydan.tv\\\/az\\\/article\\\/nasir-bas-nazire-aciq-mektub-unvanladi\\\/#primaryimage\"},\"image\":{\"@id\":\"https:\\\/\\\/www.meydan.tv\\\/az\\\/article\\\/nasir-bas-nazire-aciq-mektub-unvanladi\\\/#primaryimage\"},\"thumbnailUrl\":\"https:\\\/\\\/www.meydan.tv\\\/wp-content\\\/uploads\\\/shutterstock_1511837918.jpg\",\"datePublished\":\"2022-04-25T12:10:00+00:00\",\"dateModified\":\"2022-04-25T12:10:06+00:00\",\"breadcrumb\":{\"@id\":\"https:\\\/\\\/www.meydan.tv\\\/az\\\/article\\\/nasir-bas-nazire-aciq-mektub-unvanladi\\\/#breadcrumb\"},\"inLanguage\":\"az\",\"potentialAction\":[{\"@type\":\"ReadAction\",\"target\":[\"https:\\\/\\\/www.meydan.tv\\\/az\\\/article\\\/nasir-bas-nazire-aciq-mektub-unvanladi\\\/\"]}]},{\"@type\":\"ImageObject\",\"inLanguage\":\"az\",\"@id\":\"https:\\\/\\\/www.meydan.tv\\\/az\\\/article\\\/nasir-bas-nazire-aciq-mektub-unvanladi\\\/#primaryimage\",\"url\":\"https:\\\/\\\/www.meydan.tv\\\/wp-content\\\/uploads\\\/shutterstock_1511837918.jpg\",\"contentUrl\":\"https:\\\/\\\/www.meydan.tv\\\/wp-content\\\/uploads\\\/shutterstock_1511837918.jpg\",\"width\":1200,\"height\":800,\"caption\":\"Kitab, New Africa\\\/shutterstock\"},{\"@type\":\"BreadcrumbList\",\"@id\":\"https:\\\/\\\/www.meydan.tv\\\/az\\\/article\\\/nasir-bas-nazire-aciq-mektub-unvanladi\\\/#breadcrumb\",\"itemListElement\":[{\"@type\":\"ListItem\",\"position\":1,\"name\":\"Ana s\u0259hif\u0259\",\"item\":\"https:\\\/\\\/www.meydan.tv\\\/az\\\/\"},{\"@type\":\"ListItem\",\"position\":2,\"name\":\"M\u0259d\u0259niyy\u0259t\",\"item\":\"https:\\\/\\\/www.meydan.tv\\\/az\\\/section\\\/medeniyyet\\\/\"},{\"@type\":\"ListItem\",\"position\":3,\"name\":\"Na\u015fir Ba\u015f nazir\u0259 a\u00e7\u0131q m\u0259ktub \u00fcnvanlad\u0131\"}]},{\"@type\":\"WebSite\",\"@id\":\"https:\\\/\\\/www.meydan.tv\\\/az\\\/#website\",\"url\":\"https:\\\/\\\/www.meydan.tv\\\/az\\\/\",\"name\":\"MEYDAN.TV\",\"description\":\"Meydan TV Az\u0259rbaycan\u0131n media m\u0259kan\u0131ndak\u0131 alternativ s\u0259sidir\",\"publisher\":{\"@id\":\"https:\\\/\\\/www.meydan.tv\\\/az\\\/#organization\"},\"potentialAction\":[{\"@type\":\"SearchAction\",\"target\":{\"@type\":\"EntryPoint\",\"urlTemplate\":\"https:\\\/\\\/www.meydan.tv\\\/az\\\/?s={search_term_string}\"},\"query-input\":{\"@type\":\"PropertyValueSpecification\",\"valueRequired\":true,\"valueName\":\"search_term_string\"}}],\"inLanguage\":\"az\"},{\"@type\":\"Organization\",\"@id\":\"https:\\\/\\\/www.meydan.tv\\\/az\\\/#organization\",\"name\":\"Meydan TV\",\"url\":\"https:\\\/\\\/www.meydan.tv\\\/az\\\/\",\"logo\":{\"@type\":\"ImageObject\",\"inLanguage\":\"az\",\"@id\":\"https:\\\/\\\/www.meydan.tv\\\/az\\\/#\\\/schema\\\/logo\\\/image\\\/\",\"url\":\"https:\\\/\\\/www.meydan.tv\\\/wp-content\\\/uploads\\\/2021\\\/07\\\/meydan-logo.svg\",\"contentUrl\":\"https:\\\/\\\/www.meydan.tv\\\/wp-content\\\/uploads\\\/2021\\\/07\\\/meydan-logo.svg\",\"width\":195,\"height\":46,\"caption\":\"Meydan TV\"},\"image\":{\"@id\":\"https:\\\/\\\/www.meydan.tv\\\/az\\\/#\\\/schema\\\/logo\\\/image\\\/\"}},{\"@type\":\"Person\",\"@id\":\"https:\\\/\\\/www.meydan.tv\\\/az\\\/#\\\/schema\\\/person\\\/9cdbecf90d17180ce1dfbd95b08dcf47\",\"name\":\"elli\",\"sameAs\":[\"https:\\\/\\\/x.com\\\/elli\"]}]}<\/script>\n<!-- \/ Yoast SEO plugin. -->","yoast_head_json":{"title":"Na\u015fir Ba\u015f nazir\u0259 a\u00e7\u0131q m\u0259ktub \u00fcnvanlad\u0131 - MEYDAN.TV","robots":{"index":"index","follow":"follow","max-snippet":"max-snippet:-1","max-image-preview":"max-image-preview:large","max-video-preview":"max-video-preview:-1"},"canonical":"https:\/\/www.meydan.tv\/az\/article\/nasir-bas-nazire-aciq-mektub-unvanladi\/","og_locale":"az_AZ","og_type":"article","og_title":"Na\u015fir Ba\u015f nazir\u0259 a\u00e7\u0131q m\u0259ktub \u00fcnvanlad\u0131 - MEYDAN.TV","og_description":"\u201cM\u00f6vcud qeyri-m\u00fc\u0259yy\u0259nlik vergi \u00f6d\u0259yicil\u0259ri \u00fc\u00e7\u00fcn \u00e7a\u015fq\u0131nl\u0131q yarad\u0131b\u201d \u201cQanun\u201d N\u0259\u015frl\u0259r Evinin ... Davam\u0131","og_url":"https:\/\/www.meydan.tv\/az\/article\/nasir-bas-nazire-aciq-mektub-unvanladi\/","og_site_name":"MEYDAN.TV","article_published_time":"2022-04-25T12:10:00+00:00","article_modified_time":"2022-04-25T12:10:06+00:00","og_image":[{"width":1200,"height":800,"url":"https:\/\/www.meydan.tv\/wp-content\/uploads\/shutterstock_1511837918.jpg","type":"image\/jpeg"}],"author":"elli","twitter_card":"summary_large_image","twitter_creator":"@elli","schema":{"@context":"https:\/\/schema.org","@graph":[{"@type":"Article","@id":"https:\/\/www.meydan.tv\/az\/article\/nasir-bas-nazire-aciq-mektub-unvanladi\/#article","isPartOf":{"@id":"https:\/\/www.meydan.tv\/az\/article\/nasir-bas-nazire-aciq-mektub-unvanladi\/"},"author":{"name":"elli","@id":"https:\/\/www.meydan.tv\/az\/#\/schema\/person\/9cdbecf90d17180ce1dfbd95b08dcf47"},"headline":"Na\u015fir Ba\u015f nazir\u0259 a\u00e7\u0131q m\u0259ktub \u00fcnvanlad\u0131","datePublished":"2022-04-25T12:10:00+00:00","dateModified":"2022-04-25T12:10:06+00:00","mainEntityOfPage":{"@id":"https:\/\/www.meydan.tv\/az\/article\/nasir-bas-nazire-aciq-mektub-unvanladi\/"},"wordCount":853,"publisher":{"@id":"https:\/\/www.meydan.tv\/az\/#organization"},"image":{"@id":"https:\/\/www.meydan.tv\/az\/article\/nasir-bas-nazire-aciq-mektub-unvanladi\/#primaryimage"},"thumbnailUrl":"https:\/\/www.meydan.tv\/wp-content\/uploads\/shutterstock_1511837918.jpg","articleSection":["M\u0259d\u0259niyy\u0259t","X\u0259b\u0259rl\u0259r"],"inLanguage":"az"},{"@type":"WebPage","@id":"https:\/\/www.meydan.tv\/az\/article\/nasir-bas-nazire-aciq-mektub-unvanladi\/","url":"https:\/\/www.meydan.tv\/az\/article\/nasir-bas-nazire-aciq-mektub-unvanladi\/","name":"Na\u015fir Ba\u015f nazir\u0259 a\u00e7\u0131q m\u0259ktub \u00fcnvanlad\u0131 - MEYDAN.TV","isPartOf":{"@id":"https:\/\/www.meydan.tv\/az\/#website"},"primaryImageOfPage":{"@id":"https:\/\/www.meydan.tv\/az\/article\/nasir-bas-nazire-aciq-mektub-unvanladi\/#primaryimage"},"image":{"@id":"https:\/\/www.meydan.tv\/az\/article\/nasir-bas-nazire-aciq-mektub-unvanladi\/#primaryimage"},"thumbnailUrl":"https:\/\/www.meydan.tv\/wp-content\/uploads\/shutterstock_1511837918.jpg","datePublished":"2022-04-25T12:10:00+00:00","dateModified":"2022-04-25T12:10:06+00:00","breadcrumb":{"@id":"https:\/\/www.meydan.tv\/az\/article\/nasir-bas-nazire-aciq-mektub-unvanladi\/#breadcrumb"},"inLanguage":"az","potentialAction":[{"@type":"ReadAction","target":["https:\/\/www.meydan.tv\/az\/article\/nasir-bas-nazire-aciq-mektub-unvanladi\/"]}]},{"@type":"ImageObject","inLanguage":"az","@id":"https:\/\/www.meydan.tv\/az\/article\/nasir-bas-nazire-aciq-mektub-unvanladi\/#primaryimage","url":"https:\/\/www.meydan.tv\/wp-content\/uploads\/shutterstock_1511837918.jpg","contentUrl":"https:\/\/www.meydan.tv\/wp-content\/uploads\/shutterstock_1511837918.jpg","width":1200,"height":800,"caption":"Kitab, New Africa\/shutterstock"},{"@type":"BreadcrumbList","@id":"https:\/\/www.meydan.tv\/az\/article\/nasir-bas-nazire-aciq-mektub-unvanladi\/#breadcrumb","itemListElement":[{"@type":"ListItem","position":1,"name":"Ana s\u0259hif\u0259","item":"https:\/\/www.meydan.tv\/az\/"},{"@type":"ListItem","position":2,"name":"M\u0259d\u0259niyy\u0259t","item":"https:\/\/www.meydan.tv\/az\/section\/medeniyyet\/"},{"@type":"ListItem","position":3,"name":"Na\u015fir Ba\u015f nazir\u0259 a\u00e7\u0131q m\u0259ktub \u00fcnvanlad\u0131"}]},{"@type":"WebSite","@id":"https:\/\/www.meydan.tv\/az\/#website","url":"https:\/\/www.meydan.tv\/az\/","name":"MEYDAN.TV","description":"Meydan TV Az\u0259rbaycan\u0131n media m\u0259kan\u0131ndak\u0131 alternativ s\u0259sidir","publisher":{"@id":"https:\/\/www.meydan.tv\/az\/#organization"},"potentialAction":[{"@type":"SearchAction","target":{"@type":"EntryPoint","urlTemplate":"https:\/\/www.meydan.tv\/az\/?s={search_term_string}"},"query-input":{"@type":"PropertyValueSpecification","valueRequired":true,"valueName":"search_term_string"}}],"inLanguage":"az"},{"@type":"Organization","@id":"https:\/\/www.meydan.tv\/az\/#organization","name":"Meydan TV","url":"https:\/\/www.meydan.tv\/az\/","logo":{"@type":"ImageObject","inLanguage":"az","@id":"https:\/\/www.meydan.tv\/az\/#\/schema\/logo\/image\/","url":"https:\/\/www.meydan.tv\/wp-content\/uploads\/2021\/07\/meydan-logo.svg","contentUrl":"https:\/\/www.meydan.tv\/wp-content\/uploads\/2021\/07\/meydan-logo.svg","width":195,"height":46,"caption":"Meydan TV"},"image":{"@id":"https:\/\/www.meydan.tv\/az\/#\/schema\/logo\/image\/"}},{"@type":"Person","@id":"https:\/\/www.meydan.tv\/az\/#\/schema\/person\/9cdbecf90d17180ce1dfbd95b08dcf47","name":"elli","sameAs":["https:\/\/x.com\/elli"]}]}},"_links":{"self":[{"href":"https:\/\/www.meydan.tv\/az\/wp-json\/wp\/v2\/posts\/243191","targetHints":{"allow":["GET"]}}],"collection":[{"href":"https:\/\/www.meydan.tv\/az\/wp-json\/wp\/v2\/posts"}],"about":[{"href":"https:\/\/www.meydan.tv\/az\/wp-json\/wp\/v2\/types\/post"}],"author":[{"embeddable":true,"href":"https:\/\/www.meydan.tv\/az\/wp-json\/wp\/v2\/users\/8"}],"replies":[{"embeddable":true,"href":"https:\/\/www.meydan.tv\/az\/wp-json\/wp\/v2\/comments?post=243191"}],"version-history":[{"count":1,"href":"https:\/\/www.meydan.tv\/az\/wp-json\/wp\/v2\/posts\/243191\/revisions"}],"predecessor-version":[{"id":243195,"href":"https:\/\/www.meydan.tv\/az\/wp-json\/wp\/v2\/posts\/243191\/revisions\/243195"}],"wp:featuredmedia":[{"embeddable":true,"href":"https:\/\/www.meydan.tv\/az\/wp-json\/wp\/v2\/media\/232205"}],"wp:attachment":[{"href":"https:\/\/www.meydan.tv\/az\/wp-json\/wp\/v2\/media?parent=243191"}],"wp:term":[{"taxonomy":"category","embeddable":true,"href":"https:\/\/www.meydan.tv\/az\/wp-json\/wp\/v2\/categories?post=243191"},{"taxonomy":"post_tag","embeddable":true,"href":"https:\/\/www.meydan.tv\/az\/wp-json\/wp\/v2\/tags?post=243191"}],"curies":[{"name":"wp","href":"https:\/\/api.w.org\/{rel}","templated":true}]}}