{"id":243062,"date":"2022-04-24T21:42:06","date_gmt":"2022-04-24T17:42:06","guid":{"rendered":"https:\/\/www.meydan.tv\/?p=243062"},"modified":"2022-04-24T21:42:08","modified_gmt":"2022-04-24T17:42:08","slug":"bir-ana-ucun-ovladinin-agri-acisini-gormek-dehsetli-bir-hissdir","status":"publish","type":"post","link":"https:\/\/www.meydan.tv\/az\/article\/bir-ana-ucun-ovladinin-agri-acisini-gormek-dehsetli-bir-hissdir\/","title":{"rendered":"\u201cBir ana \u00fc\u00e7\u00fcn \u00f6vlad\u0131n\u0131n a\u011fr\u0131-ac\u0131s\u0131n\u0131 g\u00f6rm\u0259k d\u0259h\u015f\u0259tli bir hissdir\u201d"},"content":{"rendered":"\n<p><\/p>\n\n\n\n<p><em>Ana: \u201cT\u00fcrkiy\u0259 h\u0259kiml\u0259ri m\u00fcalic\u0259 \u00fc\u00e7\u00fcn \u00fcmid verirl\u0259r, ancaq\u2026\u201d<\/em><\/p>\n\n\n\n<p>4 ya\u015fl\u0131 \u00d6m\u0259r M\u0259mm\u0259dli 2 ildir x\u0259r\u00e7\u0259ng x\u0259st\u0259liyind\u0259n \u0259ziyy\u0259t \u00e7\u0259kir. X\u0259r\u00e7\u0259ng \u00f6d yollar\u0131 v\u0259 qara ciy\u0259rin\u0259 yay\u0131ld\u0131\u011f\u0131ndan \u0259m\u0259liyyat olunub. Ail\u0259sinin \u00d6m\u0259ri m\u00fcalic\u0259 etdirm\u0259y\u0259 imkan\u0131 yoxdur.<\/p>\n\n\n\n<p>Meydan TV-y\u0259 m\u00fcraci\u0259t ed\u0259n ana Sevinc M\u0259mm\u0259dovan\u0131n s\u00f6zl\u0259rin\u0259 g\u00f6r\u0259, \u00d6m\u0259r 16 kurs kimyaterapiya, 16 kurs \u015f\u00fca terapiyas\u0131 al\u0131b.<\/p>\n\n\n\n<p>\u201cMeydan TV-nin <a href=\"https:\/\/d9mc3ts4czbpr.cloudfront.net\/az\/article\/4-yasli-oglumu-yasatmaq-ucun-mene-yardim-edin\/\" target=\"_blank\" rel=\"noreferrer noopener\">payla\u015f\u0131mlar\u0131<\/a>, o c\u00fcml\u0259d\u0259n sosial \u015f\u0259b\u0259k\u0259l\u0259rd\u0259 edil\u0259n m\u00fcraci\u0259tl\u0259rd\u0259n sonra yard\u0131m \u00fc\u00e7\u00fcn pul topland\u0131. \u00d6m\u0259rin m\u00fcalic\u0259si davam etdirilirdi. \u0130ndi is\u0259 m\u0259lum olub ki, qaraciy\u0259rind\u0259 yeni \u015fi\u015f \u0259m\u0259l\u0259 g\u0259lib. T\u00fcrkiy\u0259 h\u0259kiml\u0259ri m\u00fcalic\u0259 \u00fc\u00e7\u00fcn \u00fcmid verirl\u0259r, ancaq tam sa\u011falmas\u0131 \u00fc\u00e7\u00fcn 12 min manata ehtiyac var\u201d,-S.M\u0259mm\u0259dova deyib.<\/p>\n\n\n\n<p>Ail\u0259 \u00d6m\u0259rin ilk \u0259m\u0259liyyat\u0131, terapeyalar v\u0259 d\u0259rmanlar \u00fc\u00e7\u00fcn evd\u0259 olan b\u00fct\u00fcn \u0259\u015fyalar\u0131 satmaq m\u0259cburiyy\u0259tind\u0259 qal\u0131b. Ana bildirir ki, haz\u0131rda g\u00fcnd\u0259lik dolan\u0131\u015f\u0131qlar\u0131n\u0131 bel\u0259 \u00e7\u0259tinlikl\u0259 qar\u015f\u0131laya bilirl\u0259r: \u201cH\u0259yat yolda\u015f\u0131m 3-c\u00fc qrup \u0259lildir, qazanc\u0131 x\u0259rcl\u0259r\u0259 yetmir. U\u015fa\u011fa ilk d\u0259f\u0259 Sumqay\u0131tda s\u0259hv diaqnoz qoyuldu v\u0259 2 ay hepatit diaqnozu il\u0259 m\u00fcalic\u0259 getdi. Sonra m\u0259lum oldu ki, diaqnoz yanl\u0131\u015fd\u0131, \u00f6d\u00fcnd\u0259 3 santimetrlik t\u00f6r\u0259m\u0259 var. \u00d6t\u0259n ilin may\u0131nda \u0259m\u0259liyyat edildi, \u00f6d axar\u0131, qaraciy\u0259rin yar\u0131s\u0131 k\u0259sildi. O zaman \u00d6m\u0259rin x\u0259r\u00e7\u0259ng oldu\u011funu \u00f6yr\u0259ndik\u201d.<\/p>\n\n\n\n<p>Ail\u0259nin daha bir azya\u015fl\u0131 \u00f6vlad\u0131 var. Ana deyir ki, \u00f6lk\u0259d\u0259ki b\u00fct\u00fcn d\u00f6vl\u0259t qurumlar\u0131na, fondlara m\u00fcraci\u0259t ets\u0259 d\u0259, s\u0259sin\u0259 s\u0259s ver\u0259n olmay\u0131b:<\/p>\n\n\n\n<p>\u201cXahi\u015f edir\u0259m, balam\u0131n ya\u015famas\u0131 \u00fc\u00e7\u00fcn k\u00f6m\u0259klik g\u00f6st\u0259rilsin. Bir ana \u00fc\u00e7\u00fcn \u00f6vlad\u0131n\u0131n a\u011fr\u0131-ac\u0131s\u0131n\u0131 g\u00f6rm\u0259k d\u0259h\u015f\u0259tli bir hissdir. Bu ya\u015f\u0131nda u\u015faq a\u011fr\u0131dan gec\u0259 s\u0259h\u0259r\u0259 kimi a\u011flay\u0131r.<\/p>\n\n\n\n<p>Bak\u0131da Milli Onkologiya M\u0259rk\u0259zinin n\u0259zdind\u0259 U\u015faq Onkoloji Klinikas\u0131 a\u00e7\u0131l\u0131b. Klinikadan Meydan TV-y\u0259 cavab verm\u0259yibl\u0259r.<\/p>\n\n\n\n<p>Az\u0259rbaycanda \u201cOnkoloji yard\u0131m haqq\u0131nda\u201d qanun, \u201cOnkoloji x\u0259st\u0259l\u0259rin \u015fi\u015f \u0259leyhin\u0259 \u0259sas preparatlarla t\u0259minat\u0131 \u00fczr\u0259 T\u0259dbirl\u0259r Proqram\u0131\u201d m\u00f6vcuddur. \u00dcmumd\u00fcnya S\u0259hiyy\u0259 T\u0259\u015fkilat\u0131n\u0131n m\u0259lumat\u0131na g\u00f6r\u0259, h\u0259r il d\u00fcnyada ya\u015f\u0131 15 ya\u015f\u0131ndan a\u015fa\u011f\u0131 olan t\u0259xmin\u0259n 215 min u\u015faq, ya\u015f\u0131 15-d\u0259n 19-d\u0259k olan 85 min u\u015faq x\u0259r\u00e7\u0259ng x\u0259s\u0259liyin\u0259 m\u00fcbt\u0259la olur. H\u0259r il t\u0259xmin\u0259n 100 min u\u015faq x\u0259r\u00e7\u0259ng x\u0259st\u0259liyind\u0259n v\u0259fat edir.<\/p>\n\n\n\n<p>2020-ci ilin statistikas\u0131na g\u00f6r\u0259, Az\u0259rbaycanda 13 ya\u015f\u0131nad\u0259k olan 117, 14-17 ya\u015f\u0131nda olan 55 u\u015fa\u011fa x\u0259r\u00e7\u0259ng diaqnozu qoyulub. 2012-ci il mart\u0131n 7-d\u0259 Milli Onkologiya M\u0259rk\u0259zinin n\u0259zdind\u0259 Az\u0259rbaycanda ilk d\u0259f\u0259 U\u015faq Onkoloji Klinikas\u0131 f\u0259aliyy\u0259t\u0259 ba\u015flay\u0131b.<\/p>\n","protected":false},"excerpt":{"rendered":"<p>Ana: \u201cT\u00fcrkiy\u0259 h\u0259kiml\u0259ri m\u00fcalic\u0259 \u00fc\u00e7\u00fcn \u00fcmid verirl\u0259r, ancaq\u2026\u201d 4 ya\u015fl\u0131 &#8230; <\/p>\n<p class=\"read-more-container\"><a title=\"\u201cBir ana \u00fc\u00e7\u00fcn \u00f6vlad\u0131n\u0131n a\u011fr\u0131-ac\u0131s\u0131n\u0131 g\u00f6rm\u0259k d\u0259h\u015f\u0259tli bir hissdir\u201d\" class=\"read-more button\" href=\"https:\/\/www.meydan.tv\/az\/article\/bir-ana-ucun-ovladinin-agri-acisini-gormek-dehsetli-bir-hissdir\/#more-243062\" aria-label=\"Read more about \u201cBir ana \u00fc\u00e7\u00fcn \u00f6vlad\u0131n\u0131n a\u011fr\u0131-ac\u0131s\u0131n\u0131 g\u00f6rm\u0259k d\u0259h\u015f\u0259tli bir hissdir\u201d\">Davam\u0131<\/a><\/p>\n","protected":false},"author":8,"featured_media":243059,"comment_status":"closed","ping_status":"closed","sticky":false,"template":"","format":"standard","meta":{"_acf_changed":false,"_sitemap_exclude":false,"_sitemap_priority":"","_sitemap_frequency":"","footnotes":""},"categories":[54,56],"tags":[],"class_list":["post-243062","post","type-post","status-publish","format-standard","has-post-thumbnail","hentry","category-sagliq","category-xeberler","infinite-scroll-item","generate-columns","tablet-grid-50","mobile-grid-100","grid-parent","grid-33","no-featured-image-padding"],"acf":[],"yoast_head":"<!-- This site is optimized with the Yoast SEO plugin v27.4 - https:\/\/yoast.com\/product\/yoast-seo-wordpress\/ -->\n<title>\u201cBir ana \u00fc\u00e7\u00fcn \u00f6vlad\u0131n\u0131n a\u011fr\u0131-ac\u0131s\u0131n\u0131 g\u00f6rm\u0259k d\u0259h\u015f\u0259tli bir hissdir\u201d - MEYDAN.TV<\/title>\n<meta name=\"robots\" content=\"index, follow, max-snippet:-1, max-image-preview:large, max-video-preview:-1\" \/>\n<link rel=\"canonical\" href=\"https:\/\/www.meydan.tv\/az\/article\/bir-ana-ucun-ovladinin-agri-acisini-gormek-dehsetli-bir-hissdir\/\" \/>\n<meta property=\"og:locale\" content=\"az_AZ\" \/>\n<meta property=\"og:type\" content=\"article\" \/>\n<meta property=\"og:title\" content=\"\u201cBir ana \u00fc\u00e7\u00fcn \u00f6vlad\u0131n\u0131n a\u011fr\u0131-ac\u0131s\u0131n\u0131 g\u00f6rm\u0259k d\u0259h\u015f\u0259tli bir hissdir\u201d - MEYDAN.TV\" \/>\n<meta property=\"og:description\" content=\"Ana: \u201cT\u00fcrkiy\u0259 h\u0259kiml\u0259ri m\u00fcalic\u0259 \u00fc\u00e7\u00fcn \u00fcmid verirl\u0259r, ancaq\u2026\u201d 4 ya\u015fl\u0131 ... Davam\u0131\" \/>\n<meta property=\"og:url\" content=\"https:\/\/www.meydan.tv\/az\/article\/bir-ana-ucun-ovladinin-agri-acisini-gormek-dehsetli-bir-hissdir\/\" \/>\n<meta property=\"og:site_name\" content=\"MEYDAN.TV\" \/>\n<meta property=\"article:published_time\" content=\"2022-04-24T17:42:06+00:00\" \/>\n<meta property=\"article:modified_time\" content=\"2022-04-24T17:42:08+00:00\" \/>\n<meta property=\"og:image\" content=\"https:\/\/www.meydan.tv\/wp-content\/uploads\/untitled-design-4-17-e1650822115312.jpg\" \/>\n\t<meta property=\"og:image:width\" content=\"1200\" \/>\n\t<meta property=\"og:image:height\" content=\"492\" \/>\n\t<meta property=\"og:image:type\" content=\"image\/jpeg\" \/>\n<meta name=\"author\" content=\"elli\" \/>\n<meta name=\"twitter:card\" content=\"summary_large_image\" \/>\n<meta name=\"twitter:creator\" content=\"@elli\" \/>\n<script type=\"application\/ld+json\" class=\"yoast-schema-graph\">{\"@context\":\"https:\\\/\\\/schema.org\",\"@graph\":[{\"@type\":\"Article\",\"@id\":\"https:\\\/\\\/www.meydan.tv\\\/az\\\/article\\\/bir-ana-ucun-ovladinin-agri-acisini-gormek-dehsetli-bir-hissdir\\\/#article\",\"isPartOf\":{\"@id\":\"https:\\\/\\\/www.meydan.tv\\\/az\\\/article\\\/bir-ana-ucun-ovladinin-agri-acisini-gormek-dehsetli-bir-hissdir\\\/\"},\"author\":{\"name\":\"elli\",\"@id\":\"https:\\\/\\\/www.meydan.tv\\\/az\\\/#\\\/schema\\\/person\\\/9cdbecf90d17180ce1dfbd95b08dcf47\"},\"headline\":\"\u201cBir ana \u00fc\u00e7\u00fcn \u00f6vlad\u0131n\u0131n a\u011fr\u0131-ac\u0131s\u0131n\u0131 g\u00f6rm\u0259k d\u0259h\u015f\u0259tli bir hissdir\u201d\",\"datePublished\":\"2022-04-24T17:42:06+00:00\",\"dateModified\":\"2022-04-24T17:42:08+00:00\",\"mainEntityOfPage\":{\"@id\":\"https:\\\/\\\/www.meydan.tv\\\/az\\\/article\\\/bir-ana-ucun-ovladinin-agri-acisini-gormek-dehsetli-bir-hissdir\\\/\"},\"wordCount\":542,\"publisher\":{\"@id\":\"https:\\\/\\\/www.meydan.tv\\\/az\\\/#organization\"},\"image\":{\"@id\":\"https:\\\/\\\/www.meydan.tv\\\/az\\\/article\\\/bir-ana-ucun-ovladinin-agri-acisini-gormek-dehsetli-bir-hissdir\\\/#primaryimage\"},\"thumbnailUrl\":\"https:\\\/\\\/www.meydan.tv\\\/wp-content\\\/uploads\\\/untitled-design-4-17-e1650822115312.jpg\",\"articleSection\":[\"Sa\u011fl\u0131q\",\"X\u0259b\u0259rl\u0259r\"],\"inLanguage\":\"az\"},{\"@type\":\"WebPage\",\"@id\":\"https:\\\/\\\/www.meydan.tv\\\/az\\\/article\\\/bir-ana-ucun-ovladinin-agri-acisini-gormek-dehsetli-bir-hissdir\\\/\",\"url\":\"https:\\\/\\\/www.meydan.tv\\\/az\\\/article\\\/bir-ana-ucun-ovladinin-agri-acisini-gormek-dehsetli-bir-hissdir\\\/\",\"name\":\"\u201cBir ana \u00fc\u00e7\u00fcn \u00f6vlad\u0131n\u0131n a\u011fr\u0131-ac\u0131s\u0131n\u0131 g\u00f6rm\u0259k d\u0259h\u015f\u0259tli bir hissdir\u201d - MEYDAN.TV\",\"isPartOf\":{\"@id\":\"https:\\\/\\\/www.meydan.tv\\\/az\\\/#website\"},\"primaryImageOfPage\":{\"@id\":\"https:\\\/\\\/www.meydan.tv\\\/az\\\/article\\\/bir-ana-ucun-ovladinin-agri-acisini-gormek-dehsetli-bir-hissdir\\\/#primaryimage\"},\"image\":{\"@id\":\"https:\\\/\\\/www.meydan.tv\\\/az\\\/article\\\/bir-ana-ucun-ovladinin-agri-acisini-gormek-dehsetli-bir-hissdir\\\/#primaryimage\"},\"thumbnailUrl\":\"https:\\\/\\\/www.meydan.tv\\\/wp-content\\\/uploads\\\/untitled-design-4-17-e1650822115312.jpg\",\"datePublished\":\"2022-04-24T17:42:06+00:00\",\"dateModified\":\"2022-04-24T17:42:08+00:00\",\"breadcrumb\":{\"@id\":\"https:\\\/\\\/www.meydan.tv\\\/az\\\/article\\\/bir-ana-ucun-ovladinin-agri-acisini-gormek-dehsetli-bir-hissdir\\\/#breadcrumb\"},\"inLanguage\":\"az\",\"potentialAction\":[{\"@type\":\"ReadAction\",\"target\":[\"https:\\\/\\\/www.meydan.tv\\\/az\\\/article\\\/bir-ana-ucun-ovladinin-agri-acisini-gormek-dehsetli-bir-hissdir\\\/\"]}]},{\"@type\":\"ImageObject\",\"inLanguage\":\"az\",\"@id\":\"https:\\\/\\\/www.meydan.tv\\\/az\\\/article\\\/bir-ana-ucun-ovladinin-agri-acisini-gormek-dehsetli-bir-hissdir\\\/#primaryimage\",\"url\":\"https:\\\/\\\/www.meydan.tv\\\/wp-content\\\/uploads\\\/untitled-design-4-17-e1650822115312.jpg\",\"contentUrl\":\"https:\\\/\\\/www.meydan.tv\\\/wp-content\\\/uploads\\\/untitled-design-4-17-e1650822115312.jpg\",\"width\":1200,\"height\":492,\"caption\":\"Foto: M\u0259mm\u0259dovlarun ail\u0259 arxivi\"},{\"@type\":\"BreadcrumbList\",\"@id\":\"https:\\\/\\\/www.meydan.tv\\\/az\\\/article\\\/bir-ana-ucun-ovladinin-agri-acisini-gormek-dehsetli-bir-hissdir\\\/#breadcrumb\",\"itemListElement\":[{\"@type\":\"ListItem\",\"position\":1,\"name\":\"Ana s\u0259hif\u0259\",\"item\":\"https:\\\/\\\/www.meydan.tv\\\/az\\\/\"},{\"@type\":\"ListItem\",\"position\":2,\"name\":\"Sa\u011fl\u0131q\",\"item\":\"https:\\\/\\\/www.meydan.tv\\\/az\\\/section\\\/sagliq\\\/\"},{\"@type\":\"ListItem\",\"position\":3,\"name\":\"\u201cBir ana \u00fc\u00e7\u00fcn \u00f6vlad\u0131n\u0131n a\u011fr\u0131-ac\u0131s\u0131n\u0131 g\u00f6rm\u0259k d\u0259h\u015f\u0259tli bir hissdir\u201d\"}]},{\"@type\":\"WebSite\",\"@id\":\"https:\\\/\\\/www.meydan.tv\\\/az\\\/#website\",\"url\":\"https:\\\/\\\/www.meydan.tv\\\/az\\\/\",\"name\":\"MEYDAN.TV\",\"description\":\"Meydan TV Az\u0259rbaycan\u0131n media m\u0259kan\u0131ndak\u0131 alternativ s\u0259sidir\",\"publisher\":{\"@id\":\"https:\\\/\\\/www.meydan.tv\\\/az\\\/#organization\"},\"potentialAction\":[{\"@type\":\"SearchAction\",\"target\":{\"@type\":\"EntryPoint\",\"urlTemplate\":\"https:\\\/\\\/www.meydan.tv\\\/az\\\/?s={search_term_string}\"},\"query-input\":{\"@type\":\"PropertyValueSpecification\",\"valueRequired\":true,\"valueName\":\"search_term_string\"}}],\"inLanguage\":\"az\"},{\"@type\":\"Organization\",\"@id\":\"https:\\\/\\\/www.meydan.tv\\\/az\\\/#organization\",\"name\":\"Meydan TV\",\"url\":\"https:\\\/\\\/www.meydan.tv\\\/az\\\/\",\"logo\":{\"@type\":\"ImageObject\",\"inLanguage\":\"az\",\"@id\":\"https:\\\/\\\/www.meydan.tv\\\/az\\\/#\\\/schema\\\/logo\\\/image\\\/\",\"url\":\"https:\\\/\\\/www.meydan.tv\\\/wp-content\\\/uploads\\\/2021\\\/07\\\/meydan-logo.svg\",\"contentUrl\":\"https:\\\/\\\/www.meydan.tv\\\/wp-content\\\/uploads\\\/2021\\\/07\\\/meydan-logo.svg\",\"width\":195,\"height\":46,\"caption\":\"Meydan TV\"},\"image\":{\"@id\":\"https:\\\/\\\/www.meydan.tv\\\/az\\\/#\\\/schema\\\/logo\\\/image\\\/\"}},{\"@type\":\"Person\",\"@id\":\"https:\\\/\\\/www.meydan.tv\\\/az\\\/#\\\/schema\\\/person\\\/9cdbecf90d17180ce1dfbd95b08dcf47\",\"name\":\"elli\",\"sameAs\":[\"https:\\\/\\\/x.com\\\/elli\"]}]}<\/script>\n<!-- \/ Yoast SEO plugin. -->","yoast_head_json":{"title":"\u201cBir ana \u00fc\u00e7\u00fcn \u00f6vlad\u0131n\u0131n a\u011fr\u0131-ac\u0131s\u0131n\u0131 g\u00f6rm\u0259k d\u0259h\u015f\u0259tli bir hissdir\u201d - MEYDAN.TV","robots":{"index":"index","follow":"follow","max-snippet":"max-snippet:-1","max-image-preview":"max-image-preview:large","max-video-preview":"max-video-preview:-1"},"canonical":"https:\/\/www.meydan.tv\/az\/article\/bir-ana-ucun-ovladinin-agri-acisini-gormek-dehsetli-bir-hissdir\/","og_locale":"az_AZ","og_type":"article","og_title":"\u201cBir ana \u00fc\u00e7\u00fcn \u00f6vlad\u0131n\u0131n a\u011fr\u0131-ac\u0131s\u0131n\u0131 g\u00f6rm\u0259k d\u0259h\u015f\u0259tli bir hissdir\u201d - MEYDAN.TV","og_description":"Ana: \u201cT\u00fcrkiy\u0259 h\u0259kiml\u0259ri m\u00fcalic\u0259 \u00fc\u00e7\u00fcn \u00fcmid verirl\u0259r, ancaq\u2026\u201d 4 ya\u015fl\u0131 ... Davam\u0131","og_url":"https:\/\/www.meydan.tv\/az\/article\/bir-ana-ucun-ovladinin-agri-acisini-gormek-dehsetli-bir-hissdir\/","og_site_name":"MEYDAN.TV","article_published_time":"2022-04-24T17:42:06+00:00","article_modified_time":"2022-04-24T17:42:08+00:00","og_image":[{"width":1200,"height":492,"url":"https:\/\/www.meydan.tv\/wp-content\/uploads\/untitled-design-4-17-e1650822115312.jpg","type":"image\/jpeg"}],"author":"elli","twitter_card":"summary_large_image","twitter_creator":"@elli","schema":{"@context":"https:\/\/schema.org","@graph":[{"@type":"Article","@id":"https:\/\/www.meydan.tv\/az\/article\/bir-ana-ucun-ovladinin-agri-acisini-gormek-dehsetli-bir-hissdir\/#article","isPartOf":{"@id":"https:\/\/www.meydan.tv\/az\/article\/bir-ana-ucun-ovladinin-agri-acisini-gormek-dehsetli-bir-hissdir\/"},"author":{"name":"elli","@id":"https:\/\/www.meydan.tv\/az\/#\/schema\/person\/9cdbecf90d17180ce1dfbd95b08dcf47"},"headline":"\u201cBir ana \u00fc\u00e7\u00fcn \u00f6vlad\u0131n\u0131n a\u011fr\u0131-ac\u0131s\u0131n\u0131 g\u00f6rm\u0259k d\u0259h\u015f\u0259tli bir hissdir\u201d","datePublished":"2022-04-24T17:42:06+00:00","dateModified":"2022-04-24T17:42:08+00:00","mainEntityOfPage":{"@id":"https:\/\/www.meydan.tv\/az\/article\/bir-ana-ucun-ovladinin-agri-acisini-gormek-dehsetli-bir-hissdir\/"},"wordCount":542,"publisher":{"@id":"https:\/\/www.meydan.tv\/az\/#organization"},"image":{"@id":"https:\/\/www.meydan.tv\/az\/article\/bir-ana-ucun-ovladinin-agri-acisini-gormek-dehsetli-bir-hissdir\/#primaryimage"},"thumbnailUrl":"https:\/\/www.meydan.tv\/wp-content\/uploads\/untitled-design-4-17-e1650822115312.jpg","articleSection":["Sa\u011fl\u0131q","X\u0259b\u0259rl\u0259r"],"inLanguage":"az"},{"@type":"WebPage","@id":"https:\/\/www.meydan.tv\/az\/article\/bir-ana-ucun-ovladinin-agri-acisini-gormek-dehsetli-bir-hissdir\/","url":"https:\/\/www.meydan.tv\/az\/article\/bir-ana-ucun-ovladinin-agri-acisini-gormek-dehsetli-bir-hissdir\/","name":"\u201cBir ana \u00fc\u00e7\u00fcn \u00f6vlad\u0131n\u0131n a\u011fr\u0131-ac\u0131s\u0131n\u0131 g\u00f6rm\u0259k d\u0259h\u015f\u0259tli bir hissdir\u201d - MEYDAN.TV","isPartOf":{"@id":"https:\/\/www.meydan.tv\/az\/#website"},"primaryImageOfPage":{"@id":"https:\/\/www.meydan.tv\/az\/article\/bir-ana-ucun-ovladinin-agri-acisini-gormek-dehsetli-bir-hissdir\/#primaryimage"},"image":{"@id":"https:\/\/www.meydan.tv\/az\/article\/bir-ana-ucun-ovladinin-agri-acisini-gormek-dehsetli-bir-hissdir\/#primaryimage"},"thumbnailUrl":"https:\/\/www.meydan.tv\/wp-content\/uploads\/untitled-design-4-17-e1650822115312.jpg","datePublished":"2022-04-24T17:42:06+00:00","dateModified":"2022-04-24T17:42:08+00:00","breadcrumb":{"@id":"https:\/\/www.meydan.tv\/az\/article\/bir-ana-ucun-ovladinin-agri-acisini-gormek-dehsetli-bir-hissdir\/#breadcrumb"},"inLanguage":"az","potentialAction":[{"@type":"ReadAction","target":["https:\/\/www.meydan.tv\/az\/article\/bir-ana-ucun-ovladinin-agri-acisini-gormek-dehsetli-bir-hissdir\/"]}]},{"@type":"ImageObject","inLanguage":"az","@id":"https:\/\/www.meydan.tv\/az\/article\/bir-ana-ucun-ovladinin-agri-acisini-gormek-dehsetli-bir-hissdir\/#primaryimage","url":"https:\/\/www.meydan.tv\/wp-content\/uploads\/untitled-design-4-17-e1650822115312.jpg","contentUrl":"https:\/\/www.meydan.tv\/wp-content\/uploads\/untitled-design-4-17-e1650822115312.jpg","width":1200,"height":492,"caption":"Foto: M\u0259mm\u0259dovlarun ail\u0259 arxivi"},{"@type":"BreadcrumbList","@id":"https:\/\/www.meydan.tv\/az\/article\/bir-ana-ucun-ovladinin-agri-acisini-gormek-dehsetli-bir-hissdir\/#breadcrumb","itemListElement":[{"@type":"ListItem","position":1,"name":"Ana s\u0259hif\u0259","item":"https:\/\/www.meydan.tv\/az\/"},{"@type":"ListItem","position":2,"name":"Sa\u011fl\u0131q","item":"https:\/\/www.meydan.tv\/az\/section\/sagliq\/"},{"@type":"ListItem","position":3,"name":"\u201cBir ana \u00fc\u00e7\u00fcn \u00f6vlad\u0131n\u0131n a\u011fr\u0131-ac\u0131s\u0131n\u0131 g\u00f6rm\u0259k d\u0259h\u015f\u0259tli bir hissdir\u201d"}]},{"@type":"WebSite","@id":"https:\/\/www.meydan.tv\/az\/#website","url":"https:\/\/www.meydan.tv\/az\/","name":"MEYDAN.TV","description":"Meydan TV Az\u0259rbaycan\u0131n media m\u0259kan\u0131ndak\u0131 alternativ s\u0259sidir","publisher":{"@id":"https:\/\/www.meydan.tv\/az\/#organization"},"potentialAction":[{"@type":"SearchAction","target":{"@type":"EntryPoint","urlTemplate":"https:\/\/www.meydan.tv\/az\/?s={search_term_string}"},"query-input":{"@type":"PropertyValueSpecification","valueRequired":true,"valueName":"search_term_string"}}],"inLanguage":"az"},{"@type":"Organization","@id":"https:\/\/www.meydan.tv\/az\/#organization","name":"Meydan TV","url":"https:\/\/www.meydan.tv\/az\/","logo":{"@type":"ImageObject","inLanguage":"az","@id":"https:\/\/www.meydan.tv\/az\/#\/schema\/logo\/image\/","url":"https:\/\/www.meydan.tv\/wp-content\/uploads\/2021\/07\/meydan-logo.svg","contentUrl":"https:\/\/www.meydan.tv\/wp-content\/uploads\/2021\/07\/meydan-logo.svg","width":195,"height":46,"caption":"Meydan TV"},"image":{"@id":"https:\/\/www.meydan.tv\/az\/#\/schema\/logo\/image\/"}},{"@type":"Person","@id":"https:\/\/www.meydan.tv\/az\/#\/schema\/person\/9cdbecf90d17180ce1dfbd95b08dcf47","name":"elli","sameAs":["https:\/\/x.com\/elli"]}]}},"_links":{"self":[{"href":"https:\/\/www.meydan.tv\/az\/wp-json\/wp\/v2\/posts\/243062","targetHints":{"allow":["GET"]}}],"collection":[{"href":"https:\/\/www.meydan.tv\/az\/wp-json\/wp\/v2\/posts"}],"about":[{"href":"https:\/\/www.meydan.tv\/az\/wp-json\/wp\/v2\/types\/post"}],"author":[{"embeddable":true,"href":"https:\/\/www.meydan.tv\/az\/wp-json\/wp\/v2\/users\/8"}],"replies":[{"embeddable":true,"href":"https:\/\/www.meydan.tv\/az\/wp-json\/wp\/v2\/comments?post=243062"}],"version-history":[{"count":1,"href":"https:\/\/www.meydan.tv\/az\/wp-json\/wp\/v2\/posts\/243062\/revisions"}],"predecessor-version":[{"id":243063,"href":"https:\/\/www.meydan.tv\/az\/wp-json\/wp\/v2\/posts\/243062\/revisions\/243063"}],"wp:featuredmedia":[{"embeddable":true,"href":"https:\/\/www.meydan.tv\/az\/wp-json\/wp\/v2\/media\/243059"}],"wp:attachment":[{"href":"https:\/\/www.meydan.tv\/az\/wp-json\/wp\/v2\/media?parent=243062"}],"wp:term":[{"taxonomy":"category","embeddable":true,"href":"https:\/\/www.meydan.tv\/az\/wp-json\/wp\/v2\/categories?post=243062"},{"taxonomy":"post_tag","embeddable":true,"href":"https:\/\/www.meydan.tv\/az\/wp-json\/wp\/v2\/tags?post=243062"}],"curies":[{"name":"wp","href":"https:\/\/api.w.org\/{rel}","templated":true}]}}