{"id":243035,"date":"2022-04-23T21:37:46","date_gmt":"2022-04-23T17:37:46","guid":{"rendered":"https:\/\/www.meydan.tv\/?p=243035"},"modified":"2022-04-23T21:37:48","modified_gmt":"2022-04-23T17:37:48","slug":"konfliktoloq-ukrayna-krimla-bagli-kompramise-getmeye-hardasa-razidir","status":"publish","type":"post","link":"https:\/\/www.meydan.tv\/az\/article\/konfliktoloq-ukrayna-krimla-bagli-kompramise-getmeye-hardasa-razidir\/","title":{"rendered":"Konfliktoloq: &#8220;Ukrayna Kr\u0131mla ba\u011fl\u0131 kompramis\u0259 getm\u0259y\u0259 hardasa raz\u0131d\u0131r&#8221;"},"content":{"rendered":"\n<figure class=\"wp-block-embed is-type-video is-provider-youtube wp-block-embed-youtube wp-embed-aspect-16-9 wp-has-aspect-ratio\"><div class=\"wp-block-embed__wrapper\">\n<iframe title=\"&quot;Ukrayna Kr\u0131mla ba\u011fl\u0131 kompramis\u0259 getm\u0259y\u0259 hardasa raz\u0131d\u0131r&quot;\" width=\"1200\" height=\"675\" data-src=\"https:\/\/www.youtube.com\/embed\/eUE0CtsZ-qc?feature=oembed\" frameborder=\"0\" allow=\"accelerometer; autoplay; clipboard-write; encrypted-media; gyroscope; picture-in-picture\" allowfullscreen src=\"data:image\/svg+xml;base64,PHN2ZyB3aWR0aD0iMSIgaGVpZ2h0PSIxIiB4bWxucz0iaHR0cDovL3d3dy53My5vcmcvMjAwMC9zdmciPjwvc3ZnPg==\" class=\"lazyload\" data-load-mode=\"1\"><\/iframe>\n<\/div><\/figure>\n\n\n\n<!--more-->\n\n\n\n<p>Konfliktoloq Arif Yunus: &#8220;Rusiyan\u0131n Maldovaya qar\u015f\u0131 torpaq iddialar\u0131 qald\u0131rmas\u0131na inanm\u0131ram. Rusiya \u00fc\u00e7\u00fcn indi \u0259sas faktor Maldova deyil, Ukraynan\u0131n NATO-ya \u00fczv olmas\u0131 idi. O ki qald\u0131, Ukraynan\u0131n Kr\u0131m\u0131 azad etm\u0259si \u00fc\u00e7\u00fcn \u015fans \u0259ld\u0259 etm\u0259sin\u0259, Ukrayna T\u00fcrkiy\u0259d\u0259 g\u00f6r\u00fc\u015f zaman\u0131 Kr\u0131mla ba\u011fl\u0131 hardasa kompramis\u0259 getm\u0259y\u0259 haz\u0131r oldu\u011funu bildirmi\u015fdi. Bu dan\u0131\u015f\u0131qlar\u0131n 15 il sonra ba\u015flayaca\u011f\u0131na raz\u0131d\u0131r, indi Ukrayna \u00fc\u00e7\u00fcn prioritet Donbasd\u0131r&#8221;<\/p>\n","protected":false},"excerpt":{"rendered":"","protected":false},"author":14,"featured_media":243036,"comment_status":"closed","ping_status":"closed","sticky":false,"template":"","format":"standard","meta":{"_acf_changed":false,"_sitemap_exclude":false,"_sitemap_priority":"","_sitemap_frequency":"","footnotes":""},"categories":[63],"tags":[],"class_list":["post-243035","post","type-post","status-publish","format-standard","has-post-thumbnail","hentry","category-video-2","infinite-scroll-item","generate-columns","tablet-grid-50","mobile-grid-100","grid-parent","grid-33","no-featured-image-padding"],"acf":[],"yoast_head":"<!-- This site is optimized with the Yoast SEO plugin v27.5 - https:\/\/yoast.com\/product\/yoast-seo-wordpress\/ -->\n<title>Konfliktoloq: &quot;Ukrayna Kr\u0131mla ba\u011fl\u0131 kompramis\u0259 getm\u0259y\u0259 hardasa raz\u0131d\u0131r&quot; - MEYDAN.TV<\/title>\n<meta name=\"robots\" content=\"index, follow, max-snippet:-1, max-image-preview:large, max-video-preview:-1\" \/>\n<link rel=\"canonical\" href=\"https:\/\/www.meydan.tv\/az\/article\/konfliktoloq-ukrayna-krimla-bagli-kompramise-getmeye-hardasa-razidir\/\" \/>\n<meta property=\"og:locale\" content=\"az_AZ\" \/>\n<meta property=\"og:type\" content=\"article\" \/>\n<meta property=\"og:title\" content=\"Konfliktoloq: &quot;Ukrayna Kr\u0131mla ba\u011fl\u0131 kompramis\u0259 getm\u0259y\u0259 hardasa raz\u0131d\u0131r&quot; - MEYDAN.TV\" \/>\n<meta property=\"og:url\" content=\"https:\/\/www.meydan.tv\/az\/article\/konfliktoloq-ukrayna-krimla-bagli-kompramise-getmeye-hardasa-razidir\/\" \/>\n<meta property=\"og:site_name\" content=\"MEYDAN.TV\" \/>\n<meta property=\"article:published_time\" content=\"2022-04-23T17:37:46+00:00\" \/>\n<meta property=\"article:modified_time\" content=\"2022-04-23T17:37:48+00:00\" \/>\n<meta property=\"og:image\" content=\"https:\/\/www.meydan.tv\/wp-content\/uploads\/3245.png\" \/>\n\t<meta property=\"og:image:width\" content=\"1280\" \/>\n\t<meta property=\"og:image:height\" content=\"720\" \/>\n\t<meta property=\"og:image:type\" content=\"image\/png\" \/>\n<meta name=\"author\" content=\"roma\" \/>\n<meta name=\"twitter:card\" content=\"summary_large_image\" \/>\n<script type=\"application\/ld+json\" class=\"yoast-schema-graph\">{\"@context\":\"https:\\\/\\\/schema.org\",\"@graph\":[{\"@type\":\"Article\",\"@id\":\"https:\\\/\\\/www.meydan.tv\\\/az\\\/article\\\/konfliktoloq-ukrayna-krimla-bagli-kompramise-getmeye-hardasa-razidir\\\/#article\",\"isPartOf\":{\"@id\":\"https:\\\/\\\/www.meydan.tv\\\/az\\\/article\\\/konfliktoloq-ukrayna-krimla-bagli-kompramise-getmeye-hardasa-razidir\\\/\"},\"author\":{\"name\":\"roma\",\"@id\":\"https:\\\/\\\/www.meydan.tv\\\/az\\\/#\\\/schema\\\/person\\\/8f23e01c4de63326c13c319fb65ee65d\"},\"headline\":\"Konfliktoloq: &#8220;Ukrayna Kr\u0131mla ba\u011fl\u0131 kompramis\u0259 getm\u0259y\u0259 hardasa raz\u0131d\u0131r&#8221;\",\"datePublished\":\"2022-04-23T17:37:46+00:00\",\"dateModified\":\"2022-04-23T17:37:48+00:00\",\"mainEntityOfPage\":{\"@id\":\"https:\\\/\\\/www.meydan.tv\\\/az\\\/article\\\/konfliktoloq-ukrayna-krimla-bagli-kompramise-getmeye-hardasa-razidir\\\/\"},\"wordCount\":99,\"publisher\":{\"@id\":\"https:\\\/\\\/www.meydan.tv\\\/az\\\/#organization\"},\"image\":{\"@id\":\"https:\\\/\\\/www.meydan.tv\\\/az\\\/article\\\/konfliktoloq-ukrayna-krimla-bagli-kompramise-getmeye-hardasa-razidir\\\/#primaryimage\"},\"thumbnailUrl\":\"https:\\\/\\\/www.meydan.tv\\\/wp-content\\\/uploads\\\/3245.png\",\"articleSection\":[\"Video\"],\"inLanguage\":\"az\"},{\"@type\":\"WebPage\",\"@id\":\"https:\\\/\\\/www.meydan.tv\\\/az\\\/article\\\/konfliktoloq-ukrayna-krimla-bagli-kompramise-getmeye-hardasa-razidir\\\/\",\"url\":\"https:\\\/\\\/www.meydan.tv\\\/az\\\/article\\\/konfliktoloq-ukrayna-krimla-bagli-kompramise-getmeye-hardasa-razidir\\\/\",\"name\":\"Konfliktoloq: \\\"Ukrayna Kr\u0131mla ba\u011fl\u0131 kompramis\u0259 getm\u0259y\u0259 hardasa raz\u0131d\u0131r\\\" - MEYDAN.TV\",\"isPartOf\":{\"@id\":\"https:\\\/\\\/www.meydan.tv\\\/az\\\/#website\"},\"primaryImageOfPage\":{\"@id\":\"https:\\\/\\\/www.meydan.tv\\\/az\\\/article\\\/konfliktoloq-ukrayna-krimla-bagli-kompramise-getmeye-hardasa-razidir\\\/#primaryimage\"},\"image\":{\"@id\":\"https:\\\/\\\/www.meydan.tv\\\/az\\\/article\\\/konfliktoloq-ukrayna-krimla-bagli-kompramise-getmeye-hardasa-razidir\\\/#primaryimage\"},\"thumbnailUrl\":\"https:\\\/\\\/www.meydan.tv\\\/wp-content\\\/uploads\\\/3245.png\",\"datePublished\":\"2022-04-23T17:37:46+00:00\",\"dateModified\":\"2022-04-23T17:37:48+00:00\",\"breadcrumb\":{\"@id\":\"https:\\\/\\\/www.meydan.tv\\\/az\\\/article\\\/konfliktoloq-ukrayna-krimla-bagli-kompramise-getmeye-hardasa-razidir\\\/#breadcrumb\"},\"inLanguage\":\"az\",\"potentialAction\":[{\"@type\":\"ReadAction\",\"target\":[\"https:\\\/\\\/www.meydan.tv\\\/az\\\/article\\\/konfliktoloq-ukrayna-krimla-bagli-kompramise-getmeye-hardasa-razidir\\\/\"]}]},{\"@type\":\"ImageObject\",\"inLanguage\":\"az\",\"@id\":\"https:\\\/\\\/www.meydan.tv\\\/az\\\/article\\\/konfliktoloq-ukrayna-krimla-bagli-kompramise-getmeye-hardasa-razidir\\\/#primaryimage\",\"url\":\"https:\\\/\\\/www.meydan.tv\\\/wp-content\\\/uploads\\\/3245.png\",\"contentUrl\":\"https:\\\/\\\/www.meydan.tv\\\/wp-content\\\/uploads\\\/3245.png\",\"width\":1280,\"height\":720},{\"@type\":\"BreadcrumbList\",\"@id\":\"https:\\\/\\\/www.meydan.tv\\\/az\\\/article\\\/konfliktoloq-ukrayna-krimla-bagli-kompramise-getmeye-hardasa-razidir\\\/#breadcrumb\",\"itemListElement\":[{\"@type\":\"ListItem\",\"position\":1,\"name\":\"Ana s\u0259hif\u0259\",\"item\":\"https:\\\/\\\/www.meydan.tv\\\/az\\\/\"},{\"@type\":\"ListItem\",\"position\":2,\"name\":\"Video\",\"item\":\"https:\\\/\\\/www.meydan.tv\\\/az\\\/section\\\/video-2\\\/\"},{\"@type\":\"ListItem\",\"position\":3,\"name\":\"Konfliktoloq: &#8220;Ukrayna Kr\u0131mla ba\u011fl\u0131 kompramis\u0259 getm\u0259y\u0259 hardasa raz\u0131d\u0131r&#8221;\"}]},{\"@type\":\"WebSite\",\"@id\":\"https:\\\/\\\/www.meydan.tv\\\/az\\\/#website\",\"url\":\"https:\\\/\\\/www.meydan.tv\\\/az\\\/\",\"name\":\"MEYDAN.TV\",\"description\":\"Meydan TV Az\u0259rbaycan\u0131n media m\u0259kan\u0131ndak\u0131 alternativ s\u0259sidir\",\"publisher\":{\"@id\":\"https:\\\/\\\/www.meydan.tv\\\/az\\\/#organization\"},\"potentialAction\":[{\"@type\":\"SearchAction\",\"target\":{\"@type\":\"EntryPoint\",\"urlTemplate\":\"https:\\\/\\\/www.meydan.tv\\\/az\\\/?s={search_term_string}\"},\"query-input\":{\"@type\":\"PropertyValueSpecification\",\"valueRequired\":true,\"valueName\":\"search_term_string\"}}],\"inLanguage\":\"az\"},{\"@type\":\"Organization\",\"@id\":\"https:\\\/\\\/www.meydan.tv\\\/az\\\/#organization\",\"name\":\"Meydan TV\",\"url\":\"https:\\\/\\\/www.meydan.tv\\\/az\\\/\",\"logo\":{\"@type\":\"ImageObject\",\"inLanguage\":\"az\",\"@id\":\"https:\\\/\\\/www.meydan.tv\\\/az\\\/#\\\/schema\\\/logo\\\/image\\\/\",\"url\":\"https:\\\/\\\/www.meydan.tv\\\/wp-content\\\/uploads\\\/2021\\\/07\\\/meydan-logo.svg\",\"contentUrl\":\"https:\\\/\\\/www.meydan.tv\\\/wp-content\\\/uploads\\\/2021\\\/07\\\/meydan-logo.svg\",\"width\":195,\"height\":46,\"caption\":\"Meydan TV\"},\"image\":{\"@id\":\"https:\\\/\\\/www.meydan.tv\\\/az\\\/#\\\/schema\\\/logo\\\/image\\\/\"}},{\"@type\":\"Person\",\"@id\":\"https:\\\/\\\/www.meydan.tv\\\/az\\\/#\\\/schema\\\/person\\\/8f23e01c4de63326c13c319fb65ee65d\",\"name\":\"roma\"}]}<\/script>\n<!-- \/ Yoast SEO plugin. -->","yoast_head_json":{"title":"Konfliktoloq: \"Ukrayna Kr\u0131mla ba\u011fl\u0131 kompramis\u0259 getm\u0259y\u0259 hardasa raz\u0131d\u0131r\" - MEYDAN.TV","robots":{"index":"index","follow":"follow","max-snippet":"max-snippet:-1","max-image-preview":"max-image-preview:large","max-video-preview":"max-video-preview:-1"},"canonical":"https:\/\/www.meydan.tv\/az\/article\/konfliktoloq-ukrayna-krimla-bagli-kompramise-getmeye-hardasa-razidir\/","og_locale":"az_AZ","og_type":"article","og_title":"Konfliktoloq: \"Ukrayna Kr\u0131mla ba\u011fl\u0131 kompramis\u0259 getm\u0259y\u0259 hardasa raz\u0131d\u0131r\" - MEYDAN.TV","og_url":"https:\/\/www.meydan.tv\/az\/article\/konfliktoloq-ukrayna-krimla-bagli-kompramise-getmeye-hardasa-razidir\/","og_site_name":"MEYDAN.TV","article_published_time":"2022-04-23T17:37:46+00:00","article_modified_time":"2022-04-23T17:37:48+00:00","og_image":[{"width":1280,"height":720,"url":"https:\/\/www.meydan.tv\/wp-content\/uploads\/3245.png","type":"image\/png"}],"author":"roma","twitter_card":"summary_large_image","schema":{"@context":"https:\/\/schema.org","@graph":[{"@type":"Article","@id":"https:\/\/www.meydan.tv\/az\/article\/konfliktoloq-ukrayna-krimla-bagli-kompramise-getmeye-hardasa-razidir\/#article","isPartOf":{"@id":"https:\/\/www.meydan.tv\/az\/article\/konfliktoloq-ukrayna-krimla-bagli-kompramise-getmeye-hardasa-razidir\/"},"author":{"name":"roma","@id":"https:\/\/www.meydan.tv\/az\/#\/schema\/person\/8f23e01c4de63326c13c319fb65ee65d"},"headline":"Konfliktoloq: &#8220;Ukrayna Kr\u0131mla ba\u011fl\u0131 kompramis\u0259 getm\u0259y\u0259 hardasa raz\u0131d\u0131r&#8221;","datePublished":"2022-04-23T17:37:46+00:00","dateModified":"2022-04-23T17:37:48+00:00","mainEntityOfPage":{"@id":"https:\/\/www.meydan.tv\/az\/article\/konfliktoloq-ukrayna-krimla-bagli-kompramise-getmeye-hardasa-razidir\/"},"wordCount":99,"publisher":{"@id":"https:\/\/www.meydan.tv\/az\/#organization"},"image":{"@id":"https:\/\/www.meydan.tv\/az\/article\/konfliktoloq-ukrayna-krimla-bagli-kompramise-getmeye-hardasa-razidir\/#primaryimage"},"thumbnailUrl":"https:\/\/www.meydan.tv\/wp-content\/uploads\/3245.png","articleSection":["Video"],"inLanguage":"az"},{"@type":"WebPage","@id":"https:\/\/www.meydan.tv\/az\/article\/konfliktoloq-ukrayna-krimla-bagli-kompramise-getmeye-hardasa-razidir\/","url":"https:\/\/www.meydan.tv\/az\/article\/konfliktoloq-ukrayna-krimla-bagli-kompramise-getmeye-hardasa-razidir\/","name":"Konfliktoloq: \"Ukrayna Kr\u0131mla ba\u011fl\u0131 kompramis\u0259 getm\u0259y\u0259 hardasa raz\u0131d\u0131r\" - MEYDAN.TV","isPartOf":{"@id":"https:\/\/www.meydan.tv\/az\/#website"},"primaryImageOfPage":{"@id":"https:\/\/www.meydan.tv\/az\/article\/konfliktoloq-ukrayna-krimla-bagli-kompramise-getmeye-hardasa-razidir\/#primaryimage"},"image":{"@id":"https:\/\/www.meydan.tv\/az\/article\/konfliktoloq-ukrayna-krimla-bagli-kompramise-getmeye-hardasa-razidir\/#primaryimage"},"thumbnailUrl":"https:\/\/www.meydan.tv\/wp-content\/uploads\/3245.png","datePublished":"2022-04-23T17:37:46+00:00","dateModified":"2022-04-23T17:37:48+00:00","breadcrumb":{"@id":"https:\/\/www.meydan.tv\/az\/article\/konfliktoloq-ukrayna-krimla-bagli-kompramise-getmeye-hardasa-razidir\/#breadcrumb"},"inLanguage":"az","potentialAction":[{"@type":"ReadAction","target":["https:\/\/www.meydan.tv\/az\/article\/konfliktoloq-ukrayna-krimla-bagli-kompramise-getmeye-hardasa-razidir\/"]}]},{"@type":"ImageObject","inLanguage":"az","@id":"https:\/\/www.meydan.tv\/az\/article\/konfliktoloq-ukrayna-krimla-bagli-kompramise-getmeye-hardasa-razidir\/#primaryimage","url":"https:\/\/www.meydan.tv\/wp-content\/uploads\/3245.png","contentUrl":"https:\/\/www.meydan.tv\/wp-content\/uploads\/3245.png","width":1280,"height":720},{"@type":"BreadcrumbList","@id":"https:\/\/www.meydan.tv\/az\/article\/konfliktoloq-ukrayna-krimla-bagli-kompramise-getmeye-hardasa-razidir\/#breadcrumb","itemListElement":[{"@type":"ListItem","position":1,"name":"Ana s\u0259hif\u0259","item":"https:\/\/www.meydan.tv\/az\/"},{"@type":"ListItem","position":2,"name":"Video","item":"https:\/\/www.meydan.tv\/az\/section\/video-2\/"},{"@type":"ListItem","position":3,"name":"Konfliktoloq: &#8220;Ukrayna Kr\u0131mla ba\u011fl\u0131 kompramis\u0259 getm\u0259y\u0259 hardasa raz\u0131d\u0131r&#8221;"}]},{"@type":"WebSite","@id":"https:\/\/www.meydan.tv\/az\/#website","url":"https:\/\/www.meydan.tv\/az\/","name":"MEYDAN.TV","description":"Meydan TV Az\u0259rbaycan\u0131n media m\u0259kan\u0131ndak\u0131 alternativ s\u0259sidir","publisher":{"@id":"https:\/\/www.meydan.tv\/az\/#organization"},"potentialAction":[{"@type":"SearchAction","target":{"@type":"EntryPoint","urlTemplate":"https:\/\/www.meydan.tv\/az\/?s={search_term_string}"},"query-input":{"@type":"PropertyValueSpecification","valueRequired":true,"valueName":"search_term_string"}}],"inLanguage":"az"},{"@type":"Organization","@id":"https:\/\/www.meydan.tv\/az\/#organization","name":"Meydan TV","url":"https:\/\/www.meydan.tv\/az\/","logo":{"@type":"ImageObject","inLanguage":"az","@id":"https:\/\/www.meydan.tv\/az\/#\/schema\/logo\/image\/","url":"https:\/\/www.meydan.tv\/wp-content\/uploads\/2021\/07\/meydan-logo.svg","contentUrl":"https:\/\/www.meydan.tv\/wp-content\/uploads\/2021\/07\/meydan-logo.svg","width":195,"height":46,"caption":"Meydan TV"},"image":{"@id":"https:\/\/www.meydan.tv\/az\/#\/schema\/logo\/image\/"}},{"@type":"Person","@id":"https:\/\/www.meydan.tv\/az\/#\/schema\/person\/8f23e01c4de63326c13c319fb65ee65d","name":"roma"}]}},"_links":{"self":[{"href":"https:\/\/www.meydan.tv\/az\/wp-json\/wp\/v2\/posts\/243035","targetHints":{"allow":["GET"]}}],"collection":[{"href":"https:\/\/www.meydan.tv\/az\/wp-json\/wp\/v2\/posts"}],"about":[{"href":"https:\/\/www.meydan.tv\/az\/wp-json\/wp\/v2\/types\/post"}],"author":[{"embeddable":true,"href":"https:\/\/www.meydan.tv\/az\/wp-json\/wp\/v2\/users\/14"}],"replies":[{"embeddable":true,"href":"https:\/\/www.meydan.tv\/az\/wp-json\/wp\/v2\/comments?post=243035"}],"version-history":[{"count":1,"href":"https:\/\/www.meydan.tv\/az\/wp-json\/wp\/v2\/posts\/243035\/revisions"}],"predecessor-version":[{"id":243039,"href":"https:\/\/www.meydan.tv\/az\/wp-json\/wp\/v2\/posts\/243035\/revisions\/243039"}],"wp:featuredmedia":[{"embeddable":true,"href":"https:\/\/www.meydan.tv\/az\/wp-json\/wp\/v2\/media\/243036"}],"wp:attachment":[{"href":"https:\/\/www.meydan.tv\/az\/wp-json\/wp\/v2\/media?parent=243035"}],"wp:term":[{"taxonomy":"category","embeddable":true,"href":"https:\/\/www.meydan.tv\/az\/wp-json\/wp\/v2\/categories?post=243035"},{"taxonomy":"post_tag","embeddable":true,"href":"https:\/\/www.meydan.tv\/az\/wp-json\/wp\/v2\/tags?post=243035"}],"curies":[{"name":"wp","href":"https:\/\/api.w.org\/{rel}","templated":true}]}}