{"id":243008,"date":"2022-04-23T17:48:58","date_gmt":"2022-04-23T13:48:58","guid":{"rendered":"https:\/\/www.meydan.tv\/?p=243008"},"modified":"2022-04-23T17:48:59","modified_gmt":"2022-04-23T13:48:59","slug":"kommunal-xidmetlere-gore-mecburi-kockunler-yolu-bagladi","status":"publish","type":"post","link":"https:\/\/www.meydan.tv\/az\/article\/kommunal-xidmetlere-gore-mecburi-kockunler-yolu-bagladi\/","title":{"rendered":"Kommunal xidm\u0259tl\u0259r\u0259 g\u00f6r\u0259 m\u0259cburi k\u00f6\u00e7k\u00fcnl\u0259r yolu ba\u011flad\u0131"},"content":{"rendered":"\n<figure class=\"wp-block-embed is-type-video is-provider-youtube wp-block-embed-youtube wp-embed-aspect-16-9 wp-has-aspect-ratio\"><div class=\"wp-block-embed__wrapper\">\n<iframe title=\"Kommunal xidm\u0259tl\u0259r\u0259 g\u00f6r\u0259 m\u0259cburi k\u00f6\u00e7k\u00fcnl\u0259r yolu ba\u011flad\u0131\" width=\"1200\" height=\"675\" data-src=\"https:\/\/www.youtube.com\/embed\/AjxrCWqGCpY?feature=oembed\" frameborder=\"0\" allow=\"accelerometer; autoplay; clipboard-write; encrypted-media; gyroscope; picture-in-picture\" allowfullscreen src=\"data:image\/svg+xml;base64,PHN2ZyB3aWR0aD0iMSIgaGVpZ2h0PSIxIiB4bWxucz0iaHR0cDovL3d3dy53My5vcmcvMjAwMC9zdmciPjwvc3ZnPg==\" class=\"lazyload\" data-load-mode=\"1\"><\/iframe>\n<\/div><\/figure>\n\n\n\n<!--more-->\n\n\n\n<p>Bak\u0131n\u0131n X\u0259z\u0259r rayonunun \u015e\u00fcv\u0259lan q\u0259s\u0259b\u0259sind\u0259 m\u00fcv\u0259qq\u0259ti yerl\u0259\u015fdiril\u0259n m\u0259cburi k\u00f6\u00e7k\u00fcnl\u0259r aprelin 22-d\u0259 etiraz aksiyas\u0131n\u0131 ke\u00e7irib.<\/p>\n\n\n\n<p>Onlar avtomobil yolunu ba\u011flayaraq ya\u015fad\u0131qlar\u0131 k\u00f6hn\u0259 pansionat binas\u0131nda su, i\u015f\u0131q v\u0259 qaz\u0131n olmamas\u0131ndan etiraz\u0131n\u0131 bildiribl\u0259r.<\/p>\n\n\n\n<p>Aksiya i\u015ftirak\u00e7\u0131lar\u0131 bildirib ki, aidiyyatl\u0131 qurumlar s\u00f6z\u00fcged\u0259n kommunal xidm\u0259tl\u0259rin verilm\u0259sini dayand\u0131r\u0131b.<\/p>\n\n\n\n<p>Hadis\u0259 yerin\u0259 polis \u0259m\u0259kda\u015flar\u0131 c\u0259lb olunub v\u0259 aksiya i\u015ftirak\u00e7\u0131lar\u0131 uzaqla\u015fd\u0131r\u0131ld\u0131\u011f\u0131 bildirilir.<\/p>\n\n\n\n<p>Daxili \u0130\u015fl\u0259r Nazirliyinin M\u0259tbuat xidm\u0259tinin K\u0130V v\u0259 \u0130ctimaiyy\u0259tl\u0259 \u0259laq\u0259l\u0259r \u015f\u00f6b\u0259sinin r\u0259isi El\u015fad Hac\u0131yev is\u0259 bildirib ki, polis \u0259m\u0259kda\u015flar\u0131 h\u0259min \u015f\u0259xsl\u0259rl\u0259 profilaktik s\u00f6hb\u0259t apar\u0131b v\u0259 onlar\u0131n \u015fikay\u0259tl\u0259ri aidiyyati d\u00f6vl\u0259t orqanlar\u0131na \u00e7atd\u0131r\u0131l\u0131b.&nbsp;<\/p>\n\n\n\n<p>Onun s\u00f6zl\u0259rin\u0259 g\u00f6r\u0259, \u0259raziy\u0259 g\u0259l\u0259n icra hakimiyy\u0259tinin v\u0259 dig\u0259r d\u00f6vl\u0259r orqanlarn\u0131n \u0259m\u0259kda\u015flar\u0131 t\u0259r\u0259find\u0259n h\u0259min \u015f\u0259xsl\u0259r q\u0259bul edil\u0259r\u0259k dinl\u0259nilib. &#8220;Onlara sosial probleml\u0259rinin q\u0131sa zamanda h\u0259ll edil\u0259c\u0259yi bar\u0259d\u0259 m\u0259lumat verilib. Saxlan\u0131lan olmay\u0131b. H\u0259min \u015f\u0259xsl\u0259r\u0259 qar\u015f\u0131 polis zorak\u0131l\u0131\u011f\u0131n\u0131n edildiyi bar\u0259d\u0259 s\u0259sl\u0259ndiril\u0259n fikirl\u0259r h\u0259qiq\u0259t\u0259 uy\u011fun deyil&#8221;.<\/p>\n","protected":false},"excerpt":{"rendered":"","protected":false},"author":14,"featured_media":243009,"comment_status":"closed","ping_status":"closed","sticky":false,"template":"","format":"standard","meta":{"_acf_changed":false,"_sitemap_exclude":false,"_sitemap_priority":"","_sitemap_frequency":"","footnotes":""},"categories":[61,63],"tags":[],"class_list":["post-243008","post","type-post","status-publish","format-standard","has-post-thumbnail","hentry","category-reportaj","category-video-2","infinite-scroll-item","generate-columns","tablet-grid-50","mobile-grid-100","grid-parent","grid-33","no-featured-image-padding"],"acf":[],"yoast_head":"<!-- This site is optimized with the Yoast SEO plugin v27.4 - https:\/\/yoast.com\/product\/yoast-seo-wordpress\/ -->\n<title>Kommunal xidm\u0259tl\u0259r\u0259 g\u00f6r\u0259 m\u0259cburi k\u00f6\u00e7k\u00fcnl\u0259r yolu ba\u011flad\u0131 - MEYDAN.TV<\/title>\n<meta name=\"robots\" content=\"index, follow, max-snippet:-1, max-image-preview:large, max-video-preview:-1\" \/>\n<link rel=\"canonical\" href=\"https:\/\/www.meydan.tv\/az\/article\/kommunal-xidmetlere-gore-mecburi-kockunler-yolu-bagladi\/\" \/>\n<meta property=\"og:locale\" content=\"az_AZ\" \/>\n<meta property=\"og:type\" content=\"article\" \/>\n<meta property=\"og:title\" content=\"Kommunal xidm\u0259tl\u0259r\u0259 g\u00f6r\u0259 m\u0259cburi k\u00f6\u00e7k\u00fcnl\u0259r yolu ba\u011flad\u0131 - MEYDAN.TV\" \/>\n<meta property=\"og:url\" content=\"https:\/\/www.meydan.tv\/az\/article\/kommunal-xidmetlere-gore-mecburi-kockunler-yolu-bagladi\/\" \/>\n<meta property=\"og:site_name\" content=\"MEYDAN.TV\" \/>\n<meta property=\"article:published_time\" content=\"2022-04-23T13:48:58+00:00\" \/>\n<meta property=\"article:modified_time\" content=\"2022-04-23T13:48:59+00:00\" \/>\n<meta property=\"og:image\" content=\"https:\/\/www.meydan.tv\/wp-content\/uploads\/3121-1.png\" \/>\n\t<meta property=\"og:image:width\" content=\"1280\" \/>\n\t<meta property=\"og:image:height\" content=\"720\" \/>\n\t<meta property=\"og:image:type\" content=\"image\/png\" \/>\n<meta name=\"author\" content=\"roma\" \/>\n<meta name=\"twitter:card\" content=\"summary_large_image\" \/>\n<script type=\"application\/ld+json\" class=\"yoast-schema-graph\">{\"@context\":\"https:\\\/\\\/schema.org\",\"@graph\":[{\"@type\":\"Article\",\"@id\":\"https:\\\/\\\/www.meydan.tv\\\/az\\\/article\\\/kommunal-xidmetlere-gore-mecburi-kockunler-yolu-bagladi\\\/#article\",\"isPartOf\":{\"@id\":\"https:\\\/\\\/www.meydan.tv\\\/az\\\/article\\\/kommunal-xidmetlere-gore-mecburi-kockunler-yolu-bagladi\\\/\"},\"author\":{\"name\":\"roma\",\"@id\":\"https:\\\/\\\/www.meydan.tv\\\/az\\\/#\\\/schema\\\/person\\\/8f23e01c4de63326c13c319fb65ee65d\"},\"headline\":\"Kommunal xidm\u0259tl\u0259r\u0259 g\u00f6r\u0259 m\u0259cburi k\u00f6\u00e7k\u00fcnl\u0259r yolu ba\u011flad\u0131\",\"datePublished\":\"2022-04-23T13:48:58+00:00\",\"dateModified\":\"2022-04-23T13:48:59+00:00\",\"mainEntityOfPage\":{\"@id\":\"https:\\\/\\\/www.meydan.tv\\\/az\\\/article\\\/kommunal-xidmetlere-gore-mecburi-kockunler-yolu-bagladi\\\/\"},\"wordCount\":260,\"publisher\":{\"@id\":\"https:\\\/\\\/www.meydan.tv\\\/az\\\/#organization\"},\"image\":{\"@id\":\"https:\\\/\\\/www.meydan.tv\\\/az\\\/article\\\/kommunal-xidmetlere-gore-mecburi-kockunler-yolu-bagladi\\\/#primaryimage\"},\"thumbnailUrl\":\"https:\\\/\\\/www.meydan.tv\\\/wp-content\\\/uploads\\\/3121-1.png\",\"articleSection\":[\"Reportaj\",\"Video\"],\"inLanguage\":\"az\"},{\"@type\":\"WebPage\",\"@id\":\"https:\\\/\\\/www.meydan.tv\\\/az\\\/article\\\/kommunal-xidmetlere-gore-mecburi-kockunler-yolu-bagladi\\\/\",\"url\":\"https:\\\/\\\/www.meydan.tv\\\/az\\\/article\\\/kommunal-xidmetlere-gore-mecburi-kockunler-yolu-bagladi\\\/\",\"name\":\"Kommunal xidm\u0259tl\u0259r\u0259 g\u00f6r\u0259 m\u0259cburi k\u00f6\u00e7k\u00fcnl\u0259r yolu ba\u011flad\u0131 - MEYDAN.TV\",\"isPartOf\":{\"@id\":\"https:\\\/\\\/www.meydan.tv\\\/az\\\/#website\"},\"primaryImageOfPage\":{\"@id\":\"https:\\\/\\\/www.meydan.tv\\\/az\\\/article\\\/kommunal-xidmetlere-gore-mecburi-kockunler-yolu-bagladi\\\/#primaryimage\"},\"image\":{\"@id\":\"https:\\\/\\\/www.meydan.tv\\\/az\\\/article\\\/kommunal-xidmetlere-gore-mecburi-kockunler-yolu-bagladi\\\/#primaryimage\"},\"thumbnailUrl\":\"https:\\\/\\\/www.meydan.tv\\\/wp-content\\\/uploads\\\/3121-1.png\",\"datePublished\":\"2022-04-23T13:48:58+00:00\",\"dateModified\":\"2022-04-23T13:48:59+00:00\",\"breadcrumb\":{\"@id\":\"https:\\\/\\\/www.meydan.tv\\\/az\\\/article\\\/kommunal-xidmetlere-gore-mecburi-kockunler-yolu-bagladi\\\/#breadcrumb\"},\"inLanguage\":\"az\",\"potentialAction\":[{\"@type\":\"ReadAction\",\"target\":[\"https:\\\/\\\/www.meydan.tv\\\/az\\\/article\\\/kommunal-xidmetlere-gore-mecburi-kockunler-yolu-bagladi\\\/\"]}]},{\"@type\":\"ImageObject\",\"inLanguage\":\"az\",\"@id\":\"https:\\\/\\\/www.meydan.tv\\\/az\\\/article\\\/kommunal-xidmetlere-gore-mecburi-kockunler-yolu-bagladi\\\/#primaryimage\",\"url\":\"https:\\\/\\\/www.meydan.tv\\\/wp-content\\\/uploads\\\/3121-1.png\",\"contentUrl\":\"https:\\\/\\\/www.meydan.tv\\\/wp-content\\\/uploads\\\/3121-1.png\",\"width\":1280,\"height\":720},{\"@type\":\"BreadcrumbList\",\"@id\":\"https:\\\/\\\/www.meydan.tv\\\/az\\\/article\\\/kommunal-xidmetlere-gore-mecburi-kockunler-yolu-bagladi\\\/#breadcrumb\",\"itemListElement\":[{\"@type\":\"ListItem\",\"position\":1,\"name\":\"Ana s\u0259hif\u0259\",\"item\":\"https:\\\/\\\/www.meydan.tv\\\/az\\\/\"},{\"@type\":\"ListItem\",\"position\":2,\"name\":\"Video\",\"item\":\"https:\\\/\\\/www.meydan.tv\\\/az\\\/section\\\/video-2\\\/\"},{\"@type\":\"ListItem\",\"position\":3,\"name\":\"Kommunal xidm\u0259tl\u0259r\u0259 g\u00f6r\u0259 m\u0259cburi k\u00f6\u00e7k\u00fcnl\u0259r yolu ba\u011flad\u0131\"}]},{\"@type\":\"WebSite\",\"@id\":\"https:\\\/\\\/www.meydan.tv\\\/az\\\/#website\",\"url\":\"https:\\\/\\\/www.meydan.tv\\\/az\\\/\",\"name\":\"MEYDAN.TV\",\"description\":\"Meydan TV Az\u0259rbaycan\u0131n media m\u0259kan\u0131ndak\u0131 alternativ s\u0259sidir\",\"publisher\":{\"@id\":\"https:\\\/\\\/www.meydan.tv\\\/az\\\/#organization\"},\"potentialAction\":[{\"@type\":\"SearchAction\",\"target\":{\"@type\":\"EntryPoint\",\"urlTemplate\":\"https:\\\/\\\/www.meydan.tv\\\/az\\\/?s={search_term_string}\"},\"query-input\":{\"@type\":\"PropertyValueSpecification\",\"valueRequired\":true,\"valueName\":\"search_term_string\"}}],\"inLanguage\":\"az\"},{\"@type\":\"Organization\",\"@id\":\"https:\\\/\\\/www.meydan.tv\\\/az\\\/#organization\",\"name\":\"Meydan TV\",\"url\":\"https:\\\/\\\/www.meydan.tv\\\/az\\\/\",\"logo\":{\"@type\":\"ImageObject\",\"inLanguage\":\"az\",\"@id\":\"https:\\\/\\\/www.meydan.tv\\\/az\\\/#\\\/schema\\\/logo\\\/image\\\/\",\"url\":\"https:\\\/\\\/www.meydan.tv\\\/wp-content\\\/uploads\\\/2021\\\/07\\\/meydan-logo.svg\",\"contentUrl\":\"https:\\\/\\\/www.meydan.tv\\\/wp-content\\\/uploads\\\/2021\\\/07\\\/meydan-logo.svg\",\"width\":195,\"height\":46,\"caption\":\"Meydan TV\"},\"image\":{\"@id\":\"https:\\\/\\\/www.meydan.tv\\\/az\\\/#\\\/schema\\\/logo\\\/image\\\/\"}},{\"@type\":\"Person\",\"@id\":\"https:\\\/\\\/www.meydan.tv\\\/az\\\/#\\\/schema\\\/person\\\/8f23e01c4de63326c13c319fb65ee65d\",\"name\":\"roma\"}]}<\/script>\n<!-- \/ Yoast SEO plugin. -->","yoast_head_json":{"title":"Kommunal xidm\u0259tl\u0259r\u0259 g\u00f6r\u0259 m\u0259cburi k\u00f6\u00e7k\u00fcnl\u0259r yolu ba\u011flad\u0131 - MEYDAN.TV","robots":{"index":"index","follow":"follow","max-snippet":"max-snippet:-1","max-image-preview":"max-image-preview:large","max-video-preview":"max-video-preview:-1"},"canonical":"https:\/\/www.meydan.tv\/az\/article\/kommunal-xidmetlere-gore-mecburi-kockunler-yolu-bagladi\/","og_locale":"az_AZ","og_type":"article","og_title":"Kommunal xidm\u0259tl\u0259r\u0259 g\u00f6r\u0259 m\u0259cburi k\u00f6\u00e7k\u00fcnl\u0259r yolu ba\u011flad\u0131 - MEYDAN.TV","og_url":"https:\/\/www.meydan.tv\/az\/article\/kommunal-xidmetlere-gore-mecburi-kockunler-yolu-bagladi\/","og_site_name":"MEYDAN.TV","article_published_time":"2022-04-23T13:48:58+00:00","article_modified_time":"2022-04-23T13:48:59+00:00","og_image":[{"width":1280,"height":720,"url":"https:\/\/www.meydan.tv\/wp-content\/uploads\/3121-1.png","type":"image\/png"}],"author":"roma","twitter_card":"summary_large_image","schema":{"@context":"https:\/\/schema.org","@graph":[{"@type":"Article","@id":"https:\/\/www.meydan.tv\/az\/article\/kommunal-xidmetlere-gore-mecburi-kockunler-yolu-bagladi\/#article","isPartOf":{"@id":"https:\/\/www.meydan.tv\/az\/article\/kommunal-xidmetlere-gore-mecburi-kockunler-yolu-bagladi\/"},"author":{"name":"roma","@id":"https:\/\/www.meydan.tv\/az\/#\/schema\/person\/8f23e01c4de63326c13c319fb65ee65d"},"headline":"Kommunal xidm\u0259tl\u0259r\u0259 g\u00f6r\u0259 m\u0259cburi k\u00f6\u00e7k\u00fcnl\u0259r yolu ba\u011flad\u0131","datePublished":"2022-04-23T13:48:58+00:00","dateModified":"2022-04-23T13:48:59+00:00","mainEntityOfPage":{"@id":"https:\/\/www.meydan.tv\/az\/article\/kommunal-xidmetlere-gore-mecburi-kockunler-yolu-bagladi\/"},"wordCount":260,"publisher":{"@id":"https:\/\/www.meydan.tv\/az\/#organization"},"image":{"@id":"https:\/\/www.meydan.tv\/az\/article\/kommunal-xidmetlere-gore-mecburi-kockunler-yolu-bagladi\/#primaryimage"},"thumbnailUrl":"https:\/\/www.meydan.tv\/wp-content\/uploads\/3121-1.png","articleSection":["Reportaj","Video"],"inLanguage":"az"},{"@type":"WebPage","@id":"https:\/\/www.meydan.tv\/az\/article\/kommunal-xidmetlere-gore-mecburi-kockunler-yolu-bagladi\/","url":"https:\/\/www.meydan.tv\/az\/article\/kommunal-xidmetlere-gore-mecburi-kockunler-yolu-bagladi\/","name":"Kommunal xidm\u0259tl\u0259r\u0259 g\u00f6r\u0259 m\u0259cburi k\u00f6\u00e7k\u00fcnl\u0259r yolu ba\u011flad\u0131 - MEYDAN.TV","isPartOf":{"@id":"https:\/\/www.meydan.tv\/az\/#website"},"primaryImageOfPage":{"@id":"https:\/\/www.meydan.tv\/az\/article\/kommunal-xidmetlere-gore-mecburi-kockunler-yolu-bagladi\/#primaryimage"},"image":{"@id":"https:\/\/www.meydan.tv\/az\/article\/kommunal-xidmetlere-gore-mecburi-kockunler-yolu-bagladi\/#primaryimage"},"thumbnailUrl":"https:\/\/www.meydan.tv\/wp-content\/uploads\/3121-1.png","datePublished":"2022-04-23T13:48:58+00:00","dateModified":"2022-04-23T13:48:59+00:00","breadcrumb":{"@id":"https:\/\/www.meydan.tv\/az\/article\/kommunal-xidmetlere-gore-mecburi-kockunler-yolu-bagladi\/#breadcrumb"},"inLanguage":"az","potentialAction":[{"@type":"ReadAction","target":["https:\/\/www.meydan.tv\/az\/article\/kommunal-xidmetlere-gore-mecburi-kockunler-yolu-bagladi\/"]}]},{"@type":"ImageObject","inLanguage":"az","@id":"https:\/\/www.meydan.tv\/az\/article\/kommunal-xidmetlere-gore-mecburi-kockunler-yolu-bagladi\/#primaryimage","url":"https:\/\/www.meydan.tv\/wp-content\/uploads\/3121-1.png","contentUrl":"https:\/\/www.meydan.tv\/wp-content\/uploads\/3121-1.png","width":1280,"height":720},{"@type":"BreadcrumbList","@id":"https:\/\/www.meydan.tv\/az\/article\/kommunal-xidmetlere-gore-mecburi-kockunler-yolu-bagladi\/#breadcrumb","itemListElement":[{"@type":"ListItem","position":1,"name":"Ana s\u0259hif\u0259","item":"https:\/\/www.meydan.tv\/az\/"},{"@type":"ListItem","position":2,"name":"Video","item":"https:\/\/www.meydan.tv\/az\/section\/video-2\/"},{"@type":"ListItem","position":3,"name":"Kommunal xidm\u0259tl\u0259r\u0259 g\u00f6r\u0259 m\u0259cburi k\u00f6\u00e7k\u00fcnl\u0259r yolu ba\u011flad\u0131"}]},{"@type":"WebSite","@id":"https:\/\/www.meydan.tv\/az\/#website","url":"https:\/\/www.meydan.tv\/az\/","name":"MEYDAN.TV","description":"Meydan TV Az\u0259rbaycan\u0131n media m\u0259kan\u0131ndak\u0131 alternativ s\u0259sidir","publisher":{"@id":"https:\/\/www.meydan.tv\/az\/#organization"},"potentialAction":[{"@type":"SearchAction","target":{"@type":"EntryPoint","urlTemplate":"https:\/\/www.meydan.tv\/az\/?s={search_term_string}"},"query-input":{"@type":"PropertyValueSpecification","valueRequired":true,"valueName":"search_term_string"}}],"inLanguage":"az"},{"@type":"Organization","@id":"https:\/\/www.meydan.tv\/az\/#organization","name":"Meydan TV","url":"https:\/\/www.meydan.tv\/az\/","logo":{"@type":"ImageObject","inLanguage":"az","@id":"https:\/\/www.meydan.tv\/az\/#\/schema\/logo\/image\/","url":"https:\/\/www.meydan.tv\/wp-content\/uploads\/2021\/07\/meydan-logo.svg","contentUrl":"https:\/\/www.meydan.tv\/wp-content\/uploads\/2021\/07\/meydan-logo.svg","width":195,"height":46,"caption":"Meydan TV"},"image":{"@id":"https:\/\/www.meydan.tv\/az\/#\/schema\/logo\/image\/"}},{"@type":"Person","@id":"https:\/\/www.meydan.tv\/az\/#\/schema\/person\/8f23e01c4de63326c13c319fb65ee65d","name":"roma"}]}},"_links":{"self":[{"href":"https:\/\/www.meydan.tv\/az\/wp-json\/wp\/v2\/posts\/243008","targetHints":{"allow":["GET"]}}],"collection":[{"href":"https:\/\/www.meydan.tv\/az\/wp-json\/wp\/v2\/posts"}],"about":[{"href":"https:\/\/www.meydan.tv\/az\/wp-json\/wp\/v2\/types\/post"}],"author":[{"embeddable":true,"href":"https:\/\/www.meydan.tv\/az\/wp-json\/wp\/v2\/users\/14"}],"replies":[{"embeddable":true,"href":"https:\/\/www.meydan.tv\/az\/wp-json\/wp\/v2\/comments?post=243008"}],"version-history":[{"count":1,"href":"https:\/\/www.meydan.tv\/az\/wp-json\/wp\/v2\/posts\/243008\/revisions"}],"predecessor-version":[{"id":243012,"href":"https:\/\/www.meydan.tv\/az\/wp-json\/wp\/v2\/posts\/243008\/revisions\/243012"}],"wp:featuredmedia":[{"embeddable":true,"href":"https:\/\/www.meydan.tv\/az\/wp-json\/wp\/v2\/media\/243009"}],"wp:attachment":[{"href":"https:\/\/www.meydan.tv\/az\/wp-json\/wp\/v2\/media?parent=243008"}],"wp:term":[{"taxonomy":"category","embeddable":true,"href":"https:\/\/www.meydan.tv\/az\/wp-json\/wp\/v2\/categories?post=243008"},{"taxonomy":"post_tag","embeddable":true,"href":"https:\/\/www.meydan.tv\/az\/wp-json\/wp\/v2\/tags?post=243008"}],"curies":[{"name":"wp","href":"https:\/\/api.w.org\/{rel}","templated":true}]}}