{"id":242967,"date":"2022-04-23T15:40:15","date_gmt":"2022-04-23T11:40:15","guid":{"rendered":"https:\/\/www.meydan.tv\/?p=242967"},"modified":"2022-04-23T15:40:55","modified_gmt":"2022-04-23T11:40:55","slug":"bakida-qedr-gecesi-fotoreportaj","status":"publish","type":"post","link":"https:\/\/www.meydan.tv\/az\/article\/bakida-qedr-gecesi-fotoreportaj\/","title":{"rendered":"Bak\u0131da Q\u0259dr gec\u0259si \u2013 fotoreportaj"},"content":{"rendered":"\n<p>\u0130slam al\u0259mind\u0259 oructutma ay\u0131 olan Ramazan 1 ay davam edir. Dini inanclara g\u00f6r\u0259, Ramazan ay\u0131 insanlara Allah\u0131 sevm\u0259k prinsipl\u0259rini \u00f6yr\u0259dir, onlara \u00f6z irad\u0259 q\u00fcvv\u0259l\u0259rini, d\u00f6z\u00fcml\u00fcy\u00fcn\u00fc yoxlamaq imkan\u0131 verir, onlar\u0131 g\u00f6z\u00fca\u00e7\u0131q, t\u0259miz vicdanl\u0131 olma\u011fa y\u00f6n\u0259ldir v\u0259 oruc tutmaqla ifad\u0259 olunur. Oruc Ramazan ay\u0131nda tutuldu\u011fu \u00fc\u00e7\u00fcn ona &#8220;Ramazan orucu&#8221; da deyirl\u0259r. Ramazan ay\u0131n\u0131n sonunda 3 g\u00fcn bayram edilir.<\/p>\n\n\n\n<p>\u0130slamda ilin aylar\u0131 aras\u0131nda Ramazan ay\u0131 \u0259n \u015f\u0259faq\u0259tli v\u0259 \u0259n m\u00fcq\u0259dd\u0259s ay hesab edilir. Onu m\u0259cazi m\u0259nada &#8220;on bir ay\u0131n sultan\u0131&#8221; da adland\u0131r\u0131rlar.<\/p>\n\n\n\n<p>\u0130slam dinin\u0259 \u00f6r\u0259, Ramazan ay\u0131n\u0131n ax\u0131r\u0131nc\u0131 on gec\u0259l\u0259rinin birind\u0259 Quran h\u0259diyy\u0259 edilib, nazil olub. Bunun h\u0259min ay\u0131n 19-u, 21-i, 23-\u00fc gec\u0259 ba\u015f verdiyi g\u00fcman edilir. Bu gec\u0259 &#8220;Leyl\u0259t \u0259l-Q\u0259dr&#8221; \u2013 q\u00fcdr\u0259tli, \u0259z\u0259m\u0259tli gec\u0259 adlan\u0131r. Quranda bu gec\u0259 haqda bel\u0259 yaz\u0131l\u0131r: &#8220;Q\u0259dr gec\u0259si min aydan daha xeyirlidir! O gec\u0259 m\u0259l\u0259kl\u0259r v\u0259 ruh R\u0259bbinin izni il\u0259 h\u0259r bir i\u015fd\u0259n dolay\u0131 yer\u0259 en\u0259rl\u0259r. O gec\u0259 dan yeri s\u00f6k\u00fcl\u0259n\u0259 kimi salamatl\u0131qd\u0131r! (Q\u0259dr sur\u0259si, 3\u20135)<\/p>\n\n\n\n<p>M\u00fcs\u0259lmanlar Q\u0259dr gec\u0259l\u0259rind\u0259 x\u00fcsusi ayinl\u0259r ke\u00e7irir, ibad\u0259tl\u0259r edir, dualar s\u0259sl\u0259ndirirl\u0259r. H\u0259min gec\u0259 \u0259sas\u0259n &#8220;Bik\u0259 ya Allah&#8221; (S\u0259ni \u00f6z\u00fcn\u0259 and verir\u0259m, ey Allah) adlanan, y\u0259ni ba\u015fa Quran qoyulub, zikrl\u0259r, dualar edilm\u0259si ayini il\u0259 m\u0259\u015fhurdur. Meydan TV Bak\u0131da ke\u00e7iril\u0259n Q\u0259dr gec\u0259si m\u0259rasimind\u0259n fotoreportaj\u0131 sizl\u0259r\u0259 t\u0259qdim edir.<\/p>\n\n\n\n<figure class=\"wp-block-gallery has-nested-images columns-default is-cropped wp-block-gallery-1 is-layout-flex wp-block-gallery-is-layout-flex\">\n<figure class=\"wp-block-image size-large\"><a href=\"https:\/\/www.meydan.tv\/wp-content\/uploads\/01-15.jpg\"><img decoding=\"async\" width=\"1500\" height=\"1000\" data-id=\"243004\" data-src=\"https:\/\/www.meydan.tv\/wp-content\/uploads\/01-15.jpg\" alt=\"\" class=\"wp-image-243004 lazyload\" src=\"data:image\/svg+xml;base64,PHN2ZyB3aWR0aD0iMSIgaGVpZ2h0PSIxIiB4bWxucz0iaHR0cDovL3d3dy53My5vcmcvMjAwMC9zdmciPjwvc3ZnPg==\" style=\"--smush-placeholder-width: 1500px; --smush-placeholder-aspect-ratio: 1500\/1000;\" \/><\/a><\/figure>\n\n\n\n<figure class=\"wp-block-image size-large\"><a href=\"https:\/\/www.meydan.tv\/wp-content\/uploads\/01-14.jpg\"><img decoding=\"async\" width=\"1500\" height=\"1000\" data-id=\"243001\" data-src=\"https:\/\/www.meydan.tv\/wp-content\/uploads\/01-14.jpg\" alt=\"\" class=\"wp-image-243001 lazyload\" src=\"data:image\/svg+xml;base64,PHN2ZyB3aWR0aD0iMSIgaGVpZ2h0PSIxIiB4bWxucz0iaHR0cDovL3d3dy53My5vcmcvMjAwMC9zdmciPjwvc3ZnPg==\" style=\"--smush-placeholder-width: 1500px; --smush-placeholder-aspect-ratio: 1500\/1000;\" \/><\/a><\/figure>\n\n\n\n<figure class=\"wp-block-image size-large\"><a href=\"https:\/\/www.meydan.tv\/wp-content\/uploads\/01-13.jpg\"><img decoding=\"async\" width=\"1500\" height=\"1000\" data-id=\"242998\" data-src=\"https:\/\/www.meydan.tv\/wp-content\/uploads\/01-13.jpg\" alt=\"\" class=\"wp-image-242998 lazyload\" src=\"data:image\/svg+xml;base64,PHN2ZyB3aWR0aD0iMSIgaGVpZ2h0PSIxIiB4bWxucz0iaHR0cDovL3d3dy53My5vcmcvMjAwMC9zdmciPjwvc3ZnPg==\" style=\"--smush-placeholder-width: 1500px; --smush-placeholder-aspect-ratio: 1500\/1000;\" \/><\/a><\/figure>\n\n\n\n<figure class=\"wp-block-image size-large\"><a href=\"https:\/\/www.meydan.tv\/wp-content\/uploads\/01-12.jpg\"><img decoding=\"async\" width=\"1500\" height=\"1000\" data-id=\"242995\" data-src=\"https:\/\/www.meydan.tv\/wp-content\/uploads\/01-12.jpg\" alt=\"\" class=\"wp-image-242995 lazyload\" src=\"data:image\/svg+xml;base64,PHN2ZyB3aWR0aD0iMSIgaGVpZ2h0PSIxIiB4bWxucz0iaHR0cDovL3d3dy53My5vcmcvMjAwMC9zdmciPjwvc3ZnPg==\" style=\"--smush-placeholder-width: 1500px; --smush-placeholder-aspect-ratio: 1500\/1000;\" \/><\/a><\/figure>\n\n\n\n<figure class=\"wp-block-image size-large\"><a href=\"https:\/\/www.meydan.tv\/wp-content\/uploads\/01-11.jpg\"><img decoding=\"async\" width=\"1500\" height=\"1000\" data-id=\"242992\" data-src=\"https:\/\/www.meydan.tv\/wp-content\/uploads\/01-11.jpg\" alt=\"\" class=\"wp-image-242992 lazyload\" src=\"data:image\/svg+xml;base64,PHN2ZyB3aWR0aD0iMSIgaGVpZ2h0PSIxIiB4bWxucz0iaHR0cDovL3d3dy53My5vcmcvMjAwMC9zdmciPjwvc3ZnPg==\" style=\"--smush-placeholder-width: 1500px; --smush-placeholder-aspect-ratio: 1500\/1000;\" \/><\/a><\/figure>\n\n\n\n<figure class=\"wp-block-image size-large\"><a href=\"https:\/\/www.meydan.tv\/wp-content\/uploads\/01-6.jpg\"><img decoding=\"async\" width=\"1500\" height=\"1000\" data-id=\"242977\" data-src=\"https:\/\/www.meydan.tv\/wp-content\/uploads\/01-6.jpg\" alt=\"\" class=\"wp-image-242977 lazyload\" src=\"data:image\/svg+xml;base64,PHN2ZyB3aWR0aD0iMSIgaGVpZ2h0PSIxIiB4bWxucz0iaHR0cDovL3d3dy53My5vcmcvMjAwMC9zdmciPjwvc3ZnPg==\" style=\"--smush-placeholder-width: 1500px; --smush-placeholder-aspect-ratio: 1500\/1000;\" \/><\/a><\/figure>\n\n\n\n<figure class=\"wp-block-image size-large\"><a href=\"https:\/\/www.meydan.tv\/wp-content\/uploads\/01-7.jpg\"><img decoding=\"async\" width=\"1500\" height=\"1000\" data-id=\"242980\" data-src=\"https:\/\/www.meydan.tv\/wp-content\/uploads\/01-7.jpg\" alt=\"\" class=\"wp-image-242980 lazyload\" src=\"data:image\/svg+xml;base64,PHN2ZyB3aWR0aD0iMSIgaGVpZ2h0PSIxIiB4bWxucz0iaHR0cDovL3d3dy53My5vcmcvMjAwMC9zdmciPjwvc3ZnPg==\" style=\"--smush-placeholder-width: 1500px; --smush-placeholder-aspect-ratio: 1500\/1000;\" \/><\/a><\/figure>\n\n\n\n<figure class=\"wp-block-image size-large\"><a href=\"https:\/\/www.meydan.tv\/wp-content\/uploads\/01-9.jpg\"><img decoding=\"async\" width=\"1500\" height=\"1000\" data-id=\"242986\" data-src=\"https:\/\/www.meydan.tv\/wp-content\/uploads\/01-9.jpg\" alt=\"\" class=\"wp-image-242986 lazyload\" src=\"data:image\/svg+xml;base64,PHN2ZyB3aWR0aD0iMSIgaGVpZ2h0PSIxIiB4bWxucz0iaHR0cDovL3d3dy53My5vcmcvMjAwMC9zdmciPjwvc3ZnPg==\" style=\"--smush-placeholder-width: 1500px; --smush-placeholder-aspect-ratio: 1500\/1000;\" \/><\/a><\/figure>\n\n\n\n<figure class=\"wp-block-image size-large\"><a href=\"https:\/\/www.meydan.tv\/wp-content\/uploads\/01-10.jpg\"><img decoding=\"async\" width=\"1500\" height=\"1000\" data-id=\"242989\" data-src=\"https:\/\/www.meydan.tv\/wp-content\/uploads\/01-10.jpg\" alt=\"\" class=\"wp-image-242989 lazyload\" src=\"data:image\/svg+xml;base64,PHN2ZyB3aWR0aD0iMSIgaGVpZ2h0PSIxIiB4bWxucz0iaHR0cDovL3d3dy53My5vcmcvMjAwMC9zdmciPjwvc3ZnPg==\" style=\"--smush-placeholder-width: 1500px; --smush-placeholder-aspect-ratio: 1500\/1000;\" \/><\/a><\/figure>\n\n\n\n<figure class=\"wp-block-image size-large\"><a href=\"https:\/\/www.meydan.tv\/wp-content\/uploads\/01-5.jpg\"><img decoding=\"async\" width=\"1500\" height=\"1000\" data-id=\"242974\" data-src=\"https:\/\/www.meydan.tv\/wp-content\/uploads\/01-5.jpg\" alt=\"\" class=\"wp-image-242974 lazyload\" src=\"data:image\/svg+xml;base64,PHN2ZyB3aWR0aD0iMSIgaGVpZ2h0PSIxIiB4bWxucz0iaHR0cDovL3d3dy53My5vcmcvMjAwMC9zdmciPjwvc3ZnPg==\" style=\"--smush-placeholder-width: 1500px; --smush-placeholder-aspect-ratio: 1500\/1000;\" \/><\/a><\/figure>\n\n\n\n<figure class=\"wp-block-image size-large\"><a href=\"https:\/\/www.meydan.tv\/wp-content\/uploads\/01-4.jpg\"><img decoding=\"async\" width=\"1500\" height=\"1000\" data-id=\"242971\" data-src=\"https:\/\/www.meydan.tv\/wp-content\/uploads\/01-4.jpg\" alt=\"\" class=\"wp-image-242971 lazyload\" src=\"data:image\/svg+xml;base64,PHN2ZyB3aWR0aD0iMSIgaGVpZ2h0PSIxIiB4bWxucz0iaHR0cDovL3d3dy53My5vcmcvMjAwMC9zdmciPjwvc3ZnPg==\" style=\"--smush-placeholder-width: 1500px; --smush-placeholder-aspect-ratio: 1500\/1000;\" \/><\/a><\/figure>\n\n\n\n<figure class=\"wp-block-image size-large\"><a href=\"https:\/\/www.meydan.tv\/wp-content\/uploads\/01-3.jpg\"><img decoding=\"async\" width=\"1500\" height=\"1000\" data-id=\"242968\" data-src=\"https:\/\/www.meydan.tv\/wp-content\/uploads\/01-3.jpg\" alt=\"\" class=\"wp-image-242968 lazyload\" src=\"data:image\/svg+xml;base64,PHN2ZyB3aWR0aD0iMSIgaGVpZ2h0PSIxIiB4bWxucz0iaHR0cDovL3d3dy53My5vcmcvMjAwMC9zdmciPjwvc3ZnPg==\" style=\"--smush-placeholder-width: 1500px; --smush-placeholder-aspect-ratio: 1500\/1000;\" \/><\/a><\/figure>\n\n\n\n<figure class=\"wp-block-image size-large\"><a href=\"https:\/\/www.meydan.tv\/wp-content\/uploads\/01-2.jpg\"><img decoding=\"async\" width=\"1500\" height=\"1000\" data-id=\"242964\" data-src=\"https:\/\/www.meydan.tv\/wp-content\/uploads\/01-2.jpg\" alt=\"\" class=\"wp-image-242964 lazyload\" src=\"data:image\/svg+xml;base64,PHN2ZyB3aWR0aD0iMSIgaGVpZ2h0PSIxIiB4bWxucz0iaHR0cDovL3d3dy53My5vcmcvMjAwMC9zdmciPjwvc3ZnPg==\" style=\"--smush-placeholder-width: 1500px; --smush-placeholder-aspect-ratio: 1500\/1000;\" \/><\/a><\/figure>\n\n\n\n<figure class=\"wp-block-image size-large\"><a href=\"https:\/\/www.meydan.tv\/wp-content\/uploads\/01-1-1.jpg\"><img decoding=\"async\" width=\"1500\" height=\"1000\" data-id=\"242961\" data-src=\"https:\/\/www.meydan.tv\/wp-content\/uploads\/01-1-1.jpg\" alt=\"\" class=\"wp-image-242961 lazyload\" src=\"data:image\/svg+xml;base64,PHN2ZyB3aWR0aD0iMSIgaGVpZ2h0PSIxIiB4bWxucz0iaHR0cDovL3d3dy53My5vcmcvMjAwMC9zdmciPjwvc3ZnPg==\" style=\"--smush-placeholder-width: 1500px; --smush-placeholder-aspect-ratio: 1500\/1000;\" \/><\/a><\/figure>\n<\/figure>\n","protected":false},"excerpt":{"rendered":"<p>\u0130slam al\u0259mind\u0259 oructutma ay\u0131 olan Ramazan 1 ay davam edir. &#8230; <\/p>\n<p class=\"read-more-container\"><a title=\"Bak\u0131da Q\u0259dr gec\u0259si \u2013 fotoreportaj\" class=\"read-more button\" href=\"https:\/\/www.meydan.tv\/az\/article\/bakida-qedr-gecesi-fotoreportaj\/#more-242967\" aria-label=\"Read more about Bak\u0131da Q\u0259dr gec\u0259si \u2013 fotoreportaj\">Davam\u0131<\/a><\/p>\n","protected":false},"author":14,"featured_media":242983,"comment_status":"closed","ping_status":"closed","sticky":false,"template":"","format":"standard","meta":{"_acf_changed":false,"_sitemap_exclude":false,"_sitemap_priority":"","_sitemap_frequency":"","footnotes":""},"categories":[58,56],"tags":[],"class_list":["post-242967","post","type-post","status-publish","format-standard","has-post-thumbnail","hentry","category-fotoreportaj","category-xeberler","infinite-scroll-item","generate-columns","tablet-grid-50","mobile-grid-100","grid-parent","grid-33","no-featured-image-padding"],"acf":[],"yoast_head":"<!-- This site is optimized with the Yoast SEO plugin v27.4 - https:\/\/yoast.com\/product\/yoast-seo-wordpress\/ -->\n<title>Bak\u0131da Q\u0259dr gec\u0259si \u2013 fotoreportaj - MEYDAN.TV<\/title>\n<meta name=\"robots\" content=\"index, follow, max-snippet:-1, max-image-preview:large, max-video-preview:-1\" \/>\n<link rel=\"canonical\" href=\"https:\/\/www.meydan.tv\/az\/article\/bakida-qedr-gecesi-fotoreportaj\/\" \/>\n<meta property=\"og:locale\" content=\"az_AZ\" \/>\n<meta property=\"og:type\" content=\"article\" \/>\n<meta property=\"og:title\" content=\"Bak\u0131da Q\u0259dr gec\u0259si \u2013 fotoreportaj - MEYDAN.TV\" \/>\n<meta property=\"og:description\" content=\"\u0130slam al\u0259mind\u0259 oructutma ay\u0131 olan Ramazan 1 ay davam edir. ... Davam\u0131\" \/>\n<meta property=\"og:url\" content=\"https:\/\/www.meydan.tv\/az\/article\/bakida-qedr-gecesi-fotoreportaj\/\" \/>\n<meta property=\"og:site_name\" content=\"MEYDAN.TV\" \/>\n<meta property=\"article:published_time\" content=\"2022-04-23T11:40:15+00:00\" \/>\n<meta property=\"article:modified_time\" content=\"2022-04-23T11:40:55+00:00\" \/>\n<meta property=\"og:image\" content=\"https:\/\/www.meydan.tv\/wp-content\/uploads\/01-8.jpg\" \/>\n\t<meta property=\"og:image:width\" content=\"1500\" \/>\n\t<meta property=\"og:image:height\" content=\"1000\" \/>\n\t<meta property=\"og:image:type\" content=\"image\/jpeg\" \/>\n<meta name=\"author\" content=\"roma\" \/>\n<meta name=\"twitter:card\" content=\"summary_large_image\" \/>\n<script type=\"application\/ld+json\" class=\"yoast-schema-graph\">{\"@context\":\"https:\\\/\\\/schema.org\",\"@graph\":[{\"@type\":\"Article\",\"@id\":\"https:\\\/\\\/www.meydan.tv\\\/az\\\/article\\\/bakida-qedr-gecesi-fotoreportaj\\\/#article\",\"isPartOf\":{\"@id\":\"https:\\\/\\\/www.meydan.tv\\\/az\\\/article\\\/bakida-qedr-gecesi-fotoreportaj\\\/\"},\"author\":{\"name\":\"roma\",\"@id\":\"https:\\\/\\\/www.meydan.tv\\\/az\\\/#\\\/schema\\\/person\\\/8f23e01c4de63326c13c319fb65ee65d\"},\"headline\":\"Bak\u0131da Q\u0259dr gec\u0259si \u2013 fotoreportaj\",\"datePublished\":\"2022-04-23T11:40:15+00:00\",\"dateModified\":\"2022-04-23T11:40:55+00:00\",\"mainEntityOfPage\":{\"@id\":\"https:\\\/\\\/www.meydan.tv\\\/az\\\/article\\\/bakida-qedr-gecesi-fotoreportaj\\\/\"},\"wordCount\":300,\"publisher\":{\"@id\":\"https:\\\/\\\/www.meydan.tv\\\/az\\\/#organization\"},\"image\":{\"@id\":\"https:\\\/\\\/www.meydan.tv\\\/az\\\/article\\\/bakida-qedr-gecesi-fotoreportaj\\\/#primaryimage\"},\"thumbnailUrl\":\"https:\\\/\\\/www.meydan.tv\\\/wp-content\\\/uploads\\\/01-8.jpg\",\"articleSection\":[\"Fotoreportaj\",\"X\u0259b\u0259rl\u0259r\"],\"inLanguage\":\"az\"},{\"@type\":\"WebPage\",\"@id\":\"https:\\\/\\\/www.meydan.tv\\\/az\\\/article\\\/bakida-qedr-gecesi-fotoreportaj\\\/\",\"url\":\"https:\\\/\\\/www.meydan.tv\\\/az\\\/article\\\/bakida-qedr-gecesi-fotoreportaj\\\/\",\"name\":\"Bak\u0131da Q\u0259dr gec\u0259si \u2013 fotoreportaj - MEYDAN.TV\",\"isPartOf\":{\"@id\":\"https:\\\/\\\/www.meydan.tv\\\/az\\\/#website\"},\"primaryImageOfPage\":{\"@id\":\"https:\\\/\\\/www.meydan.tv\\\/az\\\/article\\\/bakida-qedr-gecesi-fotoreportaj\\\/#primaryimage\"},\"image\":{\"@id\":\"https:\\\/\\\/www.meydan.tv\\\/az\\\/article\\\/bakida-qedr-gecesi-fotoreportaj\\\/#primaryimage\"},\"thumbnailUrl\":\"https:\\\/\\\/www.meydan.tv\\\/wp-content\\\/uploads\\\/01-8.jpg\",\"datePublished\":\"2022-04-23T11:40:15+00:00\",\"dateModified\":\"2022-04-23T11:40:55+00:00\",\"breadcrumb\":{\"@id\":\"https:\\\/\\\/www.meydan.tv\\\/az\\\/article\\\/bakida-qedr-gecesi-fotoreportaj\\\/#breadcrumb\"},\"inLanguage\":\"az\",\"potentialAction\":[{\"@type\":\"ReadAction\",\"target\":[\"https:\\\/\\\/www.meydan.tv\\\/az\\\/article\\\/bakida-qedr-gecesi-fotoreportaj\\\/\"]}]},{\"@type\":\"ImageObject\",\"inLanguage\":\"az\",\"@id\":\"https:\\\/\\\/www.meydan.tv\\\/az\\\/article\\\/bakida-qedr-gecesi-fotoreportaj\\\/#primaryimage\",\"url\":\"https:\\\/\\\/www.meydan.tv\\\/wp-content\\\/uploads\\\/01-8.jpg\",\"contentUrl\":\"https:\\\/\\\/www.meydan.tv\\\/wp-content\\\/uploads\\\/01-8.jpg\",\"width\":1500,\"height\":1000},{\"@type\":\"BreadcrumbList\",\"@id\":\"https:\\\/\\\/www.meydan.tv\\\/az\\\/article\\\/bakida-qedr-gecesi-fotoreportaj\\\/#breadcrumb\",\"itemListElement\":[{\"@type\":\"ListItem\",\"position\":1,\"name\":\"Ana s\u0259hif\u0259\",\"item\":\"https:\\\/\\\/www.meydan.tv\\\/az\\\/\"},{\"@type\":\"ListItem\",\"position\":2,\"name\":\"Fotoreportaj\",\"item\":\"https:\\\/\\\/www.meydan.tv\\\/az\\\/section\\\/fotoreportaj\\\/\"},{\"@type\":\"ListItem\",\"position\":3,\"name\":\"Bak\u0131da Q\u0259dr gec\u0259si \u2013 fotoreportaj\"}]},{\"@type\":\"WebSite\",\"@id\":\"https:\\\/\\\/www.meydan.tv\\\/az\\\/#website\",\"url\":\"https:\\\/\\\/www.meydan.tv\\\/az\\\/\",\"name\":\"MEYDAN.TV\",\"description\":\"Meydan TV Az\u0259rbaycan\u0131n media m\u0259kan\u0131ndak\u0131 alternativ s\u0259sidir\",\"publisher\":{\"@id\":\"https:\\\/\\\/www.meydan.tv\\\/az\\\/#organization\"},\"potentialAction\":[{\"@type\":\"SearchAction\",\"target\":{\"@type\":\"EntryPoint\",\"urlTemplate\":\"https:\\\/\\\/www.meydan.tv\\\/az\\\/?s={search_term_string}\"},\"query-input\":{\"@type\":\"PropertyValueSpecification\",\"valueRequired\":true,\"valueName\":\"search_term_string\"}}],\"inLanguage\":\"az\"},{\"@type\":\"Organization\",\"@id\":\"https:\\\/\\\/www.meydan.tv\\\/az\\\/#organization\",\"name\":\"Meydan TV\",\"url\":\"https:\\\/\\\/www.meydan.tv\\\/az\\\/\",\"logo\":{\"@type\":\"ImageObject\",\"inLanguage\":\"az\",\"@id\":\"https:\\\/\\\/www.meydan.tv\\\/az\\\/#\\\/schema\\\/logo\\\/image\\\/\",\"url\":\"https:\\\/\\\/www.meydan.tv\\\/wp-content\\\/uploads\\\/2021\\\/07\\\/meydan-logo.svg\",\"contentUrl\":\"https:\\\/\\\/www.meydan.tv\\\/wp-content\\\/uploads\\\/2021\\\/07\\\/meydan-logo.svg\",\"width\":195,\"height\":46,\"caption\":\"Meydan TV\"},\"image\":{\"@id\":\"https:\\\/\\\/www.meydan.tv\\\/az\\\/#\\\/schema\\\/logo\\\/image\\\/\"}},{\"@type\":\"Person\",\"@id\":\"https:\\\/\\\/www.meydan.tv\\\/az\\\/#\\\/schema\\\/person\\\/8f23e01c4de63326c13c319fb65ee65d\",\"name\":\"roma\"}]}<\/script>\n<!-- \/ Yoast SEO plugin. -->","yoast_head_json":{"title":"Bak\u0131da Q\u0259dr gec\u0259si \u2013 fotoreportaj - MEYDAN.TV","robots":{"index":"index","follow":"follow","max-snippet":"max-snippet:-1","max-image-preview":"max-image-preview:large","max-video-preview":"max-video-preview:-1"},"canonical":"https:\/\/www.meydan.tv\/az\/article\/bakida-qedr-gecesi-fotoreportaj\/","og_locale":"az_AZ","og_type":"article","og_title":"Bak\u0131da Q\u0259dr gec\u0259si \u2013 fotoreportaj - MEYDAN.TV","og_description":"\u0130slam al\u0259mind\u0259 oructutma ay\u0131 olan Ramazan 1 ay davam edir. ... Davam\u0131","og_url":"https:\/\/www.meydan.tv\/az\/article\/bakida-qedr-gecesi-fotoreportaj\/","og_site_name":"MEYDAN.TV","article_published_time":"2022-04-23T11:40:15+00:00","article_modified_time":"2022-04-23T11:40:55+00:00","og_image":[{"width":1500,"height":1000,"url":"https:\/\/www.meydan.tv\/wp-content\/uploads\/01-8.jpg","type":"image\/jpeg"}],"author":"roma","twitter_card":"summary_large_image","schema":{"@context":"https:\/\/schema.org","@graph":[{"@type":"Article","@id":"https:\/\/www.meydan.tv\/az\/article\/bakida-qedr-gecesi-fotoreportaj\/#article","isPartOf":{"@id":"https:\/\/www.meydan.tv\/az\/article\/bakida-qedr-gecesi-fotoreportaj\/"},"author":{"name":"roma","@id":"https:\/\/www.meydan.tv\/az\/#\/schema\/person\/8f23e01c4de63326c13c319fb65ee65d"},"headline":"Bak\u0131da Q\u0259dr gec\u0259si \u2013 fotoreportaj","datePublished":"2022-04-23T11:40:15+00:00","dateModified":"2022-04-23T11:40:55+00:00","mainEntityOfPage":{"@id":"https:\/\/www.meydan.tv\/az\/article\/bakida-qedr-gecesi-fotoreportaj\/"},"wordCount":300,"publisher":{"@id":"https:\/\/www.meydan.tv\/az\/#organization"},"image":{"@id":"https:\/\/www.meydan.tv\/az\/article\/bakida-qedr-gecesi-fotoreportaj\/#primaryimage"},"thumbnailUrl":"https:\/\/www.meydan.tv\/wp-content\/uploads\/01-8.jpg","articleSection":["Fotoreportaj","X\u0259b\u0259rl\u0259r"],"inLanguage":"az"},{"@type":"WebPage","@id":"https:\/\/www.meydan.tv\/az\/article\/bakida-qedr-gecesi-fotoreportaj\/","url":"https:\/\/www.meydan.tv\/az\/article\/bakida-qedr-gecesi-fotoreportaj\/","name":"Bak\u0131da Q\u0259dr gec\u0259si \u2013 fotoreportaj - MEYDAN.TV","isPartOf":{"@id":"https:\/\/www.meydan.tv\/az\/#website"},"primaryImageOfPage":{"@id":"https:\/\/www.meydan.tv\/az\/article\/bakida-qedr-gecesi-fotoreportaj\/#primaryimage"},"image":{"@id":"https:\/\/www.meydan.tv\/az\/article\/bakida-qedr-gecesi-fotoreportaj\/#primaryimage"},"thumbnailUrl":"https:\/\/www.meydan.tv\/wp-content\/uploads\/01-8.jpg","datePublished":"2022-04-23T11:40:15+00:00","dateModified":"2022-04-23T11:40:55+00:00","breadcrumb":{"@id":"https:\/\/www.meydan.tv\/az\/article\/bakida-qedr-gecesi-fotoreportaj\/#breadcrumb"},"inLanguage":"az","potentialAction":[{"@type":"ReadAction","target":["https:\/\/www.meydan.tv\/az\/article\/bakida-qedr-gecesi-fotoreportaj\/"]}]},{"@type":"ImageObject","inLanguage":"az","@id":"https:\/\/www.meydan.tv\/az\/article\/bakida-qedr-gecesi-fotoreportaj\/#primaryimage","url":"https:\/\/www.meydan.tv\/wp-content\/uploads\/01-8.jpg","contentUrl":"https:\/\/www.meydan.tv\/wp-content\/uploads\/01-8.jpg","width":1500,"height":1000},{"@type":"BreadcrumbList","@id":"https:\/\/www.meydan.tv\/az\/article\/bakida-qedr-gecesi-fotoreportaj\/#breadcrumb","itemListElement":[{"@type":"ListItem","position":1,"name":"Ana s\u0259hif\u0259","item":"https:\/\/www.meydan.tv\/az\/"},{"@type":"ListItem","position":2,"name":"Fotoreportaj","item":"https:\/\/www.meydan.tv\/az\/section\/fotoreportaj\/"},{"@type":"ListItem","position":3,"name":"Bak\u0131da Q\u0259dr gec\u0259si \u2013 fotoreportaj"}]},{"@type":"WebSite","@id":"https:\/\/www.meydan.tv\/az\/#website","url":"https:\/\/www.meydan.tv\/az\/","name":"MEYDAN.TV","description":"Meydan TV Az\u0259rbaycan\u0131n media m\u0259kan\u0131ndak\u0131 alternativ s\u0259sidir","publisher":{"@id":"https:\/\/www.meydan.tv\/az\/#organization"},"potentialAction":[{"@type":"SearchAction","target":{"@type":"EntryPoint","urlTemplate":"https:\/\/www.meydan.tv\/az\/?s={search_term_string}"},"query-input":{"@type":"PropertyValueSpecification","valueRequired":true,"valueName":"search_term_string"}}],"inLanguage":"az"},{"@type":"Organization","@id":"https:\/\/www.meydan.tv\/az\/#organization","name":"Meydan TV","url":"https:\/\/www.meydan.tv\/az\/","logo":{"@type":"ImageObject","inLanguage":"az","@id":"https:\/\/www.meydan.tv\/az\/#\/schema\/logo\/image\/","url":"https:\/\/www.meydan.tv\/wp-content\/uploads\/2021\/07\/meydan-logo.svg","contentUrl":"https:\/\/www.meydan.tv\/wp-content\/uploads\/2021\/07\/meydan-logo.svg","width":195,"height":46,"caption":"Meydan TV"},"image":{"@id":"https:\/\/www.meydan.tv\/az\/#\/schema\/logo\/image\/"}},{"@type":"Person","@id":"https:\/\/www.meydan.tv\/az\/#\/schema\/person\/8f23e01c4de63326c13c319fb65ee65d","name":"roma"}]}},"_links":{"self":[{"href":"https:\/\/www.meydan.tv\/az\/wp-json\/wp\/v2\/posts\/242967","targetHints":{"allow":["GET"]}}],"collection":[{"href":"https:\/\/www.meydan.tv\/az\/wp-json\/wp\/v2\/posts"}],"about":[{"href":"https:\/\/www.meydan.tv\/az\/wp-json\/wp\/v2\/types\/post"}],"author":[{"embeddable":true,"href":"https:\/\/www.meydan.tv\/az\/wp-json\/wp\/v2\/users\/14"}],"replies":[{"embeddable":true,"href":"https:\/\/www.meydan.tv\/az\/wp-json\/wp\/v2\/comments?post=242967"}],"version-history":[{"count":1,"href":"https:\/\/www.meydan.tv\/az\/wp-json\/wp\/v2\/posts\/242967\/revisions"}],"predecessor-version":[{"id":243007,"href":"https:\/\/www.meydan.tv\/az\/wp-json\/wp\/v2\/posts\/242967\/revisions\/243007"}],"wp:featuredmedia":[{"embeddable":true,"href":"https:\/\/www.meydan.tv\/az\/wp-json\/wp\/v2\/media\/242983"}],"wp:attachment":[{"href":"https:\/\/www.meydan.tv\/az\/wp-json\/wp\/v2\/media?parent=242967"}],"wp:term":[{"taxonomy":"category","embeddable":true,"href":"https:\/\/www.meydan.tv\/az\/wp-json\/wp\/v2\/categories?post=242967"},{"taxonomy":"post_tag","embeddable":true,"href":"https:\/\/www.meydan.tv\/az\/wp-json\/wp\/v2\/tags?post=242967"}],"curies":[{"name":"wp","href":"https:\/\/api.w.org\/{rel}","templated":true}]}}