{"id":242956,"date":"2022-04-23T09:10:36","date_gmt":"2022-04-23T05:10:36","guid":{"rendered":"https:\/\/www.meydan.tv\/?p=242956"},"modified":"2022-04-23T09:10:38","modified_gmt":"2022-04-23T05:10:38","slug":"dodaq-boyasi-ve-dovlet-qulluqcusu-andi","status":"publish","type":"post","link":"https:\/\/www.meydan.tv\/az\/article\/dodaq-boyasi-ve-dovlet-qulluqcusu-andi\/","title":{"rendered":"Dodaq boyas\u0131&#8230; v\u0259 d\u00f6vl\u0259t qulluq\u00e7usu and\u0131"},"content":{"rendered":"\n<p><\/p>\n\n\n\n<p><em>\u00c7al\u0131\u015f\u0131n and\u0131n\u0131z\u0131 pozmay\u0131n, geyiminizd\u0259n, dodaq v\u0259 d\u0131rnaq boyan\u0131z\u0131n r\u0259ngind\u0259n as\u0131l\u0131 olmayaraq\u2026<\/em><\/p>\n\n\n\n<p>X\u0259b\u0259r yay\u0131l\u0131b ki, M\u0259d\u0259niyy\u0259t Nazirliyi \u00f6lk\u0259 teatrlar\u0131na v\u0259 m\u0259d\u0259niyy\u0259t m\u00fc\u0259ssis\u0259l\u0259rin\u0259 b\u0259zi qada\u011falar qoyub. Bunlar qad\u0131n i\u015f\u00e7il\u0259r \u00fc\u00e7\u00fcn q\u0131rm\u0131z\u0131 dodaq v\u0259 d\u0131rnaq boyas\u0131ndan, h\u0259m\u00e7inin bu r\u0259ngd\u0259 geyiml\u0259rd\u0259n, dikdaban ayaqqab\u0131lardan, cins v\u0259 dar \u015falvarlardan, q\u0131sa geyiml\u0259rd\u0259n istifad\u0259nin qada\u011fan edilm\u0259sidir. Bunun n\u0259 d\u0259r\u0259c\u0259d\u0259 h\u0259qiq\u0259t oldu\u011fu h\u0259l\u0259 dart\u0131\u015f\u0131l\u0131r, b\u0259zil\u0259ri bel\u0259 qada\u011fan\u0131n olmad\u0131\u011f\u0131n\u0131 deyir. \u015e\u00fcbh\u0259sizdir ki, bir g\u00fcn h\u0259qiq\u0259t g\u00fcn\u0259\u015fi parlayacaq\u2026 v\u0259 r\u0259smil\u0259rd\u0259n kims\u0259 bununla ba\u011fl\u0131 a\u011flabatan a\u00e7\u0131qlama ver\u0259c\u0259k. Ancaq burda maraql\u0131 olan m\u0259qam odur ki, b\u0259s teatrda, m\u0259d\u0259niyy\u0259t m\u00fc\u0259ssis\u0259l\u0259rind\u0259 \u00e7al\u0131\u015fan ki\u015fil\u0259rl\u0259 ba\u011fl\u0131 hans\u0131 qada\u011falar var? H\u0259l\u0259lik bundan x\u0259b\u0259rsizik, \u00fcmid edirik ki, qad\u0131nlarla ba\u011fl\u0131 qada\u011falar\u0131 ictimail\u0259\u015fdir\u0259nl\u0259r \u00f6zl\u0259rind\u0259 c\u0259sar\u0259t tap\u0131b bu i\u015f\u0259 d\u0259 \u00e7ar\u0259 q\u0131lacaq, y\u0259ni bizi bilgisiz qoymayacaqlar. \u0130ndilikd\u0259 bel\u0259 d\u00fc\u015f\u00fcn\u0259 bil\u0259rik: g\u00f6r\u00fcn\u00fcr, ya ki\u015fil\u0259rl\u0259 ba\u011fl\u0131 bu qada\u011falar yoxdur, ya da o q\u0259d\u0259r absurddur ki, \u00fcz\u0259 \u00e7\u0131xarma\u011fa c\u0259sar\u0259t el\u0259mirl\u0259r.<\/p>\n\n\n\n<p>\u201cOd olmasa, t\u00fcst\u00fc \u00e7\u0131xmaz\u201d m\u0259s\u0259li burda lap yerin\u0259 d\u00fc\u015f\u00fcr, \u00e7\u00fcnki M\u0259d\u0259niyy\u0259t Nazirliyinin \u0130nsan Kapital\u0131n\u0131n idar\u0259 edilm\u0259si \u015f\u00f6b\u0259sind\u0259n Meydan TV-y\u0259 veril\u0259n cavabdan bel\u0259 anla\u015f\u0131l\u0131r ki, torbada pi\u015fik var, y\u0259ni hans\u0131sa qada\u011falar qoyulub. Sor\u011fuya cavab ver\u0259n \u015f\u00f6b\u0259, \u0259m\u0259kda\u015f v\u0259 ya m\u00fcdirin cavab\u0131nda \u201cD\u00f6vl\u0259t qulluq\u00e7ular\u0131n\u0131n etik davran\u0131\u015f qaydalar\u0131 haqq\u0131nda\u201d qanunun ad\u0131 \u00e7\u0259kilir, h\u0259r \u015feyin bu tipli qanun, akt, m\u00fc\u0259ssis\u0259daxili intizam qaydalar\u0131yla t\u0259nziml\u0259ndiyi deyilir.<\/p>\n\n\n\n<p>H\u0259min qanunun bir b\u0259ndind\u0259 yaz\u0131l\u0131b:<\/p>\n\n\n\n<p><strong>4.2. <\/strong><em>D\u00f6vl\u0259t qulluq\u00e7usu b\u00fct\u00fcn hallarda h\u0259r bir \u015f\u0259xs \u00fc\u00e7\u00fcn vicdanl\u0131l\u0131q n\u00fcmun\u0259si olmal\u0131d\u0131r.<\/em><\/p>\n\n\n\n<p>\u0130ndi biz o n\u00fcmun\u0259ni hardan tapaq. Ha \u00e7al\u0131\u015fsaq da, bu g\u00fcn g\u00f6z\u00fcm\u00fcz\u00fcn qaba\u011f\u0131na vicdanl\u0131l\u0131q n\u00fcmun\u0259si say\u0131lacaq d\u00f6vl\u0259t qulluq\u00e7usu g\u0259tirm\u0259y\u0259 \u00e7\u0259tinlik \u00e7\u0259kirik; h\u0259r halda, \u00fczd\u0259 olanlar aras\u0131nda. \u201cD\u00f6vl\u0259t qulluq\u00e7usu\u201d say\u0131lacaq xeyli pe\u015f\u0259 sahibl\u0259ri var, onlar\u0131n \u00e7oxu, \u015eeyx demi\u015f, vicdan\u0131n n\u0259 oldu\u011funu h\u0259l\u0259 d\u0259 bilmir. Qanuna uy\u011fun g\u0259lm\u0259s\u0259 d\u0259, hans\u0131sa yolla qanunla n\u00fcmun\u0259 say\u0131lanlar\u0131n s\u0131ras\u0131na d\u00fc\u015f\u00fcb.<\/p>\n\n\n\n<p>H\u0259min qanundan daha bir b\u0259ndi yada salaq.<\/p>\n\n\n\n<p><strong>Madd\u0259 9.<\/strong> <em>M\u0259d\u0259ni davran\u0131\u015f. D\u00f6vl\u0259t qulluq\u00e7usu b\u00fct\u00fcn \u015f\u0259xsl\u0259r\u0259, o c\u00fcml\u0259d\u0259n birba\u015fa v\u0259 yuxar\u0131 r\u0259hb\u0259ri il\u0259 v\u0259 ya tabeliyind\u0259 olan \u015f\u0259xsl\u0259r\u0259 m\u00fcnasib\u0259td\u0259 n\u0259zak\u0259tli, xeyirxah, diqq\u0259tli v\u0259 s\u0259birli olmal\u0131d\u0131r.<\/em><\/p>\n\n\n\n<p>Biz bu \u201cn\u0259zak\u0259ti, xeyirxahl\u0131\u011f\u0131, diqq\u0259ti v\u0259 s\u0259bri\u201d \u0259n az\u0131 H\u00fcseynbala Mir\u0259l\u0259movun simas\u0131nda yax\u0131ndan izl\u0259mi\u015fik; h\u0259m d\u0259 d\u0259f\u0259l\u0259rl\u0259, sosial \u015f\u0259b\u0259k\u0259l\u0259rd\u0259 trend\u0259 \u00e7evril\u0259n videolar var ki, h\u0259r g\u00fcn adam\u0131n qar\u015f\u0131s\u0131na \u00e7\u0131x\u0131r.<\/p>\n\n\n\n<p>Ke\u00e7\u0259k d\u00f6vl\u0259t qulluq\u00e7usuna qanunla qoyulan t\u0259l\u0259bl\u0259rl\u0259 ba\u011fl\u0131 ba\u015fqa bir madd\u0259y\u0259:<\/p>\n\n\n\n<p><strong>16.2.<\/strong> <em>D\u00f6vl\u0259t qulluq\u00e7usuna d\u00f6vl\u0259t \u0259mlak\u0131ndan, maliyy\u0259 v\u0259saitl\u0259rind\u0259n, rabit\u0259, komp\u00fcter v\u0259 dig\u0259r kommunikasiya sisteml\u0259rind\u0259n, n\u0259qliyyat vasit\u0259l\u0259rind\u0259n v\u0259 dig\u0259r maddi-texniki t\u0259chizat avadanl\u0131qlar\u0131ndan \u015f\u0259xsi maraqlar\u0131 namin\u0259, habel\u0259 h\u0259min d\u00f6vl\u0259t qulluq\u00e7usu t\u0259r\u0259find\u0259n xidm\u0259ti v\u0259zif\u0259l\u0259rinin icras\u0131 il\u0259 \u0259laq\u0259dar olmayan dig\u0259r m\u0259qs\u0259dl\u0259r \u00fc\u00e7\u00fcn istifad\u0259 etm\u0259si qada\u011fand\u0131r.<\/em><\/p>\n\n\n\n<p>G\u00f6r\u00fcn\u00fcr, bu madd\u0259ni qanuna s\u0259hv\u0259n sal\u0131blar. Bir d\u00f6vl\u0259t qulluq\u00e7usunun arvad-u\u015fa\u011f\u0131 xidm\u0259ti ma\u015f\u0131nla i\u015f\u0259, m\u0259kt\u0259b\u0259, bazara, \u015fopinq\u0259, istirah\u0259t\u0259 getm\u0259s\u0259, ba\u015fqalar\u0131 he\u00e7, b\u0259s qon\u015fular buna n\u0259 dey\u0259r? H\u0259l\u0259 o d\u00f6vl\u0259t qulluq\u00e7usunun telefonundan, komp\u00fcterind\u0259n v\u0259 ba\u015fqa avadanl\u0131qlar\u0131ndan istifad\u0259ni demir\u0259m. Onun \u00e7al\u0131\u015fd\u0131\u011f\u0131 qurumda v\u0259 qurumdank\u0259nar yerl\u0259rd\u0259 saxlad\u0131qlar\u0131yla ba\u011fl\u0131 probleml\u0259rini bir k\u0259nara qoyuruq\u2026<\/p>\n\n\n\n<p>Geyim qada\u011fas\u0131 qoyan M\u0259d\u0259niyy\u0259t Nazirliyinin tabeliyind\u0259 olan M\u0259d\u0259ni \u0130rsin Qorunmas\u0131, \u0130nki\u015faf\u0131 v\u0259 B\u0259rpas\u0131 \u00fczr\u0259 D\u00f6vl\u0259t Xidm\u0259tinin ke\u00e7mi\u015f r\u0259isi Zakir Sultanovun h\u0259bsi epizodu yad\u0131n\u0131zda olar. Onun d\u00f6vl\u0259t\u0259 5 milyon manatdan \u00e7ox ziyan vurdu\u011fu bildirilirdi. Z.Sultanov d\u00f6vl\u0259t\u0259 vurdu\u011fu ziyan\u0131n (Ziya M\u0259mm\u0259dovla qar\u0131\u015fd\u0131rmamal\u0131) 4 milyon manat\u0131n\u0131 na\u011fd \u015f\u0259kild\u0259 \u00f6d\u0259di. Onun 600 min dollarl\u0131q \u0259mlak\u0131 v\u0259 daha 130 min, 10 min v\u0259 20 min d\u0259y\u0259rind\u0259 olan \u0259mlak\u0131na is\u0259 h\u0259bs qoyuldu. Yeri g\u0259lmi\u015fk\u0259n, d\u00f6vl\u0259t qulluq\u00e7ular\u0131 v\u0259zif\u0259y\u0259 g\u0259tiril\u0259nd\u0259 Az\u0259rbaycan bayra\u011f\u0131 alt\u0131nda Konstitusiyaya \u0259l basaraq and i\u00e7irl\u0259r. \u015e\u00fcbh\u0259 yoxdur ki, d\u00f6vl\u0259t qulluq\u00e7usu kimi Z.Sultanov da, qanuna uy\u011fun olaraq, bu v\u0259zif\u0259y\u0259 g\u0259l\u0259nd\u0259 and i\u00e7mi\u015fdi. Bilm\u0259y\u0259nl\u0259r \u00fc\u00e7\u00fcn o and\u0131 yada salaq.<\/p>\n\n\n\n<p><em>\u00abAz\u0259rbaycan Respublikas\u0131na sadiq olaca\u011f\u0131ma, onun Konstitusiyas\u0131na d\u00f6nm\u0259d\u0259n \u0259m\u0259l ed\u0259c\u0259yim\u0259, d\u00f6vl\u0259t sirrini v\u0259 xidm\u0259ti sirri qoruyaca\u011f\u0131ma, d\u00f6vl\u0259t qullu\u011funun m\u0259n\u0259 verdiyi h\u00fcquqlar\u0131 v\u0259 \u00fcz\u0259rim\u0259 qoydu\u011fu v\u0259zif\u0259l\u0259ri q\u0259r\u0259zsiz, vicdanla, ancaq qanunauy\u011fun sur\u0259td\u0259, var g\u00fcc\u00fcml\u0259 v\u0259 v\u0259t\u0259nin m\u0259nafeyi namin\u0259 h\u0259yata ke\u00e7ir\u0259c\u0259yim\u0259 and i\u00e7ir\u0259m\u00bb.<\/em><\/p>\n\n\n\n<p>1 milyon 800 min manat r\u00fc\u015fv\u0259t almaq ittiham\u0131 il\u0259 h\u0259bs edil\u0259n m\u0259d\u0259niyy\u0259t nazirinin ke\u00e7mi\u015f m\u00fcavini Rafiq Bayramov 8 il c\u0259za ald\u0131. H\u0259bsind\u0259n sonra 1 milyon 200 min manat\u0131 d\u00f6vl\u0259t\u0259 \u00f6d\u0259diyin\u0259 \u0259saslanaraq Apelyasiya M\u0259hk\u0259m\u0259si R.Bayramovun c\u0259zas\u0131n\u0131 4 il 6 aya endirdi. Onun da bu v\u0259zif\u0259y\u0259 g\u0259tiril\u0259rk\u0259n and i\u00e7diyi \u015f\u00fcbh\u0259sizdir. \u018fm\u0259kda\u015flara davran\u0131\u015f, geyim qada\u011falar\u0131 qoyan M\u0259d\u0259niyy\u0259t Nazirliyi g\u0259r\u0259k arada vaxt tap\u0131b korrupsiya v\u0259 r\u00fc\u015fv\u0259tin qada\u011fan edildiyini (h\u0259m d\u0259 qanunla) andl\u0131 v\u0259 ands\u0131z i\u015f\u00e7il\u0259rin\u0259 xat\u0131rlada; \u0259n az\u0131 ad\u0131na uy\u011fun, y\u0259ni m\u0259d\u0259ni formada.<\/p>\n\n\n\n<p>Qanunlara \u0259m\u0259l etm\u0259k, onlar\u0131 pozmamaq ham\u0131n\u0131n borcudur, h\u0259m d\u0259 daha \u00e7ox buna and i\u00e7\u0259n d\u00f6vl\u0259t qulluq\u00e7ular\u0131n\u0131n\u2026<\/p>\n\n\n\n<p>\u00c7al\u0131\u015f\u0131n and\u0131n\u0131z\u0131 pozmay\u0131n, geyiminizd\u0259n, dodaq v\u0259 d\u0131rnaq boyan\u0131z\u0131n r\u0259ngind\u0259n as\u0131l\u0131 olmayaraq\u2026<\/p>\n","protected":false},"excerpt":{"rendered":"<p>\u00c7al\u0131\u015f\u0131n and\u0131n\u0131z\u0131 pozmay\u0131n, geyiminizd\u0259n, dodaq v\u0259 d\u0131rnaq boyan\u0131z\u0131n r\u0259ngind\u0259n as\u0131l\u0131 &#8230; <\/p>\n<p class=\"read-more-container\"><a title=\"Dodaq boyas\u0131&#8230; v\u0259 d\u00f6vl\u0259t qulluq\u00e7usu and\u0131\" class=\"read-more button\" href=\"https:\/\/www.meydan.tv\/az\/article\/dodaq-boyasi-ve-dovlet-qulluqcusu-andi\/#more-242956\" aria-label=\"Read more about Dodaq boyas\u0131&#8230; v\u0259 d\u00f6vl\u0259t qulluq\u00e7usu and\u0131\">Davam\u0131<\/a><\/p>\n","protected":false},"author":8,"featured_media":125837,"comment_status":"closed","ping_status":"closed","sticky":false,"template":"","format":"standard","meta":{"_acf_changed":false,"_sitemap_exclude":false,"_sitemap_priority":"","_sitemap_frequency":"","footnotes":""},"categories":[57],"tags":[],"class_list":["post-242956","post","type-post","status-publish","format-standard","has-post-thumbnail","hentry","category-menim-fikrimce","infinite-scroll-item","generate-columns","tablet-grid-50","mobile-grid-100","grid-parent","grid-33","no-featured-image-padding"],"acf":[],"yoast_head":"<!-- This site is optimized with the Yoast SEO plugin v27.4 - https:\/\/yoast.com\/product\/yoast-seo-wordpress\/ -->\n<title>Dodaq boyas\u0131... v\u0259 d\u00f6vl\u0259t qulluq\u00e7usu and\u0131 - MEYDAN.TV<\/title>\n<meta name=\"robots\" content=\"index, follow, max-snippet:-1, max-image-preview:large, max-video-preview:-1\" \/>\n<link rel=\"canonical\" href=\"https:\/\/www.meydan.tv\/az\/article\/dodaq-boyasi-ve-dovlet-qulluqcusu-andi\/\" \/>\n<meta property=\"og:locale\" content=\"az_AZ\" \/>\n<meta property=\"og:type\" content=\"article\" \/>\n<meta property=\"og:title\" content=\"Dodaq boyas\u0131... v\u0259 d\u00f6vl\u0259t qulluq\u00e7usu and\u0131 - MEYDAN.TV\" \/>\n<meta property=\"og:description\" content=\"\u00c7al\u0131\u015f\u0131n and\u0131n\u0131z\u0131 pozmay\u0131n, geyiminizd\u0259n, dodaq v\u0259 d\u0131rnaq boyan\u0131z\u0131n r\u0259ngind\u0259n as\u0131l\u0131 ... Davam\u0131\" \/>\n<meta property=\"og:url\" content=\"https:\/\/www.meydan.tv\/az\/article\/dodaq-boyasi-ve-dovlet-qulluqcusu-andi\/\" \/>\n<meta property=\"og:site_name\" content=\"MEYDAN.TV\" \/>\n<meta property=\"article:published_time\" content=\"2022-04-23T05:10:36+00:00\" \/>\n<meta property=\"article:modified_time\" content=\"2022-04-23T05:10:38+00:00\" \/>\n<meta property=\"og:image\" content=\"https:\/\/www.meydan.tv\/wp-content\/uploads\/image_from_ios_unrqckb.original-scaled.jpg\" \/>\n\t<meta property=\"og:image:width\" content=\"2560\" \/>\n\t<meta property=\"og:image:height\" content=\"1440\" \/>\n\t<meta property=\"og:image:type\" content=\"image\/jpeg\" \/>\n<meta name=\"author\" content=\"elli\" \/>\n<meta name=\"twitter:card\" content=\"summary_large_image\" \/>\n<meta name=\"twitter:creator\" content=\"@elli\" \/>\n<script type=\"application\/ld+json\" class=\"yoast-schema-graph\">{\"@context\":\"https:\\\/\\\/schema.org\",\"@graph\":[{\"@type\":\"Article\",\"@id\":\"https:\\\/\\\/www.meydan.tv\\\/az\\\/article\\\/dodaq-boyasi-ve-dovlet-qulluqcusu-andi\\\/#article\",\"isPartOf\":{\"@id\":\"https:\\\/\\\/www.meydan.tv\\\/az\\\/article\\\/dodaq-boyasi-ve-dovlet-qulluqcusu-andi\\\/\"},\"author\":{\"name\":\"elli\",\"@id\":\"https:\\\/\\\/www.meydan.tv\\\/az\\\/#\\\/schema\\\/person\\\/9cdbecf90d17180ce1dfbd95b08dcf47\"},\"headline\":\"Dodaq boyas\u0131&#8230; v\u0259 d\u00f6vl\u0259t qulluq\u00e7usu and\u0131\",\"datePublished\":\"2022-04-23T05:10:36+00:00\",\"dateModified\":\"2022-04-23T05:10:38+00:00\",\"mainEntityOfPage\":{\"@id\":\"https:\\\/\\\/www.meydan.tv\\\/az\\\/article\\\/dodaq-boyasi-ve-dovlet-qulluqcusu-andi\\\/\"},\"wordCount\":1193,\"publisher\":{\"@id\":\"https:\\\/\\\/www.meydan.tv\\\/az\\\/#organization\"},\"image\":{\"@id\":\"https:\\\/\\\/www.meydan.tv\\\/az\\\/article\\\/dodaq-boyasi-ve-dovlet-qulluqcusu-andi\\\/#primaryimage\"},\"thumbnailUrl\":\"https:\\\/\\\/www.meydan.tv\\\/wp-content\\\/uploads\\\/image_from_ios_unrqckb.original-scaled-e1685106480202.jpg\",\"articleSection\":[\"M\u0259nim Fikrimc\u0259\"],\"inLanguage\":\"az\"},{\"@type\":\"WebPage\",\"@id\":\"https:\\\/\\\/www.meydan.tv\\\/az\\\/article\\\/dodaq-boyasi-ve-dovlet-qulluqcusu-andi\\\/\",\"url\":\"https:\\\/\\\/www.meydan.tv\\\/az\\\/article\\\/dodaq-boyasi-ve-dovlet-qulluqcusu-andi\\\/\",\"name\":\"Dodaq boyas\u0131... v\u0259 d\u00f6vl\u0259t qulluq\u00e7usu and\u0131 - MEYDAN.TV\",\"isPartOf\":{\"@id\":\"https:\\\/\\\/www.meydan.tv\\\/az\\\/#website\"},\"primaryImageOfPage\":{\"@id\":\"https:\\\/\\\/www.meydan.tv\\\/az\\\/article\\\/dodaq-boyasi-ve-dovlet-qulluqcusu-andi\\\/#primaryimage\"},\"image\":{\"@id\":\"https:\\\/\\\/www.meydan.tv\\\/az\\\/article\\\/dodaq-boyasi-ve-dovlet-qulluqcusu-andi\\\/#primaryimage\"},\"thumbnailUrl\":\"https:\\\/\\\/www.meydan.tv\\\/wp-content\\\/uploads\\\/image_from_ios_unrqckb.original-scaled-e1685106480202.jpg\",\"datePublished\":\"2022-04-23T05:10:36+00:00\",\"dateModified\":\"2022-04-23T05:10:38+00:00\",\"breadcrumb\":{\"@id\":\"https:\\\/\\\/www.meydan.tv\\\/az\\\/article\\\/dodaq-boyasi-ve-dovlet-qulluqcusu-andi\\\/#breadcrumb\"},\"inLanguage\":\"az\",\"potentialAction\":[{\"@type\":\"ReadAction\",\"target\":[\"https:\\\/\\\/www.meydan.tv\\\/az\\\/article\\\/dodaq-boyasi-ve-dovlet-qulluqcusu-andi\\\/\"]}]},{\"@type\":\"ImageObject\",\"inLanguage\":\"az\",\"@id\":\"https:\\\/\\\/www.meydan.tv\\\/az\\\/article\\\/dodaq-boyasi-ve-dovlet-qulluqcusu-andi\\\/#primaryimage\",\"url\":\"https:\\\/\\\/www.meydan.tv\\\/wp-content\\\/uploads\\\/image_from_ios_unrqckb.original-scaled-e1685106480202.jpg\",\"contentUrl\":\"https:\\\/\\\/www.meydan.tv\\\/wp-content\\\/uploads\\\/image_from_ios_unrqckb.original-scaled-e1685106480202.jpg\",\"width\":2560,\"height\":1228,\"caption\":\"M\u0259nb\u0259: Meydan TV\"},{\"@type\":\"BreadcrumbList\",\"@id\":\"https:\\\/\\\/www.meydan.tv\\\/az\\\/article\\\/dodaq-boyasi-ve-dovlet-qulluqcusu-andi\\\/#breadcrumb\",\"itemListElement\":[{\"@type\":\"ListItem\",\"position\":1,\"name\":\"Ana s\u0259hif\u0259\",\"item\":\"https:\\\/\\\/www.meydan.tv\\\/az\\\/\"},{\"@type\":\"ListItem\",\"position\":2,\"name\":\"M\u0259nim Fikrimc\u0259\",\"item\":\"https:\\\/\\\/www.meydan.tv\\\/az\\\/section\\\/menim-fikrimce\\\/\"},{\"@type\":\"ListItem\",\"position\":3,\"name\":\"Dodaq boyas\u0131&#8230; v\u0259 d\u00f6vl\u0259t qulluq\u00e7usu and\u0131\"}]},{\"@type\":\"WebSite\",\"@id\":\"https:\\\/\\\/www.meydan.tv\\\/az\\\/#website\",\"url\":\"https:\\\/\\\/www.meydan.tv\\\/az\\\/\",\"name\":\"MEYDAN.TV\",\"description\":\"Meydan TV Az\u0259rbaycan\u0131n media m\u0259kan\u0131ndak\u0131 alternativ s\u0259sidir\",\"publisher\":{\"@id\":\"https:\\\/\\\/www.meydan.tv\\\/az\\\/#organization\"},\"potentialAction\":[{\"@type\":\"SearchAction\",\"target\":{\"@type\":\"EntryPoint\",\"urlTemplate\":\"https:\\\/\\\/www.meydan.tv\\\/az\\\/?s={search_term_string}\"},\"query-input\":{\"@type\":\"PropertyValueSpecification\",\"valueRequired\":true,\"valueName\":\"search_term_string\"}}],\"inLanguage\":\"az\"},{\"@type\":\"Organization\",\"@id\":\"https:\\\/\\\/www.meydan.tv\\\/az\\\/#organization\",\"name\":\"Meydan TV\",\"url\":\"https:\\\/\\\/www.meydan.tv\\\/az\\\/\",\"logo\":{\"@type\":\"ImageObject\",\"inLanguage\":\"az\",\"@id\":\"https:\\\/\\\/www.meydan.tv\\\/az\\\/#\\\/schema\\\/logo\\\/image\\\/\",\"url\":\"https:\\\/\\\/www.meydan.tv\\\/wp-content\\\/uploads\\\/2021\\\/07\\\/meydan-logo.svg\",\"contentUrl\":\"https:\\\/\\\/www.meydan.tv\\\/wp-content\\\/uploads\\\/2021\\\/07\\\/meydan-logo.svg\",\"width\":195,\"height\":46,\"caption\":\"Meydan TV\"},\"image\":{\"@id\":\"https:\\\/\\\/www.meydan.tv\\\/az\\\/#\\\/schema\\\/logo\\\/image\\\/\"}},{\"@type\":\"Person\",\"@id\":\"https:\\\/\\\/www.meydan.tv\\\/az\\\/#\\\/schema\\\/person\\\/9cdbecf90d17180ce1dfbd95b08dcf47\",\"name\":\"elli\",\"sameAs\":[\"https:\\\/\\\/x.com\\\/elli\"]}]}<\/script>\n<!-- \/ Yoast SEO plugin. -->","yoast_head_json":{"title":"Dodaq boyas\u0131... v\u0259 d\u00f6vl\u0259t qulluq\u00e7usu and\u0131 - MEYDAN.TV","robots":{"index":"index","follow":"follow","max-snippet":"max-snippet:-1","max-image-preview":"max-image-preview:large","max-video-preview":"max-video-preview:-1"},"canonical":"https:\/\/www.meydan.tv\/az\/article\/dodaq-boyasi-ve-dovlet-qulluqcusu-andi\/","og_locale":"az_AZ","og_type":"article","og_title":"Dodaq boyas\u0131... v\u0259 d\u00f6vl\u0259t qulluq\u00e7usu and\u0131 - MEYDAN.TV","og_description":"\u00c7al\u0131\u015f\u0131n and\u0131n\u0131z\u0131 pozmay\u0131n, geyiminizd\u0259n, dodaq v\u0259 d\u0131rnaq boyan\u0131z\u0131n r\u0259ngind\u0259n as\u0131l\u0131 ... Davam\u0131","og_url":"https:\/\/www.meydan.tv\/az\/article\/dodaq-boyasi-ve-dovlet-qulluqcusu-andi\/","og_site_name":"MEYDAN.TV","article_published_time":"2022-04-23T05:10:36+00:00","article_modified_time":"2022-04-23T05:10:38+00:00","og_image":[{"width":2560,"height":1440,"url":"https:\/\/www.meydan.tv\/wp-content\/uploads\/image_from_ios_unrqckb.original-scaled.jpg","type":"image\/jpeg"}],"author":"elli","twitter_card":"summary_large_image","twitter_creator":"@elli","schema":{"@context":"https:\/\/schema.org","@graph":[{"@type":"Article","@id":"https:\/\/www.meydan.tv\/az\/article\/dodaq-boyasi-ve-dovlet-qulluqcusu-andi\/#article","isPartOf":{"@id":"https:\/\/www.meydan.tv\/az\/article\/dodaq-boyasi-ve-dovlet-qulluqcusu-andi\/"},"author":{"name":"elli","@id":"https:\/\/www.meydan.tv\/az\/#\/schema\/person\/9cdbecf90d17180ce1dfbd95b08dcf47"},"headline":"Dodaq boyas\u0131&#8230; v\u0259 d\u00f6vl\u0259t qulluq\u00e7usu and\u0131","datePublished":"2022-04-23T05:10:36+00:00","dateModified":"2022-04-23T05:10:38+00:00","mainEntityOfPage":{"@id":"https:\/\/www.meydan.tv\/az\/article\/dodaq-boyasi-ve-dovlet-qulluqcusu-andi\/"},"wordCount":1193,"publisher":{"@id":"https:\/\/www.meydan.tv\/az\/#organization"},"image":{"@id":"https:\/\/www.meydan.tv\/az\/article\/dodaq-boyasi-ve-dovlet-qulluqcusu-andi\/#primaryimage"},"thumbnailUrl":"https:\/\/www.meydan.tv\/wp-content\/uploads\/image_from_ios_unrqckb.original-scaled-e1685106480202.jpg","articleSection":["M\u0259nim Fikrimc\u0259"],"inLanguage":"az"},{"@type":"WebPage","@id":"https:\/\/www.meydan.tv\/az\/article\/dodaq-boyasi-ve-dovlet-qulluqcusu-andi\/","url":"https:\/\/www.meydan.tv\/az\/article\/dodaq-boyasi-ve-dovlet-qulluqcusu-andi\/","name":"Dodaq boyas\u0131... v\u0259 d\u00f6vl\u0259t qulluq\u00e7usu and\u0131 - MEYDAN.TV","isPartOf":{"@id":"https:\/\/www.meydan.tv\/az\/#website"},"primaryImageOfPage":{"@id":"https:\/\/www.meydan.tv\/az\/article\/dodaq-boyasi-ve-dovlet-qulluqcusu-andi\/#primaryimage"},"image":{"@id":"https:\/\/www.meydan.tv\/az\/article\/dodaq-boyasi-ve-dovlet-qulluqcusu-andi\/#primaryimage"},"thumbnailUrl":"https:\/\/www.meydan.tv\/wp-content\/uploads\/image_from_ios_unrqckb.original-scaled-e1685106480202.jpg","datePublished":"2022-04-23T05:10:36+00:00","dateModified":"2022-04-23T05:10:38+00:00","breadcrumb":{"@id":"https:\/\/www.meydan.tv\/az\/article\/dodaq-boyasi-ve-dovlet-qulluqcusu-andi\/#breadcrumb"},"inLanguage":"az","potentialAction":[{"@type":"ReadAction","target":["https:\/\/www.meydan.tv\/az\/article\/dodaq-boyasi-ve-dovlet-qulluqcusu-andi\/"]}]},{"@type":"ImageObject","inLanguage":"az","@id":"https:\/\/www.meydan.tv\/az\/article\/dodaq-boyasi-ve-dovlet-qulluqcusu-andi\/#primaryimage","url":"https:\/\/www.meydan.tv\/wp-content\/uploads\/image_from_ios_unrqckb.original-scaled-e1685106480202.jpg","contentUrl":"https:\/\/www.meydan.tv\/wp-content\/uploads\/image_from_ios_unrqckb.original-scaled-e1685106480202.jpg","width":2560,"height":1228,"caption":"M\u0259nb\u0259: Meydan TV"},{"@type":"BreadcrumbList","@id":"https:\/\/www.meydan.tv\/az\/article\/dodaq-boyasi-ve-dovlet-qulluqcusu-andi\/#breadcrumb","itemListElement":[{"@type":"ListItem","position":1,"name":"Ana s\u0259hif\u0259","item":"https:\/\/www.meydan.tv\/az\/"},{"@type":"ListItem","position":2,"name":"M\u0259nim Fikrimc\u0259","item":"https:\/\/www.meydan.tv\/az\/section\/menim-fikrimce\/"},{"@type":"ListItem","position":3,"name":"Dodaq boyas\u0131&#8230; v\u0259 d\u00f6vl\u0259t qulluq\u00e7usu and\u0131"}]},{"@type":"WebSite","@id":"https:\/\/www.meydan.tv\/az\/#website","url":"https:\/\/www.meydan.tv\/az\/","name":"MEYDAN.TV","description":"Meydan TV Az\u0259rbaycan\u0131n media m\u0259kan\u0131ndak\u0131 alternativ s\u0259sidir","publisher":{"@id":"https:\/\/www.meydan.tv\/az\/#organization"},"potentialAction":[{"@type":"SearchAction","target":{"@type":"EntryPoint","urlTemplate":"https:\/\/www.meydan.tv\/az\/?s={search_term_string}"},"query-input":{"@type":"PropertyValueSpecification","valueRequired":true,"valueName":"search_term_string"}}],"inLanguage":"az"},{"@type":"Organization","@id":"https:\/\/www.meydan.tv\/az\/#organization","name":"Meydan TV","url":"https:\/\/www.meydan.tv\/az\/","logo":{"@type":"ImageObject","inLanguage":"az","@id":"https:\/\/www.meydan.tv\/az\/#\/schema\/logo\/image\/","url":"https:\/\/www.meydan.tv\/wp-content\/uploads\/2021\/07\/meydan-logo.svg","contentUrl":"https:\/\/www.meydan.tv\/wp-content\/uploads\/2021\/07\/meydan-logo.svg","width":195,"height":46,"caption":"Meydan TV"},"image":{"@id":"https:\/\/www.meydan.tv\/az\/#\/schema\/logo\/image\/"}},{"@type":"Person","@id":"https:\/\/www.meydan.tv\/az\/#\/schema\/person\/9cdbecf90d17180ce1dfbd95b08dcf47","name":"elli","sameAs":["https:\/\/x.com\/elli"]}]}},"_links":{"self":[{"href":"https:\/\/www.meydan.tv\/az\/wp-json\/wp\/v2\/posts\/242956","targetHints":{"allow":["GET"]}}],"collection":[{"href":"https:\/\/www.meydan.tv\/az\/wp-json\/wp\/v2\/posts"}],"about":[{"href":"https:\/\/www.meydan.tv\/az\/wp-json\/wp\/v2\/types\/post"}],"author":[{"embeddable":true,"href":"https:\/\/www.meydan.tv\/az\/wp-json\/wp\/v2\/users\/8"}],"replies":[{"embeddable":true,"href":"https:\/\/www.meydan.tv\/az\/wp-json\/wp\/v2\/comments?post=242956"}],"version-history":[{"count":2,"href":"https:\/\/www.meydan.tv\/az\/wp-json\/wp\/v2\/posts\/242956\/revisions"}],"predecessor-version":[{"id":244141,"href":"https:\/\/www.meydan.tv\/az\/wp-json\/wp\/v2\/posts\/242956\/revisions\/244141"}],"wp:featuredmedia":[{"embeddable":true,"href":"https:\/\/www.meydan.tv\/az\/wp-json\/wp\/v2\/media\/125837"}],"wp:attachment":[{"href":"https:\/\/www.meydan.tv\/az\/wp-json\/wp\/v2\/media?parent=242956"}],"wp:term":[{"taxonomy":"category","embeddable":true,"href":"https:\/\/www.meydan.tv\/az\/wp-json\/wp\/v2\/categories?post=242956"},{"taxonomy":"post_tag","embeddable":true,"href":"https:\/\/www.meydan.tv\/az\/wp-json\/wp\/v2\/tags?post=242956"}],"curies":[{"name":"wp","href":"https:\/\/api.w.org\/{rel}","templated":true}]}}