{"id":242951,"date":"2022-04-22T21:24:27","date_gmt":"2022-04-22T17:24:27","guid":{"rendered":"https:\/\/www.meydan.tv\/?p=242951"},"modified":"2022-04-22T21:24:29","modified_gmt":"2022-04-22T17:24:29","slug":"rusiya-artiq-gozunu-moldovaya-dikib","status":"publish","type":"post","link":"https:\/\/www.meydan.tv\/az\/article\/rusiya-artiq-gozunu-moldovaya-dikib\/","title":{"rendered":"Rusiya art\u0131q g\u00f6z\u00fcn\u00fc Moldovaya dikib?"},"content":{"rendered":"\n<figure class=\"wp-block-embed is-type-video is-provider-youtube wp-block-embed-youtube wp-embed-aspect-16-9 wp-has-aspect-ratio\"><div class=\"wp-block-embed__wrapper\">\n<iframe title=\"Rusiya art\u0131q g\u00f6z\u00fcn\u00fc Moldovaya dikib?\" width=\"1200\" height=\"675\" data-src=\"https:\/\/www.youtube.com\/embed\/daW9nPNCCFQ?feature=oembed\" frameborder=\"0\" allow=\"accelerometer; autoplay; clipboard-write; encrypted-media; gyroscope; picture-in-picture\" allowfullscreen src=\"data:image\/svg+xml;base64,PHN2ZyB3aWR0aD0iMSIgaGVpZ2h0PSIxIiB4bWxucz0iaHR0cDovL3d3dy53My5vcmcvMjAwMC9zdmciPjwvc3ZnPg==\" class=\"lazyload\" data-load-mode=\"1\"><\/iframe>\n<\/div><\/figure>\n\n\n\n<!--more-->\n\n\n\n<p>Ukraynada \u201cx\u00fcsusi \u0259m\u0259liyyat\u0131n\u201d ikinci fazas\u0131n\u0131n h\u0259d\u0259fi Rusiyan\u0131n c\u0259nubuyla Kr\u0131m\u0131 birl\u0259\u015fdirm\u0259kdir. Rusiyan\u0131n M\u0259rk\u0259zi h\u0259rbi dair\u0259sinin komandan\u0131 v\u0259zif\u0259sini icra ed\u0259n R\u00fcst\u0259m Minnekayev aprelin 22-d\u0259 bu haqda dan\u0131\u015f\u0131b. O \u0259lav\u0259 edib ki, Ukraynan\u0131n c\u0259nubuna n\u0259zar\u0259t Rusiya Silahl\u0131 q\u00fcvv\u0259l\u0259rin\u0259 \u201crusdilli \u0259halinin s\u0131x\u0131\u015fd\u0131r\u0131lmas\u0131 hallar\u0131n\u0131n qeyd\u0259 al\u0131nd\u0131\u011f\u0131\u201d, Moldovan\u0131n rusiyay\u00f6nl\u00fc Dnestryan\u0131 separat\u00e7\u0131 b\u00f6lg\u0259sin\u0259 daha bir \u00e7\u0131x\u0131\u015f ver\u0259c\u0259k.<\/p>\n\n\n\n<p>D\u00fcn\u0259n \u00c7e\u00e7enistan lideri Kad\u0131rov v\u0259 M\u00fcdafi\u0259 naziri \u015eoyqu Mariupolu \u0259l\u0259 ke\u00e7irdikl\u0259rini elan edibl\u0259r. Ukrayna Prezidenti Volodimir Zelenski is\u0259 deyib ki, Mariupolu m\u00fchasir\u0259d\u0259n \u00e7\u0131xarmaq \u00fc\u00e7\u00fcn m\u00fcmk\u00fcn olan\u0131 ed\u0259c\u0259kl\u0259r. &#8220;Bu, saat m\u0259s\u0259l\u0259sidir, h\u0259qiq\u0259t budur. \u00c7\u00fcnki bilmirik, onlar orada ne\u00e7\u0259 saat, yaxud g\u00fcn dayana bil\u0259c\u0259kl\u0259r. Bizim ordumuza g\u0259linc\u0259, haz\u0131rda Rusiya Federasiyas\u0131n\u0131n texnikas\u0131 bizim i\u015f\u011fal olunmu\u015f 120 kilometri yar\u0131b Mariupolu h\u0259rbi m\u00fchasir\u0259d\u0259n \u00e7\u0131xarma\u011f\u0131m\u0131za imkan vermir. Bu h\u0259qiq\u0259tdir. Bu g\u00fcn bunu ed\u0259 bilmirik&#8221;.&nbsp;<\/p>\n\n\n\n<p>Azov komandirinin m\u00fcavini Svyatoslav Palamar videom\u00fcraci\u0259tind\u0259 deyib ki, Azov d\u00f6y\u00fc\u015f\u00e7\u00fcl\u0259ri Mariupoldan \u00e7\u0131xma\u011fa haz\u0131rd\u0131rlar, amma \u0259sir d\u00fc\u015fm\u0259y\u0259, \u00f6l\u0259nl\u0259ri, yaral\u0131lar\u0131 v\u0259 silahlar\u0131 \u015f\u0259h\u0259rd\u0259 buraxma\u011fa raz\u0131 deyill\u0259r.<\/p>\n","protected":false},"excerpt":{"rendered":"","protected":false},"author":14,"featured_media":242952,"comment_status":"closed","ping_status":"closed","sticky":false,"template":"","format":"standard","meta":{"_acf_changed":false,"_sitemap_exclude":false,"_sitemap_priority":"","_sitemap_frequency":"","footnotes":""},"categories":[61,63],"tags":[],"class_list":["post-242951","post","type-post","status-publish","format-standard","has-post-thumbnail","hentry","category-reportaj","category-video-2","infinite-scroll-item","generate-columns","tablet-grid-50","mobile-grid-100","grid-parent","grid-33","no-featured-image-padding"],"acf":[],"yoast_head":"<!-- This site is optimized with the Yoast SEO plugin v27.4 - https:\/\/yoast.com\/product\/yoast-seo-wordpress\/ -->\n<title>Rusiya art\u0131q g\u00f6z\u00fcn\u00fc Moldovaya dikib? - MEYDAN.TV<\/title>\n<meta name=\"robots\" content=\"index, follow, max-snippet:-1, max-image-preview:large, max-video-preview:-1\" \/>\n<link rel=\"canonical\" href=\"https:\/\/www.meydan.tv\/az\/article\/rusiya-artiq-gozunu-moldovaya-dikib\/\" \/>\n<meta property=\"og:locale\" content=\"az_AZ\" \/>\n<meta property=\"og:type\" content=\"article\" \/>\n<meta property=\"og:title\" content=\"Rusiya art\u0131q g\u00f6z\u00fcn\u00fc Moldovaya dikib? - MEYDAN.TV\" \/>\n<meta property=\"og:url\" content=\"https:\/\/www.meydan.tv\/az\/article\/rusiya-artiq-gozunu-moldovaya-dikib\/\" \/>\n<meta property=\"og:site_name\" content=\"MEYDAN.TV\" \/>\n<meta property=\"article:published_time\" content=\"2022-04-22T17:24:27+00:00\" \/>\n<meta property=\"article:modified_time\" content=\"2022-04-22T17:24:29+00:00\" \/>\n<meta property=\"og:image\" content=\"https:\/\/www.meydan.tv\/wp-content\/uploads\/screenshot-2022-04-22-at-19.22.58.png\" \/>\n\t<meta property=\"og:image:width\" content=\"1352\" \/>\n\t<meta property=\"og:image:height\" content=\"762\" \/>\n\t<meta property=\"og:image:type\" content=\"image\/png\" \/>\n<meta name=\"author\" content=\"roma\" \/>\n<meta name=\"twitter:card\" content=\"summary_large_image\" \/>\n<script type=\"application\/ld+json\" class=\"yoast-schema-graph\">{\"@context\":\"https:\\\/\\\/schema.org\",\"@graph\":[{\"@type\":\"Article\",\"@id\":\"https:\\\/\\\/www.meydan.tv\\\/az\\\/article\\\/rusiya-artiq-gozunu-moldovaya-dikib\\\/#article\",\"isPartOf\":{\"@id\":\"https:\\\/\\\/www.meydan.tv\\\/az\\\/article\\\/rusiya-artiq-gozunu-moldovaya-dikib\\\/\"},\"author\":{\"name\":\"roma\",\"@id\":\"https:\\\/\\\/www.meydan.tv\\\/az\\\/#\\\/schema\\\/person\\\/8f23e01c4de63326c13c319fb65ee65d\"},\"headline\":\"Rusiya art\u0131q g\u00f6z\u00fcn\u00fc Moldovaya dikib?\",\"datePublished\":\"2022-04-22T17:24:27+00:00\",\"dateModified\":\"2022-04-22T17:24:29+00:00\",\"mainEntityOfPage\":{\"@id\":\"https:\\\/\\\/www.meydan.tv\\\/az\\\/article\\\/rusiya-artiq-gozunu-moldovaya-dikib\\\/\"},\"wordCount\":255,\"publisher\":{\"@id\":\"https:\\\/\\\/www.meydan.tv\\\/az\\\/#organization\"},\"image\":{\"@id\":\"https:\\\/\\\/www.meydan.tv\\\/az\\\/article\\\/rusiya-artiq-gozunu-moldovaya-dikib\\\/#primaryimage\"},\"thumbnailUrl\":\"https:\\\/\\\/www.meydan.tv\\\/wp-content\\\/uploads\\\/screenshot-2022-04-22-at-19.22.58.png\",\"articleSection\":[\"Reportaj\",\"Video\"],\"inLanguage\":\"az\"},{\"@type\":\"WebPage\",\"@id\":\"https:\\\/\\\/www.meydan.tv\\\/az\\\/article\\\/rusiya-artiq-gozunu-moldovaya-dikib\\\/\",\"url\":\"https:\\\/\\\/www.meydan.tv\\\/az\\\/article\\\/rusiya-artiq-gozunu-moldovaya-dikib\\\/\",\"name\":\"Rusiya art\u0131q g\u00f6z\u00fcn\u00fc Moldovaya dikib? - MEYDAN.TV\",\"isPartOf\":{\"@id\":\"https:\\\/\\\/www.meydan.tv\\\/az\\\/#website\"},\"primaryImageOfPage\":{\"@id\":\"https:\\\/\\\/www.meydan.tv\\\/az\\\/article\\\/rusiya-artiq-gozunu-moldovaya-dikib\\\/#primaryimage\"},\"image\":{\"@id\":\"https:\\\/\\\/www.meydan.tv\\\/az\\\/article\\\/rusiya-artiq-gozunu-moldovaya-dikib\\\/#primaryimage\"},\"thumbnailUrl\":\"https:\\\/\\\/www.meydan.tv\\\/wp-content\\\/uploads\\\/screenshot-2022-04-22-at-19.22.58.png\",\"datePublished\":\"2022-04-22T17:24:27+00:00\",\"dateModified\":\"2022-04-22T17:24:29+00:00\",\"breadcrumb\":{\"@id\":\"https:\\\/\\\/www.meydan.tv\\\/az\\\/article\\\/rusiya-artiq-gozunu-moldovaya-dikib\\\/#breadcrumb\"},\"inLanguage\":\"az\",\"potentialAction\":[{\"@type\":\"ReadAction\",\"target\":[\"https:\\\/\\\/www.meydan.tv\\\/az\\\/article\\\/rusiya-artiq-gozunu-moldovaya-dikib\\\/\"]}]},{\"@type\":\"ImageObject\",\"inLanguage\":\"az\",\"@id\":\"https:\\\/\\\/www.meydan.tv\\\/az\\\/article\\\/rusiya-artiq-gozunu-moldovaya-dikib\\\/#primaryimage\",\"url\":\"https:\\\/\\\/www.meydan.tv\\\/wp-content\\\/uploads\\\/screenshot-2022-04-22-at-19.22.58.png\",\"contentUrl\":\"https:\\\/\\\/www.meydan.tv\\\/wp-content\\\/uploads\\\/screenshot-2022-04-22-at-19.22.58.png\",\"width\":1352,\"height\":762},{\"@type\":\"BreadcrumbList\",\"@id\":\"https:\\\/\\\/www.meydan.tv\\\/az\\\/article\\\/rusiya-artiq-gozunu-moldovaya-dikib\\\/#breadcrumb\",\"itemListElement\":[{\"@type\":\"ListItem\",\"position\":1,\"name\":\"Ana s\u0259hif\u0259\",\"item\":\"https:\\\/\\\/www.meydan.tv\\\/az\\\/\"},{\"@type\":\"ListItem\",\"position\":2,\"name\":\"Video\",\"item\":\"https:\\\/\\\/www.meydan.tv\\\/az\\\/section\\\/video-2\\\/\"},{\"@type\":\"ListItem\",\"position\":3,\"name\":\"Rusiya art\u0131q g\u00f6z\u00fcn\u00fc Moldovaya dikib?\"}]},{\"@type\":\"WebSite\",\"@id\":\"https:\\\/\\\/www.meydan.tv\\\/az\\\/#website\",\"url\":\"https:\\\/\\\/www.meydan.tv\\\/az\\\/\",\"name\":\"MEYDAN.TV\",\"description\":\"Meydan TV Az\u0259rbaycan\u0131n media m\u0259kan\u0131ndak\u0131 alternativ s\u0259sidir\",\"publisher\":{\"@id\":\"https:\\\/\\\/www.meydan.tv\\\/az\\\/#organization\"},\"potentialAction\":[{\"@type\":\"SearchAction\",\"target\":{\"@type\":\"EntryPoint\",\"urlTemplate\":\"https:\\\/\\\/www.meydan.tv\\\/az\\\/?s={search_term_string}\"},\"query-input\":{\"@type\":\"PropertyValueSpecification\",\"valueRequired\":true,\"valueName\":\"search_term_string\"}}],\"inLanguage\":\"az\"},{\"@type\":\"Organization\",\"@id\":\"https:\\\/\\\/www.meydan.tv\\\/az\\\/#organization\",\"name\":\"Meydan TV\",\"url\":\"https:\\\/\\\/www.meydan.tv\\\/az\\\/\",\"logo\":{\"@type\":\"ImageObject\",\"inLanguage\":\"az\",\"@id\":\"https:\\\/\\\/www.meydan.tv\\\/az\\\/#\\\/schema\\\/logo\\\/image\\\/\",\"url\":\"https:\\\/\\\/www.meydan.tv\\\/wp-content\\\/uploads\\\/2021\\\/07\\\/meydan-logo.svg\",\"contentUrl\":\"https:\\\/\\\/www.meydan.tv\\\/wp-content\\\/uploads\\\/2021\\\/07\\\/meydan-logo.svg\",\"width\":195,\"height\":46,\"caption\":\"Meydan TV\"},\"image\":{\"@id\":\"https:\\\/\\\/www.meydan.tv\\\/az\\\/#\\\/schema\\\/logo\\\/image\\\/\"}},{\"@type\":\"Person\",\"@id\":\"https:\\\/\\\/www.meydan.tv\\\/az\\\/#\\\/schema\\\/person\\\/8f23e01c4de63326c13c319fb65ee65d\",\"name\":\"roma\"}]}<\/script>\n<!-- \/ Yoast SEO plugin. -->","yoast_head_json":{"title":"Rusiya art\u0131q g\u00f6z\u00fcn\u00fc Moldovaya dikib? - MEYDAN.TV","robots":{"index":"index","follow":"follow","max-snippet":"max-snippet:-1","max-image-preview":"max-image-preview:large","max-video-preview":"max-video-preview:-1"},"canonical":"https:\/\/www.meydan.tv\/az\/article\/rusiya-artiq-gozunu-moldovaya-dikib\/","og_locale":"az_AZ","og_type":"article","og_title":"Rusiya art\u0131q g\u00f6z\u00fcn\u00fc Moldovaya dikib? - MEYDAN.TV","og_url":"https:\/\/www.meydan.tv\/az\/article\/rusiya-artiq-gozunu-moldovaya-dikib\/","og_site_name":"MEYDAN.TV","article_published_time":"2022-04-22T17:24:27+00:00","article_modified_time":"2022-04-22T17:24:29+00:00","og_image":[{"width":1352,"height":762,"url":"https:\/\/www.meydan.tv\/wp-content\/uploads\/screenshot-2022-04-22-at-19.22.58.png","type":"image\/png"}],"author":"roma","twitter_card":"summary_large_image","schema":{"@context":"https:\/\/schema.org","@graph":[{"@type":"Article","@id":"https:\/\/www.meydan.tv\/az\/article\/rusiya-artiq-gozunu-moldovaya-dikib\/#article","isPartOf":{"@id":"https:\/\/www.meydan.tv\/az\/article\/rusiya-artiq-gozunu-moldovaya-dikib\/"},"author":{"name":"roma","@id":"https:\/\/www.meydan.tv\/az\/#\/schema\/person\/8f23e01c4de63326c13c319fb65ee65d"},"headline":"Rusiya art\u0131q g\u00f6z\u00fcn\u00fc Moldovaya dikib?","datePublished":"2022-04-22T17:24:27+00:00","dateModified":"2022-04-22T17:24:29+00:00","mainEntityOfPage":{"@id":"https:\/\/www.meydan.tv\/az\/article\/rusiya-artiq-gozunu-moldovaya-dikib\/"},"wordCount":255,"publisher":{"@id":"https:\/\/www.meydan.tv\/az\/#organization"},"image":{"@id":"https:\/\/www.meydan.tv\/az\/article\/rusiya-artiq-gozunu-moldovaya-dikib\/#primaryimage"},"thumbnailUrl":"https:\/\/www.meydan.tv\/wp-content\/uploads\/screenshot-2022-04-22-at-19.22.58.png","articleSection":["Reportaj","Video"],"inLanguage":"az"},{"@type":"WebPage","@id":"https:\/\/www.meydan.tv\/az\/article\/rusiya-artiq-gozunu-moldovaya-dikib\/","url":"https:\/\/www.meydan.tv\/az\/article\/rusiya-artiq-gozunu-moldovaya-dikib\/","name":"Rusiya art\u0131q g\u00f6z\u00fcn\u00fc Moldovaya dikib? - MEYDAN.TV","isPartOf":{"@id":"https:\/\/www.meydan.tv\/az\/#website"},"primaryImageOfPage":{"@id":"https:\/\/www.meydan.tv\/az\/article\/rusiya-artiq-gozunu-moldovaya-dikib\/#primaryimage"},"image":{"@id":"https:\/\/www.meydan.tv\/az\/article\/rusiya-artiq-gozunu-moldovaya-dikib\/#primaryimage"},"thumbnailUrl":"https:\/\/www.meydan.tv\/wp-content\/uploads\/screenshot-2022-04-22-at-19.22.58.png","datePublished":"2022-04-22T17:24:27+00:00","dateModified":"2022-04-22T17:24:29+00:00","breadcrumb":{"@id":"https:\/\/www.meydan.tv\/az\/article\/rusiya-artiq-gozunu-moldovaya-dikib\/#breadcrumb"},"inLanguage":"az","potentialAction":[{"@type":"ReadAction","target":["https:\/\/www.meydan.tv\/az\/article\/rusiya-artiq-gozunu-moldovaya-dikib\/"]}]},{"@type":"ImageObject","inLanguage":"az","@id":"https:\/\/www.meydan.tv\/az\/article\/rusiya-artiq-gozunu-moldovaya-dikib\/#primaryimage","url":"https:\/\/www.meydan.tv\/wp-content\/uploads\/screenshot-2022-04-22-at-19.22.58.png","contentUrl":"https:\/\/www.meydan.tv\/wp-content\/uploads\/screenshot-2022-04-22-at-19.22.58.png","width":1352,"height":762},{"@type":"BreadcrumbList","@id":"https:\/\/www.meydan.tv\/az\/article\/rusiya-artiq-gozunu-moldovaya-dikib\/#breadcrumb","itemListElement":[{"@type":"ListItem","position":1,"name":"Ana s\u0259hif\u0259","item":"https:\/\/www.meydan.tv\/az\/"},{"@type":"ListItem","position":2,"name":"Video","item":"https:\/\/www.meydan.tv\/az\/section\/video-2\/"},{"@type":"ListItem","position":3,"name":"Rusiya art\u0131q g\u00f6z\u00fcn\u00fc Moldovaya dikib?"}]},{"@type":"WebSite","@id":"https:\/\/www.meydan.tv\/az\/#website","url":"https:\/\/www.meydan.tv\/az\/","name":"MEYDAN.TV","description":"Meydan TV Az\u0259rbaycan\u0131n media m\u0259kan\u0131ndak\u0131 alternativ s\u0259sidir","publisher":{"@id":"https:\/\/www.meydan.tv\/az\/#organization"},"potentialAction":[{"@type":"SearchAction","target":{"@type":"EntryPoint","urlTemplate":"https:\/\/www.meydan.tv\/az\/?s={search_term_string}"},"query-input":{"@type":"PropertyValueSpecification","valueRequired":true,"valueName":"search_term_string"}}],"inLanguage":"az"},{"@type":"Organization","@id":"https:\/\/www.meydan.tv\/az\/#organization","name":"Meydan TV","url":"https:\/\/www.meydan.tv\/az\/","logo":{"@type":"ImageObject","inLanguage":"az","@id":"https:\/\/www.meydan.tv\/az\/#\/schema\/logo\/image\/","url":"https:\/\/www.meydan.tv\/wp-content\/uploads\/2021\/07\/meydan-logo.svg","contentUrl":"https:\/\/www.meydan.tv\/wp-content\/uploads\/2021\/07\/meydan-logo.svg","width":195,"height":46,"caption":"Meydan TV"},"image":{"@id":"https:\/\/www.meydan.tv\/az\/#\/schema\/logo\/image\/"}},{"@type":"Person","@id":"https:\/\/www.meydan.tv\/az\/#\/schema\/person\/8f23e01c4de63326c13c319fb65ee65d","name":"roma"}]}},"_links":{"self":[{"href":"https:\/\/www.meydan.tv\/az\/wp-json\/wp\/v2\/posts\/242951","targetHints":{"allow":["GET"]}}],"collection":[{"href":"https:\/\/www.meydan.tv\/az\/wp-json\/wp\/v2\/posts"}],"about":[{"href":"https:\/\/www.meydan.tv\/az\/wp-json\/wp\/v2\/types\/post"}],"author":[{"embeddable":true,"href":"https:\/\/www.meydan.tv\/az\/wp-json\/wp\/v2\/users\/14"}],"replies":[{"embeddable":true,"href":"https:\/\/www.meydan.tv\/az\/wp-json\/wp\/v2\/comments?post=242951"}],"version-history":[{"count":1,"href":"https:\/\/www.meydan.tv\/az\/wp-json\/wp\/v2\/posts\/242951\/revisions"}],"predecessor-version":[{"id":242955,"href":"https:\/\/www.meydan.tv\/az\/wp-json\/wp\/v2\/posts\/242951\/revisions\/242955"}],"wp:featuredmedia":[{"embeddable":true,"href":"https:\/\/www.meydan.tv\/az\/wp-json\/wp\/v2\/media\/242952"}],"wp:attachment":[{"href":"https:\/\/www.meydan.tv\/az\/wp-json\/wp\/v2\/media?parent=242951"}],"wp:term":[{"taxonomy":"category","embeddable":true,"href":"https:\/\/www.meydan.tv\/az\/wp-json\/wp\/v2\/categories?post=242951"},{"taxonomy":"post_tag","embeddable":true,"href":"https:\/\/www.meydan.tv\/az\/wp-json\/wp\/v2\/tags?post=242951"}],"curies":[{"name":"wp","href":"https:\/\/api.w.org\/{rel}","templated":true}]}}