{"id":242949,"date":"2022-04-22T19:44:07","date_gmt":"2022-04-22T15:44:07","guid":{"rendered":"https:\/\/www.meydan.tv\/?p=242949"},"modified":"2022-04-22T19:44:09","modified_gmt":"2022-04-22T15:44:09","slug":"geleceyi-gormurem","status":"publish","type":"post","link":"https:\/\/www.meydan.tv\/az\/article\/geleceyi-gormurem\/","title":{"rendered":"\u00a0G\u0259l\u0259c\u0259yi g\u00f6rm\u00fcr\u0259m"},"content":{"rendered":"\n<p><em>M\u00f6ht\u0259r\u0259m \u00f6lk\u0259l\u0259rd\u0259 h\u00f6kum\u0259t v\u0259t\u0259nda\u015fa, v\u0259t\u0259nda\u015f h\u00f6kum\u0259t\u0259 say\u011f\u0131 il\u0259 yana\u015far\u2026<\/em><\/p>\n\n\n\n<p>G\u0259l\u0259c\u0259yi g\u00f6rm\u00fcr\u0259m dey\u0259nd\u0259 yax\u015f\u0131 g\u0259l\u0259c\u0259yi n\u0259z\u0259rd\u0259 tuturam. Pis g\u0259l\u0259c\u0259yi yax\u015f\u0131 g\u00f6r\u00fcr\u0259m. T\u0259s\u0259vv\u00fcr edin ki, d\u0259c\u0259l, t\u0259nb\u0259l, har\u0131n v\u0259 t\u0259rbiy\u0259siz u\u015fa\u011fa bax\u0131rs\u0131n\u0131z v\u0259 \u00f6z\u00fcn\u00fcz\u0259 \u201cilahi, bunun ax\u0131r\u0131 n\u0259 olacaq\u201d sual\u0131n\u0131 verirsiniz. T\u0259bii ki, bel\u0259 u\u015fa\u011f\u0131n g\u0259l\u0259c\u0259yini g\u00f6r\u00fcrs\u00fcn\u00fcz, bilirsiniz ki, bu u\u015fa\u011f\u0131n yax\u015f\u0131 g\u0259l\u0259c\u0259yi yoxdur, yek\u0259l\u0259nd\u0259, olsa-olsa, valideynini v\u0259 yax\u0131nlar\u0131n\u0131 x\u0259cil, \u00f6z\u00fcn\u00fc is\u0259 b\u0259db\u0259xt ed\u0259c\u0259k g\u0259l\u0259c\u0259yi var.<\/p>\n\n\n\n<p>Daima Az\u0259rbaycan\u0131n g\u0259l\u0259c\u0259yini d\u00fc\u015f\u00fcn\u00fcr\u0259m. \u0130st\u0259yir\u0259m ki, v\u0259t\u0259nimin ad\u0131 \u00e7i\u00e7\u0259kl\u0259n\u0259n, m\u00f6ht\u0259r\u0259m, v\u0259t\u0259nda\u015flar\u0131n\u0131n \u015f\u0259nini y\u00fcks\u0259ld\u0259n \u00f6lk\u0259l\u0259r s\u0131ras\u0131nda \u00e7\u0259kilsin. R\u0259\u011fb\u0259t b\u0259sl\u0259diyim \u0130sve\u00e7, Norve\u00e7, Danimarka, Yeni Zelandiya kimi \u00f6lk\u0259l\u0259r s\u0131ras\u0131nda g\u00f6rm\u0259k ist\u0259yir\u0259m. F\u0259q\u0259t anlay\u0131ram ki, \u00fcmidim \u00fcr\u0259yimd\u0259 qalacaq. Az\u0259rbaycan he\u00e7 c\u00fcr m\u00f6ht\u0259r\u0259m \u00f6lk\u0259l\u0259r s\u0131ras\u0131nda dura bilm\u0259y\u0259c\u0259k. Yerimiz Orta Asiya respublikalarI, Belarus, Misir kimi \u00f6lk\u0259l\u0259rin yan\u0131ndad\u0131r. Niy\u0259?<\/p>\n\n\n\n<p>\u018fhalimizin m\u0259d\u0259ni s\u0259viyy\u0259si \u00f6lk\u0259miz\u0259 y\u00fcks\u0259lm\u0259y\u0259 imkan verm\u0259z.<\/p>\n\n\n\n<p>M\u00f6ht\u0259r\u0259m \u00f6lk\u0259l\u0259rin he\u00e7 birind\u0259 se\u00e7kil\u0259r saxtala\u015fd\u0131r\u0131lm\u0131r. Bu \u00f6lk\u0259l\u0259rin he\u00e7 birind\u0259 \u0259hali bizim \u201c\u0259n\u0259n\u0259vi m\u00fcxalif\u0259t\u201d adland\u0131r\u0131lan \u00fcns\u00fcrl\u0259r\u0259 yax\u0131n durmaz. Bu \u00f6lk\u0259l\u0259rd\u0259 ham\u0131n\u0131n r\u00fc\u015fv\u0259txor v\u0259 cahil sayd\u0131\u011f\u0131 m\u0259xluqat\u0131 bizd\u0259ki kimi parlament\u0259 v\u0259 ya y\u00fcks\u0259k h\u00f6kum\u0259t v\u0259zif\u0259sin\u0259 soxu\u015fdurmazlar. M\u00f6ht\u0259r\u0259m \u00f6lk\u0259l\u0259rd\u0259 h\u00f6kum\u0259t v\u0259t\u0259nda\u015fa, v\u0259t\u0259nda\u015f h\u00f6kum\u0259t\u0259 say\u011f\u0131 il\u0259 yana\u015far, mediada he\u00e7 vaxt \u201cpolis n\u0259f\u0259rl\u0259ri m\u0259ni diz \u00fcst\u0259 \u00e7\u00f6kd\u00fcr\u00fcb be\u015f saat d\u00f6yd\u00fcl\u0259r\u201d kimi etirafa rast g\u0259l\u0259 bilm\u0259zsiniz.<\/p>\n\n\n\n<p>Amma bizd\u0259 bu, adi hald\u0131r v\u0259 buna he\u00e7 k\u0259s t\u0259\u0259cc\u00fcbl\u0259nmir. Q\u0259z\u0259bl\u0259nmir. \u00d6yr\u0259\u015fib. Bilir ki, v\u0259t\u0259nda\u015f\u0131 d\u00f6ym\u0259yi Prezident \u0130lham \u018fliyev 2003-c\u00fc ild\u0259 \u00f6z birinci se\u00e7kisini saxtala\u015fd\u0131randan sonra polis\u0259 t\u00f6vsiy\u0259 edib. Polis d\u0259 prezidentin t\u00f6vsiy\u0259sini \u0259mr\u0259 b\u0259rab\u0259r tutur v\u0259 v\u0259t\u0259nda\u015f\u0131 d\u00f6y\u00fcr, \u0259zir, soyur, i\u015fg\u0259nc\u0259 verir.<\/p>\n\n\n\n<p>Bu s\u0259b\u0259bd\u0259n Az\u0259rbaycan\u0131 m\u00f6ht\u0259r\u0259m \u00f6lk\u0259l\u0259r s\u0131ras\u0131nda g\u00f6rm\u0259k arzum \u00fcr\u0259yimd\u0259 qalacaq, d\u00fcnyadan bih\u00f6rm\u0259t \u00f6lk\u0259nin v\u0259t\u0259nda\u015f\u0131 kimi k\u00f6\u00e7\u0259c\u0259y\u0259m.<\/p>\n\n\n\n<p>V\u0259t\u0259nimizin d\u00fc\u015fd\u00fcy\u00fc a\u011f\u0131r v\u0259ziyy\u0259ti \u00e7ox m\u00fczakir\u0259 edirl\u0259r, lakin hans\u0131sa \u00fcmumi q\u0259na\u0259t\u0259 g\u0259l\u0259 bilmirl\u0259r. Bir qism insan deyir ki, g\u00fcnah \u0259halinin \u00f6z\u00fcnd\u0259dir. \u00d6z\u00fc \u00f6z qanmazl\u0131\u011f\u0131 il\u0259 imkan verib ki, h\u00f6kum\u0259t onu insan saymas\u0131n. \u201cAx\u0131 s\u0131ravi v\u0259t\u0259nda\u015f n\u0259 ed\u0259 bil\u0259r\u201d sual\u0131na hirsl\u0259 cavab verirl\u0259r ki, \u201ccan\u0131 \u00e7\u0131xs\u0131n, savadlans\u0131n, kitab oxusun, h\u00fcquqlar\u0131n\u0131 bilsin, haqq\u0131 tapdananda, \u0259ziyy\u0259t \u00e7\u0259kib m\u0259hk\u0259m\u0259y\u0259 \u015fikay\u0259t \u0259riz\u0259si yazs\u0131n, m\u0259hk\u0259m\u0259 \u00e7\u0259ki\u015fm\u0259sind\u0259n qa\u00e7mas\u0131n, t\u0259\u015fkilatlans\u0131n, qoyun s\u00fcr\u00fcs\u00fc deyil, \u015f\u00fcurlu m\u00fct\u0259\u015f\u0259kkil v\u0259t\u0259nda\u015f toplumu olsun, se\u00e7kil\u0259r\u0259 g\u0259lsin v\u0259 s\u0259sini qoruya bilsin, v\u0259t\u0259nda\u015f c\u0259miyy\u0259ti qurumlar\u0131 yarats\u0131n, siyasi partiyalara, \u00f6z\u00fc d\u0259 ab\u0131rl\u0131s\u0131na v\u0259 a\u011f\u0131ll\u0131s\u0131na yaz\u0131ls\u0131n v\u0259 h\u00fcquqlar\u0131n\u0131 dinc v\u0259 qanuni \u00fcsullarla qoruya bilsin\u201d. Cavab e\u015fid\u0259nd\u0259 ki, \u201ch\u00f6kum\u0259t ax\u0131 buna imkan verm\u0259z\u201d, lap h\u00f6vs\u0259l\u0259d\u0259n \u00e7\u0131x\u0131b sual verirl\u0259r: \u201cQarda\u015f, \u015fir g\u00f6r\u0259nd\u0259 a\u011fl\u0131na birinci hans\u0131 fikir g\u0259lir?\u201c? M\u00fcsahibi dey\u0259nd\u0259 ki, \u201ca\u011fl\u0131ma birinci can\u0131m\u0131 \u015fird\u0259n qoruyum g\u0259lir\u201d, deyirl\u0259r: \u201cAllah atana r\u0259hm\u0259t el\u0259sin, indi d\u0259 ikinci sual\u0131ma cavab ver: qar\u015f\u0131na ulaq \u00e7\u0131xsa, a\u011fl\u0131na birinci n\u0259 g\u0259l\u0259r?\u201d M\u00fcsahibi dey\u0259nd\u0259 ki, \u201ca\u011fl\u0131ma g\u0259lir n\u0259t\u0259h\u0259r el\u0259yim ki, onu minim\u201d, qeyzl\u0259 deyir ki, \u201cdi g\u0259l ula\u011f olmayaq, \u015fir olaq!\u201d<\/p>\n\n\n\n<p>Dig\u0259r qism insan is\u0259 tam f\u0259rqli dan\u0131\u015f\u0131r, deyir ki, \u201cb\u00fct\u00fcn \u00f6lk\u0259l\u0259rd\u0259 \u0259hali el\u0259 bel\u0259 bizd\u0259ki kimi avamd\u0131r, ham\u0131 havay\u0131 g\u0259lir, ya\u011fl\u0131 \u0259pp\u0259k arzusu il\u0259 qovrulur. Sad\u0259c\u0259 m\u00f6ht\u0259r\u0259m \u00f6lk\u0259l\u0259rin hakim z\u00fcmr\u0259sinin milli d\u0259y\u0259rl\u0259r\u0259 v\u0259 \u00f6zl\u0259rin\u0259 h\u00f6rm\u0259ti var, onlar he\u00e7 vaxt r\u0259va bilm\u0259zl\u0259r ki, c\u0259miyy\u0259tin g\u00f6z\u00fc g\u00f6r\u0259-g\u00f6r\u0259 xalq\u0131n qara q\u0259piyin\u0259 \u0259l uzad\u0131b \u00f6z q\u00fcrurlar\u0131n\u0131 s\u0131nd\u0131rs\u0131nlar, imkan versinl\u0259r ki, c\u0259miyy\u0259t onlar\u0131 \u015f\u0259r\u0259fsiz o\u011fru hesab etsin. Odur ki, g\u00fcnah bizim m\u0259sum v\u0259 saf \u0259halimizd\u0259 deyil, g\u00fcnah bizim sovet t\u0259rbiy\u0259si alm\u0131\u015f hakim siyasi sinfimizd\u0259dir, onlar \u201cdoydum\u201d n\u0259dir bilm\u0259d\u0259n milli s\u0259rv\u0259ti arams\u0131z talay\u0131rlar\u201d.<\/p>\n\n\n\n<p>\u00c7\u0131x\u0131\u015f yolunun m\u00fczakir\u0259sin\u0259 ke\u00e7\u0259nd\u0259 yen\u0259 yollar ha\u00e7alan\u0131r. Bir qism insan deyir ki, \u201cdemokratik v\u0259t\u0259nda\u015f olmadan demokratik c\u0259miyy\u0259t yaranmaz. Odur ki, demokratik Az\u0259rbaycan bar\u0259d\u0259 xam x\u0259yallar\u0131 tullay\u0131n k\u0259nara v\u0259 \u0259g\u0259r v\u0259t\u0259ni sevirsinizs\u0259, qollar\u0131n\u0131z\u0131 \u00e7\u0131rmalay\u0131b giri\u015fin az\u0131 y\u00fcz il \u00e7\u0259k\u0259c\u0259k \u0259n vacib i\u015f\u0259: demokratik v\u0259t\u0259nda\u015f\u0131n t\u0259rbiy\u0259sin\u0259, demokratik t\u0259sisatlar\u0131n t\u0259\u015fkilin\u0259, demokratik \u0259n\u0259n\u0259l\u0259rin t\u0259m\u0259linin qoyulmas\u0131na\u201d.<\/p>\n\n\n\n<p>Bu s\u00f6zl\u0259ri e\u015fidib o biri qism insan q\u0259z\u0259bl\u0259nir v\u0259 deyir:<\/p>\n\n\n\n<p>\u201cBo\u015f-bo\u015f dan\u0131\u015fmay\u0131n, demokratiyan\u0131 d\u0259rsl\u0259, m\u00fctali\u0259 v\u0259 t\u0259liml\u0259 yaratmazlar. Demokratiyan\u0131 zorak\u0131 \u00fcsullarla, zal\u0131mlar\u0131 devirm\u0259kl\u0259, m\u00fcst\u0259bidl\u0259ri d\u00f6y\u00fcb qovmaqla t\u0259sis ed\u0259rl\u0259r. Harada demokratiya t\u0259kam\u00fcll\u0259 g\u0259lib? B\u00fct\u00fcn demokratik d\u00f6vl\u0259tl\u0259rd\u0259 v\u0259t\u0259nda\u015flar\u0131 zor g\u00fcc\u00fcn\u0259, inqilab v\u0259 m\u00fcharib\u0259l\u0259rl\u0259 demokratik qanunlara tabe el\u0259tdiribl\u0259r. Kim? Demokratiyan\u0131 \u00f6zl\u0259rin\u0259 ali d\u0259y\u0259r se\u00e7mi\u015f \u0259qid\u0259li demokratlar!\u201d<\/p>\n\n\n\n<p>El\u0259 bu yerd\u0259 \u0259vv\u0259lki qism insan g\u00fcl\u00fc\u015f\u00fcb inqilabi demokratlar\u0131 la\u011fa qoyurlar:<\/p>\n\n\n\n<p>\u201cAy-hay, birc\u0259 d\u0259n\u0259 zorla qurulmu\u015f u\u011furlu demokratiya g\u00f6st\u0259rin. Almaniya v\u0259 Yaponiya ona g\u00f6r\u0259 demokratikdir ki, orada AB\u015e-\u0131n i\u015f\u011fal\u00e7\u0131 ordusu yerl\u0259\u015fib v\u0259 c\u0131z\u0131\u011f\u0131ndan \u00e7\u0131xan\u0131n g\u00f6z\u00fcn\u00fc t\u00f6k\u00fcr. G\u00fcrc\u00fcstan\u0131n v\u0259 Erm\u0259nistan\u0131n demokratik aqib\u0259tin\u0259 sevinm\u0259k yox, a\u011flamaq laz\u0131md\u0131r. Ukrayna demokratiyas\u0131 g\u00f6z \u00f6n\u00fcnd\u0259. H\u0259l\u0259 bilm\u0259k olmaz, Amerika demokratiyas\u0131n\u0131n s\u0259mti hayanad\u0131r, ax\u0131r vaxtlar x\u0259rifl\u0259yib sosializmd\u0259n d\u0259m vurma\u011fa ba\u015flay\u0131blar, sift\u0259sini ke\u00e7\u0259n se\u00e7kil\u0259rd\u0259 edibl\u0259r. Odur ki, yegan\u0259 yol demokratik v\u0259t\u0259nda\u015f yeti\u015fdirm\u0259kd\u0259n v\u0259 t\u0259sisatlar\u0131n qurulmas\u0131ndan ke\u00e7ir\u201d.<\/p>\n\n\n\n<p>M\u00fcxt\u0259s\u0259r, q\u0131r\u0131rlar bir-birini.<\/p>\n\n\n\n<p>Onlar bir-birini q\u0131rmaqda olsun, siz\u0259 kimd\u0259n deyim, n\u0259d\u0259n deyim, v\u0259t\u0259nimizin yax\u0131n g\u0259l\u0259c\u0259yi haqq\u0131nda bir \u00f6nc\u0259g\u00f6rm\u0259mi deyim. Ne\u00e7\u0259 k\u0259r\u0259 yazm\u0131\u015fam ki, Az\u0259rbaycan\u0131 d\u00f6vl\u0259t ed\u0259n \u0259n m\u00fch\u00fcm amil n\u00f6y\u00fctd\u00fcr. N\u00f6y\u00fct pullar\u0131 olmasa, Az\u0259rbaycan da\u011f\u0131lar, \u0259halimizin bir hiss\u0259si \u015fimala, o biri hiss\u0259si c\u0259nuba \u00fcz tutar. Bu n\u00f6y\u00fct pullar\u0131 \u0259halimizi \u00e7\u0259ll\u0259yi d\u0259mir halqalar saxlad\u0131\u011f\u0131 kimi saxlay\u0131r. K\u00fclli-\u0259hli-Az\u0259rbaycan naqqa bal\u0131q kimi a\u011fz\u0131n\u0131 a\u00e7\u0131b g\u00f6zl\u0259yir ki, ingilisl\u0259r n\u00f6y\u00fct\u00fc \u00e7\u0131xar\u0131b-da\u015f\u0131y\u0131b-sat\u0131b-versin bizim h\u00f6kum\u0259t\u0259, o da \u201cMalinovkada toy\u201dun q\u0259hr\u0259man\u0131 Papandopulo kimi, g\u0259liri pay-pu\u015f ed\u0259nd\u0259n sonra qal\u0131\u011f\u0131n\u0131 \u00f6t\u00fcrs\u00fcn qara camaata.<\/p>\n\n\n\n<p>B\u0259li, v\u0259t\u0259nimizin tarixinin son 150 ili n\u00f6y\u00fctl\u0259 ba\u011fl\u0131d\u0131r. Bu 150 ilin son 30 ilinin c\u00f6vh\u0259ri: siyasi d\u00f6y\u00fc\u015fl\u0259r, k\u00fctl\u0259 t\u0259lat\u00fcml\u0259ri, mitinql\u0259r, ba\u011f\u0131rt\u0131lar v\u0259 hayq\u0131rt\u0131lar, \u00e7evrili\u015fl\u0259r v\u0259 \u0259ks-\u00e7evrili\u015fl\u0259r n\u00f6y\u00fctl\u0259, daha do\u011frusu, n\u00f6y\u00fct pullar\u0131 il\u0259 izah olunur. Bu son 30 ild\u0259 bu v\u0259t\u0259nd\u0259 ya\u015fayan \u0259hali, ist\u0259r t\u00fcrkdilli olsun, ist\u0259r rusdilli v\u0259 ya ingilisdilli, d\u00fcnya bazar\u0131na birc\u0259 d\u0259n\u0259 r\u0259qab\u0259t\u0259 davaml\u0131 elmtutumlu m\u0259hsul \u00e7\u0131xara bilm\u0259yib. V\u0259 \u0259g\u0259r hadis\u0259l\u0259r \u0259vv\u0259lki minvalla c\u0259r\u0259yan ets\u0259, yax\u0131n 15-20 ild\u0259n sonra n\u00f6y\u00fct azalacaq v\u0259 milli v\u0259t\u0259np\u0259rv\u0259rlik v\u0259 milli v\u0259t\u0259n\u015fiv\u0259nlik hissl\u0259rini alovland\u0131rmaq \u00fc\u00e7\u00fcn d\u0259xi yanacaq \u00e7atmayacaq. Onda n\u0259 olacaq, sonras\u0131n\u0131 \u00f6z\u00fcn\u00fcz d\u00fc\u015f\u00fcn\u00fcn.<\/p>\n\n\n\n<p>H\u0259l\u0259liks\u0259 \u201cAZAL\u201d\u0131 Cahangir \u018fsg\u0259rov, \u201cAZ\u018fRD\u018fM\u0130RYOL\u201du Cavid Qurbanov,\u201cAZ\u018fRSU\u201d-nu K\u00f6\u00e7\u0259rli H\u0259s\u0259nov, \u201cAZ\u018fR\u0130\u015eIQ\u201d\u0131 V\u00fcqar \u018fhm\u0259dov, SOCAR-\u0131 R\u00f6v\u015f\u0259n N\u0259c\u0259f v\u0259 sair\u0259 d\u00f6vl\u0259t m\u00fc\u0259ssis\u0259l\u0259rini bu zatlardan he\u00e7 n\u0259 il\u0259 f\u0259rql\u0259nm\u0259y\u0259n m\u0259murlar idar\u0259 edirl\u0259r. El\u0259 idar\u0259 edirl\u0259r ki, bu m\u00fc\u0259ssis\u0259l\u0259ri ayaq \u00fcst\u0259 saxlamaq \u00fc\u00e7\u00fcn prezident h\u0259r il D\u00f6vl\u0259t neft Fondundan arams\u0131z v\u0259sait ax\u0131n\u0131n\u0131 \u00f6z \u0259ziz-x\u0259l\u0259f v\u0259 say-se\u00e7m\u0259 yax\u0131nlar\u0131na y\u00f6n\u0259ldir. S\u00f6z\u00fcm\u00fcn can\u0131 odur ki, n\u00f6y\u00fct pullar\u0131 t\u00fck\u0259nm\u0259y\u0259 ba\u015flayanda \u0259b\u0259s yer\u0259 bu m\u00fc\u0259ssis\u0259l\u0259rd\u0259n camaat\u0131 doland\u0131ra bil\u0259c\u0259k g\u0259lir g\u00f6zl\u0259m\u0259yin.<\/p>\n\n\n\n<p>\u0130ndi d\u00fcnya bazarlar\u0131nda c\u00f6vlan ed\u0259n, m\u0259hsulu il\u0259 \u00f6z \u00f6lk\u0259l\u0259rinin b\u00fcdc\u0259sini v\u0259 v\u0259t\u0259nda\u015flar\u0131n\u0131n cibini dolduran \u00f6lk\u0259l\u0259rin ham\u0131s\u0131 modernl\u0259\u015fm\u0259 \u0259m\u0259liyyat\u0131ndan ke\u00e7ibl\u0259r. Y\u0259ni bu \u00f6lk\u0259l\u0259rd\u0259 siyasi islahat apar\u0131b demokratiya qurublar, bu \u00f6lk\u0259l\u0259rd\u0259 azad r\u0259qab\u0259t \u0259sas\u0131nda bacar\u0131ql\u0131 i\u015fbazlar bacar\u0131qs\u0131z i\u015fbazlar\u0131 \u0259vv\u0259l daxili bazardan, sonra is\u0259 xarici bazardan s\u0131x\u0131\u015fd\u0131r\u0131b \u00e7\u0131xar\u0131blar, bu \u00f6lk\u0259l\u0259rin v\u0259t\u0259nda\u015flar\u0131 tarixi xurafatdan xilas olub d\u0259xi siyasi na\u011f\u0131llara inanm\u0131rlar.<\/p>\n\n\n\n<p>Az\u0259rbaycanda, \u201cqurban olum M\u0259h\u0259mm\u0259din \u015f\u0259ri\u0259tin\u0259\u201c, daha d\u0259qiq des\u0259m, qurban olaq AZ.TV-nin na\u011f\u0131llar\u0131na, modernl\u0259\u015fm\u0259 t\u0259l\u0259bi v\u0259 ya c\u0259hdi d\u00f6vl\u0259t\u0259 x\u0259yan\u0259t hesab edilir. Kim ki, s\u0259hv edib h\u0259qiq\u0259ti dilin\u0259 g\u0259tirir, onun iki g\u00f6z\u00fcn\u00fc bir de\u015fikd\u0259n ovub t\u00f6k\u00fcrl\u0259r. Nec\u0259? N\u0259 \u00e7oxdur \u00fcsuli-c\u0259did! Polis cibin\u0259 narkotik at\u0131r, muzdlu t\u0259xribat\u00e7\u0131 guya ki, d\u00f6y\u00fcl\u00fcr, ya b\u0131\u00e7aqlan\u0131r, \u0259g\u0259r savadl\u0131 v\u0259 t\u0259miz siyas\u0259t\u00e7i \u00fcz\u0259 qalx\u0131rsa, \u0259n\u0259n\u0259vi m\u00fcxalif\u0259tin qul-be\u00e7\u0259l\u0259rini onun \u00fcst\u00fcn\u0259 q\u0131sq\u0131rd\u0131rlar v\u0259 r\u00fcsvayi-cahan edirl\u0259r, ruzusu m\u0259vacibd\u0259n \u00e7\u0131x\u0131rsa, i\u015fd\u0259n qovurlar, \u0259g\u0259r ki\u00e7ik sahibkard\u0131rsa, qurdu\u011fu i\u015fi yerl\u0259-yeksan edirl\u0259r.<\/p>\n\n\n\n<p>T\u0259ki Az\u0259rbaycan\u0131 ya\u011fmalamaq h\u00fcququna he\u00e7 k\u0259s q\u0259sd etm\u0259sin! Bu d\u00f6vl\u0259t biz\u0259 d\u0259d\u0259mizd\u0259n qal\u0131b! Nec\u0259 ist\u0259s\u0259k, o c\u00fcr d\u0259 talan ed\u0259rik!<\/p>\n\n\n\n<p>Xalq? Hans\u0131 xalq? Xalq n\u0259 g\u0259zir? Bu m\u0259xluqata xalq deyirsiniz? Onun \u00fc\u00e7\u00fcn g\u00f6z ya\u015f\u0131 t\u00f6k\u00fcrs\u00fcn\u00fcz? Onun d\u0259rdin\u0259 a\u011flay\u0131rs\u0131n\u0131z?<\/p>\n\n\n\n<p>Bu d\u0259qiq\u0259 bu xalqa dey\u0259r\u0259m, ver\u0259r d\u0259rsinizi!!!<\/p>\n","protected":false},"excerpt":{"rendered":"<p>M\u00f6ht\u0259r\u0259m \u00f6lk\u0259l\u0259rd\u0259 h\u00f6kum\u0259t v\u0259t\u0259nda\u015fa, v\u0259t\u0259nda\u015f h\u00f6kum\u0259t\u0259 say\u011f\u0131 il\u0259 yana\u015far\u2026 G\u0259l\u0259c\u0259yi &#8230; <\/p>\n<p class=\"read-more-container\"><a title=\"\u00a0G\u0259l\u0259c\u0259yi g\u00f6rm\u00fcr\u0259m\" class=\"read-more button\" href=\"https:\/\/www.meydan.tv\/az\/article\/geleceyi-gormurem\/#more-242949\" aria-label=\"Read more about \u00a0G\u0259l\u0259c\u0259yi g\u00f6rm\u00fcr\u0259m\">Davam\u0131<\/a><\/p>\n","protected":false},"author":14,"featured_media":126823,"comment_status":"closed","ping_status":"closed","sticky":false,"template":"","format":"standard","meta":{"_acf_changed":false,"_sitemap_exclude":false,"_sitemap_priority":"","_sitemap_frequency":"","footnotes":""},"categories":[57],"tags":[],"class_list":["post-242949","post","type-post","status-publish","format-standard","has-post-thumbnail","hentry","category-menim-fikrimce","infinite-scroll-item","generate-columns","tablet-grid-50","mobile-grid-100","grid-parent","grid-33","no-featured-image-padding"],"acf":[],"yoast_head":"<!-- This site is optimized with the Yoast SEO plugin v27.4 - https:\/\/yoast.com\/product\/yoast-seo-wordpress\/ -->\n<title>\u00a0G\u0259l\u0259c\u0259yi g\u00f6rm\u00fcr\u0259m - MEYDAN.TV<\/title>\n<meta name=\"robots\" content=\"index, follow, max-snippet:-1, max-image-preview:large, max-video-preview:-1\" \/>\n<link rel=\"canonical\" href=\"https:\/\/www.meydan.tv\/az\/article\/geleceyi-gormurem\/\" \/>\n<meta property=\"og:locale\" content=\"az_AZ\" \/>\n<meta property=\"og:type\" content=\"article\" \/>\n<meta property=\"og:title\" content=\"\u00a0G\u0259l\u0259c\u0259yi g\u00f6rm\u00fcr\u0259m - MEYDAN.TV\" \/>\n<meta property=\"og:description\" content=\"M\u00f6ht\u0259r\u0259m \u00f6lk\u0259l\u0259rd\u0259 h\u00f6kum\u0259t v\u0259t\u0259nda\u015fa, v\u0259t\u0259nda\u015f h\u00f6kum\u0259t\u0259 say\u011f\u0131 il\u0259 yana\u015far\u2026 G\u0259l\u0259c\u0259yi ... Davam\u0131\" \/>\n<meta property=\"og:url\" content=\"https:\/\/www.meydan.tv\/az\/article\/geleceyi-gormurem\/\" \/>\n<meta property=\"og:site_name\" content=\"MEYDAN.TV\" \/>\n<meta property=\"article:published_time\" content=\"2022-04-22T15:44:07+00:00\" \/>\n<meta property=\"article:modified_time\" content=\"2022-04-22T15:44:09+00:00\" \/>\n<meta property=\"og:image\" content=\"https:\/\/www.meydan.tv\/wp-content\/uploads\/image_from_ios_2_p52ittc.original.original-scaled-e1645163166726.jpg\" \/>\n\t<meta property=\"og:image:width\" content=\"2560\" \/>\n\t<meta property=\"og:image:height\" content=\"1292\" \/>\n\t<meta property=\"og:image:type\" content=\"image\/jpeg\" \/>\n<meta name=\"author\" content=\"roma\" \/>\n<meta name=\"twitter:card\" content=\"summary_large_image\" \/>\n<script type=\"application\/ld+json\" class=\"yoast-schema-graph\">{\"@context\":\"https:\\\/\\\/schema.org\",\"@graph\":[{\"@type\":\"Article\",\"@id\":\"https:\\\/\\\/www.meydan.tv\\\/az\\\/article\\\/geleceyi-gormurem\\\/#article\",\"isPartOf\":{\"@id\":\"https:\\\/\\\/www.meydan.tv\\\/az\\\/article\\\/geleceyi-gormurem\\\/\"},\"author\":{\"name\":\"roma\",\"@id\":\"https:\\\/\\\/www.meydan.tv\\\/az\\\/#\\\/schema\\\/person\\\/8f23e01c4de63326c13c319fb65ee65d\"},\"headline\":\"\u00a0G\u0259l\u0259c\u0259yi g\u00f6rm\u00fcr\u0259m\",\"datePublished\":\"2022-04-22T15:44:07+00:00\",\"dateModified\":\"2022-04-22T15:44:09+00:00\",\"mainEntityOfPage\":{\"@id\":\"https:\\\/\\\/www.meydan.tv\\\/az\\\/article\\\/geleceyi-gormurem\\\/\"},\"wordCount\":2045,\"publisher\":{\"@id\":\"https:\\\/\\\/www.meydan.tv\\\/az\\\/#organization\"},\"image\":{\"@id\":\"https:\\\/\\\/www.meydan.tv\\\/az\\\/article\\\/geleceyi-gormurem\\\/#primaryimage\"},\"thumbnailUrl\":\"https:\\\/\\\/www.meydan.tv\\\/wp-content\\\/uploads\\\/image_from_ios_2_p52ittc.original.original-scaled-e1682070233838.jpg\",\"articleSection\":[\"M\u0259nim Fikrimc\u0259\"],\"inLanguage\":\"az\"},{\"@type\":\"WebPage\",\"@id\":\"https:\\\/\\\/www.meydan.tv\\\/az\\\/article\\\/geleceyi-gormurem\\\/\",\"url\":\"https:\\\/\\\/www.meydan.tv\\\/az\\\/article\\\/geleceyi-gormurem\\\/\",\"name\":\"\u00a0G\u0259l\u0259c\u0259yi g\u00f6rm\u00fcr\u0259m - MEYDAN.TV\",\"isPartOf\":{\"@id\":\"https:\\\/\\\/www.meydan.tv\\\/az\\\/#website\"},\"primaryImageOfPage\":{\"@id\":\"https:\\\/\\\/www.meydan.tv\\\/az\\\/article\\\/geleceyi-gormurem\\\/#primaryimage\"},\"image\":{\"@id\":\"https:\\\/\\\/www.meydan.tv\\\/az\\\/article\\\/geleceyi-gormurem\\\/#primaryimage\"},\"thumbnailUrl\":\"https:\\\/\\\/www.meydan.tv\\\/wp-content\\\/uploads\\\/image_from_ios_2_p52ittc.original.original-scaled-e1682070233838.jpg\",\"datePublished\":\"2022-04-22T15:44:07+00:00\",\"dateModified\":\"2022-04-22T15:44:09+00:00\",\"breadcrumb\":{\"@id\":\"https:\\\/\\\/www.meydan.tv\\\/az\\\/article\\\/geleceyi-gormurem\\\/#breadcrumb\"},\"inLanguage\":\"az\",\"potentialAction\":[{\"@type\":\"ReadAction\",\"target\":[\"https:\\\/\\\/www.meydan.tv\\\/az\\\/article\\\/geleceyi-gormurem\\\/\"]}]},{\"@type\":\"ImageObject\",\"inLanguage\":\"az\",\"@id\":\"https:\\\/\\\/www.meydan.tv\\\/az\\\/article\\\/geleceyi-gormurem\\\/#primaryimage\",\"url\":\"https:\\\/\\\/www.meydan.tv\\\/wp-content\\\/uploads\\\/image_from_ios_2_p52ittc.original.original-scaled-e1682070233838.jpg\",\"contentUrl\":\"https:\\\/\\\/www.meydan.tv\\\/wp-content\\\/uploads\\\/image_from_ios_2_p52ittc.original.original-scaled-e1682070233838.jpg\",\"width\":2560,\"height\":1158,\"caption\":\"Foto: Meydan TV\"},{\"@type\":\"BreadcrumbList\",\"@id\":\"https:\\\/\\\/www.meydan.tv\\\/az\\\/article\\\/geleceyi-gormurem\\\/#breadcrumb\",\"itemListElement\":[{\"@type\":\"ListItem\",\"position\":1,\"name\":\"Ana s\u0259hif\u0259\",\"item\":\"https:\\\/\\\/www.meydan.tv\\\/az\\\/\"},{\"@type\":\"ListItem\",\"position\":2,\"name\":\"M\u0259nim Fikrimc\u0259\",\"item\":\"https:\\\/\\\/www.meydan.tv\\\/az\\\/section\\\/menim-fikrimce\\\/\"},{\"@type\":\"ListItem\",\"position\":3,\"name\":\"\u00a0G\u0259l\u0259c\u0259yi g\u00f6rm\u00fcr\u0259m\"}]},{\"@type\":\"WebSite\",\"@id\":\"https:\\\/\\\/www.meydan.tv\\\/az\\\/#website\",\"url\":\"https:\\\/\\\/www.meydan.tv\\\/az\\\/\",\"name\":\"MEYDAN.TV\",\"description\":\"Meydan TV Az\u0259rbaycan\u0131n media m\u0259kan\u0131ndak\u0131 alternativ s\u0259sidir\",\"publisher\":{\"@id\":\"https:\\\/\\\/www.meydan.tv\\\/az\\\/#organization\"},\"potentialAction\":[{\"@type\":\"SearchAction\",\"target\":{\"@type\":\"EntryPoint\",\"urlTemplate\":\"https:\\\/\\\/www.meydan.tv\\\/az\\\/?s={search_term_string}\"},\"query-input\":{\"@type\":\"PropertyValueSpecification\",\"valueRequired\":true,\"valueName\":\"search_term_string\"}}],\"inLanguage\":\"az\"},{\"@type\":\"Organization\",\"@id\":\"https:\\\/\\\/www.meydan.tv\\\/az\\\/#organization\",\"name\":\"Meydan TV\",\"url\":\"https:\\\/\\\/www.meydan.tv\\\/az\\\/\",\"logo\":{\"@type\":\"ImageObject\",\"inLanguage\":\"az\",\"@id\":\"https:\\\/\\\/www.meydan.tv\\\/az\\\/#\\\/schema\\\/logo\\\/image\\\/\",\"url\":\"https:\\\/\\\/www.meydan.tv\\\/wp-content\\\/uploads\\\/2021\\\/07\\\/meydan-logo.svg\",\"contentUrl\":\"https:\\\/\\\/www.meydan.tv\\\/wp-content\\\/uploads\\\/2021\\\/07\\\/meydan-logo.svg\",\"width\":195,\"height\":46,\"caption\":\"Meydan TV\"},\"image\":{\"@id\":\"https:\\\/\\\/www.meydan.tv\\\/az\\\/#\\\/schema\\\/logo\\\/image\\\/\"}},{\"@type\":\"Person\",\"@id\":\"https:\\\/\\\/www.meydan.tv\\\/az\\\/#\\\/schema\\\/person\\\/8f23e01c4de63326c13c319fb65ee65d\",\"name\":\"roma\"}]}<\/script>\n<!-- \/ Yoast SEO plugin. -->","yoast_head_json":{"title":"\u00a0G\u0259l\u0259c\u0259yi g\u00f6rm\u00fcr\u0259m - MEYDAN.TV","robots":{"index":"index","follow":"follow","max-snippet":"max-snippet:-1","max-image-preview":"max-image-preview:large","max-video-preview":"max-video-preview:-1"},"canonical":"https:\/\/www.meydan.tv\/az\/article\/geleceyi-gormurem\/","og_locale":"az_AZ","og_type":"article","og_title":"\u00a0G\u0259l\u0259c\u0259yi g\u00f6rm\u00fcr\u0259m - MEYDAN.TV","og_description":"M\u00f6ht\u0259r\u0259m \u00f6lk\u0259l\u0259rd\u0259 h\u00f6kum\u0259t v\u0259t\u0259nda\u015fa, v\u0259t\u0259nda\u015f h\u00f6kum\u0259t\u0259 say\u011f\u0131 il\u0259 yana\u015far\u2026 G\u0259l\u0259c\u0259yi ... Davam\u0131","og_url":"https:\/\/www.meydan.tv\/az\/article\/geleceyi-gormurem\/","og_site_name":"MEYDAN.TV","article_published_time":"2022-04-22T15:44:07+00:00","article_modified_time":"2022-04-22T15:44:09+00:00","og_image":[{"width":2560,"height":1292,"url":"https:\/\/www.meydan.tv\/wp-content\/uploads\/image_from_ios_2_p52ittc.original.original-scaled-e1645163166726.jpg","type":"image\/jpeg"}],"author":"roma","twitter_card":"summary_large_image","schema":{"@context":"https:\/\/schema.org","@graph":[{"@type":"Article","@id":"https:\/\/www.meydan.tv\/az\/article\/geleceyi-gormurem\/#article","isPartOf":{"@id":"https:\/\/www.meydan.tv\/az\/article\/geleceyi-gormurem\/"},"author":{"name":"roma","@id":"https:\/\/www.meydan.tv\/az\/#\/schema\/person\/8f23e01c4de63326c13c319fb65ee65d"},"headline":"\u00a0G\u0259l\u0259c\u0259yi g\u00f6rm\u00fcr\u0259m","datePublished":"2022-04-22T15:44:07+00:00","dateModified":"2022-04-22T15:44:09+00:00","mainEntityOfPage":{"@id":"https:\/\/www.meydan.tv\/az\/article\/geleceyi-gormurem\/"},"wordCount":2045,"publisher":{"@id":"https:\/\/www.meydan.tv\/az\/#organization"},"image":{"@id":"https:\/\/www.meydan.tv\/az\/article\/geleceyi-gormurem\/#primaryimage"},"thumbnailUrl":"https:\/\/www.meydan.tv\/wp-content\/uploads\/image_from_ios_2_p52ittc.original.original-scaled-e1682070233838.jpg","articleSection":["M\u0259nim Fikrimc\u0259"],"inLanguage":"az"},{"@type":"WebPage","@id":"https:\/\/www.meydan.tv\/az\/article\/geleceyi-gormurem\/","url":"https:\/\/www.meydan.tv\/az\/article\/geleceyi-gormurem\/","name":"\u00a0G\u0259l\u0259c\u0259yi g\u00f6rm\u00fcr\u0259m - MEYDAN.TV","isPartOf":{"@id":"https:\/\/www.meydan.tv\/az\/#website"},"primaryImageOfPage":{"@id":"https:\/\/www.meydan.tv\/az\/article\/geleceyi-gormurem\/#primaryimage"},"image":{"@id":"https:\/\/www.meydan.tv\/az\/article\/geleceyi-gormurem\/#primaryimage"},"thumbnailUrl":"https:\/\/www.meydan.tv\/wp-content\/uploads\/image_from_ios_2_p52ittc.original.original-scaled-e1682070233838.jpg","datePublished":"2022-04-22T15:44:07+00:00","dateModified":"2022-04-22T15:44:09+00:00","breadcrumb":{"@id":"https:\/\/www.meydan.tv\/az\/article\/geleceyi-gormurem\/#breadcrumb"},"inLanguage":"az","potentialAction":[{"@type":"ReadAction","target":["https:\/\/www.meydan.tv\/az\/article\/geleceyi-gormurem\/"]}]},{"@type":"ImageObject","inLanguage":"az","@id":"https:\/\/www.meydan.tv\/az\/article\/geleceyi-gormurem\/#primaryimage","url":"https:\/\/www.meydan.tv\/wp-content\/uploads\/image_from_ios_2_p52ittc.original.original-scaled-e1682070233838.jpg","contentUrl":"https:\/\/www.meydan.tv\/wp-content\/uploads\/image_from_ios_2_p52ittc.original.original-scaled-e1682070233838.jpg","width":2560,"height":1158,"caption":"Foto: Meydan TV"},{"@type":"BreadcrumbList","@id":"https:\/\/www.meydan.tv\/az\/article\/geleceyi-gormurem\/#breadcrumb","itemListElement":[{"@type":"ListItem","position":1,"name":"Ana s\u0259hif\u0259","item":"https:\/\/www.meydan.tv\/az\/"},{"@type":"ListItem","position":2,"name":"M\u0259nim Fikrimc\u0259","item":"https:\/\/www.meydan.tv\/az\/section\/menim-fikrimce\/"},{"@type":"ListItem","position":3,"name":"\u00a0G\u0259l\u0259c\u0259yi g\u00f6rm\u00fcr\u0259m"}]},{"@type":"WebSite","@id":"https:\/\/www.meydan.tv\/az\/#website","url":"https:\/\/www.meydan.tv\/az\/","name":"MEYDAN.TV","description":"Meydan TV Az\u0259rbaycan\u0131n media m\u0259kan\u0131ndak\u0131 alternativ s\u0259sidir","publisher":{"@id":"https:\/\/www.meydan.tv\/az\/#organization"},"potentialAction":[{"@type":"SearchAction","target":{"@type":"EntryPoint","urlTemplate":"https:\/\/www.meydan.tv\/az\/?s={search_term_string}"},"query-input":{"@type":"PropertyValueSpecification","valueRequired":true,"valueName":"search_term_string"}}],"inLanguage":"az"},{"@type":"Organization","@id":"https:\/\/www.meydan.tv\/az\/#organization","name":"Meydan TV","url":"https:\/\/www.meydan.tv\/az\/","logo":{"@type":"ImageObject","inLanguage":"az","@id":"https:\/\/www.meydan.tv\/az\/#\/schema\/logo\/image\/","url":"https:\/\/www.meydan.tv\/wp-content\/uploads\/2021\/07\/meydan-logo.svg","contentUrl":"https:\/\/www.meydan.tv\/wp-content\/uploads\/2021\/07\/meydan-logo.svg","width":195,"height":46,"caption":"Meydan TV"},"image":{"@id":"https:\/\/www.meydan.tv\/az\/#\/schema\/logo\/image\/"}},{"@type":"Person","@id":"https:\/\/www.meydan.tv\/az\/#\/schema\/person\/8f23e01c4de63326c13c319fb65ee65d","name":"roma"}]}},"_links":{"self":[{"href":"https:\/\/www.meydan.tv\/az\/wp-json\/wp\/v2\/posts\/242949","targetHints":{"allow":["GET"]}}],"collection":[{"href":"https:\/\/www.meydan.tv\/az\/wp-json\/wp\/v2\/posts"}],"about":[{"href":"https:\/\/www.meydan.tv\/az\/wp-json\/wp\/v2\/types\/post"}],"author":[{"embeddable":true,"href":"https:\/\/www.meydan.tv\/az\/wp-json\/wp\/v2\/users\/14"}],"replies":[{"embeddable":true,"href":"https:\/\/www.meydan.tv\/az\/wp-json\/wp\/v2\/comments?post=242949"}],"version-history":[{"count":2,"href":"https:\/\/www.meydan.tv\/az\/wp-json\/wp\/v2\/posts\/242949\/revisions"}],"predecessor-version":[{"id":244140,"href":"https:\/\/www.meydan.tv\/az\/wp-json\/wp\/v2\/posts\/242949\/revisions\/244140"}],"wp:featuredmedia":[{"embeddable":true,"href":"https:\/\/www.meydan.tv\/az\/wp-json\/wp\/v2\/media\/126823"}],"wp:attachment":[{"href":"https:\/\/www.meydan.tv\/az\/wp-json\/wp\/v2\/media?parent=242949"}],"wp:term":[{"taxonomy":"category","embeddable":true,"href":"https:\/\/www.meydan.tv\/az\/wp-json\/wp\/v2\/categories?post=242949"},{"taxonomy":"post_tag","embeddable":true,"href":"https:\/\/www.meydan.tv\/az\/wp-json\/wp\/v2\/tags?post=242949"}],"curies":[{"name":"wp","href":"https:\/\/api.w.org\/{rel}","templated":true}]}}