{"id":242741,"date":"2022-04-21T19:48:44","date_gmt":"2022-04-21T15:48:44","guid":{"rendered":"https:\/\/www.meydan.tv\/?p=242741"},"modified":"2022-04-21T19:48:45","modified_gmt":"2022-04-21T15:48:45","slug":"samir-asurov-baresinde-hebs-qetimkan-tedbiri-secilib","status":"publish","type":"post","link":"https:\/\/www.meydan.tv\/az\/article\/samir-asurov-baresinde-hebs-qetimkan-tedbiri-secilib\/","title":{"rendered":"Samir A\u015furov bar\u0259sind\u0259 h\u0259bs q\u0259timkan t\u0259dbiri se\u00e7ilib"},"content":{"rendered":"\n<figure class=\"wp-block-embed is-type-video is-provider-youtube wp-block-embed-youtube wp-embed-aspect-16-9 wp-has-aspect-ratio\"><div class=\"wp-block-embed__wrapper\">\n<iframe title=\"Almaniyadan qaytar\u0131lan m\u00fchacir Samir A\u015furov b\u0131\u00e7aqlama ittiham\u0131 il\u0259 h\u0259bs edilib\" width=\"1200\" height=\"675\" data-src=\"https:\/\/www.youtube.com\/embed\/pr1bNyIdLy4?feature=oembed\" frameborder=\"0\" allow=\"accelerometer; autoplay; clipboard-write; encrypted-media; gyroscope; picture-in-picture\" allowfullscreen src=\"data:image\/svg+xml;base64,PHN2ZyB3aWR0aD0iMSIgaGVpZ2h0PSIxIiB4bWxucz0iaHR0cDovL3d3dy53My5vcmcvMjAwMC9zdmciPjwvc3ZnPg==\" class=\"lazyload\" data-load-mode=\"1\"><\/iframe>\n<\/div><\/figure>\n\n\n\n<!--more-->\n\n\n\n<p><em>Siyasi f\u0259al acl\u0131q aksiyas\u0131na ba\u015flay\u0131b<\/em><\/p>\n\n\n\n<p>Mart\u0131n 29-da Almaniyadan deportasiya edil\u0259r\u0259k Az\u0259rbaycana qaytar\u0131lan v\u0259 aprelin 19-da Bak\u0131da saxlan\u0131lan Samir A\u015furov bar\u0259sind\u0259 h\u0259bs q\u0259rar\u0131 \u00e7\u0131xar\u0131l\u0131b. Aprelin 21-d\u0259 Nizami Rayon M\u0259hk\u0259m\u0259sind\u0259 onun bar\u0259sind\u0259 ilkin istintaq d\u00f6vr\u00fc \u00fc\u00e7\u00fcn 4 ayl\u0131q h\u0259bs q\u0259timkan t\u0259dbiri se\u00e7ilib.<\/p>\n\n\n\n<p>Samir A\u015furovun v\u0259kili Zibeyd\u0259 Sad\u0131qovan\u0131n verdiyi m\u0259lumata g\u00f6r\u0259, q\u0259sd\u0259n b\u0259d\u0259n\u0259 a\u011f\u0131r x\u0259sar\u0259t yetirm\u0259kd\u0259 ittiham olunan m\u00fcv\u0259kkili bu ittiham\u0131 q\u0259bul etm\u0259yib. \u00d6z\u00fcn\u00fc t\u0259qsirli bilm\u0259diyini vur\u011fulayan A\u015furov deyib ki, \u00fcmumiyy\u0259tl\u0259, \u00fcst\u00fcnd\u0259 b\u0131\u00e7aq olmay\u0131b. Cinay\u0259t predmeti oldu\u011fu iddia edil\u0259n b\u0131\u00e7a\u011f\u0131 zorla onun cibin\u0259 qoyublar.<\/p>\n\n\n\n<p>Siyasi sifari\u015fl\u0259 h\u0259bs olundu\u011funu bildir\u0259n Samir A\u015furov \u0259lav\u0259 edib ki, qanunsuz h\u0259bsin\u0259 etiraz olaraq, acl\u0131q aksiyas\u0131na ba\u015flay\u0131b.<\/p>\n\n\n\n<p>V\u0259kil is\u0259 Nizami Rayon M\u0259hk\u0259m\u0259sinin q\u0259rar\u0131ndan apelyasiya \u015fikay\u0259ti ver\u0259c\u0259k.<\/p>\n\n\n\n<p>Samir A\u015furov h\u0259l\u0259 Az\u0259rbaycana qaytar\u0131ld\u0131\u011f\u0131 ilk g\u00fcnl\u0259rd\u0259 h\u0259bs t\u0259hl\u00fck\u0259si alt\u0131nda oldu\u011fu haqda d\u0259f\u0259l\u0259rl\u0259 sosial media hesab\u0131nda yazm\u0131\u015fd\u0131. O, v\u0259kilin\u0259 hadis\u0259nin nec\u0259 ba\u015f verdiyi haqda dan\u0131\u015fark\u0259n deyib ki, aprelin 19-da ax\u015fam saatlar\u0131nda metronun \u201cNeft\u00e7il\u0259r\u201d stansiyas\u0131n\u0131n yax\u0131nl\u0131\u011f\u0131nda evin\u0259 ged\u0259rk\u0259n bir n\u0259f\u0259r q\u0131\u015fq\u0131ra-q\u0131\u015fq\u0131ra ona t\u0259r\u0259f g\u0259lib v\u0259 onu yer\u0259 y\u0131x\u0131b. Arxas\u0131nca da q\u0131\u015fq\u0131r\u0131b v\u0259 d\u0259rhal polisl\u0259r g\u0259l\u0259r\u0259k onu tutub.<\/p>\n\n\n\n<p>\u201cCibim\u0259 b\u0131\u00e7aq qoydular. \u00c7\u0131xar\u0131b atd\u0131m. \u018fvv\u0259l sa\u011f cibim\u0259 qoymu\u015fdular, sonra g\u0259tirib sol cibim\u0259 qoydular. G\u00f6t\u00fcr\u00fcb 24-c\u00fc b\u00f6lm\u0259y\u0259 apard\u0131lar\u201d, &#8211; Samir A\u015furov bel\u0259 deyib.<\/p>\n\n\n\n<p>Samir A\u015furovun h\u0259yat yolda\u015f\u0131 Nuran\u0259 A\u015furova onun polis b\u00f6lm\u0259sind\u0259 i\u015fg\u0259nc\u0259y\u0259 m\u0259ruz qald\u0131\u011f\u0131n\u0131 bildirib. H\u0259yat yolda\u015f\u0131n\u0131n s\u00f6zl\u0259rin\u0259 g\u00f6r\u0259, onun \u00fcz\u0259rind\u0259 i\u015fg\u0259nc\u0259 izl\u0259ri var. H\u0259yat yolda\u015f\u0131n\u0131n h\u0259l\u0259 Almaniyada olark\u0259n \u00fcr\u0259k \u0259m\u0259liyyat\u0131 ke\u00e7irdiyini vur\u011fulayan A\u015furova bildirib ki, onun h\u0259yat\u0131 t\u0259hl\u00fck\u0259 alt\u0131ndad\u0131r.<\/p>\n\n\n\n<p>Daxili \u0130\u015fl\u0259r Nazirliyinin m\u0259tbuat xidm\u0259tinin \u015f\u00f6b\u0259 m\u00fcdiri El\u015fad Hac\u0131yev is\u0259 bildirib ki, Samir A\u015furovun \u00fcz\u0259rind\u0259ki izl\u0259r z\u0259r\u0259r\u00e7\u0259kmi\u015fl\u0259 onun aras\u0131ndak\u0131 dava n\u0259tic\u0259sind\u0259 yaran\u0131b. Nazirlik r\u0259smisi onun polis b\u00f6lm\u0259sind\u0259 i\u015fg\u0259nc\u0259y\u0259 m\u0259ruz qalmas\u0131 haqda deyil\u0259nl\u0259ri t\u0259kzib edib.<\/p>\n\n\n\n<p>Samir A\u015furov aprelin 19-da ax\u015fam saat 21 rad\u0259l\u0259rind\u0259 \u015e\u0259ki sakini El\u015f\u0259n N\u0259biyev\u0259 qar\u0131n nahiy\u0259sind\u0259n b\u0131\u00e7aqla x\u0259sar\u0259t yetirm\u0259kd\u0259 ittiham olunur. Ona qar\u015f\u0131 Cinay\u0259t M\u0259c\u0259ll\u0259sinin 126.1 madd\u0259sil\u0259 ittiham ir\u0259li s\u00fcr\u00fcl\u00fcb. \u0130stintaq Nizami Rayon Polis \u0130dar\u0259sind\u0259 apar\u0131l\u0131r.<\/p>\n\n\n\n<p>Samir A\u015furov Almaniyada Az\u0259rbaycan h\u00f6kum\u0259tinin t\u0259nqid olundu\u011fu etiraz aksiyalar\u0131n\u0131n f\u0259al i\u015ftirak\u00e7\u0131lar\u0131ndan biri idi. Son d\u00f6vrl\u0259rd\u0259 Almaniyadan deportasiya edil\u0259n f\u0259allar\u0131n bir ne\u00e7\u0259si \u00f6lk\u0259y\u0259 qay\u0131td\u0131qdan sonra narkotik ittiham\u0131yla h\u0259bs olunub. Onlar ittiham\u0131 r\u0259dd edir v\u0259 etirazlar\u0131na g\u00f6r\u0259 qisas almaq m\u0259qs\u0259dil\u0259 \u015f\u0259rl\u0259ndirkl\u0259rini deyirl\u0259r.<\/p>\n","protected":false},"excerpt":{"rendered":"","protected":false},"author":14,"featured_media":242742,"comment_status":"closed","ping_status":"closed","sticky":false,"template":"","format":"standard","meta":{"_acf_changed":false,"_sitemap_exclude":false,"_sitemap_priority":"","_sitemap_frequency":"","footnotes":""},"categories":[61,63,56],"tags":[],"class_list":["post-242741","post","type-post","status-publish","format-standard","has-post-thumbnail","hentry","category-reportaj","category-video-2","category-xeberler","infinite-scroll-item","generate-columns","tablet-grid-50","mobile-grid-100","grid-parent","grid-33","no-featured-image-padding"],"acf":[],"yoast_head":"<!-- This site is optimized with the Yoast SEO plugin v27.4 - https:\/\/yoast.com\/product\/yoast-seo-wordpress\/ -->\n<title>Samir A\u015furov bar\u0259sind\u0259 h\u0259bs q\u0259timkan t\u0259dbiri se\u00e7ilib - MEYDAN.TV<\/title>\n<meta name=\"robots\" content=\"index, follow, max-snippet:-1, max-image-preview:large, max-video-preview:-1\" \/>\n<link rel=\"canonical\" href=\"https:\/\/www.meydan.tv\/az\/article\/samir-asurov-baresinde-hebs-qetimkan-tedbiri-secilib\/\" \/>\n<meta property=\"og:locale\" content=\"az_AZ\" \/>\n<meta property=\"og:type\" content=\"article\" \/>\n<meta property=\"og:title\" content=\"Samir A\u015furov bar\u0259sind\u0259 h\u0259bs q\u0259timkan t\u0259dbiri se\u00e7ilib - MEYDAN.TV\" \/>\n<meta property=\"og:url\" content=\"https:\/\/www.meydan.tv\/az\/article\/samir-asurov-baresinde-hebs-qetimkan-tedbiri-secilib\/\" \/>\n<meta property=\"og:site_name\" content=\"MEYDAN.TV\" \/>\n<meta property=\"article:published_time\" content=\"2022-04-21T15:48:44+00:00\" \/>\n<meta property=\"article:modified_time\" content=\"2022-04-21T15:48:45+00:00\" \/>\n<meta property=\"og:image\" content=\"https:\/\/www.meydan.tv\/wp-content\/uploads\/screenshot-2022-04-21-at-17.45.32.png\" \/>\n\t<meta property=\"og:image:width\" content=\"1324\" \/>\n\t<meta property=\"og:image:height\" content=\"746\" \/>\n\t<meta property=\"og:image:type\" content=\"image\/png\" \/>\n<meta name=\"author\" content=\"roma\" \/>\n<meta name=\"twitter:card\" content=\"summary_large_image\" \/>\n<script type=\"application\/ld+json\" class=\"yoast-schema-graph\">{\"@context\":\"https:\\\/\\\/schema.org\",\"@graph\":[{\"@type\":\"Article\",\"@id\":\"https:\\\/\\\/www.meydan.tv\\\/az\\\/article\\\/samir-asurov-baresinde-hebs-qetimkan-tedbiri-secilib\\\/#article\",\"isPartOf\":{\"@id\":\"https:\\\/\\\/www.meydan.tv\\\/az\\\/article\\\/samir-asurov-baresinde-hebs-qetimkan-tedbiri-secilib\\\/\"},\"author\":{\"name\":\"roma\",\"@id\":\"https:\\\/\\\/www.meydan.tv\\\/az\\\/#\\\/schema\\\/person\\\/8f23e01c4de63326c13c319fb65ee65d\"},\"headline\":\"Samir A\u015furov bar\u0259sind\u0259 h\u0259bs q\u0259timkan t\u0259dbiri se\u00e7ilib\",\"datePublished\":\"2022-04-21T15:48:44+00:00\",\"dateModified\":\"2022-04-21T15:48:45+00:00\",\"mainEntityOfPage\":{\"@id\":\"https:\\\/\\\/www.meydan.tv\\\/az\\\/article\\\/samir-asurov-baresinde-hebs-qetimkan-tedbiri-secilib\\\/\"},\"wordCount\":608,\"publisher\":{\"@id\":\"https:\\\/\\\/www.meydan.tv\\\/az\\\/#organization\"},\"image\":{\"@id\":\"https:\\\/\\\/www.meydan.tv\\\/az\\\/article\\\/samir-asurov-baresinde-hebs-qetimkan-tedbiri-secilib\\\/#primaryimage\"},\"thumbnailUrl\":\"https:\\\/\\\/www.meydan.tv\\\/wp-content\\\/uploads\\\/screenshot-2022-04-21-at-17.45.32.png\",\"articleSection\":[\"Reportaj\",\"Video\",\"X\u0259b\u0259rl\u0259r\"],\"inLanguage\":\"az\"},{\"@type\":\"WebPage\",\"@id\":\"https:\\\/\\\/www.meydan.tv\\\/az\\\/article\\\/samir-asurov-baresinde-hebs-qetimkan-tedbiri-secilib\\\/\",\"url\":\"https:\\\/\\\/www.meydan.tv\\\/az\\\/article\\\/samir-asurov-baresinde-hebs-qetimkan-tedbiri-secilib\\\/\",\"name\":\"Samir A\u015furov bar\u0259sind\u0259 h\u0259bs q\u0259timkan t\u0259dbiri se\u00e7ilib - MEYDAN.TV\",\"isPartOf\":{\"@id\":\"https:\\\/\\\/www.meydan.tv\\\/az\\\/#website\"},\"primaryImageOfPage\":{\"@id\":\"https:\\\/\\\/www.meydan.tv\\\/az\\\/article\\\/samir-asurov-baresinde-hebs-qetimkan-tedbiri-secilib\\\/#primaryimage\"},\"image\":{\"@id\":\"https:\\\/\\\/www.meydan.tv\\\/az\\\/article\\\/samir-asurov-baresinde-hebs-qetimkan-tedbiri-secilib\\\/#primaryimage\"},\"thumbnailUrl\":\"https:\\\/\\\/www.meydan.tv\\\/wp-content\\\/uploads\\\/screenshot-2022-04-21-at-17.45.32.png\",\"datePublished\":\"2022-04-21T15:48:44+00:00\",\"dateModified\":\"2022-04-21T15:48:45+00:00\",\"breadcrumb\":{\"@id\":\"https:\\\/\\\/www.meydan.tv\\\/az\\\/article\\\/samir-asurov-baresinde-hebs-qetimkan-tedbiri-secilib\\\/#breadcrumb\"},\"inLanguage\":\"az\",\"potentialAction\":[{\"@type\":\"ReadAction\",\"target\":[\"https:\\\/\\\/www.meydan.tv\\\/az\\\/article\\\/samir-asurov-baresinde-hebs-qetimkan-tedbiri-secilib\\\/\"]}]},{\"@type\":\"ImageObject\",\"inLanguage\":\"az\",\"@id\":\"https:\\\/\\\/www.meydan.tv\\\/az\\\/article\\\/samir-asurov-baresinde-hebs-qetimkan-tedbiri-secilib\\\/#primaryimage\",\"url\":\"https:\\\/\\\/www.meydan.tv\\\/wp-content\\\/uploads\\\/screenshot-2022-04-21-at-17.45.32.png\",\"contentUrl\":\"https:\\\/\\\/www.meydan.tv\\\/wp-content\\\/uploads\\\/screenshot-2022-04-21-at-17.45.32.png\",\"width\":1324,\"height\":746},{\"@type\":\"BreadcrumbList\",\"@id\":\"https:\\\/\\\/www.meydan.tv\\\/az\\\/article\\\/samir-asurov-baresinde-hebs-qetimkan-tedbiri-secilib\\\/#breadcrumb\",\"itemListElement\":[{\"@type\":\"ListItem\",\"position\":1,\"name\":\"Ana s\u0259hif\u0259\",\"item\":\"https:\\\/\\\/www.meydan.tv\\\/az\\\/\"},{\"@type\":\"ListItem\",\"position\":2,\"name\":\"Video\",\"item\":\"https:\\\/\\\/www.meydan.tv\\\/az\\\/section\\\/video-2\\\/\"},{\"@type\":\"ListItem\",\"position\":3,\"name\":\"Samir A\u015furov bar\u0259sind\u0259 h\u0259bs q\u0259timkan t\u0259dbiri se\u00e7ilib\"}]},{\"@type\":\"WebSite\",\"@id\":\"https:\\\/\\\/www.meydan.tv\\\/az\\\/#website\",\"url\":\"https:\\\/\\\/www.meydan.tv\\\/az\\\/\",\"name\":\"MEYDAN.TV\",\"description\":\"Meydan TV Az\u0259rbaycan\u0131n media m\u0259kan\u0131ndak\u0131 alternativ s\u0259sidir\",\"publisher\":{\"@id\":\"https:\\\/\\\/www.meydan.tv\\\/az\\\/#organization\"},\"potentialAction\":[{\"@type\":\"SearchAction\",\"target\":{\"@type\":\"EntryPoint\",\"urlTemplate\":\"https:\\\/\\\/www.meydan.tv\\\/az\\\/?s={search_term_string}\"},\"query-input\":{\"@type\":\"PropertyValueSpecification\",\"valueRequired\":true,\"valueName\":\"search_term_string\"}}],\"inLanguage\":\"az\"},{\"@type\":\"Organization\",\"@id\":\"https:\\\/\\\/www.meydan.tv\\\/az\\\/#organization\",\"name\":\"Meydan TV\",\"url\":\"https:\\\/\\\/www.meydan.tv\\\/az\\\/\",\"logo\":{\"@type\":\"ImageObject\",\"inLanguage\":\"az\",\"@id\":\"https:\\\/\\\/www.meydan.tv\\\/az\\\/#\\\/schema\\\/logo\\\/image\\\/\",\"url\":\"https:\\\/\\\/www.meydan.tv\\\/wp-content\\\/uploads\\\/2021\\\/07\\\/meydan-logo.svg\",\"contentUrl\":\"https:\\\/\\\/www.meydan.tv\\\/wp-content\\\/uploads\\\/2021\\\/07\\\/meydan-logo.svg\",\"width\":195,\"height\":46,\"caption\":\"Meydan TV\"},\"image\":{\"@id\":\"https:\\\/\\\/www.meydan.tv\\\/az\\\/#\\\/schema\\\/logo\\\/image\\\/\"}},{\"@type\":\"Person\",\"@id\":\"https:\\\/\\\/www.meydan.tv\\\/az\\\/#\\\/schema\\\/person\\\/8f23e01c4de63326c13c319fb65ee65d\",\"name\":\"roma\"}]}<\/script>\n<!-- \/ Yoast SEO plugin. -->","yoast_head_json":{"title":"Samir A\u015furov bar\u0259sind\u0259 h\u0259bs q\u0259timkan t\u0259dbiri se\u00e7ilib - MEYDAN.TV","robots":{"index":"index","follow":"follow","max-snippet":"max-snippet:-1","max-image-preview":"max-image-preview:large","max-video-preview":"max-video-preview:-1"},"canonical":"https:\/\/www.meydan.tv\/az\/article\/samir-asurov-baresinde-hebs-qetimkan-tedbiri-secilib\/","og_locale":"az_AZ","og_type":"article","og_title":"Samir A\u015furov bar\u0259sind\u0259 h\u0259bs q\u0259timkan t\u0259dbiri se\u00e7ilib - MEYDAN.TV","og_url":"https:\/\/www.meydan.tv\/az\/article\/samir-asurov-baresinde-hebs-qetimkan-tedbiri-secilib\/","og_site_name":"MEYDAN.TV","article_published_time":"2022-04-21T15:48:44+00:00","article_modified_time":"2022-04-21T15:48:45+00:00","og_image":[{"width":1324,"height":746,"url":"https:\/\/www.meydan.tv\/wp-content\/uploads\/screenshot-2022-04-21-at-17.45.32.png","type":"image\/png"}],"author":"roma","twitter_card":"summary_large_image","schema":{"@context":"https:\/\/schema.org","@graph":[{"@type":"Article","@id":"https:\/\/www.meydan.tv\/az\/article\/samir-asurov-baresinde-hebs-qetimkan-tedbiri-secilib\/#article","isPartOf":{"@id":"https:\/\/www.meydan.tv\/az\/article\/samir-asurov-baresinde-hebs-qetimkan-tedbiri-secilib\/"},"author":{"name":"roma","@id":"https:\/\/www.meydan.tv\/az\/#\/schema\/person\/8f23e01c4de63326c13c319fb65ee65d"},"headline":"Samir A\u015furov bar\u0259sind\u0259 h\u0259bs q\u0259timkan t\u0259dbiri se\u00e7ilib","datePublished":"2022-04-21T15:48:44+00:00","dateModified":"2022-04-21T15:48:45+00:00","mainEntityOfPage":{"@id":"https:\/\/www.meydan.tv\/az\/article\/samir-asurov-baresinde-hebs-qetimkan-tedbiri-secilib\/"},"wordCount":608,"publisher":{"@id":"https:\/\/www.meydan.tv\/az\/#organization"},"image":{"@id":"https:\/\/www.meydan.tv\/az\/article\/samir-asurov-baresinde-hebs-qetimkan-tedbiri-secilib\/#primaryimage"},"thumbnailUrl":"https:\/\/www.meydan.tv\/wp-content\/uploads\/screenshot-2022-04-21-at-17.45.32.png","articleSection":["Reportaj","Video","X\u0259b\u0259rl\u0259r"],"inLanguage":"az"},{"@type":"WebPage","@id":"https:\/\/www.meydan.tv\/az\/article\/samir-asurov-baresinde-hebs-qetimkan-tedbiri-secilib\/","url":"https:\/\/www.meydan.tv\/az\/article\/samir-asurov-baresinde-hebs-qetimkan-tedbiri-secilib\/","name":"Samir A\u015furov bar\u0259sind\u0259 h\u0259bs q\u0259timkan t\u0259dbiri se\u00e7ilib - MEYDAN.TV","isPartOf":{"@id":"https:\/\/www.meydan.tv\/az\/#website"},"primaryImageOfPage":{"@id":"https:\/\/www.meydan.tv\/az\/article\/samir-asurov-baresinde-hebs-qetimkan-tedbiri-secilib\/#primaryimage"},"image":{"@id":"https:\/\/www.meydan.tv\/az\/article\/samir-asurov-baresinde-hebs-qetimkan-tedbiri-secilib\/#primaryimage"},"thumbnailUrl":"https:\/\/www.meydan.tv\/wp-content\/uploads\/screenshot-2022-04-21-at-17.45.32.png","datePublished":"2022-04-21T15:48:44+00:00","dateModified":"2022-04-21T15:48:45+00:00","breadcrumb":{"@id":"https:\/\/www.meydan.tv\/az\/article\/samir-asurov-baresinde-hebs-qetimkan-tedbiri-secilib\/#breadcrumb"},"inLanguage":"az","potentialAction":[{"@type":"ReadAction","target":["https:\/\/www.meydan.tv\/az\/article\/samir-asurov-baresinde-hebs-qetimkan-tedbiri-secilib\/"]}]},{"@type":"ImageObject","inLanguage":"az","@id":"https:\/\/www.meydan.tv\/az\/article\/samir-asurov-baresinde-hebs-qetimkan-tedbiri-secilib\/#primaryimage","url":"https:\/\/www.meydan.tv\/wp-content\/uploads\/screenshot-2022-04-21-at-17.45.32.png","contentUrl":"https:\/\/www.meydan.tv\/wp-content\/uploads\/screenshot-2022-04-21-at-17.45.32.png","width":1324,"height":746},{"@type":"BreadcrumbList","@id":"https:\/\/www.meydan.tv\/az\/article\/samir-asurov-baresinde-hebs-qetimkan-tedbiri-secilib\/#breadcrumb","itemListElement":[{"@type":"ListItem","position":1,"name":"Ana s\u0259hif\u0259","item":"https:\/\/www.meydan.tv\/az\/"},{"@type":"ListItem","position":2,"name":"Video","item":"https:\/\/www.meydan.tv\/az\/section\/video-2\/"},{"@type":"ListItem","position":3,"name":"Samir A\u015furov bar\u0259sind\u0259 h\u0259bs q\u0259timkan t\u0259dbiri se\u00e7ilib"}]},{"@type":"WebSite","@id":"https:\/\/www.meydan.tv\/az\/#website","url":"https:\/\/www.meydan.tv\/az\/","name":"MEYDAN.TV","description":"Meydan TV Az\u0259rbaycan\u0131n media m\u0259kan\u0131ndak\u0131 alternativ s\u0259sidir","publisher":{"@id":"https:\/\/www.meydan.tv\/az\/#organization"},"potentialAction":[{"@type":"SearchAction","target":{"@type":"EntryPoint","urlTemplate":"https:\/\/www.meydan.tv\/az\/?s={search_term_string}"},"query-input":{"@type":"PropertyValueSpecification","valueRequired":true,"valueName":"search_term_string"}}],"inLanguage":"az"},{"@type":"Organization","@id":"https:\/\/www.meydan.tv\/az\/#organization","name":"Meydan TV","url":"https:\/\/www.meydan.tv\/az\/","logo":{"@type":"ImageObject","inLanguage":"az","@id":"https:\/\/www.meydan.tv\/az\/#\/schema\/logo\/image\/","url":"https:\/\/www.meydan.tv\/wp-content\/uploads\/2021\/07\/meydan-logo.svg","contentUrl":"https:\/\/www.meydan.tv\/wp-content\/uploads\/2021\/07\/meydan-logo.svg","width":195,"height":46,"caption":"Meydan TV"},"image":{"@id":"https:\/\/www.meydan.tv\/az\/#\/schema\/logo\/image\/"}},{"@type":"Person","@id":"https:\/\/www.meydan.tv\/az\/#\/schema\/person\/8f23e01c4de63326c13c319fb65ee65d","name":"roma"}]}},"_links":{"self":[{"href":"https:\/\/www.meydan.tv\/az\/wp-json\/wp\/v2\/posts\/242741","targetHints":{"allow":["GET"]}}],"collection":[{"href":"https:\/\/www.meydan.tv\/az\/wp-json\/wp\/v2\/posts"}],"about":[{"href":"https:\/\/www.meydan.tv\/az\/wp-json\/wp\/v2\/types\/post"}],"author":[{"embeddable":true,"href":"https:\/\/www.meydan.tv\/az\/wp-json\/wp\/v2\/users\/14"}],"replies":[{"embeddable":true,"href":"https:\/\/www.meydan.tv\/az\/wp-json\/wp\/v2\/comments?post=242741"}],"version-history":[{"count":1,"href":"https:\/\/www.meydan.tv\/az\/wp-json\/wp\/v2\/posts\/242741\/revisions"}],"predecessor-version":[{"id":242749,"href":"https:\/\/www.meydan.tv\/az\/wp-json\/wp\/v2\/posts\/242741\/revisions\/242749"}],"wp:featuredmedia":[{"embeddable":true,"href":"https:\/\/www.meydan.tv\/az\/wp-json\/wp\/v2\/media\/242742"}],"wp:attachment":[{"href":"https:\/\/www.meydan.tv\/az\/wp-json\/wp\/v2\/media?parent=242741"}],"wp:term":[{"taxonomy":"category","embeddable":true,"href":"https:\/\/www.meydan.tv\/az\/wp-json\/wp\/v2\/categories?post=242741"},{"taxonomy":"post_tag","embeddable":true,"href":"https:\/\/www.meydan.tv\/az\/wp-json\/wp\/v2\/tags?post=242741"}],"curies":[{"name":"wp","href":"https:\/\/api.w.org\/{rel}","templated":true}]}}