{"id":242735,"date":"2022-04-21T18:38:45","date_gmt":"2022-04-21T14:38:45","guid":{"rendered":"https:\/\/www.meydan.tv\/?p=242735"},"modified":"2022-04-21T18:38:46","modified_gmt":"2022-04-21T14:38:46","slug":"medeniyyet-muessiselerinde-qirmiziya-qisa-geyimlere-qadaga","status":"publish","type":"post","link":"https:\/\/www.meydan.tv\/az\/article\/medeniyyet-muessiselerinde-qirmiziya-qisa-geyimlere-qadaga\/","title":{"rendered":"M\u0259d\u0259niyy\u0259t m\u00fc\u0259ssis\u0259l\u0259rind\u0259 q\u0131rm\u0131z\u0131ya, q\u0131sa geyiml\u0259r\u0259 qada\u011fa?"},"content":{"rendered":"\n<p><em>\u201c\u0130\u015f\u00e7il\u0259r \u00fc\u00e7\u00fcn geyim v\u0259 \u00fcsluba dair t\u0259l\u0259bl\u0259r bir \u00e7ox d\u00f6vl\u0259t orqanlar\u0131nda m\u00f6vcuddur\u201d<\/em><\/p>\n\n\n\n<p>M\u0259d\u0259niyy\u0259t Nazirliyinin \u00f6lk\u0259 teatrlar\u0131na v\u0259 m\u0259d\u0259niyy\u0259t m\u00fc\u0259ssis\u0259l\u0259rin\u0259 qada\u011falar t\u0259tbiq etdiyi deyilir.<br>\u0130\u015fini itirm\u0259k qorxusu il\u0259 adlar\u0131n\u0131n a\u00e7\u0131qlanmas\u0131n\u0131 ist\u0259m\u0259y\u0259n m\u0259d\u0259niyy\u0259t i\u015f\u00e7il\u0259rinin Meydan TV-y\u0259 verdiyi m\u0259lumata g\u00f6r\u0259, aprelin 21-d\u0259 nazirlik t\u0259r\u0259find\u0259n h\u0259min qurumlara m\u0259ktub g\u00f6nd\u0259ril\u0259r\u0259k, b\u0259zi t\u0259l\u0259bl\u0259r ir\u0259li s\u00fcr\u00fcl\u00fcb.<br><\/p>\n\n\n\n<p>Qad\u0131n i\u015f\u00e7il\u0259r \u00fc\u00e7\u00fcn q\u0131rm\u0131z\u0131 dodaq v\u0259 d\u0131rnaq boyas\u0131ndan, h\u0259m\u00e7inin bu r\u0259ngd\u0259 geyiml\u0259rd\u0259n, dikdaban ayaqqab\u0131lardan, cins v\u0259 dar \u015falvarlardan, q\u0131sa geyiml\u0259rd\u0259n istifad\u0259y\u0259 qada\u011fa qoyuldu\u011fu bildirilir.<br>M\u0259s\u0259l\u0259 il\u0259 ba\u011fl\u0131 Meydan TV-nin sor\u011fusunu M\u0259d\u0259niyy\u0259t Nazirliyinin \u0130nsan Kapital\u0131n\u0131n idar\u0259 edilm\u0259si \u015f\u00f6b\u0259si cavabland\u0131r\u0131b.<br><\/p>\n\n\n\n<p>Bidirilib ki, i\u015f\u00e7il\u0259r \u00fc\u00e7\u00fcn geyim v\u0259 \u00fcsluba dair t\u0259l\u0259bl\u0259r bir \u00e7ox d\u00f6vl\u0259t orqanlar\u0131nda, habel\u0259, \u00f6z\u0259l m\u00fc\u0259ssis\u0259l\u0259rd\u0259 d\u0259 m\u00f6vcuddur:<br><\/p>\n\n\n\n<p>\u201cM\u0259d\u0259niyy\u0259t Nazirliyinin tabeliyind\u0259 olan qurumlardak\u0131 i\u015f\u00e7il\u0259rin \u0259m\u0259k m\u00fcnasib\u0259tl\u0259ri \u201cD\u00f6vl\u0259t qullu\u011fu sah\u0259sind\u0259 m\u00fcnasib\u0259tl\u0259ri\u201d uqanunvericilik aktlar\u0131na uy\u011fun olaraq t\u0259nziml\u0259nir. \u0130\u015f\u00e7il\u0259rin davran\u0131\u015flar\u0131 \u201cD\u00f6vl\u0259t qulluq\u00e7ular\u0131n\u0131n etik davran\u0131\u015f qaydalar\u0131 haqq\u0131nda\u201d Az\u0259rbaycan Respublikas\u0131n\u0131n Qanununa uy\u011fun olaraq m\u00fc\u0259yy\u0259n edilir. Eyni zamanda, \u201c\u018fm\u0259k M\u0259c\u0259ll\u0259si\u201dnd\u0259 \u0259m\u0259k intizam\u0131n\u0131n t\u0259min olunmas\u0131 m\u0259qs\u0259dil\u0259 m\u00fc\u0259ssis\u0259daxili intizam qaydalar\u0131n\u0131n haz\u0131rlanmas\u0131 n\u0259z\u0259rd\u0259 tutulub\u201d.<br><\/p>\n\n\n\n<p>Cavabda qeyd olunur ki, M\u0259d\u0259niyy\u0259t Nazirliyind\u0259 daxili intizam qaydalar\u0131 \u201c\u018fm\u0259k M\u0259c\u0259ll\u0259si\u201dnin v\u0259 \u0259m\u0259k m\u00fcnasib\u0259tl\u0259ri sah\u0259sind\u0259 m\u00fcnasib\u0259tl\u0259ri t\u0259nziml\u0259y\u0259n dig\u0259r normativ h\u00fcquqi aktlar\u0131n t\u0259l\u0259bl\u0259ri v\u0259 m\u00fc\u0259ssisl\u0259rd\u0259 \u00e7al\u0131\u015fan i\u015f\u00e7il\u0259r aras\u0131nda formala\u015fm\u0131\u015f i\u015fg\u00fczar ad\u0259tl\u0259r n\u0259z\u0259r\u0259 al\u0131naraq haz\u0131rlan\u0131b:<br><\/p>\n\n\n\n<p>\u201cO ki qald\u0131 geyiml\u0259 ba\u011fl\u0131 t\u0259l\u0259bl\u0259r\u0259, Qaydalarda he\u00e7 bir qada\u011fadan s\u00f6hb\u0259t getmir. \u0130\u015f\u00e7il\u0259r \u00fc\u00e7\u00fcn geyim v\u0259 \u00fcsluba dair t\u0259l\u0259bl\u0259r bir \u00e7ox d\u00f6vl\u0259t orqanlar\u0131nda, habel\u0259 \u00f6z\u0259l m\u00fc\u0259ssis\u0259l\u0259rd\u0259 d\u0259 m\u00f6vcuddur. H\u0259tta bir \u00e7ox tan\u0131nm\u0131\u015f yerli v\u0259 beyn\u0259lxalq \u015firk\u0259tl\u0259r var ki, \u00f6z i\u015f\u00e7il\u0259ri \u00fc\u00e7\u00fcn \u201cdress-kod\u201d m\u00fc\u0259yy\u0259n edirl\u0259r. Nazirliyin tabeliyind\u0259 olan teatr v\u0259 m\u0259d\u0259niyy\u0259t m\u0259rk\u0259zl\u0259rind\u0259 \u00e7al\u0131\u015fanlar\u0131n geyiml\u0259ri il\u0259 ba\u011fl\u0131 he\u00e7 bir t\u0259l\u0259b v\u0259 ya t\u00f6vsiy\u0259 n\u0259z\u0259rd\u0259 tutulmay\u0131b\u201d.<br>Paytaxt teatrlar\u0131 m\u0259s\u0259l\u0259 il\u0259 ba\u011fl\u0131 m\u00fcnasib\u0259t bildirm\u0259yibl\u0259r.<\/p>\n","protected":false},"excerpt":{"rendered":"<p>\u201c\u0130\u015f\u00e7il\u0259r \u00fc\u00e7\u00fcn geyim v\u0259 \u00fcsluba dair t\u0259l\u0259bl\u0259r bir \u00e7ox d\u00f6vl\u0259t &#8230; <\/p>\n<p class=\"read-more-container\"><a title=\"M\u0259d\u0259niyy\u0259t m\u00fc\u0259ssis\u0259l\u0259rind\u0259 q\u0131rm\u0131z\u0131ya, q\u0131sa geyiml\u0259r\u0259 qada\u011fa?\" class=\"read-more button\" href=\"https:\/\/www.meydan.tv\/az\/article\/medeniyyet-muessiselerinde-qirmiziya-qisa-geyimlere-qadaga\/#more-242735\" aria-label=\"Read more about M\u0259d\u0259niyy\u0259t m\u00fc\u0259ssis\u0259l\u0259rind\u0259 q\u0131rm\u0131z\u0131ya, q\u0131sa geyiml\u0259r\u0259 qada\u011fa?\">Davam\u0131<\/a><\/p>\n","protected":false},"author":12,"featured_media":242736,"comment_status":"closed","ping_status":"closed","sticky":false,"template":"","format":"standard","meta":{"_acf_changed":false,"_sitemap_exclude":false,"_sitemap_priority":"","_sitemap_frequency":"","footnotes":""},"categories":[52,79],"tags":[],"class_list":["post-242735","post","type-post","status-publish","format-standard","has-post-thumbnail","hentry","category-medeniyyet","category-featured","infinite-scroll-item","generate-columns","tablet-grid-50","mobile-grid-100","grid-parent","grid-33","no-featured-image-padding"],"acf":[],"yoast_head":"<!-- This site is optimized with the Yoast SEO plugin v27.5 - https:\/\/yoast.com\/product\/yoast-seo-wordpress\/ -->\n<title>M\u0259d\u0259niyy\u0259t m\u00fc\u0259ssis\u0259l\u0259rind\u0259 q\u0131rm\u0131z\u0131ya, q\u0131sa geyiml\u0259r\u0259 qada\u011fa? - MEYDAN.TV<\/title>\n<meta name=\"robots\" content=\"index, follow, max-snippet:-1, max-image-preview:large, max-video-preview:-1\" \/>\n<link rel=\"canonical\" href=\"https:\/\/www.meydan.tv\/az\/article\/medeniyyet-muessiselerinde-qirmiziya-qisa-geyimlere-qadaga\/\" \/>\n<meta property=\"og:locale\" content=\"az_AZ\" \/>\n<meta property=\"og:type\" content=\"article\" \/>\n<meta property=\"og:title\" content=\"M\u0259d\u0259niyy\u0259t m\u00fc\u0259ssis\u0259l\u0259rind\u0259 q\u0131rm\u0131z\u0131ya, q\u0131sa geyiml\u0259r\u0259 qada\u011fa? - MEYDAN.TV\" \/>\n<meta property=\"og:description\" content=\"\u201c\u0130\u015f\u00e7il\u0259r \u00fc\u00e7\u00fcn geyim v\u0259 \u00fcsluba dair t\u0259l\u0259bl\u0259r bir \u00e7ox d\u00f6vl\u0259t ... Davam\u0131\" \/>\n<meta property=\"og:url\" content=\"https:\/\/www.meydan.tv\/az\/article\/medeniyyet-muessiselerinde-qirmiziya-qisa-geyimlere-qadaga\/\" \/>\n<meta property=\"og:site_name\" content=\"MEYDAN.TV\" \/>\n<meta property=\"article:published_time\" content=\"2022-04-21T14:38:45+00:00\" \/>\n<meta property=\"article:modified_time\" content=\"2022-04-21T14:38:46+00:00\" \/>\n<meta property=\"og:image\" content=\"https:\/\/www.meydan.tv\/wp-content\/uploads\/614da84f664cc614da84f664cd1632479311614da84f664c9614da84f664cb.jpeg\" \/>\n\t<meta property=\"og:image:width\" content=\"1200\" \/>\n\t<meta property=\"og:image:height\" content=\"800\" \/>\n\t<meta property=\"og:image:type\" content=\"image\/jpeg\" \/>\n<meta name=\"author\" content=\"aleks\" \/>\n<meta name=\"twitter:card\" content=\"summary_large_image\" \/>\n<script type=\"application\/ld+json\" class=\"yoast-schema-graph\">{\"@context\":\"https:\\\/\\\/schema.org\",\"@graph\":[{\"@type\":\"Article\",\"@id\":\"https:\\\/\\\/www.meydan.tv\\\/az\\\/article\\\/medeniyyet-muessiselerinde-qirmiziya-qisa-geyimlere-qadaga\\\/#article\",\"isPartOf\":{\"@id\":\"https:\\\/\\\/www.meydan.tv\\\/az\\\/article\\\/medeniyyet-muessiselerinde-qirmiziya-qisa-geyimlere-qadaga\\\/\"},\"author\":{\"name\":\"aleks\",\"@id\":\"https:\\\/\\\/www.meydan.tv\\\/az\\\/#\\\/schema\\\/person\\\/476e9360e593fa131d5d71d51866f8da\"},\"headline\":\"M\u0259d\u0259niyy\u0259t m\u00fc\u0259ssis\u0259l\u0259rind\u0259 q\u0131rm\u0131z\u0131ya, q\u0131sa geyiml\u0259r\u0259 qada\u011fa?\",\"datePublished\":\"2022-04-21T14:38:45+00:00\",\"dateModified\":\"2022-04-21T14:38:46+00:00\",\"mainEntityOfPage\":{\"@id\":\"https:\\\/\\\/www.meydan.tv\\\/az\\\/article\\\/medeniyyet-muessiselerinde-qirmiziya-qisa-geyimlere-qadaga\\\/\"},\"wordCount\":515,\"publisher\":{\"@id\":\"https:\\\/\\\/www.meydan.tv\\\/az\\\/#organization\"},\"image\":{\"@id\":\"https:\\\/\\\/www.meydan.tv\\\/az\\\/article\\\/medeniyyet-muessiselerinde-qirmiziya-qisa-geyimlere-qadaga\\\/#primaryimage\"},\"thumbnailUrl\":\"https:\\\/\\\/www.meydan.tv\\\/wp-content\\\/uploads\\\/614da84f664cc614da84f664cd1632479311614da84f664c9614da84f664cb.jpeg\",\"articleSection\":[\"M\u0259d\u0259niyy\u0259t\",\"T\u00f6vsiy\u0259\"],\"inLanguage\":\"az\"},{\"@type\":\"WebPage\",\"@id\":\"https:\\\/\\\/www.meydan.tv\\\/az\\\/article\\\/medeniyyet-muessiselerinde-qirmiziya-qisa-geyimlere-qadaga\\\/\",\"url\":\"https:\\\/\\\/www.meydan.tv\\\/az\\\/article\\\/medeniyyet-muessiselerinde-qirmiziya-qisa-geyimlere-qadaga\\\/\",\"name\":\"M\u0259d\u0259niyy\u0259t m\u00fc\u0259ssis\u0259l\u0259rind\u0259 q\u0131rm\u0131z\u0131ya, q\u0131sa geyiml\u0259r\u0259 qada\u011fa? - MEYDAN.TV\",\"isPartOf\":{\"@id\":\"https:\\\/\\\/www.meydan.tv\\\/az\\\/#website\"},\"primaryImageOfPage\":{\"@id\":\"https:\\\/\\\/www.meydan.tv\\\/az\\\/article\\\/medeniyyet-muessiselerinde-qirmiziya-qisa-geyimlere-qadaga\\\/#primaryimage\"},\"image\":{\"@id\":\"https:\\\/\\\/www.meydan.tv\\\/az\\\/article\\\/medeniyyet-muessiselerinde-qirmiziya-qisa-geyimlere-qadaga\\\/#primaryimage\"},\"thumbnailUrl\":\"https:\\\/\\\/www.meydan.tv\\\/wp-content\\\/uploads\\\/614da84f664cc614da84f664cd1632479311614da84f664c9614da84f664cb.jpeg\",\"datePublished\":\"2022-04-21T14:38:45+00:00\",\"dateModified\":\"2022-04-21T14:38:46+00:00\",\"breadcrumb\":{\"@id\":\"https:\\\/\\\/www.meydan.tv\\\/az\\\/article\\\/medeniyyet-muessiselerinde-qirmiziya-qisa-geyimlere-qadaga\\\/#breadcrumb\"},\"inLanguage\":\"az\",\"potentialAction\":[{\"@type\":\"ReadAction\",\"target\":[\"https:\\\/\\\/www.meydan.tv\\\/az\\\/article\\\/medeniyyet-muessiselerinde-qirmiziya-qisa-geyimlere-qadaga\\\/\"]}]},{\"@type\":\"ImageObject\",\"inLanguage\":\"az\",\"@id\":\"https:\\\/\\\/www.meydan.tv\\\/az\\\/article\\\/medeniyyet-muessiselerinde-qirmiziya-qisa-geyimlere-qadaga\\\/#primaryimage\",\"url\":\"https:\\\/\\\/www.meydan.tv\\\/wp-content\\\/uploads\\\/614da84f664cc614da84f664cd1632479311614da84f664c9614da84f664cb.jpeg\",\"contentUrl\":\"https:\\\/\\\/www.meydan.tv\\\/wp-content\\\/uploads\\\/614da84f664cc614da84f664cd1632479311614da84f664c9614da84f664cb.jpeg\",\"width\":1200,\"height\":800},{\"@type\":\"BreadcrumbList\",\"@id\":\"https:\\\/\\\/www.meydan.tv\\\/az\\\/article\\\/medeniyyet-muessiselerinde-qirmiziya-qisa-geyimlere-qadaga\\\/#breadcrumb\",\"itemListElement\":[{\"@type\":\"ListItem\",\"position\":1,\"name\":\"Ana s\u0259hif\u0259\",\"item\":\"https:\\\/\\\/www.meydan.tv\\\/az\\\/\"},{\"@type\":\"ListItem\",\"position\":2,\"name\":\"T\u00f6vsiy\u0259\",\"item\":\"https:\\\/\\\/www.meydan.tv\\\/az\\\/section\\\/featured\\\/\"},{\"@type\":\"ListItem\",\"position\":3,\"name\":\"M\u0259d\u0259niyy\u0259t m\u00fc\u0259ssis\u0259l\u0259rind\u0259 q\u0131rm\u0131z\u0131ya, q\u0131sa geyiml\u0259r\u0259 qada\u011fa?\"}]},{\"@type\":\"WebSite\",\"@id\":\"https:\\\/\\\/www.meydan.tv\\\/az\\\/#website\",\"url\":\"https:\\\/\\\/www.meydan.tv\\\/az\\\/\",\"name\":\"MEYDAN.TV\",\"description\":\"Meydan TV Az\u0259rbaycan\u0131n media m\u0259kan\u0131ndak\u0131 alternativ s\u0259sidir\",\"publisher\":{\"@id\":\"https:\\\/\\\/www.meydan.tv\\\/az\\\/#organization\"},\"potentialAction\":[{\"@type\":\"SearchAction\",\"target\":{\"@type\":\"EntryPoint\",\"urlTemplate\":\"https:\\\/\\\/www.meydan.tv\\\/az\\\/?s={search_term_string}\"},\"query-input\":{\"@type\":\"PropertyValueSpecification\",\"valueRequired\":true,\"valueName\":\"search_term_string\"}}],\"inLanguage\":\"az\"},{\"@type\":\"Organization\",\"@id\":\"https:\\\/\\\/www.meydan.tv\\\/az\\\/#organization\",\"name\":\"Meydan TV\",\"url\":\"https:\\\/\\\/www.meydan.tv\\\/az\\\/\",\"logo\":{\"@type\":\"ImageObject\",\"inLanguage\":\"az\",\"@id\":\"https:\\\/\\\/www.meydan.tv\\\/az\\\/#\\\/schema\\\/logo\\\/image\\\/\",\"url\":\"https:\\\/\\\/www.meydan.tv\\\/wp-content\\\/uploads\\\/2021\\\/07\\\/meydan-logo.svg\",\"contentUrl\":\"https:\\\/\\\/www.meydan.tv\\\/wp-content\\\/uploads\\\/2021\\\/07\\\/meydan-logo.svg\",\"width\":195,\"height\":46,\"caption\":\"Meydan TV\"},\"image\":{\"@id\":\"https:\\\/\\\/www.meydan.tv\\\/az\\\/#\\\/schema\\\/logo\\\/image\\\/\"}},{\"@type\":\"Person\",\"@id\":\"https:\\\/\\\/www.meydan.tv\\\/az\\\/#\\\/schema\\\/person\\\/476e9360e593fa131d5d71d51866f8da\",\"name\":\"aleks\"}]}<\/script>\n<!-- \/ Yoast SEO plugin. -->","yoast_head_json":{"title":"M\u0259d\u0259niyy\u0259t m\u00fc\u0259ssis\u0259l\u0259rind\u0259 q\u0131rm\u0131z\u0131ya, q\u0131sa geyiml\u0259r\u0259 qada\u011fa? - MEYDAN.TV","robots":{"index":"index","follow":"follow","max-snippet":"max-snippet:-1","max-image-preview":"max-image-preview:large","max-video-preview":"max-video-preview:-1"},"canonical":"https:\/\/www.meydan.tv\/az\/article\/medeniyyet-muessiselerinde-qirmiziya-qisa-geyimlere-qadaga\/","og_locale":"az_AZ","og_type":"article","og_title":"M\u0259d\u0259niyy\u0259t m\u00fc\u0259ssis\u0259l\u0259rind\u0259 q\u0131rm\u0131z\u0131ya, q\u0131sa geyiml\u0259r\u0259 qada\u011fa? - MEYDAN.TV","og_description":"\u201c\u0130\u015f\u00e7il\u0259r \u00fc\u00e7\u00fcn geyim v\u0259 \u00fcsluba dair t\u0259l\u0259bl\u0259r bir \u00e7ox d\u00f6vl\u0259t ... Davam\u0131","og_url":"https:\/\/www.meydan.tv\/az\/article\/medeniyyet-muessiselerinde-qirmiziya-qisa-geyimlere-qadaga\/","og_site_name":"MEYDAN.TV","article_published_time":"2022-04-21T14:38:45+00:00","article_modified_time":"2022-04-21T14:38:46+00:00","og_image":[{"width":1200,"height":800,"url":"https:\/\/www.meydan.tv\/wp-content\/uploads\/614da84f664cc614da84f664cd1632479311614da84f664c9614da84f664cb.jpeg","type":"image\/jpeg"}],"author":"aleks","twitter_card":"summary_large_image","schema":{"@context":"https:\/\/schema.org","@graph":[{"@type":"Article","@id":"https:\/\/www.meydan.tv\/az\/article\/medeniyyet-muessiselerinde-qirmiziya-qisa-geyimlere-qadaga\/#article","isPartOf":{"@id":"https:\/\/www.meydan.tv\/az\/article\/medeniyyet-muessiselerinde-qirmiziya-qisa-geyimlere-qadaga\/"},"author":{"name":"aleks","@id":"https:\/\/www.meydan.tv\/az\/#\/schema\/person\/476e9360e593fa131d5d71d51866f8da"},"headline":"M\u0259d\u0259niyy\u0259t m\u00fc\u0259ssis\u0259l\u0259rind\u0259 q\u0131rm\u0131z\u0131ya, q\u0131sa geyiml\u0259r\u0259 qada\u011fa?","datePublished":"2022-04-21T14:38:45+00:00","dateModified":"2022-04-21T14:38:46+00:00","mainEntityOfPage":{"@id":"https:\/\/www.meydan.tv\/az\/article\/medeniyyet-muessiselerinde-qirmiziya-qisa-geyimlere-qadaga\/"},"wordCount":515,"publisher":{"@id":"https:\/\/www.meydan.tv\/az\/#organization"},"image":{"@id":"https:\/\/www.meydan.tv\/az\/article\/medeniyyet-muessiselerinde-qirmiziya-qisa-geyimlere-qadaga\/#primaryimage"},"thumbnailUrl":"https:\/\/www.meydan.tv\/wp-content\/uploads\/614da84f664cc614da84f664cd1632479311614da84f664c9614da84f664cb.jpeg","articleSection":["M\u0259d\u0259niyy\u0259t","T\u00f6vsiy\u0259"],"inLanguage":"az"},{"@type":"WebPage","@id":"https:\/\/www.meydan.tv\/az\/article\/medeniyyet-muessiselerinde-qirmiziya-qisa-geyimlere-qadaga\/","url":"https:\/\/www.meydan.tv\/az\/article\/medeniyyet-muessiselerinde-qirmiziya-qisa-geyimlere-qadaga\/","name":"M\u0259d\u0259niyy\u0259t m\u00fc\u0259ssis\u0259l\u0259rind\u0259 q\u0131rm\u0131z\u0131ya, q\u0131sa geyiml\u0259r\u0259 qada\u011fa? - MEYDAN.TV","isPartOf":{"@id":"https:\/\/www.meydan.tv\/az\/#website"},"primaryImageOfPage":{"@id":"https:\/\/www.meydan.tv\/az\/article\/medeniyyet-muessiselerinde-qirmiziya-qisa-geyimlere-qadaga\/#primaryimage"},"image":{"@id":"https:\/\/www.meydan.tv\/az\/article\/medeniyyet-muessiselerinde-qirmiziya-qisa-geyimlere-qadaga\/#primaryimage"},"thumbnailUrl":"https:\/\/www.meydan.tv\/wp-content\/uploads\/614da84f664cc614da84f664cd1632479311614da84f664c9614da84f664cb.jpeg","datePublished":"2022-04-21T14:38:45+00:00","dateModified":"2022-04-21T14:38:46+00:00","breadcrumb":{"@id":"https:\/\/www.meydan.tv\/az\/article\/medeniyyet-muessiselerinde-qirmiziya-qisa-geyimlere-qadaga\/#breadcrumb"},"inLanguage":"az","potentialAction":[{"@type":"ReadAction","target":["https:\/\/www.meydan.tv\/az\/article\/medeniyyet-muessiselerinde-qirmiziya-qisa-geyimlere-qadaga\/"]}]},{"@type":"ImageObject","inLanguage":"az","@id":"https:\/\/www.meydan.tv\/az\/article\/medeniyyet-muessiselerinde-qirmiziya-qisa-geyimlere-qadaga\/#primaryimage","url":"https:\/\/www.meydan.tv\/wp-content\/uploads\/614da84f664cc614da84f664cd1632479311614da84f664c9614da84f664cb.jpeg","contentUrl":"https:\/\/www.meydan.tv\/wp-content\/uploads\/614da84f664cc614da84f664cd1632479311614da84f664c9614da84f664cb.jpeg","width":1200,"height":800},{"@type":"BreadcrumbList","@id":"https:\/\/www.meydan.tv\/az\/article\/medeniyyet-muessiselerinde-qirmiziya-qisa-geyimlere-qadaga\/#breadcrumb","itemListElement":[{"@type":"ListItem","position":1,"name":"Ana s\u0259hif\u0259","item":"https:\/\/www.meydan.tv\/az\/"},{"@type":"ListItem","position":2,"name":"T\u00f6vsiy\u0259","item":"https:\/\/www.meydan.tv\/az\/section\/featured\/"},{"@type":"ListItem","position":3,"name":"M\u0259d\u0259niyy\u0259t m\u00fc\u0259ssis\u0259l\u0259rind\u0259 q\u0131rm\u0131z\u0131ya, q\u0131sa geyiml\u0259r\u0259 qada\u011fa?"}]},{"@type":"WebSite","@id":"https:\/\/www.meydan.tv\/az\/#website","url":"https:\/\/www.meydan.tv\/az\/","name":"MEYDAN.TV","description":"Meydan TV Az\u0259rbaycan\u0131n media m\u0259kan\u0131ndak\u0131 alternativ s\u0259sidir","publisher":{"@id":"https:\/\/www.meydan.tv\/az\/#organization"},"potentialAction":[{"@type":"SearchAction","target":{"@type":"EntryPoint","urlTemplate":"https:\/\/www.meydan.tv\/az\/?s={search_term_string}"},"query-input":{"@type":"PropertyValueSpecification","valueRequired":true,"valueName":"search_term_string"}}],"inLanguage":"az"},{"@type":"Organization","@id":"https:\/\/www.meydan.tv\/az\/#organization","name":"Meydan TV","url":"https:\/\/www.meydan.tv\/az\/","logo":{"@type":"ImageObject","inLanguage":"az","@id":"https:\/\/www.meydan.tv\/az\/#\/schema\/logo\/image\/","url":"https:\/\/www.meydan.tv\/wp-content\/uploads\/2021\/07\/meydan-logo.svg","contentUrl":"https:\/\/www.meydan.tv\/wp-content\/uploads\/2021\/07\/meydan-logo.svg","width":195,"height":46,"caption":"Meydan TV"},"image":{"@id":"https:\/\/www.meydan.tv\/az\/#\/schema\/logo\/image\/"}},{"@type":"Person","@id":"https:\/\/www.meydan.tv\/az\/#\/schema\/person\/476e9360e593fa131d5d71d51866f8da","name":"aleks"}]}},"_links":{"self":[{"href":"https:\/\/www.meydan.tv\/az\/wp-json\/wp\/v2\/posts\/242735","targetHints":{"allow":["GET"]}}],"collection":[{"href":"https:\/\/www.meydan.tv\/az\/wp-json\/wp\/v2\/posts"}],"about":[{"href":"https:\/\/www.meydan.tv\/az\/wp-json\/wp\/v2\/types\/post"}],"author":[{"embeddable":true,"href":"https:\/\/www.meydan.tv\/az\/wp-json\/wp\/v2\/users\/12"}],"replies":[{"embeddable":true,"href":"https:\/\/www.meydan.tv\/az\/wp-json\/wp\/v2\/comments?post=242735"}],"version-history":[{"count":1,"href":"https:\/\/www.meydan.tv\/az\/wp-json\/wp\/v2\/posts\/242735\/revisions"}],"predecessor-version":[{"id":242739,"href":"https:\/\/www.meydan.tv\/az\/wp-json\/wp\/v2\/posts\/242735\/revisions\/242739"}],"wp:featuredmedia":[{"embeddable":true,"href":"https:\/\/www.meydan.tv\/az\/wp-json\/wp\/v2\/media\/242736"}],"wp:attachment":[{"href":"https:\/\/www.meydan.tv\/az\/wp-json\/wp\/v2\/media?parent=242735"}],"wp:term":[{"taxonomy":"category","embeddable":true,"href":"https:\/\/www.meydan.tv\/az\/wp-json\/wp\/v2\/categories?post=242735"},{"taxonomy":"post_tag","embeddable":true,"href":"https:\/\/www.meydan.tv\/az\/wp-json\/wp\/v2\/tags?post=242735"}],"curies":[{"name":"wp","href":"https:\/\/api.w.org\/{rel}","templated":true}]}}