{"id":242663,"date":"2022-04-21T13:43:33","date_gmt":"2022-04-21T09:43:33","guid":{"rendered":"https:\/\/www.meydan.tv\/?p=242663"},"modified":"2022-04-21T13:43:35","modified_gmt":"2022-04-21T09:43:35","slug":"bakidan-parise-uzanan-neft-borusu","status":"publish","type":"post","link":"https:\/\/www.meydan.tv\/az\/article\/bakidan-parise-uzanan-neft-borusu\/","title":{"rendered":"Bak\u0131dan Paris\u0259 uzanan \u201cneft borusu\u201d"},"content":{"rendered":"\n<p><\/p>\n\n\n\n<p><em>Nec\u0259 oldu ki, Elxan M\u0259mm\u0259dov F\u0130FA-n\u0131n Avropa Milli Assosiasiyalar\u0131 \u00fczr\u0259 direktoru v\u0259zif\u0259sin\u0259 t\u0259yinat ald\u0131?<br><\/em><\/p>\n\n\n\n<p>\u018fvv\u0259l d\u0259 ham\u0131 ondan dan\u0131\u015f\u0131rd\u0131, indi yen\u0259 ham\u0131 ondan dan\u0131\u015f\u0131r.<\/p>\n\n\n\n<p>Az\u0259rbaycan futbolunun h\u0259r \u015feyi \u2013 s\u00f6z sahibi, icra\u00e7\u0131s\u0131, beyni, \u0259li, aya\u011f\u0131 say\u0131lan Elxan M\u0259mm\u0259dov F\u0130FA-n\u0131n Avropa Milli Assosiasiyalar\u0131 \u00fczr\u0259 direktoru v\u0259zif\u0259sin\u0259 t\u0259yinat al\u0131b.<\/p>\n\n\n\n<p>Daha Bak\u0131da \u00e7ox da oturmayacaq, s\u0259si Fransan\u0131n paytaxt\u0131 Parisd\u0259n g\u0259l\u0259c\u0259k.<\/p>\n\n\n\n<p>Az\u0259rbaycan insan\u0131n\u0131 \u2013 f\u0259rqi yoxdur, v\u0259zif\u0259d\u0259 olan, \u015fi\u015fman qar\u0131nl\u0131, qalstuklu m\u0259murlardan tutmu\u015f, taksi s\u00fcr\u00fcc\u00fcl\u0259rin\u0259 q\u0259d\u0259r \u2013 yax\u015f\u0131 tan\u0131yan biri kimi h\u0259mi\u015f\u0259 \u0259min olmu\u015fam ki, bizim futbolun probleml\u0259rinin, top g\u00f6r\u0259nd\u0259 aya\u011f\u0131m\u0131z\u0131n v\u0259 ba\u015f\u0131m\u0131z\u0131n i\u015fl\u0259m\u0259m\u0259sinin s\u0259b\u0259bkar\u0131 bir v\u0259 ya bir ne\u00e7\u0259 n\u0259f\u0259r deyil. Sistem v\u0259 c\u0259miyy\u0259t olaraq h\u0259r k\u0259s g\u00fcnahkard\u0131r. Y\u0259ni, sosial \u015f\u0259b\u0259k\u0259d\u0259 \u201cUrra! Elxan M\u0259mm\u0259dov gedir, can\u0131m\u0131z qurtard\u0131, futbol inki\u015faf ed\u0259c\u0259k\u201d sevincin\u0259 q\u0259rq olanlar, t\u0259l\u0259sm\u0259yin, h\u0259r \u015fey bu q\u0259d\u0259r sad\u0259 deyil.<\/p>\n\n\n\n<p>Elxan M\u0259mm\u0259dovun AFFA-n\u0131n ba\u015f katibi, icra\u00e7\u0131 vitse-prezidenti, x\u00fclas\u0259, \u00f6lk\u0259 futbolunun ba\u015f\u0131nda dayanan vacib fiqur olaraq Az\u0259rbaycan futbolunda ba\u015f ver\u0259nl\u0259r\u0259 m\u00fcnasib\u0259tini, x\u00fcsus\u0259n d\u0259, milli komandalar\u0131n m\u0259\u011flubiyy\u0259tl\u0259rind\u0259n sonrak\u0131 davran\u0131\u015flar\u0131n\u0131 he\u00e7 vaxt b\u0259y\u0259nm\u0259mi\u015f\u0259m. M\u0259n bu adam\u0131n milli komandan\u0131n m\u0259\u011flubiyy\u0259tind\u0259n sonra bir d\u0259f\u0259 d\u0259 olsun, k\u0259d\u0259rl\u0259ndiyini g\u00f6rm\u0259dim. M\u0259n onun y\u0131\u011fma komandalar\u0131n biab\u0131r\u00e7\u0131 n\u0259tic\u0259l\u0259ri bar\u0259d\u0259 dan\u0131\u015fark\u0259n a\u00e7\u0131qlamalar\u0131ndan m\u0259yus, k\u0259d\u0259rli oldu\u011funu, utan\u0131b-q\u0131zard\u0131\u011f\u0131n\u0131 he\u00e7 vaxt hiss etm\u0259dim. \u018fksin\u0259, Elxan M\u0259mm\u0259dov h\u0259mi\u015f\u0259 g\u00fcl\u00fcms\u0259di, h\u0259r zaman m\u0259suliyy\u0259ti boynundan atd\u0131, h\u0259r d\u0259f\u0259sind\u0259 \u201cq\u0259rarlar\u0131 AFFA-n\u0131n \u0130craiyy\u0259 Komit\u0259si verir\u201d deyib, yaxas\u0131n\u0131 k\u0259nara \u00e7\u0259kdi. Onun h\u0259l\u0259 bir d\u0259, \u201cuzun ill\u0259r AFFA-da vacib postlarda \u00e7al\u0131\u015f\u0131ramsa, dem\u0259li, i\u015fimi yax\u015f\u0131 g\u00f6r\u00fcr\u0259m, m\u0259n\u0259 etimad g\u00f6st\u0259rirl\u0259r\u201d dem\u0259si var\u2026<\/p>\n\n\n\n<p>Elxan M\u0259mm\u0259dov nec\u0259 oldu ki, F\u0130FA-n\u0131n Avropa Milli Assosiasiyalar\u0131 \u00fczr\u0259 direktoru v\u0259zif\u0259sin\u0259 t\u0259yinat ald\u0131? Futbol biliyi v\u0259 m\u00fcst\u0259sna bacar\u0131\u011f\u0131 say\u0259sind\u0259mi? Xeyr, Az\u0259rbaycan neftinin say\u0259sind\u0259 Bak\u0131da t\u0259\u015fkil etdiyi laz\u0131ml\u0131 v\u0259 laz\u0131ms\u0131z turnirl\u0259rin, bu turnirl\u0259rin t\u0259\u015fkili zaman\u0131 F\u0130FA, UEFA il\u0259 qurdu\u011fu \u0259laq\u0259l\u0259r hesab\u0131na. Y\u0259ni, s\u0259nin, onun, ba\u015fqas\u0131n\u0131n cibin\u0259 getm\u0259li olan pullar\u0131n say\u0259sind\u0259, futbol biliyi, futbol savad\u0131 say\u0259sind\u0259 deyil.<\/p>\n\n\n\n<p>N\u0259 olur olsun, ortada bir fakt var. Ki, o fakt h\u0259tta Elxan M\u0259mm\u0259dov kimi utanma\u011f\u0131 \u00e7ox da yax\u015f\u0131 bacarmayan biri \u00fc\u00e7\u00fcn d\u0259 d\u0259h\u015f\u0259tlidir. O fakt\u0131n ad\u0131 F\u0130FA-n\u0131n milli komandalar\u0131n reytinq siyah\u0131s\u0131nda Az\u0259rbaycan y\u0131\u011fmas\u0131n\u0131n \u00f6z\u00fcn\u00fc p\u0259r\u00e7iml\u0259diyi 129-cu s\u0131rad\u0131r. Milli komandas\u0131 F\u0130FA reytinqind\u0259 129-cu yerd\u0259 olan \u00f6lk\u0259nin futbol federasiyas\u0131n\u0131n \u0259sas fiquru, icra\u00e7\u0131 vitse-prezidenti F\u0130FA-da direktor v\u0259zif\u0259sin\u0259 t\u0259yin olunub\u2026 Bilmirs\u0259n, g\u00fcl\u0259s\u0259n, a\u011flayasan.<\/p>\n\n\n\n<p>H\u0259, g\u0259l\u0259k o m\u0259\u015fhur suala ki, Elxan M\u0259mm\u0259dov gets\u0259, Az\u0259rbaycan futbolunun can\u0131 qurtaracaqm\u0131, inki\u015faf olacaqm\u0131? T\u0259\u0259ss\u00fcf ki, yox. Bu \u00f6lk\u0259d\u0259 futbol klubuna ayr\u0131lan 150 min manat\u0131 cibin\u0259 soxan Vilyam Hac\u0131yev kimi icra ba\u015f\u00e7\u0131lar\u0131, b\u0259l\u0259diyy\u0259 s\u0259dri \u201cse\u00e7ilm\u0259k\u201d \u00fc\u00e7\u00fcn h\u0259min icra ba\u015f\u00e7\u0131lar\u0131na r\u00fc\u015fv\u0259t verib, sonra bunu Az\u0259rbaycan M\u018fHK\u018fM\u018fL\u018fR\u0130ND\u018f etiraf edib, \u0259lini-qolunu sallayaraq m\u0259hk\u0259m\u0259 zal\u0131ndan \u00e7\u0131x\u0131b, r\u00fc\u015fv\u0259tl\u0259 \u201cse\u00e7ildiyi\u201d v\u0259zif\u0259sind\u0259 h\u0259yat\u0131na davam ed\u0259nl\u0259r olduqca, he\u00e7 n\u0259 d\u0259yi\u015fm\u0259y\u0259c\u0259k. B\u0259lk\u0259 d\u0259, c\u00fczi, kosmetik d\u0259yi\u015flikl\u0259r olacaq. Amma k\u00f6kl\u00fc \u015f\u0259kild\u0259 he\u00e7 n\u0259 d\u0259yi\u015fm\u0259y\u0259c\u0259k. Elxan M\u0259mm\u0259dov t\u0259k deyil ki. Az\u0259rbaycanda minl\u0259rl\u0259, y\u00fcz minl\u0259rl\u0259 elxan m\u0259mm\u0259dovlar var. V\u0259 m\u00fctl\u0259q onlardan birinin yolu Az\u0259rbaycan futbolunun ba\u015f\u0131ndan \u2013 AFFA-dan ke\u00e7\u0259c\u0259k.<\/p>\n","protected":false},"excerpt":{"rendered":"<p>Nec\u0259 oldu ki, Elxan M\u0259mm\u0259dov F\u0130FA-n\u0131n Avropa Milli Assosiasiyalar\u0131 \u00fczr\u0259 &#8230; <\/p>\n<p class=\"read-more-container\"><a title=\"Bak\u0131dan Paris\u0259 uzanan \u201cneft borusu\u201d\" class=\"read-more button\" href=\"https:\/\/www.meydan.tv\/az\/article\/bakidan-parise-uzanan-neft-borusu\/#more-242663\" aria-label=\"Read more about Bak\u0131dan Paris\u0259 uzanan \u201cneft borusu\u201d\">Davam\u0131<\/a><\/p>\n","protected":false},"author":8,"featured_media":242667,"comment_status":"closed","ping_status":"closed","sticky":false,"template":"","format":"standard","meta":{"_acf_changed":false,"_sitemap_exclude":false,"_sitemap_priority":"","_sitemap_frequency":"","footnotes":""},"categories":[57],"tags":[],"class_list":["post-242663","post","type-post","status-publish","format-standard","has-post-thumbnail","hentry","category-menim-fikrimce","infinite-scroll-item","generate-columns","tablet-grid-50","mobile-grid-100","grid-parent","grid-33","no-featured-image-padding"],"acf":[],"yoast_head":"<!-- This site is optimized with the Yoast SEO plugin v27.4 - https:\/\/yoast.com\/product\/yoast-seo-wordpress\/ -->\n<title>Bak\u0131dan Paris\u0259 uzanan \u201cneft borusu\u201d - MEYDAN.TV<\/title>\n<meta name=\"robots\" content=\"index, follow, max-snippet:-1, max-image-preview:large, max-video-preview:-1\" \/>\n<link rel=\"canonical\" href=\"https:\/\/www.meydan.tv\/az\/article\/bakidan-parise-uzanan-neft-borusu\/\" \/>\n<meta property=\"og:locale\" content=\"az_AZ\" \/>\n<meta property=\"og:type\" content=\"article\" \/>\n<meta property=\"og:title\" content=\"Bak\u0131dan Paris\u0259 uzanan \u201cneft borusu\u201d - MEYDAN.TV\" \/>\n<meta property=\"og:description\" content=\"Nec\u0259 oldu ki, Elxan M\u0259mm\u0259dov F\u0130FA-n\u0131n Avropa Milli Assosiasiyalar\u0131 \u00fczr\u0259 ... Davam\u0131\" \/>\n<meta property=\"og:url\" content=\"https:\/\/www.meydan.tv\/az\/article\/bakidan-parise-uzanan-neft-borusu\/\" \/>\n<meta property=\"og:site_name\" content=\"MEYDAN.TV\" \/>\n<meta property=\"article:published_time\" content=\"2022-04-21T09:43:33+00:00\" \/>\n<meta property=\"article:modified_time\" content=\"2022-04-21T09:43:35+00:00\" \/>\n<meta property=\"og:image\" content=\"https:\/\/www.meydan.tv\/wp-content\/uploads\/affa_general_secretary_elkhan_mammadov_-_2-e1650534184695.jpg\" \/>\n\t<meta property=\"og:image:width\" content=\"1200\" \/>\n\t<meta property=\"og:image:height\" content=\"693\" \/>\n\t<meta property=\"og:image:type\" content=\"image\/jpeg\" \/>\n<meta name=\"author\" content=\"elli\" \/>\n<meta name=\"twitter:card\" content=\"summary_large_image\" \/>\n<meta name=\"twitter:creator\" content=\"@elli\" \/>\n<script type=\"application\/ld+json\" class=\"yoast-schema-graph\">{\"@context\":\"https:\\\/\\\/schema.org\",\"@graph\":[{\"@type\":\"Article\",\"@id\":\"https:\\\/\\\/www.meydan.tv\\\/az\\\/article\\\/bakidan-parise-uzanan-neft-borusu\\\/#article\",\"isPartOf\":{\"@id\":\"https:\\\/\\\/www.meydan.tv\\\/az\\\/article\\\/bakidan-parise-uzanan-neft-borusu\\\/\"},\"author\":{\"name\":\"elli\",\"@id\":\"https:\\\/\\\/www.meydan.tv\\\/az\\\/#\\\/schema\\\/person\\\/9cdbecf90d17180ce1dfbd95b08dcf47\"},\"headline\":\"Bak\u0131dan Paris\u0259 uzanan \u201cneft borusu\u201d\",\"datePublished\":\"2022-04-21T09:43:33+00:00\",\"dateModified\":\"2022-04-21T09:43:35+00:00\",\"mainEntityOfPage\":{\"@id\":\"https:\\\/\\\/www.meydan.tv\\\/az\\\/article\\\/bakidan-parise-uzanan-neft-borusu\\\/\"},\"wordCount\":755,\"publisher\":{\"@id\":\"https:\\\/\\\/www.meydan.tv\\\/az\\\/#organization\"},\"image\":{\"@id\":\"https:\\\/\\\/www.meydan.tv\\\/az\\\/article\\\/bakidan-parise-uzanan-neft-borusu\\\/#primaryimage\"},\"thumbnailUrl\":\"https:\\\/\\\/www.meydan.tv\\\/wp-content\\\/uploads\\\/affa_general_secretary_elkhan_mammadov_-_2-e1650534184695.jpg\",\"articleSection\":[\"M\u0259nim Fikrimc\u0259\"],\"inLanguage\":\"az\"},{\"@type\":\"WebPage\",\"@id\":\"https:\\\/\\\/www.meydan.tv\\\/az\\\/article\\\/bakidan-parise-uzanan-neft-borusu\\\/\",\"url\":\"https:\\\/\\\/www.meydan.tv\\\/az\\\/article\\\/bakidan-parise-uzanan-neft-borusu\\\/\",\"name\":\"Bak\u0131dan Paris\u0259 uzanan \u201cneft borusu\u201d - MEYDAN.TV\",\"isPartOf\":{\"@id\":\"https:\\\/\\\/www.meydan.tv\\\/az\\\/#website\"},\"primaryImageOfPage\":{\"@id\":\"https:\\\/\\\/www.meydan.tv\\\/az\\\/article\\\/bakidan-parise-uzanan-neft-borusu\\\/#primaryimage\"},\"image\":{\"@id\":\"https:\\\/\\\/www.meydan.tv\\\/az\\\/article\\\/bakidan-parise-uzanan-neft-borusu\\\/#primaryimage\"},\"thumbnailUrl\":\"https:\\\/\\\/www.meydan.tv\\\/wp-content\\\/uploads\\\/affa_general_secretary_elkhan_mammadov_-_2-e1650534184695.jpg\",\"datePublished\":\"2022-04-21T09:43:33+00:00\",\"dateModified\":\"2022-04-21T09:43:35+00:00\",\"breadcrumb\":{\"@id\":\"https:\\\/\\\/www.meydan.tv\\\/az\\\/article\\\/bakidan-parise-uzanan-neft-borusu\\\/#breadcrumb\"},\"inLanguage\":\"az\",\"potentialAction\":[{\"@type\":\"ReadAction\",\"target\":[\"https:\\\/\\\/www.meydan.tv\\\/az\\\/article\\\/bakidan-parise-uzanan-neft-borusu\\\/\"]}]},{\"@type\":\"ImageObject\",\"inLanguage\":\"az\",\"@id\":\"https:\\\/\\\/www.meydan.tv\\\/az\\\/article\\\/bakidan-parise-uzanan-neft-borusu\\\/#primaryimage\",\"url\":\"https:\\\/\\\/www.meydan.tv\\\/wp-content\\\/uploads\\\/affa_general_secretary_elkhan_mammadov_-_2-e1650534184695.jpg\",\"contentUrl\":\"https:\\\/\\\/www.meydan.tv\\\/wp-content\\\/uploads\\\/affa_general_secretary_elkhan_mammadov_-_2-e1650534184695.jpg\",\"width\":1200,\"height\":693,\"caption\":\"Elxan M\u0259mm\u0259dov. M\u0259nb\u0259: wikipedia\"},{\"@type\":\"BreadcrumbList\",\"@id\":\"https:\\\/\\\/www.meydan.tv\\\/az\\\/article\\\/bakidan-parise-uzanan-neft-borusu\\\/#breadcrumb\",\"itemListElement\":[{\"@type\":\"ListItem\",\"position\":1,\"name\":\"Ana s\u0259hif\u0259\",\"item\":\"https:\\\/\\\/www.meydan.tv\\\/az\\\/\"},{\"@type\":\"ListItem\",\"position\":2,\"name\":\"M\u0259nim Fikrimc\u0259\",\"item\":\"https:\\\/\\\/www.meydan.tv\\\/az\\\/section\\\/menim-fikrimce\\\/\"},{\"@type\":\"ListItem\",\"position\":3,\"name\":\"Bak\u0131dan Paris\u0259 uzanan \u201cneft borusu\u201d\"}]},{\"@type\":\"WebSite\",\"@id\":\"https:\\\/\\\/www.meydan.tv\\\/az\\\/#website\",\"url\":\"https:\\\/\\\/www.meydan.tv\\\/az\\\/\",\"name\":\"MEYDAN.TV\",\"description\":\"Meydan TV Az\u0259rbaycan\u0131n media m\u0259kan\u0131ndak\u0131 alternativ s\u0259sidir\",\"publisher\":{\"@id\":\"https:\\\/\\\/www.meydan.tv\\\/az\\\/#organization\"},\"potentialAction\":[{\"@type\":\"SearchAction\",\"target\":{\"@type\":\"EntryPoint\",\"urlTemplate\":\"https:\\\/\\\/www.meydan.tv\\\/az\\\/?s={search_term_string}\"},\"query-input\":{\"@type\":\"PropertyValueSpecification\",\"valueRequired\":true,\"valueName\":\"search_term_string\"}}],\"inLanguage\":\"az\"},{\"@type\":\"Organization\",\"@id\":\"https:\\\/\\\/www.meydan.tv\\\/az\\\/#organization\",\"name\":\"Meydan TV\",\"url\":\"https:\\\/\\\/www.meydan.tv\\\/az\\\/\",\"logo\":{\"@type\":\"ImageObject\",\"inLanguage\":\"az\",\"@id\":\"https:\\\/\\\/www.meydan.tv\\\/az\\\/#\\\/schema\\\/logo\\\/image\\\/\",\"url\":\"https:\\\/\\\/www.meydan.tv\\\/wp-content\\\/uploads\\\/2021\\\/07\\\/meydan-logo.svg\",\"contentUrl\":\"https:\\\/\\\/www.meydan.tv\\\/wp-content\\\/uploads\\\/2021\\\/07\\\/meydan-logo.svg\",\"width\":195,\"height\":46,\"caption\":\"Meydan TV\"},\"image\":{\"@id\":\"https:\\\/\\\/www.meydan.tv\\\/az\\\/#\\\/schema\\\/logo\\\/image\\\/\"}},{\"@type\":\"Person\",\"@id\":\"https:\\\/\\\/www.meydan.tv\\\/az\\\/#\\\/schema\\\/person\\\/9cdbecf90d17180ce1dfbd95b08dcf47\",\"name\":\"elli\",\"sameAs\":[\"https:\\\/\\\/x.com\\\/elli\"]}]}<\/script>\n<!-- \/ Yoast SEO plugin. -->","yoast_head_json":{"title":"Bak\u0131dan Paris\u0259 uzanan \u201cneft borusu\u201d - MEYDAN.TV","robots":{"index":"index","follow":"follow","max-snippet":"max-snippet:-1","max-image-preview":"max-image-preview:large","max-video-preview":"max-video-preview:-1"},"canonical":"https:\/\/www.meydan.tv\/az\/article\/bakidan-parise-uzanan-neft-borusu\/","og_locale":"az_AZ","og_type":"article","og_title":"Bak\u0131dan Paris\u0259 uzanan \u201cneft borusu\u201d - MEYDAN.TV","og_description":"Nec\u0259 oldu ki, Elxan M\u0259mm\u0259dov F\u0130FA-n\u0131n Avropa Milli Assosiasiyalar\u0131 \u00fczr\u0259 ... Davam\u0131","og_url":"https:\/\/www.meydan.tv\/az\/article\/bakidan-parise-uzanan-neft-borusu\/","og_site_name":"MEYDAN.TV","article_published_time":"2022-04-21T09:43:33+00:00","article_modified_time":"2022-04-21T09:43:35+00:00","og_image":[{"width":1200,"height":693,"url":"https:\/\/www.meydan.tv\/wp-content\/uploads\/affa_general_secretary_elkhan_mammadov_-_2-e1650534184695.jpg","type":"image\/jpeg"}],"author":"elli","twitter_card":"summary_large_image","twitter_creator":"@elli","schema":{"@context":"https:\/\/schema.org","@graph":[{"@type":"Article","@id":"https:\/\/www.meydan.tv\/az\/article\/bakidan-parise-uzanan-neft-borusu\/#article","isPartOf":{"@id":"https:\/\/www.meydan.tv\/az\/article\/bakidan-parise-uzanan-neft-borusu\/"},"author":{"name":"elli","@id":"https:\/\/www.meydan.tv\/az\/#\/schema\/person\/9cdbecf90d17180ce1dfbd95b08dcf47"},"headline":"Bak\u0131dan Paris\u0259 uzanan \u201cneft borusu\u201d","datePublished":"2022-04-21T09:43:33+00:00","dateModified":"2022-04-21T09:43:35+00:00","mainEntityOfPage":{"@id":"https:\/\/www.meydan.tv\/az\/article\/bakidan-parise-uzanan-neft-borusu\/"},"wordCount":755,"publisher":{"@id":"https:\/\/www.meydan.tv\/az\/#organization"},"image":{"@id":"https:\/\/www.meydan.tv\/az\/article\/bakidan-parise-uzanan-neft-borusu\/#primaryimage"},"thumbnailUrl":"https:\/\/www.meydan.tv\/wp-content\/uploads\/affa_general_secretary_elkhan_mammadov_-_2-e1650534184695.jpg","articleSection":["M\u0259nim Fikrimc\u0259"],"inLanguage":"az"},{"@type":"WebPage","@id":"https:\/\/www.meydan.tv\/az\/article\/bakidan-parise-uzanan-neft-borusu\/","url":"https:\/\/www.meydan.tv\/az\/article\/bakidan-parise-uzanan-neft-borusu\/","name":"Bak\u0131dan Paris\u0259 uzanan \u201cneft borusu\u201d - MEYDAN.TV","isPartOf":{"@id":"https:\/\/www.meydan.tv\/az\/#website"},"primaryImageOfPage":{"@id":"https:\/\/www.meydan.tv\/az\/article\/bakidan-parise-uzanan-neft-borusu\/#primaryimage"},"image":{"@id":"https:\/\/www.meydan.tv\/az\/article\/bakidan-parise-uzanan-neft-borusu\/#primaryimage"},"thumbnailUrl":"https:\/\/www.meydan.tv\/wp-content\/uploads\/affa_general_secretary_elkhan_mammadov_-_2-e1650534184695.jpg","datePublished":"2022-04-21T09:43:33+00:00","dateModified":"2022-04-21T09:43:35+00:00","breadcrumb":{"@id":"https:\/\/www.meydan.tv\/az\/article\/bakidan-parise-uzanan-neft-borusu\/#breadcrumb"},"inLanguage":"az","potentialAction":[{"@type":"ReadAction","target":["https:\/\/www.meydan.tv\/az\/article\/bakidan-parise-uzanan-neft-borusu\/"]}]},{"@type":"ImageObject","inLanguage":"az","@id":"https:\/\/www.meydan.tv\/az\/article\/bakidan-parise-uzanan-neft-borusu\/#primaryimage","url":"https:\/\/www.meydan.tv\/wp-content\/uploads\/affa_general_secretary_elkhan_mammadov_-_2-e1650534184695.jpg","contentUrl":"https:\/\/www.meydan.tv\/wp-content\/uploads\/affa_general_secretary_elkhan_mammadov_-_2-e1650534184695.jpg","width":1200,"height":693,"caption":"Elxan M\u0259mm\u0259dov. M\u0259nb\u0259: wikipedia"},{"@type":"BreadcrumbList","@id":"https:\/\/www.meydan.tv\/az\/article\/bakidan-parise-uzanan-neft-borusu\/#breadcrumb","itemListElement":[{"@type":"ListItem","position":1,"name":"Ana s\u0259hif\u0259","item":"https:\/\/www.meydan.tv\/az\/"},{"@type":"ListItem","position":2,"name":"M\u0259nim Fikrimc\u0259","item":"https:\/\/www.meydan.tv\/az\/section\/menim-fikrimce\/"},{"@type":"ListItem","position":3,"name":"Bak\u0131dan Paris\u0259 uzanan \u201cneft borusu\u201d"}]},{"@type":"WebSite","@id":"https:\/\/www.meydan.tv\/az\/#website","url":"https:\/\/www.meydan.tv\/az\/","name":"MEYDAN.TV","description":"Meydan TV Az\u0259rbaycan\u0131n media m\u0259kan\u0131ndak\u0131 alternativ s\u0259sidir","publisher":{"@id":"https:\/\/www.meydan.tv\/az\/#organization"},"potentialAction":[{"@type":"SearchAction","target":{"@type":"EntryPoint","urlTemplate":"https:\/\/www.meydan.tv\/az\/?s={search_term_string}"},"query-input":{"@type":"PropertyValueSpecification","valueRequired":true,"valueName":"search_term_string"}}],"inLanguage":"az"},{"@type":"Organization","@id":"https:\/\/www.meydan.tv\/az\/#organization","name":"Meydan TV","url":"https:\/\/www.meydan.tv\/az\/","logo":{"@type":"ImageObject","inLanguage":"az","@id":"https:\/\/www.meydan.tv\/az\/#\/schema\/logo\/image\/","url":"https:\/\/www.meydan.tv\/wp-content\/uploads\/2021\/07\/meydan-logo.svg","contentUrl":"https:\/\/www.meydan.tv\/wp-content\/uploads\/2021\/07\/meydan-logo.svg","width":195,"height":46,"caption":"Meydan TV"},"image":{"@id":"https:\/\/www.meydan.tv\/az\/#\/schema\/logo\/image\/"}},{"@type":"Person","@id":"https:\/\/www.meydan.tv\/az\/#\/schema\/person\/9cdbecf90d17180ce1dfbd95b08dcf47","name":"elli","sameAs":["https:\/\/x.com\/elli"]}]}},"_links":{"self":[{"href":"https:\/\/www.meydan.tv\/az\/wp-json\/wp\/v2\/posts\/242663","targetHints":{"allow":["GET"]}}],"collection":[{"href":"https:\/\/www.meydan.tv\/az\/wp-json\/wp\/v2\/posts"}],"about":[{"href":"https:\/\/www.meydan.tv\/az\/wp-json\/wp\/v2\/types\/post"}],"author":[{"embeddable":true,"href":"https:\/\/www.meydan.tv\/az\/wp-json\/wp\/v2\/users\/8"}],"replies":[{"embeddable":true,"href":"https:\/\/www.meydan.tv\/az\/wp-json\/wp\/v2\/comments?post=242663"}],"version-history":[{"count":3,"href":"https:\/\/www.meydan.tv\/az\/wp-json\/wp\/v2\/posts\/242663\/revisions"}],"predecessor-version":[{"id":244138,"href":"https:\/\/www.meydan.tv\/az\/wp-json\/wp\/v2\/posts\/242663\/revisions\/244138"}],"wp:featuredmedia":[{"embeddable":true,"href":"https:\/\/www.meydan.tv\/az\/wp-json\/wp\/v2\/media\/242667"}],"wp:attachment":[{"href":"https:\/\/www.meydan.tv\/az\/wp-json\/wp\/v2\/media?parent=242663"}],"wp:term":[{"taxonomy":"category","embeddable":true,"href":"https:\/\/www.meydan.tv\/az\/wp-json\/wp\/v2\/categories?post=242663"},{"taxonomy":"post_tag","embeddable":true,"href":"https:\/\/www.meydan.tv\/az\/wp-json\/wp\/v2\/tags?post=242663"}],"curies":[{"name":"wp","href":"https:\/\/api.w.org\/{rel}","templated":true}]}}