{"id":242543,"date":"2022-04-20T15:58:23","date_gmt":"2022-04-20T11:58:23","guid":{"rendered":"https:\/\/www.meydan.tv\/?p=242543"},"modified":"2022-04-20T15:58:25","modified_gmt":"2022-04-20T11:58:25","slug":"heyder-eliyev-adina-neft-emali-zavodunda-etiraz-aksiyasi","status":"publish","type":"post","link":"https:\/\/www.meydan.tv\/az\/article\/heyder-eliyev-adina-neft-emali-zavodunda-etiraz-aksiyasi\/","title":{"rendered":"Heyd\u0259r \u018fliyev ad\u0131na Neft Emal\u0131 Zavodunda etiraz aksiyas\u0131"},"content":{"rendered":"\n<p><\/p>\n\n\n\n<p><em>Min\u0259 yax\u0131n i\u015f\u00e7inin aksiyaya \u00e7\u0131xd\u0131\u011f\u0131 bildirilir<\/em><\/p>\n\n\n\n<p>Heyd\u0259r \u018fliyev ad\u0131na Neft Emal\u0131 Zavodunun min\u0259 yax\u0131n i\u015f\u00e7isinin etiraz aksiyas\u0131 ke\u00e7irdiyi bildirilir.<\/p>\n\n\n\n<p>Meydan TV-y\u0259 i\u015fini itirm\u0259k qorxusu il\u0259 ad\u0131n\u0131 a\u00e7\u0131qlamaq ist\u0259m\u0259y\u0259n i\u015f\u00e7il\u0259rd\u0259n biri bildirib ki, zavodda \u0259m\u0259khaqlar\u0131 gecikdirilir.<\/p>\n\n\n\n<p>\u201c\u018fm\u0259k m\u00fcqavil\u0259sind\u0259 qeyd olunub ki, \u0259m\u0259khaqlar\u0131 ay\u0131n 1-d\u0259n 15-\u0259 q\u0259d\u0259r \u00f6d\u0259nilm\u0259lidir. Zavodda \u00fcmimi i\u015f\u00e7i say\u0131 1300 n\u0259f\u0259rdir. Ay\u0131n 15-d\u0259 \u0259m\u0259kda\u015flar\u0131n bir hiss\u0259sinin maa\u015f\u0131n\u0131 \u00f6d\u0259dil\u0259r. Qalanlar is\u0259 h\u0259l\u0259 d\u0259 g\u00f6zl\u0259yir. \u0130ki g\u00fcnd\u00fcr ki, ard-arda zavodun min n\u0259f\u0259r i\u015f\u00e7isi etiraz aksiyas\u0131 ke\u00e7irir\u201d, &#8211; \u015fikay\u0259t\u00e7i bildirib.<\/p>\n\n\n\n<p>Aksiya i\u015ftirak\u00e7\u0131s\u0131n\u0131n s\u00f6zl\u0259rin\u0259 g\u00f6r\u0259, \u015fikay\u0259tl\u0259rini SOCAR (Az\u0259rbaycan Respublikas\u0131 D\u00f6vl\u0259t Neft \u015eirk\u0259tinin) n\u00fcmay\u0259nd\u0259l\u0259rin\u0259 d\u0259 bildiribl\u0259r: <\/p>\n\n\n\n<p>\u201cOnlar da dedil\u0259r ki, bax\u0131lacaq. Zavodda is\u0259 aidiyy\u0259ti \u015f\u0259xsl\u0259r \u0259vv\u0259lc\u0259 dedil\u0259r ki, gecikm\u0259 olur, sonra bildirdil\u0259r ki, bankda problem var. Min n\u0259f\u0259rin mart ay\u0131n\u0131n maa\u015f\u0131n\u0131 verm\u0259yibl\u0259r&#8221;.<\/p>\n\n\n\n<p>&#8220;Deyirl\u0259r ki, bu, in\u015faat i\u015fidir, gecikm\u0259 ola bil\u0259r. Biz maa\u015flar\u0131m\u0131z\u0131 v\u0259 t\u0259zminat t\u0259l\u0259b edirik\u201d, &#8211; dey\u0259 o qeyd edib.<\/p>\n\n\n\n<p>Heyd\u0259r \u018fliyev ad\u0131na Neft Emal\u0131 Zavoddan m\u00fcnasib\u0259t \u00f6yr\u0259nm\u0259k m\u00fcmk\u00fcn olmay\u0131b.<\/p>\n\n\n\n<p>Heyd\u0259r \u018fliyev ad\u0131na Neft Emal\u0131 Zavodu (ke\u00e7mi\u015f Yeni Bak\u0131 neftay\u0131rma zavodu, &#8220;Az\u0259rneftyanacaq&#8221; \u0130stehsalat Birliyi, &#8220;Az\u0259rneftyanacaq&#8221;neft emal\u0131 zavodu, Heyd\u0259r \u018fliyev ad\u0131na Bak\u0131 Neft Emal\u0131 Zavodu) ke\u00e7mi\u015f SSR\u0130 Neft S\u0259nayesi Nazirliyinin 1953-c\u00fc il 29 iyul tarixli \u0259mri il\u0259 yarad\u0131l\u0131b.<\/p>\n\n\n\n<p>R\u0259smi m\u0259lumata g\u00f6r\u0259, Az\u0259rbaycan neftinin 24 \u00e7e\u015fidind\u0259n 21-i Heyd\u0259r \u018fliyev ad\u0131na Bak\u0131 Neft Emal\u0131 Zavodunda emal olunur ki, bunlardan da \u00f6z n\u00f6vb\u0259sind\u0259 15 adda neft m\u0259hsulu, o c\u00fcml\u0259d\u0259n avtomobil benzinl\u0259ri, aviasiya kerosini, dizel yanaca\u011f\u0131, mazut, neft koksu v\u0259 s. istehsal olunur.<\/p>\n\n\n\n<p>Bildirilir ki, istehsal olunan neft m\u0259hsullar\u0131n\u0131n 45%-i xarici \u00f6lk\u0259l\u0259r\u0259 ixrac edilir.<\/p>\n","protected":false},"excerpt":{"rendered":"<p>Min\u0259 yax\u0131n i\u015f\u00e7inin aksiyaya \u00e7\u0131xd\u0131\u011f\u0131 bildirilir Heyd\u0259r \u018fliyev ad\u0131na Neft &#8230; <\/p>\n<p class=\"read-more-container\"><a title=\"Heyd\u0259r \u018fliyev ad\u0131na Neft Emal\u0131 Zavodunda etiraz aksiyas\u0131\" class=\"read-more button\" href=\"https:\/\/www.meydan.tv\/az\/article\/heyder-eliyev-adina-neft-emali-zavodunda-etiraz-aksiyasi\/#more-242543\" aria-label=\"Read more about Heyd\u0259r \u018fliyev ad\u0131na Neft Emal\u0131 Zavodunda etiraz aksiyas\u0131\">Davam\u0131<\/a><\/p>\n","protected":false},"author":8,"featured_media":242548,"comment_status":"closed","ping_status":"closed","sticky":false,"template":"","format":"standard","meta":{"_acf_changed":false,"_sitemap_exclude":false,"_sitemap_priority":"","_sitemap_frequency":"","footnotes":""},"categories":[62,56],"tags":[],"class_list":["post-242543","post","type-post","status-publish","format-standard","has-post-thumbnail","hentry","category-sosial","category-xeberler","infinite-scroll-item","generate-columns","tablet-grid-50","mobile-grid-100","grid-parent","grid-33","no-featured-image-padding"],"acf":[],"yoast_head":"<!-- This site is optimized with the Yoast SEO plugin v27.5 - https:\/\/yoast.com\/product\/yoast-seo-wordpress\/ -->\n<title>Heyd\u0259r \u018fliyev ad\u0131na Neft Emal\u0131 Zavodunda etiraz aksiyas\u0131 - MEYDAN.TV<\/title>\n<meta name=\"robots\" content=\"index, follow, max-snippet:-1, max-image-preview:large, max-video-preview:-1\" \/>\n<link rel=\"canonical\" href=\"https:\/\/www.meydan.tv\/az\/article\/heyder-eliyev-adina-neft-emali-zavodunda-etiraz-aksiyasi\/\" \/>\n<meta property=\"og:locale\" content=\"az_AZ\" \/>\n<meta property=\"og:type\" content=\"article\" \/>\n<meta property=\"og:title\" content=\"Heyd\u0259r \u018fliyev ad\u0131na Neft Emal\u0131 Zavodunda etiraz aksiyas\u0131 - MEYDAN.TV\" \/>\n<meta property=\"og:description\" content=\"Min\u0259 yax\u0131n i\u015f\u00e7inin aksiyaya \u00e7\u0131xd\u0131\u011f\u0131 bildirilir Heyd\u0259r \u018fliyev ad\u0131na Neft ... Davam\u0131\" \/>\n<meta property=\"og:url\" content=\"https:\/\/www.meydan.tv\/az\/article\/heyder-eliyev-adina-neft-emali-zavodunda-etiraz-aksiyasi\/\" \/>\n<meta property=\"og:site_name\" content=\"MEYDAN.TV\" \/>\n<meta property=\"article:published_time\" content=\"2022-04-20T11:58:23+00:00\" \/>\n<meta property=\"article:modified_time\" content=\"2022-04-20T11:58:25+00:00\" \/>\n<meta property=\"og:image\" content=\"https:\/\/www.meydan.tv\/wp-content\/uploads\/image_from_ios-34.jpg\" \/>\n\t<meta property=\"og:image:width\" content=\"1200\" \/>\n\t<meta property=\"og:image:height\" content=\"900\" \/>\n\t<meta property=\"og:image:type\" content=\"image\/jpeg\" \/>\n<meta name=\"author\" content=\"elli\" \/>\n<meta name=\"twitter:card\" content=\"summary_large_image\" \/>\n<meta name=\"twitter:creator\" content=\"@elli\" \/>\n<script type=\"application\/ld+json\" class=\"yoast-schema-graph\">{\"@context\":\"https:\\\/\\\/schema.org\",\"@graph\":[{\"@type\":\"Article\",\"@id\":\"https:\\\/\\\/www.meydan.tv\\\/az\\\/article\\\/heyder-eliyev-adina-neft-emali-zavodunda-etiraz-aksiyasi\\\/#article\",\"isPartOf\":{\"@id\":\"https:\\\/\\\/www.meydan.tv\\\/az\\\/article\\\/heyder-eliyev-adina-neft-emali-zavodunda-etiraz-aksiyasi\\\/\"},\"author\":{\"name\":\"elli\",\"@id\":\"https:\\\/\\\/www.meydan.tv\\\/az\\\/#\\\/schema\\\/person\\\/9cdbecf90d17180ce1dfbd95b08dcf47\"},\"headline\":\"Heyd\u0259r \u018fliyev ad\u0131na Neft Emal\u0131 Zavodunda etiraz aksiyas\u0131\",\"datePublished\":\"2022-04-20T11:58:23+00:00\",\"dateModified\":\"2022-04-20T11:58:25+00:00\",\"mainEntityOfPage\":{\"@id\":\"https:\\\/\\\/www.meydan.tv\\\/az\\\/article\\\/heyder-eliyev-adina-neft-emali-zavodunda-etiraz-aksiyasi\\\/\"},\"wordCount\":376,\"publisher\":{\"@id\":\"https:\\\/\\\/www.meydan.tv\\\/az\\\/#organization\"},\"image\":{\"@id\":\"https:\\\/\\\/www.meydan.tv\\\/az\\\/article\\\/heyder-eliyev-adina-neft-emali-zavodunda-etiraz-aksiyasi\\\/#primaryimage\"},\"thumbnailUrl\":\"https:\\\/\\\/www.meydan.tv\\\/wp-content\\\/uploads\\\/image_from_ios-34.jpg\",\"articleSection\":[\"Sosial\",\"X\u0259b\u0259rl\u0259r\"],\"inLanguage\":\"az\"},{\"@type\":\"WebPage\",\"@id\":\"https:\\\/\\\/www.meydan.tv\\\/az\\\/article\\\/heyder-eliyev-adina-neft-emali-zavodunda-etiraz-aksiyasi\\\/\",\"url\":\"https:\\\/\\\/www.meydan.tv\\\/az\\\/article\\\/heyder-eliyev-adina-neft-emali-zavodunda-etiraz-aksiyasi\\\/\",\"name\":\"Heyd\u0259r \u018fliyev ad\u0131na Neft Emal\u0131 Zavodunda etiraz aksiyas\u0131 - MEYDAN.TV\",\"isPartOf\":{\"@id\":\"https:\\\/\\\/www.meydan.tv\\\/az\\\/#website\"},\"primaryImageOfPage\":{\"@id\":\"https:\\\/\\\/www.meydan.tv\\\/az\\\/article\\\/heyder-eliyev-adina-neft-emali-zavodunda-etiraz-aksiyasi\\\/#primaryimage\"},\"image\":{\"@id\":\"https:\\\/\\\/www.meydan.tv\\\/az\\\/article\\\/heyder-eliyev-adina-neft-emali-zavodunda-etiraz-aksiyasi\\\/#primaryimage\"},\"thumbnailUrl\":\"https:\\\/\\\/www.meydan.tv\\\/wp-content\\\/uploads\\\/image_from_ios-34.jpg\",\"datePublished\":\"2022-04-20T11:58:23+00:00\",\"dateModified\":\"2022-04-20T11:58:25+00:00\",\"breadcrumb\":{\"@id\":\"https:\\\/\\\/www.meydan.tv\\\/az\\\/article\\\/heyder-eliyev-adina-neft-emali-zavodunda-etiraz-aksiyasi\\\/#breadcrumb\"},\"inLanguage\":\"az\",\"potentialAction\":[{\"@type\":\"ReadAction\",\"target\":[\"https:\\\/\\\/www.meydan.tv\\\/az\\\/article\\\/heyder-eliyev-adina-neft-emali-zavodunda-etiraz-aksiyasi\\\/\"]}]},{\"@type\":\"ImageObject\",\"inLanguage\":\"az\",\"@id\":\"https:\\\/\\\/www.meydan.tv\\\/az\\\/article\\\/heyder-eliyev-adina-neft-emali-zavodunda-etiraz-aksiyasi\\\/#primaryimage\",\"url\":\"https:\\\/\\\/www.meydan.tv\\\/wp-content\\\/uploads\\\/image_from_ios-34.jpg\",\"contentUrl\":\"https:\\\/\\\/www.meydan.tv\\\/wp-content\\\/uploads\\\/image_from_ios-34.jpg\",\"width\":1200,\"height\":900,\"caption\":\"Foto: Meydan TV\"},{\"@type\":\"BreadcrumbList\",\"@id\":\"https:\\\/\\\/www.meydan.tv\\\/az\\\/article\\\/heyder-eliyev-adina-neft-emali-zavodunda-etiraz-aksiyasi\\\/#breadcrumb\",\"itemListElement\":[{\"@type\":\"ListItem\",\"position\":1,\"name\":\"Ana s\u0259hif\u0259\",\"item\":\"https:\\\/\\\/www.meydan.tv\\\/az\\\/\"},{\"@type\":\"ListItem\",\"position\":2,\"name\":\"Sosial\",\"item\":\"https:\\\/\\\/www.meydan.tv\\\/az\\\/section\\\/sosial\\\/\"},{\"@type\":\"ListItem\",\"position\":3,\"name\":\"Heyd\u0259r \u018fliyev ad\u0131na Neft Emal\u0131 Zavodunda etiraz aksiyas\u0131\"}]},{\"@type\":\"WebSite\",\"@id\":\"https:\\\/\\\/www.meydan.tv\\\/az\\\/#website\",\"url\":\"https:\\\/\\\/www.meydan.tv\\\/az\\\/\",\"name\":\"MEYDAN.TV\",\"description\":\"Meydan TV Az\u0259rbaycan\u0131n media m\u0259kan\u0131ndak\u0131 alternativ s\u0259sidir\",\"publisher\":{\"@id\":\"https:\\\/\\\/www.meydan.tv\\\/az\\\/#organization\"},\"potentialAction\":[{\"@type\":\"SearchAction\",\"target\":{\"@type\":\"EntryPoint\",\"urlTemplate\":\"https:\\\/\\\/www.meydan.tv\\\/az\\\/?s={search_term_string}\"},\"query-input\":{\"@type\":\"PropertyValueSpecification\",\"valueRequired\":true,\"valueName\":\"search_term_string\"}}],\"inLanguage\":\"az\"},{\"@type\":\"Organization\",\"@id\":\"https:\\\/\\\/www.meydan.tv\\\/az\\\/#organization\",\"name\":\"Meydan TV\",\"url\":\"https:\\\/\\\/www.meydan.tv\\\/az\\\/\",\"logo\":{\"@type\":\"ImageObject\",\"inLanguage\":\"az\",\"@id\":\"https:\\\/\\\/www.meydan.tv\\\/az\\\/#\\\/schema\\\/logo\\\/image\\\/\",\"url\":\"https:\\\/\\\/www.meydan.tv\\\/wp-content\\\/uploads\\\/2021\\\/07\\\/meydan-logo.svg\",\"contentUrl\":\"https:\\\/\\\/www.meydan.tv\\\/wp-content\\\/uploads\\\/2021\\\/07\\\/meydan-logo.svg\",\"width\":195,\"height\":46,\"caption\":\"Meydan TV\"},\"image\":{\"@id\":\"https:\\\/\\\/www.meydan.tv\\\/az\\\/#\\\/schema\\\/logo\\\/image\\\/\"}},{\"@type\":\"Person\",\"@id\":\"https:\\\/\\\/www.meydan.tv\\\/az\\\/#\\\/schema\\\/person\\\/9cdbecf90d17180ce1dfbd95b08dcf47\",\"name\":\"elli\",\"sameAs\":[\"https:\\\/\\\/x.com\\\/elli\"]}]}<\/script>\n<!-- \/ Yoast SEO plugin. -->","yoast_head_json":{"title":"Heyd\u0259r \u018fliyev ad\u0131na Neft Emal\u0131 Zavodunda etiraz aksiyas\u0131 - MEYDAN.TV","robots":{"index":"index","follow":"follow","max-snippet":"max-snippet:-1","max-image-preview":"max-image-preview:large","max-video-preview":"max-video-preview:-1"},"canonical":"https:\/\/www.meydan.tv\/az\/article\/heyder-eliyev-adina-neft-emali-zavodunda-etiraz-aksiyasi\/","og_locale":"az_AZ","og_type":"article","og_title":"Heyd\u0259r \u018fliyev ad\u0131na Neft Emal\u0131 Zavodunda etiraz aksiyas\u0131 - MEYDAN.TV","og_description":"Min\u0259 yax\u0131n i\u015f\u00e7inin aksiyaya \u00e7\u0131xd\u0131\u011f\u0131 bildirilir Heyd\u0259r \u018fliyev ad\u0131na Neft ... Davam\u0131","og_url":"https:\/\/www.meydan.tv\/az\/article\/heyder-eliyev-adina-neft-emali-zavodunda-etiraz-aksiyasi\/","og_site_name":"MEYDAN.TV","article_published_time":"2022-04-20T11:58:23+00:00","article_modified_time":"2022-04-20T11:58:25+00:00","og_image":[{"width":1200,"height":900,"url":"https:\/\/www.meydan.tv\/wp-content\/uploads\/image_from_ios-34.jpg","type":"image\/jpeg"}],"author":"elli","twitter_card":"summary_large_image","twitter_creator":"@elli","schema":{"@context":"https:\/\/schema.org","@graph":[{"@type":"Article","@id":"https:\/\/www.meydan.tv\/az\/article\/heyder-eliyev-adina-neft-emali-zavodunda-etiraz-aksiyasi\/#article","isPartOf":{"@id":"https:\/\/www.meydan.tv\/az\/article\/heyder-eliyev-adina-neft-emali-zavodunda-etiraz-aksiyasi\/"},"author":{"name":"elli","@id":"https:\/\/www.meydan.tv\/az\/#\/schema\/person\/9cdbecf90d17180ce1dfbd95b08dcf47"},"headline":"Heyd\u0259r \u018fliyev ad\u0131na Neft Emal\u0131 Zavodunda etiraz aksiyas\u0131","datePublished":"2022-04-20T11:58:23+00:00","dateModified":"2022-04-20T11:58:25+00:00","mainEntityOfPage":{"@id":"https:\/\/www.meydan.tv\/az\/article\/heyder-eliyev-adina-neft-emali-zavodunda-etiraz-aksiyasi\/"},"wordCount":376,"publisher":{"@id":"https:\/\/www.meydan.tv\/az\/#organization"},"image":{"@id":"https:\/\/www.meydan.tv\/az\/article\/heyder-eliyev-adina-neft-emali-zavodunda-etiraz-aksiyasi\/#primaryimage"},"thumbnailUrl":"https:\/\/www.meydan.tv\/wp-content\/uploads\/image_from_ios-34.jpg","articleSection":["Sosial","X\u0259b\u0259rl\u0259r"],"inLanguage":"az"},{"@type":"WebPage","@id":"https:\/\/www.meydan.tv\/az\/article\/heyder-eliyev-adina-neft-emali-zavodunda-etiraz-aksiyasi\/","url":"https:\/\/www.meydan.tv\/az\/article\/heyder-eliyev-adina-neft-emali-zavodunda-etiraz-aksiyasi\/","name":"Heyd\u0259r \u018fliyev ad\u0131na Neft Emal\u0131 Zavodunda etiraz aksiyas\u0131 - MEYDAN.TV","isPartOf":{"@id":"https:\/\/www.meydan.tv\/az\/#website"},"primaryImageOfPage":{"@id":"https:\/\/www.meydan.tv\/az\/article\/heyder-eliyev-adina-neft-emali-zavodunda-etiraz-aksiyasi\/#primaryimage"},"image":{"@id":"https:\/\/www.meydan.tv\/az\/article\/heyder-eliyev-adina-neft-emali-zavodunda-etiraz-aksiyasi\/#primaryimage"},"thumbnailUrl":"https:\/\/www.meydan.tv\/wp-content\/uploads\/image_from_ios-34.jpg","datePublished":"2022-04-20T11:58:23+00:00","dateModified":"2022-04-20T11:58:25+00:00","breadcrumb":{"@id":"https:\/\/www.meydan.tv\/az\/article\/heyder-eliyev-adina-neft-emali-zavodunda-etiraz-aksiyasi\/#breadcrumb"},"inLanguage":"az","potentialAction":[{"@type":"ReadAction","target":["https:\/\/www.meydan.tv\/az\/article\/heyder-eliyev-adina-neft-emali-zavodunda-etiraz-aksiyasi\/"]}]},{"@type":"ImageObject","inLanguage":"az","@id":"https:\/\/www.meydan.tv\/az\/article\/heyder-eliyev-adina-neft-emali-zavodunda-etiraz-aksiyasi\/#primaryimage","url":"https:\/\/www.meydan.tv\/wp-content\/uploads\/image_from_ios-34.jpg","contentUrl":"https:\/\/www.meydan.tv\/wp-content\/uploads\/image_from_ios-34.jpg","width":1200,"height":900,"caption":"Foto: Meydan TV"},{"@type":"BreadcrumbList","@id":"https:\/\/www.meydan.tv\/az\/article\/heyder-eliyev-adina-neft-emali-zavodunda-etiraz-aksiyasi\/#breadcrumb","itemListElement":[{"@type":"ListItem","position":1,"name":"Ana s\u0259hif\u0259","item":"https:\/\/www.meydan.tv\/az\/"},{"@type":"ListItem","position":2,"name":"Sosial","item":"https:\/\/www.meydan.tv\/az\/section\/sosial\/"},{"@type":"ListItem","position":3,"name":"Heyd\u0259r \u018fliyev ad\u0131na Neft Emal\u0131 Zavodunda etiraz aksiyas\u0131"}]},{"@type":"WebSite","@id":"https:\/\/www.meydan.tv\/az\/#website","url":"https:\/\/www.meydan.tv\/az\/","name":"MEYDAN.TV","description":"Meydan TV Az\u0259rbaycan\u0131n media m\u0259kan\u0131ndak\u0131 alternativ s\u0259sidir","publisher":{"@id":"https:\/\/www.meydan.tv\/az\/#organization"},"potentialAction":[{"@type":"SearchAction","target":{"@type":"EntryPoint","urlTemplate":"https:\/\/www.meydan.tv\/az\/?s={search_term_string}"},"query-input":{"@type":"PropertyValueSpecification","valueRequired":true,"valueName":"search_term_string"}}],"inLanguage":"az"},{"@type":"Organization","@id":"https:\/\/www.meydan.tv\/az\/#organization","name":"Meydan TV","url":"https:\/\/www.meydan.tv\/az\/","logo":{"@type":"ImageObject","inLanguage":"az","@id":"https:\/\/www.meydan.tv\/az\/#\/schema\/logo\/image\/","url":"https:\/\/www.meydan.tv\/wp-content\/uploads\/2021\/07\/meydan-logo.svg","contentUrl":"https:\/\/www.meydan.tv\/wp-content\/uploads\/2021\/07\/meydan-logo.svg","width":195,"height":46,"caption":"Meydan TV"},"image":{"@id":"https:\/\/www.meydan.tv\/az\/#\/schema\/logo\/image\/"}},{"@type":"Person","@id":"https:\/\/www.meydan.tv\/az\/#\/schema\/person\/9cdbecf90d17180ce1dfbd95b08dcf47","name":"elli","sameAs":["https:\/\/x.com\/elli"]}]}},"_links":{"self":[{"href":"https:\/\/www.meydan.tv\/az\/wp-json\/wp\/v2\/posts\/242543","targetHints":{"allow":["GET"]}}],"collection":[{"href":"https:\/\/www.meydan.tv\/az\/wp-json\/wp\/v2\/posts"}],"about":[{"href":"https:\/\/www.meydan.tv\/az\/wp-json\/wp\/v2\/types\/post"}],"author":[{"embeddable":true,"href":"https:\/\/www.meydan.tv\/az\/wp-json\/wp\/v2\/users\/8"}],"replies":[{"embeddable":true,"href":"https:\/\/www.meydan.tv\/az\/wp-json\/wp\/v2\/comments?post=242543"}],"version-history":[{"count":2,"href":"https:\/\/www.meydan.tv\/az\/wp-json\/wp\/v2\/posts\/242543\/revisions"}],"predecessor-version":[{"id":242557,"href":"https:\/\/www.meydan.tv\/az\/wp-json\/wp\/v2\/posts\/242543\/revisions\/242557"}],"wp:featuredmedia":[{"embeddable":true,"href":"https:\/\/www.meydan.tv\/az\/wp-json\/wp\/v2\/media\/242548"}],"wp:attachment":[{"href":"https:\/\/www.meydan.tv\/az\/wp-json\/wp\/v2\/media?parent=242543"}],"wp:term":[{"taxonomy":"category","embeddable":true,"href":"https:\/\/www.meydan.tv\/az\/wp-json\/wp\/v2\/categories?post=242543"},{"taxonomy":"post_tag","embeddable":true,"href":"https:\/\/www.meydan.tv\/az\/wp-json\/wp\/v2\/tags?post=242543"}],"curies":[{"name":"wp","href":"https:\/\/api.w.org\/{rel}","templated":true}]}}