{"id":242366,"date":"2022-04-19T16:28:05","date_gmt":"2022-04-19T12:28:05","guid":{"rendered":"https:\/\/www.meydan.tv\/?p=242366"},"modified":"2022-04-19T16:28:07","modified_gmt":"2022-04-19T12:28:07","slug":"iqtisadci-et-sud-istehsali-2-defeden-de-asagi-dusecek","status":"publish","type":"post","link":"https:\/\/www.meydan.tv\/az\/article\/iqtisadci-et-sud-istehsali-2-defeden-de-asagi-dusecek\/","title":{"rendered":"\u0130qtisad\u00e7\u0131: &#8220;\u018ft , s\u00fcd istehsal\u0131 2 d\u0259f\u0259d\u0259n d\u0259 a\u015fa\u011f\u0131 d\u00fc\u015f\u0259c\u0259k&#8221;"},"content":{"rendered":"\n<figure class=\"wp-block-embed is-type-video is-provider-youtube wp-block-embed-youtube wp-embed-aspect-16-9 wp-has-aspect-ratio\"><div class=\"wp-block-embed__wrapper\">\n<iframe title=\"&quot;\u018ft , s\u00fcd istehsal\u0131 2 d\u0259f\u0259d\u0259n d\u0259 a\u015fa\u011f\u0131 d\u00fc\u015f\u0259c\u0259k&quot;\" width=\"1200\" height=\"675\" data-src=\"https:\/\/www.youtube.com\/embed\/d7sRCEUsAn8?feature=oembed\" frameborder=\"0\" allow=\"accelerometer; autoplay; clipboard-write; encrypted-media; gyroscope; picture-in-picture\" allowfullscreen src=\"data:image\/svg+xml;base64,PHN2ZyB3aWR0aD0iMSIgaGVpZ2h0PSIxIiB4bWxucz0iaHR0cDovL3d3dy53My5vcmcvMjAwMC9zdmciPjwvc3ZnPg==\" class=\"lazyload\" data-load-mode=\"1\"><\/iframe>\n<\/div><\/figure>\n\n\n\n<!--more-->\n\n\n\n<p>Vahid M\u0259h\u0259rr\u0259mli: &#8220;\u018fg\u0259r Az\u0259rbaycan\u0131n idxal bu\u011fdas\u0131 azalarsa, indiki keyfiyy\u0259tsiz bu\u011fdadan \u00e7\u00f6r\u0259k haz\u0131rland\u0131\u011f\u0131 halda heyvandarl\u0131q batacaq. \u018ft , s\u00fcd istehsal\u0131 2 d\u0259f\u0259d\u0259n d\u0259 a\u015fa\u011f\u0131 d\u00fc\u015f\u0259c\u0259k. \u0130dxaldan as\u0131l\u0131l\u0131\u011f\u0131 aradan qald\u0131rmad\u0131lar ki, indi v\u0259ziyy\u0259t bel\u0259 g\u0259rgin olmas\u0131n&#8221;<\/p>\n","protected":false},"excerpt":{"rendered":"","protected":false},"author":14,"featured_media":242367,"comment_status":"closed","ping_status":"closed","sticky":false,"template":"","format":"standard","meta":{"_acf_changed":false,"_sitemap_exclude":false,"_sitemap_priority":"","_sitemap_frequency":"","footnotes":""},"categories":[63],"tags":[],"class_list":["post-242366","post","type-post","status-publish","format-standard","has-post-thumbnail","hentry","category-video-2","infinite-scroll-item","generate-columns","tablet-grid-50","mobile-grid-100","grid-parent","grid-33","no-featured-image-padding"],"acf":[],"yoast_head":"<!-- This site is optimized with the Yoast SEO plugin v27.5 - https:\/\/yoast.com\/product\/yoast-seo-wordpress\/ -->\n<title>\u0130qtisad\u00e7\u0131: &quot;\u018ft , s\u00fcd istehsal\u0131 2 d\u0259f\u0259d\u0259n d\u0259 a\u015fa\u011f\u0131 d\u00fc\u015f\u0259c\u0259k&quot; - MEYDAN.TV<\/title>\n<meta name=\"robots\" content=\"index, follow, max-snippet:-1, max-image-preview:large, max-video-preview:-1\" \/>\n<link rel=\"canonical\" href=\"https:\/\/www.meydan.tv\/az\/article\/iqtisadci-et-sud-istehsali-2-defeden-de-asagi-dusecek\/\" \/>\n<meta property=\"og:locale\" content=\"az_AZ\" \/>\n<meta property=\"og:type\" content=\"article\" \/>\n<meta property=\"og:title\" content=\"\u0130qtisad\u00e7\u0131: &quot;\u018ft , s\u00fcd istehsal\u0131 2 d\u0259f\u0259d\u0259n d\u0259 a\u015fa\u011f\u0131 d\u00fc\u015f\u0259c\u0259k&quot; - MEYDAN.TV\" \/>\n<meta property=\"og:url\" content=\"https:\/\/www.meydan.tv\/az\/article\/iqtisadci-et-sud-istehsali-2-defeden-de-asagi-dusecek\/\" \/>\n<meta property=\"og:site_name\" content=\"MEYDAN.TV\" \/>\n<meta property=\"article:published_time\" content=\"2022-04-19T12:28:05+00:00\" \/>\n<meta property=\"article:modified_time\" content=\"2022-04-19T12:28:07+00:00\" \/>\n<meta property=\"og:image\" content=\"https:\/\/www.meydan.tv\/wp-content\/uploads\/776554.png\" \/>\n\t<meta property=\"og:image:width\" content=\"1280\" \/>\n\t<meta property=\"og:image:height\" content=\"720\" \/>\n\t<meta property=\"og:image:type\" content=\"image\/png\" \/>\n<meta name=\"author\" content=\"roma\" \/>\n<meta name=\"twitter:card\" content=\"summary_large_image\" \/>\n<script type=\"application\/ld+json\" class=\"yoast-schema-graph\">{\"@context\":\"https:\\\/\\\/schema.org\",\"@graph\":[{\"@type\":\"Article\",\"@id\":\"https:\\\/\\\/www.meydan.tv\\\/az\\\/article\\\/iqtisadci-et-sud-istehsali-2-defeden-de-asagi-dusecek\\\/#article\",\"isPartOf\":{\"@id\":\"https:\\\/\\\/www.meydan.tv\\\/az\\\/article\\\/iqtisadci-et-sud-istehsali-2-defeden-de-asagi-dusecek\\\/\"},\"author\":{\"name\":\"roma\",\"@id\":\"https:\\\/\\\/www.meydan.tv\\\/az\\\/#\\\/schema\\\/person\\\/8f23e01c4de63326c13c319fb65ee65d\"},\"headline\":\"\u0130qtisad\u00e7\u0131: &#8220;\u018ft , s\u00fcd istehsal\u0131 2 d\u0259f\u0259d\u0259n d\u0259 a\u015fa\u011f\u0131 d\u00fc\u015f\u0259c\u0259k&#8221;\",\"datePublished\":\"2022-04-19T12:28:05+00:00\",\"dateModified\":\"2022-04-19T12:28:07+00:00\",\"mainEntityOfPage\":{\"@id\":\"https:\\\/\\\/www.meydan.tv\\\/az\\\/article\\\/iqtisadci-et-sud-istehsali-2-defeden-de-asagi-dusecek\\\/\"},\"wordCount\":79,\"publisher\":{\"@id\":\"https:\\\/\\\/www.meydan.tv\\\/az\\\/#organization\"},\"image\":{\"@id\":\"https:\\\/\\\/www.meydan.tv\\\/az\\\/article\\\/iqtisadci-et-sud-istehsali-2-defeden-de-asagi-dusecek\\\/#primaryimage\"},\"thumbnailUrl\":\"https:\\\/\\\/www.meydan.tv\\\/wp-content\\\/uploads\\\/776554.png\",\"articleSection\":[\"Video\"],\"inLanguage\":\"az\"},{\"@type\":\"WebPage\",\"@id\":\"https:\\\/\\\/www.meydan.tv\\\/az\\\/article\\\/iqtisadci-et-sud-istehsali-2-defeden-de-asagi-dusecek\\\/\",\"url\":\"https:\\\/\\\/www.meydan.tv\\\/az\\\/article\\\/iqtisadci-et-sud-istehsali-2-defeden-de-asagi-dusecek\\\/\",\"name\":\"\u0130qtisad\u00e7\u0131: \\\"\u018ft , s\u00fcd istehsal\u0131 2 d\u0259f\u0259d\u0259n d\u0259 a\u015fa\u011f\u0131 d\u00fc\u015f\u0259c\u0259k\\\" - MEYDAN.TV\",\"isPartOf\":{\"@id\":\"https:\\\/\\\/www.meydan.tv\\\/az\\\/#website\"},\"primaryImageOfPage\":{\"@id\":\"https:\\\/\\\/www.meydan.tv\\\/az\\\/article\\\/iqtisadci-et-sud-istehsali-2-defeden-de-asagi-dusecek\\\/#primaryimage\"},\"image\":{\"@id\":\"https:\\\/\\\/www.meydan.tv\\\/az\\\/article\\\/iqtisadci-et-sud-istehsali-2-defeden-de-asagi-dusecek\\\/#primaryimage\"},\"thumbnailUrl\":\"https:\\\/\\\/www.meydan.tv\\\/wp-content\\\/uploads\\\/776554.png\",\"datePublished\":\"2022-04-19T12:28:05+00:00\",\"dateModified\":\"2022-04-19T12:28:07+00:00\",\"breadcrumb\":{\"@id\":\"https:\\\/\\\/www.meydan.tv\\\/az\\\/article\\\/iqtisadci-et-sud-istehsali-2-defeden-de-asagi-dusecek\\\/#breadcrumb\"},\"inLanguage\":\"az\",\"potentialAction\":[{\"@type\":\"ReadAction\",\"target\":[\"https:\\\/\\\/www.meydan.tv\\\/az\\\/article\\\/iqtisadci-et-sud-istehsali-2-defeden-de-asagi-dusecek\\\/\"]}]},{\"@type\":\"ImageObject\",\"inLanguage\":\"az\",\"@id\":\"https:\\\/\\\/www.meydan.tv\\\/az\\\/article\\\/iqtisadci-et-sud-istehsali-2-defeden-de-asagi-dusecek\\\/#primaryimage\",\"url\":\"https:\\\/\\\/www.meydan.tv\\\/wp-content\\\/uploads\\\/776554.png\",\"contentUrl\":\"https:\\\/\\\/www.meydan.tv\\\/wp-content\\\/uploads\\\/776554.png\",\"width\":1280,\"height\":720},{\"@type\":\"BreadcrumbList\",\"@id\":\"https:\\\/\\\/www.meydan.tv\\\/az\\\/article\\\/iqtisadci-et-sud-istehsali-2-defeden-de-asagi-dusecek\\\/#breadcrumb\",\"itemListElement\":[{\"@type\":\"ListItem\",\"position\":1,\"name\":\"Ana s\u0259hif\u0259\",\"item\":\"https:\\\/\\\/www.meydan.tv\\\/az\\\/\"},{\"@type\":\"ListItem\",\"position\":2,\"name\":\"Video\",\"item\":\"https:\\\/\\\/www.meydan.tv\\\/az\\\/section\\\/video-2\\\/\"},{\"@type\":\"ListItem\",\"position\":3,\"name\":\"\u0130qtisad\u00e7\u0131: &#8220;\u018ft , s\u00fcd istehsal\u0131 2 d\u0259f\u0259d\u0259n d\u0259 a\u015fa\u011f\u0131 d\u00fc\u015f\u0259c\u0259k&#8221;\"}]},{\"@type\":\"WebSite\",\"@id\":\"https:\\\/\\\/www.meydan.tv\\\/az\\\/#website\",\"url\":\"https:\\\/\\\/www.meydan.tv\\\/az\\\/\",\"name\":\"MEYDAN.TV\",\"description\":\"Meydan TV Az\u0259rbaycan\u0131n media m\u0259kan\u0131ndak\u0131 alternativ s\u0259sidir\",\"publisher\":{\"@id\":\"https:\\\/\\\/www.meydan.tv\\\/az\\\/#organization\"},\"potentialAction\":[{\"@type\":\"SearchAction\",\"target\":{\"@type\":\"EntryPoint\",\"urlTemplate\":\"https:\\\/\\\/www.meydan.tv\\\/az\\\/?s={search_term_string}\"},\"query-input\":{\"@type\":\"PropertyValueSpecification\",\"valueRequired\":true,\"valueName\":\"search_term_string\"}}],\"inLanguage\":\"az\"},{\"@type\":\"Organization\",\"@id\":\"https:\\\/\\\/www.meydan.tv\\\/az\\\/#organization\",\"name\":\"Meydan TV\",\"url\":\"https:\\\/\\\/www.meydan.tv\\\/az\\\/\",\"logo\":{\"@type\":\"ImageObject\",\"inLanguage\":\"az\",\"@id\":\"https:\\\/\\\/www.meydan.tv\\\/az\\\/#\\\/schema\\\/logo\\\/image\\\/\",\"url\":\"https:\\\/\\\/www.meydan.tv\\\/wp-content\\\/uploads\\\/2021\\\/07\\\/meydan-logo.svg\",\"contentUrl\":\"https:\\\/\\\/www.meydan.tv\\\/wp-content\\\/uploads\\\/2021\\\/07\\\/meydan-logo.svg\",\"width\":195,\"height\":46,\"caption\":\"Meydan TV\"},\"image\":{\"@id\":\"https:\\\/\\\/www.meydan.tv\\\/az\\\/#\\\/schema\\\/logo\\\/image\\\/\"}},{\"@type\":\"Person\",\"@id\":\"https:\\\/\\\/www.meydan.tv\\\/az\\\/#\\\/schema\\\/person\\\/8f23e01c4de63326c13c319fb65ee65d\",\"name\":\"roma\"}]}<\/script>\n<!-- \/ Yoast SEO plugin. -->","yoast_head_json":{"title":"\u0130qtisad\u00e7\u0131: \"\u018ft , s\u00fcd istehsal\u0131 2 d\u0259f\u0259d\u0259n d\u0259 a\u015fa\u011f\u0131 d\u00fc\u015f\u0259c\u0259k\" - MEYDAN.TV","robots":{"index":"index","follow":"follow","max-snippet":"max-snippet:-1","max-image-preview":"max-image-preview:large","max-video-preview":"max-video-preview:-1"},"canonical":"https:\/\/www.meydan.tv\/az\/article\/iqtisadci-et-sud-istehsali-2-defeden-de-asagi-dusecek\/","og_locale":"az_AZ","og_type":"article","og_title":"\u0130qtisad\u00e7\u0131: \"\u018ft , s\u00fcd istehsal\u0131 2 d\u0259f\u0259d\u0259n d\u0259 a\u015fa\u011f\u0131 d\u00fc\u015f\u0259c\u0259k\" - MEYDAN.TV","og_url":"https:\/\/www.meydan.tv\/az\/article\/iqtisadci-et-sud-istehsali-2-defeden-de-asagi-dusecek\/","og_site_name":"MEYDAN.TV","article_published_time":"2022-04-19T12:28:05+00:00","article_modified_time":"2022-04-19T12:28:07+00:00","og_image":[{"width":1280,"height":720,"url":"https:\/\/www.meydan.tv\/wp-content\/uploads\/776554.png","type":"image\/png"}],"author":"roma","twitter_card":"summary_large_image","schema":{"@context":"https:\/\/schema.org","@graph":[{"@type":"Article","@id":"https:\/\/www.meydan.tv\/az\/article\/iqtisadci-et-sud-istehsali-2-defeden-de-asagi-dusecek\/#article","isPartOf":{"@id":"https:\/\/www.meydan.tv\/az\/article\/iqtisadci-et-sud-istehsali-2-defeden-de-asagi-dusecek\/"},"author":{"name":"roma","@id":"https:\/\/www.meydan.tv\/az\/#\/schema\/person\/8f23e01c4de63326c13c319fb65ee65d"},"headline":"\u0130qtisad\u00e7\u0131: &#8220;\u018ft , s\u00fcd istehsal\u0131 2 d\u0259f\u0259d\u0259n d\u0259 a\u015fa\u011f\u0131 d\u00fc\u015f\u0259c\u0259k&#8221;","datePublished":"2022-04-19T12:28:05+00:00","dateModified":"2022-04-19T12:28:07+00:00","mainEntityOfPage":{"@id":"https:\/\/www.meydan.tv\/az\/article\/iqtisadci-et-sud-istehsali-2-defeden-de-asagi-dusecek\/"},"wordCount":79,"publisher":{"@id":"https:\/\/www.meydan.tv\/az\/#organization"},"image":{"@id":"https:\/\/www.meydan.tv\/az\/article\/iqtisadci-et-sud-istehsali-2-defeden-de-asagi-dusecek\/#primaryimage"},"thumbnailUrl":"https:\/\/www.meydan.tv\/wp-content\/uploads\/776554.png","articleSection":["Video"],"inLanguage":"az"},{"@type":"WebPage","@id":"https:\/\/www.meydan.tv\/az\/article\/iqtisadci-et-sud-istehsali-2-defeden-de-asagi-dusecek\/","url":"https:\/\/www.meydan.tv\/az\/article\/iqtisadci-et-sud-istehsali-2-defeden-de-asagi-dusecek\/","name":"\u0130qtisad\u00e7\u0131: \"\u018ft , s\u00fcd istehsal\u0131 2 d\u0259f\u0259d\u0259n d\u0259 a\u015fa\u011f\u0131 d\u00fc\u015f\u0259c\u0259k\" - MEYDAN.TV","isPartOf":{"@id":"https:\/\/www.meydan.tv\/az\/#website"},"primaryImageOfPage":{"@id":"https:\/\/www.meydan.tv\/az\/article\/iqtisadci-et-sud-istehsali-2-defeden-de-asagi-dusecek\/#primaryimage"},"image":{"@id":"https:\/\/www.meydan.tv\/az\/article\/iqtisadci-et-sud-istehsali-2-defeden-de-asagi-dusecek\/#primaryimage"},"thumbnailUrl":"https:\/\/www.meydan.tv\/wp-content\/uploads\/776554.png","datePublished":"2022-04-19T12:28:05+00:00","dateModified":"2022-04-19T12:28:07+00:00","breadcrumb":{"@id":"https:\/\/www.meydan.tv\/az\/article\/iqtisadci-et-sud-istehsali-2-defeden-de-asagi-dusecek\/#breadcrumb"},"inLanguage":"az","potentialAction":[{"@type":"ReadAction","target":["https:\/\/www.meydan.tv\/az\/article\/iqtisadci-et-sud-istehsali-2-defeden-de-asagi-dusecek\/"]}]},{"@type":"ImageObject","inLanguage":"az","@id":"https:\/\/www.meydan.tv\/az\/article\/iqtisadci-et-sud-istehsali-2-defeden-de-asagi-dusecek\/#primaryimage","url":"https:\/\/www.meydan.tv\/wp-content\/uploads\/776554.png","contentUrl":"https:\/\/www.meydan.tv\/wp-content\/uploads\/776554.png","width":1280,"height":720},{"@type":"BreadcrumbList","@id":"https:\/\/www.meydan.tv\/az\/article\/iqtisadci-et-sud-istehsali-2-defeden-de-asagi-dusecek\/#breadcrumb","itemListElement":[{"@type":"ListItem","position":1,"name":"Ana s\u0259hif\u0259","item":"https:\/\/www.meydan.tv\/az\/"},{"@type":"ListItem","position":2,"name":"Video","item":"https:\/\/www.meydan.tv\/az\/section\/video-2\/"},{"@type":"ListItem","position":3,"name":"\u0130qtisad\u00e7\u0131: &#8220;\u018ft , s\u00fcd istehsal\u0131 2 d\u0259f\u0259d\u0259n d\u0259 a\u015fa\u011f\u0131 d\u00fc\u015f\u0259c\u0259k&#8221;"}]},{"@type":"WebSite","@id":"https:\/\/www.meydan.tv\/az\/#website","url":"https:\/\/www.meydan.tv\/az\/","name":"MEYDAN.TV","description":"Meydan TV Az\u0259rbaycan\u0131n media m\u0259kan\u0131ndak\u0131 alternativ s\u0259sidir","publisher":{"@id":"https:\/\/www.meydan.tv\/az\/#organization"},"potentialAction":[{"@type":"SearchAction","target":{"@type":"EntryPoint","urlTemplate":"https:\/\/www.meydan.tv\/az\/?s={search_term_string}"},"query-input":{"@type":"PropertyValueSpecification","valueRequired":true,"valueName":"search_term_string"}}],"inLanguage":"az"},{"@type":"Organization","@id":"https:\/\/www.meydan.tv\/az\/#organization","name":"Meydan TV","url":"https:\/\/www.meydan.tv\/az\/","logo":{"@type":"ImageObject","inLanguage":"az","@id":"https:\/\/www.meydan.tv\/az\/#\/schema\/logo\/image\/","url":"https:\/\/www.meydan.tv\/wp-content\/uploads\/2021\/07\/meydan-logo.svg","contentUrl":"https:\/\/www.meydan.tv\/wp-content\/uploads\/2021\/07\/meydan-logo.svg","width":195,"height":46,"caption":"Meydan TV"},"image":{"@id":"https:\/\/www.meydan.tv\/az\/#\/schema\/logo\/image\/"}},{"@type":"Person","@id":"https:\/\/www.meydan.tv\/az\/#\/schema\/person\/8f23e01c4de63326c13c319fb65ee65d","name":"roma"}]}},"_links":{"self":[{"href":"https:\/\/www.meydan.tv\/az\/wp-json\/wp\/v2\/posts\/242366","targetHints":{"allow":["GET"]}}],"collection":[{"href":"https:\/\/www.meydan.tv\/az\/wp-json\/wp\/v2\/posts"}],"about":[{"href":"https:\/\/www.meydan.tv\/az\/wp-json\/wp\/v2\/types\/post"}],"author":[{"embeddable":true,"href":"https:\/\/www.meydan.tv\/az\/wp-json\/wp\/v2\/users\/14"}],"replies":[{"embeddable":true,"href":"https:\/\/www.meydan.tv\/az\/wp-json\/wp\/v2\/comments?post=242366"}],"version-history":[{"count":1,"href":"https:\/\/www.meydan.tv\/az\/wp-json\/wp\/v2\/posts\/242366\/revisions"}],"predecessor-version":[{"id":242370,"href":"https:\/\/www.meydan.tv\/az\/wp-json\/wp\/v2\/posts\/242366\/revisions\/242370"}],"wp:featuredmedia":[{"embeddable":true,"href":"https:\/\/www.meydan.tv\/az\/wp-json\/wp\/v2\/media\/242367"}],"wp:attachment":[{"href":"https:\/\/www.meydan.tv\/az\/wp-json\/wp\/v2\/media?parent=242366"}],"wp:term":[{"taxonomy":"category","embeddable":true,"href":"https:\/\/www.meydan.tv\/az\/wp-json\/wp\/v2\/categories?post=242366"},{"taxonomy":"post_tag","embeddable":true,"href":"https:\/\/www.meydan.tv\/az\/wp-json\/wp\/v2\/tags?post=242366"}],"curies":[{"name":"wp","href":"https:\/\/api.w.org\/{rel}","templated":true}]}}