{"id":242336,"date":"2022-04-19T15:22:52","date_gmt":"2022-04-19T11:22:52","guid":{"rendered":"https:\/\/www.meydan.tv\/?p=242336"},"modified":"2022-04-19T15:22:53","modified_gmt":"2022-04-19T11:22:53","slug":"sovulular-deputatin-karxanasi-heyatimizi-alt-ust-edib","status":"publish","type":"post","link":"https:\/\/www.meydan.tv\/az\/article\/sovulular-deputatin-karxanasi-heyatimizi-alt-ust-edib\/","title":{"rendered":"\u015eovulular: \u201cDeputat\u0131n karxanas\u0131 h\u0259yat\u0131m\u0131z\u0131 alt-\u00fcst edib\u201d"},"content":{"rendered":"\n<p><\/p>\n\n\n\n<p><em>\u201cYa zavodun f\u0259aliyy\u0259tini dayand\u0131rs\u0131nlar, qaz\u0131nt\u0131lar\u0131 saxlas\u0131nlar, ya da bizi ba\u015fqa yer\u0259 k\u00f6\u00e7\u00fcrs\u00fcnl\u0259r\u201d<\/em><\/p>\n\n\n\n<p>\u201cQar\u015f\u0131dan yay g\u0259lir, ancaq biz bu il d\u0259 \u0259kin i\u015fl\u0259riyl\u0259 m\u0259\u015f\u011ful ola bilm\u0259mi\u015fik. Bir sahibkar\u0131n acg\u00f6zl\u00fcy\u00fc ucbat\u0131ndan b\u00fct\u00fcn k\u0259nd \u0259kinsiz, \u00f6r\u00fc\u015fs\u00fcz, susuz, yolsuz qal\u0131b\u201d.<\/p>\n\n\n\n<p>Vaxta\u015f\u0131r\u0131 Meydan TV-y\u0259 L\u0259nk\u0259ran\u0131n v\u0259 Lerikin m\u00fcxt\u0259lif k\u0259ndl\u0259rind\u0259n \u00e7aydibi qaz\u0131nt\u0131lar\u0131n yaratd\u0131\u011f\u0131 probleml\u0259rl\u0259 ba\u011fl\u0131 <a href=\"https:\/\/www.meydan.tv\/az\/article\/lekercay-qazilir-cayetrafi-yasilliqlar-mehv-edilir-ekin-saheleri-susuz-q\/\" target=\"_blank\" rel=\"noreferrer noopener\">\u015fikay\u0259tl\u0259r<\/a> daxil olur. Bir m\u00fcdd\u0259t \u0259vv\u0259l L\u0259nk\u0259ran\u0131n T\u0259ngivan, Lerikin Piran \u0259razisinin Q\u0131\u015flaq k\u0259ndind\u0259n olan sakinl\u0259r L\u0259nk\u0259ran\u00e7ay\u0131n v\u0259 qollar\u0131n\u0131n qaz\u0131lmas\u0131 s\u0259b\u0259bind\u0259n heyvandarl\u0131q v\u0259 \u0259kin\u00e7ilikl\u0259, ba\u011f\u00e7\u0131l\u0131qla m\u0259\u015f\u011ful ola bilm\u0259dikl\u0259rini deyibl\u0259r. Bu d\u0259f\u0259 eyni probleml\u0259r L\u0259nk\u0259ran\u0131n \u015eovu k\u0259ndinin sakinl\u0259rini dil\u0259 g\u0259tirib.<\/p>\n\n\n\n<p>\u201c<strong>H\u0259m s\u0259hh\u0259timiz\u0259 z\u0259r\u0259r vurur, h\u0259m t\u0259s\u0259rr\u00fcfatlar\u0131m\u0131za\u201d<\/strong><\/p>\n\n\n\n<p>K\u0259ndlil\u0259r tez-tez qaz\u0131nt\u0131 yerl\u0259rind\u0259 v\u0259 \u201ckarxana\u201d dedikl\u0259ri qum-\u00e7\u0131nq\u0131l zavodunun \u0259traf\u0131nda topla\u015faraq etirazlar\u0131n\u0131 bildirirl\u0259r. K\u0259nd sakini Qabil M\u0259mm\u0259dov deyir, ya\u015fay\u0131\u015f evl\u0259rinin yax\u0131nl\u0131\u011f\u0131nda yerl\u0259\u015f\u0259n zavod h\u0259m insanlar\u0131n s\u0259hh\u0259tin\u0259, h\u0259m k\u0259nd t\u0259s\u0259rr\u00fcfat\u0131na, h\u0259m d\u0259 yollara z\u0259r\u0259r vurub:<\/p>\n\n\n\n<figure class=\"wp-block-image size-full\"><img decoding=\"async\" width=\"1200\" height=\"654\" data-src=\"https:\/\/www.meydan.tv\/wp-content\/uploads\/78956de4-f8c9-4b65-8282-d72ffca43a0c.jpg\" alt=\"\" class=\"wp-image-242343 lazyload\" src=\"data:image\/svg+xml;base64,PHN2ZyB3aWR0aD0iMSIgaGVpZ2h0PSIxIiB4bWxucz0iaHR0cDovL3d3dy53My5vcmcvMjAwMC9zdmciPjwvc3ZnPg==\" style=\"--smush-placeholder-width: 1200px; --smush-placeholder-aspect-ratio: 1200\/654;\" \/><figcaption>Qabil M\u0259mm\u0259dov. Foto: Meydan TV<\/figcaption><\/figure>\n\n\n\n<p>\u201cDeputat \u0130qbal M\u0259mm\u0259dovun bu karxanas\u0131 h\u0259yat\u0131m\u0131z\u0131 alt-\u00fcst edib. Karxana 2011-ci ild\u0259n i\u015fl\u0259yir. Evl\u0259rimizin lap yax\u0131nl\u0131\u011f\u0131d\u0131r, s\u0259s-k\u00fcy\u00fcnd\u0259n, tozana\u011f\u0131ndan evd\u0259 oturmaq m\u00fcmk\u00fcn deyil. Hara m\u00fcraci\u0259t etmi\u015fiks\u0259, biz\u0259 deyibl\u0259r ki, karxanan\u0131n f\u0259aliyy\u0259ti qanunsuzdur, ancaq 10 ild\u0259n \u00e7oxdur ki, \u201cqanunsuzdur\u201d dedikl\u0259ri bu boyda karxanan\u0131n qar\u015f\u0131s\u0131n\u0131 alan yoxdur. U\u015faqlar tozanaqdan m\u0259kt\u0259b\u0259 gedib-g\u0259l\u0259, s\u0259s-k\u00fcyd\u0259n d\u0259rs oxuya bilmir. Yata, istirah\u0259t ed\u0259 bilmirik. Bunun x\u0259st\u0259si olan\u0131 var, k\u00f6rp\u0259si olan\u0131 var\u2026\u201d<\/p>\n\n\n\n<p>\u201c<strong>Xalq\u0131n s\u0259rv\u0259tini talay\u0131rlar\u201d<\/strong><\/p>\n\n\n\n<p>K\u0259nd sakini Ziyaf\u0259t \u018fliyev deyir, \u0259sas m\u0259\u015f\u011fuliyy\u0259ti v\u0259 qazanc yeri \u0259kin\u00e7ilik, heyvandarl\u0131q olan k\u0259ndli qum-\u00e7\u0131nq\u0131l, qaz\u0131nt\u0131 s\u0259b\u0259bind\u0259n h\u0259r \u015feyd\u0259n uzaq d\u00fc\u015f\u00fcb:<\/p>\n\n\n\n<p>\u201cG\u00f6z g\u00f6r\u0259-g\u00f6r\u0259 xalq\u0131n t\u0259bii s\u0259rv\u0259tini talay\u0131rlar, bax\u0131n, \u00e7ay\u0131 n\u0259 g\u00fcn\u0259 qoyublar. H\u0259r yeri qaz\u0131blar, heyvanlar\u0131 \u00f6r\u00fc\u015f yerin\u0259 apara bilmirik. A\u011faclar\u0131 k\u00f6k\u00fcnd\u0259n \u00e7\u0131xar\u0131b torpaqlar\u0131 d\u0259rinliy\u0259d\u0259k qaz\u0131rlar. 10-15 g\u00fcnd\u0259n sonra ba\u011flar\u0131 suvarmal\u0131y\u0131q, bu qum-\u00e7\u0131nq\u0131l \u00fcz\u00fcnd\u0259n suyumuz k\u0259silib. Meyv\u0259 ba\u011flar\u0131m\u0131z susuzluqdan yan\u0131r. Bizims\u0259 dolan\u0131\u015f\u0131\u011f\u0131m\u0131z meyv\u0259\u00e7ilikd\u0259n, \u0259kind\u0259n \u00e7\u0131x\u0131r. \u018fkin sah\u0259l\u0259rimizi d\u0259 qaz\u0131b t\u00f6k\u00fcbl\u0259r, qrunt sular\u0131yla dolub. Bir s\u00f6zl\u0259, burada ya\u015famaq \u00fc\u00e7\u00fcn h\u0259r \u015feyi b\u0259rbad edibl\u0259r. Ya zavodun f\u0259aliyy\u0259tini dayand\u0131rs\u0131nlar, qaz\u0131nt\u0131lar\u0131 saxlas\u0131nlar, ya da bizi ba\u015fqa yer\u0259 k\u00f6\u00e7\u00fcrs\u00fcnl\u0259r\u201d.<\/p>\n\n\n\n<figure class=\"wp-block-image size-full\"><img decoding=\"async\" width=\"1200\" height=\"670\" data-src=\"https:\/\/www.meydan.tv\/wp-content\/uploads\/a5b51b8f-3a9b-43cd-b0c0-abcd4c08cb14.jpg\" alt=\"\" class=\"wp-image-242337 lazyload\" src=\"data:image\/svg+xml;base64,PHN2ZyB3aWR0aD0iMSIgaGVpZ2h0PSIxIiB4bWxucz0iaHR0cDovL3d3dy53My5vcmcvMjAwMC9zdmciPjwvc3ZnPg==\" style=\"--smush-placeholder-width: 1200px; --smush-placeholder-aspect-ratio: 1200\/670;\" \/><figcaption>\u015eovu k\u0259ndi.<\/figcaption><\/figure>\n\n\n\n<p>L\u0259nk\u0259ran\u00e7ay Lerik v\u0259 L\u0259nk\u0259ran rayonlar\u0131 \u0259razisind\u0259n ax\u0131r. M\u0259nb\u0259yi Tal\u0131\u015f silsil\u0259sinin c\u0259nub-\u015f\u0259rq hiss\u0259sind\u0259n ba\u015flay\u0131r. \u00c7ay\u0259traf\u0131 k\u0259ndl\u0259rd\u0259ki \u0259kin sah\u0259l\u0259rinin suvarma suyu \u0259vv\u0259ll\u0259r bu \u00e7aydan g\u00f6t\u00fcr\u00fcl\u00fcrd\u00fc. Ancaq \u201cKaspian Y\u0131ld\u0131z\u201d \u015firk\u0259tinin ill\u0259rdir ki, \u00e7ay\u0131n yata\u011f\u0131nda \u00e7\u0131nq\u0131la g\u00f6r\u0259 qaz\u0131nt\u0131 i\u015fl\u0259ri aparmas\u0131 k\u0259ndlil\u0259ri \u00e7aydan uzaq sal\u0131b.<\/p>\n\n\n\n<p><strong>\u015eirk\u0259t d\u0259f\u0259l\u0259rl\u0259 c\u0259rim\u0259l\u0259nib<\/strong><\/p>\n\n\n\n<p>Ekologiya v\u0259 T\u0259bii S\u0259rv\u0259tl\u0259r Nazirliyi &#8220;Kaspi Y\u0131ld\u0131z\u201d MMC-ni qanunsuz qum-\u00e7\u0131nq\u0131l hasilat\u0131na v\u0259 ekologiyan\u0131 \u00e7irkl\u0259ndirdiyin\u0259 g\u00f6r\u0259 d\u0259f\u0259l\u0259rl\u0259 m\u0259hk\u0259m\u0259y\u0259 verib. M\u0259hk\u0259m\u0259 MMC-ni bir ne\u00e7\u0259 d\u0259f\u0259 c\u0259rim\u0259l\u0259s\u0259 d\u0259, \u015firk\u0259t \u00f6z f\u0259aliyy\u0259tind\u0259dir.<\/p>\n\n\n\n<p>\u201cKaspi Y\u0131ld\u0131z\u201d MMC Lerikin 78 sayl\u0131 dair\u0259sind\u0259n deputat se\u00e7ilmi\u015f \u0130qbal M\u0259mm\u0259dova m\u0259xsusdur. O, bu \u015firk\u0259ti 1996-c\u0131 ild\u0259 t\u0259sis edib. \u201cKapitalbank\u201d h\u0259m ona, h\u0259m qarda\u015f\u0131 \u00c7ingiz M\u0259mm\u0259dova, h\u0259m d\u0259 \u015firk\u0259t\u0259 qar\u015f\u0131 m\u0259hk\u0259m\u0259 iddias\u0131 qald\u0131rm\u0131\u015fd\u0131. \u015eirk\u0259tin d\u00f6vl\u0259t b\u00fcdc\u0259sin\u0259 d\u0259 9 milyon manat civar\u0131nda vergi borcu var. \u0130qbal M\u0259mm\u0259dovun Lerikd\u0259 f\u0259aliyy\u0259t g\u00f6st\u0259r\u0259n iri qu\u015f\u00e7uluq t\u0259s\u0259rr\u00fcfat\u0131 da var. Hans\u0131 ki, \u00e7ay\u0131 \u00e7irkl\u0259ndir\u0259n s\u0259b\u0259bl\u0259rd\u0259n biri d\u0259 h\u0259min t\u0259s\u0259rr\u00fcfatda qu\u015f k\u0259siml\u0259ri zaman\u0131 tullant\u0131lar\u0131n \u00e7aya burax\u0131lmas\u0131 idi. Piran k\u0259ndinin sakinl\u0259rinin uzunm\u00fcdd\u0259tli \u015fikay\u0259tl\u0259rind\u0259n sonra t\u0259s\u0259rr\u00fcfatdak\u0131 qu\u015f k\u0259simi sexl\u0259ri ba\u011flan\u0131b.<\/p>\n","protected":false},"excerpt":{"rendered":"<p>\u201cYa zavodun f\u0259aliyy\u0259tini dayand\u0131rs\u0131nlar, qaz\u0131nt\u0131lar\u0131 saxlas\u0131nlar, ya da bizi ba\u015fqa &#8230; <\/p>\n<p class=\"read-more-container\"><a title=\"\u015eovulular: \u201cDeputat\u0131n karxanas\u0131 h\u0259yat\u0131m\u0131z\u0131 alt-\u00fcst edib\u201d\" class=\"read-more button\" href=\"https:\/\/www.meydan.tv\/az\/article\/sovulular-deputatin-karxanasi-heyatimizi-alt-ust-edib\/#more-242336\" aria-label=\"Read more about \u015eovulular: \u201cDeputat\u0131n karxanas\u0131 h\u0259yat\u0131m\u0131z\u0131 alt-\u00fcst edib\u201d\">Davam\u0131<\/a><\/p>\n","protected":false},"author":8,"featured_media":242340,"comment_status":"closed","ping_status":"closed","sticky":false,"template":"","format":"standard","meta":{"_acf_changed":false,"_sitemap_exclude":false,"_sitemap_priority":"","_sitemap_frequency":"","footnotes":""},"categories":[60,56],"tags":[],"class_list":["post-242336","post","type-post","status-publish","format-standard","has-post-thumbnail","hentry","category-bolge","category-xeberler","infinite-scroll-item","generate-columns","tablet-grid-50","mobile-grid-100","grid-parent","grid-33","no-featured-image-padding"],"acf":[],"yoast_head":"<!-- This site is optimized with the Yoast SEO plugin v27.5 - https:\/\/yoast.com\/product\/yoast-seo-wordpress\/ -->\n<title>\u015eovulular: \u201cDeputat\u0131n karxanas\u0131 h\u0259yat\u0131m\u0131z\u0131 alt-\u00fcst edib\u201d - MEYDAN.TV<\/title>\n<meta name=\"robots\" content=\"index, follow, max-snippet:-1, max-image-preview:large, max-video-preview:-1\" \/>\n<link rel=\"canonical\" href=\"https:\/\/www.meydan.tv\/az\/article\/sovulular-deputatin-karxanasi-heyatimizi-alt-ust-edib\/\" \/>\n<meta property=\"og:locale\" content=\"az_AZ\" \/>\n<meta property=\"og:type\" content=\"article\" \/>\n<meta property=\"og:title\" content=\"\u015eovulular: \u201cDeputat\u0131n karxanas\u0131 h\u0259yat\u0131m\u0131z\u0131 alt-\u00fcst edib\u201d - MEYDAN.TV\" \/>\n<meta property=\"og:description\" content=\"\u201cYa zavodun f\u0259aliyy\u0259tini dayand\u0131rs\u0131nlar, qaz\u0131nt\u0131lar\u0131 saxlas\u0131nlar, ya da bizi ba\u015fqa ... Davam\u0131\" \/>\n<meta property=\"og:url\" content=\"https:\/\/www.meydan.tv\/az\/article\/sovulular-deputatin-karxanasi-heyatimizi-alt-ust-edib\/\" \/>\n<meta property=\"og:site_name\" content=\"MEYDAN.TV\" \/>\n<meta property=\"article:published_time\" content=\"2022-04-19T11:22:52+00:00\" \/>\n<meta property=\"article:modified_time\" content=\"2022-04-19T11:22:53+00:00\" \/>\n<meta property=\"og:image\" content=\"https:\/\/www.meydan.tv\/wp-content\/uploads\/4727acca-26d0-4eb4-a73b-8cc9f010658d.jpg\" \/>\n\t<meta property=\"og:image:width\" content=\"1200\" \/>\n\t<meta property=\"og:image:height\" content=\"666\" \/>\n\t<meta property=\"og:image:type\" content=\"image\/jpeg\" \/>\n<meta name=\"author\" content=\"elli\" \/>\n<meta name=\"twitter:card\" content=\"summary_large_image\" \/>\n<meta name=\"twitter:creator\" content=\"@elli\" \/>\n<script type=\"application\/ld+json\" class=\"yoast-schema-graph\">{\"@context\":\"https:\\\/\\\/schema.org\",\"@graph\":[{\"@type\":\"Article\",\"@id\":\"https:\\\/\\\/www.meydan.tv\\\/az\\\/article\\\/sovulular-deputatin-karxanasi-heyatimizi-alt-ust-edib\\\/#article\",\"isPartOf\":{\"@id\":\"https:\\\/\\\/www.meydan.tv\\\/az\\\/article\\\/sovulular-deputatin-karxanasi-heyatimizi-alt-ust-edib\\\/\"},\"author\":{\"name\":\"elli\",\"@id\":\"https:\\\/\\\/www.meydan.tv\\\/az\\\/#\\\/schema\\\/person\\\/9cdbecf90d17180ce1dfbd95b08dcf47\"},\"headline\":\"\u015eovulular: \u201cDeputat\u0131n karxanas\u0131 h\u0259yat\u0131m\u0131z\u0131 alt-\u00fcst edib\u201d\",\"datePublished\":\"2022-04-19T11:22:52+00:00\",\"dateModified\":\"2022-04-19T11:22:53+00:00\",\"mainEntityOfPage\":{\"@id\":\"https:\\\/\\\/www.meydan.tv\\\/az\\\/article\\\/sovulular-deputatin-karxanasi-heyatimizi-alt-ust-edib\\\/\"},\"wordCount\":852,\"publisher\":{\"@id\":\"https:\\\/\\\/www.meydan.tv\\\/az\\\/#organization\"},\"image\":{\"@id\":\"https:\\\/\\\/www.meydan.tv\\\/az\\\/article\\\/sovulular-deputatin-karxanasi-heyatimizi-alt-ust-edib\\\/#primaryimage\"},\"thumbnailUrl\":\"https:\\\/\\\/www.meydan.tv\\\/wp-content\\\/uploads\\\/4727acca-26d0-4eb4-a73b-8cc9f010658d.jpg\",\"articleSection\":[\"B\u00f6lg\u0259\",\"X\u0259b\u0259rl\u0259r\"],\"inLanguage\":\"az\"},{\"@type\":\"WebPage\",\"@id\":\"https:\\\/\\\/www.meydan.tv\\\/az\\\/article\\\/sovulular-deputatin-karxanasi-heyatimizi-alt-ust-edib\\\/\",\"url\":\"https:\\\/\\\/www.meydan.tv\\\/az\\\/article\\\/sovulular-deputatin-karxanasi-heyatimizi-alt-ust-edib\\\/\",\"name\":\"\u015eovulular: \u201cDeputat\u0131n karxanas\u0131 h\u0259yat\u0131m\u0131z\u0131 alt-\u00fcst edib\u201d - MEYDAN.TV\",\"isPartOf\":{\"@id\":\"https:\\\/\\\/www.meydan.tv\\\/az\\\/#website\"},\"primaryImageOfPage\":{\"@id\":\"https:\\\/\\\/www.meydan.tv\\\/az\\\/article\\\/sovulular-deputatin-karxanasi-heyatimizi-alt-ust-edib\\\/#primaryimage\"},\"image\":{\"@id\":\"https:\\\/\\\/www.meydan.tv\\\/az\\\/article\\\/sovulular-deputatin-karxanasi-heyatimizi-alt-ust-edib\\\/#primaryimage\"},\"thumbnailUrl\":\"https:\\\/\\\/www.meydan.tv\\\/wp-content\\\/uploads\\\/4727acca-26d0-4eb4-a73b-8cc9f010658d.jpg\",\"datePublished\":\"2022-04-19T11:22:52+00:00\",\"dateModified\":\"2022-04-19T11:22:53+00:00\",\"breadcrumb\":{\"@id\":\"https:\\\/\\\/www.meydan.tv\\\/az\\\/article\\\/sovulular-deputatin-karxanasi-heyatimizi-alt-ust-edib\\\/#breadcrumb\"},\"inLanguage\":\"az\",\"potentialAction\":[{\"@type\":\"ReadAction\",\"target\":[\"https:\\\/\\\/www.meydan.tv\\\/az\\\/article\\\/sovulular-deputatin-karxanasi-heyatimizi-alt-ust-edib\\\/\"]}]},{\"@type\":\"ImageObject\",\"inLanguage\":\"az\",\"@id\":\"https:\\\/\\\/www.meydan.tv\\\/az\\\/article\\\/sovulular-deputatin-karxanasi-heyatimizi-alt-ust-edib\\\/#primaryimage\",\"url\":\"https:\\\/\\\/www.meydan.tv\\\/wp-content\\\/uploads\\\/4727acca-26d0-4eb4-a73b-8cc9f010658d.jpg\",\"contentUrl\":\"https:\\\/\\\/www.meydan.tv\\\/wp-content\\\/uploads\\\/4727acca-26d0-4eb4-a73b-8cc9f010658d.jpg\",\"width\":1200,\"height\":666,\"caption\":\"\u015eovu k\u0259ndi, karxana. Foto: Meydan TV\"},{\"@type\":\"BreadcrumbList\",\"@id\":\"https:\\\/\\\/www.meydan.tv\\\/az\\\/article\\\/sovulular-deputatin-karxanasi-heyatimizi-alt-ust-edib\\\/#breadcrumb\",\"itemListElement\":[{\"@type\":\"ListItem\",\"position\":1,\"name\":\"Ana s\u0259hif\u0259\",\"item\":\"https:\\\/\\\/www.meydan.tv\\\/az\\\/\"},{\"@type\":\"ListItem\",\"position\":2,\"name\":\"B\u00f6lg\u0259\",\"item\":\"https:\\\/\\\/www.meydan.tv\\\/az\\\/section\\\/bolge\\\/\"},{\"@type\":\"ListItem\",\"position\":3,\"name\":\"\u015eovulular: \u201cDeputat\u0131n karxanas\u0131 h\u0259yat\u0131m\u0131z\u0131 alt-\u00fcst edib\u201d\"}]},{\"@type\":\"WebSite\",\"@id\":\"https:\\\/\\\/www.meydan.tv\\\/az\\\/#website\",\"url\":\"https:\\\/\\\/www.meydan.tv\\\/az\\\/\",\"name\":\"MEYDAN.TV\",\"description\":\"Meydan TV Az\u0259rbaycan\u0131n media m\u0259kan\u0131ndak\u0131 alternativ s\u0259sidir\",\"publisher\":{\"@id\":\"https:\\\/\\\/www.meydan.tv\\\/az\\\/#organization\"},\"potentialAction\":[{\"@type\":\"SearchAction\",\"target\":{\"@type\":\"EntryPoint\",\"urlTemplate\":\"https:\\\/\\\/www.meydan.tv\\\/az\\\/?s={search_term_string}\"},\"query-input\":{\"@type\":\"PropertyValueSpecification\",\"valueRequired\":true,\"valueName\":\"search_term_string\"}}],\"inLanguage\":\"az\"},{\"@type\":\"Organization\",\"@id\":\"https:\\\/\\\/www.meydan.tv\\\/az\\\/#organization\",\"name\":\"Meydan TV\",\"url\":\"https:\\\/\\\/www.meydan.tv\\\/az\\\/\",\"logo\":{\"@type\":\"ImageObject\",\"inLanguage\":\"az\",\"@id\":\"https:\\\/\\\/www.meydan.tv\\\/az\\\/#\\\/schema\\\/logo\\\/image\\\/\",\"url\":\"https:\\\/\\\/www.meydan.tv\\\/wp-content\\\/uploads\\\/2021\\\/07\\\/meydan-logo.svg\",\"contentUrl\":\"https:\\\/\\\/www.meydan.tv\\\/wp-content\\\/uploads\\\/2021\\\/07\\\/meydan-logo.svg\",\"width\":195,\"height\":46,\"caption\":\"Meydan TV\"},\"image\":{\"@id\":\"https:\\\/\\\/www.meydan.tv\\\/az\\\/#\\\/schema\\\/logo\\\/image\\\/\"}},{\"@type\":\"Person\",\"@id\":\"https:\\\/\\\/www.meydan.tv\\\/az\\\/#\\\/schema\\\/person\\\/9cdbecf90d17180ce1dfbd95b08dcf47\",\"name\":\"elli\",\"sameAs\":[\"https:\\\/\\\/x.com\\\/elli\"]}]}<\/script>\n<!-- \/ Yoast SEO plugin. -->","yoast_head_json":{"title":"\u015eovulular: \u201cDeputat\u0131n karxanas\u0131 h\u0259yat\u0131m\u0131z\u0131 alt-\u00fcst edib\u201d - MEYDAN.TV","robots":{"index":"index","follow":"follow","max-snippet":"max-snippet:-1","max-image-preview":"max-image-preview:large","max-video-preview":"max-video-preview:-1"},"canonical":"https:\/\/www.meydan.tv\/az\/article\/sovulular-deputatin-karxanasi-heyatimizi-alt-ust-edib\/","og_locale":"az_AZ","og_type":"article","og_title":"\u015eovulular: \u201cDeputat\u0131n karxanas\u0131 h\u0259yat\u0131m\u0131z\u0131 alt-\u00fcst edib\u201d - MEYDAN.TV","og_description":"\u201cYa zavodun f\u0259aliyy\u0259tini dayand\u0131rs\u0131nlar, qaz\u0131nt\u0131lar\u0131 saxlas\u0131nlar, ya da bizi ba\u015fqa ... Davam\u0131","og_url":"https:\/\/www.meydan.tv\/az\/article\/sovulular-deputatin-karxanasi-heyatimizi-alt-ust-edib\/","og_site_name":"MEYDAN.TV","article_published_time":"2022-04-19T11:22:52+00:00","article_modified_time":"2022-04-19T11:22:53+00:00","og_image":[{"width":1200,"height":666,"url":"https:\/\/www.meydan.tv\/wp-content\/uploads\/4727acca-26d0-4eb4-a73b-8cc9f010658d.jpg","type":"image\/jpeg"}],"author":"elli","twitter_card":"summary_large_image","twitter_creator":"@elli","schema":{"@context":"https:\/\/schema.org","@graph":[{"@type":"Article","@id":"https:\/\/www.meydan.tv\/az\/article\/sovulular-deputatin-karxanasi-heyatimizi-alt-ust-edib\/#article","isPartOf":{"@id":"https:\/\/www.meydan.tv\/az\/article\/sovulular-deputatin-karxanasi-heyatimizi-alt-ust-edib\/"},"author":{"name":"elli","@id":"https:\/\/www.meydan.tv\/az\/#\/schema\/person\/9cdbecf90d17180ce1dfbd95b08dcf47"},"headline":"\u015eovulular: \u201cDeputat\u0131n karxanas\u0131 h\u0259yat\u0131m\u0131z\u0131 alt-\u00fcst edib\u201d","datePublished":"2022-04-19T11:22:52+00:00","dateModified":"2022-04-19T11:22:53+00:00","mainEntityOfPage":{"@id":"https:\/\/www.meydan.tv\/az\/article\/sovulular-deputatin-karxanasi-heyatimizi-alt-ust-edib\/"},"wordCount":852,"publisher":{"@id":"https:\/\/www.meydan.tv\/az\/#organization"},"image":{"@id":"https:\/\/www.meydan.tv\/az\/article\/sovulular-deputatin-karxanasi-heyatimizi-alt-ust-edib\/#primaryimage"},"thumbnailUrl":"https:\/\/www.meydan.tv\/wp-content\/uploads\/4727acca-26d0-4eb4-a73b-8cc9f010658d.jpg","articleSection":["B\u00f6lg\u0259","X\u0259b\u0259rl\u0259r"],"inLanguage":"az"},{"@type":"WebPage","@id":"https:\/\/www.meydan.tv\/az\/article\/sovulular-deputatin-karxanasi-heyatimizi-alt-ust-edib\/","url":"https:\/\/www.meydan.tv\/az\/article\/sovulular-deputatin-karxanasi-heyatimizi-alt-ust-edib\/","name":"\u015eovulular: \u201cDeputat\u0131n karxanas\u0131 h\u0259yat\u0131m\u0131z\u0131 alt-\u00fcst edib\u201d - MEYDAN.TV","isPartOf":{"@id":"https:\/\/www.meydan.tv\/az\/#website"},"primaryImageOfPage":{"@id":"https:\/\/www.meydan.tv\/az\/article\/sovulular-deputatin-karxanasi-heyatimizi-alt-ust-edib\/#primaryimage"},"image":{"@id":"https:\/\/www.meydan.tv\/az\/article\/sovulular-deputatin-karxanasi-heyatimizi-alt-ust-edib\/#primaryimage"},"thumbnailUrl":"https:\/\/www.meydan.tv\/wp-content\/uploads\/4727acca-26d0-4eb4-a73b-8cc9f010658d.jpg","datePublished":"2022-04-19T11:22:52+00:00","dateModified":"2022-04-19T11:22:53+00:00","breadcrumb":{"@id":"https:\/\/www.meydan.tv\/az\/article\/sovulular-deputatin-karxanasi-heyatimizi-alt-ust-edib\/#breadcrumb"},"inLanguage":"az","potentialAction":[{"@type":"ReadAction","target":["https:\/\/www.meydan.tv\/az\/article\/sovulular-deputatin-karxanasi-heyatimizi-alt-ust-edib\/"]}]},{"@type":"ImageObject","inLanguage":"az","@id":"https:\/\/www.meydan.tv\/az\/article\/sovulular-deputatin-karxanasi-heyatimizi-alt-ust-edib\/#primaryimage","url":"https:\/\/www.meydan.tv\/wp-content\/uploads\/4727acca-26d0-4eb4-a73b-8cc9f010658d.jpg","contentUrl":"https:\/\/www.meydan.tv\/wp-content\/uploads\/4727acca-26d0-4eb4-a73b-8cc9f010658d.jpg","width":1200,"height":666,"caption":"\u015eovu k\u0259ndi, karxana. Foto: Meydan TV"},{"@type":"BreadcrumbList","@id":"https:\/\/www.meydan.tv\/az\/article\/sovulular-deputatin-karxanasi-heyatimizi-alt-ust-edib\/#breadcrumb","itemListElement":[{"@type":"ListItem","position":1,"name":"Ana s\u0259hif\u0259","item":"https:\/\/www.meydan.tv\/az\/"},{"@type":"ListItem","position":2,"name":"B\u00f6lg\u0259","item":"https:\/\/www.meydan.tv\/az\/section\/bolge\/"},{"@type":"ListItem","position":3,"name":"\u015eovulular: \u201cDeputat\u0131n karxanas\u0131 h\u0259yat\u0131m\u0131z\u0131 alt-\u00fcst edib\u201d"}]},{"@type":"WebSite","@id":"https:\/\/www.meydan.tv\/az\/#website","url":"https:\/\/www.meydan.tv\/az\/","name":"MEYDAN.TV","description":"Meydan TV Az\u0259rbaycan\u0131n media m\u0259kan\u0131ndak\u0131 alternativ s\u0259sidir","publisher":{"@id":"https:\/\/www.meydan.tv\/az\/#organization"},"potentialAction":[{"@type":"SearchAction","target":{"@type":"EntryPoint","urlTemplate":"https:\/\/www.meydan.tv\/az\/?s={search_term_string}"},"query-input":{"@type":"PropertyValueSpecification","valueRequired":true,"valueName":"search_term_string"}}],"inLanguage":"az"},{"@type":"Organization","@id":"https:\/\/www.meydan.tv\/az\/#organization","name":"Meydan TV","url":"https:\/\/www.meydan.tv\/az\/","logo":{"@type":"ImageObject","inLanguage":"az","@id":"https:\/\/www.meydan.tv\/az\/#\/schema\/logo\/image\/","url":"https:\/\/www.meydan.tv\/wp-content\/uploads\/2021\/07\/meydan-logo.svg","contentUrl":"https:\/\/www.meydan.tv\/wp-content\/uploads\/2021\/07\/meydan-logo.svg","width":195,"height":46,"caption":"Meydan TV"},"image":{"@id":"https:\/\/www.meydan.tv\/az\/#\/schema\/logo\/image\/"}},{"@type":"Person","@id":"https:\/\/www.meydan.tv\/az\/#\/schema\/person\/9cdbecf90d17180ce1dfbd95b08dcf47","name":"elli","sameAs":["https:\/\/x.com\/elli"]}]}},"_links":{"self":[{"href":"https:\/\/www.meydan.tv\/az\/wp-json\/wp\/v2\/posts\/242336","targetHints":{"allow":["GET"]}}],"collection":[{"href":"https:\/\/www.meydan.tv\/az\/wp-json\/wp\/v2\/posts"}],"about":[{"href":"https:\/\/www.meydan.tv\/az\/wp-json\/wp\/v2\/types\/post"}],"author":[{"embeddable":true,"href":"https:\/\/www.meydan.tv\/az\/wp-json\/wp\/v2\/users\/8"}],"replies":[{"embeddable":true,"href":"https:\/\/www.meydan.tv\/az\/wp-json\/wp\/v2\/comments?post=242336"}],"version-history":[{"count":1,"href":"https:\/\/www.meydan.tv\/az\/wp-json\/wp\/v2\/posts\/242336\/revisions"}],"predecessor-version":[{"id":242346,"href":"https:\/\/www.meydan.tv\/az\/wp-json\/wp\/v2\/posts\/242336\/revisions\/242346"}],"wp:featuredmedia":[{"embeddable":true,"href":"https:\/\/www.meydan.tv\/az\/wp-json\/wp\/v2\/media\/242340"}],"wp:attachment":[{"href":"https:\/\/www.meydan.tv\/az\/wp-json\/wp\/v2\/media?parent=242336"}],"wp:term":[{"taxonomy":"category","embeddable":true,"href":"https:\/\/www.meydan.tv\/az\/wp-json\/wp\/v2\/categories?post=242336"},{"taxonomy":"post_tag","embeddable":true,"href":"https:\/\/www.meydan.tv\/az\/wp-json\/wp\/v2\/tags?post=242336"}],"curies":[{"name":"wp","href":"https:\/\/api.w.org\/{rel}","templated":true}]}}