{"id":242184,"date":"2022-04-18T17:01:07","date_gmt":"2022-04-18T13:01:07","guid":{"rendered":"https:\/\/www.meydan.tv\/?p=242184"},"modified":"2022-04-18T17:11:24","modified_gmt":"2022-04-18T13:11:24","slug":"kinoda-ne-var-ne-yox","status":"publish","type":"post","link":"https:\/\/www.meydan.tv\/az\/article\/kinoda-ne-var-ne-yox\/","title":{"rendered":"Kinoda n\u0259 var, n\u0259 yox?"},"content":{"rendered":"\n<p><\/p>\n\n\n\n<p><strong>D\u00fcnyan\u0131n m\u00fcxt\u0259lif yerind\u0259n film x\u0259b\u0259rl\u0259ri<\/strong><\/p>\n\n\n\n<p>\u00d6t\u0259n h\u0259ft\u0259 kino sah\u0259si b\u0259zi m\u0259qamlarla yadda qal\u0131b.<\/p>\n\n\n\n<p>Yeni filml\u0259rin n\u00fcmayi\u015fl\u0259ri, beyn\u0259lxalq kino m\u00fcsabiq\u0259l\u0259rin\u0259 haz\u0131rl\u0131q, aktyorlar\u0131n p\u0259rd\u0259arxas\u0131 h\u0259yat\u0131 m\u00fczakir\u0259 m\u00f6vzusu olub.<\/p>\n\n\n\n<p>Meydan TV oxuculara h\u0259min x\u0259b\u0259rl\u0259rd\u0259n b\u0259zil\u0259rini t\u0259qdim edir:<\/p>\n\n\n\n<p><strong>Tolstoyun h\u0259yat\u0131ndan b\u0259hs ed\u0259n serial<\/strong><\/p>\n\n\n\n<p>Rus yaz\u0131\u00e7\u0131s\u0131 Lev Tolstoy haqq\u0131nda serial ssenarisi yaz\u0131l\u0131b.<\/p>\n\n\n\n<p>Ssenarini yaz\u0131\u00e7\u0131n\u0131n k\u00f6t\u00fcc\u0259si, Rusiya Prezidentinin m\u0259d\u0259niyy\u0259t m\u0259s\u0259l\u0259l\u0259ri \u00fczr\u0259 m\u00fc\u015faviri Vladimir Tolstoy <a href=\"https:\/\/ria.ru\/20220415\/tolstoy-1783678643.html\" target=\"_blank\" rel=\"noreferrer noopener\">yaz\u0131b.<\/a><br><\/p>\n\n\n\n<p>2028-ci ild\u0259 Tolstoyun 200 illik yubileyi qeyd olunacaq.<\/p>\n\n\n\n<p>Tostoyla ba\u011fl\u0131 indiy\u0259 q\u0259d\u0259r filml\u0259r \u00e7\u0259kilib.<\/p>\n\n\n\n<figure class=\"wp-block-image size-full\"><img decoding=\"async\" width=\"800\" height=\"600\" data-src=\"https:\/\/www.meydan.tv\/wp-content\/uploads\/20254.jpg\" alt=\"Lev Tolstoy\" class=\"wp-image-53691 lazyload\" src=\"data:image\/svg+xml;base64,PHN2ZyB3aWR0aD0iMSIgaGVpZ2h0PSIxIiB4bWxucz0iaHR0cDovL3d3dy53My5vcmcvMjAwMC9zdmciPjwvc3ZnPg==\" style=\"--smush-placeholder-width: 800px; --smush-placeholder-aspect-ratio: 800\/600;\" \/><figcaption>M\u0259nb\u0259: &#8220;Lenta.ru&#8221;<\/figcaption><\/figure>\n\n\n\n<p>1912-ci ild\u0259 Yakov Protazanov v\u0259 Yelizaveta Timan \u201cDahi qocan\u0131n gedi\u015fi\u201d adl\u0131 30 d\u0259qiq\u0259lik s\u0259ssiz film t\u0259qdim edibl\u0259r.<\/p>\n\n\n\n<p>Burada yaz\u0131\u00e7\u0131n\u0131n h\u0259yat\u0131n\u0131n son d\u00f6vr\u00fcnd\u0259n b\u0259hs edilib, s\u0259n\u0259dli kadrlardan istifad\u0259 edilib.<\/p>\n\n\n\n<p>1984-c\u00fc ild\u0259 ekranlara Sergey Gerasimovun \u201cLev Tolstoy\u201d filmi \u00e7\u0131x\u0131b.<\/p>\n\n\n\n<p>2009-cu ild\u0259 Maykl Hoffman\u0131n \u201cSon bazar g\u00fcn\u00fc\u201d filminin premyeras\u0131 olub. Tolstoy obraz\u0131n\u0131 Kristofer Plammer canland\u0131r\u0131b.<\/p>\n\n\n\n<p>Bu rola g\u00f6r\u0259 o, \u201cOskar\u201d m\u00fckafat\u0131na namiz\u0259d olub.<\/p>\n\n\n\n<p><strong>Lopez haqq\u0131nda s\u0259n\u0259dli film \u00e7\u0259kilib<\/strong><\/p>\n\n\n\n<p>M\u00fc\u011f\u0259nni Cennifer Lopez haqq\u0131nda s\u0259n\u0259dli film \u00e7\u0259kilib.<\/p>\n\n\n\n<p>Ekran i\u015fi \u201cTribeca Film Festival\u201d\u0131n a\u00e7\u0131l\u0131\u015f m\u0259rasimind\u0259 n\u00fcmayi\u015f <a href=\"https:\/\/deadline.com\/2022\/04\/jennifer-lopez-halftime-documentary-tribeca-festival-1235001499\/\" target=\"_blank\" rel=\"noreferrer noopener\">olunacaq<\/a>.<\/p>\n\n\n\n<p>\u201cHalftime\u201d filminin rejissoru Amanda Mi\u00e7eldir.<\/p>\n\n\n\n<figure class=\"wp-block-image size-large\"><img decoding=\"async\" width=\"1184\" height=\"821\" data-src=\"https:\/\/www.meydan.tv\/wp-content\/uploads\/shutterstock_1417205858-1184x821.jpg\" alt=\"\" class=\"wp-image-242188 lazyload\" src=\"data:image\/svg+xml;base64,PHN2ZyB3aWR0aD0iMSIgaGVpZ2h0PSIxIiB4bWxucz0iaHR0cDovL3d3dy53My5vcmcvMjAwMC9zdmciPjwvc3ZnPg==\" style=\"--smush-placeholder-width: 1184px; --smush-placeholder-aspect-ratio: 1184\/821;\" \/><figcaption>Cennifer Lopez . Foto: Ovidiu Hrubaru\/shutterstock<\/figcaption><\/figure>\n\n\n\n<p>Filmd\u0259 Lopezin \u201cp\u0259rd\u0259arxas\u0131\u201d h\u0259yat\u0131 g\u00f6st\u0259ril\u0259c\u0259k.<\/p>\n\n\n\n<p>\u201cTribeca Film Festival\u201d iyunun 8-d\u0259n 19-d\u0259k Nyu-Yorkda ke\u00e7iril\u0259c\u0259k.<\/p>\n\n\n\n<p>Film iyunun 14-d\u0259n etibar\u0259n \u201cNetflix\u201dd\u0259 yay\u0131mlanacaq.<\/p>\n\n\n\n<p>\u201c<strong>Kann\u201d Film Festival\u0131 g\u0259l\u0259n ay ba\u015flay\u0131r<\/strong><\/p>\n\n\n\n<p>75-ci \u201cKann\u201d Film Festival\u0131n\u0131n proqram\u0131 a\u00e7\u0131qlan\u0131b.<\/p>\n\n\n\n<p>M\u00fcsabiq\u0259y\u0259 18 film <a href=\"http:\/\/40181.html\" target=\"_blank\" rel=\"noreferrer noopener\">daxildir<\/a>.<\/p>\n\n\n\n<p>Siyah\u0131dak\u0131 filml\u0259r bunlard\u0131r:<\/p>\n\n\n\n<p>\u201c<em>Holy Spider,\u201d Ali Abbasi,<br>\u201cLes Amandiers,\u201d Valeria Bruni Tedeschi,<br>\u201cCrimes of the Future,\u201d David Cronenberg,<br>\u201cThe Stars at Noon,\u201d Claire Denis,<br>\u201cFrere et Soeur,\u201d Arnaud Desplechin,<br>\u201cTori and Lokita,\u201d Jean-Pierre and Luc Dardenne,<br>\u201cClose,\u201d Lukas Dhont,<br>\u201cArmageddon Time,\u201d James Gray,<br>\u201cBroker,\u201d Hirokazu Kore-eda,<br><\/em><\/p>\n\n\n\n<figure class=\"wp-block-image size-full\"><img decoding=\"async\" width=\"1200\" height=\"681\" data-src=\"https:\/\/www.meydan.tv\/wp-content\/uploads\/shutterstock_1146806087-e1646216299912.jpg\" alt=\"\" class=\"wp-image-236719 lazyload\" src=\"data:image\/svg+xml;base64,PHN2ZyB3aWR0aD0iMSIgaGVpZ2h0PSIxIiB4bWxucz0iaHR0cDovL3d3dy53My5vcmcvMjAwMC9zdmciPjwvc3ZnPg==\" style=\"--smush-placeholder-width: 1200px; --smush-placeholder-aspect-ratio: 1200\/681;\" \/><figcaption> Beyn\u0259lxalq Kann Film Festival\u0131. Foto: Iurii Dzivinskyi\/shutterstock<\/figcaption><\/figure>\n\n\n\n<p>\u201c<em>Nostalgia,\u201d Mario Martone,<br>\u201cR.M.N.,\u201d Cristian Mungiu,<br>\u201cTriangle of Sadness,\u201d Ruben Ostlund,<br>\u201cDecisions to Leave,\u201d Park Chan-Wook,<br>\u201cShowing Up,\u201d Kelly Reichardt,<br>\u201cLeila\u2019s Brothers,\u201d Saeed Roustayi,<br>\u201cBoy from Heaven,\u201d Tarik Saleh,<br>\u201cTchaikovsky\u2019s Wife,\u201d Kirill Serebrennikov,<br>\u201cHi-Han (Eo),\u201d Jerzy Skolimowski.<\/em><\/p>\n\n\n\n<p>Almaniyada ya\u015fayan m\u00fcxalif rus rejissor Kirill Serebrennikov \u201c\u00c7aykovskinin arvad\u0131\u201d filmi il\u0259 \u201cQ\u0131z\u0131l Palma\u201d m\u00fckafat\u0131 \u00fc\u00e7\u00fcn yar\u0131\u015facaq.<\/p>\n\n\n\n<p>Festival may\u0131n 17-d\u0259n 28-d\u0259k ke\u00e7iril\u0259c\u0259k.<\/p>\n\n\n\n<p><strong>Pyer Ri\u015far Putind\u0259n xahi\u015f edib<\/strong><\/p>\n\n\n\n<p>Fransal\u0131 aktyor Pyer Ri\u015far Rusiya Prezidenti Vladimir Putind\u0259n Ukraynadak\u0131 h\u0259rbi \u0259m\u0259liyyatlar\u0131 dayand\u0131rma\u011f\u0131 xahi\u015f <a href=\"https:\/\/www.bfmtv.com\/people\/l-acteur-pierre-richard-se-dit-dechire-de-voir-que-l-armee-russe-envahit-l-ukraine_AV-202204150564.html\" target=\"_blank\" rel=\"noreferrer noopener\">edib<\/a>.<\/p>\n\n\n\n<p>Ukrayna v\u0259 Rusiya xalq\u0131na b\u00f6y\u00fck sevgisini etiraf ed\u0259n s\u0259n\u0259t\u00e7i m\u00fcharib\u0259nin pis n\u0259tic\u0259l\u0259rind\u0259n narahat oldu\u011funu deyib: \u201cDa\u011f\u0131d\u0131lm\u0131\u015f \u015f\u0259h\u0259rl\u0259rin, q\u0259tl\u0259 yetiril\u0259n insanlar\u0131n fotolar\u0131\u0131na \u00fcr\u0259ka\u011fr\u0131s\u0131 il\u0259 bax\u0131ram. Ukrayna xalq\u0131n\u0131n v\u0259 prezidentinin c\u0259sar\u0259tini, m\u00fcxalif ruhunu, f\u0259dakarl\u0131\u011f\u0131n\u0131 y\u00fcks\u0259k qiym\u0259tl\u0259ndirir\u0259m. Onlara heyranam. M\u0259n ba\u015f ver\u0259nl\u0259rin tezlikl\u0259 bit\u0259c\u0259yin\u0259 \u00fcmidimi itirmir\u0259m\u201d.<\/p>\n\n\n\n<figure class=\"wp-block-image size-full\"><img decoding=\"async\" width=\"1200\" height=\"749\" data-src=\"https:\/\/www.meydan.tv\/wp-content\/uploads\/1650040151-6018.jpg\" alt=\"\" class=\"wp-image-242162 lazyload\" src=\"data:image\/svg+xml;base64,PHN2ZyB3aWR0aD0iMSIgaGVpZ2h0PSIxIiB4bWxucz0iaHR0cDovL3d3dy53My5vcmcvMjAwMC9zdmciPjwvc3ZnPg==\" style=\"--smush-placeholder-width: 1200px; --smush-placeholder-aspect-ratio: 1200\/749;\" \/><figcaption>Foto: screenshot<\/figcaption><\/figure>\n\n\n\n<p>Daha \u00f6nc\u0259 frans\u0131z aktyor Jerar Depardye Putini h\u0259rbi \u0259m\u0259liyyatlara g\u00f6r\u0259 t\u0259nqid <a href=\"https:\/\/d9mc3ts4czbpr.cloudfront.net\/az\/article\/depardye-putinin-cilginliqlarina-gore-rus-xalqi-mesuliyyet-dasimir\/\" target=\"_blank\" rel=\"noreferrer noopener\">etmi\u015fdi<\/a>. <\/p>\n\n\n\n<p>R\u0259smi Kreml aktyorun Ukraynada ba\u015f ver\u0259nl\u0259rin mahiyy\u0259tini tam d\u0259rk etm\u0259diyin\u0259 \u0259minliyini bildirib v\u0259 Depardyey\u0259 x\u00fcsusi \u0259m\u0259liyyat\u0131n s\u0259b\u0259bl\u0259rini izah etm\u0259yi t\u0259klif edib.<\/p>\n\n\n\n<p><strong>Bar\u0131\u015f Akarsu haqq\u0131nda film \u00e7\u0259kilir<\/strong><\/p>\n\n\n\n<p>M\u0259rhum t\u00fcrkiy\u0259li rok m\u00fc\u011f\u0259nnisi Bar\u0131\u015f Akarsunun h\u0259yat\u0131ndan b\u0259hs ed\u0259n film \u00e7\u0259kilir.<\/p>\n\n\n\n<p>Filmd\u0259 s\u0259n\u0259t\u00e7ini aktyor \u0130smay\u0131l Ege \u015ea\u015fmaz <a href=\"https:\/\/www.hurriyet.com.tr\/galeri-baris-akarsunun-hayati-film-oluyor-baris-akarsu-kimdir-ne-zaman-oldu-42044735\/1\" target=\"_blank\" rel=\"noreferrer noopener\">canland\u0131racaq<\/a>.<\/p>\n\n\n\n<p>Bar\u0131\u015f Akarsu 2007-ci ild\u0259 28 ya\u015f\u0131nda avtomobil q\u0259zas\u0131nda v\u0259fat edib.<\/p>\n\n\n\n<figure class=\"wp-block-image size-full\"><img decoding=\"async\" width=\"1200\" height=\"798\" data-src=\"https:\/\/www.meydan.tv\/wp-content\/uploads\/shutterstock_1718570338.jpg\" alt=\"\" class=\"wp-image-228630 lazyload\" src=\"data:image\/svg+xml;base64,PHN2ZyB3aWR0aD0iMSIgaGVpZ2h0PSIxIiB4bWxucz0iaHR0cDovL3d3dy53My5vcmcvMjAwMC9zdmciPjwvc3ZnPg==\" style=\"--smush-placeholder-width: 1200px; --smush-placeholder-aspect-ratio: 1200\/798;\" \/><figcaption>Foto: By kamarulzamanganu\/Shutterstock<\/figcaption><\/figure>\n\n\n\n<p><strong>Cem Y\u0131lmaz\u0131n \u00e7\u0259kdiyi serial \u201cNetflix\u201dd\u0259<\/strong><\/p>\n\n\n\n<p>T\u00fcrkiy\u0259li komediya ustas\u0131 Cem Y\u0131lmaz\u0131n \u201cEr\u015fan Kuneri\u201d serial\u0131 may\u0131n 13-d\u0259 \u201cNetflix\u201dd\u0259 n\u00fcmayi\u015f <a href=\"https:\/\/www.haberler.com\/magazin\/cem-yilmaz-in-merakla-beklenen-ersan-kuneri-14872356-haberi\/\" target=\"_blank\" rel=\"noreferrer noopener\">olunacaq<\/a>.<\/p>\n\n\n\n<p>Serialda Ezgi Mola, Uraz Kayq\u0131laro\u011flu, Nilperi \u015eahinkaya, Zafer Alg\u00f6z, \u00c7a\u011flar \u00c7orumlu, Merve Dizdar \u00e7\u0259kilib.<\/p>\n\n\n\n<p>Serial\u0131n \u00e7\u0259kili\u015fl\u0259ri 2021-ci ilin sentyabr\u0131nda tamamlan\u0131b.<\/p>\n","protected":false},"excerpt":{"rendered":"<p>D\u00fcnyan\u0131n m\u00fcxt\u0259lif yerind\u0259n film x\u0259b\u0259rl\u0259ri \u00d6t\u0259n h\u0259ft\u0259 kino sah\u0259si b\u0259zi &#8230; <\/p>\n<p class=\"read-more-container\"><a title=\"Kinoda n\u0259 var, n\u0259 yox?\" class=\"read-more button\" href=\"https:\/\/www.meydan.tv\/az\/article\/kinoda-ne-var-ne-yox\/#more-242184\" aria-label=\"Read more about Kinoda n\u0259 var, n\u0259 yox?\">Davam\u0131<\/a><\/p>\n","protected":false},"author":8,"featured_media":242185,"comment_status":"closed","ping_status":"closed","sticky":false,"template":"","format":"standard","meta":{"_acf_changed":false,"_sitemap_exclude":false,"_sitemap_priority":"","_sitemap_frequency":"","footnotes":""},"categories":[52,56],"tags":[],"class_list":["post-242184","post","type-post","status-publish","format-standard","has-post-thumbnail","hentry","category-medeniyyet","category-xeberler","infinite-scroll-item","generate-columns","tablet-grid-50","mobile-grid-100","grid-parent","grid-33","no-featured-image-padding"],"acf":[],"yoast_head":"<!-- This site is optimized with the Yoast SEO plugin v27.5 - https:\/\/yoast.com\/product\/yoast-seo-wordpress\/ -->\n<title>Kinoda n\u0259 var, n\u0259 yox? - MEYDAN.TV<\/title>\n<meta name=\"robots\" content=\"index, follow, max-snippet:-1, max-image-preview:large, max-video-preview:-1\" \/>\n<link rel=\"canonical\" href=\"https:\/\/www.meydan.tv\/az\/article\/kinoda-ne-var-ne-yox\/\" \/>\n<meta property=\"og:locale\" content=\"az_AZ\" \/>\n<meta property=\"og:type\" content=\"article\" \/>\n<meta property=\"og:title\" content=\"Kinoda n\u0259 var, n\u0259 yox? - MEYDAN.TV\" \/>\n<meta property=\"og:description\" content=\"D\u00fcnyan\u0131n m\u00fcxt\u0259lif yerind\u0259n film x\u0259b\u0259rl\u0259ri \u00d6t\u0259n h\u0259ft\u0259 kino sah\u0259si b\u0259zi ... Davam\u0131\" \/>\n<meta property=\"og:url\" content=\"https:\/\/www.meydan.tv\/az\/article\/kinoda-ne-var-ne-yox\/\" \/>\n<meta property=\"og:site_name\" content=\"MEYDAN.TV\" \/>\n<meta property=\"article:published_time\" content=\"2022-04-18T13:01:07+00:00\" \/>\n<meta property=\"article:modified_time\" content=\"2022-04-18T13:11:24+00:00\" \/>\n<meta property=\"og:image\" content=\"https:\/\/www.meydan.tv\/wp-content\/uploads\/shutterstock_753798850.jpg\" \/>\n\t<meta property=\"og:image:width\" content=\"1200\" \/>\n\t<meta property=\"og:image:height\" content=\"807\" \/>\n\t<meta property=\"og:image:type\" content=\"image\/jpeg\" \/>\n<meta name=\"author\" content=\"elli\" \/>\n<meta name=\"twitter:card\" content=\"summary_large_image\" \/>\n<meta name=\"twitter:creator\" content=\"@elli\" \/>\n<script type=\"application\/ld+json\" class=\"yoast-schema-graph\">{\"@context\":\"https:\\\/\\\/schema.org\",\"@graph\":[{\"@type\":\"Article\",\"@id\":\"https:\\\/\\\/www.meydan.tv\\\/az\\\/article\\\/kinoda-ne-var-ne-yox\\\/#article\",\"isPartOf\":{\"@id\":\"https:\\\/\\\/www.meydan.tv\\\/az\\\/article\\\/kinoda-ne-var-ne-yox\\\/\"},\"author\":{\"name\":\"elli\",\"@id\":\"https:\\\/\\\/www.meydan.tv\\\/az\\\/#\\\/schema\\\/person\\\/9cdbecf90d17180ce1dfbd95b08dcf47\"},\"headline\":\"Kinoda n\u0259 var, n\u0259 yox?\",\"datePublished\":\"2022-04-18T13:01:07+00:00\",\"dateModified\":\"2022-04-18T13:11:24+00:00\",\"mainEntityOfPage\":{\"@id\":\"https:\\\/\\\/www.meydan.tv\\\/az\\\/article\\\/kinoda-ne-var-ne-yox\\\/\"},\"wordCount\":750,\"publisher\":{\"@id\":\"https:\\\/\\\/www.meydan.tv\\\/az\\\/#organization\"},\"image\":{\"@id\":\"https:\\\/\\\/www.meydan.tv\\\/az\\\/article\\\/kinoda-ne-var-ne-yox\\\/#primaryimage\"},\"thumbnailUrl\":\"https:\\\/\\\/www.meydan.tv\\\/wp-content\\\/uploads\\\/shutterstock_753798850.jpg\",\"articleSection\":[\"M\u0259d\u0259niyy\u0259t\",\"X\u0259b\u0259rl\u0259r\"],\"inLanguage\":\"az\"},{\"@type\":\"WebPage\",\"@id\":\"https:\\\/\\\/www.meydan.tv\\\/az\\\/article\\\/kinoda-ne-var-ne-yox\\\/\",\"url\":\"https:\\\/\\\/www.meydan.tv\\\/az\\\/article\\\/kinoda-ne-var-ne-yox\\\/\",\"name\":\"Kinoda n\u0259 var, n\u0259 yox? - MEYDAN.TV\",\"isPartOf\":{\"@id\":\"https:\\\/\\\/www.meydan.tv\\\/az\\\/#website\"},\"primaryImageOfPage\":{\"@id\":\"https:\\\/\\\/www.meydan.tv\\\/az\\\/article\\\/kinoda-ne-var-ne-yox\\\/#primaryimage\"},\"image\":{\"@id\":\"https:\\\/\\\/www.meydan.tv\\\/az\\\/article\\\/kinoda-ne-var-ne-yox\\\/#primaryimage\"},\"thumbnailUrl\":\"https:\\\/\\\/www.meydan.tv\\\/wp-content\\\/uploads\\\/shutterstock_753798850.jpg\",\"datePublished\":\"2022-04-18T13:01:07+00:00\",\"dateModified\":\"2022-04-18T13:11:24+00:00\",\"breadcrumb\":{\"@id\":\"https:\\\/\\\/www.meydan.tv\\\/az\\\/article\\\/kinoda-ne-var-ne-yox\\\/#breadcrumb\"},\"inLanguage\":\"az\",\"potentialAction\":[{\"@type\":\"ReadAction\",\"target\":[\"https:\\\/\\\/www.meydan.tv\\\/az\\\/article\\\/kinoda-ne-var-ne-yox\\\/\"]}]},{\"@type\":\"ImageObject\",\"inLanguage\":\"az\",\"@id\":\"https:\\\/\\\/www.meydan.tv\\\/az\\\/article\\\/kinoda-ne-var-ne-yox\\\/#primaryimage\",\"url\":\"https:\\\/\\\/www.meydan.tv\\\/wp-content\\\/uploads\\\/shutterstock_753798850.jpg\",\"contentUrl\":\"https:\\\/\\\/www.meydan.tv\\\/wp-content\\\/uploads\\\/shutterstock_753798850.jpg\",\"width\":1200,\"height\":807,\"caption\":\"Kino. Foto: Fer Gregory\\\/shutterstock\"},{\"@type\":\"BreadcrumbList\",\"@id\":\"https:\\\/\\\/www.meydan.tv\\\/az\\\/article\\\/kinoda-ne-var-ne-yox\\\/#breadcrumb\",\"itemListElement\":[{\"@type\":\"ListItem\",\"position\":1,\"name\":\"Ana s\u0259hif\u0259\",\"item\":\"https:\\\/\\\/www.meydan.tv\\\/az\\\/\"},{\"@type\":\"ListItem\",\"position\":2,\"name\":\"M\u0259d\u0259niyy\u0259t\",\"item\":\"https:\\\/\\\/www.meydan.tv\\\/az\\\/section\\\/medeniyyet\\\/\"},{\"@type\":\"ListItem\",\"position\":3,\"name\":\"Kinoda n\u0259 var, n\u0259 yox?\"}]},{\"@type\":\"WebSite\",\"@id\":\"https:\\\/\\\/www.meydan.tv\\\/az\\\/#website\",\"url\":\"https:\\\/\\\/www.meydan.tv\\\/az\\\/\",\"name\":\"MEYDAN.TV\",\"description\":\"Meydan TV Az\u0259rbaycan\u0131n media m\u0259kan\u0131ndak\u0131 alternativ s\u0259sidir\",\"publisher\":{\"@id\":\"https:\\\/\\\/www.meydan.tv\\\/az\\\/#organization\"},\"potentialAction\":[{\"@type\":\"SearchAction\",\"target\":{\"@type\":\"EntryPoint\",\"urlTemplate\":\"https:\\\/\\\/www.meydan.tv\\\/az\\\/?s={search_term_string}\"},\"query-input\":{\"@type\":\"PropertyValueSpecification\",\"valueRequired\":true,\"valueName\":\"search_term_string\"}}],\"inLanguage\":\"az\"},{\"@type\":\"Organization\",\"@id\":\"https:\\\/\\\/www.meydan.tv\\\/az\\\/#organization\",\"name\":\"Meydan TV\",\"url\":\"https:\\\/\\\/www.meydan.tv\\\/az\\\/\",\"logo\":{\"@type\":\"ImageObject\",\"inLanguage\":\"az\",\"@id\":\"https:\\\/\\\/www.meydan.tv\\\/az\\\/#\\\/schema\\\/logo\\\/image\\\/\",\"url\":\"https:\\\/\\\/www.meydan.tv\\\/wp-content\\\/uploads\\\/2021\\\/07\\\/meydan-logo.svg\",\"contentUrl\":\"https:\\\/\\\/www.meydan.tv\\\/wp-content\\\/uploads\\\/2021\\\/07\\\/meydan-logo.svg\",\"width\":195,\"height\":46,\"caption\":\"Meydan TV\"},\"image\":{\"@id\":\"https:\\\/\\\/www.meydan.tv\\\/az\\\/#\\\/schema\\\/logo\\\/image\\\/\"}},{\"@type\":\"Person\",\"@id\":\"https:\\\/\\\/www.meydan.tv\\\/az\\\/#\\\/schema\\\/person\\\/9cdbecf90d17180ce1dfbd95b08dcf47\",\"name\":\"elli\",\"sameAs\":[\"https:\\\/\\\/x.com\\\/elli\"]}]}<\/script>\n<!-- \/ Yoast SEO plugin. -->","yoast_head_json":{"title":"Kinoda n\u0259 var, n\u0259 yox? - MEYDAN.TV","robots":{"index":"index","follow":"follow","max-snippet":"max-snippet:-1","max-image-preview":"max-image-preview:large","max-video-preview":"max-video-preview:-1"},"canonical":"https:\/\/www.meydan.tv\/az\/article\/kinoda-ne-var-ne-yox\/","og_locale":"az_AZ","og_type":"article","og_title":"Kinoda n\u0259 var, n\u0259 yox? - MEYDAN.TV","og_description":"D\u00fcnyan\u0131n m\u00fcxt\u0259lif yerind\u0259n film x\u0259b\u0259rl\u0259ri \u00d6t\u0259n h\u0259ft\u0259 kino sah\u0259si b\u0259zi ... Davam\u0131","og_url":"https:\/\/www.meydan.tv\/az\/article\/kinoda-ne-var-ne-yox\/","og_site_name":"MEYDAN.TV","article_published_time":"2022-04-18T13:01:07+00:00","article_modified_time":"2022-04-18T13:11:24+00:00","og_image":[{"width":1200,"height":807,"url":"https:\/\/www.meydan.tv\/wp-content\/uploads\/shutterstock_753798850.jpg","type":"image\/jpeg"}],"author":"elli","twitter_card":"summary_large_image","twitter_creator":"@elli","schema":{"@context":"https:\/\/schema.org","@graph":[{"@type":"Article","@id":"https:\/\/www.meydan.tv\/az\/article\/kinoda-ne-var-ne-yox\/#article","isPartOf":{"@id":"https:\/\/www.meydan.tv\/az\/article\/kinoda-ne-var-ne-yox\/"},"author":{"name":"elli","@id":"https:\/\/www.meydan.tv\/az\/#\/schema\/person\/9cdbecf90d17180ce1dfbd95b08dcf47"},"headline":"Kinoda n\u0259 var, n\u0259 yox?","datePublished":"2022-04-18T13:01:07+00:00","dateModified":"2022-04-18T13:11:24+00:00","mainEntityOfPage":{"@id":"https:\/\/www.meydan.tv\/az\/article\/kinoda-ne-var-ne-yox\/"},"wordCount":750,"publisher":{"@id":"https:\/\/www.meydan.tv\/az\/#organization"},"image":{"@id":"https:\/\/www.meydan.tv\/az\/article\/kinoda-ne-var-ne-yox\/#primaryimage"},"thumbnailUrl":"https:\/\/www.meydan.tv\/wp-content\/uploads\/shutterstock_753798850.jpg","articleSection":["M\u0259d\u0259niyy\u0259t","X\u0259b\u0259rl\u0259r"],"inLanguage":"az"},{"@type":"WebPage","@id":"https:\/\/www.meydan.tv\/az\/article\/kinoda-ne-var-ne-yox\/","url":"https:\/\/www.meydan.tv\/az\/article\/kinoda-ne-var-ne-yox\/","name":"Kinoda n\u0259 var, n\u0259 yox? - MEYDAN.TV","isPartOf":{"@id":"https:\/\/www.meydan.tv\/az\/#website"},"primaryImageOfPage":{"@id":"https:\/\/www.meydan.tv\/az\/article\/kinoda-ne-var-ne-yox\/#primaryimage"},"image":{"@id":"https:\/\/www.meydan.tv\/az\/article\/kinoda-ne-var-ne-yox\/#primaryimage"},"thumbnailUrl":"https:\/\/www.meydan.tv\/wp-content\/uploads\/shutterstock_753798850.jpg","datePublished":"2022-04-18T13:01:07+00:00","dateModified":"2022-04-18T13:11:24+00:00","breadcrumb":{"@id":"https:\/\/www.meydan.tv\/az\/article\/kinoda-ne-var-ne-yox\/#breadcrumb"},"inLanguage":"az","potentialAction":[{"@type":"ReadAction","target":["https:\/\/www.meydan.tv\/az\/article\/kinoda-ne-var-ne-yox\/"]}]},{"@type":"ImageObject","inLanguage":"az","@id":"https:\/\/www.meydan.tv\/az\/article\/kinoda-ne-var-ne-yox\/#primaryimage","url":"https:\/\/www.meydan.tv\/wp-content\/uploads\/shutterstock_753798850.jpg","contentUrl":"https:\/\/www.meydan.tv\/wp-content\/uploads\/shutterstock_753798850.jpg","width":1200,"height":807,"caption":"Kino. Foto: Fer Gregory\/shutterstock"},{"@type":"BreadcrumbList","@id":"https:\/\/www.meydan.tv\/az\/article\/kinoda-ne-var-ne-yox\/#breadcrumb","itemListElement":[{"@type":"ListItem","position":1,"name":"Ana s\u0259hif\u0259","item":"https:\/\/www.meydan.tv\/az\/"},{"@type":"ListItem","position":2,"name":"M\u0259d\u0259niyy\u0259t","item":"https:\/\/www.meydan.tv\/az\/section\/medeniyyet\/"},{"@type":"ListItem","position":3,"name":"Kinoda n\u0259 var, n\u0259 yox?"}]},{"@type":"WebSite","@id":"https:\/\/www.meydan.tv\/az\/#website","url":"https:\/\/www.meydan.tv\/az\/","name":"MEYDAN.TV","description":"Meydan TV Az\u0259rbaycan\u0131n media m\u0259kan\u0131ndak\u0131 alternativ s\u0259sidir","publisher":{"@id":"https:\/\/www.meydan.tv\/az\/#organization"},"potentialAction":[{"@type":"SearchAction","target":{"@type":"EntryPoint","urlTemplate":"https:\/\/www.meydan.tv\/az\/?s={search_term_string}"},"query-input":{"@type":"PropertyValueSpecification","valueRequired":true,"valueName":"search_term_string"}}],"inLanguage":"az"},{"@type":"Organization","@id":"https:\/\/www.meydan.tv\/az\/#organization","name":"Meydan TV","url":"https:\/\/www.meydan.tv\/az\/","logo":{"@type":"ImageObject","inLanguage":"az","@id":"https:\/\/www.meydan.tv\/az\/#\/schema\/logo\/image\/","url":"https:\/\/www.meydan.tv\/wp-content\/uploads\/2021\/07\/meydan-logo.svg","contentUrl":"https:\/\/www.meydan.tv\/wp-content\/uploads\/2021\/07\/meydan-logo.svg","width":195,"height":46,"caption":"Meydan TV"},"image":{"@id":"https:\/\/www.meydan.tv\/az\/#\/schema\/logo\/image\/"}},{"@type":"Person","@id":"https:\/\/www.meydan.tv\/az\/#\/schema\/person\/9cdbecf90d17180ce1dfbd95b08dcf47","name":"elli","sameAs":["https:\/\/x.com\/elli"]}]}},"_links":{"self":[{"href":"https:\/\/www.meydan.tv\/az\/wp-json\/wp\/v2\/posts\/242184","targetHints":{"allow":["GET"]}}],"collection":[{"href":"https:\/\/www.meydan.tv\/az\/wp-json\/wp\/v2\/posts"}],"about":[{"href":"https:\/\/www.meydan.tv\/az\/wp-json\/wp\/v2\/types\/post"}],"author":[{"embeddable":true,"href":"https:\/\/www.meydan.tv\/az\/wp-json\/wp\/v2\/users\/8"}],"replies":[{"embeddable":true,"href":"https:\/\/www.meydan.tv\/az\/wp-json\/wp\/v2\/comments?post=242184"}],"version-history":[{"count":4,"href":"https:\/\/www.meydan.tv\/az\/wp-json\/wp\/v2\/posts\/242184\/revisions"}],"predecessor-version":[{"id":242205,"href":"https:\/\/www.meydan.tv\/az\/wp-json\/wp\/v2\/posts\/242184\/revisions\/242205"}],"wp:featuredmedia":[{"embeddable":true,"href":"https:\/\/www.meydan.tv\/az\/wp-json\/wp\/v2\/media\/242185"}],"wp:attachment":[{"href":"https:\/\/www.meydan.tv\/az\/wp-json\/wp\/v2\/media?parent=242184"}],"wp:term":[{"taxonomy":"category","embeddable":true,"href":"https:\/\/www.meydan.tv\/az\/wp-json\/wp\/v2\/categories?post=242184"},{"taxonomy":"post_tag","embeddable":true,"href":"https:\/\/www.meydan.tv\/az\/wp-json\/wp\/v2\/tags?post=242184"}],"curies":[{"name":"wp","href":"https:\/\/api.w.org\/{rel}","templated":true}]}}