{"id":242171,"date":"2022-04-18T15:21:28","date_gmt":"2022-04-18T11:21:28","guid":{"rendered":"https:\/\/www.meydan.tv\/?p=242171"},"modified":"2022-04-18T15:21:33","modified_gmt":"2022-04-18T11:21:33","slug":"axcp-uzvu-hebsden-cixan-gunu-tekrar-saxlanildi","status":"publish","type":"post","link":"https:\/\/www.meydan.tv\/az\/article\/axcp-uzvu-hebsden-cixan-gunu-tekrar-saxlanildi\/","title":{"rendered":"AXCP \u00fczv\u00fc h\u0259bsd\u0259n \u00e7\u0131xan g\u00fcn\u00fc t\u0259krar saxlan\u0131ld\u0131"},"content":{"rendered":"\n<p><\/p>\n\n\n\n<p><em>D\u0130N Elxan \u018fliyevin borca g\u00f6r\u0259 axtar\u0131\u015fda oldu\u011funu deyir<\/em><br><\/p>\n\n\n\n<p>Az\u0259rbaycan Xalq C\u0259bh\u0259si Partiyas\u0131n\u0131n (AXCP) T\u0259\u015fkilat \u015f\u00f6b\u0259sinin \u00fczv\u00fc Elxan \u018fliyev aprelin 18-d\u0259 1 ayl\u0131q inzibati h\u0259bsd\u0259n burax\u0131landan d\u0259rhal sonra yenid\u0259n saxlan\u0131l\u0131b. Bu bar\u0259d\u0259 Meydan TV-y\u0259 partiyadan veril\u0259n m\u0259lumata g\u00f6r\u0259, m\u00fclki geyimli \u015f\u0259xsl\u0259r AXCP \u00fczv\u00fcn\u00fc Bin\u0259q\u0259di rayonunda, inzibati h\u0259bsd\u0259 olanlar\u0131n saxland\u0131\u011f\u0131 m\u00fcv\u0259qq\u0259ti saxlama t\u0259cridxanas\u0131n\u0131n qar\u015f\u0131s\u0131nda tutublar. Partiyadan olan yolda\u015flar\u0131 da bunun \u015fahidi olub.<br><\/p>\n\n\n\n<p>\u201cElxan \u018fliyevi h\u0259bsd\u0259n burax\u0131landa qar\u015f\u0131lama\u011fa getmi\u015fdik. \u0130\u00e7\u0259rid\u0259n \u00e7\u0131xan kimi m\u00fclki geyimlil\u0259r qar\u015f\u0131s\u0131n\u0131 k\u0259sdil\u0259r. Dedil\u0259r ki, guya Elxan \u018fliyev hans\u0131sa m\u00fclki i\u015f\u0259 g\u00f6r\u0259 axtar\u0131\u015fdad\u0131r. Bildirdil\u0259r ki, Tovuza apar\u0131lmal\u0131d\u0131r. Onu avtomobil\u0259 mindirib nam\u0259lum istiq\u0259m\u0259t\u0259 apard\u0131lar\u201d, &#8211; AXCP R\u0259yas\u0259t Hey\u0259tinin \u00fczv\u00fc M\u0259mm\u0259d \u0130brahim bildirib.<br><\/p>\n\n\n\n<p>Meydan TV-nin \u0259ld\u0259 etdiyi m\u0259lumata g\u00f6r\u0259, Elxan \u018fliyev \u201cMercedes\u201d markal\u0131, \u201c60-BJ-838\u201d d\u00f6vl\u0259t n\u00f6mr\u0259 ni\u015fanl\u0131 avtomobill\u0259 apar\u0131l\u0131b.<br><\/p>\n\n\n\n<p>Elxan \u018fliyevin ail\u0259 \u00fczvl\u0259ri deyir ki, o, h\u0259bsd\u0259 oldu\u011fu m\u00fcdd\u0259td\u0259 polis \u015f\u00f6b\u0259sind\u0259n evin\u0259 he\u00e7 bir bildiri\u015f g\u0259lm\u0259yib:<br><\/p>\n\n\n\n<p>\u201cAdam o vaxt axtar\u0131\u015fa veril\u0259r ki, \u00e7a\u011f\u0131rs\u0131nlar, o is\u0259 yay\u0131ns\u0131n. Birincisi, bizim ev\u0259 onunla ba\u011fl\u0131 he\u00e7 bir bildiri\u015f, \u00e7a\u011f\u0131r\u0131\u015f g\u0259lm\u0259yib. \u0130kincisi, polis bilmir ki, bu adam hardad\u0131r, onu axtar\u0131\u015fa verir?\u201d<br><\/p>\n\n\n\n<p>Yax\u0131nlar\u0131 hesab edir ki, bu, siyasi bax\u0131\u015flar\u0131na \u2013 AXCP \u00fczv\u00fc oldu\u011funa v\u0259 \u00f6lk\u0259d\u0259ki durumu t\u0259nqid etdiyin\u0259 g\u00f6r\u0259 Elxan \u018fliyev\u0259 qar\u015f\u0131 t\u0259zyiql\u0259rin n\u00f6vb\u0259ti m\u0259rh\u0259l\u0259sidir:<br><\/p>\n\n\n\n<p>\u201cBu q\u0259d\u0259r haqs\u0131zl\u0131q, vicdans\u0131zl\u0131q olmaz. Adam\u0131 he\u00e7 n\u0259d\u0259n \u015f\u0259rl\u0259yib tutmu\u015fdular, 1 ay h\u0259bsd\u0259 saxlad\u0131lar, bununla \u00fcr\u0259kl\u0259ri soyumad\u0131. \u0130ndi d\u0259 yeni n\u0259s\u0259 uydurublar. N\u0259f\u0259s alma\u011fa imkan vermirl\u0259r\u201d.<br><\/p>\n\n\n\n<p>D\u0130N-nin Regioanl Qrupundan Meydan TV-y\u0259 veril\u0259n m\u0259lumata g\u00f6r\u0259, Elxan \u018fliyev borclu oldu\u011fu \u015f\u0259xsin \u015fikay\u0259ti \u0259sas\u0131nda t\u0259krar saxlan\u0131l\u0131b v\u0259 m\u0259hk\u0259m\u0259 qar\u015f\u0131s\u0131na \u00e7\u0131xar\u0131lacaq.<br><\/p>\n\n\n\n<p>Elxan \u018fliyev mart\u0131n 19-dan h\u0259bsd\u0259 idi. \u0130nzibati X\u0259talar M\u0259c\u0259ll\u0259sinin 535.1 (polisin qanuni t\u0259l\u0259bin\u0259 tabe olmama) madd\u0259sil\u0259 onun haqq\u0131nda 30 sutkal\u0131q inzibati h\u0259bs q\u0259rar\u0131 \u00e7\u0131xar\u0131lm\u0131\u015fd\u0131. Bu, AXCP f\u0259al\u0131n\u0131n son 6 ayda \u00fc\u00e7\u00fcnc\u00fc inzibati h\u0259bsi idi.<br><\/p>\n\n\n\n<p>Elxan \u018fliyev is\u0259 polis\u0259 m\u00fcqavim\u0259t ittiham\u0131n\u0131n saxta oldu\u011funu, \u00fcst\u0259lik, saxlan\u0131lark\u0259n ma\u015f\u0131n\u0131nda olan pulun da g\u00f6t\u00fcr\u00fcld\u00fcy\u00fcn\u00fc bildirib. Onun s\u00f6zl\u0259rin\u0259 g\u00f6r\u0259, mart\u0131n 19-da ma\u015f\u0131n\u0131n\u0131 saxlay\u0131b, tan\u0131\u015f\u0131 il\u0259 s\u00f6hb\u0259tl\u0259\u015f\u0259rk\u0259n Bak\u0131 \u015e\u0259h\u0259r Ba\u015f Polis \u0130dar\u0259sinin \u0259m\u0259kda\u015flar\u0131 q\u0259fild\u0259n \u0259l-qolunu buraraq, \u00f6z avtomobill\u0259rin\u0259 mindirib. AXCP \u00fczv\u00fc deyir ki, h\u0259min vaxt polisl\u0259r\u0259 ma\u015f\u0131n\u0131n\u0131n a\u00e7\u0131q oldu\u011funu v\u0259 orada telefonu, el\u0259c\u0259 d\u0259 ba\u015fqa bir \u015f\u0259xsin ona \u0259man\u0259t etdiyi 2 min 500 manat pul oldu\u011funu deyib. Onlar\u0131 g\u00f6t\u00fcrm\u0259k \u00fc\u00e7\u00fcn imkan verlm\u0259sini ist\u0259s\u0259 d\u0259, n\u0259tic\u0259si olmay\u0131b, polisl\u0259r imkan verm\u0259yibl\u0259r\u201d.<br><\/p>\n\n\n\n<p>Daxili \u0130\u015fl\u0259r Nazirliyinin (D\u0130N) m\u0259tbuat xidm\u0259tinin \u015f\u00f6b\u0259 r\u0259isi El\u015fad Hac\u0131yev is\u0259 polisl\u0259rin avtomobild\u0259ki pulu g\u00f6t\u00fcrm\u0259si haqda deyil\u0259nl\u0259ri t\u0259kzib edib:<br><\/p>\n\n\n\n<p>\u201cAvtomobild\u0259n pulun g\u00f6t\u00fcr\u00fclm\u0259si ehtimal olunan vaxt aral\u0131\u011f\u0131nda ora onun tan\u0131\u015f\u0131 olan iki \u015f\u0259xs yax\u0131nla\u015f\u0131b. Dig\u0259r \u015f\u0259xsl\u0259rin, polis \u0259m\u0259kda\u015flar\u0131n\u0131n avtomobil\u0259 yax\u0131nla\u015fd\u0131\u011f\u0131 m\u00fc\u015fahid\u0259 olunmay\u0131b. H\u0259min g\u00f6r\u00fcnt\u00fcl\u0259r Elxan \u018fliyev\u0259 g\u00f6st\u0259rilib. Onun avtomobilin\u0259 yax\u0131nla\u015fan v\u0259 tan\u0131\u015flar\u0131 olan h\u0259min iki n\u0259f\u0259rin 2 min 500 manat\u0131 g\u00f6t\u00fcr\u00fcb-g\u00f6t\u00fcrm\u0259diyi ara\u015fd\u0131r\u0131l\u0131r\u201d.<\/p>\n","protected":false},"excerpt":{"rendered":"<p>D\u0130N Elxan \u018fliyevin borca g\u00f6r\u0259 axtar\u0131\u015fda oldu\u011funu deyir Az\u0259rbaycan Xalq &#8230; <\/p>\n<p class=\"read-more-container\"><a title=\"AXCP \u00fczv\u00fc h\u0259bsd\u0259n \u00e7\u0131xan g\u00fcn\u00fc t\u0259krar saxlan\u0131ld\u0131\" class=\"read-more button\" href=\"https:\/\/www.meydan.tv\/az\/article\/axcp-uzvu-hebsden-cixan-gunu-tekrar-saxlanildi\/#more-242171\" aria-label=\"Read more about AXCP \u00fczv\u00fc h\u0259bsd\u0259n \u00e7\u0131xan g\u00fcn\u00fc t\u0259krar saxlan\u0131ld\u0131\">Davam\u0131<\/a><\/p>\n","protected":false},"author":8,"featured_media":242159,"comment_status":"closed","ping_status":"closed","sticky":false,"template":"","format":"standard","meta":{"_acf_changed":false,"_sitemap_exclude":false,"_sitemap_priority":"","_sitemap_frequency":"","footnotes":""},"categories":[59,56],"tags":[],"class_list":["post-242171","post","type-post","status-publish","format-standard","has-post-thumbnail","hentry","category-siyaset","category-xeberler","infinite-scroll-item","generate-columns","tablet-grid-50","mobile-grid-100","grid-parent","grid-33","no-featured-image-padding"],"acf":[],"yoast_head":"<!-- This site is optimized with the Yoast SEO plugin v27.4 - https:\/\/yoast.com\/product\/yoast-seo-wordpress\/ -->\n<title>AXCP \u00fczv\u00fc h\u0259bsd\u0259n \u00e7\u0131xan g\u00fcn\u00fc t\u0259krar saxlan\u0131ld\u0131 - MEYDAN.TV<\/title>\n<meta name=\"robots\" content=\"index, follow, max-snippet:-1, max-image-preview:large, max-video-preview:-1\" \/>\n<link rel=\"canonical\" href=\"https:\/\/www.meydan.tv\/az\/article\/axcp-uzvu-hebsden-cixan-gunu-tekrar-saxlanildi\/\" \/>\n<meta property=\"og:locale\" content=\"az_AZ\" \/>\n<meta property=\"og:type\" content=\"article\" \/>\n<meta property=\"og:title\" content=\"AXCP \u00fczv\u00fc h\u0259bsd\u0259n \u00e7\u0131xan g\u00fcn\u00fc t\u0259krar saxlan\u0131ld\u0131 - MEYDAN.TV\" \/>\n<meta property=\"og:description\" content=\"D\u0130N Elxan \u018fliyevin borca g\u00f6r\u0259 axtar\u0131\u015fda oldu\u011funu deyir Az\u0259rbaycan Xalq ... Davam\u0131\" \/>\n<meta property=\"og:url\" content=\"https:\/\/www.meydan.tv\/az\/article\/axcp-uzvu-hebsden-cixan-gunu-tekrar-saxlanildi\/\" \/>\n<meta property=\"og:site_name\" content=\"MEYDAN.TV\" \/>\n<meta property=\"article:published_time\" content=\"2022-04-18T11:21:28+00:00\" \/>\n<meta property=\"article:modified_time\" content=\"2022-04-18T11:21:33+00:00\" \/>\n<meta property=\"og:image\" content=\"https:\/\/www.meydan.tv\/wp-content\/uploads\/elxan.jpg\" \/>\n\t<meta property=\"og:image:width\" content=\"1064\" \/>\n\t<meta property=\"og:image:height\" content=\"1000\" \/>\n\t<meta property=\"og:image:type\" content=\"image\/jpeg\" \/>\n<meta name=\"author\" content=\"elli\" \/>\n<meta name=\"twitter:card\" content=\"summary_large_image\" \/>\n<meta name=\"twitter:creator\" content=\"@elli\" \/>\n<script type=\"application\/ld+json\" class=\"yoast-schema-graph\">{\"@context\":\"https:\\\/\\\/schema.org\",\"@graph\":[{\"@type\":\"Article\",\"@id\":\"https:\\\/\\\/www.meydan.tv\\\/az\\\/article\\\/axcp-uzvu-hebsden-cixan-gunu-tekrar-saxlanildi\\\/#article\",\"isPartOf\":{\"@id\":\"https:\\\/\\\/www.meydan.tv\\\/az\\\/article\\\/axcp-uzvu-hebsden-cixan-gunu-tekrar-saxlanildi\\\/\"},\"author\":{\"name\":\"elli\",\"@id\":\"https:\\\/\\\/www.meydan.tv\\\/az\\\/#\\\/schema\\\/person\\\/9cdbecf90d17180ce1dfbd95b08dcf47\"},\"headline\":\"AXCP \u00fczv\u00fc h\u0259bsd\u0259n \u00e7\u0131xan g\u00fcn\u00fc t\u0259krar saxlan\u0131ld\u0131\",\"datePublished\":\"2022-04-18T11:21:28+00:00\",\"dateModified\":\"2022-04-18T11:21:33+00:00\",\"mainEntityOfPage\":{\"@id\":\"https:\\\/\\\/www.meydan.tv\\\/az\\\/article\\\/axcp-uzvu-hebsden-cixan-gunu-tekrar-saxlanildi\\\/\"},\"wordCount\":688,\"publisher\":{\"@id\":\"https:\\\/\\\/www.meydan.tv\\\/az\\\/#organization\"},\"image\":{\"@id\":\"https:\\\/\\\/www.meydan.tv\\\/az\\\/article\\\/axcp-uzvu-hebsden-cixan-gunu-tekrar-saxlanildi\\\/#primaryimage\"},\"thumbnailUrl\":\"https:\\\/\\\/www.meydan.tv\\\/wp-content\\\/uploads\\\/elxan.jpg\",\"articleSection\":[\"Siyas\u0259t\",\"X\u0259b\u0259rl\u0259r\"],\"inLanguage\":\"az\"},{\"@type\":\"WebPage\",\"@id\":\"https:\\\/\\\/www.meydan.tv\\\/az\\\/article\\\/axcp-uzvu-hebsden-cixan-gunu-tekrar-saxlanildi\\\/\",\"url\":\"https:\\\/\\\/www.meydan.tv\\\/az\\\/article\\\/axcp-uzvu-hebsden-cixan-gunu-tekrar-saxlanildi\\\/\",\"name\":\"AXCP \u00fczv\u00fc h\u0259bsd\u0259n \u00e7\u0131xan g\u00fcn\u00fc t\u0259krar saxlan\u0131ld\u0131 - MEYDAN.TV\",\"isPartOf\":{\"@id\":\"https:\\\/\\\/www.meydan.tv\\\/az\\\/#website\"},\"primaryImageOfPage\":{\"@id\":\"https:\\\/\\\/www.meydan.tv\\\/az\\\/article\\\/axcp-uzvu-hebsden-cixan-gunu-tekrar-saxlanildi\\\/#primaryimage\"},\"image\":{\"@id\":\"https:\\\/\\\/www.meydan.tv\\\/az\\\/article\\\/axcp-uzvu-hebsden-cixan-gunu-tekrar-saxlanildi\\\/#primaryimage\"},\"thumbnailUrl\":\"https:\\\/\\\/www.meydan.tv\\\/wp-content\\\/uploads\\\/elxan.jpg\",\"datePublished\":\"2022-04-18T11:21:28+00:00\",\"dateModified\":\"2022-04-18T11:21:33+00:00\",\"breadcrumb\":{\"@id\":\"https:\\\/\\\/www.meydan.tv\\\/az\\\/article\\\/axcp-uzvu-hebsden-cixan-gunu-tekrar-saxlanildi\\\/#breadcrumb\"},\"inLanguage\":\"az\",\"potentialAction\":[{\"@type\":\"ReadAction\",\"target\":[\"https:\\\/\\\/www.meydan.tv\\\/az\\\/article\\\/axcp-uzvu-hebsden-cixan-gunu-tekrar-saxlanildi\\\/\"]}]},{\"@type\":\"ImageObject\",\"inLanguage\":\"az\",\"@id\":\"https:\\\/\\\/www.meydan.tv\\\/az\\\/article\\\/axcp-uzvu-hebsden-cixan-gunu-tekrar-saxlanildi\\\/#primaryimage\",\"url\":\"https:\\\/\\\/www.meydan.tv\\\/wp-content\\\/uploads\\\/elxan.jpg\",\"contentUrl\":\"https:\\\/\\\/www.meydan.tv\\\/wp-content\\\/uploads\\\/elxan.jpg\",\"width\":1064,\"height\":1000,\"caption\":\"Elxan \u018fliyev. Foto: Elxan \u018fliyevin \u015f\u0259xsi arxivind\u0259n\"},{\"@type\":\"BreadcrumbList\",\"@id\":\"https:\\\/\\\/www.meydan.tv\\\/az\\\/article\\\/axcp-uzvu-hebsden-cixan-gunu-tekrar-saxlanildi\\\/#breadcrumb\",\"itemListElement\":[{\"@type\":\"ListItem\",\"position\":1,\"name\":\"Ana s\u0259hif\u0259\",\"item\":\"https:\\\/\\\/www.meydan.tv\\\/az\\\/\"},{\"@type\":\"ListItem\",\"position\":2,\"name\":\"Siyas\u0259t\",\"item\":\"https:\\\/\\\/www.meydan.tv\\\/az\\\/section\\\/siyaset\\\/\"},{\"@type\":\"ListItem\",\"position\":3,\"name\":\"AXCP \u00fczv\u00fc h\u0259bsd\u0259n \u00e7\u0131xan g\u00fcn\u00fc t\u0259krar saxlan\u0131ld\u0131\"}]},{\"@type\":\"WebSite\",\"@id\":\"https:\\\/\\\/www.meydan.tv\\\/az\\\/#website\",\"url\":\"https:\\\/\\\/www.meydan.tv\\\/az\\\/\",\"name\":\"MEYDAN.TV\",\"description\":\"Meydan TV Az\u0259rbaycan\u0131n media m\u0259kan\u0131ndak\u0131 alternativ s\u0259sidir\",\"publisher\":{\"@id\":\"https:\\\/\\\/www.meydan.tv\\\/az\\\/#organization\"},\"potentialAction\":[{\"@type\":\"SearchAction\",\"target\":{\"@type\":\"EntryPoint\",\"urlTemplate\":\"https:\\\/\\\/www.meydan.tv\\\/az\\\/?s={search_term_string}\"},\"query-input\":{\"@type\":\"PropertyValueSpecification\",\"valueRequired\":true,\"valueName\":\"search_term_string\"}}],\"inLanguage\":\"az\"},{\"@type\":\"Organization\",\"@id\":\"https:\\\/\\\/www.meydan.tv\\\/az\\\/#organization\",\"name\":\"Meydan TV\",\"url\":\"https:\\\/\\\/www.meydan.tv\\\/az\\\/\",\"logo\":{\"@type\":\"ImageObject\",\"inLanguage\":\"az\",\"@id\":\"https:\\\/\\\/www.meydan.tv\\\/az\\\/#\\\/schema\\\/logo\\\/image\\\/\",\"url\":\"https:\\\/\\\/www.meydan.tv\\\/wp-content\\\/uploads\\\/2021\\\/07\\\/meydan-logo.svg\",\"contentUrl\":\"https:\\\/\\\/www.meydan.tv\\\/wp-content\\\/uploads\\\/2021\\\/07\\\/meydan-logo.svg\",\"width\":195,\"height\":46,\"caption\":\"Meydan TV\"},\"image\":{\"@id\":\"https:\\\/\\\/www.meydan.tv\\\/az\\\/#\\\/schema\\\/logo\\\/image\\\/\"}},{\"@type\":\"Person\",\"@id\":\"https:\\\/\\\/www.meydan.tv\\\/az\\\/#\\\/schema\\\/person\\\/9cdbecf90d17180ce1dfbd95b08dcf47\",\"name\":\"elli\",\"sameAs\":[\"https:\\\/\\\/x.com\\\/elli\"]}]}<\/script>\n<!-- \/ Yoast SEO plugin. -->","yoast_head_json":{"title":"AXCP \u00fczv\u00fc h\u0259bsd\u0259n \u00e7\u0131xan g\u00fcn\u00fc t\u0259krar saxlan\u0131ld\u0131 - MEYDAN.TV","robots":{"index":"index","follow":"follow","max-snippet":"max-snippet:-1","max-image-preview":"max-image-preview:large","max-video-preview":"max-video-preview:-1"},"canonical":"https:\/\/www.meydan.tv\/az\/article\/axcp-uzvu-hebsden-cixan-gunu-tekrar-saxlanildi\/","og_locale":"az_AZ","og_type":"article","og_title":"AXCP \u00fczv\u00fc h\u0259bsd\u0259n \u00e7\u0131xan g\u00fcn\u00fc t\u0259krar saxlan\u0131ld\u0131 - MEYDAN.TV","og_description":"D\u0130N Elxan \u018fliyevin borca g\u00f6r\u0259 axtar\u0131\u015fda oldu\u011funu deyir Az\u0259rbaycan Xalq ... Davam\u0131","og_url":"https:\/\/www.meydan.tv\/az\/article\/axcp-uzvu-hebsden-cixan-gunu-tekrar-saxlanildi\/","og_site_name":"MEYDAN.TV","article_published_time":"2022-04-18T11:21:28+00:00","article_modified_time":"2022-04-18T11:21:33+00:00","og_image":[{"width":1064,"height":1000,"url":"https:\/\/www.meydan.tv\/wp-content\/uploads\/elxan.jpg","type":"image\/jpeg"}],"author":"elli","twitter_card":"summary_large_image","twitter_creator":"@elli","schema":{"@context":"https:\/\/schema.org","@graph":[{"@type":"Article","@id":"https:\/\/www.meydan.tv\/az\/article\/axcp-uzvu-hebsden-cixan-gunu-tekrar-saxlanildi\/#article","isPartOf":{"@id":"https:\/\/www.meydan.tv\/az\/article\/axcp-uzvu-hebsden-cixan-gunu-tekrar-saxlanildi\/"},"author":{"name":"elli","@id":"https:\/\/www.meydan.tv\/az\/#\/schema\/person\/9cdbecf90d17180ce1dfbd95b08dcf47"},"headline":"AXCP \u00fczv\u00fc h\u0259bsd\u0259n \u00e7\u0131xan g\u00fcn\u00fc t\u0259krar saxlan\u0131ld\u0131","datePublished":"2022-04-18T11:21:28+00:00","dateModified":"2022-04-18T11:21:33+00:00","mainEntityOfPage":{"@id":"https:\/\/www.meydan.tv\/az\/article\/axcp-uzvu-hebsden-cixan-gunu-tekrar-saxlanildi\/"},"wordCount":688,"publisher":{"@id":"https:\/\/www.meydan.tv\/az\/#organization"},"image":{"@id":"https:\/\/www.meydan.tv\/az\/article\/axcp-uzvu-hebsden-cixan-gunu-tekrar-saxlanildi\/#primaryimage"},"thumbnailUrl":"https:\/\/www.meydan.tv\/wp-content\/uploads\/elxan.jpg","articleSection":["Siyas\u0259t","X\u0259b\u0259rl\u0259r"],"inLanguage":"az"},{"@type":"WebPage","@id":"https:\/\/www.meydan.tv\/az\/article\/axcp-uzvu-hebsden-cixan-gunu-tekrar-saxlanildi\/","url":"https:\/\/www.meydan.tv\/az\/article\/axcp-uzvu-hebsden-cixan-gunu-tekrar-saxlanildi\/","name":"AXCP \u00fczv\u00fc h\u0259bsd\u0259n \u00e7\u0131xan g\u00fcn\u00fc t\u0259krar saxlan\u0131ld\u0131 - MEYDAN.TV","isPartOf":{"@id":"https:\/\/www.meydan.tv\/az\/#website"},"primaryImageOfPage":{"@id":"https:\/\/www.meydan.tv\/az\/article\/axcp-uzvu-hebsden-cixan-gunu-tekrar-saxlanildi\/#primaryimage"},"image":{"@id":"https:\/\/www.meydan.tv\/az\/article\/axcp-uzvu-hebsden-cixan-gunu-tekrar-saxlanildi\/#primaryimage"},"thumbnailUrl":"https:\/\/www.meydan.tv\/wp-content\/uploads\/elxan.jpg","datePublished":"2022-04-18T11:21:28+00:00","dateModified":"2022-04-18T11:21:33+00:00","breadcrumb":{"@id":"https:\/\/www.meydan.tv\/az\/article\/axcp-uzvu-hebsden-cixan-gunu-tekrar-saxlanildi\/#breadcrumb"},"inLanguage":"az","potentialAction":[{"@type":"ReadAction","target":["https:\/\/www.meydan.tv\/az\/article\/axcp-uzvu-hebsden-cixan-gunu-tekrar-saxlanildi\/"]}]},{"@type":"ImageObject","inLanguage":"az","@id":"https:\/\/www.meydan.tv\/az\/article\/axcp-uzvu-hebsden-cixan-gunu-tekrar-saxlanildi\/#primaryimage","url":"https:\/\/www.meydan.tv\/wp-content\/uploads\/elxan.jpg","contentUrl":"https:\/\/www.meydan.tv\/wp-content\/uploads\/elxan.jpg","width":1064,"height":1000,"caption":"Elxan \u018fliyev. Foto: Elxan \u018fliyevin \u015f\u0259xsi arxivind\u0259n"},{"@type":"BreadcrumbList","@id":"https:\/\/www.meydan.tv\/az\/article\/axcp-uzvu-hebsden-cixan-gunu-tekrar-saxlanildi\/#breadcrumb","itemListElement":[{"@type":"ListItem","position":1,"name":"Ana s\u0259hif\u0259","item":"https:\/\/www.meydan.tv\/az\/"},{"@type":"ListItem","position":2,"name":"Siyas\u0259t","item":"https:\/\/www.meydan.tv\/az\/section\/siyaset\/"},{"@type":"ListItem","position":3,"name":"AXCP \u00fczv\u00fc h\u0259bsd\u0259n \u00e7\u0131xan g\u00fcn\u00fc t\u0259krar saxlan\u0131ld\u0131"}]},{"@type":"WebSite","@id":"https:\/\/www.meydan.tv\/az\/#website","url":"https:\/\/www.meydan.tv\/az\/","name":"MEYDAN.TV","description":"Meydan TV Az\u0259rbaycan\u0131n media m\u0259kan\u0131ndak\u0131 alternativ s\u0259sidir","publisher":{"@id":"https:\/\/www.meydan.tv\/az\/#organization"},"potentialAction":[{"@type":"SearchAction","target":{"@type":"EntryPoint","urlTemplate":"https:\/\/www.meydan.tv\/az\/?s={search_term_string}"},"query-input":{"@type":"PropertyValueSpecification","valueRequired":true,"valueName":"search_term_string"}}],"inLanguage":"az"},{"@type":"Organization","@id":"https:\/\/www.meydan.tv\/az\/#organization","name":"Meydan TV","url":"https:\/\/www.meydan.tv\/az\/","logo":{"@type":"ImageObject","inLanguage":"az","@id":"https:\/\/www.meydan.tv\/az\/#\/schema\/logo\/image\/","url":"https:\/\/www.meydan.tv\/wp-content\/uploads\/2021\/07\/meydan-logo.svg","contentUrl":"https:\/\/www.meydan.tv\/wp-content\/uploads\/2021\/07\/meydan-logo.svg","width":195,"height":46,"caption":"Meydan TV"},"image":{"@id":"https:\/\/www.meydan.tv\/az\/#\/schema\/logo\/image\/"}},{"@type":"Person","@id":"https:\/\/www.meydan.tv\/az\/#\/schema\/person\/9cdbecf90d17180ce1dfbd95b08dcf47","name":"elli","sameAs":["https:\/\/x.com\/elli"]}]}},"_links":{"self":[{"href":"https:\/\/www.meydan.tv\/az\/wp-json\/wp\/v2\/posts\/242171","targetHints":{"allow":["GET"]}}],"collection":[{"href":"https:\/\/www.meydan.tv\/az\/wp-json\/wp\/v2\/posts"}],"about":[{"href":"https:\/\/www.meydan.tv\/az\/wp-json\/wp\/v2\/types\/post"}],"author":[{"embeddable":true,"href":"https:\/\/www.meydan.tv\/az\/wp-json\/wp\/v2\/users\/8"}],"replies":[{"embeddable":true,"href":"https:\/\/www.meydan.tv\/az\/wp-json\/wp\/v2\/comments?post=242171"}],"version-history":[{"count":1,"href":"https:\/\/www.meydan.tv\/az\/wp-json\/wp\/v2\/posts\/242171\/revisions"}],"predecessor-version":[{"id":242172,"href":"https:\/\/www.meydan.tv\/az\/wp-json\/wp\/v2\/posts\/242171\/revisions\/242172"}],"wp:featuredmedia":[{"embeddable":true,"href":"https:\/\/www.meydan.tv\/az\/wp-json\/wp\/v2\/media\/242159"}],"wp:attachment":[{"href":"https:\/\/www.meydan.tv\/az\/wp-json\/wp\/v2\/media?parent=242171"}],"wp:term":[{"taxonomy":"category","embeddable":true,"href":"https:\/\/www.meydan.tv\/az\/wp-json\/wp\/v2\/categories?post=242171"},{"taxonomy":"post_tag","embeddable":true,"href":"https:\/\/www.meydan.tv\/az\/wp-json\/wp\/v2\/tags?post=242171"}],"curies":[{"name":"wp","href":"https:\/\/api.w.org\/{rel}","templated":true}]}}