{"id":242149,"date":"2022-04-18T13:57:58","date_gmt":"2022-04-18T09:57:58","guid":{"rendered":"https:\/\/www.meydan.tv\/?p=242149"},"modified":"2022-04-18T13:58:00","modified_gmt":"2022-04-18T09:58:00","slug":"goycay-sakini-veziyyeti-gostermek-ucun-xestexanalara-gizli-kamera-ile-girek","status":"publish","type":"post","link":"https:\/\/www.meydan.tv\/az\/article\/goycay-sakini-veziyyeti-gostermek-ucun-xestexanalara-gizli-kamera-ile-girek\/","title":{"rendered":"G\u00f6y\u00e7ay sakini: \u201cV\u0259ziyy\u0259ti g\u00f6st\u0259rm\u0259k \u00fc\u00e7\u00fcn x\u0259st\u0259xanalara gizli kamera il\u0259 gir\u0259k?\u201d"},"content":{"rendered":"\n<p><\/p>\n\n\n\n<p><em>B\u00f6yr\u0259k \u00e7at\u0131\u015fmazl\u0131\u011f\u0131ndan \u0259ziyy\u0259t \u00e7\u0259k\u0259n v\u0259t\u0259nda\u015f reaktivl\u0259rin k\u00f6hn\u0259 olmas\u0131ndan \u015fikay\u0259t\u00e7idir<\/em><\/p>\n\n\n\n<p>\u201cG\u00f6y\u00e7ay Rayon M\u0259rk\u0259zi X\u0259st\u0259xanas\u0131nda imtiyazl\u0131 x\u0259st\u0259l\u0259r\u0259 verm\u0259k \u00fc\u00e7\u00fcn d\u0259rman yoxdur. Reaktivl\u0259r k\u00f6hn\u0259 oldu\u011fundan analizl\u0259rin n\u0259tic\u0259si yanl\u0131\u015f olur\u201d.<br>Bunu G\u00f6y\u00e7ay rayon sakini Qabil Qabilov Meydan TV-y\u0259 \u00fcnvanlad\u0131\u011f\u0131 m\u00fcraci\u0259tind\u0259 deyib.<\/p>\n\n\n\n<p><strong>\u201cAnalizin n\u0259tic\u0259l\u0259ri yanl\u0131\u015f \u00e7\u0131xd\u0131\u201d<\/strong><\/p>\n\n\n\n<p>Qabil Qabilov xroniki b\u00f6yr\u0259k \u00e7at\u0131\u015fmazl\u0131\u011f\u0131ndan \u0259ziyy\u0259t \u00e7\u0259kir. H\u0259r ay analiz verm\u0259lidir.<\/p>\n\n\n\n<p>\u201cBir il \u0259rzind\u0259 yaln\u0131z bir d\u0259f\u0259 analiz vermi\u015f\u0259m, onda da n\u0259tic\u0259l\u0259r yanl\u0131\u015f \u00e7\u0131xd\u0131. X\u0259st\u0259xanan\u0131n h\u0259kiml\u0259ri d\u0259 etiraf edirl\u0259r ki, onlara reaktivl\u0259r, d\u0259rmanlar verilmir. M\u0259ktubla m\u00fcraci\u0259t etdim ki, r\u0259smi cavab versinl\u0259r, ancaq s\u00f6zl\u0259 dedikl\u0259rini t\u0259sdiql\u0259m\u0259k \u00fc\u00e7\u00fcn cavab verm\u0259dil\u0259r\u201d, &#8211; \u015fikay\u0259t\u00e7i deyib.<\/p>\n\n\n\n<p><strong>\u201cX\u0259st\u0259xanalara gizli kamera il\u0259 gir\u0259k?\u201d<\/strong><\/p>\n\n\n\n<p>G\u00f6y\u00e7ay sakini deyir ki, m\u0259cbur olub Bak\u0131ya, Cavadzad\u0259 ad\u0131na Respublika Kliniki Uroloji X\u0259st\u0259xanaya gedir ki, analizl\u0259ri orada versin:<br>\u201cOrada da pul ist\u0259yirl\u0259r. Bununla ba\u011fl\u0131 \u0130cbari S\u0131\u011forta \u00fczr\u0259 D\u00f6vl\u0259t Agentliyin\u0259 m\u00fcraci\u0259t etmi\u015f\u0259m, m\u0259ktubuma cavab veribl\u0259r ki, dedikl\u0259riniz t\u0259sdiqini tapmad\u0131, \u0259sass\u0131zd\u0131r. \u018fsas tapmaq \u00fc\u00e7\u00fcn x\u0259st\u0259xanalara gizli kamera il\u0259 gir\u0259k? Nec\u0259 s\u00fcbut edim ki, x\u0259st\u0259xanalarda v\u0259ziyy\u0259t b\u0259rbad haldad\u0131r?\u201d<br>\u201cG\u00fcn\u00fcm \u015fikay\u0259t yazmaqla ke\u00e7ir. \u018fslind\u0259, G\u00f6y\u00e7ay Rayon M\u0259rk\u0259zi X\u0259st\u0259xanas\u0131nda h\u0259kim hey\u0259tind\u0259n naraz\u0131l\u0131\u011f\u0131m yoxdur, bilir\u0259m ki, d\u0259rman olsa ver\u0259rl\u0259r. Rayonda t\u0259cili tibbi yard\u0131ma m\u00fcraci\u0259t edirs\u0259n, bir \u201cDibazol\u201d tapm\u0131rlar ki, vursunlar\u201d.<\/p>\n\n\n\n<figure class=\"wp-block-image size-large\"><img decoding=\"async\" width=\"687\" height=\"821\" data-src=\"https:\/\/www.meydan.tv\/wp-content\/uploads\/sened-1-687x821.jpg\" alt=\"\" class=\"wp-image-242146 lazyload\" src=\"data:image\/svg+xml;base64,PHN2ZyB3aWR0aD0iMSIgaGVpZ2h0PSIxIiB4bWxucz0iaHR0cDovL3d3dy53My5vcmcvMjAwMC9zdmciPjwvc3ZnPg==\" style=\"--smush-placeholder-width: 687px; --smush-placeholder-aspect-ratio: 687\/821;\" \/><figcaption>Foto: Meydan TV<\/figcaption><\/figure>\n\n\n\n<p>Onun s\u00f6zl\u0259rin\u0259 g\u00f6r\u0259, \u015f\u0259k\u0259r x\u0259st\u0259l\u0259ri d\u0259 d\u0259rman ala bilmirl\u0259r. X\u0259st\u0259xanaya g\u0259l\u0259n x\u0259st\u0259l\u0259rin bir qismi d\u0259 bundan \u015fikay\u0259tl\u0259nir.<\/p>\n\n\n\n<p><strong>T\u018fB\u0130B: \u201cAnalizl\u0259r reaktivl\u0259r olmadan h\u0259yata ke\u00e7iril\u0259 bilm\u0259z\u201d<\/strong><\/p>\n\n\n\n<p>G\u00f6y\u00e7ay Rayon M\u0259rk\u0259zi X\u0259st\u0259xanas\u0131na m\u0259xsus telefonlara cavab ver\u0259n xan\u0131m \u0259m\u0259kda\u015f T\u018fB\u0130B-\u0259 m\u00fcraci\u0259t etm\u0259yi m\u0259sl\u0259h\u0259t bilib.<\/p>\n\n\n\n<p>T\u018fB\u0130B-d\u0259n Meydan TV-y\u0259 bildiribl\u0259r ki, laborator analizl\u0259r reaktivl\u0259r olmadan h\u0259yata ke\u00e7iril\u0259 bilm\u0259z. Qurum G\u00f6y\u00e7ay Rayon M\u0259rk\u0259zi X\u0259st\u0259xanas\u0131na istinad\u0259n deyir ki, ambulator qeydiyyatda olan b\u00f6yr\u0259k x\u0259st\u0259liyind\u0259n \u0259ziyy\u0259t \u00e7\u0259k\u0259n imtiyazl\u0131 v\u0259t\u0259nda\u015flara veril\u0259n d\u0259rman t\u0259minat\u0131 vaxt\u0131nda h\u0259yata ke\u00e7irilir.<\/p>\n\n\n\n<p>\u015e\u0259k\u0259r x\u0259st\u0259l\u0259rinin d\u0259rmanla t\u0259chizat\u0131na g\u0259linc\u0259, bildirilir ki, bu problem d\u0259 h\u0259llini tap\u0131b:<\/p>\n\n\n\n<p>\u201cN\u0259z\u0259riniz\u0259 \u00e7atd\u0131raq ki, \u0130cbari Tibbi S\u0131\u011forta \u00fczr\u0259 D\u00f6vl\u0259t Agentliyi \u201c\u015e\u0259k\u0259rli diabet \u00fczr\u0259 D\u00f6vl\u0259t Proqram\u0131\u201d \u00e7\u0259r\u00e7iv\u0259sind\u0259 Tibbi \u018frazi B\u00f6lm\u0259l\u0259rini \u0130dar\u0259etm\u0259 Birliyinin (T\u018fB\u0130B) tabeliyind\u0259ki d\u00f6vl\u0259t tibb m\u00fc\u0259ssis\u0259l\u0259rinin qeydiyyat\u0131nda olan \u015f\u0259k\u0259rli diabet x\u0259st\u0259l\u0259rinin d\u0259rman vasit\u0259l\u0259ri il\u0259 t\u0259min olunmas\u0131n\u0131 2022-ci ilin mart ay\u0131ndan etibar\u0259n icra edir. Bel\u0259 ki, agentlik t\u0259r\u0259find\u0259n mart ay\u0131n\u0131n sonu x\u0259st\u0259xana 5290 sayda \u015f\u0259k\u0259r d\u0259rman vasit\u0259l\u0259ri t\u0259min olunub. Aprel ay\u0131 \u00fczr\u0259 d\u0259rman vasit\u0259l\u0259rinin n\u00f6vb\u0259ti h\u0259ft\u0259 x\u0259st\u0259xanaya \u00e7atd\u0131r\u0131lmas\u0131 h\u0259yata ke\u00e7iril\u0259c\u0259k\u201d.<\/p>\n\n\n\n<p>Cavadzad\u0259 ad\u0131na Respublika Kliniki Uroloji X\u0259st\u0259xanas\u0131ndan is\u0259 Meydan TV-y\u0259 deyibl\u0259r ki, x\u0259st\u0259l\u0259rd\u0259n pul t\u0259l\u0259b olunmas\u0131 iddias\u0131 yaland\u0131r.<\/p>\n","protected":false},"excerpt":{"rendered":"<p>B\u00f6yr\u0259k \u00e7at\u0131\u015fmazl\u0131\u011f\u0131ndan \u0259ziyy\u0259t \u00e7\u0259k\u0259n v\u0259t\u0259nda\u015f reaktivl\u0259rin k\u00f6hn\u0259 olmas\u0131ndan \u015fikay\u0259t\u00e7idir \u201cG\u00f6y\u00e7ay &#8230; <\/p>\n<p class=\"read-more-container\"><a title=\"G\u00f6y\u00e7ay sakini: \u201cV\u0259ziyy\u0259ti g\u00f6st\u0259rm\u0259k \u00fc\u00e7\u00fcn x\u0259st\u0259xanalara gizli kamera il\u0259 gir\u0259k?\u201d\" class=\"read-more button\" href=\"https:\/\/www.meydan.tv\/az\/article\/goycay-sakini-veziyyeti-gostermek-ucun-xestexanalara-gizli-kamera-ile-girek\/#more-242149\" aria-label=\"Read more about G\u00f6y\u00e7ay sakini: \u201cV\u0259ziyy\u0259ti g\u00f6st\u0259rm\u0259k \u00fc\u00e7\u00fcn x\u0259st\u0259xanalara gizli kamera il\u0259 gir\u0259k?\u201d\">Davam\u0131<\/a><\/p>\n","protected":false},"author":8,"featured_media":242143,"comment_status":"closed","ping_status":"closed","sticky":false,"template":"","format":"standard","meta":{"_acf_changed":false,"_sitemap_exclude":false,"_sitemap_priority":"","_sitemap_frequency":"","footnotes":""},"categories":[54,79,56],"tags":[],"class_list":["post-242149","post","type-post","status-publish","format-standard","has-post-thumbnail","hentry","category-sagliq","category-featured","category-xeberler","infinite-scroll-item","generate-columns","tablet-grid-50","mobile-grid-100","grid-parent","grid-33","no-featured-image-padding"],"acf":[],"yoast_head":"<!-- This site is optimized with the Yoast SEO plugin v27.4 - https:\/\/yoast.com\/product\/yoast-seo-wordpress\/ -->\n<title>G\u00f6y\u00e7ay sakini: \u201cV\u0259ziyy\u0259ti g\u00f6st\u0259rm\u0259k \u00fc\u00e7\u00fcn x\u0259st\u0259xanalara gizli kamera il\u0259 gir\u0259k?\u201d - MEYDAN.TV<\/title>\n<meta name=\"robots\" content=\"index, follow, max-snippet:-1, max-image-preview:large, max-video-preview:-1\" \/>\n<link rel=\"canonical\" href=\"https:\/\/www.meydan.tv\/az\/article\/goycay-sakini-veziyyeti-gostermek-ucun-xestexanalara-gizli-kamera-ile-girek\/\" \/>\n<meta property=\"og:locale\" content=\"az_AZ\" \/>\n<meta property=\"og:type\" content=\"article\" \/>\n<meta property=\"og:title\" content=\"G\u00f6y\u00e7ay sakini: \u201cV\u0259ziyy\u0259ti g\u00f6st\u0259rm\u0259k \u00fc\u00e7\u00fcn x\u0259st\u0259xanalara gizli kamera il\u0259 gir\u0259k?\u201d - MEYDAN.TV\" \/>\n<meta property=\"og:description\" content=\"B\u00f6yr\u0259k \u00e7at\u0131\u015fmazl\u0131\u011f\u0131ndan \u0259ziyy\u0259t \u00e7\u0259k\u0259n v\u0259t\u0259nda\u015f reaktivl\u0259rin k\u00f6hn\u0259 olmas\u0131ndan \u015fikay\u0259t\u00e7idir \u201cG\u00f6y\u00e7ay ... Davam\u0131\" \/>\n<meta property=\"og:url\" content=\"https:\/\/www.meydan.tv\/az\/article\/goycay-sakini-veziyyeti-gostermek-ucun-xestexanalara-gizli-kamera-ile-girek\/\" \/>\n<meta property=\"og:site_name\" content=\"MEYDAN.TV\" \/>\n<meta property=\"article:published_time\" content=\"2022-04-18T09:57:58+00:00\" \/>\n<meta property=\"article:modified_time\" content=\"2022-04-18T09:58:00+00:00\" \/>\n<meta property=\"og:image\" content=\"https:\/\/www.meydan.tv\/wp-content\/uploads\/untitled-design-1-18.jpg\" \/>\n\t<meta property=\"og:image:width\" content=\"1200\" \/>\n\t<meta property=\"og:image:height\" content=\"800\" \/>\n\t<meta property=\"og:image:type\" content=\"image\/jpeg\" \/>\n<meta name=\"author\" content=\"elli\" \/>\n<meta name=\"twitter:card\" content=\"summary_large_image\" \/>\n<meta name=\"twitter:creator\" content=\"@elli\" \/>\n<script type=\"application\/ld+json\" class=\"yoast-schema-graph\">{\"@context\":\"https:\\\/\\\/schema.org\",\"@graph\":[{\"@type\":\"Article\",\"@id\":\"https:\\\/\\\/www.meydan.tv\\\/az\\\/article\\\/goycay-sakini-veziyyeti-gostermek-ucun-xestexanalara-gizli-kamera-ile-girek\\\/#article\",\"isPartOf\":{\"@id\":\"https:\\\/\\\/www.meydan.tv\\\/az\\\/article\\\/goycay-sakini-veziyyeti-gostermek-ucun-xestexanalara-gizli-kamera-ile-girek\\\/\"},\"author\":{\"name\":\"elli\",\"@id\":\"https:\\\/\\\/www.meydan.tv\\\/az\\\/#\\\/schema\\\/person\\\/9cdbecf90d17180ce1dfbd95b08dcf47\"},\"headline\":\"G\u00f6y\u00e7ay sakini: \u201cV\u0259ziyy\u0259ti g\u00f6st\u0259rm\u0259k \u00fc\u00e7\u00fcn x\u0259st\u0259xanalara gizli kamera il\u0259 gir\u0259k?\u201d\",\"datePublished\":\"2022-04-18T09:57:58+00:00\",\"dateModified\":\"2022-04-18T09:58:00+00:00\",\"mainEntityOfPage\":{\"@id\":\"https:\\\/\\\/www.meydan.tv\\\/az\\\/article\\\/goycay-sakini-veziyyeti-gostermek-ucun-xestexanalara-gizli-kamera-ile-girek\\\/\"},\"wordCount\":669,\"publisher\":{\"@id\":\"https:\\\/\\\/www.meydan.tv\\\/az\\\/#organization\"},\"image\":{\"@id\":\"https:\\\/\\\/www.meydan.tv\\\/az\\\/article\\\/goycay-sakini-veziyyeti-gostermek-ucun-xestexanalara-gizli-kamera-ile-girek\\\/#primaryimage\"},\"thumbnailUrl\":\"https:\\\/\\\/www.meydan.tv\\\/wp-content\\\/uploads\\\/untitled-design-1-18.jpg\",\"articleSection\":[\"Sa\u011fl\u0131q\",\"T\u00f6vsiy\u0259\",\"X\u0259b\u0259rl\u0259r\"],\"inLanguage\":\"az\"},{\"@type\":\"WebPage\",\"@id\":\"https:\\\/\\\/www.meydan.tv\\\/az\\\/article\\\/goycay-sakini-veziyyeti-gostermek-ucun-xestexanalara-gizli-kamera-ile-girek\\\/\",\"url\":\"https:\\\/\\\/www.meydan.tv\\\/az\\\/article\\\/goycay-sakini-veziyyeti-gostermek-ucun-xestexanalara-gizli-kamera-ile-girek\\\/\",\"name\":\"G\u00f6y\u00e7ay sakini: \u201cV\u0259ziyy\u0259ti g\u00f6st\u0259rm\u0259k \u00fc\u00e7\u00fcn x\u0259st\u0259xanalara gizli kamera il\u0259 gir\u0259k?\u201d - MEYDAN.TV\",\"isPartOf\":{\"@id\":\"https:\\\/\\\/www.meydan.tv\\\/az\\\/#website\"},\"primaryImageOfPage\":{\"@id\":\"https:\\\/\\\/www.meydan.tv\\\/az\\\/article\\\/goycay-sakini-veziyyeti-gostermek-ucun-xestexanalara-gizli-kamera-ile-girek\\\/#primaryimage\"},\"image\":{\"@id\":\"https:\\\/\\\/www.meydan.tv\\\/az\\\/article\\\/goycay-sakini-veziyyeti-gostermek-ucun-xestexanalara-gizli-kamera-ile-girek\\\/#primaryimage\"},\"thumbnailUrl\":\"https:\\\/\\\/www.meydan.tv\\\/wp-content\\\/uploads\\\/untitled-design-1-18.jpg\",\"datePublished\":\"2022-04-18T09:57:58+00:00\",\"dateModified\":\"2022-04-18T09:58:00+00:00\",\"breadcrumb\":{\"@id\":\"https:\\\/\\\/www.meydan.tv\\\/az\\\/article\\\/goycay-sakini-veziyyeti-gostermek-ucun-xestexanalara-gizli-kamera-ile-girek\\\/#breadcrumb\"},\"inLanguage\":\"az\",\"potentialAction\":[{\"@type\":\"ReadAction\",\"target\":[\"https:\\\/\\\/www.meydan.tv\\\/az\\\/article\\\/goycay-sakini-veziyyeti-gostermek-ucun-xestexanalara-gizli-kamera-ile-girek\\\/\"]}]},{\"@type\":\"ImageObject\",\"inLanguage\":\"az\",\"@id\":\"https:\\\/\\\/www.meydan.tv\\\/az\\\/article\\\/goycay-sakini-veziyyeti-gostermek-ucun-xestexanalara-gizli-kamera-ile-girek\\\/#primaryimage\",\"url\":\"https:\\\/\\\/www.meydan.tv\\\/wp-content\\\/uploads\\\/untitled-design-1-18.jpg\",\"contentUrl\":\"https:\\\/\\\/www.meydan.tv\\\/wp-content\\\/uploads\\\/untitled-design-1-18.jpg\",\"width\":1200,\"height\":800,\"caption\":\"Cavadzad\u0259 ad\u0131na Respublika Kliniki Uroloji X\u0259st\u0259xanas\u0131. Foto: Moden.az\"},{\"@type\":\"BreadcrumbList\",\"@id\":\"https:\\\/\\\/www.meydan.tv\\\/az\\\/article\\\/goycay-sakini-veziyyeti-gostermek-ucun-xestexanalara-gizli-kamera-ile-girek\\\/#breadcrumb\",\"itemListElement\":[{\"@type\":\"ListItem\",\"position\":1,\"name\":\"Ana s\u0259hif\u0259\",\"item\":\"https:\\\/\\\/www.meydan.tv\\\/az\\\/\"},{\"@type\":\"ListItem\",\"position\":2,\"name\":\"T\u00f6vsiy\u0259\",\"item\":\"https:\\\/\\\/www.meydan.tv\\\/az\\\/section\\\/featured\\\/\"},{\"@type\":\"ListItem\",\"position\":3,\"name\":\"G\u00f6y\u00e7ay sakini: \u201cV\u0259ziyy\u0259ti g\u00f6st\u0259rm\u0259k \u00fc\u00e7\u00fcn x\u0259st\u0259xanalara gizli kamera il\u0259 gir\u0259k?\u201d\"}]},{\"@type\":\"WebSite\",\"@id\":\"https:\\\/\\\/www.meydan.tv\\\/az\\\/#website\",\"url\":\"https:\\\/\\\/www.meydan.tv\\\/az\\\/\",\"name\":\"MEYDAN.TV\",\"description\":\"Meydan TV Az\u0259rbaycan\u0131n media m\u0259kan\u0131ndak\u0131 alternativ s\u0259sidir\",\"publisher\":{\"@id\":\"https:\\\/\\\/www.meydan.tv\\\/az\\\/#organization\"},\"potentialAction\":[{\"@type\":\"SearchAction\",\"target\":{\"@type\":\"EntryPoint\",\"urlTemplate\":\"https:\\\/\\\/www.meydan.tv\\\/az\\\/?s={search_term_string}\"},\"query-input\":{\"@type\":\"PropertyValueSpecification\",\"valueRequired\":true,\"valueName\":\"search_term_string\"}}],\"inLanguage\":\"az\"},{\"@type\":\"Organization\",\"@id\":\"https:\\\/\\\/www.meydan.tv\\\/az\\\/#organization\",\"name\":\"Meydan TV\",\"url\":\"https:\\\/\\\/www.meydan.tv\\\/az\\\/\",\"logo\":{\"@type\":\"ImageObject\",\"inLanguage\":\"az\",\"@id\":\"https:\\\/\\\/www.meydan.tv\\\/az\\\/#\\\/schema\\\/logo\\\/image\\\/\",\"url\":\"https:\\\/\\\/www.meydan.tv\\\/wp-content\\\/uploads\\\/2021\\\/07\\\/meydan-logo.svg\",\"contentUrl\":\"https:\\\/\\\/www.meydan.tv\\\/wp-content\\\/uploads\\\/2021\\\/07\\\/meydan-logo.svg\",\"width\":195,\"height\":46,\"caption\":\"Meydan TV\"},\"image\":{\"@id\":\"https:\\\/\\\/www.meydan.tv\\\/az\\\/#\\\/schema\\\/logo\\\/image\\\/\"}},{\"@type\":\"Person\",\"@id\":\"https:\\\/\\\/www.meydan.tv\\\/az\\\/#\\\/schema\\\/person\\\/9cdbecf90d17180ce1dfbd95b08dcf47\",\"name\":\"elli\",\"sameAs\":[\"https:\\\/\\\/x.com\\\/elli\"]}]}<\/script>\n<!-- \/ Yoast SEO plugin. -->","yoast_head_json":{"title":"G\u00f6y\u00e7ay sakini: \u201cV\u0259ziyy\u0259ti g\u00f6st\u0259rm\u0259k \u00fc\u00e7\u00fcn x\u0259st\u0259xanalara gizli kamera il\u0259 gir\u0259k?\u201d - MEYDAN.TV","robots":{"index":"index","follow":"follow","max-snippet":"max-snippet:-1","max-image-preview":"max-image-preview:large","max-video-preview":"max-video-preview:-1"},"canonical":"https:\/\/www.meydan.tv\/az\/article\/goycay-sakini-veziyyeti-gostermek-ucun-xestexanalara-gizli-kamera-ile-girek\/","og_locale":"az_AZ","og_type":"article","og_title":"G\u00f6y\u00e7ay sakini: \u201cV\u0259ziyy\u0259ti g\u00f6st\u0259rm\u0259k \u00fc\u00e7\u00fcn x\u0259st\u0259xanalara gizli kamera il\u0259 gir\u0259k?\u201d - MEYDAN.TV","og_description":"B\u00f6yr\u0259k \u00e7at\u0131\u015fmazl\u0131\u011f\u0131ndan \u0259ziyy\u0259t \u00e7\u0259k\u0259n v\u0259t\u0259nda\u015f reaktivl\u0259rin k\u00f6hn\u0259 olmas\u0131ndan \u015fikay\u0259t\u00e7idir \u201cG\u00f6y\u00e7ay ... Davam\u0131","og_url":"https:\/\/www.meydan.tv\/az\/article\/goycay-sakini-veziyyeti-gostermek-ucun-xestexanalara-gizli-kamera-ile-girek\/","og_site_name":"MEYDAN.TV","article_published_time":"2022-04-18T09:57:58+00:00","article_modified_time":"2022-04-18T09:58:00+00:00","og_image":[{"width":1200,"height":800,"url":"https:\/\/www.meydan.tv\/wp-content\/uploads\/untitled-design-1-18.jpg","type":"image\/jpeg"}],"author":"elli","twitter_card":"summary_large_image","twitter_creator":"@elli","schema":{"@context":"https:\/\/schema.org","@graph":[{"@type":"Article","@id":"https:\/\/www.meydan.tv\/az\/article\/goycay-sakini-veziyyeti-gostermek-ucun-xestexanalara-gizli-kamera-ile-girek\/#article","isPartOf":{"@id":"https:\/\/www.meydan.tv\/az\/article\/goycay-sakini-veziyyeti-gostermek-ucun-xestexanalara-gizli-kamera-ile-girek\/"},"author":{"name":"elli","@id":"https:\/\/www.meydan.tv\/az\/#\/schema\/person\/9cdbecf90d17180ce1dfbd95b08dcf47"},"headline":"G\u00f6y\u00e7ay sakini: \u201cV\u0259ziyy\u0259ti g\u00f6st\u0259rm\u0259k \u00fc\u00e7\u00fcn x\u0259st\u0259xanalara gizli kamera il\u0259 gir\u0259k?\u201d","datePublished":"2022-04-18T09:57:58+00:00","dateModified":"2022-04-18T09:58:00+00:00","mainEntityOfPage":{"@id":"https:\/\/www.meydan.tv\/az\/article\/goycay-sakini-veziyyeti-gostermek-ucun-xestexanalara-gizli-kamera-ile-girek\/"},"wordCount":669,"publisher":{"@id":"https:\/\/www.meydan.tv\/az\/#organization"},"image":{"@id":"https:\/\/www.meydan.tv\/az\/article\/goycay-sakini-veziyyeti-gostermek-ucun-xestexanalara-gizli-kamera-ile-girek\/#primaryimage"},"thumbnailUrl":"https:\/\/www.meydan.tv\/wp-content\/uploads\/untitled-design-1-18.jpg","articleSection":["Sa\u011fl\u0131q","T\u00f6vsiy\u0259","X\u0259b\u0259rl\u0259r"],"inLanguage":"az"},{"@type":"WebPage","@id":"https:\/\/www.meydan.tv\/az\/article\/goycay-sakini-veziyyeti-gostermek-ucun-xestexanalara-gizli-kamera-ile-girek\/","url":"https:\/\/www.meydan.tv\/az\/article\/goycay-sakini-veziyyeti-gostermek-ucun-xestexanalara-gizli-kamera-ile-girek\/","name":"G\u00f6y\u00e7ay sakini: \u201cV\u0259ziyy\u0259ti g\u00f6st\u0259rm\u0259k \u00fc\u00e7\u00fcn x\u0259st\u0259xanalara gizli kamera il\u0259 gir\u0259k?\u201d - MEYDAN.TV","isPartOf":{"@id":"https:\/\/www.meydan.tv\/az\/#website"},"primaryImageOfPage":{"@id":"https:\/\/www.meydan.tv\/az\/article\/goycay-sakini-veziyyeti-gostermek-ucun-xestexanalara-gizli-kamera-ile-girek\/#primaryimage"},"image":{"@id":"https:\/\/www.meydan.tv\/az\/article\/goycay-sakini-veziyyeti-gostermek-ucun-xestexanalara-gizli-kamera-ile-girek\/#primaryimage"},"thumbnailUrl":"https:\/\/www.meydan.tv\/wp-content\/uploads\/untitled-design-1-18.jpg","datePublished":"2022-04-18T09:57:58+00:00","dateModified":"2022-04-18T09:58:00+00:00","breadcrumb":{"@id":"https:\/\/www.meydan.tv\/az\/article\/goycay-sakini-veziyyeti-gostermek-ucun-xestexanalara-gizli-kamera-ile-girek\/#breadcrumb"},"inLanguage":"az","potentialAction":[{"@type":"ReadAction","target":["https:\/\/www.meydan.tv\/az\/article\/goycay-sakini-veziyyeti-gostermek-ucun-xestexanalara-gizli-kamera-ile-girek\/"]}]},{"@type":"ImageObject","inLanguage":"az","@id":"https:\/\/www.meydan.tv\/az\/article\/goycay-sakini-veziyyeti-gostermek-ucun-xestexanalara-gizli-kamera-ile-girek\/#primaryimage","url":"https:\/\/www.meydan.tv\/wp-content\/uploads\/untitled-design-1-18.jpg","contentUrl":"https:\/\/www.meydan.tv\/wp-content\/uploads\/untitled-design-1-18.jpg","width":1200,"height":800,"caption":"Cavadzad\u0259 ad\u0131na Respublika Kliniki Uroloji X\u0259st\u0259xanas\u0131. Foto: Moden.az"},{"@type":"BreadcrumbList","@id":"https:\/\/www.meydan.tv\/az\/article\/goycay-sakini-veziyyeti-gostermek-ucun-xestexanalara-gizli-kamera-ile-girek\/#breadcrumb","itemListElement":[{"@type":"ListItem","position":1,"name":"Ana s\u0259hif\u0259","item":"https:\/\/www.meydan.tv\/az\/"},{"@type":"ListItem","position":2,"name":"T\u00f6vsiy\u0259","item":"https:\/\/www.meydan.tv\/az\/section\/featured\/"},{"@type":"ListItem","position":3,"name":"G\u00f6y\u00e7ay sakini: \u201cV\u0259ziyy\u0259ti g\u00f6st\u0259rm\u0259k \u00fc\u00e7\u00fcn x\u0259st\u0259xanalara gizli kamera il\u0259 gir\u0259k?\u201d"}]},{"@type":"WebSite","@id":"https:\/\/www.meydan.tv\/az\/#website","url":"https:\/\/www.meydan.tv\/az\/","name":"MEYDAN.TV","description":"Meydan TV Az\u0259rbaycan\u0131n media m\u0259kan\u0131ndak\u0131 alternativ s\u0259sidir","publisher":{"@id":"https:\/\/www.meydan.tv\/az\/#organization"},"potentialAction":[{"@type":"SearchAction","target":{"@type":"EntryPoint","urlTemplate":"https:\/\/www.meydan.tv\/az\/?s={search_term_string}"},"query-input":{"@type":"PropertyValueSpecification","valueRequired":true,"valueName":"search_term_string"}}],"inLanguage":"az"},{"@type":"Organization","@id":"https:\/\/www.meydan.tv\/az\/#organization","name":"Meydan TV","url":"https:\/\/www.meydan.tv\/az\/","logo":{"@type":"ImageObject","inLanguage":"az","@id":"https:\/\/www.meydan.tv\/az\/#\/schema\/logo\/image\/","url":"https:\/\/www.meydan.tv\/wp-content\/uploads\/2021\/07\/meydan-logo.svg","contentUrl":"https:\/\/www.meydan.tv\/wp-content\/uploads\/2021\/07\/meydan-logo.svg","width":195,"height":46,"caption":"Meydan TV"},"image":{"@id":"https:\/\/www.meydan.tv\/az\/#\/schema\/logo\/image\/"}},{"@type":"Person","@id":"https:\/\/www.meydan.tv\/az\/#\/schema\/person\/9cdbecf90d17180ce1dfbd95b08dcf47","name":"elli","sameAs":["https:\/\/x.com\/elli"]}]}},"_links":{"self":[{"href":"https:\/\/www.meydan.tv\/az\/wp-json\/wp\/v2\/posts\/242149","targetHints":{"allow":["GET"]}}],"collection":[{"href":"https:\/\/www.meydan.tv\/az\/wp-json\/wp\/v2\/posts"}],"about":[{"href":"https:\/\/www.meydan.tv\/az\/wp-json\/wp\/v2\/types\/post"}],"author":[{"embeddable":true,"href":"https:\/\/www.meydan.tv\/az\/wp-json\/wp\/v2\/users\/8"}],"replies":[{"embeddable":true,"href":"https:\/\/www.meydan.tv\/az\/wp-json\/wp\/v2\/comments?post=242149"}],"version-history":[{"count":1,"href":"https:\/\/www.meydan.tv\/az\/wp-json\/wp\/v2\/posts\/242149\/revisions"}],"predecessor-version":[{"id":242156,"href":"https:\/\/www.meydan.tv\/az\/wp-json\/wp\/v2\/posts\/242149\/revisions\/242156"}],"wp:featuredmedia":[{"embeddable":true,"href":"https:\/\/www.meydan.tv\/az\/wp-json\/wp\/v2\/media\/242143"}],"wp:attachment":[{"href":"https:\/\/www.meydan.tv\/az\/wp-json\/wp\/v2\/media?parent=242149"}],"wp:term":[{"taxonomy":"category","embeddable":true,"href":"https:\/\/www.meydan.tv\/az\/wp-json\/wp\/v2\/categories?post=242149"},{"taxonomy":"post_tag","embeddable":true,"href":"https:\/\/www.meydan.tv\/az\/wp-json\/wp\/v2\/tags?post=242149"}],"curies":[{"name":"wp","href":"https:\/\/api.w.org\/{rel}","templated":true}]}}