{"id":242129,"date":"2022-04-18T13:28:40","date_gmt":"2022-04-18T09:28:40","guid":{"rendered":"https:\/\/www.meydan.tv\/?p=242129"},"modified":"2022-04-18T13:28:42","modified_gmt":"2022-04-18T09:28:42","slug":"suveys-bohrani-herbi-emeliyyatlar-ve-neticeleri","status":"publish","type":"post","link":"https:\/\/www.meydan.tv\/az\/article\/suveys-bohrani-herbi-emeliyyatlar-ve-neticeleri\/","title":{"rendered":"S\u00fcvey\u015f b\u00f6hran\u0131: h\u0259rbi \u0259m\u0259liyyatlar v\u0259 n\u0259tic\u0259l\u0259ri"},"content":{"rendered":"\n<p><\/p>\n\n\n\n<p><em>&#8220;S\u00fcvey\u015f m\u00fcharib\u0259si h\u0259d\u0259fl\u0259rin\u0259 \u00e7atsayd\u0131, Yax\u0131n \u015e\u0259rq daha yax\u015f\u0131 v\u0259ziyy\u0259td\u0259 olard\u0131\u2026&#8221;<\/em><br><br><a href=\"https:\/\/www.meydan.tv\/az\/article\/suveys-bohrani-kanalin-millilesdirilmesi\/\" target=\"_blank\" rel=\"noreferrer noopener\">II yaz\u0131<\/a><br><\/p>\n\n\n\n<p>B\u00f6y\u00fck Britaniyan\u0131n Ba\u015f naziri Entoni \u0130den S\u00fcvey\u015f kanal\u0131n\u0131n millil\u0259\u015fdirilm\u0259sini e\u015fid\u0259nd\u0259 Camal \u018fbd\u00fcl Nasirin q\u0259vi d\u00fc\u015fm\u0259nl\u0259ri, \u0130raq kral\u0131 II Feys\u0259l v\u0259 ba\u015f nazir Nuri \u0259s-S\u0259idin \u015f\u0259r\u0259fin\u0259 ziyaf\u0259t verirdi. Qonaqlar d\u0259rhal ev sahibini \u201cNasiri \u0259zi\u015fdirm\u0259y\u0259\u201d s\u0259sl\u0259dil\u0259r.<\/p>\n\n\n\n<p>Zat\u0259n, \u0130den \u00f6z\u00fc d\u0259 s\u0259rt h\u0259r\u0259k\u0259t t\u0259r\u0259fdar\u0131 idi. O, 1938-ci ild\u0259 Ba\u015f nazir Nevil \u00c7emberlenin nasist Almaniyas\u0131na m\u00fcnasib\u0259td\u0259 y\u00fcr\u00fctd\u00fcy\u00fc m\u00fclayim siyas\u0259t\u0259 etiraz olaraq xarici i\u015fl\u0259r naziri postundan istefa vermi\u015f v\u0259 yaln\u0131z Uinston \u00c7\u00f6r\u00e7ill h\u00f6kum\u0259t r\u0259hb\u0259ri se\u00e7il\u0259nd\u0259 yenid\u0259n h\u0259min v\u0259zif\u0259y\u0259 qay\u0131tm\u0131\u015fd\u0131.<\/p>\n\n\n\n<p>Art\u0131q ert\u0259si g\u00fcn, 1956-c\u0131 il iyulun 27-d\u0259 Britaniya h\u00f6kum\u0259ti Misir \u0259leyhin\u0259 h\u0259rbi \u0259m\u0259liyyata ba\u015flamaq q\u0259rar\u0131 verdi v\u0259 bunun \u00fc\u00e7\u00fcn Ba\u015f q\u0259rargaha alt\u0131 h\u0259ft\u0259 vaxt ay\u0131rd\u0131. \u018fm\u0259liyyat\u0131n m\u0259qs\u0259di Nasiri devirm\u0259k v\u0259 daha \u00fcz\u00fcyola iqtidar formala\u015fd\u0131rmaq idi. Gi Mollenin r\u0259hb\u0259rlik etdiyi Fransa h\u00f6kum\u0259ti d\u0259 bu m\u0259s\u0259l\u0259d\u0259 ingilisl\u0259rl\u0259 h\u0259mr\u0259y idi.<\/p>\n\n\n\n<p>London \u00f6z planlar\u0131n\u0131 m\u0259xfi sur\u0259td\u0259 Va\u015finqtona da bildirdi. Amerikal\u0131lardan d\u0259st\u0259k g\u00f6r\u0259c\u0259kl\u0259rin\u0259 \u015f\u00fcbh\u0259 etmirdil\u0259r. Ax\u0131 c\u0259mi 3 il \u0259vv\u0259l x\u00fcsusi \u0259m\u0259liyyatla \u0130randa M\u00fcs\u0259ddiq h\u00f6kum\u0259tini devirm\u0259y\u0259 raz\u0131 olmu\u015fdular. Amma bu d\u0259f\u0259 \u0259ksin\u0259 oldu. Prezident Eyzenhauer iyulun 31-d\u0259 \u0130den\u0259 yazd\u0131\u011f\u0131 m\u0259ktubunda S\u00fcvey\u015f b\u00f6hran\u0131n\u0131 diplomatik yollarla h\u0259ll etm\u0259k laz\u0131m g\u0259ldiyini s\u00f6yl\u0259yirdi. Bir ne\u00e7\u0259 g\u00fcnd\u0259n sonra Londona g\u0259l\u0259n d\u00f6vl\u0259t katibi Con Foster Dalles ilk add\u0131m kimi S\u00fcvey\u015f kanal\u0131ndan istifad\u0259 ed\u0259n \u0259sas d\u00f6vl\u0259tl\u0259rd\u0259n ibar\u0259t beyn\u0259lxalq konfrans\u0131n \u00e7a\u011fr\u0131lmas\u0131nda israr etdi.<\/p>\n\n\n\n<p>22 d\u00f6vl\u0259tin i\u015ftirak etdiyi beyn\u0259lxalq konfrans 16-23 avqust tarixl\u0259rind\u0259 Londonda ke\u00e7irildi. \u0130\u015ftirak\u00e7\u0131lardan 15 \u00f6lk\u0259 kanal\u0131n beyn\u0259lxalq idar\u0259\u00e7iliy\u0259 verilm\u0259si haqq\u0131nda AB\u015e-\u0131n haz\u0131rlad\u0131\u011f\u0131 layih\u0259ni b\u0259y\u0259ndi. Nasirl\u0259 dan\u0131\u015f\u0131qlar aparmaq \u00fc\u00e7\u00fcn Qahir\u0259y\u0259 Avstraliyan\u0131n Ba\u015f naziri Robert Menzis g\u00f6nd\u0259rildi. Amma bu missiyadan bir \u015fey al\u0131nmad\u0131.<\/p>\n\n\n\n<p>Britaniyan\u0131n ritorikas\u0131 getdikc\u0259 daha davakar olurdu. Sentyabr\u0131n 12-d\u0259 parlamentd\u0259 \u00e7\u0131x\u0131\u015f ed\u0259n \u0130den kompromis \u0259ld\u0259 olunmazsa, \u0130ngilt\u0259r\u0259 v\u0259 Fransan\u0131n g\u00fcc t\u0259tbiq ed\u0259c\u0259yini s\u00f6yl\u0259di.<\/p>\n\n\n\n<p>Ba\u015f nazirin s\u00f6zl\u0259rind\u0259n el\u0259 \u00e7\u0131x\u0131rd\u0131 ki, Va\u015finqton da bu add\u0131m\u0131 d\u0259st\u0259kl\u0259y\u0259c\u0259k. Amma ert\u0259si g\u00fcn Con Dalles Amerikan\u0131n \u201cS\u00fcvey\u015fd\u0259n \u00f6z\u00fcn\u0259 zorla yol a\u00e7mayaca\u011f\u0131n\u0131\u201d, kanal ba\u011flanarsa, g\u0259mil\u0259rini Afrikan\u0131n c\u0259nubundan g\u00f6nd\u0259r\u0259c\u0259yini b\u0259yan etdi. Bel\u0259likl\u0259, Va\u015finqton v\u0259 London aras\u0131ndak\u0131 fikir ayr\u0131l\u0131\u011f\u0131 art\u0131q ictimail\u0259\u015fdi.<\/p>\n\n\n\n<p>B\u0259zil\u0259ri, x\u00fcsus\u0259n d\u0259 ke\u00e7mi\u015f sovet tarix\u00e7il\u0259ri Eyzenhauerin bu m\u00f6vqeyini yax\u0131nla\u015fan prezident se\u00e7kil\u0259ri il\u0259 izah edirl\u0259r. \u018fslind\u0259 is\u0259 bel\u0259 olmad\u0131\u011f\u0131n\u0131 d\u00fc\u015f\u00fcn\u00fcr\u0259m. O zaman ke\u00e7iril\u0259n r\u0259y sor\u011fular\u0131 Eyzenhauerin \u00f6z r\u0259qibi Edlay Stivensonun xeyli qabaqlad\u0131\u011f\u0131n\u0131 g\u00f6st\u0259rirdi v\u0259 prezidentin q\u0259l\u0259b\u0259si \u015f\u00fcbh\u0259 do\u011furmurdu. Dig\u0259r t\u0259r\u0259fd\u0259n, AB\u015e h\u00f6kum\u0259tinin Misir\u0259 qar\u015f\u0131 m\u00fcharib\u0259d\u0259 \u00f6z\u00fcn\u00fcn i\u015ftirak etm\u0259yib passiv d\u0259st\u0259k ver\u0259c\u0259yi halda bunun se\u00e7kil\u0259rin n\u0259tic\u0259l\u0259rin\u0259 ciddi t\u0259sir g\u00f6st\u0259rm\u0259si inand\u0131r\u0131c\u0131 deyil.<\/p>\n\n\n\n<p>M\u0259s\u0259l\u0259 ondad\u0131r ki, o zaman AB\u015e Yax\u0131n \u015e\u0259rqd\u0259 bit\u0259r\u0259f siyas\u0259t y\u00fcr\u00fcd\u00fcr, \u0259r\u0259b \u00f6lk\u0259l\u0259ri aras\u0131nda \u00f6z n\u00fcfuzun qay\u011f\u0131s\u0131na qal\u0131rd\u0131. M\u0259hz buna g\u00f6r\u0259 \u0130srailin d\u0259f\u0259l\u0259rl\u0259 xahi\u015f etm\u0259sin\u0259 baxmayaraq, ona silah satm\u0131rd\u0131. Ciddi mara\u011f\u0131 olmayan S\u00fcvey\u015f kanal\u0131na g\u00f6r\u0259 Va\u015finqton \u0259r\u0259bl\u0259rin yan\u0131nda n\u00fcfuzunu z\u0259d\u0259l\u0259m\u0259k, regionda m\u00f6hk\u0259ml\u0259nm\u0259y\u0259 \u00e7al\u0131\u015fan Moskvan\u0131n i\u015fini asanla\u015fd\u0131rmaq ist\u0259mirdi.<\/p>\n\n\n\n<p>\u015etatlar\u0131n bu siyas\u0259ti 1967-ci ild\u0259 ba\u015f ver\u0259n Alt\u0131g\u00fcnl\u00fck m\u00fcharib\u0259y\u0259 q\u0259d\u0259r davam etdi. \u018fr\u0259b liderl\u0259ri h\u0259min m\u00fcharib\u0259d\u0259 t\u0259kc\u0259 \u0130srail\u0259 uduzduqlar\u0131n\u0131 etiraf ed\u0259 bilmirdil\u0259r. U\u011frad\u0131qlar\u0131 biab\u0131r\u00e7\u0131 m\u0259\u011flubiyy\u0259ti \u0259sass\u0131z olaraq AB\u015e-\u0131n \u0130srail\u0259 k\u00f6m\u0259k etm\u0259si il\u0259 izah edirdil\u0259r. N\u0259tic\u0259d\u0259 h\u0259min \u00f6lk\u0259l\u0259rd\u0259 k\u0259skin antiamerika \u0259hval\u0131 yay\u0131ld\u0131. Bu da Va\u015finqtonu \u00f6z\u00fcn\u00fcn Yax\u0131n \u015e\u0259rq siyas\u0259tind\u0259 d\u0259yi\u015fiklikl\u0259r etm\u0259y\u0259, Tel-\u018fvivl\u0259 yax\u0131nla\u015fma\u011fa s\u00f6vq etdi.<\/p>\n\n\n\n<hr class=\"wp-block-separator\"\/>\n\n\n\n<p>Misirl\u0259 m\u00fcharib\u0259 etm\u0259k ist\u0259y\u0259n daha bir \u00f6lk\u0259 vard\u0131: \u0130srail. Bu zaman Nasirin \u0130srail g\u0259mil\u0259rinin S\u00fcvey\u015f kanal\u0131ndan v\u0259 \u018fk\u0259b\u0259 bo\u011faz\u0131ndan ke\u00e7idin\u0259 qada\u011fa qoymas\u0131 yegan\u0259 s\u0259b\u0259b deyildi. BMT b\u00f6lg\u00fcs\u00fcn\u0259 g\u00f6r\u0259 F\u0259l\u0259stind\u0259 yaranacaq \u0259r\u0259b d\u00f6vl\u0259tinin \u0259razisi olan Q\u0259zz\u0259 sektoru Birinci \u0259r\u0259b-y\u0259hudi sava\u015f\u0131ndan sonra Misirin n\u0259zar\u0259tin\u0259 ke\u00e7mi\u015fdi v\u0259 buradan \u0130srail\u0259 tez-tez h\u00fccumlar olurdu. Dig\u0259r t\u0259r\u0259fd\u0259n, Nasirin \u00c7exoslovakiyadan \u00e7oxlu sayda h\u0259rbi texnika, silah v\u0259 sursat almas\u0131 Tel-\u018fvivi naharat edirdi.<\/p>\n\n\n\n<p>\u0130srail h\u00f6kum\u0259ti Misirl\u0259 m\u00fcmk\u00fcn m\u00fcharib\u0259y\u0259 ba\u015flamaqla iki m\u0259qs\u0259d g\u00fcd\u00fcrd\u00fc. Birincisi, Q\u0259zz\u0259ni, h\u0259tta Misirin \u00f6z \u0259razisi olan Sinay yar\u0131madas\u0131n\u0131 i\u015f\u011fal ed\u0259r\u0259k t\u0259hl\u00fck\u0259ni \u00f6z s\u0259rh\u0259dl\u0259rind\u0259n uzaqla\u015fd\u0131rmaq, ikincisi, Misirin \u0259ld\u0259 etdiyi texnikadan m\u00fcmk\u00fcn q\u0259d\u0259r \u00e7ox m\u0259hv ed\u0259r\u0259k h\u0259rbi potensial\u0131n\u0131 z\u0259ifl\u0259tm\u0259k.<\/p>\n\n\n\n<p>\u0130srailin Q\u0259rbd\u0259 yegan\u0259 yax\u0131n m\u00fctt\u0259fiqi Fransa idi. Paris h\u0259min d\u00f6vrd\u0259 \u018flc\u0259zaird\u0259 milli-azadl\u0131q m\u00fcharib\u0259sini repressiyalarla yat\u0131rma\u011fa \u00e7al\u0131\u015fd\u0131\u011f\u0131na g\u00f6r\u0259 onsuz da \u0259r\u0259b \u00f6lk\u0259l\u0259ri aras\u0131nda m\u0259nfi imic\u0259 malik idi v\u0259 AB\u015e, \u0130ngilt\u0259r\u0259 kimi ehtiyatl\u0131 siyas\u0259t y\u00fcr\u00fctm\u0259y\u0259 ehtiyac g\u00f6rm\u00fcrd\u00fc. Britaniya is\u0259 \u0259r\u0259b d\u00fcnyas\u0131n\u0131n reaksiyas\u0131n\u0131 n\u0259z\u0259r\u0259 alaraq, Misir\u0259 qar\u015f\u0131 \u0259m\u0259liyyatda \u0130srailin i\u015ftirak\u0131na isti yana\u015fm\u0131rd\u0131.<\/p>\n\n\n\n<p>Sentyabr\u0131n \u0259vv\u0259ll\u0259rind\u0259n Misir\u0259 h\u00fccumla ba\u011fl\u0131 \u0130srail v\u0259 Fransa aras\u0131nda m\u0259sl\u0259h\u0259tl\u0259\u015fm\u0259l\u0259r ba\u015flad\u0131. Amma frans\u0131zlar h\u0259rbi \u0259m\u0259liyyatda ingilisl\u0259rin d\u0259 i\u015ftirak\u0131nda israr edirdil\u0259r. \u00c7\u00fcnki onlar\u0131n h\u0259m donanmas\u0131, h\u0259m d\u0259 Kiprd\u0259 yerl\u0259\u015f\u0259n aviasiyas\u0131 \u0259m\u0259liyyatda m\u00fch\u00fcm rol oynaya bil\u0259rdi.<\/p>\n\n\n\n<p>Oktyabr\u0131n 14-d\u0259 Britaniya ba\u015f nazirinin \u015f\u0259h\u0259rk\u0259nar\u0131 iqam\u0259tgah\u0131 olan \u00c7ekersd\u0259 ingilisl\u0259r v\u0259 frans\u0131zlar aras\u0131nda gizli g\u00f6r\u00fc\u015f oldu. Fransa n\u00fcmay\u0259nd\u0259l\u0259ri ingilisl\u0259ri \u0130sraill\u0259 \u0259m\u0259kda\u015fl\u0131\u011fa inand\u0131r\u0131rd\u0131lar. \u00d6z n\u00f6vb\u0259sind\u0259 AB\u015e-\u0131n d\u0259st\u0259yin\u0259 \u00fcmidini itir\u0259n ingilisl\u0259r d\u0259 \u0130sraill\u0259 \u0259m\u0259kda\u015fl\u0131\u011fa meyl etm\u0259y\u0259 ba\u015flad\u0131lar.<\/p>\n\n\n\n<p>Oktyabr\u0131n 22-24-d\u0259 Paris yax\u0131nl\u0131\u011f\u0131ndak\u0131 Sevrd\u0259 son d\u0259r\u0259c\u0259 m\u0259xfi Britaniya-Fransa-\u0130srail g\u00f6r\u00fc\u015f\u00fc oldu. \u0130sraili ba\u015f nazir v\u0259 m\u00fcdafi\u0259 naziri David Ben-Qurion, Ba\u015f q\u0259rargah r\u0259isi Mo\u015fe Dayan v\u0259 M\u00fcdafi\u0259 Nazirliyinin Ba\u015f direktoru \u015eimon Peres, Fransan\u0131 xarici i\u015fl\u0259r naziri Kristian Pino v\u0259 m\u00fcdafi\u0259 naziri Moris Burjes-Monuri, Britaniyan\u0131 is\u0259 xarici i\u015fl\u0259r naziri Selvin Lloyd v\u0259 Birl\u0259\u015fmi\u015f k\u0259\u015ffiyyat komit\u0259sinin r\u0259hb\u0259ri Patrik Din t\u0259msil edirdil\u0259r.<\/p>\n\n\n\n<p>M\u00fczakir\u0259l\u0259rd\u0259n sonra ikim\u0259rh\u0259l\u0259li plan q\u0259bul edildi. Birinci m\u0259rh\u0259l\u0259d\u0259 \u0130srail Misir\u0259 qar\u015f\u0131 h\u0259rbi \u0259m\u0259liyyatlara ba\u015flayacaq v\u0259 S\u00fcvey\u015f kanal\u0131na do\u011fru h\u00fccuma ke\u00e7\u0259c\u0259kdi. Bundan sonra \u0130ngilt\u0259r\u0259 v\u0259 Fransa \u201ckanala yaranan t\u0259hl\u00fck\u0259ni aradan qald\u0131rmaq \u00fc\u00e7\u00fcn\u201d \u0259raziy\u0259 qo\u015fun \u00e7\u0131xaracaqd\u0131lar. Zat\u0259n, 1954-c\u00fc ild\u0259 London v\u0259 Qahir\u0259 aras\u0131nda imzalanan m\u00fcqavil\u0259 ingilisl\u0259r\u0259 bu h\u00fcququ verirdi.<\/p>\n\n\n\n<p>Britaniya art\u0131q bir m\u00fcdd\u0259t idi ki, Va\u015finqtonu Misirl\u0259 ba\u011fl\u0131 planlar\u0131 haqq\u0131nda x\u0259b\u0259rdar etmirdi. Amma g\u00f6r\u00fcl\u0259n haz\u0131rl\u0131qlar, qo\u015funlar\u0131n yerd\u0259yi\u015fm\u0259si, regionda xeyli artan \u015fifr\u0259li radiom\u00fcbadil\u0259 Amerika k\u0259\u015ffiyyat\u0131n\u0131n n\u0259z\u0259rind\u0259n qa\u00e7mad\u0131. H\u0259rbi \u0259m\u0259liyyatlar\u0131n ba\u015flamas\u0131na bir ne\u00e7\u0259 g\u00fcn qalm\u0131\u015f M\u0259rk\u0259zi K\u0259\u015ffiyyat \u0130dar\u0259si (C\u0130A) \u0130srailin Misir \u00fcz\u0259rin\u0259 h\u00fccuma ke\u00e7\u0259 bil\u0259c\u0259yini h\u00f6kum\u0259t\u0259 x\u0259b\u0259r verdi.<\/p>\n\n\n\n<p>Duayt Eyzenhauer m\u00fcxt\u0259lif kanallarla bir ne\u00e7\u0259 d\u0259f\u0259 Ben-Quriona x\u0259b\u0259r g\u00f6nd\u0259r\u0259r\u0259k regiondak\u0131 v\u0259ziyy\u0259ti g\u0259rginl\u0259\u015fdir\u0259 bil\u0259c\u0259k add\u0131mlardan \u00e7\u0259kinm\u0259y\u0259 \u00e7a\u011f\u0131rd\u0131. Ben-Qurion is\u0259 cavab\u0131nda Amerika Prezidentini \u0259min etdi ki, \u0130srailin b\u00fct\u00fcn haz\u0131rl\u0131qlar\u0131 m\u00fcdafi\u0259 xarakterlidir. Bu zaman is\u0259 Tel-\u018fvivd\u0259 \u201cKade\u015f\u201d ad\u0131 veril\u0259n h\u00fccum \u0259m\u0259liyyat\u0131 \u00fcz\u0259rind\u0259 g\u0259rgin i\u015f gedirdi.<\/p>\n\n\n\n<hr class=\"wp-block-separator\"\/>\n\n\n\n<p>Oktyabr\u0131n 29-da \u0130srail Misir\u0259 qar\u015f\u0131 h\u00fccum \u0259m\u0259liyyat\u0131na ba\u015flad\u0131. \u018fm\u0259liyyat\u0131n \u00fc\u00e7 istiqam\u0259td\u0259 apar\u0131l\u0131rd\u0131. Q\u0259zz\u0259 sektoru tutulmal\u0131 v\u0259 buradan \u0130srail\u0259 h\u00fccum \u00fc\u00e7\u00fcn istifad\u0259 olunan bazalar l\u0259\u011fv edilm\u0259li idi. \u015e\u0259rm \u0259\u015f-\u015eeyxin tutulmas\u0131 n\u0259tic\u0259sind\u0259 Tiran bo\u011faz\u0131n\u0131n blokadas\u0131 aradan qalxacaqd\u0131. N\u0259hay\u0259t, S\u00fcvey\u015f kanal\u0131na do\u011fru ir\u0259lil\u0259m\u0259k v\u0259 bununla da ingilis v\u0259 frans\u0131zlar\u0131n m\u00fcdaxil\u0259sin\u0259 b\u0259han\u0259 verm\u0259k laz\u0131m idi.<\/p>\n\n\n\n<p>\u0130sraillil\u0259r yer\u00fcst\u00fc h\u00fccumla yana\u015f\u0131, m\u00fch\u00fcm Mitla a\u015f\u0131r\u0131m\u0131na hava desant\u0131 \u00e7\u0131xard\u0131lar. Bu a\u015f\u0131r\u0131m\u0131n tutulmas\u0131 Sinaydak\u0131 Misir qo\u015funlar\u0131n\u0131n t\u0259chizat\u0131n\u0131n k\u0259silm\u0259si, h\u0259m d\u0259 onlar\u0131n geri \u00e7\u0259kilm\u0259sinin \u00e7\u0259tinl\u0259\u015fm\u0259si dem\u0259k idi. Dig\u0259r t\u0259r\u0259fd\u0259n, Mitla S\u00fcvey\u015f kanal\u0131ndan t\u0259xmin\u0259n 30 km m\u0259saf\u0259d\u0259 yerl\u0259\u015firdi. Dem\u0259li, h\u0259rbi \u0259m\u0259liyyatlar kanala yet\u0259rinc\u0259 yax\u0131nla\u015f\u0131rd\u0131, bu da \u0130ngilt\u0259r\u0259 v\u0259 Fransaya h\u0259r\u0259k\u0259t\u0259 ke\u00e7m\u0259k b\u0259han\u0259si verdi.<\/p>\n\n\n\n<p>Oktyabr\u0131n 30-da London v\u0259 Paris Qahir\u0259y\u0259, el\u0259c\u0259 d\u0259 g\u00f6zd\u0259n p\u0259rd\u0259 asmaq \u00fc\u00e7\u00fcn Tel-\u018fviv\u0259 ultimatum ver\u0259r\u0259k h\u0259rbi q\u00fcvv\u0259l\u0259rini kanaldan 16 km uzaqla\u015fd\u0131rma\u011f\u0131 t\u0259l\u0259b etdi. Y\u0259hudil\u0259r kanala yax\u0131nla\u015fmayaca\u011f\u0131n\u0131 bildirdil\u0259r, misirlil\u0259r is\u0259 ultimatumu r\u0259dd etdil\u0259r. Bel\u0259 olduqda, m\u00fctt\u0259fiq aviasiyas\u0131 Misir h\u0259rbi aerodromlar\u0131n\u0131 bombalama\u011fa ba\u015flad\u0131 v\u0259 bu, be\u015f g\u00fcn davam etdi. Bununla da \u201cM\u00fc\u015fketyor\u201d \u0259m\u0259liyyat\u0131na start verildi.<\/p>\n\n\n\n<p>Noyab\u0131n 5-d\u0259 is\u0259 havadan desant\u00e7\u0131xarma \u0259m\u0259liyyat\u0131 ke\u00e7irildi. Misirin Port-S\u0259id \u015f\u0259h\u0259ri \u0259traf\u0131na y\u00fczl\u0259rl\u0259 ingilis v\u0259 frans\u0131z \u0259sg\u0259r \u00e7\u0131xar\u0131ld\u0131. Misirlil\u0259r a\u011f\u0131r itkil\u0259r vers\u0259l\u0259r d\u0259, m\u00fct\u0259\u015f\u0259kkil \u015f\u0259kild\u0259 geri \u00e7\u0259kil\u0259r\u0259k d\u00f6y\u00fc\u015f qabiliyy\u0259tl\u0259rini saxlad\u0131lar. Misir h\u00f6kum\u0259ti S\u00fcvey\u015f kanal\u0131n\u0131n giri\u015f v\u0259 \u00e7\u0131x\u0131\u015f\u0131nda bir ne\u00e7\u0259 g\u0259mini bat\u0131raraq h\u0259r\u0259k\u0259ti ba\u011flad\u0131. Bel\u0259likl\u0259, guya kanal\u0131n t\u0259hl\u00fck\u0259sizliyi \u00fc\u00e7\u00fcn ba\u015flan\u0131lan m\u00fcdaxil\u0259 \u00fcz\u00fcnd\u0259n h\u0259r\u0259k\u0259t tamamil\u0259 dayand\u0131.<\/p>\n\n\n\n<p>Noyabr\u0131n 6-da m\u00fctt\u0259fiql\u0259r d\u0259nizd\u0259n desant \u00e7\u0131xard\u0131lar. Misirlil\u0259rin g\u00f6rd\u00fckl\u0259ri preventiv t\u0259dbirl\u0259r n\u0259tic\u0259sind\u0259 \u0259m\u0259liyyat xeyli l\u0259ng getdi v\u0259 ax\u015fam saatlar\u0131na kimi s\u00fcrd\u00fc. Quruya \u00e7\u0131xan qo\u015funlar qar\u015f\u0131 t\u0259r\u0259fin m\u00fcqavim\u0259tini q\u0131raraq Port-S\u0259idi \u0259l\u0259 ke\u00e7irdil\u0259r v\u0259 Misirin i\u00e7\u0259ril\u0259rin\u0259 do\u011fru ir\u0259lil\u0259m\u0259y\u0259 \u00e7al\u0131\u015f\u0131rd\u0131lar. Amma bu, sava\u015f\u0131n son g\u00fcn\u00fc idi. Bir ne\u00e7\u0259 saatdan sonra qo\u015funlar h\u0259rbi \u0259m\u0259liyyatlar\u0131 dayand\u0131rmaq \u0259mri ald\u0131lar.<\/p>\n\n\n\n<hr class=\"wp-block-separator\"\/>\n\n\n\n<p>Misir\u0259 qar\u015f\u0131 \u00fc\u00e7 \u00f6lk\u0259nin t\u0259cav\u00fcz\u00fc beyn\u0259lxalq al\u0259md\u0259 k\u0259skin reaksiya do\u011furdu. M\u00fcs\u0259lman \u00f6lk\u0259l\u0259rind\u0259 etiraz aksiyalar\u0131 ke\u00e7irildi. S\u0259udiyy\u0259 \u018fr\u0259bistan\u0131 \u0130ngilt\u0259r\u0259 v\u0259 Fransaya qar\u015f\u0131 neft embarqosu t\u0259tbiq etdi. Suriya \u00f6z \u0259razisind\u0259n ke\u00e7\u0259n \u0130raq neftini Aral\u0131q d\u0259nizind\u0259ki Baniyas liman\u0131na da\u015f\u0131yan neft k\u0259m\u0259rini partlatd\u0131. H\u0259r iki \u00f6lk\u0259 Misirin ard\u0131nca London v\u0259 Parisl\u0259 diplomatik \u0259laq\u0259l\u0259ri k\u0259sdi.<\/p>\n\n\n\n<p>SSR\u0130-nin Ba\u015f naziri Nikolay Bulqaninin \u0130ngilt\u0259r\u0259, Fransa v\u0259 \u0130srail h\u00f6kum\u0259tl\u0259rin\u0259 g\u00f6nd\u0259rdiyi teleqramda sovetl\u0259rin Yax\u0131n \u015e\u0259rqd\u0259 s\u00fclh\u00fc b\u0259rq\u0259rar etm\u0259k \u00fc\u00e7\u00fcn zor t\u0259tbiq etm\u0259y\u0259 haz\u0131r oldu\u011fu bildirilirdi. M\u0259tnd\u0259 n\u00fcv\u0259 silah\u0131ndan istifad\u0259nin d\u0259 istisna olunmad\u0131\u011f\u0131na eyham vard\u0131.<\/p>\n\n\n\n<p>Bu kontekstd\u0259 AB\u015e-\u0131n \u00f6z NATO m\u00fctt\u0259fiql\u0259ri il\u0259 fikir ayr\u0131l\u0131\u011f\u0131 x\u00fcsusil\u0259 diqq\u0259t\u00e7\u0259k\u0259n idi. BMT T\u0259hl\u00fck\u0259sizlik \u015euras\u0131n\u0131n oktyabr\u0131n 30-da ke\u00e7iril\u0259n toplant\u0131s\u0131nda AB\u015e-\u0131n haz\u0131rlad\u0131\u011f\u0131 v\u0259 \u0130sraild\u0259n h\u0259rbi \u0259m\u0259liyyatlar\u0131n dayand\u0131r\u0131lmas\u0131n\u0131 t\u0259l\u0259b ed\u0259n q\u0259tnam\u0259 layih\u0259si Britaniya v\u0259 Fransan\u0131n veto qoymas\u0131 \u00fcz\u00fcnd\u0259n q\u0259bul olunmad\u0131. Bel\u0259 olduqda, ert\u0259si g\u00fcn BMT tarixind\u0259 ilk d\u0259f\u0259 Ba\u015f Assambleyan\u0131n f\u00f6vq\u0259lad\u0259 sessiyas\u0131n\u0131n \u00e7a\u011fr\u0131lmas\u0131 bar\u0259d\u0259 q\u0259rar q\u0259bul edildi.<\/p>\n\n\n\n<p>Assambleya noyabr\u0131n 2-d\u0259 t\u0259r\u0259fl\u0259rd\u0259n d\u0259rhal h\u0259rbi \u0259m\u0259liyyatlar\u0131n dayand\u0131r\u0131lmas\u0131n\u0131, q\u00fcvv\u0259l\u0259rin \u0259vv\u0259lki m\u00f6vqel\u0259rin\u0259 \u00e7\u0259kilm\u0259sini, S\u00fcvey\u015f kanal\u0131n\u0131n yenid\u0259n f\u0259aliyy\u0259t\u0259 ba\u015flamas\u0131n\u0131 ist\u0259y\u0259n q\u0259tnam\u0259 q\u0259bul etdi. Q\u0259tnam\u0259nin \u0259leyhin\u0259 m\u00fcdaxil\u0259d\u0259 i\u015ftirak ed\u0259n \u00fc\u00e7 d\u00f6vl\u0259td\u0259n ba\u015fqa yaln\u0131z Avstraliya v\u0259 Yeni Zellandiya s\u0259s verdi. \u00dc\u00e7 g\u00fcn sonra BMT-nin f\u00f6vq\u0259lad\u0259 beyn\u0259lxalq h\u0259rbi q\u00fcvv\u0259l\u0259rinin (UNEF) yarad\u0131lmas\u0131 q\u0259rara al\u0131nd\u0131.<\/p>\n\n\n\n<p>AB\u015e Britaniyaya qar\u015f\u0131 maliyy\u0259 r\u0131\u00e7aqlar\u0131\u0131 da i\u015f\u0259 sald\u0131. H\u0259m h\u0259rbi x\u0259rcl\u0259r, h\u0259m d\u0259 S\u00fcvey\u015f kanal\u0131n\u0131n ba\u011flanmas\u0131 v\u0259 \u0130raq neft k\u0259m\u0259rinin partlamas\u0131 s\u0259b\u0259bind\u0259n neft t\u0259chizat\u0131n\u0131n a\u015fa\u011f\u0131 d\u00fc\u015fm\u0259si Londonu kredit \u00fc\u00e7\u00fcn Beyn\u0259lxalq Valyuta Fonduna m\u00fcraci\u0259t\u0259 m\u0259cbur etdi. Amma indi AB\u015e kredit ayr\u0131lmas\u0131na veto qoydu.<\/p>\n\n\n\n<p>Dig\u0259r t\u0259r\u0259fd\u0259n, Va\u015finqton bildirdi ki, \u00f6z\u00fcn\u0259 m\u0259xsus olan funt-sterlinq istiqrazlar\u0131n\u0131 satma\u011fa haz\u0131rla\u015f\u0131r. Bu x\u0259b\u0259r \u0130ngilt\u0259r\u0259d\u0259 t\u0259\u015fvi\u015f do\u011furdu. \u00c7\u00fcnki istiqrazlar\u0131n sat\u0131lmas\u0131 funtun devalvasiyas\u0131na aparard\u0131 v\u0259 bunun iqtisadi n\u0259tic\u0259l\u0259ri f\u0259lak\u0259tli ola bil\u0259rdi. Bel\u0259 olduqda, \u0130den h\u00f6kum\u0259ti m\u00fcdaxil\u0259ni dayand\u0131rmaq q\u0259rar\u0131na g\u0259ldi.<br>\u0130ngilt\u0259r\u0259 v\u0259 Fransan\u0131n Misird\u0259n qo\u015funlar\u0131n\u0131 \u00e7\u0131xarmas\u0131 dekabr\u0131n 22-d\u0259 bitdi. \u0130srail is\u0259 daha israrl\u0131 davran\u0131rd\u0131. <\/p>\n\n\n\n<p>Ben-Qurion h\u0259tta Sinay yar\u0131madas\u0131n\u0131n ilhaq\u0131 bar\u0259d\u0259 d\u00fc\u015f\u00fcn\u00fcrd\u00fc. Amma AB\u015e t\u0259r\u0259find\u0259n ciddi sanksiyalar t\u0259hdidind\u0259n sonra n\u0259inki Sinaydan, h\u0259tta Q\u0259zz\u0259 sektorundan da \u00e7\u0259kilm\u0259li oldu. Bu, 1957-ci il mart\u0131nda ba\u015f verdi.<\/p>\n\n\n\n<p>\u0130srail-Misir s\u0259rh\u0259dind\u0259 UNEF q\u00fcvv\u0259l\u0259ri yerl\u0259\u015fdirildi v\u0259 1967-ci ild\u0259 Nasir \u00e7\u0131xmalar\u0131n\u0131 t\u0259l\u0259b ed\u0259n\u0259 q\u0259d\u0259r xidm\u0259t apard\u0131lar. S\u00fcvey\u015f kanal\u0131 1957-ci il aprelin 24-d\u0259 f\u0259aliyy\u0259tini b\u0259rpa etdi.<\/p>\n\n\n\n<hr class=\"wp-block-separator\"\/>\n\n\n\n<p>Yeddig\u00fcnl\u00fck m\u00fcharib\u0259 h\u0259rbi c\u0259h\u0259td\u0259n m\u00fctt\u0259fiql\u0259r \u00fc\u00e7\u00fcn u\u011furlu, amma siyasi c\u0259h\u0259td\u0259n x\u00fcsus\u0259n B\u00f6y\u00fck Brtianiya \u00fc\u00e7\u00fcn f\u0259lak\u0259tli oldu. Hadis\u0259l\u0259r B\u00f6y\u00fck Britaniyan\u0131n daha b\u00f6y\u00fck d\u00f6vl\u0259t olmad\u0131\u011f\u0131n\u0131, AB\u015e-\u0131n raz\u0131l\u0131\u011f\u0131 olmadan m\u00fcst\u0259qil davrana bilm\u0259y\u0259c\u0259yini s\u00fcbut etdi.<\/p>\n\n\n\n<p>S\u00fcvey\u015f kampaniyas\u0131 Entoni \u0130denin siyasi karyeras\u0131n\u0131 bitirdi. O, 1957-ci il yanvar\u0131n 10-da istefa verdi. Mayda Fransan\u0131n Ba\u015f naziri Gi Molle analoji add\u0131m atd\u0131. Camal \u018fbd\u00fcl Nasir is\u0259, \u0259ksin\u0259, \u0259r\u0259b d\u00fcnyas\u0131n\u0131n liderin\u0259, \u0259r\u0259b mill\u0259t\u00e7iliyinin simvoluna \u00e7evrildi. T\u0259kc\u0259 Ben-Qurionun statusunda d\u0259yi\u015fiklik olmad\u0131. O, daha yeddi il \u0130srail\u0259 r\u0259hb\u0259rlik etdi.<\/p>\n\n\n\n<p>Britaniya tarix\u00e7isi Korelli Barnett yaz\u0131rd\u0131: \u201cBu, imperiyan\u0131n can verm\u0259si, Britaniya h\u00f6kum\u0259tinin son d\u0259f\u0259 \u00f6z maraqlar\u0131n\u0131 imperiyasaya\u011f\u0131 m\u00fcdafi\u0259 etm\u0259k c\u0259hdi idi\u201d.<\/p>\n\n\n\n<p>\u0130den 1977-ci ild\u0259 v\u0259fat ed\u0259nd\u0259 is\u0259 \u201cTayms\u201d yaz\u0131rd\u0131: \u201cO, Britaniyan\u0131n h\u0259l\u0259 d\u0259 b\u00f6y\u00fck d\u00f6vl\u0259t oldu\u011funan inanan son v\u0259 bunun bel\u0259 olmad\u0131\u011f\u0131 ger\u00e7\u0259yi il\u0259 qar\u015f\u0131la\u015fan ilk ba\u015f nazir idi\u201d.<br>Tarix\u00e7il\u0259rin \u0259ks\u0259riyy\u0259ti \u00fc\u00e7 d\u00f6vl\u0259tin Misir\u0259 m\u00fcdaxil\u0259sin\u0259 neqativ m\u00fcnasib\u0259t s\u0259rgil\u0259s\u0259l\u0259r d\u0259, alternativ bax\u0131\u015f da m\u00f6vcuddur.<br>\u0130denin bioqraf\u0131 D. R. Torp hesab edir ki, \u0259g\u0259r S\u00fcvey\u015f m\u00fcharib\u0259si h\u0259d\u0259fl\u0259rin\u0259 \u00e7atsayd\u0131, n\u0259 Alt\u0131g\u00fcnl\u00fck, n\u0259 d\u0259 &#8220;M\u0259\u015fh\u0259r g\u00fcn\u00fc&#8221; m\u00fcharib\u0259si ba\u015f ver\u0259rdi, Yax\u0131n \u015e\u0259rq d\u0259 indikind\u0259n daha yax\u015f\u0131 v\u0259ziyy\u0259td\u0259 olard\u0131\u2026<\/p>\n","protected":false},"excerpt":{"rendered":"<p>&#8220;S\u00fcvey\u015f m\u00fcharib\u0259si h\u0259d\u0259fl\u0259rin\u0259 \u00e7atsayd\u0131, Yax\u0131n \u015e\u0259rq daha yax\u015f\u0131 v\u0259ziyy\u0259td\u0259 olard\u0131\u2026&#8221; &#8230; <\/p>\n<p class=\"read-more-container\"><a title=\"S\u00fcvey\u015f b\u00f6hran\u0131: h\u0259rbi \u0259m\u0259liyyatlar v\u0259 n\u0259tic\u0259l\u0259ri\" class=\"read-more button\" href=\"https:\/\/www.meydan.tv\/az\/article\/suveys-bohrani-herbi-emeliyyatlar-ve-neticeleri\/#more-242129\" aria-label=\"Read more about S\u00fcvey\u015f b\u00f6hran\u0131: h\u0259rbi \u0259m\u0259liyyatlar v\u0259 n\u0259tic\u0259l\u0259ri\">Davam\u0131<\/a><\/p>\n","protected":false},"author":8,"featured_media":119327,"comment_status":"closed","ping_status":"closed","sticky":false,"template":"","format":"standard","meta":{"_acf_changed":false,"_sitemap_exclude":false,"_sitemap_priority":"","_sitemap_frequency":"","footnotes":""},"categories":[57],"tags":[],"class_list":["post-242129","post","type-post","status-publish","format-standard","has-post-thumbnail","hentry","category-menim-fikrimce","infinite-scroll-item","generate-columns","tablet-grid-50","mobile-grid-100","grid-parent","grid-33","no-featured-image-padding"],"acf":[],"yoast_head":"<!-- This site is optimized with the Yoast SEO plugin v27.4 - https:\/\/yoast.com\/product\/yoast-seo-wordpress\/ -->\n<title>S\u00fcvey\u015f b\u00f6hran\u0131: h\u0259rbi \u0259m\u0259liyyatlar v\u0259 n\u0259tic\u0259l\u0259ri - MEYDAN.TV<\/title>\n<meta name=\"robots\" content=\"index, follow, max-snippet:-1, max-image-preview:large, max-video-preview:-1\" \/>\n<link rel=\"canonical\" href=\"https:\/\/www.meydan.tv\/az\/article\/suveys-bohrani-herbi-emeliyyatlar-ve-neticeleri\/\" \/>\n<meta property=\"og:locale\" content=\"az_AZ\" \/>\n<meta property=\"og:type\" content=\"article\" \/>\n<meta property=\"og:title\" content=\"S\u00fcvey\u015f b\u00f6hran\u0131: h\u0259rbi \u0259m\u0259liyyatlar v\u0259 n\u0259tic\u0259l\u0259ri - MEYDAN.TV\" \/>\n<meta property=\"og:description\" content=\"&#8220;S\u00fcvey\u015f m\u00fcharib\u0259si h\u0259d\u0259fl\u0259rin\u0259 \u00e7atsayd\u0131, Yax\u0131n \u015e\u0259rq daha yax\u015f\u0131 v\u0259ziyy\u0259td\u0259 olard\u0131\u2026&#8221; ... Davam\u0131\" \/>\n<meta property=\"og:url\" content=\"https:\/\/www.meydan.tv\/az\/article\/suveys-bohrani-herbi-emeliyyatlar-ve-neticeleri\/\" \/>\n<meta property=\"og:site_name\" content=\"MEYDAN.TV\" \/>\n<meta property=\"article:published_time\" content=\"2022-04-18T09:28:40+00:00\" \/>\n<meta property=\"article:modified_time\" content=\"2022-04-18T09:28:42+00:00\" \/>\n<meta property=\"og:image\" content=\"https:\/\/www.meydan.tv\/wp-content\/uploads\/3cb67e7d-b10f-4c21-a950-7ff09b6b8f8f-scaled.jpeg\" \/>\n\t<meta property=\"og:image:width\" content=\"2560\" \/>\n\t<meta property=\"og:image:height\" content=\"1440\" \/>\n\t<meta property=\"og:image:type\" content=\"image\/jpeg\" \/>\n<meta name=\"author\" content=\"elli\" \/>\n<meta name=\"twitter:card\" content=\"summary_large_image\" \/>\n<meta name=\"twitter:creator\" content=\"@elli\" \/>\n<script type=\"application\/ld+json\" class=\"yoast-schema-graph\">{\"@context\":\"https:\\\/\\\/schema.org\",\"@graph\":[{\"@type\":\"Article\",\"@id\":\"https:\\\/\\\/www.meydan.tv\\\/az\\\/article\\\/suveys-bohrani-herbi-emeliyyatlar-ve-neticeleri\\\/#article\",\"isPartOf\":{\"@id\":\"https:\\\/\\\/www.meydan.tv\\\/az\\\/article\\\/suveys-bohrani-herbi-emeliyyatlar-ve-neticeleri\\\/\"},\"author\":{\"name\":\"elli\",\"@id\":\"https:\\\/\\\/www.meydan.tv\\\/az\\\/#\\\/schema\\\/person\\\/9cdbecf90d17180ce1dfbd95b08dcf47\"},\"headline\":\"S\u00fcvey\u015f b\u00f6hran\u0131: h\u0259rbi \u0259m\u0259liyyatlar v\u0259 n\u0259tic\u0259l\u0259ri\",\"datePublished\":\"2022-04-18T09:28:40+00:00\",\"dateModified\":\"2022-04-18T09:28:42+00:00\",\"mainEntityOfPage\":{\"@id\":\"https:\\\/\\\/www.meydan.tv\\\/az\\\/article\\\/suveys-bohrani-herbi-emeliyyatlar-ve-neticeleri\\\/\"},\"wordCount\":2928,\"publisher\":{\"@id\":\"https:\\\/\\\/www.meydan.tv\\\/az\\\/#organization\"},\"image\":{\"@id\":\"https:\\\/\\\/www.meydan.tv\\\/az\\\/article\\\/suveys-bohrani-herbi-emeliyyatlar-ve-neticeleri\\\/#primaryimage\"},\"thumbnailUrl\":\"https:\\\/\\\/www.meydan.tv\\\/wp-content\\\/uploads\\\/3cb67e7d-b10f-4c21-a950-7ff09b6b8f8f-scaled-e1684405162756.jpeg\",\"articleSection\":[\"M\u0259nim Fikrimc\u0259\"],\"inLanguage\":\"az\"},{\"@type\":\"WebPage\",\"@id\":\"https:\\\/\\\/www.meydan.tv\\\/az\\\/article\\\/suveys-bohrani-herbi-emeliyyatlar-ve-neticeleri\\\/\",\"url\":\"https:\\\/\\\/www.meydan.tv\\\/az\\\/article\\\/suveys-bohrani-herbi-emeliyyatlar-ve-neticeleri\\\/\",\"name\":\"S\u00fcvey\u015f b\u00f6hran\u0131: h\u0259rbi \u0259m\u0259liyyatlar v\u0259 n\u0259tic\u0259l\u0259ri - MEYDAN.TV\",\"isPartOf\":{\"@id\":\"https:\\\/\\\/www.meydan.tv\\\/az\\\/#website\"},\"primaryImageOfPage\":{\"@id\":\"https:\\\/\\\/www.meydan.tv\\\/az\\\/article\\\/suveys-bohrani-herbi-emeliyyatlar-ve-neticeleri\\\/#primaryimage\"},\"image\":{\"@id\":\"https:\\\/\\\/www.meydan.tv\\\/az\\\/article\\\/suveys-bohrani-herbi-emeliyyatlar-ve-neticeleri\\\/#primaryimage\"},\"thumbnailUrl\":\"https:\\\/\\\/www.meydan.tv\\\/wp-content\\\/uploads\\\/3cb67e7d-b10f-4c21-a950-7ff09b6b8f8f-scaled-e1684405162756.jpeg\",\"datePublished\":\"2022-04-18T09:28:40+00:00\",\"dateModified\":\"2022-04-18T09:28:42+00:00\",\"breadcrumb\":{\"@id\":\"https:\\\/\\\/www.meydan.tv\\\/az\\\/article\\\/suveys-bohrani-herbi-emeliyyatlar-ve-neticeleri\\\/#breadcrumb\"},\"inLanguage\":\"az\",\"potentialAction\":[{\"@type\":\"ReadAction\",\"target\":[\"https:\\\/\\\/www.meydan.tv\\\/az\\\/article\\\/suveys-bohrani-herbi-emeliyyatlar-ve-neticeleri\\\/\"]}]},{\"@type\":\"ImageObject\",\"inLanguage\":\"az\",\"@id\":\"https:\\\/\\\/www.meydan.tv\\\/az\\\/article\\\/suveys-bohrani-herbi-emeliyyatlar-ve-neticeleri\\\/#primaryimage\",\"url\":\"https:\\\/\\\/www.meydan.tv\\\/wp-content\\\/uploads\\\/3cb67e7d-b10f-4c21-a950-7ff09b6b8f8f-scaled-e1684405162756.jpeg\",\"contentUrl\":\"https:\\\/\\\/www.meydan.tv\\\/wp-content\\\/uploads\\\/3cb67e7d-b10f-4c21-a950-7ff09b6b8f8f-scaled-e1684405162756.jpeg\",\"width\":2560,\"height\":1203,\"caption\":\"Foto: Meydan Tv\"},{\"@type\":\"BreadcrumbList\",\"@id\":\"https:\\\/\\\/www.meydan.tv\\\/az\\\/article\\\/suveys-bohrani-herbi-emeliyyatlar-ve-neticeleri\\\/#breadcrumb\",\"itemListElement\":[{\"@type\":\"ListItem\",\"position\":1,\"name\":\"Ana s\u0259hif\u0259\",\"item\":\"https:\\\/\\\/www.meydan.tv\\\/az\\\/\"},{\"@type\":\"ListItem\",\"position\":2,\"name\":\"M\u0259nim Fikrimc\u0259\",\"item\":\"https:\\\/\\\/www.meydan.tv\\\/az\\\/section\\\/menim-fikrimce\\\/\"},{\"@type\":\"ListItem\",\"position\":3,\"name\":\"S\u00fcvey\u015f b\u00f6hran\u0131: h\u0259rbi \u0259m\u0259liyyatlar v\u0259 n\u0259tic\u0259l\u0259ri\"}]},{\"@type\":\"WebSite\",\"@id\":\"https:\\\/\\\/www.meydan.tv\\\/az\\\/#website\",\"url\":\"https:\\\/\\\/www.meydan.tv\\\/az\\\/\",\"name\":\"MEYDAN.TV\",\"description\":\"Meydan TV Az\u0259rbaycan\u0131n media m\u0259kan\u0131ndak\u0131 alternativ s\u0259sidir\",\"publisher\":{\"@id\":\"https:\\\/\\\/www.meydan.tv\\\/az\\\/#organization\"},\"potentialAction\":[{\"@type\":\"SearchAction\",\"target\":{\"@type\":\"EntryPoint\",\"urlTemplate\":\"https:\\\/\\\/www.meydan.tv\\\/az\\\/?s={search_term_string}\"},\"query-input\":{\"@type\":\"PropertyValueSpecification\",\"valueRequired\":true,\"valueName\":\"search_term_string\"}}],\"inLanguage\":\"az\"},{\"@type\":\"Organization\",\"@id\":\"https:\\\/\\\/www.meydan.tv\\\/az\\\/#organization\",\"name\":\"Meydan TV\",\"url\":\"https:\\\/\\\/www.meydan.tv\\\/az\\\/\",\"logo\":{\"@type\":\"ImageObject\",\"inLanguage\":\"az\",\"@id\":\"https:\\\/\\\/www.meydan.tv\\\/az\\\/#\\\/schema\\\/logo\\\/image\\\/\",\"url\":\"https:\\\/\\\/www.meydan.tv\\\/wp-content\\\/uploads\\\/2021\\\/07\\\/meydan-logo.svg\",\"contentUrl\":\"https:\\\/\\\/www.meydan.tv\\\/wp-content\\\/uploads\\\/2021\\\/07\\\/meydan-logo.svg\",\"width\":195,\"height\":46,\"caption\":\"Meydan TV\"},\"image\":{\"@id\":\"https:\\\/\\\/www.meydan.tv\\\/az\\\/#\\\/schema\\\/logo\\\/image\\\/\"}},{\"@type\":\"Person\",\"@id\":\"https:\\\/\\\/www.meydan.tv\\\/az\\\/#\\\/schema\\\/person\\\/9cdbecf90d17180ce1dfbd95b08dcf47\",\"name\":\"elli\",\"sameAs\":[\"https:\\\/\\\/x.com\\\/elli\"]}]}<\/script>\n<!-- \/ Yoast SEO plugin. -->","yoast_head_json":{"title":"S\u00fcvey\u015f b\u00f6hran\u0131: h\u0259rbi \u0259m\u0259liyyatlar v\u0259 n\u0259tic\u0259l\u0259ri - MEYDAN.TV","robots":{"index":"index","follow":"follow","max-snippet":"max-snippet:-1","max-image-preview":"max-image-preview:large","max-video-preview":"max-video-preview:-1"},"canonical":"https:\/\/www.meydan.tv\/az\/article\/suveys-bohrani-herbi-emeliyyatlar-ve-neticeleri\/","og_locale":"az_AZ","og_type":"article","og_title":"S\u00fcvey\u015f b\u00f6hran\u0131: h\u0259rbi \u0259m\u0259liyyatlar v\u0259 n\u0259tic\u0259l\u0259ri - MEYDAN.TV","og_description":"&#8220;S\u00fcvey\u015f m\u00fcharib\u0259si h\u0259d\u0259fl\u0259rin\u0259 \u00e7atsayd\u0131, Yax\u0131n \u015e\u0259rq daha yax\u015f\u0131 v\u0259ziyy\u0259td\u0259 olard\u0131\u2026&#8221; ... Davam\u0131","og_url":"https:\/\/www.meydan.tv\/az\/article\/suveys-bohrani-herbi-emeliyyatlar-ve-neticeleri\/","og_site_name":"MEYDAN.TV","article_published_time":"2022-04-18T09:28:40+00:00","article_modified_time":"2022-04-18T09:28:42+00:00","og_image":[{"width":2560,"height":1440,"url":"https:\/\/www.meydan.tv\/wp-content\/uploads\/3cb67e7d-b10f-4c21-a950-7ff09b6b8f8f-scaled.jpeg","type":"image\/jpeg"}],"author":"elli","twitter_card":"summary_large_image","twitter_creator":"@elli","schema":{"@context":"https:\/\/schema.org","@graph":[{"@type":"Article","@id":"https:\/\/www.meydan.tv\/az\/article\/suveys-bohrani-herbi-emeliyyatlar-ve-neticeleri\/#article","isPartOf":{"@id":"https:\/\/www.meydan.tv\/az\/article\/suveys-bohrani-herbi-emeliyyatlar-ve-neticeleri\/"},"author":{"name":"elli","@id":"https:\/\/www.meydan.tv\/az\/#\/schema\/person\/9cdbecf90d17180ce1dfbd95b08dcf47"},"headline":"S\u00fcvey\u015f b\u00f6hran\u0131: h\u0259rbi \u0259m\u0259liyyatlar v\u0259 n\u0259tic\u0259l\u0259ri","datePublished":"2022-04-18T09:28:40+00:00","dateModified":"2022-04-18T09:28:42+00:00","mainEntityOfPage":{"@id":"https:\/\/www.meydan.tv\/az\/article\/suveys-bohrani-herbi-emeliyyatlar-ve-neticeleri\/"},"wordCount":2928,"publisher":{"@id":"https:\/\/www.meydan.tv\/az\/#organization"},"image":{"@id":"https:\/\/www.meydan.tv\/az\/article\/suveys-bohrani-herbi-emeliyyatlar-ve-neticeleri\/#primaryimage"},"thumbnailUrl":"https:\/\/www.meydan.tv\/wp-content\/uploads\/3cb67e7d-b10f-4c21-a950-7ff09b6b8f8f-scaled-e1684405162756.jpeg","articleSection":["M\u0259nim Fikrimc\u0259"],"inLanguage":"az"},{"@type":"WebPage","@id":"https:\/\/www.meydan.tv\/az\/article\/suveys-bohrani-herbi-emeliyyatlar-ve-neticeleri\/","url":"https:\/\/www.meydan.tv\/az\/article\/suveys-bohrani-herbi-emeliyyatlar-ve-neticeleri\/","name":"S\u00fcvey\u015f b\u00f6hran\u0131: h\u0259rbi \u0259m\u0259liyyatlar v\u0259 n\u0259tic\u0259l\u0259ri - MEYDAN.TV","isPartOf":{"@id":"https:\/\/www.meydan.tv\/az\/#website"},"primaryImageOfPage":{"@id":"https:\/\/www.meydan.tv\/az\/article\/suveys-bohrani-herbi-emeliyyatlar-ve-neticeleri\/#primaryimage"},"image":{"@id":"https:\/\/www.meydan.tv\/az\/article\/suveys-bohrani-herbi-emeliyyatlar-ve-neticeleri\/#primaryimage"},"thumbnailUrl":"https:\/\/www.meydan.tv\/wp-content\/uploads\/3cb67e7d-b10f-4c21-a950-7ff09b6b8f8f-scaled-e1684405162756.jpeg","datePublished":"2022-04-18T09:28:40+00:00","dateModified":"2022-04-18T09:28:42+00:00","breadcrumb":{"@id":"https:\/\/www.meydan.tv\/az\/article\/suveys-bohrani-herbi-emeliyyatlar-ve-neticeleri\/#breadcrumb"},"inLanguage":"az","potentialAction":[{"@type":"ReadAction","target":["https:\/\/www.meydan.tv\/az\/article\/suveys-bohrani-herbi-emeliyyatlar-ve-neticeleri\/"]}]},{"@type":"ImageObject","inLanguage":"az","@id":"https:\/\/www.meydan.tv\/az\/article\/suveys-bohrani-herbi-emeliyyatlar-ve-neticeleri\/#primaryimage","url":"https:\/\/www.meydan.tv\/wp-content\/uploads\/3cb67e7d-b10f-4c21-a950-7ff09b6b8f8f-scaled-e1684405162756.jpeg","contentUrl":"https:\/\/www.meydan.tv\/wp-content\/uploads\/3cb67e7d-b10f-4c21-a950-7ff09b6b8f8f-scaled-e1684405162756.jpeg","width":2560,"height":1203,"caption":"Foto: Meydan Tv"},{"@type":"BreadcrumbList","@id":"https:\/\/www.meydan.tv\/az\/article\/suveys-bohrani-herbi-emeliyyatlar-ve-neticeleri\/#breadcrumb","itemListElement":[{"@type":"ListItem","position":1,"name":"Ana s\u0259hif\u0259","item":"https:\/\/www.meydan.tv\/az\/"},{"@type":"ListItem","position":2,"name":"M\u0259nim Fikrimc\u0259","item":"https:\/\/www.meydan.tv\/az\/section\/menim-fikrimce\/"},{"@type":"ListItem","position":3,"name":"S\u00fcvey\u015f b\u00f6hran\u0131: h\u0259rbi \u0259m\u0259liyyatlar v\u0259 n\u0259tic\u0259l\u0259ri"}]},{"@type":"WebSite","@id":"https:\/\/www.meydan.tv\/az\/#website","url":"https:\/\/www.meydan.tv\/az\/","name":"MEYDAN.TV","description":"Meydan TV Az\u0259rbaycan\u0131n media m\u0259kan\u0131ndak\u0131 alternativ s\u0259sidir","publisher":{"@id":"https:\/\/www.meydan.tv\/az\/#organization"},"potentialAction":[{"@type":"SearchAction","target":{"@type":"EntryPoint","urlTemplate":"https:\/\/www.meydan.tv\/az\/?s={search_term_string}"},"query-input":{"@type":"PropertyValueSpecification","valueRequired":true,"valueName":"search_term_string"}}],"inLanguage":"az"},{"@type":"Organization","@id":"https:\/\/www.meydan.tv\/az\/#organization","name":"Meydan TV","url":"https:\/\/www.meydan.tv\/az\/","logo":{"@type":"ImageObject","inLanguage":"az","@id":"https:\/\/www.meydan.tv\/az\/#\/schema\/logo\/image\/","url":"https:\/\/www.meydan.tv\/wp-content\/uploads\/2021\/07\/meydan-logo.svg","contentUrl":"https:\/\/www.meydan.tv\/wp-content\/uploads\/2021\/07\/meydan-logo.svg","width":195,"height":46,"caption":"Meydan TV"},"image":{"@id":"https:\/\/www.meydan.tv\/az\/#\/schema\/logo\/image\/"}},{"@type":"Person","@id":"https:\/\/www.meydan.tv\/az\/#\/schema\/person\/9cdbecf90d17180ce1dfbd95b08dcf47","name":"elli","sameAs":["https:\/\/x.com\/elli"]}]}},"_links":{"self":[{"href":"https:\/\/www.meydan.tv\/az\/wp-json\/wp\/v2\/posts\/242129","targetHints":{"allow":["GET"]}}],"collection":[{"href":"https:\/\/www.meydan.tv\/az\/wp-json\/wp\/v2\/posts"}],"about":[{"href":"https:\/\/www.meydan.tv\/az\/wp-json\/wp\/v2\/types\/post"}],"author":[{"embeddable":true,"href":"https:\/\/www.meydan.tv\/az\/wp-json\/wp\/v2\/users\/8"}],"replies":[{"embeddable":true,"href":"https:\/\/www.meydan.tv\/az\/wp-json\/wp\/v2\/comments?post=242129"}],"version-history":[{"count":1,"href":"https:\/\/www.meydan.tv\/az\/wp-json\/wp\/v2\/posts\/242129\/revisions"}],"predecessor-version":[{"id":242133,"href":"https:\/\/www.meydan.tv\/az\/wp-json\/wp\/v2\/posts\/242129\/revisions\/242133"}],"wp:featuredmedia":[{"embeddable":true,"href":"https:\/\/www.meydan.tv\/az\/wp-json\/wp\/v2\/media\/119327"}],"wp:attachment":[{"href":"https:\/\/www.meydan.tv\/az\/wp-json\/wp\/v2\/media?parent=242129"}],"wp:term":[{"taxonomy":"category","embeddable":true,"href":"https:\/\/www.meydan.tv\/az\/wp-json\/wp\/v2\/categories?post=242129"},{"taxonomy":"post_tag","embeddable":true,"href":"https:\/\/www.meydan.tv\/az\/wp-json\/wp\/v2\/tags?post=242129"}],"curies":[{"name":"wp","href":"https:\/\/api.w.org\/{rel}","templated":true}]}}