{"id":242097,"date":"2022-04-18T11:51:44","date_gmt":"2022-04-18T07:51:44","guid":{"rendered":"https:\/\/www.meydan.tv\/?p=242097"},"modified":"2022-04-18T11:51:45","modified_gmt":"2022-04-18T07:51:45","slug":"rusiyanin-qarabag-umidi","status":"publish","type":"post","link":"https:\/\/www.meydan.tv\/az\/article\/rusiyanin-qarabag-umidi\/","title":{"rendered":"Rusiyan\u0131n \u201cQaraba\u011f\u201d \u00fcmidi"},"content":{"rendered":"\n<p><\/p>\n\n\n\n<p><em>Kremli Qafqazdan kim nec\u0259 \u00e7\u0131xaracaq?<\/em><\/p>\n\n\n\n<p>Az\u0259rbaycan v\u0259 Erm\u0259nistan r\u0259hb\u0259rl\u0259rinin Br\u00fcsseld\u0259 g\u00f6r\u00fc\u015f\u00fc, h\u0259m\u00e7inin \u00f6lk\u0259l\u0259r aras\u0131nda davam ed\u0259n dan\u0131\u015f\u0131qlar prosesi yeni m\u0259rh\u0259l\u0259y\u0259 q\u0259d\u0259m qoyub. Az\u0259rbaycan s\u00fclh sazi\u015finin imzalanmas\u0131 \u00fc\u00e7\u00fcn Erm\u0259nistana be\u015f b\u0259ndd\u0259n ibar\u0259t \u015f\u0259rtl\u0259r ir\u0259li s\u00fcr\u00fcb. R\u0259smi \u0130r\u0259van is\u0259 bu \u015f\u0259rtl\u0259rin q\u0259buledil\u0259n oldu\u011funu deyib.<\/p>\n\n\n\n<p>\u015e\u0259rtl\u0259r a\u015fa\u011f\u0131dak\u0131lard\u0131r:<\/p>\n\n\n\n<ol class=\"wp-block-list\"><li><em>Az\u0259rbaycan\u0131n \u0259razi b\u00fct\u00f6vl\u00fcy\u00fcn\u00fcn Erm\u0259nistan t\u0259r\u0259find\u0259n tan\u0131nmas\u0131, o c\u00fcml\u0259d\u0259n Qaraba\u011fa h\u0259r hans\u0131 iddiadan imtina edilm\u0259si;<\/em><\/li><li><em>Erm\u0259nistan qo\u015funlar\u0131n\u0131n anklavlardan \u00e7\u0131xar\u0131lmas\u0131; (K\u0259rki v\u0259 Qazax\u0131n 5 k\u0259ndi n\u0259z\u0259rd\u0259 tutulur)<\/em><\/li><li><em>Erm\u0259nistan-Az\u0259rbaycan s\u0259rh\u0259dinin demarkasiyas\u0131n\u0131n 1970-ci il Sovet x\u0259rit\u0259si \u0259sas\u0131nda apar\u0131lmas\u0131;<\/em><\/li><li><em>\u201cZ\u0259ng\u0259zur d\u0259hlizi\u201dn\u0259 x\u00fcsusi statusun verilm\u0259si d\u0259 daxil olmaqla, n\u0259qliyyat \u0259laq\u0259l\u0259rinin blokdan \u00e7\u0131xar\u0131lmas\u0131;<\/em><\/li><li><em>Az\u0259rbaycanl\u0131 qa\u00e7q\u0131nlar\u0131n Erm\u0259nistana qay\u0131tmas\u0131 v\u0259 ya onlara d\u0259y\u0259n maddi ziyan\u0131n \u00f6d\u0259nilm\u0259si imkanlar\u0131n\u0131n m\u00fczakir\u0259 edilm\u0259si.<\/em><\/li><\/ol>\n\n\n\n<p>Erm\u0259nistan\u0131n Ba\u015f naziri Nikol Pa\u015finyan deyib ki, erm\u0259ni xalq\u0131n\u0131 qurbanl\u0131q olmaqdan xilas etm\u0259k laz\u0131md\u0131r. Bu, onun Rusiya v\u0259 disporan\u0131 h\u0259d\u0259f\u0259 ald\u0131\u011f\u0131 nitqind\u0259n a\u00e7\u0131q sezilib. \u00c7\u00fcnki m\u0259hz diaspora \u201cb\u00f6y\u00fck Erm\u0259nistan\u201d ideyas\u0131n\u0131 qabartmaqla, Rusiya is\u0259 bu z\u0259if m\u0259qamdan istifad\u0259 etm\u0259kl\u0259 Erm\u0259nistan\u0131 v\u0259 Qaraba\u011fda ya\u015fayan azsayl\u0131 erm\u0259nil\u0259ri al\u0259t\u0259 \u00e7evirm\u0259y\u0259 \u00e7al\u0131\u015f\u0131r. Pa\u015finyan is\u0259 a\u00e7\u0131q \u015f\u0259kild\u0259 bu siyas\u0259t\u0259 qar\u015f\u0131 \u00e7\u0131x\u0131r, T\u00fcrkiy\u0259 v\u0259 Az\u0259rbaycanla m\u00fcnasib\u0259tl\u0259rin yax\u015f\u0131la\u015f\u0131d\u0131r\u0131lmas\u0131ndan dan\u0131\u015f\u0131r. \u015e\u00fcbh\u0259siz ki, Az\u0259rbaycan\u0131n \u015f\u0259rtl\u0259ri son d\u0259r\u0259c\u0259 konstruktivdir v\u0259 bundan imtina etm\u0259k Erm\u0259nistan\u0131n c\u0131\u011fal oldu\u011funu s\u00fcbut ed\u0259rdi. Bununla bel\u0259, Pa\u015finyan\u0131n \u00f6z\u00fcnd\u0259 g\u00fcc tap\u0131b, bu m\u00f6vqed\u0259n \u00e7\u0131x\u0131\u015f etm\u0259si d\u0259 t\u0259qdir\u0259layiqdir.<\/p>\n\n\n\n<p><strong>&#8220;Minsk format\u0131&#8221; getdi, yeni n\u00fcmay\u0259nd\u0259 g\u0259ldi<\/strong><\/p>\n\n\n\n<p>Br\u00fcssel g\u00f6r\u00fc\u015f\u00fcnd\u0259n d\u0259rhal sonra Rusiyan\u0131n xarici i\u015fl\u0259r naziri erm\u0259nistanl\u0131 h\u0259mkar\u0131 il\u0259 birg\u0259 Fransa v\u0259 AB\u015e-\u0131 erm\u0259ni xalq\u0131n\u0131n maraqlar\u0131n\u0131 qurban verm\u0259kd\u0259 ittiham etdi. Bu, h\u0259m d\u0259 o dem\u0259kdir ki, Rusiya b\u00f6lg\u0259d\u0259 t\u0259r\u0259fsiz olmad\u0131\u011f\u0131n\u0131 ortaya qoydu. Amma g\u00fcman etm\u0259k olar ki, Kremlin ba\u015f diplomat\u0131 erm\u0259nil\u0259ri daha \u00e7ox sevdiyi \u00fc\u00e7\u00fcn deyil, m\u0259\u011flub erm\u0259nil\u0259rin d\u00fcnyadan daha \u00e7ox naraz\u0131 oldu\u011funu bildiyi \u00fc\u00e7\u00fcn onlar\u0131n h\u0259ssas yerl\u0259rin\u0259 toxunur. \u018fksin\u0259, o erm\u0259nil\u0259ri \u00e7ox sevs\u0259ydi, onlar \u00fc\u00e7\u00fcn s\u00fclh arzulayar v\u0259 he\u00e7 zaman uda bilm\u0259y\u0259c\u0259kl\u0259ri bir sava\u015fa \u015firnikl\u0259\u015fdirm\u0259zdi.<\/p>\n\n\n\n<p>Lavrov deyir ki, AB\u015e v\u0259 Fransa onlarla i\u015fl\u0259m\u0259k ist\u0259m\u0259diyi \u00fc\u00e7\u00fcn \u201cMinsk Qrupu h\u0259ms\u0259drliyi\u201d institutu art\u0131q yoxdur. \u018fla, el\u0259 is\u0259 sonra nec\u0259 olacaq? G\u00f6r\u00fcn\u00fcr, Kreml \u0259l \u00e7\u0259km\u0259k ist\u0259mir. Burada maraq h\u0259m d\u0259 Az\u0259rbaycan v\u0259 Erm\u0259nistandak\u0131 rejiml\u0259r\u0259 t\u0259zyiq r\u0131\u00e7aq\u0131n\u0131 \u0259lind\u0259 saxlamaqd\u0131r. Bunun \u00fc\u00e7\u00fcn d\u0259 Rusiya Prezidenti Az\u0259rbaycan v\u0259 Erm\u0259nistan aras\u0131ndak\u0131 m\u00fcnasib\u0259tl\u0259ri nizamlamaq \u00fc\u00e7\u00fcn yeni n\u00fcmay\u0259nd\u0259 t\u0259yin edir. T\u0259xmin\u0259n, Minsk Qrupu h\u0259ms\u0259drinin i\u015fini g\u00f6r\u0259c\u0259k yeni adam. Y\u0259ni \u201c\u2026 motal \u0259l \u00e7\u0259km\u0259y\u0259c\u0259k\u201d.<\/p>\n\n\n\n<p><strong>N\u0259 etm\u0259li?<\/strong><\/p>\n\n\n\n<p>G\u00f6r\u00fcn\u0259n odur ki, Kreml Qafqaza son \u015fans\u0131 kimi bax\u0131r. Avropadan tam s\u0131x\u0131\u015fd\u0131r\u0131laca\u011f\u0131 t\u0259qdird\u0259 Qafqazda bir \u015fans\u0131n\u0131n qalmas\u0131na \u00fcmid edir. Bu zaman is\u0259 \u201cQaraba\u011f\u201d m\u00fcnaqi\u015f\u0259sini diri saxlamaq \u0259n yax\u015f\u0131 \u00fcsul ola bil\u0259r. T\u0259bii ki, Putin d\u00fczg\u00fcn hesablama aparm\u0131r. Onun \u00fc\u00e7\u00fcn hesablamaq, \u0259lb\u0259tt\u0259, \u00e7\u0259tindir ki, 44 g\u00fcnl\u00fck sava\u015f \u0259slind\u0259 onu Qafqazdan tam \u00e7\u0131xarma\u011f\u0131n ba\u015flan\u011f\u0131c\u0131 kimi d\u00fc\u015f\u00fcn\u00fclm\u00fc\u015fd\u00fc, amma hans\u0131sa \u201cfors-major\u201d buna mane oldu. Bu d\u0259f\u0259 is\u0259 bel\u0259 \u201cfors-major\u201dlar\u0131 yaradanlar\u0131n \u0259vv\u0259lki f\u00fcrs\u0259tl\u0259ri olmayacaq.<\/p>\n","protected":false},"excerpt":{"rendered":"<p>Kremli Qafqazdan kim nec\u0259 \u00e7\u0131xaracaq? Az\u0259rbaycan v\u0259 Erm\u0259nistan r\u0259hb\u0259rl\u0259rinin Br\u00fcsseld\u0259 &#8230; <\/p>\n<p class=\"read-more-container\"><a title=\"Rusiyan\u0131n \u201cQaraba\u011f\u201d \u00fcmidi\" class=\"read-more button\" href=\"https:\/\/www.meydan.tv\/az\/article\/rusiyanin-qarabag-umidi\/#more-242097\" aria-label=\"Read more about Rusiyan\u0131n \u201cQaraba\u011f\u201d \u00fcmidi\">Davam\u0131<\/a><\/p>\n","protected":false},"author":8,"featured_media":129937,"comment_status":"closed","ping_status":"closed","sticky":false,"template":"","format":"standard","meta":{"_acf_changed":false,"_sitemap_exclude":false,"_sitemap_priority":"","_sitemap_frequency":"","footnotes":""},"categories":[57],"tags":[],"class_list":["post-242097","post","type-post","status-publish","format-standard","has-post-thumbnail","hentry","category-menim-fikrimce","infinite-scroll-item","generate-columns","tablet-grid-50","mobile-grid-100","grid-parent","grid-33","no-featured-image-padding"],"acf":[],"yoast_head":"<!-- This site is optimized with the Yoast SEO plugin v27.4 - https:\/\/yoast.com\/product\/yoast-seo-wordpress\/ -->\n<title>Rusiyan\u0131n \u201cQaraba\u011f\u201d \u00fcmidi - MEYDAN.TV<\/title>\n<meta name=\"robots\" content=\"index, follow, max-snippet:-1, max-image-preview:large, max-video-preview:-1\" \/>\n<link rel=\"canonical\" href=\"https:\/\/www.meydan.tv\/az\/article\/rusiyanin-qarabag-umidi\/\" \/>\n<meta property=\"og:locale\" content=\"az_AZ\" \/>\n<meta property=\"og:type\" content=\"article\" \/>\n<meta property=\"og:title\" content=\"Rusiyan\u0131n \u201cQaraba\u011f\u201d \u00fcmidi - MEYDAN.TV\" \/>\n<meta property=\"og:description\" content=\"Kremli Qafqazdan kim nec\u0259 \u00e7\u0131xaracaq? Az\u0259rbaycan v\u0259 Erm\u0259nistan r\u0259hb\u0259rl\u0259rinin Br\u00fcsseld\u0259 ... Davam\u0131\" \/>\n<meta property=\"og:url\" content=\"https:\/\/www.meydan.tv\/az\/article\/rusiyanin-qarabag-umidi\/\" \/>\n<meta property=\"og:site_name\" content=\"MEYDAN.TV\" \/>\n<meta property=\"article:published_time\" content=\"2022-04-18T07:51:44+00:00\" \/>\n<meta property=\"article:modified_time\" content=\"2022-04-18T07:51:45+00:00\" \/>\n<meta property=\"og:image\" content=\"https:\/\/www.meydan.tv\/wp-content\/uploads\/untitled_artwork_5iccn6j-scaled.jpg\" \/>\n\t<meta property=\"og:image:width\" content=\"2560\" \/>\n\t<meta property=\"og:image:height\" content=\"1440\" \/>\n\t<meta property=\"og:image:type\" content=\"image\/jpeg\" \/>\n<meta name=\"author\" content=\"elli\" \/>\n<meta name=\"twitter:card\" content=\"summary_large_image\" \/>\n<meta name=\"twitter:creator\" content=\"@elli\" \/>\n<script type=\"application\/ld+json\" class=\"yoast-schema-graph\">{\"@context\":\"https:\\\/\\\/schema.org\",\"@graph\":[{\"@type\":\"Article\",\"@id\":\"https:\\\/\\\/www.meydan.tv\\\/az\\\/article\\\/rusiyanin-qarabag-umidi\\\/#article\",\"isPartOf\":{\"@id\":\"https:\\\/\\\/www.meydan.tv\\\/az\\\/article\\\/rusiyanin-qarabag-umidi\\\/\"},\"author\":{\"name\":\"elli\",\"@id\":\"https:\\\/\\\/www.meydan.tv\\\/az\\\/#\\\/schema\\\/person\\\/9cdbecf90d17180ce1dfbd95b08dcf47\"},\"headline\":\"Rusiyan\u0131n \u201cQaraba\u011f\u201d \u00fcmidi\",\"datePublished\":\"2022-04-18T07:51:44+00:00\",\"dateModified\":\"2022-04-18T07:51:45+00:00\",\"mainEntityOfPage\":{\"@id\":\"https:\\\/\\\/www.meydan.tv\\\/az\\\/article\\\/rusiyanin-qarabag-umidi\\\/\"},\"wordCount\":716,\"publisher\":{\"@id\":\"https:\\\/\\\/www.meydan.tv\\\/az\\\/#organization\"},\"image\":{\"@id\":\"https:\\\/\\\/www.meydan.tv\\\/az\\\/article\\\/rusiyanin-qarabag-umidi\\\/#primaryimage\"},\"thumbnailUrl\":\"https:\\\/\\\/www.meydan.tv\\\/wp-content\\\/uploads\\\/untitled_artwork_5iccn6j-scaled.jpg\",\"articleSection\":[\"M\u0259nim Fikrimc\u0259\"],\"inLanguage\":\"az\"},{\"@type\":\"WebPage\",\"@id\":\"https:\\\/\\\/www.meydan.tv\\\/az\\\/article\\\/rusiyanin-qarabag-umidi\\\/\",\"url\":\"https:\\\/\\\/www.meydan.tv\\\/az\\\/article\\\/rusiyanin-qarabag-umidi\\\/\",\"name\":\"Rusiyan\u0131n \u201cQaraba\u011f\u201d \u00fcmidi - MEYDAN.TV\",\"isPartOf\":{\"@id\":\"https:\\\/\\\/www.meydan.tv\\\/az\\\/#website\"},\"primaryImageOfPage\":{\"@id\":\"https:\\\/\\\/www.meydan.tv\\\/az\\\/article\\\/rusiyanin-qarabag-umidi\\\/#primaryimage\"},\"image\":{\"@id\":\"https:\\\/\\\/www.meydan.tv\\\/az\\\/article\\\/rusiyanin-qarabag-umidi\\\/#primaryimage\"},\"thumbnailUrl\":\"https:\\\/\\\/www.meydan.tv\\\/wp-content\\\/uploads\\\/untitled_artwork_5iccn6j-scaled.jpg\",\"datePublished\":\"2022-04-18T07:51:44+00:00\",\"dateModified\":\"2022-04-18T07:51:45+00:00\",\"breadcrumb\":{\"@id\":\"https:\\\/\\\/www.meydan.tv\\\/az\\\/article\\\/rusiyanin-qarabag-umidi\\\/#breadcrumb\"},\"inLanguage\":\"az\",\"potentialAction\":[{\"@type\":\"ReadAction\",\"target\":[\"https:\\\/\\\/www.meydan.tv\\\/az\\\/article\\\/rusiyanin-qarabag-umidi\\\/\"]}]},{\"@type\":\"ImageObject\",\"inLanguage\":\"az\",\"@id\":\"https:\\\/\\\/www.meydan.tv\\\/az\\\/article\\\/rusiyanin-qarabag-umidi\\\/#primaryimage\",\"url\":\"https:\\\/\\\/www.meydan.tv\\\/wp-content\\\/uploads\\\/untitled_artwork_5iccn6j-scaled.jpg\",\"contentUrl\":\"https:\\\/\\\/www.meydan.tv\\\/wp-content\\\/uploads\\\/untitled_artwork_5iccn6j-scaled.jpg\",\"width\":2560,\"height\":1440,\"caption\":\"Seymur H\u0259zi, Foto:: Meydan TV\"},{\"@type\":\"BreadcrumbList\",\"@id\":\"https:\\\/\\\/www.meydan.tv\\\/az\\\/article\\\/rusiyanin-qarabag-umidi\\\/#breadcrumb\",\"itemListElement\":[{\"@type\":\"ListItem\",\"position\":1,\"name\":\"Ana s\u0259hif\u0259\",\"item\":\"https:\\\/\\\/www.meydan.tv\\\/az\\\/\"},{\"@type\":\"ListItem\",\"position\":2,\"name\":\"M\u0259nim Fikrimc\u0259\",\"item\":\"https:\\\/\\\/www.meydan.tv\\\/az\\\/section\\\/menim-fikrimce\\\/\"},{\"@type\":\"ListItem\",\"position\":3,\"name\":\"Rusiyan\u0131n \u201cQaraba\u011f\u201d \u00fcmidi\"}]},{\"@type\":\"WebSite\",\"@id\":\"https:\\\/\\\/www.meydan.tv\\\/az\\\/#website\",\"url\":\"https:\\\/\\\/www.meydan.tv\\\/az\\\/\",\"name\":\"MEYDAN.TV\",\"description\":\"Meydan TV Az\u0259rbaycan\u0131n media m\u0259kan\u0131ndak\u0131 alternativ s\u0259sidir\",\"publisher\":{\"@id\":\"https:\\\/\\\/www.meydan.tv\\\/az\\\/#organization\"},\"potentialAction\":[{\"@type\":\"SearchAction\",\"target\":{\"@type\":\"EntryPoint\",\"urlTemplate\":\"https:\\\/\\\/www.meydan.tv\\\/az\\\/?s={search_term_string}\"},\"query-input\":{\"@type\":\"PropertyValueSpecification\",\"valueRequired\":true,\"valueName\":\"search_term_string\"}}],\"inLanguage\":\"az\"},{\"@type\":\"Organization\",\"@id\":\"https:\\\/\\\/www.meydan.tv\\\/az\\\/#organization\",\"name\":\"Meydan TV\",\"url\":\"https:\\\/\\\/www.meydan.tv\\\/az\\\/\",\"logo\":{\"@type\":\"ImageObject\",\"inLanguage\":\"az\",\"@id\":\"https:\\\/\\\/www.meydan.tv\\\/az\\\/#\\\/schema\\\/logo\\\/image\\\/\",\"url\":\"https:\\\/\\\/www.meydan.tv\\\/wp-content\\\/uploads\\\/2021\\\/07\\\/meydan-logo.svg\",\"contentUrl\":\"https:\\\/\\\/www.meydan.tv\\\/wp-content\\\/uploads\\\/2021\\\/07\\\/meydan-logo.svg\",\"width\":195,\"height\":46,\"caption\":\"Meydan TV\"},\"image\":{\"@id\":\"https:\\\/\\\/www.meydan.tv\\\/az\\\/#\\\/schema\\\/logo\\\/image\\\/\"}},{\"@type\":\"Person\",\"@id\":\"https:\\\/\\\/www.meydan.tv\\\/az\\\/#\\\/schema\\\/person\\\/9cdbecf90d17180ce1dfbd95b08dcf47\",\"name\":\"elli\",\"sameAs\":[\"https:\\\/\\\/x.com\\\/elli\"]}]}<\/script>\n<!-- \/ Yoast SEO plugin. -->","yoast_head_json":{"title":"Rusiyan\u0131n \u201cQaraba\u011f\u201d \u00fcmidi - MEYDAN.TV","robots":{"index":"index","follow":"follow","max-snippet":"max-snippet:-1","max-image-preview":"max-image-preview:large","max-video-preview":"max-video-preview:-1"},"canonical":"https:\/\/www.meydan.tv\/az\/article\/rusiyanin-qarabag-umidi\/","og_locale":"az_AZ","og_type":"article","og_title":"Rusiyan\u0131n \u201cQaraba\u011f\u201d \u00fcmidi - MEYDAN.TV","og_description":"Kremli Qafqazdan kim nec\u0259 \u00e7\u0131xaracaq? Az\u0259rbaycan v\u0259 Erm\u0259nistan r\u0259hb\u0259rl\u0259rinin Br\u00fcsseld\u0259 ... Davam\u0131","og_url":"https:\/\/www.meydan.tv\/az\/article\/rusiyanin-qarabag-umidi\/","og_site_name":"MEYDAN.TV","article_published_time":"2022-04-18T07:51:44+00:00","article_modified_time":"2022-04-18T07:51:45+00:00","og_image":[{"width":2560,"height":1440,"url":"https:\/\/www.meydan.tv\/wp-content\/uploads\/untitled_artwork_5iccn6j-scaled.jpg","type":"image\/jpeg"}],"author":"elli","twitter_card":"summary_large_image","twitter_creator":"@elli","schema":{"@context":"https:\/\/schema.org","@graph":[{"@type":"Article","@id":"https:\/\/www.meydan.tv\/az\/article\/rusiyanin-qarabag-umidi\/#article","isPartOf":{"@id":"https:\/\/www.meydan.tv\/az\/article\/rusiyanin-qarabag-umidi\/"},"author":{"name":"elli","@id":"https:\/\/www.meydan.tv\/az\/#\/schema\/person\/9cdbecf90d17180ce1dfbd95b08dcf47"},"headline":"Rusiyan\u0131n \u201cQaraba\u011f\u201d \u00fcmidi","datePublished":"2022-04-18T07:51:44+00:00","dateModified":"2022-04-18T07:51:45+00:00","mainEntityOfPage":{"@id":"https:\/\/www.meydan.tv\/az\/article\/rusiyanin-qarabag-umidi\/"},"wordCount":716,"publisher":{"@id":"https:\/\/www.meydan.tv\/az\/#organization"},"image":{"@id":"https:\/\/www.meydan.tv\/az\/article\/rusiyanin-qarabag-umidi\/#primaryimage"},"thumbnailUrl":"https:\/\/www.meydan.tv\/wp-content\/uploads\/untitled_artwork_5iccn6j-scaled.jpg","articleSection":["M\u0259nim Fikrimc\u0259"],"inLanguage":"az"},{"@type":"WebPage","@id":"https:\/\/www.meydan.tv\/az\/article\/rusiyanin-qarabag-umidi\/","url":"https:\/\/www.meydan.tv\/az\/article\/rusiyanin-qarabag-umidi\/","name":"Rusiyan\u0131n \u201cQaraba\u011f\u201d \u00fcmidi - MEYDAN.TV","isPartOf":{"@id":"https:\/\/www.meydan.tv\/az\/#website"},"primaryImageOfPage":{"@id":"https:\/\/www.meydan.tv\/az\/article\/rusiyanin-qarabag-umidi\/#primaryimage"},"image":{"@id":"https:\/\/www.meydan.tv\/az\/article\/rusiyanin-qarabag-umidi\/#primaryimage"},"thumbnailUrl":"https:\/\/www.meydan.tv\/wp-content\/uploads\/untitled_artwork_5iccn6j-scaled.jpg","datePublished":"2022-04-18T07:51:44+00:00","dateModified":"2022-04-18T07:51:45+00:00","breadcrumb":{"@id":"https:\/\/www.meydan.tv\/az\/article\/rusiyanin-qarabag-umidi\/#breadcrumb"},"inLanguage":"az","potentialAction":[{"@type":"ReadAction","target":["https:\/\/www.meydan.tv\/az\/article\/rusiyanin-qarabag-umidi\/"]}]},{"@type":"ImageObject","inLanguage":"az","@id":"https:\/\/www.meydan.tv\/az\/article\/rusiyanin-qarabag-umidi\/#primaryimage","url":"https:\/\/www.meydan.tv\/wp-content\/uploads\/untitled_artwork_5iccn6j-scaled.jpg","contentUrl":"https:\/\/www.meydan.tv\/wp-content\/uploads\/untitled_artwork_5iccn6j-scaled.jpg","width":2560,"height":1440,"caption":"Seymur H\u0259zi, Foto:: Meydan TV"},{"@type":"BreadcrumbList","@id":"https:\/\/www.meydan.tv\/az\/article\/rusiyanin-qarabag-umidi\/#breadcrumb","itemListElement":[{"@type":"ListItem","position":1,"name":"Ana s\u0259hif\u0259","item":"https:\/\/www.meydan.tv\/az\/"},{"@type":"ListItem","position":2,"name":"M\u0259nim Fikrimc\u0259","item":"https:\/\/www.meydan.tv\/az\/section\/menim-fikrimce\/"},{"@type":"ListItem","position":3,"name":"Rusiyan\u0131n \u201cQaraba\u011f\u201d \u00fcmidi"}]},{"@type":"WebSite","@id":"https:\/\/www.meydan.tv\/az\/#website","url":"https:\/\/www.meydan.tv\/az\/","name":"MEYDAN.TV","description":"Meydan TV Az\u0259rbaycan\u0131n media m\u0259kan\u0131ndak\u0131 alternativ s\u0259sidir","publisher":{"@id":"https:\/\/www.meydan.tv\/az\/#organization"},"potentialAction":[{"@type":"SearchAction","target":{"@type":"EntryPoint","urlTemplate":"https:\/\/www.meydan.tv\/az\/?s={search_term_string}"},"query-input":{"@type":"PropertyValueSpecification","valueRequired":true,"valueName":"search_term_string"}}],"inLanguage":"az"},{"@type":"Organization","@id":"https:\/\/www.meydan.tv\/az\/#organization","name":"Meydan TV","url":"https:\/\/www.meydan.tv\/az\/","logo":{"@type":"ImageObject","inLanguage":"az","@id":"https:\/\/www.meydan.tv\/az\/#\/schema\/logo\/image\/","url":"https:\/\/www.meydan.tv\/wp-content\/uploads\/2021\/07\/meydan-logo.svg","contentUrl":"https:\/\/www.meydan.tv\/wp-content\/uploads\/2021\/07\/meydan-logo.svg","width":195,"height":46,"caption":"Meydan TV"},"image":{"@id":"https:\/\/www.meydan.tv\/az\/#\/schema\/logo\/image\/"}},{"@type":"Person","@id":"https:\/\/www.meydan.tv\/az\/#\/schema\/person\/9cdbecf90d17180ce1dfbd95b08dcf47","name":"elli","sameAs":["https:\/\/x.com\/elli"]}]}},"_links":{"self":[{"href":"https:\/\/www.meydan.tv\/az\/wp-json\/wp\/v2\/posts\/242097","targetHints":{"allow":["GET"]}}],"collection":[{"href":"https:\/\/www.meydan.tv\/az\/wp-json\/wp\/v2\/posts"}],"about":[{"href":"https:\/\/www.meydan.tv\/az\/wp-json\/wp\/v2\/types\/post"}],"author":[{"embeddable":true,"href":"https:\/\/www.meydan.tv\/az\/wp-json\/wp\/v2\/users\/8"}],"replies":[{"embeddable":true,"href":"https:\/\/www.meydan.tv\/az\/wp-json\/wp\/v2\/comments?post=242097"}],"version-history":[{"count":3,"href":"https:\/\/www.meydan.tv\/az\/wp-json\/wp\/v2\/posts\/242097\/revisions"}],"predecessor-version":[{"id":244136,"href":"https:\/\/www.meydan.tv\/az\/wp-json\/wp\/v2\/posts\/242097\/revisions\/244136"}],"wp:featuredmedia":[{"embeddable":true,"href":"https:\/\/www.meydan.tv\/az\/wp-json\/wp\/v2\/media\/129937"}],"wp:attachment":[{"href":"https:\/\/www.meydan.tv\/az\/wp-json\/wp\/v2\/media?parent=242097"}],"wp:term":[{"taxonomy":"category","embeddable":true,"href":"https:\/\/www.meydan.tv\/az\/wp-json\/wp\/v2\/categories?post=242097"},{"taxonomy":"post_tag","embeddable":true,"href":"https:\/\/www.meydan.tv\/az\/wp-json\/wp\/v2\/tags?post=242097"}],"curies":[{"name":"wp","href":"https:\/\/api.w.org\/{rel}","templated":true}]}}