{"id":242071,"date":"2022-04-16T21:10:30","date_gmt":"2022-04-16T17:10:30","guid":{"rendered":"https:\/\/www.meydan.tv\/?p=242071"},"modified":"2022-04-16T21:10:31","modified_gmt":"2022-04-16T17:10:31","slug":"suveys-bohrani-kanalin-millilesdirilmesi","status":"publish","type":"post","link":"https:\/\/www.meydan.tv\/az\/article\/suveys-bohrani-kanalin-millilesdirilmesi\/","title":{"rendered":"S\u00fcvey\u015f b\u00f6hran\u0131: kanal\u0131n millil\u0259\u015fdirilm\u0259si"},"content":{"rendered":"\n<p><\/p>\n\n\n\n<p><em>V\u0259 ya b\u00f6y\u00fck siyasi n\u0259tic\u0259l\u0259r do\u011furan h\u0259rbi konflikt\u0259 do\u011fru\u2026<\/em><\/p>\n\n\n\n<p>Aral\u0131q d\u0259nizi il\u0259 Q\u0131rm\u0131z\u0131 d\u0259nizi, onlar vasit\u0259sil\u0259 d\u0259 Atlantik v\u0259 Hind okeanlar\u0131n\u0131 birl\u0259\u015fdir\u0259n S\u00fcvey\u015f kanal\u0131 10 il s\u00fcr\u0259n tikintid\u0259n sonra 1869-cu il noyabr\u0131n 17-d\u0259 a\u00e7\u0131ld\u0131. Bu n\u0259qliyyat yolunun konsessiyas\u0131 99 il m\u00fcdd\u0259tin\u0259 \u201cS\u00fcvey\u015f kanal\u0131 kompaniyas\u0131\u201dna m\u0259xsus idi.<\/p>\n\n\n\n<p>Kompaniyan\u0131n s\u0259hml\u0259rinin 53 faizi Fransan\u0131n, 44 faizi d\u0259 Misirin idi, amma Misir hidivi \u0130smay\u0131l Pa\u015fa maliyy\u0259 \u00e7\u0259tinlikl\u0259ri ucbat\u0131ndan 1875-ci ild\u0259 \u00f6z s\u0259hml\u0259rinin ham\u0131s\u0131n\u0131 \u0130ngilt\u0259r\u0259y\u0259 satd\u0131.<\/p>\n\n\n\n<p>S\u0259hml\u0259rin \u00e7oxu Fransaya m\u0259xsus olsa da, x\u00fcsus\u0259n Misirin 1882-ci ild\u0259 \u0130ngilt\u0259r\u0259 t\u0259r\u0259findan i\u015f\u011fal\u0131ndan sonra S\u00fcvey\u015f kanal\u0131nda \u0259sas s\u00f6z sahibi ingilisl\u0259r oldu. Misir is\u0259 kanal\u0131n ke\u00e7diyi \u0259razinin sahibi kimi g\u0259lirl\u0259rin yaln\u0131z 15 faizi il\u0259 kifay\u0259tl\u0259nm\u0259yi se\u00e7di.<\/p>\n\n\n\n<p>S\u00fcvey\u015f kanal\u0131 iqtisadi \u0259h\u0259miyy\u0259tind\u0259n \u0259lav\u0259, h\u0259m d\u0259 m\u00fch\u00fcm strateji obyekt idi. Y\u0259ni bu kanal\u0131n 30 milyon kvadrat kilometrd\u0259n \u00e7ox \u0259razisi olan v\u0259 d\u00fcnyan\u0131n b\u00fct\u00fcn gu\u015f\u0259l\u0259rin\u0259 yay\u0131lan Britaniya imperiyas\u0131 \u00fc\u00e7\u00fcn h\u0259yati \u0259h\u0259miyy\u0259ti vard\u0131. Ona g\u00f6r\u0259 d\u0259 imperiya xarici siyas\u0259tind\u0259 bu co\u011frafiyada dominant m\u00f6vqeyini saxlama\u011fa b\u00f6y\u00fck \u00f6n\u0259m verirdi.<\/p>\n\n\n\n<p>London 1922-ci ild\u0259 Misiri m\u00fcst\u0259qil d\u00f6vl\u0259t kimi tan\u0131sa da, qo\u015funlar\u0131n\u0131 bu \u00f6lk\u0259d\u0259n bir m\u00fcdd\u0259t \u00e7\u0131xarmad\u0131. 1936-c\u0131 ild\u0259 imzalanan m\u00fcqavil\u0259y\u0259 \u0259sas\u0259n, britaniyal\u0131lar Misird\u0259n b\u00fct\u00fcn qo\u015funlar\u0131n\u0131 \u00e7\u0131xar\u0131r, yaln\u0131z S\u00fcvey\u015f kanal\u0131 \u0259traf\u0131nda 10 minlik yer\u00fcst\u00fc q\u00fcvv\u0259 v\u0259 400 pilot saxlay\u0131rd\u0131. M\u00fcqavil\u0259nin m\u00fcdd\u0259ti 20 il idi. Amma c\u0259mi 15 il sonra Misir parlamenti s\u00f6z\u00fcged\u0259n m\u00fcqavil\u0259nin l\u0259\u011fvi bar\u0259d\u0259 qanun q\u0259bul etdi. Bu add\u0131mdan sonra ba\u015f ver\u0259n hadis\u0259l\u0259r v\u0259 \u201cQara \u015f\u0259nb\u0259\u201d ad\u0131n\u0131 alm\u0131\u015f i\u011fti\u015fa\u015flar bar\u0259d\u0259 bundan \u0259vv\u0259lki m\u0259qal\u0259md\u0259 b\u0259hs <a href=\"https:\/\/d9mc3ts4czbpr.cloudfront.net\/az\/article\/misir-kralligi\/\" target=\"_blank\" rel=\"noreferrer noopener\">olunur<\/a>.<\/p>\n\n\n\n<p>H\u0259rbi \u00e7evrili\u015f n\u0259tic\u0259sind\u0259 1952-ci ilin iyununda hakimiyy\u0259t\u0259 g\u0259l\u0259n zabitl\u0259r daha bir il sonra monarxiyaya son qoydular v\u0259 Misir \u018fr\u0259b Respublikas\u0131n\u0131n yarad\u0131ld\u0131\u011f\u0131n\u0131 elan etdil\u0259r.<br>Yeni h\u00f6kum\u0259t ingilisl\u0259rl\u0259 1954-c\u00fc ilin oktyabr\u0131nda S\u00fcvey\u015f haqq\u0131nda m\u00fcqavil\u0259 imzalad\u0131.<\/p>\n\n\n\n<p>Raz\u0131la\u015fmaya g\u00f6r\u0259, \u0130ngilt\u0259r\u0259 h\u0259rb\u00e7il\u0259ri 20 ay m\u00fcdd\u0259tind\u0259 m\u0259rh\u0259l\u0259li \u015f\u0259kild\u0259 kanal yax\u0131nl\u0131\u011f\u0131ndak\u0131 bazalar\u0131 t\u0259rk ed\u0259c\u0259kdil\u0259r. Bazalar h\u0259l\u0259 7 il qalacaq, ingilis v\u0259 misirli m\u00fclki \u015f\u0259xsl\u0259r t\u0259r\u0259find\u0259n istifad\u0259 olunacaqd\u0131. Bu m\u00fcdd\u0259t \u0259rzind\u0259 t\u0259hl\u00fck\u0259 yaranard\u0131sa, ingilis h\u0259rb\u00e7il\u0259r bazalara qay\u0131da bil\u0259rdil\u0259r. Kanal a\u00e7\u0131l\u0131\u015f\u0131 zaman\u0131 imzalanan m\u00fcqavil\u0259y\u0259 \u0259sas\u0259n, 1968-ci ilin noyabr\u0131n 16-na q\u0259d\u0259r \u201cS\u00fcvey\u015f kanal\u0131 kompaniyas\u0131\u201dn\u0131n idar\u0259si alt\u0131nda olacaqd\u0131.<\/p>\n\n\n\n<p>Bu d\u00f6vrd\u0259 Britaniya imperiyas\u0131 \u00e7\u00f6k\u00fc\u015f d\u00f6vr\u00fcn\u00fc ya\u015fay\u0131rd\u0131. \u018fvv\u0259ll\u0259r S\u00fcvey\u015f kanal\u0131 vasit\u0259sil\u0259 \u0259laq\u0259 saxlad\u0131\u011f\u0131 \u0259sas m\u00fcst\u0259ml\u0259k\u0259si \u2013 Hindistan 1947-ci ild\u0259n art\u0131q m\u00fcst\u0259qil idi. Amma indi kanal\u0131n \u0259h\u0259miyy\u0259tini azalma\u011fa qoymayan ba\u015fqa bir amil vard\u0131: Yax\u0131n \u015e\u0259rq nefti v\u0259 ona artan t\u0259l\u0259bat. O zaman Q\u0259rbi Avropan\u0131n neft t\u0259l\u0259bat\u0131n\u0131n be\u015fd\u0259 \u00fc\u00e7 hiss\u0259si S\u00fcvey\u015f kanal\u0131 vasit\u0259sil\u0259 \u00f6d\u0259nilirdi.<\/p>\n\n\n\n<hr class=\"wp-block-separator\"\/>\n\n\n\n<p>1950-ci illl\u0259rin ortalar\u0131nda regionda m\u00fcr\u0259kk\u0259b prosesl\u0259r gedirdi. AB\u015e burada \u00f6z \u00e7\u0259tiri alt\u0131nda antisovet h\u0259rbi blok yarad\u0131rd\u0131. M\u0259rk\u0259zi M\u00fcqavil\u0259 T\u0259\u015fkilat\u0131 (CENTO) v\u0259 ya Ba\u011fdad Pakt\u0131 kimi tan\u0131nan bu t\u0259\u015fkilata B\u00f6y\u00fck Britaniya il\u0259 yana\u015f\u0131, region d\u00f6vl\u0259tl\u0259rind\u0259n \u0130raq, \u0130ran, Pakistan v\u0259 T\u00fcrkiy\u0259 daxil idi. Nasir is\u0259 art\u0131q \u00f6z\u00fcn\u00fc \u0259r\u0259b d\u00fcnyas\u0131n\u0131n v\u0259 m\u00fcmk\u00fcn olarsa, \u0130slam d\u00fcnyas\u0131n\u0131n lideri kimi g\u00f6r\u00fcr, regiondak\u0131 h\u0259r hans\u0131 blokun Misir \u0259traf\u0131nda fomala\u015fmal\u0131 oldu\u011funu d\u00fc\u015f\u00fcn\u00fcrd\u00fc.<\/p>\n\n\n\n<p>Yeri g\u0259lmi\u015fk\u0259n, h\u0259rbi blokun yarad\u0131lmas\u0131 h\u0259l\u0259 m\u00fczakir\u0259 olunark\u0259n AB\u015e-\u0131n M\u0259rk\u0259zi K\u0259\u015ffiyyat \u0130dar\u0259sinin (C\u0130A) h\u0259min bloka \u00fczv olmaq \u00fc\u00e7\u00fcn Nasir\u0259 3 milyon dollar r\u00fc\u015fv\u0259t verdiyi iddia olunur. Bu iddialar g\u00f6r\u0259, Nasir pulu ald\u0131, blok yarananda is\u0259 daxil olmaqdan imtina etdi. Dig\u0259r t\u0259r\u0259fd\u0259n, Misir Fransa \u0259sar\u0259tin\u0259 qar\u015f\u0131 \u018flc\u0259zaird\u0259 apar\u0131lan milli-azadl\u0131q m\u00fcbariz\u0259sin\u0259 d\u0259st\u0259k verirdi. Do\u011frudur, bu d\u0259st\u0259k \u0259sas\u0259n \u015fifahi idi v\u0259 Qahir\u0259d\u0259n yay\u0131mlanan \u201cSaut \u0259l-\u0259r\u0259b\u201d radiosu vasit\u0259sil\u0259 ifad\u0259 olunurdu. Bununla bel\u0259, Nasirin \u0259lc\u0259zairli \u00fcsyan\u00e7\u0131lara silah \u0259ld\u0259 etm\u0259kd\u0259 yard\u0131m g\u00f6st\u0259rdiyi ehtimal edilirdi. Bu da Fransan\u0131n naraz\u0131l\u0131\u011f\u0131na s\u0259b\u0259b oldu. Bundan \u0259lav\u0259, Q\u0259rb \u00f6lk\u0259l\u0259ri 1947-1949-cu ill\u0259rin Birinci \u0259r\u0259b-y\u0259hudi m\u00fcharib\u0259sind\u0259n sonra regionda yenid\u0259n h\u0259rbi \u0259m\u0259liyyatlar\u0131n ba\u015flamas\u0131n\u0131 ist\u0259mir v\u0259 buna uy\u011fun siyas\u0259t y\u00fcr\u00fcd\u00fcrd\u00fcl\u0259r.<\/p>\n\n\n\n<p>AB\u015e, B\u00f6y\u00fck Britaniya v\u0259 Fransan\u0131n 1950-ci il may\u0131n 25-d\u0259 q\u0259bul etdikl\u0259ri \u00dc\u00e7t\u0259r\u0259fli b\u0259yannam\u0259 regiondak\u0131 status-kvonun qorunmas\u0131ndan b\u0259hs edirdi. \u00dc\u00e7 \u00f6lk\u0259 1952-ci ild\u0259 Yax\u0131n \u015e\u0259rq silahlanma \u00fczr\u0259 koordinasiya komit\u0259sini (NEACC) yaratd\u0131lar. Bu qurum \u0130srail v\u0259 \u0259r\u0259b \u00f6lk\u0259l\u0259rin\u0259 \u201cqanuni \u00f6z\u00fcn\u00fcm\u00fcdafi\u0259 haqq\u0131\u201dn\u0131 n\u0259z\u0259r\u0259 almaqla silah sat\u0131lmas\u0131na n\u0259zar\u0259t edirdi. AB\u015e, \u00fcmumiyy\u0259tl\u0259, region \u00f6lk\u0259l\u0259rin\u0259 silah satm\u0131rd\u0131. London v\u0259 Paris is\u0259 h\u0259min \u00f6lk\u0259l\u0259rd\u0259n g\u0259l\u0259n sor\u011fular\u0131 m\u0259hdud v\u0259 tarazl\u0131 \u015f\u0259kild\u0259 t\u0259min edirdi. Bir \u0259r\u0259b \u00f6lk\u0259sin\u0259 silah satanda eyni sayda v\u0259 eyni keyfiyy\u0259td\u0259 silah \u0130srail\u0259 d\u0259 sat\u0131l\u0131rd\u0131.<\/p>\n\n\n\n<figure class=\"wp-block-image size-full\"><img decoding=\"async\" width=\"1200\" height=\"800\" data-src=\"https:\/\/www.meydan.tv\/wp-content\/uploads\/untitled-design-30.jpg\" alt=\"\" class=\"wp-image-242072 lazyload\" src=\"data:image\/svg+xml;base64,PHN2ZyB3aWR0aD0iMSIgaGVpZ2h0PSIxIiB4bWxucz0iaHR0cDovL3d3dy53My5vcmcvMjAwMC9zdmciPjwvc3ZnPg==\" style=\"--smush-placeholder-width: 1200px; --smush-placeholder-aspect-ratio: 1200\/800;\" \/><figcaption>Camal \u018fbd\u00fcl Nasir. Foto: &#8220;thefamouspeople.com&#8221;<\/figcaption><\/figure>\n\n\n\n<p>Camal \u018fbd\u00fcl Nasir d\u0259 \u0259vv\u0259lc\u0259 Q\u0259rbd\u0259n silah almaq ist\u0259di. Ancaq onun \u0130srail \u0259leyhin\u0259 davakar ritorikas\u0131, Birinci \u0259r\u0259b-y\u0259hudi sava\u015f\u0131ndan sonra Misirin n\u0259zar\u0259tin\u0259 ke\u00e7\u0259n Q\u0259zz\u0259 sektorundan tez-tez \u0130srail \u0259razisin\u0259 h\u00fccumlar\u0131n t\u0259\u015fkil olunmas\u0131 NEACC \u00fczvl\u0259rini narahat edirdi. Buna g\u00f6r\u0259 d\u0259 Nasir\u0259 r\u0259dd cavab\u0131 verildi. Bel\u0259 olduqda, Nasir silah \u0259ld\u0259 etm\u0259k \u00fc\u00e7\u00fcn sosialist blokuna m\u00fcraci\u0259t etdi. AB\u015e, x\u00fcsus\u0259n d\u0259, d\u00f6vl\u0259t katibi Con Foster Dalles Moskvan\u0131n Misir\u0259 silah sataca\u011f\u0131na inanm\u0131rd\u0131. \u00c7\u00fcnki Misir h\u0259rbi istebli\u015fmentinin \u0130kinci D\u00fcnya m\u00fcharib\u0259si zaman\u0131 nasist Almaniyas\u0131na r\u0259\u011fb\u0259tl\u0259 yana\u015fmas\u0131 sirr deyildi. Bir \u00e7ox nasist h\u0259rbi cinay\u0259tkarlar, gestapo\u00e7ular Misird\u0259 s\u0131\u011f\u0131nacaq tapm\u0131\u015fd\u0131lar. \u00dcst\u0259lik, Misir h\u0259bsxanalar\u0131 yerli kommunistl\u0259rl\u0259 dolu idil\u0259r. Amma g\u00f6zl\u0259nil\u0259n kimi olmad\u0131.<\/p>\n\n\n\n<p>Moskvan\u0131n xeyir-duas\u0131 il\u0259 \u00c7exoslovakiya Misir\u0259 silah satma\u011fa raz\u0131l\u0131q verdi. Bu silahlar aras\u0131nda xeyli sayda q\u0131r\u0131c\u0131 v\u0259 bombardman\u00e7\u0131 t\u0259yyar\u0259l\u0259r, tanklar v\u0259 zirehli transportyorlar, \u00f6z\u00fcyeriy\u0259n artilleriya qur\u011fular\u0131, toplar, h\u0259tta d\u00f6y\u00fc\u015f g\u0259mil\u0259ri v\u0259 sualt\u0131 qay\u0131qlar vard\u0131. N\u0259tic\u0259d\u0259 Misirl\u0259 \u0130srail aras\u0131nda q\u00fcvv\u0259 tarazl\u0131\u011f\u0131 k\u0259skin \u015f\u0259kild\u0259 pozuldu. Bu d\u00f6vrd\u0259 Fransa il\u0259 \u0130srail aras\u0131nda yax\u0131nla\u015fma ba\u015f verdi. \u018fg\u0259r Britaniya \u0259r\u0259b \u00f6lk\u0259l\u0259rinin reaksiyas\u0131n\u0131 n\u0259z\u0259r\u0259 alaraq \u0130sraill\u0259 m\u00fcnasib\u0259tl\u0259rind\u0259 ehtiyatl\u0131 davran\u0131rd\u0131sa, Fransan\u0131n \u018flc\u0259zaird\u0259ki milli-azadl\u0131q m\u00fcbariz\u0259sin\u0259 qar\u015f\u0131 apard\u0131\u011f\u0131 sava\u015f \u00fcz\u00fcnd\u0259n onsuz da \u0259r\u0259bl\u0259r aras\u0131nda itir\u0259c\u0259yi bir \u015fey qalmam\u0131\u015fd\u0131. Ona g\u00f6r\u0259 tarazl\u0131q siyas\u0259tind\u0259n imtina ed\u0259r\u0259k \u0130sraili silahland\u0131rma\u011fa ba\u015flad\u0131.<\/p>\n\n\n\n<p>Suriyada 1955-ci ilin sentyabr\u0131nda ke\u00e7iril\u0259n prezident se\u00e7kil\u0259rind\u0259 bir m\u00fcdd\u0259t Misird\u0259 s\u0131\u011f\u0131nacaq tapm\u0131\u015f Nasirl\u0259 yax\u015f\u0131 m\u00fcnasib\u0259tl\u0259ri olan \u015e\u00fckri Q\u00fcvv\u0259tli qalib g\u0259ldi. Oktyabr\u0131n 20-d\u0259 Misirl\u0259 Suriya aras\u0131nda, bir h\u0259ft\u0259 sonra is\u0259 Misirl\u0259 S\u0259udiyy\u0259 \u018fr\u0259bistan\u0131 aras\u0131nda qar\u015f\u0131l\u0131ql\u0131 m\u00fcdafi\u0259 haqq\u0131nda m\u00fcqavil\u0259 imzaland\u0131. Bu ittifaq \u0259sas\u0259n CENTO-ya qar\u015f\u0131 y\u00f6n\u0259lmi\u015fdi v\u0259 buna g\u00f6r\u0259 h\u0259m Va\u015finqton, h\u0259m d\u0259 London t\u0259r\u0259find\u0259n naraz\u0131l\u0131qla qar\u015f\u0131land\u0131.<\/p>\n\n\n\n<p>N\u0259hay\u0259t, Q\u0259rbin Nasir\u0259 qar\u015f\u0131 m\u00fcnasib\u0259tinin d\u0259yi\u015fm\u0259sin\u0259 s\u0259b\u0259b olan daha bir add\u0131m vard\u0131. O zaman d\u00fcnya d\u00f6vl\u0259tl\u0259rinin \u0259ks\u0259riyy\u0259ti \u00c7in t\u0259msil\u00e7isi kimi Tayvan adas\u0131nda yerl\u0259\u015f\u0259n, \u00c7an Kay\u015finin r\u0259hb\u0259rlik etdiyi \u00c7in Respublikas\u0131n\u0131 tan\u0131y\u0131rd\u0131. BMT-d\u0259 t\u0259msil\u00e7ilik d\u0259 bu d\u00f6vl\u0259t\u0259 m\u0259xsus idi. Sosialist bloku is\u0259 kommunist Mao Tzedunun r\u0259hb\u0259rlik etdiyi \u00c7in Xalq Respublikas\u0131n\u0131 tan\u0131y\u0131rd\u0131. 1956-ci ilin may\u0131nda Misir \u00c7XR-i tan\u0131yan ilk \u0259r\u0259b d\u00f6vl\u0259ti oldu.<\/p>\n\n\n\n<hr class=\"wp-block-separator\"\/>\n\n\n\n<p>Bu d\u00f6vrd\u0259 Misird\u0259 Camal \u018fbd\u00fcl Nasirin reytinqinin z\u0259ifl\u0259m\u0259si m\u00fc\u015fahid\u0259 olunur. H\u0259rbi \u00e7evrili\u015fd\u0259n 4 il ke\u00e7m\u0259sin\u0259 baxmayaraq, \u0259halinin h\u0259yat s\u0259viyy\u0259sind\u0259 ciddi ir\u0259lil\u0259yi\u015f m\u00fc\u015fahid\u0259 olunmurdu. Bu \u0259hval-ruhiyy\u0259d\u0259n x\u0259b\u0259rdar olan Nasirin populyar bir add\u0131ma ehtiyac\u0131 vard\u0131. Tezlikl\u0259 bel\u0259 bir add\u0131m \u00fc\u00e7\u00fcn imkan yarand\u0131.<\/p>\n\n\n\n<p>Misir Nil \u00e7ay\u0131 \u00fcz\u0259rind\u0259 tikm\u0259k ist\u0259diyi \u018fsvan b\u0259ndinin maliyy\u0259l\u0259\u015fdirilm\u0259sind\u0259n \u00f6tr\u00fc Q\u0259rb\u0259 m\u00fcraci\u0259t etmi\u015fdi. AB\u015e-la B\u00f6y\u00fck Britaniya \u0259vv\u0259lc\u0259 bu m\u00fcraci\u0259t\u0259 isti yana\u015fd\u0131lar, y\u0259ni Beyn\u0259lxalq Yenid\u0259nqurma v\u0259 \u0130nki\u015faf Bank\u0131 x\u0259tti il\u0259 AB\u015e 56 milyon, Britaniya is\u0259 14 milyon dollar ay\u0131rma\u011f\u0131 \u00f6hd\u0259sin\u0259 g\u00f6t\u00fcrd\u00fc. Amma Nasirin y\u00fcr\u00fctd\u00fcy\u00fc xarici siyas\u0259tin Q\u0259rbin ist\u0259kl\u0259ri il\u0259 \u00fcst-\u00fcst\u0259 d\u00fc\u015fm\u0259m\u0259si n\u0259tic\u0259sind\u0259 kreditin ayr\u0131lmas\u0131nda t\u0259r\u0259dd\u00fcdl\u0259r yarand\u0131. Bu zaman Misir\u0259 s\u0259yah\u0259t ed\u0259n SSR\u0130 xarici i\u015fl\u0259r naziri Dmitri \u015eepilovun Nasirl\u0259 g\u00f6r\u00fc\u015fd\u0259 b\u0259ndin tikilm\u0259si \u00fc\u00e7\u00fcn laz\u0131m olan maliyy\u0259ni SSR\u0130-nin ay\u0131ra bil\u0259c\u0259yini s\u00f6yl\u0259diyi iddia olunur.<\/p>\n\n\n\n<p>N\u0259hay\u0259t, 1956-c\u0131 il iyulun 19-da AB\u015e v\u0259 B\u00f6y\u00fck Britaniya \u018fsvan b\u0259ndinin tikintisi \u00fc\u00e7\u00fcn pul ay\u0131rmaqdan imtina etdikl\u0259rini a\u00e7\u0131qlad\u0131lar. Nasir cavab add\u0131m\u0131 \u00fcz\u0259rind\u0259 \u00e7ox fikirl\u0259\u015fm\u0259di. Zat\u0259n, yadda\u015f\u0131nda bir ne\u00e7\u0259 il \u0259vv\u0259l \u0130ran neftini millil\u0259\u015fdir\u0259n M\u00fcs\u0259ddiq n\u00fcmun\u0259si vard\u0131. Misir prezidenti d\u0259 iyulun 26-da is\u0259 S\u00fcvey\u015f kanal\u0131n\u0131n millil\u0259\u015fdirildiyini, oradan g\u0259l\u0259n g\u0259lirin is\u0259 b\u0259ndin tikintisin\u0259 s\u0259rf olunaca\u011f\u0131n\u0131 elan etdi.<\/p>\n\n\n\n<p>\u0130nsaf\u0259n, millil\u0259\u015fdirilm\u0259 bol\u015feviksaya\u011f\u0131 h\u0259yata ke\u00e7irilmirdi. Kanal\u0131n s\u0259hmdarlar\u0131na Paris fond birjas\u0131ndak\u0131 son qiym\u0259t \u0259sas\u0131nda kompensasiya \u00f6d\u0259nil\u0259c\u0259kdi. Buna baxmayaraq, bu add\u0131m h\u0259m Londonda, h\u0259m d\u0259 Parisd\u0259 ciddi etirazla qar\u015f\u0131land\u0131.<\/p>\n\n\n\n<p>Nasir el\u0259 h\u0259min g\u00fcn daha bir add\u0131m atd\u0131: \u0130srail g\u0259mil\u0259rin\u0259 S\u00fcvey\u015f kanal\u0131ndan istifad\u0259 etm\u0259k qada\u011fan olundu. \u00dcst\u0259lik, Qahir\u0259 Tiran bo\u011faz\u0131n\u0131 \u0130srail g\u0259mil\u0259rin\u0259 qapatd\u0131. Bel\u0259likl\u0259, \u0130srailin \u018fk\u0259b\u0259 k\u00f6rf\u0259zind\u0259ki m\u00fch\u00fcm Eylat liman\u0131 da blokadaya al\u0131nd\u0131 v\u0259 Hind okean\u0131na \u00e7\u0131x\u0131\u015f\u0131 ba\u011fland\u0131.<\/p>\n\n\n\n<p>Bu hadis\u0259l\u0259r Misir\u0259 qar\u015f\u0131 Britaniya, Fransa v\u0259 \u0130sraild\u0259n ibar\u0259t koalisiyan\u0131n formala\u015fmas\u0131na s\u0259b\u0259b oldu v\u0259 q\u0131sa s\u00fcr\u0259n, amma b\u00f6y\u00fck siyasi n\u0259tic\u0259l\u0259r do\u011furan h\u0259rbi konflikt\u0259 apard\u0131\u2026<\/p>\n\n\n\n<p><\/p>\n","protected":false},"excerpt":{"rendered":"<p>V\u0259 ya b\u00f6y\u00fck siyasi n\u0259tic\u0259l\u0259r do\u011furan h\u0259rbi konflikt\u0259 do\u011fru\u2026 Aral\u0131q &#8230; <\/p>\n<p class=\"read-more-container\"><a title=\"S\u00fcvey\u015f b\u00f6hran\u0131: kanal\u0131n millil\u0259\u015fdirilm\u0259si\" class=\"read-more button\" href=\"https:\/\/www.meydan.tv\/az\/article\/suveys-bohrani-kanalin-millilesdirilmesi\/#more-242071\" aria-label=\"Read more about S\u00fcvey\u015f b\u00f6hran\u0131: kanal\u0131n millil\u0259\u015fdirilm\u0259si\">Davam\u0131<\/a><\/p>\n","protected":false},"author":8,"featured_media":119327,"comment_status":"closed","ping_status":"closed","sticky":false,"template":"","format":"standard","meta":{"_acf_changed":false,"_sitemap_exclude":false,"_sitemap_priority":"","_sitemap_frequency":"","footnotes":""},"categories":[57],"tags":[],"class_list":["post-242071","post","type-post","status-publish","format-standard","has-post-thumbnail","hentry","category-menim-fikrimce","infinite-scroll-item","generate-columns","tablet-grid-50","mobile-grid-100","grid-parent","grid-33","no-featured-image-padding"],"acf":[],"yoast_head":"<!-- This site is optimized with the Yoast SEO plugin v27.4 - https:\/\/yoast.com\/product\/yoast-seo-wordpress\/ -->\n<title>S\u00fcvey\u015f b\u00f6hran\u0131: kanal\u0131n millil\u0259\u015fdirilm\u0259si - MEYDAN.TV<\/title>\n<meta name=\"robots\" content=\"index, follow, max-snippet:-1, max-image-preview:large, max-video-preview:-1\" \/>\n<link rel=\"canonical\" href=\"https:\/\/www.meydan.tv\/az\/article\/suveys-bohrani-kanalin-millilesdirilmesi\/\" \/>\n<meta property=\"og:locale\" content=\"az_AZ\" \/>\n<meta property=\"og:type\" content=\"article\" \/>\n<meta property=\"og:title\" content=\"S\u00fcvey\u015f b\u00f6hran\u0131: kanal\u0131n millil\u0259\u015fdirilm\u0259si - MEYDAN.TV\" \/>\n<meta property=\"og:description\" content=\"V\u0259 ya b\u00f6y\u00fck siyasi n\u0259tic\u0259l\u0259r do\u011furan h\u0259rbi konflikt\u0259 do\u011fru\u2026 Aral\u0131q ... Davam\u0131\" \/>\n<meta property=\"og:url\" content=\"https:\/\/www.meydan.tv\/az\/article\/suveys-bohrani-kanalin-millilesdirilmesi\/\" \/>\n<meta property=\"og:site_name\" content=\"MEYDAN.TV\" \/>\n<meta property=\"article:published_time\" content=\"2022-04-16T17:10:30+00:00\" \/>\n<meta property=\"article:modified_time\" content=\"2022-04-16T17:10:31+00:00\" \/>\n<meta property=\"og:image\" content=\"https:\/\/www.meydan.tv\/wp-content\/uploads\/3cb67e7d-b10f-4c21-a950-7ff09b6b8f8f-scaled.jpeg\" \/>\n\t<meta property=\"og:image:width\" content=\"2560\" \/>\n\t<meta property=\"og:image:height\" content=\"1440\" \/>\n\t<meta property=\"og:image:type\" content=\"image\/jpeg\" \/>\n<meta name=\"author\" content=\"elli\" \/>\n<meta name=\"twitter:card\" content=\"summary_large_image\" \/>\n<meta name=\"twitter:creator\" content=\"@elli\" \/>\n<script type=\"application\/ld+json\" class=\"yoast-schema-graph\">{\"@context\":\"https:\\\/\\\/schema.org\",\"@graph\":[{\"@type\":\"Article\",\"@id\":\"https:\\\/\\\/www.meydan.tv\\\/az\\\/article\\\/suveys-bohrani-kanalin-millilesdirilmesi\\\/#article\",\"isPartOf\":{\"@id\":\"https:\\\/\\\/www.meydan.tv\\\/az\\\/article\\\/suveys-bohrani-kanalin-millilesdirilmesi\\\/\"},\"author\":{\"name\":\"elli\",\"@id\":\"https:\\\/\\\/www.meydan.tv\\\/az\\\/#\\\/schema\\\/person\\\/9cdbecf90d17180ce1dfbd95b08dcf47\"},\"headline\":\"S\u00fcvey\u015f b\u00f6hran\u0131: kanal\u0131n millil\u0259\u015fdirilm\u0259si\",\"datePublished\":\"2022-04-16T17:10:30+00:00\",\"dateModified\":\"2022-04-16T17:10:31+00:00\",\"mainEntityOfPage\":{\"@id\":\"https:\\\/\\\/www.meydan.tv\\\/az\\\/article\\\/suveys-bohrani-kanalin-millilesdirilmesi\\\/\"},\"wordCount\":1961,\"publisher\":{\"@id\":\"https:\\\/\\\/www.meydan.tv\\\/az\\\/#organization\"},\"image\":{\"@id\":\"https:\\\/\\\/www.meydan.tv\\\/az\\\/article\\\/suveys-bohrani-kanalin-millilesdirilmesi\\\/#primaryimage\"},\"thumbnailUrl\":\"https:\\\/\\\/www.meydan.tv\\\/wp-content\\\/uploads\\\/3cb67e7d-b10f-4c21-a950-7ff09b6b8f8f-scaled-e1684405162756.jpeg\",\"articleSection\":[\"M\u0259nim Fikrimc\u0259\"],\"inLanguage\":\"az\"},{\"@type\":\"WebPage\",\"@id\":\"https:\\\/\\\/www.meydan.tv\\\/az\\\/article\\\/suveys-bohrani-kanalin-millilesdirilmesi\\\/\",\"url\":\"https:\\\/\\\/www.meydan.tv\\\/az\\\/article\\\/suveys-bohrani-kanalin-millilesdirilmesi\\\/\",\"name\":\"S\u00fcvey\u015f b\u00f6hran\u0131: kanal\u0131n millil\u0259\u015fdirilm\u0259si - MEYDAN.TV\",\"isPartOf\":{\"@id\":\"https:\\\/\\\/www.meydan.tv\\\/az\\\/#website\"},\"primaryImageOfPage\":{\"@id\":\"https:\\\/\\\/www.meydan.tv\\\/az\\\/article\\\/suveys-bohrani-kanalin-millilesdirilmesi\\\/#primaryimage\"},\"image\":{\"@id\":\"https:\\\/\\\/www.meydan.tv\\\/az\\\/article\\\/suveys-bohrani-kanalin-millilesdirilmesi\\\/#primaryimage\"},\"thumbnailUrl\":\"https:\\\/\\\/www.meydan.tv\\\/wp-content\\\/uploads\\\/3cb67e7d-b10f-4c21-a950-7ff09b6b8f8f-scaled-e1684405162756.jpeg\",\"datePublished\":\"2022-04-16T17:10:30+00:00\",\"dateModified\":\"2022-04-16T17:10:31+00:00\",\"breadcrumb\":{\"@id\":\"https:\\\/\\\/www.meydan.tv\\\/az\\\/article\\\/suveys-bohrani-kanalin-millilesdirilmesi\\\/#breadcrumb\"},\"inLanguage\":\"az\",\"potentialAction\":[{\"@type\":\"ReadAction\",\"target\":[\"https:\\\/\\\/www.meydan.tv\\\/az\\\/article\\\/suveys-bohrani-kanalin-millilesdirilmesi\\\/\"]}]},{\"@type\":\"ImageObject\",\"inLanguage\":\"az\",\"@id\":\"https:\\\/\\\/www.meydan.tv\\\/az\\\/article\\\/suveys-bohrani-kanalin-millilesdirilmesi\\\/#primaryimage\",\"url\":\"https:\\\/\\\/www.meydan.tv\\\/wp-content\\\/uploads\\\/3cb67e7d-b10f-4c21-a950-7ff09b6b8f8f-scaled-e1684405162756.jpeg\",\"contentUrl\":\"https:\\\/\\\/www.meydan.tv\\\/wp-content\\\/uploads\\\/3cb67e7d-b10f-4c21-a950-7ff09b6b8f8f-scaled-e1684405162756.jpeg\",\"width\":2560,\"height\":1203,\"caption\":\"Foto: Meydan Tv\"},{\"@type\":\"BreadcrumbList\",\"@id\":\"https:\\\/\\\/www.meydan.tv\\\/az\\\/article\\\/suveys-bohrani-kanalin-millilesdirilmesi\\\/#breadcrumb\",\"itemListElement\":[{\"@type\":\"ListItem\",\"position\":1,\"name\":\"Ana s\u0259hif\u0259\",\"item\":\"https:\\\/\\\/www.meydan.tv\\\/az\\\/\"},{\"@type\":\"ListItem\",\"position\":2,\"name\":\"M\u0259nim Fikrimc\u0259\",\"item\":\"https:\\\/\\\/www.meydan.tv\\\/az\\\/section\\\/menim-fikrimce\\\/\"},{\"@type\":\"ListItem\",\"position\":3,\"name\":\"S\u00fcvey\u015f b\u00f6hran\u0131: kanal\u0131n millil\u0259\u015fdirilm\u0259si\"}]},{\"@type\":\"WebSite\",\"@id\":\"https:\\\/\\\/www.meydan.tv\\\/az\\\/#website\",\"url\":\"https:\\\/\\\/www.meydan.tv\\\/az\\\/\",\"name\":\"MEYDAN.TV\",\"description\":\"Meydan TV Az\u0259rbaycan\u0131n media m\u0259kan\u0131ndak\u0131 alternativ s\u0259sidir\",\"publisher\":{\"@id\":\"https:\\\/\\\/www.meydan.tv\\\/az\\\/#organization\"},\"potentialAction\":[{\"@type\":\"SearchAction\",\"target\":{\"@type\":\"EntryPoint\",\"urlTemplate\":\"https:\\\/\\\/www.meydan.tv\\\/az\\\/?s={search_term_string}\"},\"query-input\":{\"@type\":\"PropertyValueSpecification\",\"valueRequired\":true,\"valueName\":\"search_term_string\"}}],\"inLanguage\":\"az\"},{\"@type\":\"Organization\",\"@id\":\"https:\\\/\\\/www.meydan.tv\\\/az\\\/#organization\",\"name\":\"Meydan TV\",\"url\":\"https:\\\/\\\/www.meydan.tv\\\/az\\\/\",\"logo\":{\"@type\":\"ImageObject\",\"inLanguage\":\"az\",\"@id\":\"https:\\\/\\\/www.meydan.tv\\\/az\\\/#\\\/schema\\\/logo\\\/image\\\/\",\"url\":\"https:\\\/\\\/www.meydan.tv\\\/wp-content\\\/uploads\\\/2021\\\/07\\\/meydan-logo.svg\",\"contentUrl\":\"https:\\\/\\\/www.meydan.tv\\\/wp-content\\\/uploads\\\/2021\\\/07\\\/meydan-logo.svg\",\"width\":195,\"height\":46,\"caption\":\"Meydan TV\"},\"image\":{\"@id\":\"https:\\\/\\\/www.meydan.tv\\\/az\\\/#\\\/schema\\\/logo\\\/image\\\/\"}},{\"@type\":\"Person\",\"@id\":\"https:\\\/\\\/www.meydan.tv\\\/az\\\/#\\\/schema\\\/person\\\/9cdbecf90d17180ce1dfbd95b08dcf47\",\"name\":\"elli\",\"sameAs\":[\"https:\\\/\\\/x.com\\\/elli\"]}]}<\/script>\n<!-- \/ Yoast SEO plugin. -->","yoast_head_json":{"title":"S\u00fcvey\u015f b\u00f6hran\u0131: kanal\u0131n millil\u0259\u015fdirilm\u0259si - MEYDAN.TV","robots":{"index":"index","follow":"follow","max-snippet":"max-snippet:-1","max-image-preview":"max-image-preview:large","max-video-preview":"max-video-preview:-1"},"canonical":"https:\/\/www.meydan.tv\/az\/article\/suveys-bohrani-kanalin-millilesdirilmesi\/","og_locale":"az_AZ","og_type":"article","og_title":"S\u00fcvey\u015f b\u00f6hran\u0131: kanal\u0131n millil\u0259\u015fdirilm\u0259si - MEYDAN.TV","og_description":"V\u0259 ya b\u00f6y\u00fck siyasi n\u0259tic\u0259l\u0259r do\u011furan h\u0259rbi konflikt\u0259 do\u011fru\u2026 Aral\u0131q ... Davam\u0131","og_url":"https:\/\/www.meydan.tv\/az\/article\/suveys-bohrani-kanalin-millilesdirilmesi\/","og_site_name":"MEYDAN.TV","article_published_time":"2022-04-16T17:10:30+00:00","article_modified_time":"2022-04-16T17:10:31+00:00","og_image":[{"width":2560,"height":1440,"url":"https:\/\/www.meydan.tv\/wp-content\/uploads\/3cb67e7d-b10f-4c21-a950-7ff09b6b8f8f-scaled.jpeg","type":"image\/jpeg"}],"author":"elli","twitter_card":"summary_large_image","twitter_creator":"@elli","schema":{"@context":"https:\/\/schema.org","@graph":[{"@type":"Article","@id":"https:\/\/www.meydan.tv\/az\/article\/suveys-bohrani-kanalin-millilesdirilmesi\/#article","isPartOf":{"@id":"https:\/\/www.meydan.tv\/az\/article\/suveys-bohrani-kanalin-millilesdirilmesi\/"},"author":{"name":"elli","@id":"https:\/\/www.meydan.tv\/az\/#\/schema\/person\/9cdbecf90d17180ce1dfbd95b08dcf47"},"headline":"S\u00fcvey\u015f b\u00f6hran\u0131: kanal\u0131n millil\u0259\u015fdirilm\u0259si","datePublished":"2022-04-16T17:10:30+00:00","dateModified":"2022-04-16T17:10:31+00:00","mainEntityOfPage":{"@id":"https:\/\/www.meydan.tv\/az\/article\/suveys-bohrani-kanalin-millilesdirilmesi\/"},"wordCount":1961,"publisher":{"@id":"https:\/\/www.meydan.tv\/az\/#organization"},"image":{"@id":"https:\/\/www.meydan.tv\/az\/article\/suveys-bohrani-kanalin-millilesdirilmesi\/#primaryimage"},"thumbnailUrl":"https:\/\/www.meydan.tv\/wp-content\/uploads\/3cb67e7d-b10f-4c21-a950-7ff09b6b8f8f-scaled-e1684405162756.jpeg","articleSection":["M\u0259nim Fikrimc\u0259"],"inLanguage":"az"},{"@type":"WebPage","@id":"https:\/\/www.meydan.tv\/az\/article\/suveys-bohrani-kanalin-millilesdirilmesi\/","url":"https:\/\/www.meydan.tv\/az\/article\/suveys-bohrani-kanalin-millilesdirilmesi\/","name":"S\u00fcvey\u015f b\u00f6hran\u0131: kanal\u0131n millil\u0259\u015fdirilm\u0259si - MEYDAN.TV","isPartOf":{"@id":"https:\/\/www.meydan.tv\/az\/#website"},"primaryImageOfPage":{"@id":"https:\/\/www.meydan.tv\/az\/article\/suveys-bohrani-kanalin-millilesdirilmesi\/#primaryimage"},"image":{"@id":"https:\/\/www.meydan.tv\/az\/article\/suveys-bohrani-kanalin-millilesdirilmesi\/#primaryimage"},"thumbnailUrl":"https:\/\/www.meydan.tv\/wp-content\/uploads\/3cb67e7d-b10f-4c21-a950-7ff09b6b8f8f-scaled-e1684405162756.jpeg","datePublished":"2022-04-16T17:10:30+00:00","dateModified":"2022-04-16T17:10:31+00:00","breadcrumb":{"@id":"https:\/\/www.meydan.tv\/az\/article\/suveys-bohrani-kanalin-millilesdirilmesi\/#breadcrumb"},"inLanguage":"az","potentialAction":[{"@type":"ReadAction","target":["https:\/\/www.meydan.tv\/az\/article\/suveys-bohrani-kanalin-millilesdirilmesi\/"]}]},{"@type":"ImageObject","inLanguage":"az","@id":"https:\/\/www.meydan.tv\/az\/article\/suveys-bohrani-kanalin-millilesdirilmesi\/#primaryimage","url":"https:\/\/www.meydan.tv\/wp-content\/uploads\/3cb67e7d-b10f-4c21-a950-7ff09b6b8f8f-scaled-e1684405162756.jpeg","contentUrl":"https:\/\/www.meydan.tv\/wp-content\/uploads\/3cb67e7d-b10f-4c21-a950-7ff09b6b8f8f-scaled-e1684405162756.jpeg","width":2560,"height":1203,"caption":"Foto: Meydan Tv"},{"@type":"BreadcrumbList","@id":"https:\/\/www.meydan.tv\/az\/article\/suveys-bohrani-kanalin-millilesdirilmesi\/#breadcrumb","itemListElement":[{"@type":"ListItem","position":1,"name":"Ana s\u0259hif\u0259","item":"https:\/\/www.meydan.tv\/az\/"},{"@type":"ListItem","position":2,"name":"M\u0259nim Fikrimc\u0259","item":"https:\/\/www.meydan.tv\/az\/section\/menim-fikrimce\/"},{"@type":"ListItem","position":3,"name":"S\u00fcvey\u015f b\u00f6hran\u0131: kanal\u0131n millil\u0259\u015fdirilm\u0259si"}]},{"@type":"WebSite","@id":"https:\/\/www.meydan.tv\/az\/#website","url":"https:\/\/www.meydan.tv\/az\/","name":"MEYDAN.TV","description":"Meydan TV Az\u0259rbaycan\u0131n media m\u0259kan\u0131ndak\u0131 alternativ s\u0259sidir","publisher":{"@id":"https:\/\/www.meydan.tv\/az\/#organization"},"potentialAction":[{"@type":"SearchAction","target":{"@type":"EntryPoint","urlTemplate":"https:\/\/www.meydan.tv\/az\/?s={search_term_string}"},"query-input":{"@type":"PropertyValueSpecification","valueRequired":true,"valueName":"search_term_string"}}],"inLanguage":"az"},{"@type":"Organization","@id":"https:\/\/www.meydan.tv\/az\/#organization","name":"Meydan TV","url":"https:\/\/www.meydan.tv\/az\/","logo":{"@type":"ImageObject","inLanguage":"az","@id":"https:\/\/www.meydan.tv\/az\/#\/schema\/logo\/image\/","url":"https:\/\/www.meydan.tv\/wp-content\/uploads\/2021\/07\/meydan-logo.svg","contentUrl":"https:\/\/www.meydan.tv\/wp-content\/uploads\/2021\/07\/meydan-logo.svg","width":195,"height":46,"caption":"Meydan TV"},"image":{"@id":"https:\/\/www.meydan.tv\/az\/#\/schema\/logo\/image\/"}},{"@type":"Person","@id":"https:\/\/www.meydan.tv\/az\/#\/schema\/person\/9cdbecf90d17180ce1dfbd95b08dcf47","name":"elli","sameAs":["https:\/\/x.com\/elli"]}]}},"_links":{"self":[{"href":"https:\/\/www.meydan.tv\/az\/wp-json\/wp\/v2\/posts\/242071","targetHints":{"allow":["GET"]}}],"collection":[{"href":"https:\/\/www.meydan.tv\/az\/wp-json\/wp\/v2\/posts"}],"about":[{"href":"https:\/\/www.meydan.tv\/az\/wp-json\/wp\/v2\/types\/post"}],"author":[{"embeddable":true,"href":"https:\/\/www.meydan.tv\/az\/wp-json\/wp\/v2\/users\/8"}],"replies":[{"embeddable":true,"href":"https:\/\/www.meydan.tv\/az\/wp-json\/wp\/v2\/comments?post=242071"}],"version-history":[{"count":2,"href":"https:\/\/www.meydan.tv\/az\/wp-json\/wp\/v2\/posts\/242071\/revisions"}],"predecessor-version":[{"id":244135,"href":"https:\/\/www.meydan.tv\/az\/wp-json\/wp\/v2\/posts\/242071\/revisions\/244135"}],"wp:featuredmedia":[{"embeddable":true,"href":"https:\/\/www.meydan.tv\/az\/wp-json\/wp\/v2\/media\/119327"}],"wp:attachment":[{"href":"https:\/\/www.meydan.tv\/az\/wp-json\/wp\/v2\/media?parent=242071"}],"wp:term":[{"taxonomy":"category","embeddable":true,"href":"https:\/\/www.meydan.tv\/az\/wp-json\/wp\/v2\/categories?post=242071"},{"taxonomy":"post_tag","embeddable":true,"href":"https:\/\/www.meydan.tv\/az\/wp-json\/wp\/v2\/tags?post=242071"}],"curies":[{"name":"wp","href":"https:\/\/api.w.org\/{rel}","templated":true}]}}