{"id":242067,"date":"2022-04-16T21:28:48","date_gmt":"2022-04-16T17:28:48","guid":{"rendered":"https:\/\/www.meydan.tv\/?p=242067"},"modified":"2022-04-16T21:28:49","modified_gmt":"2022-04-16T17:28:49","slug":"meyart-karvan-qrupu-30-ilden-sonra-yeniden-sehnede","status":"publish","type":"post","link":"https:\/\/www.meydan.tv\/az\/article\/meyart-karvan-qrupu-30-ilden-sonra-yeniden-sehnede\/","title":{"rendered":"MeyArt &#8211; &#8220;Karvan&#8221; qrupu 30 ild\u0259n sonra yenid\u0259n s\u0259hn\u0259d\u0259"},"content":{"rendered":"\n<figure class=\"wp-block-embed is-type-video is-provider-youtube wp-block-embed-youtube wp-embed-aspect-16-9 wp-has-aspect-ratio\"><div class=\"wp-block-embed__wrapper\">\n<iframe title=\"MeyArt - &quot;Karvan&quot; qrupu 30 ild\u0259n sonra yenid\u0259n s\u0259hn\u0259d\u0259\" width=\"1200\" height=\"675\" data-src=\"https:\/\/www.youtube.com\/embed\/ZvOf6tOh7tI?feature=oembed\" frameborder=\"0\" allow=\"accelerometer; autoplay; clipboard-write; encrypted-media; gyroscope; picture-in-picture\" allowfullscreen src=\"data:image\/svg+xml;base64,PHN2ZyB3aWR0aD0iMSIgaGVpZ2h0PSIxIiB4bWxucz0iaHR0cDovL3d3dy53My5vcmcvMjAwMC9zdmciPjwvc3ZnPg==\" class=\"lazyload\" data-load-mode=\"1\"><\/iframe>\n<\/div><\/figure>\n\n\n\n<!--more-->\n\n\n\n<p>30 ild\u0259n sonra \u0259fsan\u0259vi \u201cKarvan\u201d qrupu yenid\u0259n bir arada s\u0259hn\u0259 alacaq. \u201cKarvan\u201d qrupunun konserti may\u0131n 24- d\u0259 Heyd\u0259r \u018fliyev Saray\u0131nda ba\u015f tutacaq. Biletl\u0259rin qiym\u0259ti 20- 150 manat aras\u0131nda d\u0259yi\u015fir.<\/p>\n\n\n\n<p>Bak\u0131da heyk\u0259ll\u0259r yuyulacaq. Beyn\u0259lxalq Abid\u0259l\u0259r v\u0259 Tarixi Yerl\u0259r G\u00fcn\u00fc m\u00fcnasib\u0259til\u0259 aprelin 18-d\u0259 M\u0259d\u0259niyy\u0259t Nazirliyi v\u0259 G\u0259ncl\u0259r Fondunun birg\u0259 t\u0259\u015fkilat\u00e7\u0131l\u0131\u011f\u0131 il\u0259 \u201cT\u0259miz heyk\u0259l\u201d adl\u0131 layih\u0259 h\u0259yata ke\u00e7iril\u0259c\u0259k. Layih\u0259 \u00e7\u0259r\u00e7iv\u0259sind\u0259 Bak\u0131 \u015f\u0259h\u0259rind\u0259 s\u0259n\u0259t n\u00fcmun\u0259l\u0259rind\u0259n olan heyk\u0259l, b\u00fcst v\u0259 barelyefl\u0259rin x\u00fcsusi m\u0259hlullarla t\u0259mizl\u0259nm\u0259si v\u0259 yuyulmas\u0131 n\u0259z\u0259rd\u0259 tutulur.&nbsp;<\/p>\n\n\n\n<p>D\u00fcnyan\u0131n \u0259n z\u0259ngin i\u015f adam\u0131 Elon Musk \u201cTwitter\u201d platformas\u0131n\u0131n b\u00fct\u00fcn hiss\u0259l\u0259rin\u0259 sahib olmaq ist\u0259yir. Musk sosial \u015f\u0259b\u0259k\u0259ni \u0259ld\u0259 etm\u0259k \u00fc\u00e7\u00fcn 41 milyard dollara yax\u0131n pul t\u0259klif edib. O deyir ki,&nbsp;<\/p>\n\n\n\n<p>\u201cTwitter\u201d\u0131n d\u00fcnya \u00e7ap\u0131nda ifade azadl\u0131\u011f\u0131 platformas\u0131 olmas\u0131na inand\u0131\u011f\u0131 \u00fc\u00e7\u00fcn s\u0259rmay\u0259 qoyub.&nbsp; \u0130fad\u0259 azadl\u0131\u011f\u0131n\u0131n i\u015fl\u0259y\u0259n demokratiya \u00fc\u00e7\u00fcn sosial m\u0259cburiyy\u0259t oldu\u011funa inand\u0131\u011f\u0131n\u0131 deyir.<\/p>\n\n\n\n<p>50 ya\u015f\u0131ndaki Elon Musk 80 milyona yax\u0131n izl\u0259yicisiyl\u0259 \u201cTwitter\u201din en populyar istifad\u0259\u00e7il\u0259rind\u0259ndir.&nbsp;<\/p>\n\n\n\n<p>T\u00fcrkiy\u0259 Prezident Administrasiyas\u0131n\u0131n Simfonik Orkestrinin musiqi\u00e7il\u0259ri Ukraynadak\u0131 h\u0259rbi m\u00fcnaqi\u015f\u0259y\u0259 g\u00f6r\u0259 qada\u011falarla \u00fczl\u0259\u015f\u0259n rusiyal\u0131 h\u0259mkarlar\u0131na d\u0259st\u0259kl\u0259rini bildiribl\u0259r. Orkestrin r\u0259hb\u0259ri Sibel Ayhan Bayer musiqinin siyas\u0259td\u0259n daha \u00fcst\u00fcn oldu\u011funu deyib. Bildirib ki, konsert repertuarlar\u0131nda daim rus b\u0259st\u0259karlar\u0131na m\u00fcraci\u0259t olunur v\u0259 rusiyal\u0131 ifa\u00e7\u0131larla daimi \u0259m\u0259kda\u015fl\u0131q \u0259laq\u0259l\u0259ri qurulur.<\/p>\n\n\n\n<p>Rusiyan\u0131n h\u0259rbi q\u00fcvv\u0259l\u0259ri fevral\u0131n 24-d\u0259 Ukrayna \u0259razisin\u0259 daxil olandan sonra, \u0259ks\u0259r d\u00f6vl\u0259tl\u0259r ona sanksiya t\u0259tbiq edib.<\/p>\n\n\n\n<p>Bu qada\u011falar m\u0259d\u0259niyy\u0259t\u0259 sah\u0259sind\u0259n d\u0259 yan ke\u00e7m\u0259di.<\/p>\n\n\n\n<p>75-ci Kann Film Festival\u0131 bu il may\u0131n 17-d\u0259n 28-d\u0259k Fransada ke\u00e7iril\u0259c\u0259k. Festival\u0131n \u0259sas n\u00fcmay\u0259nd\u0259si Tyeri Fremo Kann Film Festival\u0131n\u0131n Ukraynadak\u0131 m\u00fcharib\u0259, d\u0259yi\u015fmi\u015f v\u0259 yenid\u0259n d\u0259yi\u015f\u0259c\u0259k d\u00fcnya \u015f\u0259raitind\u0259 ba\u015f tutaca\u011f\u0131n\u0131 bildirib. Bu il Kann Festival\u0131na 2200-d\u0259n \u00e7ox film t\u0259qdim olunub. Onlardan t\u0259xmin\u0259n 20-si \u201cQ\u0131z\u0131l Palma\u201d \u00fc\u00e7\u00fcn yar\u0131\u015facaq. Fransada ke\u00e7iril\u0259c\u0259k festival Ukrayna xalq\u0131n\u0131n maraqlar\u0131n\u0131 t\u0259min ed\u0259n \u015f\u0259rtl\u0259rl\u0259 h\u00fccum dayand\u0131r\u0131lana q\u0259d\u0259r Rusiya h\u00f6kum\u0259tin\u0259 ba\u011fl\u0131 r\u0259smi n\u00fcmay\u0259nd\u0259 hey\u0259ti q\u0259bul edilm\u0259y\u0259c\u0259k. Ancaq bir m\u00fcdd\u0259tdir Almaniyada ya\u015fayan m\u00fcxalif rus rejissor Kirill Serebrennikov &#8220;\u00c7aykovskinin arvad\u0131&#8221; filmi il\u0259 &#8220;Q\u0131z\u0131l Palma&#8221; m\u00fckafat\u0131 \u00fc\u00e7\u00fcn yar\u0131\u015facaq.<\/p>\n","protected":false},"excerpt":{"rendered":"","protected":false},"author":14,"featured_media":242068,"comment_status":"closed","ping_status":"closed","sticky":false,"template":"","format":"standard","meta":{"_acf_changed":false,"_sitemap_exclude":false,"_sitemap_priority":"","_sitemap_frequency":"","footnotes":""},"categories":[52,63],"tags":[],"class_list":["post-242067","post","type-post","status-publish","format-standard","has-post-thumbnail","hentry","category-medeniyyet","category-video-2","infinite-scroll-item","generate-columns","tablet-grid-50","mobile-grid-100","grid-parent","grid-33","no-featured-image-padding"],"acf":[],"yoast_head":"<!-- This site is optimized with the Yoast SEO plugin v27.5 - https:\/\/yoast.com\/product\/yoast-seo-wordpress\/ -->\n<title>MeyArt - &quot;Karvan&quot; qrupu 30 ild\u0259n sonra yenid\u0259n s\u0259hn\u0259d\u0259 - MEYDAN.TV<\/title>\n<meta name=\"robots\" content=\"index, follow, max-snippet:-1, max-image-preview:large, max-video-preview:-1\" \/>\n<link rel=\"canonical\" href=\"https:\/\/www.meydan.tv\/az\/article\/meyart-karvan-qrupu-30-ilden-sonra-yeniden-sehnede\/\" \/>\n<meta property=\"og:locale\" content=\"az_AZ\" \/>\n<meta property=\"og:type\" content=\"article\" \/>\n<meta property=\"og:title\" content=\"MeyArt - &quot;Karvan&quot; qrupu 30 ild\u0259n sonra yenid\u0259n s\u0259hn\u0259d\u0259 - MEYDAN.TV\" \/>\n<meta property=\"og:url\" content=\"https:\/\/www.meydan.tv\/az\/article\/meyart-karvan-qrupu-30-ilden-sonra-yeniden-sehnede\/\" \/>\n<meta property=\"og:site_name\" content=\"MEYDAN.TV\" \/>\n<meta property=\"article:published_time\" content=\"2022-04-16T17:28:48+00:00\" \/>\n<meta property=\"article:modified_time\" content=\"2022-04-16T17:28:49+00:00\" \/>\n<meta property=\"og:image\" content=\"https:\/\/www.meydan.tv\/wp-content\/uploads\/screenshot-at-apr-16-17-26-52.png\" \/>\n\t<meta property=\"og:image:width\" content=\"1318\" \/>\n\t<meta property=\"og:image:height\" content=\"742\" \/>\n\t<meta property=\"og:image:type\" content=\"image\/png\" \/>\n<meta name=\"author\" content=\"roma\" \/>\n<meta name=\"twitter:card\" content=\"summary_large_image\" \/>\n<script type=\"application\/ld+json\" class=\"yoast-schema-graph\">{\"@context\":\"https:\\\/\\\/schema.org\",\"@graph\":[{\"@type\":\"Article\",\"@id\":\"https:\\\/\\\/www.meydan.tv\\\/az\\\/article\\\/meyart-karvan-qrupu-30-ilden-sonra-yeniden-sehnede\\\/#article\",\"isPartOf\":{\"@id\":\"https:\\\/\\\/www.meydan.tv\\\/az\\\/article\\\/meyart-karvan-qrupu-30-ilden-sonra-yeniden-sehnede\\\/\"},\"author\":{\"name\":\"roma\",\"@id\":\"https:\\\/\\\/www.meydan.tv\\\/az\\\/#\\\/schema\\\/person\\\/8f23e01c4de63326c13c319fb65ee65d\"},\"headline\":\"MeyArt &#8211; &#8220;Karvan&#8221; qrupu 30 ild\u0259n sonra yenid\u0259n s\u0259hn\u0259d\u0259\",\"datePublished\":\"2022-04-16T17:28:48+00:00\",\"dateModified\":\"2022-04-16T17:28:49+00:00\",\"mainEntityOfPage\":{\"@id\":\"https:\\\/\\\/www.meydan.tv\\\/az\\\/article\\\/meyart-karvan-qrupu-30-ilden-sonra-yeniden-sehnede\\\/\"},\"wordCount\":510,\"publisher\":{\"@id\":\"https:\\\/\\\/www.meydan.tv\\\/az\\\/#organization\"},\"image\":{\"@id\":\"https:\\\/\\\/www.meydan.tv\\\/az\\\/article\\\/meyart-karvan-qrupu-30-ilden-sonra-yeniden-sehnede\\\/#primaryimage\"},\"thumbnailUrl\":\"https:\\\/\\\/www.meydan.tv\\\/wp-content\\\/uploads\\\/screenshot-at-apr-16-17-26-52.png\",\"articleSection\":[\"M\u0259d\u0259niyy\u0259t\",\"Video\"],\"inLanguage\":\"az\"},{\"@type\":\"WebPage\",\"@id\":\"https:\\\/\\\/www.meydan.tv\\\/az\\\/article\\\/meyart-karvan-qrupu-30-ilden-sonra-yeniden-sehnede\\\/\",\"url\":\"https:\\\/\\\/www.meydan.tv\\\/az\\\/article\\\/meyart-karvan-qrupu-30-ilden-sonra-yeniden-sehnede\\\/\",\"name\":\"MeyArt - \\\"Karvan\\\" qrupu 30 ild\u0259n sonra yenid\u0259n s\u0259hn\u0259d\u0259 - MEYDAN.TV\",\"isPartOf\":{\"@id\":\"https:\\\/\\\/www.meydan.tv\\\/az\\\/#website\"},\"primaryImageOfPage\":{\"@id\":\"https:\\\/\\\/www.meydan.tv\\\/az\\\/article\\\/meyart-karvan-qrupu-30-ilden-sonra-yeniden-sehnede\\\/#primaryimage\"},\"image\":{\"@id\":\"https:\\\/\\\/www.meydan.tv\\\/az\\\/article\\\/meyart-karvan-qrupu-30-ilden-sonra-yeniden-sehnede\\\/#primaryimage\"},\"thumbnailUrl\":\"https:\\\/\\\/www.meydan.tv\\\/wp-content\\\/uploads\\\/screenshot-at-apr-16-17-26-52.png\",\"datePublished\":\"2022-04-16T17:28:48+00:00\",\"dateModified\":\"2022-04-16T17:28:49+00:00\",\"breadcrumb\":{\"@id\":\"https:\\\/\\\/www.meydan.tv\\\/az\\\/article\\\/meyart-karvan-qrupu-30-ilden-sonra-yeniden-sehnede\\\/#breadcrumb\"},\"inLanguage\":\"az\",\"potentialAction\":[{\"@type\":\"ReadAction\",\"target\":[\"https:\\\/\\\/www.meydan.tv\\\/az\\\/article\\\/meyart-karvan-qrupu-30-ilden-sonra-yeniden-sehnede\\\/\"]}]},{\"@type\":\"ImageObject\",\"inLanguage\":\"az\",\"@id\":\"https:\\\/\\\/www.meydan.tv\\\/az\\\/article\\\/meyart-karvan-qrupu-30-ilden-sonra-yeniden-sehnede\\\/#primaryimage\",\"url\":\"https:\\\/\\\/www.meydan.tv\\\/wp-content\\\/uploads\\\/screenshot-at-apr-16-17-26-52.png\",\"contentUrl\":\"https:\\\/\\\/www.meydan.tv\\\/wp-content\\\/uploads\\\/screenshot-at-apr-16-17-26-52.png\",\"width\":1318,\"height\":742},{\"@type\":\"BreadcrumbList\",\"@id\":\"https:\\\/\\\/www.meydan.tv\\\/az\\\/article\\\/meyart-karvan-qrupu-30-ilden-sonra-yeniden-sehnede\\\/#breadcrumb\",\"itemListElement\":[{\"@type\":\"ListItem\",\"position\":1,\"name\":\"Ana s\u0259hif\u0259\",\"item\":\"https:\\\/\\\/www.meydan.tv\\\/az\\\/\"},{\"@type\":\"ListItem\",\"position\":2,\"name\":\"Video\",\"item\":\"https:\\\/\\\/www.meydan.tv\\\/az\\\/section\\\/video-2\\\/\"},{\"@type\":\"ListItem\",\"position\":3,\"name\":\"MeyArt &#8211; &#8220;Karvan&#8221; qrupu 30 ild\u0259n sonra yenid\u0259n s\u0259hn\u0259d\u0259\"}]},{\"@type\":\"WebSite\",\"@id\":\"https:\\\/\\\/www.meydan.tv\\\/az\\\/#website\",\"url\":\"https:\\\/\\\/www.meydan.tv\\\/az\\\/\",\"name\":\"MEYDAN.TV\",\"description\":\"Meydan TV Az\u0259rbaycan\u0131n media m\u0259kan\u0131ndak\u0131 alternativ s\u0259sidir\",\"publisher\":{\"@id\":\"https:\\\/\\\/www.meydan.tv\\\/az\\\/#organization\"},\"potentialAction\":[{\"@type\":\"SearchAction\",\"target\":{\"@type\":\"EntryPoint\",\"urlTemplate\":\"https:\\\/\\\/www.meydan.tv\\\/az\\\/?s={search_term_string}\"},\"query-input\":{\"@type\":\"PropertyValueSpecification\",\"valueRequired\":true,\"valueName\":\"search_term_string\"}}],\"inLanguage\":\"az\"},{\"@type\":\"Organization\",\"@id\":\"https:\\\/\\\/www.meydan.tv\\\/az\\\/#organization\",\"name\":\"Meydan TV\",\"url\":\"https:\\\/\\\/www.meydan.tv\\\/az\\\/\",\"logo\":{\"@type\":\"ImageObject\",\"inLanguage\":\"az\",\"@id\":\"https:\\\/\\\/www.meydan.tv\\\/az\\\/#\\\/schema\\\/logo\\\/image\\\/\",\"url\":\"https:\\\/\\\/www.meydan.tv\\\/wp-content\\\/uploads\\\/2021\\\/07\\\/meydan-logo.svg\",\"contentUrl\":\"https:\\\/\\\/www.meydan.tv\\\/wp-content\\\/uploads\\\/2021\\\/07\\\/meydan-logo.svg\",\"width\":195,\"height\":46,\"caption\":\"Meydan TV\"},\"image\":{\"@id\":\"https:\\\/\\\/www.meydan.tv\\\/az\\\/#\\\/schema\\\/logo\\\/image\\\/\"}},{\"@type\":\"Person\",\"@id\":\"https:\\\/\\\/www.meydan.tv\\\/az\\\/#\\\/schema\\\/person\\\/8f23e01c4de63326c13c319fb65ee65d\",\"name\":\"roma\"}]}<\/script>\n<!-- \/ Yoast SEO plugin. -->","yoast_head_json":{"title":"MeyArt - \"Karvan\" qrupu 30 ild\u0259n sonra yenid\u0259n s\u0259hn\u0259d\u0259 - MEYDAN.TV","robots":{"index":"index","follow":"follow","max-snippet":"max-snippet:-1","max-image-preview":"max-image-preview:large","max-video-preview":"max-video-preview:-1"},"canonical":"https:\/\/www.meydan.tv\/az\/article\/meyart-karvan-qrupu-30-ilden-sonra-yeniden-sehnede\/","og_locale":"az_AZ","og_type":"article","og_title":"MeyArt - \"Karvan\" qrupu 30 ild\u0259n sonra yenid\u0259n s\u0259hn\u0259d\u0259 - MEYDAN.TV","og_url":"https:\/\/www.meydan.tv\/az\/article\/meyart-karvan-qrupu-30-ilden-sonra-yeniden-sehnede\/","og_site_name":"MEYDAN.TV","article_published_time":"2022-04-16T17:28:48+00:00","article_modified_time":"2022-04-16T17:28:49+00:00","og_image":[{"width":1318,"height":742,"url":"https:\/\/www.meydan.tv\/wp-content\/uploads\/screenshot-at-apr-16-17-26-52.png","type":"image\/png"}],"author":"roma","twitter_card":"summary_large_image","schema":{"@context":"https:\/\/schema.org","@graph":[{"@type":"Article","@id":"https:\/\/www.meydan.tv\/az\/article\/meyart-karvan-qrupu-30-ilden-sonra-yeniden-sehnede\/#article","isPartOf":{"@id":"https:\/\/www.meydan.tv\/az\/article\/meyart-karvan-qrupu-30-ilden-sonra-yeniden-sehnede\/"},"author":{"name":"roma","@id":"https:\/\/www.meydan.tv\/az\/#\/schema\/person\/8f23e01c4de63326c13c319fb65ee65d"},"headline":"MeyArt &#8211; &#8220;Karvan&#8221; qrupu 30 ild\u0259n sonra yenid\u0259n s\u0259hn\u0259d\u0259","datePublished":"2022-04-16T17:28:48+00:00","dateModified":"2022-04-16T17:28:49+00:00","mainEntityOfPage":{"@id":"https:\/\/www.meydan.tv\/az\/article\/meyart-karvan-qrupu-30-ilden-sonra-yeniden-sehnede\/"},"wordCount":510,"publisher":{"@id":"https:\/\/www.meydan.tv\/az\/#organization"},"image":{"@id":"https:\/\/www.meydan.tv\/az\/article\/meyart-karvan-qrupu-30-ilden-sonra-yeniden-sehnede\/#primaryimage"},"thumbnailUrl":"https:\/\/www.meydan.tv\/wp-content\/uploads\/screenshot-at-apr-16-17-26-52.png","articleSection":["M\u0259d\u0259niyy\u0259t","Video"],"inLanguage":"az"},{"@type":"WebPage","@id":"https:\/\/www.meydan.tv\/az\/article\/meyart-karvan-qrupu-30-ilden-sonra-yeniden-sehnede\/","url":"https:\/\/www.meydan.tv\/az\/article\/meyart-karvan-qrupu-30-ilden-sonra-yeniden-sehnede\/","name":"MeyArt - \"Karvan\" qrupu 30 ild\u0259n sonra yenid\u0259n s\u0259hn\u0259d\u0259 - MEYDAN.TV","isPartOf":{"@id":"https:\/\/www.meydan.tv\/az\/#website"},"primaryImageOfPage":{"@id":"https:\/\/www.meydan.tv\/az\/article\/meyart-karvan-qrupu-30-ilden-sonra-yeniden-sehnede\/#primaryimage"},"image":{"@id":"https:\/\/www.meydan.tv\/az\/article\/meyart-karvan-qrupu-30-ilden-sonra-yeniden-sehnede\/#primaryimage"},"thumbnailUrl":"https:\/\/www.meydan.tv\/wp-content\/uploads\/screenshot-at-apr-16-17-26-52.png","datePublished":"2022-04-16T17:28:48+00:00","dateModified":"2022-04-16T17:28:49+00:00","breadcrumb":{"@id":"https:\/\/www.meydan.tv\/az\/article\/meyart-karvan-qrupu-30-ilden-sonra-yeniden-sehnede\/#breadcrumb"},"inLanguage":"az","potentialAction":[{"@type":"ReadAction","target":["https:\/\/www.meydan.tv\/az\/article\/meyart-karvan-qrupu-30-ilden-sonra-yeniden-sehnede\/"]}]},{"@type":"ImageObject","inLanguage":"az","@id":"https:\/\/www.meydan.tv\/az\/article\/meyart-karvan-qrupu-30-ilden-sonra-yeniden-sehnede\/#primaryimage","url":"https:\/\/www.meydan.tv\/wp-content\/uploads\/screenshot-at-apr-16-17-26-52.png","contentUrl":"https:\/\/www.meydan.tv\/wp-content\/uploads\/screenshot-at-apr-16-17-26-52.png","width":1318,"height":742},{"@type":"BreadcrumbList","@id":"https:\/\/www.meydan.tv\/az\/article\/meyart-karvan-qrupu-30-ilden-sonra-yeniden-sehnede\/#breadcrumb","itemListElement":[{"@type":"ListItem","position":1,"name":"Ana s\u0259hif\u0259","item":"https:\/\/www.meydan.tv\/az\/"},{"@type":"ListItem","position":2,"name":"Video","item":"https:\/\/www.meydan.tv\/az\/section\/video-2\/"},{"@type":"ListItem","position":3,"name":"MeyArt &#8211; &#8220;Karvan&#8221; qrupu 30 ild\u0259n sonra yenid\u0259n s\u0259hn\u0259d\u0259"}]},{"@type":"WebSite","@id":"https:\/\/www.meydan.tv\/az\/#website","url":"https:\/\/www.meydan.tv\/az\/","name":"MEYDAN.TV","description":"Meydan TV Az\u0259rbaycan\u0131n media m\u0259kan\u0131ndak\u0131 alternativ s\u0259sidir","publisher":{"@id":"https:\/\/www.meydan.tv\/az\/#organization"},"potentialAction":[{"@type":"SearchAction","target":{"@type":"EntryPoint","urlTemplate":"https:\/\/www.meydan.tv\/az\/?s={search_term_string}"},"query-input":{"@type":"PropertyValueSpecification","valueRequired":true,"valueName":"search_term_string"}}],"inLanguage":"az"},{"@type":"Organization","@id":"https:\/\/www.meydan.tv\/az\/#organization","name":"Meydan TV","url":"https:\/\/www.meydan.tv\/az\/","logo":{"@type":"ImageObject","inLanguage":"az","@id":"https:\/\/www.meydan.tv\/az\/#\/schema\/logo\/image\/","url":"https:\/\/www.meydan.tv\/wp-content\/uploads\/2021\/07\/meydan-logo.svg","contentUrl":"https:\/\/www.meydan.tv\/wp-content\/uploads\/2021\/07\/meydan-logo.svg","width":195,"height":46,"caption":"Meydan TV"},"image":{"@id":"https:\/\/www.meydan.tv\/az\/#\/schema\/logo\/image\/"}},{"@type":"Person","@id":"https:\/\/www.meydan.tv\/az\/#\/schema\/person\/8f23e01c4de63326c13c319fb65ee65d","name":"roma"}]}},"_links":{"self":[{"href":"https:\/\/www.meydan.tv\/az\/wp-json\/wp\/v2\/posts\/242067","targetHints":{"allow":["GET"]}}],"collection":[{"href":"https:\/\/www.meydan.tv\/az\/wp-json\/wp\/v2\/posts"}],"about":[{"href":"https:\/\/www.meydan.tv\/az\/wp-json\/wp\/v2\/types\/post"}],"author":[{"embeddable":true,"href":"https:\/\/www.meydan.tv\/az\/wp-json\/wp\/v2\/users\/14"}],"replies":[{"embeddable":true,"href":"https:\/\/www.meydan.tv\/az\/wp-json\/wp\/v2\/comments?post=242067"}],"version-history":[{"count":1,"href":"https:\/\/www.meydan.tv\/az\/wp-json\/wp\/v2\/posts\/242067\/revisions"}],"predecessor-version":[{"id":242076,"href":"https:\/\/www.meydan.tv\/az\/wp-json\/wp\/v2\/posts\/242067\/revisions\/242076"}],"wp:featuredmedia":[{"embeddable":true,"href":"https:\/\/www.meydan.tv\/az\/wp-json\/wp\/v2\/media\/242068"}],"wp:attachment":[{"href":"https:\/\/www.meydan.tv\/az\/wp-json\/wp\/v2\/media?parent=242067"}],"wp:term":[{"taxonomy":"category","embeddable":true,"href":"https:\/\/www.meydan.tv\/az\/wp-json\/wp\/v2\/categories?post=242067"},{"taxonomy":"post_tag","embeddable":true,"href":"https:\/\/www.meydan.tv\/az\/wp-json\/wp\/v2\/tags?post=242067"}],"curies":[{"name":"wp","href":"https:\/\/api.w.org\/{rel}","templated":true}]}}