{"id":242016,"date":"2022-04-15T15:57:56","date_gmt":"2022-04-15T11:57:56","guid":{"rendered":"https:\/\/www.meydan.tv\/?p=242016"},"modified":"2022-04-15T15:57:57","modified_gmt":"2022-04-15T11:57:57","slug":"rusiyada-fealiyyet-gosteren-ecnebi-senet-adamlarina-tezyiqler-var","status":"publish","type":"post","link":"https:\/\/www.meydan.tv\/az\/article\/rusiyada-fealiyyet-gosteren-ecnebi-senet-adamlarina-tezyiqler-var\/","title":{"rendered":"\u201cRusiyada f\u0259aliyy\u0259t g\u00f6st\u0259r\u0259n \u0259cn\u0259bi s\u0259n\u0259t adamlar\u0131na t\u0259zyiql\u0259r var\u201d"},"content":{"rendered":"\n<p><\/p>\n\n\n\n<p><em>Rusiya m\u0259d\u0259niyy\u0259t naziri: \u201cXaricd\u0259n t\u0259zyiql\u0259r edils\u0259 d\u0259, onlar biziml\u0259 i\u015fl\u0259m\u0259k ist\u0259yirl\u0259r\u201d<\/em><\/p>\n\n\n\n<p>\u201cRusiyada m\u0259d\u0259niyy\u0259t sah\u0259sind\u0259 f\u0259aliyy\u0259t g\u00f6st\u0259r\u0259n xarici m\u00fct\u0259x\u0259ssisl\u0259r\u0259 t\u0259zyiql\u0259r edirl\u0259r ki, biziml\u0259 \u0259m\u0259kda\u015fl\u0131qdan imtina etsinl\u0259r. Amma b\u00f6y\u00fck t\u0259zyiql\u0259r\u0259 baxmayaraq, onlar biziml\u0259 i\u015fl\u0259m\u0259kd\u0259 maraql\u0131d\u0131rlar&#8221;.<\/p>\n\n\n\n<p>Bunu Rusiyan\u0131n m\u0259d\u0259niyy\u0259t naziri Olqa Lyubimova <a href=\"https:\/\/lenta.ru\/news\/2022\/04\/13\/culture\/\" target=\"_blank\" rel=\"noreferrer noopener\">deyib<\/a>.<\/p>\n\n\n\n<p>O, h\u0259m\u00e7inin qeyd edib ki, xaricd\u0259 rus m\u0259d\u0259niyy\u0259tinin l\u0259\u011fvi qeyri-m\u00fcmk\u00fcnd\u00fcr: <\/p>\n\n\n\n<p>\u201cRus m\u0259d\u0259niyy\u0259ti g\u00f6z b\u0259b\u0259yi kimi qorunacaq. \u00dcmid edir\u0259m ki, sonra d\u00fcnya inc\u0259s\u0259n\u0259t v\u0259 m\u0259d\u0259niyy\u0259t xadiml\u0259rinin s\u0259hn\u0259d\u0259 v\u0259 ya muzeyl\u0259rd\u0259 i\u015fl\u0259m\u0259si istiqam\u0259tind\u0259 yax\u015f\u0131ya do\u011fru d\u00fcz\u0259l\u0259c\u0259k\u201d.<\/p>\n\n\n\n<p>Rusiyan\u0131n h\u0259rbi q\u00fcvv\u0259l\u0259ri fevral\u0131n 24-d\u0259 Ukrayna \u0259razisin\u0259 daxil olandan sonra \u0259ks\u0259r d\u00f6vl\u0259tl\u0259r ona sanksiya t\u0259tbiq edib.<\/p>\n\n\n\n<p>Sanksiyalar iqtisadiyyat, maliyy\u0259 sah\u0259sind\u0259n m\u0259d\u0259niyy\u0259t\u0259 ke\u00e7ib.<\/p>\n\n\n\n<p>Opera m\u00fc\u011f\u0259nnisi Anna Netrebkonun konsertl\u0259ri Prezident Vladimir Putin\u0259 etiraz etm\u0259diyi \u00fc\u00e7\u00fcn l\u0259\u011fv olunub.<\/p>\n\n\n\n<p>Dirijor Valeri Gerqiyevd\u0259n Rusiyan\u0131n h\u0259rbi \u0259m\u0259liyyatlar\u0131n\u0131 t\u0259nqid etm\u0259si t\u0259l\u0259b olunub. Amma dirijor imtina etdiyi \u00fc\u00e7\u00fcn \u201cLa Skala\u201d opera teatr\u0131n\u0131n v\u0259 M\u00fcnhen Filarmoniyas\u0131n\u0131n Orkestrinin ba\u015f dirijoru v\u0259zif\u0259sind\u0259n k\u0259narla\u015fd\u0131r\u0131l\u0131b.<\/p>\n\n\n\n<p>Nyu-Yorkda piano\u00e7u Denis Matsuyevin konserti l\u0259\u011fv olunub.<\/p>\n\n\n\n<p>\u201cNetflix\u201d Rusiyaya m\u0259xsus kinolayih\u0259l\u0259rin istehsal v\u0259 n\u00fcmayi\u015fini dayand\u0131r\u0131b.<\/p>\n\n\n\n<p>\u201cKann\u201d kinofestival\u0131n\u0131n r\u0259hb\u0259rliyi bu il Rusiyan\u0131n r\u0259smi n\u00fcmay\u0259nd\u0259 hey\u0259tinin i\u015ftirak\u0131n\u0131 qada\u011fan edib. Bununla bel\u0259, ayr\u0131-ayr\u0131 rejissorlar festivalda t\u0259msil oluna bil\u0259rl\u0259r.<\/p>\n\n\n\n<p>Hollivud studiyalar\u0131 Rusiyada filml\u0259rinin prokat\u0131ndan imtina edib. H\u0259m\u00e7inin bir s\u0131ra beyn\u0259lxalq musiqi, film \u015firk\u0259tl\u0259ri, o c\u00fcml\u0259d\u0259n teatrlar, kinostudiyalar Rusiya v\u0259 s\u0259n\u0259t\u00e7il\u0259ri il\u0259 \u0259m\u0259kda\u015fl\u0131\u011f\u0131 dayand\u0131r\u0131b.<\/p>\n","protected":false},"excerpt":{"rendered":"<p>Rusiya m\u0259d\u0259niyy\u0259t naziri: \u201cXaricd\u0259n t\u0259zyiql\u0259r edils\u0259 d\u0259, onlar biziml\u0259 i\u015fl\u0259m\u0259k &#8230; <\/p>\n<p class=\"read-more-container\"><a title=\"\u201cRusiyada f\u0259aliyy\u0259t g\u00f6st\u0259r\u0259n \u0259cn\u0259bi s\u0259n\u0259t adamlar\u0131na t\u0259zyiql\u0259r var\u201d\" class=\"read-more button\" href=\"https:\/\/www.meydan.tv\/az\/article\/rusiyada-fealiyyet-gosteren-ecnebi-senet-adamlarina-tezyiqler-var\/#more-242016\" aria-label=\"Read more about \u201cRusiyada f\u0259aliyy\u0259t g\u00f6st\u0259r\u0259n \u0259cn\u0259bi s\u0259n\u0259t adamlar\u0131na t\u0259zyiql\u0259r var\u201d\">Davam\u0131<\/a><\/p>\n","protected":false},"author":8,"featured_media":241097,"comment_status":"closed","ping_status":"closed","sticky":false,"template":"","format":"standard","meta":{"_acf_changed":false,"_sitemap_exclude":false,"_sitemap_priority":"","_sitemap_frequency":"","footnotes":""},"categories":[52,56],"tags":[],"class_list":["post-242016","post","type-post","status-publish","format-standard","has-post-thumbnail","hentry","category-medeniyyet","category-xeberler","infinite-scroll-item","generate-columns","tablet-grid-50","mobile-grid-100","grid-parent","grid-33","no-featured-image-padding"],"acf":[],"yoast_head":"<!-- This site is optimized with the Yoast SEO plugin v27.5 - https:\/\/yoast.com\/product\/yoast-seo-wordpress\/ -->\n<title>\u201cRusiyada f\u0259aliyy\u0259t g\u00f6st\u0259r\u0259n \u0259cn\u0259bi s\u0259n\u0259t adamlar\u0131na t\u0259zyiql\u0259r var\u201d - MEYDAN.TV<\/title>\n<meta name=\"robots\" content=\"index, follow, max-snippet:-1, max-image-preview:large, max-video-preview:-1\" \/>\n<link rel=\"canonical\" href=\"https:\/\/www.meydan.tv\/az\/article\/rusiyada-fealiyyet-gosteren-ecnebi-senet-adamlarina-tezyiqler-var\/\" \/>\n<meta property=\"og:locale\" content=\"az_AZ\" \/>\n<meta property=\"og:type\" content=\"article\" \/>\n<meta property=\"og:title\" content=\"\u201cRusiyada f\u0259aliyy\u0259t g\u00f6st\u0259r\u0259n \u0259cn\u0259bi s\u0259n\u0259t adamlar\u0131na t\u0259zyiql\u0259r var\u201d - MEYDAN.TV\" \/>\n<meta property=\"og:description\" content=\"Rusiya m\u0259d\u0259niyy\u0259t naziri: \u201cXaricd\u0259n t\u0259zyiql\u0259r edils\u0259 d\u0259, onlar biziml\u0259 i\u015fl\u0259m\u0259k ... Davam\u0131\" \/>\n<meta property=\"og:url\" content=\"https:\/\/www.meydan.tv\/az\/article\/rusiyada-fealiyyet-gosteren-ecnebi-senet-adamlarina-tezyiqler-var\/\" \/>\n<meta property=\"og:site_name\" content=\"MEYDAN.TV\" \/>\n<meta property=\"article:published_time\" content=\"2022-04-15T11:57:56+00:00\" \/>\n<meta property=\"article:modified_time\" content=\"2022-04-15T11:57:57+00:00\" \/>\n<meta property=\"og:image\" content=\"https:\/\/www.meydan.tv\/wp-content\/uploads\/shutterstock_2004296078-e1649407588776.jpg\" \/>\n\t<meta property=\"og:image:width\" content=\"1200\" \/>\n\t<meta property=\"og:image:height\" content=\"636\" \/>\n\t<meta property=\"og:image:type\" content=\"image\/jpeg\" \/>\n<meta name=\"author\" content=\"elli\" \/>\n<meta name=\"twitter:card\" content=\"summary_large_image\" \/>\n<meta name=\"twitter:creator\" content=\"@elli\" \/>\n<script type=\"application\/ld+json\" class=\"yoast-schema-graph\">{\"@context\":\"https:\\\/\\\/schema.org\",\"@graph\":[{\"@type\":\"Article\",\"@id\":\"https:\\\/\\\/www.meydan.tv\\\/az\\\/article\\\/rusiyada-fealiyyet-gosteren-ecnebi-senet-adamlarina-tezyiqler-var\\\/#article\",\"isPartOf\":{\"@id\":\"https:\\\/\\\/www.meydan.tv\\\/az\\\/article\\\/rusiyada-fealiyyet-gosteren-ecnebi-senet-adamlarina-tezyiqler-var\\\/\"},\"author\":{\"name\":\"elli\",\"@id\":\"https:\\\/\\\/www.meydan.tv\\\/az\\\/#\\\/schema\\\/person\\\/9cdbecf90d17180ce1dfbd95b08dcf47\"},\"headline\":\"\u201cRusiyada f\u0259aliyy\u0259t g\u00f6st\u0259r\u0259n \u0259cn\u0259bi s\u0259n\u0259t adamlar\u0131na t\u0259zyiql\u0259r var\u201d\",\"datePublished\":\"2022-04-15T11:57:56+00:00\",\"dateModified\":\"2022-04-15T11:57:57+00:00\",\"mainEntityOfPage\":{\"@id\":\"https:\\\/\\\/www.meydan.tv\\\/az\\\/article\\\/rusiyada-fealiyyet-gosteren-ecnebi-senet-adamlarina-tezyiqler-var\\\/\"},\"wordCount\":382,\"publisher\":{\"@id\":\"https:\\\/\\\/www.meydan.tv\\\/az\\\/#organization\"},\"image\":{\"@id\":\"https:\\\/\\\/www.meydan.tv\\\/az\\\/article\\\/rusiyada-fealiyyet-gosteren-ecnebi-senet-adamlarina-tezyiqler-var\\\/#primaryimage\"},\"thumbnailUrl\":\"https:\\\/\\\/www.meydan.tv\\\/wp-content\\\/uploads\\\/shutterstock_2004296078-e1649407588776.jpg\",\"articleSection\":[\"M\u0259d\u0259niyy\u0259t\",\"X\u0259b\u0259rl\u0259r\"],\"inLanguage\":\"az\"},{\"@type\":\"WebPage\",\"@id\":\"https:\\\/\\\/www.meydan.tv\\\/az\\\/article\\\/rusiyada-fealiyyet-gosteren-ecnebi-senet-adamlarina-tezyiqler-var\\\/\",\"url\":\"https:\\\/\\\/www.meydan.tv\\\/az\\\/article\\\/rusiyada-fealiyyet-gosteren-ecnebi-senet-adamlarina-tezyiqler-var\\\/\",\"name\":\"\u201cRusiyada f\u0259aliyy\u0259t g\u00f6st\u0259r\u0259n \u0259cn\u0259bi s\u0259n\u0259t adamlar\u0131na t\u0259zyiql\u0259r var\u201d - MEYDAN.TV\",\"isPartOf\":{\"@id\":\"https:\\\/\\\/www.meydan.tv\\\/az\\\/#website\"},\"primaryImageOfPage\":{\"@id\":\"https:\\\/\\\/www.meydan.tv\\\/az\\\/article\\\/rusiyada-fealiyyet-gosteren-ecnebi-senet-adamlarina-tezyiqler-var\\\/#primaryimage\"},\"image\":{\"@id\":\"https:\\\/\\\/www.meydan.tv\\\/az\\\/article\\\/rusiyada-fealiyyet-gosteren-ecnebi-senet-adamlarina-tezyiqler-var\\\/#primaryimage\"},\"thumbnailUrl\":\"https:\\\/\\\/www.meydan.tv\\\/wp-content\\\/uploads\\\/shutterstock_2004296078-e1649407588776.jpg\",\"datePublished\":\"2022-04-15T11:57:56+00:00\",\"dateModified\":\"2022-04-15T11:57:57+00:00\",\"breadcrumb\":{\"@id\":\"https:\\\/\\\/www.meydan.tv\\\/az\\\/article\\\/rusiyada-fealiyyet-gosteren-ecnebi-senet-adamlarina-tezyiqler-var\\\/#breadcrumb\"},\"inLanguage\":\"az\",\"potentialAction\":[{\"@type\":\"ReadAction\",\"target\":[\"https:\\\/\\\/www.meydan.tv\\\/az\\\/article\\\/rusiyada-fealiyyet-gosteren-ecnebi-senet-adamlarina-tezyiqler-var\\\/\"]}]},{\"@type\":\"ImageObject\",\"inLanguage\":\"az\",\"@id\":\"https:\\\/\\\/www.meydan.tv\\\/az\\\/article\\\/rusiyada-fealiyyet-gosteren-ecnebi-senet-adamlarina-tezyiqler-var\\\/#primaryimage\",\"url\":\"https:\\\/\\\/www.meydan.tv\\\/wp-content\\\/uploads\\\/shutterstock_2004296078-e1649407588776.jpg\",\"contentUrl\":\"https:\\\/\\\/www.meydan.tv\\\/wp-content\\\/uploads\\\/shutterstock_2004296078-e1649407588776.jpg\",\"width\":1200,\"height\":636,\"caption\":\"Rusiyan\u0131n m\u0259d\u0259niyy\u0259t naziri Olqa Lyubimova. Foto: Alexey Smyshlyaev\\\/shutterstock\"},{\"@type\":\"BreadcrumbList\",\"@id\":\"https:\\\/\\\/www.meydan.tv\\\/az\\\/article\\\/rusiyada-fealiyyet-gosteren-ecnebi-senet-adamlarina-tezyiqler-var\\\/#breadcrumb\",\"itemListElement\":[{\"@type\":\"ListItem\",\"position\":1,\"name\":\"Ana s\u0259hif\u0259\",\"item\":\"https:\\\/\\\/www.meydan.tv\\\/az\\\/\"},{\"@type\":\"ListItem\",\"position\":2,\"name\":\"M\u0259d\u0259niyy\u0259t\",\"item\":\"https:\\\/\\\/www.meydan.tv\\\/az\\\/section\\\/medeniyyet\\\/\"},{\"@type\":\"ListItem\",\"position\":3,\"name\":\"\u201cRusiyada f\u0259aliyy\u0259t g\u00f6st\u0259r\u0259n \u0259cn\u0259bi s\u0259n\u0259t adamlar\u0131na t\u0259zyiql\u0259r var\u201d\"}]},{\"@type\":\"WebSite\",\"@id\":\"https:\\\/\\\/www.meydan.tv\\\/az\\\/#website\",\"url\":\"https:\\\/\\\/www.meydan.tv\\\/az\\\/\",\"name\":\"MEYDAN.TV\",\"description\":\"Meydan TV Az\u0259rbaycan\u0131n media m\u0259kan\u0131ndak\u0131 alternativ s\u0259sidir\",\"publisher\":{\"@id\":\"https:\\\/\\\/www.meydan.tv\\\/az\\\/#organization\"},\"potentialAction\":[{\"@type\":\"SearchAction\",\"target\":{\"@type\":\"EntryPoint\",\"urlTemplate\":\"https:\\\/\\\/www.meydan.tv\\\/az\\\/?s={search_term_string}\"},\"query-input\":{\"@type\":\"PropertyValueSpecification\",\"valueRequired\":true,\"valueName\":\"search_term_string\"}}],\"inLanguage\":\"az\"},{\"@type\":\"Organization\",\"@id\":\"https:\\\/\\\/www.meydan.tv\\\/az\\\/#organization\",\"name\":\"Meydan TV\",\"url\":\"https:\\\/\\\/www.meydan.tv\\\/az\\\/\",\"logo\":{\"@type\":\"ImageObject\",\"inLanguage\":\"az\",\"@id\":\"https:\\\/\\\/www.meydan.tv\\\/az\\\/#\\\/schema\\\/logo\\\/image\\\/\",\"url\":\"https:\\\/\\\/www.meydan.tv\\\/wp-content\\\/uploads\\\/2021\\\/07\\\/meydan-logo.svg\",\"contentUrl\":\"https:\\\/\\\/www.meydan.tv\\\/wp-content\\\/uploads\\\/2021\\\/07\\\/meydan-logo.svg\",\"width\":195,\"height\":46,\"caption\":\"Meydan TV\"},\"image\":{\"@id\":\"https:\\\/\\\/www.meydan.tv\\\/az\\\/#\\\/schema\\\/logo\\\/image\\\/\"}},{\"@type\":\"Person\",\"@id\":\"https:\\\/\\\/www.meydan.tv\\\/az\\\/#\\\/schema\\\/person\\\/9cdbecf90d17180ce1dfbd95b08dcf47\",\"name\":\"elli\",\"sameAs\":[\"https:\\\/\\\/x.com\\\/elli\"]}]}<\/script>\n<!-- \/ Yoast SEO plugin. -->","yoast_head_json":{"title":"\u201cRusiyada f\u0259aliyy\u0259t g\u00f6st\u0259r\u0259n \u0259cn\u0259bi s\u0259n\u0259t adamlar\u0131na t\u0259zyiql\u0259r var\u201d - MEYDAN.TV","robots":{"index":"index","follow":"follow","max-snippet":"max-snippet:-1","max-image-preview":"max-image-preview:large","max-video-preview":"max-video-preview:-1"},"canonical":"https:\/\/www.meydan.tv\/az\/article\/rusiyada-fealiyyet-gosteren-ecnebi-senet-adamlarina-tezyiqler-var\/","og_locale":"az_AZ","og_type":"article","og_title":"\u201cRusiyada f\u0259aliyy\u0259t g\u00f6st\u0259r\u0259n \u0259cn\u0259bi s\u0259n\u0259t adamlar\u0131na t\u0259zyiql\u0259r var\u201d - MEYDAN.TV","og_description":"Rusiya m\u0259d\u0259niyy\u0259t naziri: \u201cXaricd\u0259n t\u0259zyiql\u0259r edils\u0259 d\u0259, onlar biziml\u0259 i\u015fl\u0259m\u0259k ... Davam\u0131","og_url":"https:\/\/www.meydan.tv\/az\/article\/rusiyada-fealiyyet-gosteren-ecnebi-senet-adamlarina-tezyiqler-var\/","og_site_name":"MEYDAN.TV","article_published_time":"2022-04-15T11:57:56+00:00","article_modified_time":"2022-04-15T11:57:57+00:00","og_image":[{"width":1200,"height":636,"url":"https:\/\/www.meydan.tv\/wp-content\/uploads\/shutterstock_2004296078-e1649407588776.jpg","type":"image\/jpeg"}],"author":"elli","twitter_card":"summary_large_image","twitter_creator":"@elli","schema":{"@context":"https:\/\/schema.org","@graph":[{"@type":"Article","@id":"https:\/\/www.meydan.tv\/az\/article\/rusiyada-fealiyyet-gosteren-ecnebi-senet-adamlarina-tezyiqler-var\/#article","isPartOf":{"@id":"https:\/\/www.meydan.tv\/az\/article\/rusiyada-fealiyyet-gosteren-ecnebi-senet-adamlarina-tezyiqler-var\/"},"author":{"name":"elli","@id":"https:\/\/www.meydan.tv\/az\/#\/schema\/person\/9cdbecf90d17180ce1dfbd95b08dcf47"},"headline":"\u201cRusiyada f\u0259aliyy\u0259t g\u00f6st\u0259r\u0259n \u0259cn\u0259bi s\u0259n\u0259t adamlar\u0131na t\u0259zyiql\u0259r var\u201d","datePublished":"2022-04-15T11:57:56+00:00","dateModified":"2022-04-15T11:57:57+00:00","mainEntityOfPage":{"@id":"https:\/\/www.meydan.tv\/az\/article\/rusiyada-fealiyyet-gosteren-ecnebi-senet-adamlarina-tezyiqler-var\/"},"wordCount":382,"publisher":{"@id":"https:\/\/www.meydan.tv\/az\/#organization"},"image":{"@id":"https:\/\/www.meydan.tv\/az\/article\/rusiyada-fealiyyet-gosteren-ecnebi-senet-adamlarina-tezyiqler-var\/#primaryimage"},"thumbnailUrl":"https:\/\/www.meydan.tv\/wp-content\/uploads\/shutterstock_2004296078-e1649407588776.jpg","articleSection":["M\u0259d\u0259niyy\u0259t","X\u0259b\u0259rl\u0259r"],"inLanguage":"az"},{"@type":"WebPage","@id":"https:\/\/www.meydan.tv\/az\/article\/rusiyada-fealiyyet-gosteren-ecnebi-senet-adamlarina-tezyiqler-var\/","url":"https:\/\/www.meydan.tv\/az\/article\/rusiyada-fealiyyet-gosteren-ecnebi-senet-adamlarina-tezyiqler-var\/","name":"\u201cRusiyada f\u0259aliyy\u0259t g\u00f6st\u0259r\u0259n \u0259cn\u0259bi s\u0259n\u0259t adamlar\u0131na t\u0259zyiql\u0259r var\u201d - MEYDAN.TV","isPartOf":{"@id":"https:\/\/www.meydan.tv\/az\/#website"},"primaryImageOfPage":{"@id":"https:\/\/www.meydan.tv\/az\/article\/rusiyada-fealiyyet-gosteren-ecnebi-senet-adamlarina-tezyiqler-var\/#primaryimage"},"image":{"@id":"https:\/\/www.meydan.tv\/az\/article\/rusiyada-fealiyyet-gosteren-ecnebi-senet-adamlarina-tezyiqler-var\/#primaryimage"},"thumbnailUrl":"https:\/\/www.meydan.tv\/wp-content\/uploads\/shutterstock_2004296078-e1649407588776.jpg","datePublished":"2022-04-15T11:57:56+00:00","dateModified":"2022-04-15T11:57:57+00:00","breadcrumb":{"@id":"https:\/\/www.meydan.tv\/az\/article\/rusiyada-fealiyyet-gosteren-ecnebi-senet-adamlarina-tezyiqler-var\/#breadcrumb"},"inLanguage":"az","potentialAction":[{"@type":"ReadAction","target":["https:\/\/www.meydan.tv\/az\/article\/rusiyada-fealiyyet-gosteren-ecnebi-senet-adamlarina-tezyiqler-var\/"]}]},{"@type":"ImageObject","inLanguage":"az","@id":"https:\/\/www.meydan.tv\/az\/article\/rusiyada-fealiyyet-gosteren-ecnebi-senet-adamlarina-tezyiqler-var\/#primaryimage","url":"https:\/\/www.meydan.tv\/wp-content\/uploads\/shutterstock_2004296078-e1649407588776.jpg","contentUrl":"https:\/\/www.meydan.tv\/wp-content\/uploads\/shutterstock_2004296078-e1649407588776.jpg","width":1200,"height":636,"caption":"Rusiyan\u0131n m\u0259d\u0259niyy\u0259t naziri Olqa Lyubimova. Foto: Alexey Smyshlyaev\/shutterstock"},{"@type":"BreadcrumbList","@id":"https:\/\/www.meydan.tv\/az\/article\/rusiyada-fealiyyet-gosteren-ecnebi-senet-adamlarina-tezyiqler-var\/#breadcrumb","itemListElement":[{"@type":"ListItem","position":1,"name":"Ana s\u0259hif\u0259","item":"https:\/\/www.meydan.tv\/az\/"},{"@type":"ListItem","position":2,"name":"M\u0259d\u0259niyy\u0259t","item":"https:\/\/www.meydan.tv\/az\/section\/medeniyyet\/"},{"@type":"ListItem","position":3,"name":"\u201cRusiyada f\u0259aliyy\u0259t g\u00f6st\u0259r\u0259n \u0259cn\u0259bi s\u0259n\u0259t adamlar\u0131na t\u0259zyiql\u0259r var\u201d"}]},{"@type":"WebSite","@id":"https:\/\/www.meydan.tv\/az\/#website","url":"https:\/\/www.meydan.tv\/az\/","name":"MEYDAN.TV","description":"Meydan TV Az\u0259rbaycan\u0131n media m\u0259kan\u0131ndak\u0131 alternativ s\u0259sidir","publisher":{"@id":"https:\/\/www.meydan.tv\/az\/#organization"},"potentialAction":[{"@type":"SearchAction","target":{"@type":"EntryPoint","urlTemplate":"https:\/\/www.meydan.tv\/az\/?s={search_term_string}"},"query-input":{"@type":"PropertyValueSpecification","valueRequired":true,"valueName":"search_term_string"}}],"inLanguage":"az"},{"@type":"Organization","@id":"https:\/\/www.meydan.tv\/az\/#organization","name":"Meydan TV","url":"https:\/\/www.meydan.tv\/az\/","logo":{"@type":"ImageObject","inLanguage":"az","@id":"https:\/\/www.meydan.tv\/az\/#\/schema\/logo\/image\/","url":"https:\/\/www.meydan.tv\/wp-content\/uploads\/2021\/07\/meydan-logo.svg","contentUrl":"https:\/\/www.meydan.tv\/wp-content\/uploads\/2021\/07\/meydan-logo.svg","width":195,"height":46,"caption":"Meydan TV"},"image":{"@id":"https:\/\/www.meydan.tv\/az\/#\/schema\/logo\/image\/"}},{"@type":"Person","@id":"https:\/\/www.meydan.tv\/az\/#\/schema\/person\/9cdbecf90d17180ce1dfbd95b08dcf47","name":"elli","sameAs":["https:\/\/x.com\/elli"]}]}},"_links":{"self":[{"href":"https:\/\/www.meydan.tv\/az\/wp-json\/wp\/v2\/posts\/242016","targetHints":{"allow":["GET"]}}],"collection":[{"href":"https:\/\/www.meydan.tv\/az\/wp-json\/wp\/v2\/posts"}],"about":[{"href":"https:\/\/www.meydan.tv\/az\/wp-json\/wp\/v2\/types\/post"}],"author":[{"embeddable":true,"href":"https:\/\/www.meydan.tv\/az\/wp-json\/wp\/v2\/users\/8"}],"replies":[{"embeddable":true,"href":"https:\/\/www.meydan.tv\/az\/wp-json\/wp\/v2\/comments?post=242016"}],"version-history":[{"count":3,"href":"https:\/\/www.meydan.tv\/az\/wp-json\/wp\/v2\/posts\/242016\/revisions"}],"predecessor-version":[{"id":242020,"href":"https:\/\/www.meydan.tv\/az\/wp-json\/wp\/v2\/posts\/242016\/revisions\/242020"}],"wp:featuredmedia":[{"embeddable":true,"href":"https:\/\/www.meydan.tv\/az\/wp-json\/wp\/v2\/media\/241097"}],"wp:attachment":[{"href":"https:\/\/www.meydan.tv\/az\/wp-json\/wp\/v2\/media?parent=242016"}],"wp:term":[{"taxonomy":"category","embeddable":true,"href":"https:\/\/www.meydan.tv\/az\/wp-json\/wp\/v2\/categories?post=242016"},{"taxonomy":"post_tag","embeddable":true,"href":"https:\/\/www.meydan.tv\/az\/wp-json\/wp\/v2\/tags?post=242016"}],"curies":[{"name":"wp","href":"https:\/\/api.w.org\/{rel}","templated":true}]}}