{"id":241957,"date":"2022-04-15T11:36:55","date_gmt":"2022-04-15T07:36:55","guid":{"rendered":"https:\/\/www.meydan.tv\/?p=241957"},"modified":"2022-04-15T11:53:07","modified_gmt":"2022-04-15T07:53:07","slug":"turkiyeli-musiqicilerden-rus-hemkarlarina-destek","status":"publish","type":"post","link":"https:\/\/www.meydan.tv\/az\/article\/turkiyeli-musiqicilerden-rus-hemkarlarina-destek\/","title":{"rendered":"T\u00fcrkiy\u0259li musiqi\u00e7il\u0259rd\u0259n rus h\u0259mkarlar\u0131na d\u0259st\u0259k"},"content":{"rendered":"\n<p><\/p>\n\n\n\n<p><em>\u201cMusiqi, s\u0259n\u0259t siyas\u0259td\u0259n \u00fcst\u00fcnd\u00fcr\u201d<\/em><\/p>\n\n\n\n<p>T\u00fcrkiy\u0259 Prezident Administrasiyas\u0131n\u0131n Simfonik Orkestrinin musiqi\u00e7il\u0259ri Ukraynadak\u0131 h\u0259rbi m\u00fcnaqi\u015f\u0259y\u0259 g\u00f6r\u0259 qada\u011falarla \u00fczl\u0259\u015f\u0259n rusiyal\u0131 h\u0259mkarlar\u0131n\u0131n m\u00fcdafi\u0259sin\u0259 qalxma\u011fa haz\u0131r olduqlar\u0131n\u0131 b\u0259yan edibl\u0259r.<\/p>\n\n\n\n<p>Orkestrin r\u0259hb\u0259ri Sibel Ayhan Bayer musiqinin siyas\u0259td\u0259n daha \u00fcst\u00fcn oldu\u011funu <a href=\"https:\/\/tass.ru\/kultura\/14383493\" target=\"_blank\" rel=\"noreferrer noopener\">deyib<\/a>.<\/p>\n\n\n\n<p>Bir s\u0131ra d\u00f6vl\u0259tl\u0259rin rus inc\u0259s\u0259n\u0259tin\u0259, musiqisin\u0259 qada\u011falar t\u0259tbiq etm\u0259yind\u0259n narahat oldu\u011funu bildirib: \u201cSiyas\u0259tin s\u0259n\u0259t\u0259 qar\u0131\u015fmas\u0131 b\u00f6y\u00fck narahatl\u0131q yarad\u0131r. Buna baxmayaraq, biz h\u0259r zaman musiqinin v\u0259 musiqi\u00e7il\u0259rin m\u00fcdafi\u0259sin\u0259 qalxma\u011fa haz\u0131r\u0131q. Musiqi \u0259n universal v\u0259 beyn\u0259lxalq \u00fcnsiyy\u0259t dilidir. Bizim \u00fc\u00e7\u00fcn musiqi, s\u0259n\u0259t siyas\u0259td\u0259n \u00fcst\u00fcnd\u00fcr\u201d.<\/p>\n\n\n\n<p>Orkestr r\u0259hb\u0259ri qeyd edib ki, konsert repertuarlar\u0131nda daim rus b\u0259st\u0259karlar\u0131na m\u00fcraci\u0259t olunur v\u0259 rusiyal\u0131 ifa\u00e7\u0131larla daimi \u0259m\u0259kda\u015fl\u0131q \u0259laq\u0259l\u0259ri qurulur: \u201c\u00c7\u00fcnki biz rus musiqisini \u00fcr\u0259kd\u0259n sevirik. Bu s\u0259b\u0259bd\u0259n d\u0259 may\u0131n 29-da rusiyal\u0131 skripka\u00e7\u0131 Maksim Venqerovun iki t\u00fcrk h\u0259mkar\u0131 il\u0259 birg\u0259 \u201c\u0130nc\u0259s\u0259n\u0259t yolu\u201d adl\u0131 konsertini realla\u015fd\u0131raca\u011f\u0131q. Trionun konserti T\u00fcrkiy\u0259 M\u0259d\u0259niyy\u0259t v\u0259 Turizm Nazirliyinin t\u0259\u015fkilat\u00e7\u0131l\u0131\u011f\u0131 il\u0259 ke\u00e7iril\u0259c\u0259k\u201d.<\/p>\n\n\n\n<p>Rusiyan\u0131n h\u0259rbi q\u00fcvv\u0259l\u0259ri fevral\u0131n 24-d\u0259 Ukrayna \u0259razisin\u0259 daxil olandan sonra, \u0259ks\u0259r d\u00f6vl\u0259tl\u0259r ona sanksiya t\u0259tbiq edib.<\/p>\n\n\n\n<p>Sanksiyalar iqtisadiyyat, maliyy\u0259 sah\u0259sind\u0259n m\u0259d\u0259niyy\u0259t\u0259 ke\u00e7ib.<\/p>\n\n\n\n<p>Opera m\u00fc\u011f\u0259nnisi Anna Netrebkonun konsertl\u0259ri Prezident Vladimir Putin\u0259 etiraz etm\u0259diyi \u00fc\u00e7\u00fcn l\u0259\u011fv olunub.<\/p>\n\n\n\n<p>Dirijor Valeri Gerqiyevd\u0259n Rusiyan\u0131n h\u0259rbi \u0259m\u0259liyyatlar\u0131n\u0131 t\u0259nqid etm\u0259si t\u0259l\u0259b olunub. Amma dirijor imtina etdiyi \u00fc\u00e7\u00fcn \u201cLa Skala\u201d opera teatr\u0131n\u0131n v\u0259 M\u00fcnhen Filarmoniyas\u0131n\u0131n Orkestrinin ba\u015f dirijoru v\u0259zif\u0259sind\u0259n k\u0259narla\u015fd\u0131r\u0131l\u0131b.<\/p>\n\n\n\n<p>Nyu-Yorkda piano\u00e7u Denis Matsuyevin konserti l\u0259\u011fv olunub.<\/p>\n\n\n\n<p>\u201c\u2019Netflix\u201d Rusiyaya m\u0259xsus kinolayih\u0259l\u0259rin istehsal v\u0259 n\u00fcmayi\u015fini dayand\u0131r\u0131b.<\/p>\n\n\n\n<p>\u201cKann\u201d kinofestival\u0131n\u0131n r\u0259hb\u0259rliyi bu il Rusiyan\u0131n r\u0259smi n\u00fcmay\u0259nd\u0259 hey\u0259tinin i\u015ftirak\u0131n\u0131 qada\u011fan edib. Bununla bel\u0259, ayr\u0131-ayr\u0131 rejissorlar festivalda t\u0259msil oluna bil\u0259rl\u0259r.<\/p>\n\n\n\n<p>Hollivud studiyalar\u0131 Rusiyada filml\u0259rinin prokat\u0131ndan imtina edib. H\u0259m\u00e7inin bir s\u0131ra beyn\u0259lxalq musiqi, film \u015firk\u0259tl\u0259ri, o c\u00fcml\u0259d\u0259n teatrlar, kinostudiyalar Rusiya v\u0259 s\u0259n\u0259t\u00e7il\u0259ri il\u0259 \u0259m\u0259kda\u015fl\u0131\u011f\u0131 dayand\u0131r\u0131b.<\/p>\n\n\n\n<p>T\u00fcrkiy\u0259 Prezidenti R\u0259c\u0259b Tayyib \u018frdo\u011fan mart\u0131n 11-d\u0259 Antalya Diplomatiya Forumundak\u0131 \u00e7\u0131x\u0131\u015f\u0131 zaman\u0131 Rusiya m\u0259d\u0259niyy\u0259tin\u0259 v\u0259 n\u00fcmay\u0259nd\u0259l\u0259rin\u0259 qoyulan qada\u011falar\u0131 <a href=\"http:\/\/T\u00fcrkiy\u0259 Prezidenti R\u0259c\u0259b Tayyib \u018frdo\u011fan mart\u0131n 11-d\u0259 Antalya Diplomatiya Forumundak\u0131 \u00e7\u0131x\u0131\u015f\u0131 zaman\u0131 Rusiya m\u0259d\u0259niyy\u0259tin\u0259 v\u0259 n\u00fcmay\u0259nd\u0259l\u0259rin\u0259 qoyulan qada\u011falar\u0131 pisl\u0259yib. https:\/\/www.gazeta.ru\/culture\/news\/2022\/03\/11\/n_17412157.shtml?updated\" target=\"_blank\" rel=\"noreferrer noopener\">pisl\u0259yib<\/a>. <\/p>\n\n\n\n<p>\u018frdo\u011fan \u00e7\u0131x\u0131\u015f\u0131 zaman\u0131 Prezident Vladimir Putinl\u0259 dostluq etdiyi \u00fc\u00e7\u00fcn rus dirijor Valeri Qerqievin i\u015fd\u0259n \u00e7\u0131xar\u0131lmas\u0131n\u0131 xat\u0131rlay\u0131b.<\/p>\n\n\n\n<p>Fyodor Dostoyevskinin \u0259s\u0259rl\u0259rinin Q\u0259rb \u00f6lk\u0259l\u0259rind\u0259 yay\u0131m\u0131n\u0131n qada\u011fan olunmas\u0131ndan s\u00f6z a\u00e7\u0131b, ba\u015f ver\u0259nl\u0259ri Elxanil\u0259r d\u00f6vl\u0259tinin qurucusu H\u00fclak\u00fc xan\u0131n Ba\u011fdad\u0131n B\u00f6y\u00fck Kitabxanas\u0131n\u0131 (1258) da\u011f\u0131tmas\u0131 il\u0259 m\u00fcqayis\u0259 edib.<\/p>\n\n\n\n<p>\u201cBu hadis\u0259l\u0259ri eyn\u0259n h\u0259min d\u00f6vr\u0259 d\u00f6n\u00fc\u015f kimi g\u00f6r\u00fcr\u0259m. Biz yeni h\u00fclak\u00fcl\u0259r ist\u0259mirik. N\u0259 demokratiya, n\u0259 diplomatiya, n\u0259 d\u0259 ki insanl\u0131q bunlara layiqdir. Rus s\u0259n\u0259t\u00e7il\u0259rin\u0259 qar\u015f\u0131 h\u00fccumlar fa\u015fistlikdir\u201d, &#8211; T\u00fcrkiy\u0259 Prezidenti \u0259lav\u0259 edib.<\/p>\n","protected":false},"excerpt":{"rendered":"<p>\u201cMusiqi, s\u0259n\u0259t siyas\u0259td\u0259n \u00fcst\u00fcnd\u00fcr\u201d T\u00fcrkiy\u0259 Prezident Administrasiyas\u0131n\u0131n Simfonik Orkestrinin musiqi\u00e7il\u0259ri &#8230; <\/p>\n<p class=\"read-more-container\"><a title=\"T\u00fcrkiy\u0259li musiqi\u00e7il\u0259rd\u0259n rus h\u0259mkarlar\u0131na d\u0259st\u0259k\" class=\"read-more button\" href=\"https:\/\/www.meydan.tv\/az\/article\/turkiyeli-musiqicilerden-rus-hemkarlarina-destek\/#more-241957\" aria-label=\"Read more about T\u00fcrkiy\u0259li musiqi\u00e7il\u0259rd\u0259n rus h\u0259mkarlar\u0131na d\u0259st\u0259k\">Davam\u0131<\/a><\/p>\n","protected":false},"author":8,"featured_media":241958,"comment_status":"closed","ping_status":"closed","sticky":false,"template":"","format":"standard","meta":{"_acf_changed":false,"_sitemap_exclude":false,"_sitemap_priority":"","_sitemap_frequency":"","footnotes":""},"categories":[52,56],"tags":[],"class_list":["post-241957","post","type-post","status-publish","format-standard","has-post-thumbnail","hentry","category-medeniyyet","category-xeberler","infinite-scroll-item","generate-columns","tablet-grid-50","mobile-grid-100","grid-parent","grid-33","no-featured-image-padding"],"acf":[],"yoast_head":"<!-- This site is optimized with the Yoast SEO plugin v27.5 - https:\/\/yoast.com\/product\/yoast-seo-wordpress\/ -->\n<title>T\u00fcrkiy\u0259li musiqi\u00e7il\u0259rd\u0259n rus h\u0259mkarlar\u0131na d\u0259st\u0259k - MEYDAN.TV<\/title>\n<meta name=\"robots\" content=\"index, follow, max-snippet:-1, max-image-preview:large, max-video-preview:-1\" \/>\n<link rel=\"canonical\" href=\"https:\/\/www.meydan.tv\/az\/article\/turkiyeli-musiqicilerden-rus-hemkarlarina-destek\/\" \/>\n<meta property=\"og:locale\" content=\"az_AZ\" \/>\n<meta property=\"og:type\" content=\"article\" \/>\n<meta property=\"og:title\" content=\"T\u00fcrkiy\u0259li musiqi\u00e7il\u0259rd\u0259n rus h\u0259mkarlar\u0131na d\u0259st\u0259k - MEYDAN.TV\" \/>\n<meta property=\"og:description\" content=\"\u201cMusiqi, s\u0259n\u0259t siyas\u0259td\u0259n \u00fcst\u00fcnd\u00fcr\u201d T\u00fcrkiy\u0259 Prezident Administrasiyas\u0131n\u0131n Simfonik Orkestrinin musiqi\u00e7il\u0259ri ... Davam\u0131\" \/>\n<meta property=\"og:url\" content=\"https:\/\/www.meydan.tv\/az\/article\/turkiyeli-musiqicilerden-rus-hemkarlarina-destek\/\" \/>\n<meta property=\"og:site_name\" content=\"MEYDAN.TV\" \/>\n<meta property=\"article:published_time\" content=\"2022-04-15T07:36:55+00:00\" \/>\n<meta property=\"article:modified_time\" content=\"2022-04-15T07:53:07+00:00\" \/>\n<meta property=\"og:image\" content=\"https:\/\/www.meydan.tv\/wp-content\/uploads\/untitled-design-4-15.jpg\" \/>\n\t<meta property=\"og:image:width\" content=\"1200\" \/>\n\t<meta property=\"og:image:height\" content=\"800\" \/>\n\t<meta property=\"og:image:type\" content=\"image\/jpeg\" \/>\n<meta name=\"author\" content=\"elli\" \/>\n<meta name=\"twitter:card\" content=\"summary_large_image\" \/>\n<meta name=\"twitter:creator\" content=\"@elli\" \/>\n<script type=\"application\/ld+json\" class=\"yoast-schema-graph\">{\"@context\":\"https:\\\/\\\/schema.org\",\"@graph\":[{\"@type\":\"Article\",\"@id\":\"https:\\\/\\\/www.meydan.tv\\\/az\\\/article\\\/turkiyeli-musiqicilerden-rus-hemkarlarina-destek\\\/#article\",\"isPartOf\":{\"@id\":\"https:\\\/\\\/www.meydan.tv\\\/az\\\/article\\\/turkiyeli-musiqicilerden-rus-hemkarlarina-destek\\\/\"},\"author\":{\"name\":\"elli\",\"@id\":\"https:\\\/\\\/www.meydan.tv\\\/az\\\/#\\\/schema\\\/person\\\/9cdbecf90d17180ce1dfbd95b08dcf47\"},\"headline\":\"T\u00fcrkiy\u0259li musiqi\u00e7il\u0259rd\u0259n rus h\u0259mkarlar\u0131na d\u0259st\u0259k\",\"datePublished\":\"2022-04-15T07:36:55+00:00\",\"dateModified\":\"2022-04-15T07:53:07+00:00\",\"mainEntityOfPage\":{\"@id\":\"https:\\\/\\\/www.meydan.tv\\\/az\\\/article\\\/turkiyeli-musiqicilerden-rus-hemkarlarina-destek\\\/\"},\"wordCount\":618,\"publisher\":{\"@id\":\"https:\\\/\\\/www.meydan.tv\\\/az\\\/#organization\"},\"image\":{\"@id\":\"https:\\\/\\\/www.meydan.tv\\\/az\\\/article\\\/turkiyeli-musiqicilerden-rus-hemkarlarina-destek\\\/#primaryimage\"},\"thumbnailUrl\":\"https:\\\/\\\/www.meydan.tv\\\/wp-content\\\/uploads\\\/untitled-design-4-15.jpg\",\"articleSection\":[\"M\u0259d\u0259niyy\u0259t\",\"X\u0259b\u0259rl\u0259r\"],\"inLanguage\":\"az\"},{\"@type\":\"WebPage\",\"@id\":\"https:\\\/\\\/www.meydan.tv\\\/az\\\/article\\\/turkiyeli-musiqicilerden-rus-hemkarlarina-destek\\\/\",\"url\":\"https:\\\/\\\/www.meydan.tv\\\/az\\\/article\\\/turkiyeli-musiqicilerden-rus-hemkarlarina-destek\\\/\",\"name\":\"T\u00fcrkiy\u0259li musiqi\u00e7il\u0259rd\u0259n rus h\u0259mkarlar\u0131na d\u0259st\u0259k - MEYDAN.TV\",\"isPartOf\":{\"@id\":\"https:\\\/\\\/www.meydan.tv\\\/az\\\/#website\"},\"primaryImageOfPage\":{\"@id\":\"https:\\\/\\\/www.meydan.tv\\\/az\\\/article\\\/turkiyeli-musiqicilerden-rus-hemkarlarina-destek\\\/#primaryimage\"},\"image\":{\"@id\":\"https:\\\/\\\/www.meydan.tv\\\/az\\\/article\\\/turkiyeli-musiqicilerden-rus-hemkarlarina-destek\\\/#primaryimage\"},\"thumbnailUrl\":\"https:\\\/\\\/www.meydan.tv\\\/wp-content\\\/uploads\\\/untitled-design-4-15.jpg\",\"datePublished\":\"2022-04-15T07:36:55+00:00\",\"dateModified\":\"2022-04-15T07:53:07+00:00\",\"breadcrumb\":{\"@id\":\"https:\\\/\\\/www.meydan.tv\\\/az\\\/article\\\/turkiyeli-musiqicilerden-rus-hemkarlarina-destek\\\/#breadcrumb\"},\"inLanguage\":\"az\",\"potentialAction\":[{\"@type\":\"ReadAction\",\"target\":[\"https:\\\/\\\/www.meydan.tv\\\/az\\\/article\\\/turkiyeli-musiqicilerden-rus-hemkarlarina-destek\\\/\"]}]},{\"@type\":\"ImageObject\",\"inLanguage\":\"az\",\"@id\":\"https:\\\/\\\/www.meydan.tv\\\/az\\\/article\\\/turkiyeli-musiqicilerden-rus-hemkarlarina-destek\\\/#primaryimage\",\"url\":\"https:\\\/\\\/www.meydan.tv\\\/wp-content\\\/uploads\\\/untitled-design-4-15.jpg\",\"contentUrl\":\"https:\\\/\\\/www.meydan.tv\\\/wp-content\\\/uploads\\\/untitled-design-4-15.jpg\",\"width\":1200,\"height\":800,\"caption\":\"Sibel Ayhan Bayer. Foto: Nursima \u00d6ZONUR - O\u011fuzhan DEM\u0130R \\\/ ANKARA (DHA)\"},{\"@type\":\"BreadcrumbList\",\"@id\":\"https:\\\/\\\/www.meydan.tv\\\/az\\\/article\\\/turkiyeli-musiqicilerden-rus-hemkarlarina-destek\\\/#breadcrumb\",\"itemListElement\":[{\"@type\":\"ListItem\",\"position\":1,\"name\":\"Ana s\u0259hif\u0259\",\"item\":\"https:\\\/\\\/www.meydan.tv\\\/az\\\/\"},{\"@type\":\"ListItem\",\"position\":2,\"name\":\"M\u0259d\u0259niyy\u0259t\",\"item\":\"https:\\\/\\\/www.meydan.tv\\\/az\\\/section\\\/medeniyyet\\\/\"},{\"@type\":\"ListItem\",\"position\":3,\"name\":\"T\u00fcrkiy\u0259li musiqi\u00e7il\u0259rd\u0259n rus h\u0259mkarlar\u0131na d\u0259st\u0259k\"}]},{\"@type\":\"WebSite\",\"@id\":\"https:\\\/\\\/www.meydan.tv\\\/az\\\/#website\",\"url\":\"https:\\\/\\\/www.meydan.tv\\\/az\\\/\",\"name\":\"MEYDAN.TV\",\"description\":\"Meydan TV Az\u0259rbaycan\u0131n media m\u0259kan\u0131ndak\u0131 alternativ s\u0259sidir\",\"publisher\":{\"@id\":\"https:\\\/\\\/www.meydan.tv\\\/az\\\/#organization\"},\"potentialAction\":[{\"@type\":\"SearchAction\",\"target\":{\"@type\":\"EntryPoint\",\"urlTemplate\":\"https:\\\/\\\/www.meydan.tv\\\/az\\\/?s={search_term_string}\"},\"query-input\":{\"@type\":\"PropertyValueSpecification\",\"valueRequired\":true,\"valueName\":\"search_term_string\"}}],\"inLanguage\":\"az\"},{\"@type\":\"Organization\",\"@id\":\"https:\\\/\\\/www.meydan.tv\\\/az\\\/#organization\",\"name\":\"Meydan TV\",\"url\":\"https:\\\/\\\/www.meydan.tv\\\/az\\\/\",\"logo\":{\"@type\":\"ImageObject\",\"inLanguage\":\"az\",\"@id\":\"https:\\\/\\\/www.meydan.tv\\\/az\\\/#\\\/schema\\\/logo\\\/image\\\/\",\"url\":\"https:\\\/\\\/www.meydan.tv\\\/wp-content\\\/uploads\\\/2021\\\/07\\\/meydan-logo.svg\",\"contentUrl\":\"https:\\\/\\\/www.meydan.tv\\\/wp-content\\\/uploads\\\/2021\\\/07\\\/meydan-logo.svg\",\"width\":195,\"height\":46,\"caption\":\"Meydan TV\"},\"image\":{\"@id\":\"https:\\\/\\\/www.meydan.tv\\\/az\\\/#\\\/schema\\\/logo\\\/image\\\/\"}},{\"@type\":\"Person\",\"@id\":\"https:\\\/\\\/www.meydan.tv\\\/az\\\/#\\\/schema\\\/person\\\/9cdbecf90d17180ce1dfbd95b08dcf47\",\"name\":\"elli\",\"sameAs\":[\"https:\\\/\\\/x.com\\\/elli\"]}]}<\/script>\n<!-- \/ Yoast SEO plugin. -->","yoast_head_json":{"title":"T\u00fcrkiy\u0259li musiqi\u00e7il\u0259rd\u0259n rus h\u0259mkarlar\u0131na d\u0259st\u0259k - MEYDAN.TV","robots":{"index":"index","follow":"follow","max-snippet":"max-snippet:-1","max-image-preview":"max-image-preview:large","max-video-preview":"max-video-preview:-1"},"canonical":"https:\/\/www.meydan.tv\/az\/article\/turkiyeli-musiqicilerden-rus-hemkarlarina-destek\/","og_locale":"az_AZ","og_type":"article","og_title":"T\u00fcrkiy\u0259li musiqi\u00e7il\u0259rd\u0259n rus h\u0259mkarlar\u0131na d\u0259st\u0259k - MEYDAN.TV","og_description":"\u201cMusiqi, s\u0259n\u0259t siyas\u0259td\u0259n \u00fcst\u00fcnd\u00fcr\u201d T\u00fcrkiy\u0259 Prezident Administrasiyas\u0131n\u0131n Simfonik Orkestrinin musiqi\u00e7il\u0259ri ... Davam\u0131","og_url":"https:\/\/www.meydan.tv\/az\/article\/turkiyeli-musiqicilerden-rus-hemkarlarina-destek\/","og_site_name":"MEYDAN.TV","article_published_time":"2022-04-15T07:36:55+00:00","article_modified_time":"2022-04-15T07:53:07+00:00","og_image":[{"width":1200,"height":800,"url":"https:\/\/www.meydan.tv\/wp-content\/uploads\/untitled-design-4-15.jpg","type":"image\/jpeg"}],"author":"elli","twitter_card":"summary_large_image","twitter_creator":"@elli","schema":{"@context":"https:\/\/schema.org","@graph":[{"@type":"Article","@id":"https:\/\/www.meydan.tv\/az\/article\/turkiyeli-musiqicilerden-rus-hemkarlarina-destek\/#article","isPartOf":{"@id":"https:\/\/www.meydan.tv\/az\/article\/turkiyeli-musiqicilerden-rus-hemkarlarina-destek\/"},"author":{"name":"elli","@id":"https:\/\/www.meydan.tv\/az\/#\/schema\/person\/9cdbecf90d17180ce1dfbd95b08dcf47"},"headline":"T\u00fcrkiy\u0259li musiqi\u00e7il\u0259rd\u0259n rus h\u0259mkarlar\u0131na d\u0259st\u0259k","datePublished":"2022-04-15T07:36:55+00:00","dateModified":"2022-04-15T07:53:07+00:00","mainEntityOfPage":{"@id":"https:\/\/www.meydan.tv\/az\/article\/turkiyeli-musiqicilerden-rus-hemkarlarina-destek\/"},"wordCount":618,"publisher":{"@id":"https:\/\/www.meydan.tv\/az\/#organization"},"image":{"@id":"https:\/\/www.meydan.tv\/az\/article\/turkiyeli-musiqicilerden-rus-hemkarlarina-destek\/#primaryimage"},"thumbnailUrl":"https:\/\/www.meydan.tv\/wp-content\/uploads\/untitled-design-4-15.jpg","articleSection":["M\u0259d\u0259niyy\u0259t","X\u0259b\u0259rl\u0259r"],"inLanguage":"az"},{"@type":"WebPage","@id":"https:\/\/www.meydan.tv\/az\/article\/turkiyeli-musiqicilerden-rus-hemkarlarina-destek\/","url":"https:\/\/www.meydan.tv\/az\/article\/turkiyeli-musiqicilerden-rus-hemkarlarina-destek\/","name":"T\u00fcrkiy\u0259li musiqi\u00e7il\u0259rd\u0259n rus h\u0259mkarlar\u0131na d\u0259st\u0259k - MEYDAN.TV","isPartOf":{"@id":"https:\/\/www.meydan.tv\/az\/#website"},"primaryImageOfPage":{"@id":"https:\/\/www.meydan.tv\/az\/article\/turkiyeli-musiqicilerden-rus-hemkarlarina-destek\/#primaryimage"},"image":{"@id":"https:\/\/www.meydan.tv\/az\/article\/turkiyeli-musiqicilerden-rus-hemkarlarina-destek\/#primaryimage"},"thumbnailUrl":"https:\/\/www.meydan.tv\/wp-content\/uploads\/untitled-design-4-15.jpg","datePublished":"2022-04-15T07:36:55+00:00","dateModified":"2022-04-15T07:53:07+00:00","breadcrumb":{"@id":"https:\/\/www.meydan.tv\/az\/article\/turkiyeli-musiqicilerden-rus-hemkarlarina-destek\/#breadcrumb"},"inLanguage":"az","potentialAction":[{"@type":"ReadAction","target":["https:\/\/www.meydan.tv\/az\/article\/turkiyeli-musiqicilerden-rus-hemkarlarina-destek\/"]}]},{"@type":"ImageObject","inLanguage":"az","@id":"https:\/\/www.meydan.tv\/az\/article\/turkiyeli-musiqicilerden-rus-hemkarlarina-destek\/#primaryimage","url":"https:\/\/www.meydan.tv\/wp-content\/uploads\/untitled-design-4-15.jpg","contentUrl":"https:\/\/www.meydan.tv\/wp-content\/uploads\/untitled-design-4-15.jpg","width":1200,"height":800,"caption":"Sibel Ayhan Bayer. Foto: Nursima \u00d6ZONUR - O\u011fuzhan DEM\u0130R \/ ANKARA (DHA)"},{"@type":"BreadcrumbList","@id":"https:\/\/www.meydan.tv\/az\/article\/turkiyeli-musiqicilerden-rus-hemkarlarina-destek\/#breadcrumb","itemListElement":[{"@type":"ListItem","position":1,"name":"Ana s\u0259hif\u0259","item":"https:\/\/www.meydan.tv\/az\/"},{"@type":"ListItem","position":2,"name":"M\u0259d\u0259niyy\u0259t","item":"https:\/\/www.meydan.tv\/az\/section\/medeniyyet\/"},{"@type":"ListItem","position":3,"name":"T\u00fcrkiy\u0259li musiqi\u00e7il\u0259rd\u0259n rus h\u0259mkarlar\u0131na d\u0259st\u0259k"}]},{"@type":"WebSite","@id":"https:\/\/www.meydan.tv\/az\/#website","url":"https:\/\/www.meydan.tv\/az\/","name":"MEYDAN.TV","description":"Meydan TV Az\u0259rbaycan\u0131n media m\u0259kan\u0131ndak\u0131 alternativ s\u0259sidir","publisher":{"@id":"https:\/\/www.meydan.tv\/az\/#organization"},"potentialAction":[{"@type":"SearchAction","target":{"@type":"EntryPoint","urlTemplate":"https:\/\/www.meydan.tv\/az\/?s={search_term_string}"},"query-input":{"@type":"PropertyValueSpecification","valueRequired":true,"valueName":"search_term_string"}}],"inLanguage":"az"},{"@type":"Organization","@id":"https:\/\/www.meydan.tv\/az\/#organization","name":"Meydan TV","url":"https:\/\/www.meydan.tv\/az\/","logo":{"@type":"ImageObject","inLanguage":"az","@id":"https:\/\/www.meydan.tv\/az\/#\/schema\/logo\/image\/","url":"https:\/\/www.meydan.tv\/wp-content\/uploads\/2021\/07\/meydan-logo.svg","contentUrl":"https:\/\/www.meydan.tv\/wp-content\/uploads\/2021\/07\/meydan-logo.svg","width":195,"height":46,"caption":"Meydan TV"},"image":{"@id":"https:\/\/www.meydan.tv\/az\/#\/schema\/logo\/image\/"}},{"@type":"Person","@id":"https:\/\/www.meydan.tv\/az\/#\/schema\/person\/9cdbecf90d17180ce1dfbd95b08dcf47","name":"elli","sameAs":["https:\/\/x.com\/elli"]}]}},"_links":{"self":[{"href":"https:\/\/www.meydan.tv\/az\/wp-json\/wp\/v2\/posts\/241957","targetHints":{"allow":["GET"]}}],"collection":[{"href":"https:\/\/www.meydan.tv\/az\/wp-json\/wp\/v2\/posts"}],"about":[{"href":"https:\/\/www.meydan.tv\/az\/wp-json\/wp\/v2\/types\/post"}],"author":[{"embeddable":true,"href":"https:\/\/www.meydan.tv\/az\/wp-json\/wp\/v2\/users\/8"}],"replies":[{"embeddable":true,"href":"https:\/\/www.meydan.tv\/az\/wp-json\/wp\/v2\/comments?post=241957"}],"version-history":[{"count":3,"href":"https:\/\/www.meydan.tv\/az\/wp-json\/wp\/v2\/posts\/241957\/revisions"}],"predecessor-version":[{"id":241964,"href":"https:\/\/www.meydan.tv\/az\/wp-json\/wp\/v2\/posts\/241957\/revisions\/241964"}],"wp:featuredmedia":[{"embeddable":true,"href":"https:\/\/www.meydan.tv\/az\/wp-json\/wp\/v2\/media\/241958"}],"wp:attachment":[{"href":"https:\/\/www.meydan.tv\/az\/wp-json\/wp\/v2\/media?parent=241957"}],"wp:term":[{"taxonomy":"category","embeddable":true,"href":"https:\/\/www.meydan.tv\/az\/wp-json\/wp\/v2\/categories?post=241957"},{"taxonomy":"post_tag","embeddable":true,"href":"https:\/\/www.meydan.tv\/az\/wp-json\/wp\/v2\/tags?post=241957"}],"curies":[{"name":"wp","href":"https:\/\/api.w.org\/{rel}","templated":true}]}}