{"id":241856,"date":"2022-04-14T14:31:06","date_gmt":"2022-04-14T10:31:06","guid":{"rendered":"https:\/\/www.meydan.tv\/?p=241856"},"modified":"2022-04-14T14:31:08","modified_gmt":"2022-04-14T10:31:08","slug":"azerbaycana-giris-ucun-pcr-testi-teleb-olunmayacaq","status":"publish","type":"post","link":"https:\/\/www.meydan.tv\/az\/article\/azerbaycana-giris-ucun-pcr-testi-teleb-olunmayacaq\/","title":{"rendered":"Az\u0259rbaycana giri\u015f \u00fc\u00e7\u00fcn PCR testi t\u0259l\u0259b olunmayacaq"},"content":{"rendered":"\n<p><\/p>\n\n\n\n<p><em>Q\u0259rar aprelin 15-d\u0259n q\u00fcvv\u0259y\u0259 minir<\/em><\/p>\n\n\n\n<p>Aprelin 15-d\u0259n etibar\u0259n Az\u0259rbaycana giri\u015f \u00fc\u00e7\u00fcn COVID-19-a dair PCR testinin neqativ n\u0259tic\u0259sini t\u0259sdiq ed\u0259n s\u0259n\u0259d t\u0259l\u0259bi l\u0259\u011fv edilir.<\/p>\n\n\n\n<p>Bu bar\u0259d\u0259 Ba\u015f nazir \u018fli \u018fs\u0259dov q\u0259rar imzalay\u0131b.<\/p>\n\n\n\n<p>Bildirilir ki, Nazirl\u0259r Kabinetinin \u201cKoronavirus (COVID-19) pandemiyas\u0131 d\u00f6vr\u00fcnd\u0259 Az\u0259rbaycan Respublikas\u0131na u\u00e7u\u015flar\u0131n v\u0259 hava n\u0259qliyyat\u0131 il\u0259 s\u0259rni\u015fin da\u015f\u0131malar\u0131n\u0131n t\u0259\u015fkili \u00fczr\u0259 m\u00fcv\u0259qq\u0259ti Qaydalar\u201d\u0131n t\u0259sdiq edilm\u0259si bar\u0259d\u0259\u201d 2020-ci il 11 iyun tarixli 199 n\u00f6mr\u0259li v\u0259 \u201cX\u00fcsusi karantin rejiminin m\u00fcdd\u0259tinin uzad\u0131lmas\u0131 v\u0259 b\u0259zi m\u0259hdudiyy\u0259tl\u0259rin aradan qald\u0131r\u0131lmas\u0131 il\u0259 ba\u011fl\u0131 t\u0259dbirl\u0259r bar\u0259d\u0259\u201d 2021-ci il 26 may tarixli 151 n\u00f6mr\u0259li q\u0259rarlar\u0131nda d\u0259yi\u015fiklik <a href=\"https:\/\/nk.gov.az\/az\/document\/6064\/\" target=\"_blank\" rel=\"noreferrer noopener\">edilib<\/a>.<\/p>\n\n\n\n<p>Q\u0259rara \u0259sas\u0259n, \u00f6lk\u0259daxili u\u00e7u\u015flar zaman\u0131 s\u0259rni\u015finl\u0259rd\u0259n COVID-19-a dair PCR testin neqativ n\u0259tic\u0259sini t\u0259sdiq ed\u0259n s\u0259n\u0259d t\u0259l\u0259b olunmur.<\/p>\n\n\n\n<p>Eyni zamanda, Rusiya v\u0259 T\u00fcrkiy\u0259 v\u0259t\u0259nda\u015flar\u0131ndan Az\u0259rbaycana daxil olan zaman PCR testinin neqativ cavab\u0131 t\u0259l\u0259b olunmayacaq: \u201cRusiya v\u0259 T\u00fcrkiy\u0259 v\u0259t\u0259nda\u015flar\u0131na v\u0259 h\u0259min \u00f6lk\u0259l\u0259rd\u0259 daimi ya\u015fayan dig\u0259r \u00f6lk\u0259 v\u0259t\u0259nda\u015flar\u0131na, habel\u0259 v\u0259t\u0259nda\u015fl\u0131\u011f\u0131 olmayan \u015f\u0259xsl\u0259r\u0259 &#8211; COVID-19 pasportu (COVID-19-a qar\u015f\u0131 tam peyv\u0259nd olunmas\u0131n\u0131 v\u0259 ya COVID-19-dan sa\u011falaraq immunitet\u0259 malik olmas\u0131n\u0131 t\u0259sdiq ed\u0259n s\u0259n\u0259d) \u0259sas\u0131nda (ya\u015f\u0131 18-d\u0259k olan \u015f\u0259xsl\u0259r istisna olmaqla) hava n\u0259qliyyat\u0131 vasit\u0259sil\u0259 Az\u0259rbaycana giri\u015f-\u00e7\u0131x\u0131\u015f\u0131na icaz\u0259 veril\u0259c\u0259k\u201d.<\/p>\n\n\n\n<p>Koronavirus 2019-cu ilin sonu \u00c7ind\u0259 yaran\u0131b, d\u00fcnyaya yay\u0131l\u0131b.<\/p>\n\n\n\n<p>2020-ci il mart\u0131n 11-d\u0259 D\u00fcnya S\u0259hiyy\u0259 T\u0259\u015fkilat\u0131 koronavirusu pandemiya elan edib.<\/p>\n\n\n\n<p>D\u00fcnyada koronavirusa yoluxanlar\u0131n \u00fcmumi say\u0131 500 363 741 n\u0259f\u0259r\u0259 \u00e7at\u0131b.<\/p>\n\n\n\n<p>\u00d6l\u0259nl\u0259rin say\u0131 is\u0259 6 183 944 n\u0259f\u0259rdir.<\/p>\n","protected":false},"excerpt":{"rendered":"<p>Q\u0259rar aprelin 15-d\u0259n q\u00fcvv\u0259y\u0259 minir Aprelin 15-d\u0259n etibar\u0259n Az\u0259rbaycana giri\u015f &#8230; <\/p>\n<p class=\"read-more-container\"><a title=\"Az\u0259rbaycana giri\u015f \u00fc\u00e7\u00fcn PCR testi t\u0259l\u0259b olunmayacaq\" class=\"read-more button\" href=\"https:\/\/www.meydan.tv\/az\/article\/azerbaycana-giris-ucun-pcr-testi-teleb-olunmayacaq\/#more-241856\" aria-label=\"Read more about Az\u0259rbaycana giri\u015f \u00fc\u00e7\u00fcn PCR testi t\u0259l\u0259b olunmayacaq\">Davam\u0131<\/a><\/p>\n","protected":false},"author":8,"featured_media":241857,"comment_status":"closed","ping_status":"closed","sticky":false,"template":"","format":"standard","meta":{"_acf_changed":false,"_sitemap_exclude":false,"_sitemap_priority":"","_sitemap_frequency":"","footnotes":""},"categories":[54,79,56],"tags":[],"class_list":["post-241856","post","type-post","status-publish","format-standard","has-post-thumbnail","hentry","category-sagliq","category-featured","category-xeberler","infinite-scroll-item","generate-columns","tablet-grid-50","mobile-grid-100","grid-parent","grid-33","no-featured-image-padding"],"acf":[],"yoast_head":"<!-- This site is optimized with the Yoast SEO plugin v27.4 - https:\/\/yoast.com\/product\/yoast-seo-wordpress\/ -->\n<title>Az\u0259rbaycana giri\u015f \u00fc\u00e7\u00fcn PCR testi t\u0259l\u0259b olunmayacaq - MEYDAN.TV<\/title>\n<meta name=\"robots\" content=\"index, follow, max-snippet:-1, max-image-preview:large, max-video-preview:-1\" \/>\n<link rel=\"canonical\" href=\"https:\/\/www.meydan.tv\/az\/article\/azerbaycana-giris-ucun-pcr-testi-teleb-olunmayacaq\/\" \/>\n<meta property=\"og:locale\" content=\"az_AZ\" \/>\n<meta property=\"og:type\" content=\"article\" \/>\n<meta property=\"og:title\" content=\"Az\u0259rbaycana giri\u015f \u00fc\u00e7\u00fcn PCR testi t\u0259l\u0259b olunmayacaq - MEYDAN.TV\" \/>\n<meta property=\"og:description\" content=\"Q\u0259rar aprelin 15-d\u0259n q\u00fcvv\u0259y\u0259 minir Aprelin 15-d\u0259n etibar\u0259n Az\u0259rbaycana giri\u015f ... Davam\u0131\" \/>\n<meta property=\"og:url\" content=\"https:\/\/www.meydan.tv\/az\/article\/azerbaycana-giris-ucun-pcr-testi-teleb-olunmayacaq\/\" \/>\n<meta property=\"og:site_name\" content=\"MEYDAN.TV\" \/>\n<meta property=\"article:published_time\" content=\"2022-04-14T10:31:06+00:00\" \/>\n<meta property=\"article:modified_time\" content=\"2022-04-14T10:31:08+00:00\" \/>\n<meta property=\"og:image\" content=\"https:\/\/www.meydan.tv\/wp-content\/uploads\/shutterstock_1896302920.jpg\" \/>\n\t<meta property=\"og:image:width\" content=\"1200\" \/>\n\t<meta property=\"og:image:height\" content=\"586\" \/>\n\t<meta property=\"og:image:type\" content=\"image\/jpeg\" \/>\n<meta name=\"author\" content=\"elli\" \/>\n<meta name=\"twitter:card\" content=\"summary_large_image\" \/>\n<meta name=\"twitter:creator\" content=\"@elli\" \/>\n<script type=\"application\/ld+json\" class=\"yoast-schema-graph\">{\"@context\":\"https:\\\/\\\/schema.org\",\"@graph\":[{\"@type\":\"Article\",\"@id\":\"https:\\\/\\\/www.meydan.tv\\\/az\\\/article\\\/azerbaycana-giris-ucun-pcr-testi-teleb-olunmayacaq\\\/#article\",\"isPartOf\":{\"@id\":\"https:\\\/\\\/www.meydan.tv\\\/az\\\/article\\\/azerbaycana-giris-ucun-pcr-testi-teleb-olunmayacaq\\\/\"},\"author\":{\"name\":\"elli\",\"@id\":\"https:\\\/\\\/www.meydan.tv\\\/az\\\/#\\\/schema\\\/person\\\/9cdbecf90d17180ce1dfbd95b08dcf47\"},\"headline\":\"Az\u0259rbaycana giri\u015f \u00fc\u00e7\u00fcn PCR testi t\u0259l\u0259b olunmayacaq\",\"datePublished\":\"2022-04-14T10:31:06+00:00\",\"dateModified\":\"2022-04-14T10:31:08+00:00\",\"mainEntityOfPage\":{\"@id\":\"https:\\\/\\\/www.meydan.tv\\\/az\\\/article\\\/azerbaycana-giris-ucun-pcr-testi-teleb-olunmayacaq\\\/\"},\"wordCount\":351,\"publisher\":{\"@id\":\"https:\\\/\\\/www.meydan.tv\\\/az\\\/#organization\"},\"image\":{\"@id\":\"https:\\\/\\\/www.meydan.tv\\\/az\\\/article\\\/azerbaycana-giris-ucun-pcr-testi-teleb-olunmayacaq\\\/#primaryimage\"},\"thumbnailUrl\":\"https:\\\/\\\/www.meydan.tv\\\/wp-content\\\/uploads\\\/shutterstock_1896302920.jpg\",\"articleSection\":[\"Sa\u011fl\u0131q\",\"T\u00f6vsiy\u0259\",\"X\u0259b\u0259rl\u0259r\"],\"inLanguage\":\"az\"},{\"@type\":\"WebPage\",\"@id\":\"https:\\\/\\\/www.meydan.tv\\\/az\\\/article\\\/azerbaycana-giris-ucun-pcr-testi-teleb-olunmayacaq\\\/\",\"url\":\"https:\\\/\\\/www.meydan.tv\\\/az\\\/article\\\/azerbaycana-giris-ucun-pcr-testi-teleb-olunmayacaq\\\/\",\"name\":\"Az\u0259rbaycana giri\u015f \u00fc\u00e7\u00fcn PCR testi t\u0259l\u0259b olunmayacaq - MEYDAN.TV\",\"isPartOf\":{\"@id\":\"https:\\\/\\\/www.meydan.tv\\\/az\\\/#website\"},\"primaryImageOfPage\":{\"@id\":\"https:\\\/\\\/www.meydan.tv\\\/az\\\/article\\\/azerbaycana-giris-ucun-pcr-testi-teleb-olunmayacaq\\\/#primaryimage\"},\"image\":{\"@id\":\"https:\\\/\\\/www.meydan.tv\\\/az\\\/article\\\/azerbaycana-giris-ucun-pcr-testi-teleb-olunmayacaq\\\/#primaryimage\"},\"thumbnailUrl\":\"https:\\\/\\\/www.meydan.tv\\\/wp-content\\\/uploads\\\/shutterstock_1896302920.jpg\",\"datePublished\":\"2022-04-14T10:31:06+00:00\",\"dateModified\":\"2022-04-14T10:31:08+00:00\",\"breadcrumb\":{\"@id\":\"https:\\\/\\\/www.meydan.tv\\\/az\\\/article\\\/azerbaycana-giris-ucun-pcr-testi-teleb-olunmayacaq\\\/#breadcrumb\"},\"inLanguage\":\"az\",\"potentialAction\":[{\"@type\":\"ReadAction\",\"target\":[\"https:\\\/\\\/www.meydan.tv\\\/az\\\/article\\\/azerbaycana-giris-ucun-pcr-testi-teleb-olunmayacaq\\\/\"]}]},{\"@type\":\"ImageObject\",\"inLanguage\":\"az\",\"@id\":\"https:\\\/\\\/www.meydan.tv\\\/az\\\/article\\\/azerbaycana-giris-ucun-pcr-testi-teleb-olunmayacaq\\\/#primaryimage\",\"url\":\"https:\\\/\\\/www.meydan.tv\\\/wp-content\\\/uploads\\\/shutterstock_1896302920.jpg\",\"contentUrl\":\"https:\\\/\\\/www.meydan.tv\\\/wp-content\\\/uploads\\\/shutterstock_1896302920.jpg\",\"width\":1200,\"height\":586,\"caption\":\"PCR testi. Foto: Viacheslav Lopatin\\\/shutterstock\"},{\"@type\":\"BreadcrumbList\",\"@id\":\"https:\\\/\\\/www.meydan.tv\\\/az\\\/article\\\/azerbaycana-giris-ucun-pcr-testi-teleb-olunmayacaq\\\/#breadcrumb\",\"itemListElement\":[{\"@type\":\"ListItem\",\"position\":1,\"name\":\"Ana s\u0259hif\u0259\",\"item\":\"https:\\\/\\\/www.meydan.tv\\\/az\\\/\"},{\"@type\":\"ListItem\",\"position\":2,\"name\":\"Sa\u011fl\u0131q\",\"item\":\"https:\\\/\\\/www.meydan.tv\\\/az\\\/section\\\/sagliq\\\/\"},{\"@type\":\"ListItem\",\"position\":3,\"name\":\"Az\u0259rbaycana giri\u015f \u00fc\u00e7\u00fcn PCR testi t\u0259l\u0259b olunmayacaq\"}]},{\"@type\":\"WebSite\",\"@id\":\"https:\\\/\\\/www.meydan.tv\\\/az\\\/#website\",\"url\":\"https:\\\/\\\/www.meydan.tv\\\/az\\\/\",\"name\":\"MEYDAN.TV\",\"description\":\"Meydan TV Az\u0259rbaycan\u0131n media m\u0259kan\u0131ndak\u0131 alternativ s\u0259sidir\",\"publisher\":{\"@id\":\"https:\\\/\\\/www.meydan.tv\\\/az\\\/#organization\"},\"potentialAction\":[{\"@type\":\"SearchAction\",\"target\":{\"@type\":\"EntryPoint\",\"urlTemplate\":\"https:\\\/\\\/www.meydan.tv\\\/az\\\/?s={search_term_string}\"},\"query-input\":{\"@type\":\"PropertyValueSpecification\",\"valueRequired\":true,\"valueName\":\"search_term_string\"}}],\"inLanguage\":\"az\"},{\"@type\":\"Organization\",\"@id\":\"https:\\\/\\\/www.meydan.tv\\\/az\\\/#organization\",\"name\":\"Meydan TV\",\"url\":\"https:\\\/\\\/www.meydan.tv\\\/az\\\/\",\"logo\":{\"@type\":\"ImageObject\",\"inLanguage\":\"az\",\"@id\":\"https:\\\/\\\/www.meydan.tv\\\/az\\\/#\\\/schema\\\/logo\\\/image\\\/\",\"url\":\"https:\\\/\\\/www.meydan.tv\\\/wp-content\\\/uploads\\\/2021\\\/07\\\/meydan-logo.svg\",\"contentUrl\":\"https:\\\/\\\/www.meydan.tv\\\/wp-content\\\/uploads\\\/2021\\\/07\\\/meydan-logo.svg\",\"width\":195,\"height\":46,\"caption\":\"Meydan TV\"},\"image\":{\"@id\":\"https:\\\/\\\/www.meydan.tv\\\/az\\\/#\\\/schema\\\/logo\\\/image\\\/\"}},{\"@type\":\"Person\",\"@id\":\"https:\\\/\\\/www.meydan.tv\\\/az\\\/#\\\/schema\\\/person\\\/9cdbecf90d17180ce1dfbd95b08dcf47\",\"name\":\"elli\",\"sameAs\":[\"https:\\\/\\\/x.com\\\/elli\"]}]}<\/script>\n<!-- \/ Yoast SEO plugin. -->","yoast_head_json":{"title":"Az\u0259rbaycana giri\u015f \u00fc\u00e7\u00fcn PCR testi t\u0259l\u0259b olunmayacaq - MEYDAN.TV","robots":{"index":"index","follow":"follow","max-snippet":"max-snippet:-1","max-image-preview":"max-image-preview:large","max-video-preview":"max-video-preview:-1"},"canonical":"https:\/\/www.meydan.tv\/az\/article\/azerbaycana-giris-ucun-pcr-testi-teleb-olunmayacaq\/","og_locale":"az_AZ","og_type":"article","og_title":"Az\u0259rbaycana giri\u015f \u00fc\u00e7\u00fcn PCR testi t\u0259l\u0259b olunmayacaq - MEYDAN.TV","og_description":"Q\u0259rar aprelin 15-d\u0259n q\u00fcvv\u0259y\u0259 minir Aprelin 15-d\u0259n etibar\u0259n Az\u0259rbaycana giri\u015f ... Davam\u0131","og_url":"https:\/\/www.meydan.tv\/az\/article\/azerbaycana-giris-ucun-pcr-testi-teleb-olunmayacaq\/","og_site_name":"MEYDAN.TV","article_published_time":"2022-04-14T10:31:06+00:00","article_modified_time":"2022-04-14T10:31:08+00:00","og_image":[{"width":1200,"height":586,"url":"https:\/\/www.meydan.tv\/wp-content\/uploads\/shutterstock_1896302920.jpg","type":"image\/jpeg"}],"author":"elli","twitter_card":"summary_large_image","twitter_creator":"@elli","schema":{"@context":"https:\/\/schema.org","@graph":[{"@type":"Article","@id":"https:\/\/www.meydan.tv\/az\/article\/azerbaycana-giris-ucun-pcr-testi-teleb-olunmayacaq\/#article","isPartOf":{"@id":"https:\/\/www.meydan.tv\/az\/article\/azerbaycana-giris-ucun-pcr-testi-teleb-olunmayacaq\/"},"author":{"name":"elli","@id":"https:\/\/www.meydan.tv\/az\/#\/schema\/person\/9cdbecf90d17180ce1dfbd95b08dcf47"},"headline":"Az\u0259rbaycana giri\u015f \u00fc\u00e7\u00fcn PCR testi t\u0259l\u0259b olunmayacaq","datePublished":"2022-04-14T10:31:06+00:00","dateModified":"2022-04-14T10:31:08+00:00","mainEntityOfPage":{"@id":"https:\/\/www.meydan.tv\/az\/article\/azerbaycana-giris-ucun-pcr-testi-teleb-olunmayacaq\/"},"wordCount":351,"publisher":{"@id":"https:\/\/www.meydan.tv\/az\/#organization"},"image":{"@id":"https:\/\/www.meydan.tv\/az\/article\/azerbaycana-giris-ucun-pcr-testi-teleb-olunmayacaq\/#primaryimage"},"thumbnailUrl":"https:\/\/www.meydan.tv\/wp-content\/uploads\/shutterstock_1896302920.jpg","articleSection":["Sa\u011fl\u0131q","T\u00f6vsiy\u0259","X\u0259b\u0259rl\u0259r"],"inLanguage":"az"},{"@type":"WebPage","@id":"https:\/\/www.meydan.tv\/az\/article\/azerbaycana-giris-ucun-pcr-testi-teleb-olunmayacaq\/","url":"https:\/\/www.meydan.tv\/az\/article\/azerbaycana-giris-ucun-pcr-testi-teleb-olunmayacaq\/","name":"Az\u0259rbaycana giri\u015f \u00fc\u00e7\u00fcn PCR testi t\u0259l\u0259b olunmayacaq - MEYDAN.TV","isPartOf":{"@id":"https:\/\/www.meydan.tv\/az\/#website"},"primaryImageOfPage":{"@id":"https:\/\/www.meydan.tv\/az\/article\/azerbaycana-giris-ucun-pcr-testi-teleb-olunmayacaq\/#primaryimage"},"image":{"@id":"https:\/\/www.meydan.tv\/az\/article\/azerbaycana-giris-ucun-pcr-testi-teleb-olunmayacaq\/#primaryimage"},"thumbnailUrl":"https:\/\/www.meydan.tv\/wp-content\/uploads\/shutterstock_1896302920.jpg","datePublished":"2022-04-14T10:31:06+00:00","dateModified":"2022-04-14T10:31:08+00:00","breadcrumb":{"@id":"https:\/\/www.meydan.tv\/az\/article\/azerbaycana-giris-ucun-pcr-testi-teleb-olunmayacaq\/#breadcrumb"},"inLanguage":"az","potentialAction":[{"@type":"ReadAction","target":["https:\/\/www.meydan.tv\/az\/article\/azerbaycana-giris-ucun-pcr-testi-teleb-olunmayacaq\/"]}]},{"@type":"ImageObject","inLanguage":"az","@id":"https:\/\/www.meydan.tv\/az\/article\/azerbaycana-giris-ucun-pcr-testi-teleb-olunmayacaq\/#primaryimage","url":"https:\/\/www.meydan.tv\/wp-content\/uploads\/shutterstock_1896302920.jpg","contentUrl":"https:\/\/www.meydan.tv\/wp-content\/uploads\/shutterstock_1896302920.jpg","width":1200,"height":586,"caption":"PCR testi. Foto: Viacheslav Lopatin\/shutterstock"},{"@type":"BreadcrumbList","@id":"https:\/\/www.meydan.tv\/az\/article\/azerbaycana-giris-ucun-pcr-testi-teleb-olunmayacaq\/#breadcrumb","itemListElement":[{"@type":"ListItem","position":1,"name":"Ana s\u0259hif\u0259","item":"https:\/\/www.meydan.tv\/az\/"},{"@type":"ListItem","position":2,"name":"Sa\u011fl\u0131q","item":"https:\/\/www.meydan.tv\/az\/section\/sagliq\/"},{"@type":"ListItem","position":3,"name":"Az\u0259rbaycana giri\u015f \u00fc\u00e7\u00fcn PCR testi t\u0259l\u0259b olunmayacaq"}]},{"@type":"WebSite","@id":"https:\/\/www.meydan.tv\/az\/#website","url":"https:\/\/www.meydan.tv\/az\/","name":"MEYDAN.TV","description":"Meydan TV Az\u0259rbaycan\u0131n media m\u0259kan\u0131ndak\u0131 alternativ s\u0259sidir","publisher":{"@id":"https:\/\/www.meydan.tv\/az\/#organization"},"potentialAction":[{"@type":"SearchAction","target":{"@type":"EntryPoint","urlTemplate":"https:\/\/www.meydan.tv\/az\/?s={search_term_string}"},"query-input":{"@type":"PropertyValueSpecification","valueRequired":true,"valueName":"search_term_string"}}],"inLanguage":"az"},{"@type":"Organization","@id":"https:\/\/www.meydan.tv\/az\/#organization","name":"Meydan TV","url":"https:\/\/www.meydan.tv\/az\/","logo":{"@type":"ImageObject","inLanguage":"az","@id":"https:\/\/www.meydan.tv\/az\/#\/schema\/logo\/image\/","url":"https:\/\/www.meydan.tv\/wp-content\/uploads\/2021\/07\/meydan-logo.svg","contentUrl":"https:\/\/www.meydan.tv\/wp-content\/uploads\/2021\/07\/meydan-logo.svg","width":195,"height":46,"caption":"Meydan TV"},"image":{"@id":"https:\/\/www.meydan.tv\/az\/#\/schema\/logo\/image\/"}},{"@type":"Person","@id":"https:\/\/www.meydan.tv\/az\/#\/schema\/person\/9cdbecf90d17180ce1dfbd95b08dcf47","name":"elli","sameAs":["https:\/\/x.com\/elli"]}]}},"_links":{"self":[{"href":"https:\/\/www.meydan.tv\/az\/wp-json\/wp\/v2\/posts\/241856","targetHints":{"allow":["GET"]}}],"collection":[{"href":"https:\/\/www.meydan.tv\/az\/wp-json\/wp\/v2\/posts"}],"about":[{"href":"https:\/\/www.meydan.tv\/az\/wp-json\/wp\/v2\/types\/post"}],"author":[{"embeddable":true,"href":"https:\/\/www.meydan.tv\/az\/wp-json\/wp\/v2\/users\/8"}],"replies":[{"embeddable":true,"href":"https:\/\/www.meydan.tv\/az\/wp-json\/wp\/v2\/comments?post=241856"}],"version-history":[{"count":1,"href":"https:\/\/www.meydan.tv\/az\/wp-json\/wp\/v2\/posts\/241856\/revisions"}],"predecessor-version":[{"id":241860,"href":"https:\/\/www.meydan.tv\/az\/wp-json\/wp\/v2\/posts\/241856\/revisions\/241860"}],"wp:featuredmedia":[{"embeddable":true,"href":"https:\/\/www.meydan.tv\/az\/wp-json\/wp\/v2\/media\/241857"}],"wp:attachment":[{"href":"https:\/\/www.meydan.tv\/az\/wp-json\/wp\/v2\/media?parent=241856"}],"wp:term":[{"taxonomy":"category","embeddable":true,"href":"https:\/\/www.meydan.tv\/az\/wp-json\/wp\/v2\/categories?post=241856"},{"taxonomy":"post_tag","embeddable":true,"href":"https:\/\/www.meydan.tv\/az\/wp-json\/wp\/v2\/tags?post=241856"}],"curies":[{"name":"wp","href":"https:\/\/api.w.org\/{rel}","templated":true}]}}