{"id":241737,"date":"2022-04-13T16:43:46","date_gmt":"2022-04-13T12:43:46","guid":{"rendered":"https:\/\/www.meydan.tv\/?p=241737"},"modified":"2022-04-13T16:43:48","modified_gmt":"2022-04-13T12:43:48","slug":"rusiya-ukrayana-muharibesinin-medeniyyete-tesiri-kampaniyalar-imtinalar-qadagalar","status":"publish","type":"post","link":"https:\/\/www.meydan.tv\/az\/article\/rusiya-ukrayana-muharibesinin-medeniyyete-tesiri-kampaniyalar-imtinalar-qadagalar\/","title":{"rendered":"Rusiya-Ukrayna m\u00fcharib\u0259sinin m\u0259d\u0259niyy\u0259t\u0259 t\u0259siri: kampaniyalar, imtinalar, qada\u011falar&#8230;"},"content":{"rendered":"\n<p><\/p>\n\n\n\n<p><em>Deputatlar rus musiqil\u0259rin\u0259 qada\u011falar t\u0259klif edirl\u0259r<\/em><\/p>\n\n\n\n<p>Rusiyan\u0131n Ukraynada ba\u015flatd\u0131\u011f\u0131 h\u0259rbi \u0259m\u0259liyyatlar siyas\u0259t, iqtisadiyyat, dig\u0259r sah\u0259l\u0259r kimi m\u0259d\u0259niyy\u0259t\u0259 d\u0259 t\u0259sirsiz \u00f6t\u00fc\u015fm\u00fcr.<\/p>\n\n\n\n<p>Dem\u0259k olar ki, h\u0259r g\u00fcn d\u00fcnyamiqyasl\u0131 s\u0259n\u0259t\u00e7il\u0259r, musiqi v\u0259 kino \u015firk\u0259tl\u0259ri m\u00fcharib\u0259y\u0259 m\u00fcnasib\u0259t bildirir, Ukraynaya maddi v\u0259 m\u0259n\u0259vi d\u0259st\u0259k olma\u011fa \u00e7al\u0131\u015f\u0131r, m\u00fcharib\u0259ni pisl\u0259yirl\u0259r.<\/p>\n\n\n\n<p><strong>B\u0259s m\u00fcharib\u0259 m\u0259d\u0259niyy\u0259t sah\u0259sin\u0259 hans\u0131 t\u0259sirl\u0259ri g\u00f6st\u0259rib?<\/strong><\/p>\n\n\n\n<p>Meydan TV Rusiya-Ukrayna h\u0259rbi m\u00fcnaqi\u015f\u0259si z\u0259minind\u0259 son bir ne\u00e7\u0259 g\u00fcnd\u0259 ba\u015f ver\u0259n m\u0259d\u0259niyy\u0259t x\u0259b\u0259rl\u0259rini t\u0259qdim edir:<\/p>\n\n\n\n<p><strong>Ukrayna radio v\u0259 televiziyalar\u0131nda rus musiqisin\u0259 qada\u011fa<\/strong><\/p>\n\n\n\n<p>Ukraynal\u0131 deputatlar radio v\u0259 televiziyada rus musiqisinin qada\u011fan edilm\u0259sini t\u0259klif <a href=\"https:\/\/www.unian.net\/lite\/music\/v-ukraine-hotyat-zapretit-rossiyskuyu-muzyku-na-radio-i-tv-11783154.html\" target=\"_blank\" rel=\"noreferrer noopener\">edibl\u0259r<\/a>.<\/p>\n\n\n\n<p>Rus mahn\u0131lar\u0131n\u0131n radio v\u0259 televiziyalarda, \u0259yl\u0259nc\u0259 m\u0259kanlar\u0131nda, ictimai n\u0259qliyyatda (d\u00f6vl\u0259t v\u0259 \u00f6z\u0259l da\u015f\u0131y\u0131c\u0131lar), t\u0259hsil m\u00fc\u0259ssis\u0259l\u0259rind\u0259, m\u0259d\u0259niyy\u0259t v\u0259 istirah\u0259t m\u0259kanlar\u0131nda, mehmanxana v\u0259 restoranlarda, kinoteatrlarda, ictimai yerl\u0259rd\u0259 s\u0259sl\u0259ndirilm\u0259sinin y\u0131\u011f\u0131\u015fd\u0131r\u0131lmas\u0131 ist\u0259nilib.<\/p>\n\n\n\n<p>Eyni zamanda, musiqili radiostansiyalar\u0131n v\u0259 musiqi telekanallar\u0131n\u0131n efirind\u0259 Ukrayna musiqisinin kvotas\u0131n\u0131 &#8211; 50%-\u0259 q\u0259d\u0259r art\u0131rmaq t\u0259klif olunub.<\/p>\n\n\n\n<p><strong>Amerikal\u0131 aktyor ukraynal\u0131 qa\u00e7q\u0131nlara \u201cbor\u015f\u201d bi\u015firib<\/strong><\/p>\n\n\n\n<p>Amerikal\u0131 aktyor, rejissor v\u0259 prod\u00fcser Liv \u015erayber \u201cWorld Central Kitchen\u201d xeyriyy\u0259 layih\u0259si \u00e7\u0259r\u00e7iv\u0259sind\u0259 ukraynal\u0131 qa\u00e7q\u0131nlar \u00fc\u00e7\u00fcn yem\u0259k haz\u0131rlama\u011fa k\u00f6m\u0259k edib. Bunun \u00fc\u00e7\u00fcn \u015erayber Ukrayna-Pol\u015fa s\u0259rh\u0259dind\u0259ki P\u015fem\u0131sl \u015f\u0259h\u0259rin\u0259 g\u0259lib.<\/p>\n\n\n\n<figure class=\"wp-block-image size-full\"><img decoding=\"async\" width=\"1200\" height=\"800\" data-src=\"https:\/\/www.meydan.tv\/wp-content\/uploads\/untitled-design-2-19.jpg\" alt=\"\" class=\"wp-image-241742 lazyload\" src=\"data:image\/svg+xml;base64,PHN2ZyB3aWR0aD0iMSIgaGVpZ2h0PSIxIiB4bWxucz0iaHR0cDovL3d3dy53My5vcmcvMjAwMC9zdmciPjwvc3ZnPg==\" style=\"--smush-placeholder-width: 1200px; --smush-placeholder-aspect-ratio: 1200\/800;\" \/><figcaption>Liv Schreiber. Foto: &#8220;celebritynetworth.com&#8221;<\/figcaption><\/figure>\n\n\n\n<p><\/p>\n\n\n\n<p>Aktyor bununla ba\u011fl\u0131 \u201c\u0130nstagram\u201d hesab\u0131nda video <a href=\"https:\/\/www.instagram.com\/p\/CcQd\" target=\"_blank\" rel=\"noreferrer noopener\">payla\u015f\u0131b<\/a>.<\/p>\n\n\n\n<p>O, 1500 n\u0259f\u0259rlik bor\u015f bi\u015firdiyini yaz\u0131b.<\/p>\n\n\n\n<p>\u015erayberin anas\u0131 y\u0259hudidir, onun \u0259cdadlar\u0131 Pol\u015fa, Ukrayna v\u0259 Almaniyadan k\u00f6\u00e7\u00fcb.<\/p>\n\n\n\n<p><strong>\u201cBackstreet Boys\u201ddan Ukraynaya maddi d\u0259st\u0259k<\/strong><\/p>\n\n\n\n<p>Sosial \u015f\u0259b\u0259k\u0259l\u0259rd\u0259 ke\u00e7iril\u0259n \u201cStand Up For Ukraine\u201d onlayn mitinqi zaman\u0131 \u201cBackstreet Boys\u201d qrupunun \u00fczvl\u0259ri Ukraynan\u0131 d\u0259st\u0259kl\u0259dikl\u0259rini b\u0259yan <a href=\"https:\/\/www.facebook.com\/watch\/?v=656589432086974\" target=\"_blank\" rel=\"noreferrer noopener\">edibl\u0259r<\/a>.<\/p>\n\n\n\n<p>Qrup \u00fczvl\u0259ri p\u0259r\u0259sti\u015fkarlar\u0131n\u0131 Ukraynaya k\u00f6m\u0259k etm\u0259k \u00fc\u00e7\u00fcn ian\u0259 verm\u0259y\u0259 \u00e7a\u011f\u0131r\u0131blar.<\/p>\n\n\n\n<p>\u201cBackstreet Boys\u201d \u201cEuropean DNA World Tour 2022\u201d \u00e7\u0259r\u00e7iv\u0259sind\u0259 verdikl\u0259ri konsertl\u0259rd\u0259n \u0259ld\u0259 olunan g\u0259lirin bir hiss\u0259sini Ukraynaya ba\u011f\u0131\u015flayacaq.<\/p>\n\n\n\n<p><strong>\u015eon Penn yenid\u0259n Ukraynaya ged\u0259c\u0259k<\/strong><\/p>\n\n\n\n<p>Amerikal\u0131 aktyor \u015eon Penn yenid\u0259n Ukraynaya ged\u0259c\u0259yini <a href=\"https:\/\/hollywoodauthentic.com\/sean-penn\/\" target=\"_blank\" rel=\"noreferrer noopener\">deyib<\/a>.<\/p>\n\n\n\n<p>Haz\u0131rda \u00f6z\u00fcn\u00fcn \u201cCORE\u201d qeyri-kommersiya t\u0259\u015fkilat\u0131 il\u0259 birlikd\u0259 Pol\u015fada ukraynal\u0131 qa\u00e7q\u0131nlara yard\u0131m ed\u0259n aktyor yenid\u0259n m\u00fcnaqi\u015f\u0259 b\u00f6lg\u0259sin\u0259 yollanmaqdan \u00e7\u0259kinm\u0259diyini bildirib.<\/p>\n\n\n\n<figure class=\"wp-block-image size-full\"><img decoding=\"async\" width=\"1200\" height=\"651\" data-src=\"https:\/\/www.meydan.tv\/wp-content\/uploads\/shutterstock_443015620-e1645780695918.jpg\" alt=\"\" class=\"wp-image-235885 lazyload\" src=\"data:image\/svg+xml;base64,PHN2ZyB3aWR0aD0iMSIgaGVpZ2h0PSIxIiB4bWxucz0iaHR0cDovL3d3dy53My5vcmcvMjAwMC9zdmciPjwvc3ZnPg==\" style=\"--smush-placeholder-width: 1200px; --smush-placeholder-aspect-ratio: 1200\/651;\" \/><figcaption>\u015eon Penn, Andrea Raffin\/shutterstock<\/figcaption><\/figure>\n\n\n\n<p>Prezident Volodimir Zelenski fevral\u0131n 24-d\u0259 \u015eon Pennl\u0259 Rusiyan\u0131n Ukraynan\u0131 demilitarizasiya etm\u0259k \u00fc\u00e7\u00fcn ke\u00e7irdiyi x\u00fcsusi \u0259m\u0259liyyat fonunda <a href=\"https:\/\/d9mc3ts4czbpr.cloudfront.net\/az\/article\/son-penn-muharibe-seraitinde-ukraynaya-getdi-zelenski-ile-gorusdu\/\" target=\"_blank\" rel=\"noreferrer noopener\">g\u00f6r\u00fc\u015f\u00fcb<\/a>.<\/p>\n\n\n\n<p>\u015eon Penn Rusiyan\u0131n Ukraynaya qar\u015f\u0131 apard\u0131\u011f\u0131 m\u00fcharib\u0259 il\u0259 ba\u011fl\u0131 s\u0259n\u0259dli film <a href=\"https:\/\/d9mc3ts4czbpr.cloudfront.net\/az\/article\/amerikali-aktyor-ukraynada-son-24-saatda-bas-verenler-urekparcalayandir\/\" target=\"_blank\" rel=\"noreferrer noopener\">\u00e7\u0259kir<\/a>.<\/p>\n\n\n\n<p><strong>Selin Dion d\u00fcnya liderl\u0259rin\u0259 m\u00fcraci\u0259t edib<\/strong><\/p>\n\n\n\n<p>Kanadal\u0131 m\u00fc\u011f\u0259nni Selin Dion \u201c\u0130nstagram\u201d s\u0259hif\u0259sind\u0259 Ukrayna bayra\u011f\u0131 fonunda d\u00fcnya liderl\u0259rin\u0259 v\u0259 h\u0259rbi \u0259m\u0259liyyatlardan z\u0259r\u0259r \u00e7\u0259kmi\u015f insanlar\u0131n taleyi il\u0259 maraqlanan h\u0259r k\u0259s\u0259 m\u00fcraci\u0259t <a href=\"https:\/\/www.instagram.com\/p\/CcGJH6mgU_u\/\" target=\"_blank\" rel=\"noreferrer noopener\">edib<\/a>.<\/p>\n\n\n\n<p>\u201cM\u0259n Ukraynan\u0131 v\u0259 b\u00fct\u00fcn d\u00fcnyada qa\u00e7q\u0131nlar\u0131 d\u0259st\u0259kl\u0259m\u0259k ist\u0259yir\u0259m. D\u00fcnya liderl\u0259rini evl\u0259rini t\u0259rk etm\u0259k m\u0259cburiyy\u0259tind\u0259 qalan insanlara k\u00f6m\u0259k etm\u0259y\u0259 \u00e7a\u011f\u0131r\u0131ram\u201d, &#8211; m\u00fc\u011f\u0259nni deyib.<\/p>\n\n\n\n<p><strong>M\u00fcharib\u0259 k\u00f6n\u00fcll\u00fcl\u0259ri olan ukraynal\u0131 m\u0259\u015fhurlar<\/strong><\/p>\n\n\n\n<p>\u201cUkraynada h\u0259rbi m\u00fcnaqi\u015f\u0259 ba\u015flayandan bir \u00e7ox m\u0259\u015fhur f\u0259aliyy\u0259tl\u0259rini k\u0259skin \u015f\u0259kild\u0259 d\u0259yi\u015fib &#8211; b\u0259zil\u0259ri evl\u0259rini m\u00fcdafi\u0259 etm\u0259y\u0259 v\u0259 d\u00f6y\u00fc\u015fm\u0259y\u0259 gedib. Dig\u0259rl\u0259ri is\u0259 imkanlar\u0131 daxilind\u0259 k\u00f6n\u00fcll\u00fc olaraq f\u0259aliyy\u0259t\u0259 ba\u015flay\u0131blar\u201d,- &#8220;Unian&#8221; sayt\u0131n\u0131n m\u0259lumat\u0131nda <a href=\"https:\/\/www.unian.net\/lite\/stars\/nazvany-ukrainskie-zvezdy-kotorye-poshli-volonterit-posle-vtorzheniya-rf-11783913.html\" target=\"_blank\" rel=\"noreferrer noopener\">deyilir<\/a>.<\/p>\n\n\n\n<p>Ukraynal\u0131 model Da\u015fa Astafyeva orduya k\u00f6m\u0259y\u0259 ged\u0259nl\u0259rd\u0259ndir.<\/p>\n\n\n\n<p>O, cazib\u0259dar a\u00e7\u0131q-sa\u00e7\u0131q geyiml\u0259rini \u00e7\u0131xar\u0131b, rahat paltar geyinib v\u0259 g\u00fcnl\u0259rl\u0259 kartof soyub, Ukrayna h\u0259rb\u00e7il\u0259ri \u00fc\u00e7\u00fcn yem\u0259k haz\u0131rlama\u011fa k\u00f6m\u0259k edib.<\/p>\n\n\n\n<p>Teleapar\u0131c\u0131 Lesya Nikityuk Xmelnitski b\u00f6lg\u0259sind\u0259 oxudu\u011fu m\u0259kt\u0259bd\u0259 qa\u00e7q\u0131nlara k\u00f6m\u0259k m\u0259rk\u0259zi t\u0259\u015fkil edib.<\/p>\n\n\n\n<p>M\u00fc\u011f\u0259nni \u0130rina Fedi\u015fin \u00f6z\u00fcn\u00fcn xeyriyy\u0259 fondu vasit\u0259sil\u0259 ordunun ehtiyaclar\u0131 \u00fc\u00e7\u00fcn pul y\u0131\u011fmaqla yana\u015f\u0131, kamuflyaj torlar\u0131 toxuyur.<\/p>\n\n\n\n<p>M\u00fc\u011f\u0259nni Melovin d\u0259 (Konstantin Nikolayevi\u00e7 Bo\u00e7arov) m\u00fcharib\u0259 ba\u015flayandan k\u00f6n\u00fcll\u00fc f\u0259aliyy\u0259t\u0259 ba\u015faly\u0131b.<\/p>\n\n\n\n<p>\u201cM\u00fcharib\u0259 t\u0259kc\u0259 silah saxlamaq v\u0259 c\u0259bh\u0259 x\u0259ttind\u0259 olmaqdan ibar\u0259t deyil. Bu, h\u0259m d\u0259 informasiya m\u00fcharib\u0259sidir, ona g\u00f6r\u0259 d\u0259 biz sosial \u015f\u0259b\u0259k\u0259l\u0259rd\u0259 vuru\u015furuq &#8211; real faktlar\u0131 yay\u0131r\u0131q\u201d, &#8211; Melovin deyib.<\/p>\n\n\n\n<p>Kanada v\u0259 Ukrayna \u0259silli a\u015fpaz, \u201cMasterChef\u201d layih\u0259sinin apar\u0131c\u0131s\u0131, i\u015f adam\u0131 Ektor Himenes-Bravo da k\u00f6n\u00fcll\u00fcl\u0259r aras\u0131ndad\u0131r.<\/p>\n\n\n\n<p>H\u0259r g\u00fcn Hektorun \u00f6z\u00fc v\u0259 restoran \u015f\u0259b\u0259k\u0259sinin \u0259m\u0259kda\u015flar\u0131 t\u0259r\u0259find\u0259n h\u0259rb\u00e7il\u0259r, qa\u00e7q\u0131nlar v\u0259 \u0259razi m\u00fcdafi\u0259si d\u00f6y\u00fc\u015f\u00e7\u00fcl\u0259ri \u00fc\u00e7\u00fcn minl\u0259rl\u0259 yem\u0259k haz\u0131rland\u0131\u011f\u0131 bildirilir.<\/p>\n\n\n\n<p><strong>Rusiyal\u0131 istifad\u0259\u00e7il\u0259r \u201cNetflix\u201di m\u0259hk\u0259m\u0259y\u0259 veribl\u0259r<\/strong><\/p>\n\n\n\n<p>Moskvan\u0131n Xamovni\u00e7eski M\u0259hk\u0259m\u0259sin\u0259 edil\u0259n m\u00fcraci\u0259td\u0259 \u201cNetflix\u201d yay\u0131m xidm\u0259tind\u0259n 60 milyon rubl (700 min AB\u015e dollar\u0131ndan \u00e7ox) t\u0259zminat <a href=\"https:\/\/tass.ru\/ekonomika\/14363229\" target=\"_blank\" rel=\"noreferrer noopener\">ist\u0259nilib<\/a>.<\/p>\n\n\n\n<p>S\u0259b\u0259b kimi \u201cNetflix\u201din h\u0259rbi \u0259m\u0259liyyatlar fonunda Rusiyada xidm\u0259t g\u00f6st\u0259rm\u0259kd\u0259n birt\u0259r\u0259fli imtinas\u0131 g\u00f6st\u0259rilib.<\/p>\n\n\n\n<figure class=\"wp-block-image size-full\"><img decoding=\"async\" width=\"1200\" height=\"798\" data-src=\"https:\/\/www.meydan.tv\/wp-content\/uploads\/shutterstock_1718570338.jpg\" alt=\"\" class=\"wp-image-228630 lazyload\" src=\"data:image\/svg+xml;base64,PHN2ZyB3aWR0aD0iMSIgaGVpZ2h0PSIxIiB4bWxucz0iaHR0cDovL3d3dy53My5vcmcvMjAwMC9zdmciPjwvc3ZnPg==\" style=\"--smush-placeholder-width: 1200px; --smush-placeholder-aspect-ratio: 1200\/798;\" \/><figcaption>Foto: By kamarulzamanganu\/Shutterstock<\/figcaption><\/figure>\n\n\n\n<p>\u0130ddiada bildirilir ki, bununla rusiyal\u0131 istifad\u0259\u00e7il\u0259rin h\u00fcquqlar\u0131 pozulub.<\/p>\n\n\n\n<p>Rusiya fevral\u0131n 24-d\u0259 Ukraynada h\u0259rbi \u0259m\u0259liyyatlara ba\u015flay\u0131b.<\/p>\n\n\n\n<p>H\u0259min tarixd\u0259n etibar\u0259n Avropa \u0130ttifaq\u0131 \u00f6lk\u0259l\u0259ri, h\u0259m\u00e7inin B\u00f6y\u00fck Britaniya, AB\u015e, Kanada v\u0259 dig\u0259r \u00f6lk\u0259l\u0259r Rusiyaya m\u00fcxt\u0259lif sanksiyalar t\u0259tbiq edir.<\/p>\n\n\n\n<p>Maliyy\u0259 sanksiyalar\u0131 \u0259sas\u0259n oliqarxlara, y\u00fcks\u0259k r\u00fctb\u0259li h\u0259rb\u00e7il\u0259rin hesablar\u0131na, d\u00f6vl\u0259t m\u0259murlar\u0131na, prezident\u0259, onun k\u00f6m\u0259k\u00e7isin\u0259, nazirl\u0259r\u0259 qoyulan qada\u011falard\u0131r.<\/p>\n\n\n\n<p>B\u00fct\u00fcn bu sanksiyalar\u0131n s\u0259b\u0259bi Rusiyan\u0131n Ukraynaya h\u0259rbi m\u00fcdaxil\u0259 etm\u0259sidir.<\/p>\n\n\n\n<p>M\u0259qs\u0259d m\u00fcharib\u0259nin maliyy\u0259l\u0259\u015fdirilm\u0259sinin dayand\u0131r\u0131lmas\u0131d\u0131r.<\/p>\n\n\n\n<p>H\u0259m\u00e7inin bir s\u0131ra beyn\u0259lxalq musiqi, film \u015firk\u0259tl\u0259ri, o c\u00fcml\u0259d\u0259n teatrlar, kinostudiyalar Rusiya v\u0259 s\u0259n\u0259t\u00e7il\u0259ri il\u0259 \u0259m\u0259kda\u015fl\u0131\u011f\u0131 dayand\u0131r\u0131b.<\/p>\n","protected":false},"excerpt":{"rendered":"<p>Deputatlar rus musiqil\u0259rin\u0259 qada\u011falar t\u0259klif edirl\u0259r Rusiyan\u0131n Ukraynada ba\u015flatd\u0131\u011f\u0131 h\u0259rbi &#8230; <\/p>\n<p class=\"read-more-container\"><a title=\"Rusiya-Ukrayna m\u00fcharib\u0259sinin m\u0259d\u0259niyy\u0259t\u0259 t\u0259siri: kampaniyalar, imtinalar, qada\u011falar&#8230;\" class=\"read-more button\" href=\"https:\/\/www.meydan.tv\/az\/article\/rusiya-ukrayana-muharibesinin-medeniyyete-tesiri-kampaniyalar-imtinalar-qadagalar\/#more-241737\" aria-label=\"Read more about Rusiya-Ukrayna m\u00fcharib\u0259sinin m\u0259d\u0259niyy\u0259t\u0259 t\u0259siri: kampaniyalar, imtinalar, qada\u011falar&#8230;\">Davam\u0131<\/a><\/p>\n","protected":false},"author":8,"featured_media":241734,"comment_status":"closed","ping_status":"closed","sticky":false,"template":"","format":"standard","meta":{"_acf_changed":false,"_sitemap_exclude":false,"_sitemap_priority":"","_sitemap_frequency":"","footnotes":""},"categories":[52,56],"tags":[],"class_list":["post-241737","post","type-post","status-publish","format-standard","has-post-thumbnail","hentry","category-medeniyyet","category-xeberler","infinite-scroll-item","generate-columns","tablet-grid-50","mobile-grid-100","grid-parent","grid-33","no-featured-image-padding"],"acf":[],"yoast_head":"<!-- This site is optimized with the Yoast SEO plugin v27.5 - https:\/\/yoast.com\/product\/yoast-seo-wordpress\/ -->\n<title>Rusiya-Ukrayna m\u00fcharib\u0259sinin m\u0259d\u0259niyy\u0259t\u0259 t\u0259siri: kampaniyalar, imtinalar, qada\u011falar... - MEYDAN.TV<\/title>\n<meta name=\"robots\" content=\"index, follow, max-snippet:-1, max-image-preview:large, max-video-preview:-1\" \/>\n<link rel=\"canonical\" href=\"https:\/\/www.meydan.tv\/az\/article\/rusiya-ukrayana-muharibesinin-medeniyyete-tesiri-kampaniyalar-imtinalar-qadagalar\/\" \/>\n<meta property=\"og:locale\" content=\"az_AZ\" \/>\n<meta property=\"og:type\" content=\"article\" \/>\n<meta property=\"og:title\" content=\"Rusiya-Ukrayna m\u00fcharib\u0259sinin m\u0259d\u0259niyy\u0259t\u0259 t\u0259siri: kampaniyalar, imtinalar, qada\u011falar... - MEYDAN.TV\" \/>\n<meta property=\"og:description\" content=\"Deputatlar rus musiqil\u0259rin\u0259 qada\u011falar t\u0259klif edirl\u0259r Rusiyan\u0131n Ukraynada ba\u015flatd\u0131\u011f\u0131 h\u0259rbi ... Davam\u0131\" \/>\n<meta property=\"og:url\" content=\"https:\/\/www.meydan.tv\/az\/article\/rusiya-ukrayana-muharibesinin-medeniyyete-tesiri-kampaniyalar-imtinalar-qadagalar\/\" \/>\n<meta property=\"og:site_name\" content=\"MEYDAN.TV\" \/>\n<meta property=\"article:published_time\" content=\"2022-04-13T12:43:46+00:00\" \/>\n<meta property=\"article:modified_time\" content=\"2022-04-13T12:43:48+00:00\" \/>\n<meta property=\"og:image\" content=\"https:\/\/www.meydan.tv\/wp-content\/uploads\/shutterstock_2130916187.jpg\" \/>\n\t<meta property=\"og:image:width\" content=\"1200\" \/>\n\t<meta property=\"og:image:height\" content=\"800\" \/>\n\t<meta property=\"og:image:type\" content=\"image\/jpeg\" \/>\n<meta name=\"author\" content=\"elli\" \/>\n<meta name=\"twitter:card\" content=\"summary_large_image\" \/>\n<meta name=\"twitter:creator\" content=\"@elli\" \/>\n<script type=\"application\/ld+json\" class=\"yoast-schema-graph\">{\"@context\":\"https:\\\/\\\/schema.org\",\"@graph\":[{\"@type\":\"Article\",\"@id\":\"https:\\\/\\\/www.meydan.tv\\\/az\\\/article\\\/rusiya-ukrayana-muharibesinin-medeniyyete-tesiri-kampaniyalar-imtinalar-qadagalar\\\/#article\",\"isPartOf\":{\"@id\":\"https:\\\/\\\/www.meydan.tv\\\/az\\\/article\\\/rusiya-ukrayana-muharibesinin-medeniyyete-tesiri-kampaniyalar-imtinalar-qadagalar\\\/\"},\"author\":{\"name\":\"elli\",\"@id\":\"https:\\\/\\\/www.meydan.tv\\\/az\\\/#\\\/schema\\\/person\\\/9cdbecf90d17180ce1dfbd95b08dcf47\"},\"headline\":\"Rusiya-Ukrayna m\u00fcharib\u0259sinin m\u0259d\u0259niyy\u0259t\u0259 t\u0259siri: kampaniyalar, imtinalar, qada\u011falar&#8230;\",\"datePublished\":\"2022-04-13T12:43:46+00:00\",\"dateModified\":\"2022-04-13T12:43:48+00:00\",\"mainEntityOfPage\":{\"@id\":\"https:\\\/\\\/www.meydan.tv\\\/az\\\/article\\\/rusiya-ukrayana-muharibesinin-medeniyyete-tesiri-kampaniyalar-imtinalar-qadagalar\\\/\"},\"wordCount\":1153,\"publisher\":{\"@id\":\"https:\\\/\\\/www.meydan.tv\\\/az\\\/#organization\"},\"image\":{\"@id\":\"https:\\\/\\\/www.meydan.tv\\\/az\\\/article\\\/rusiya-ukrayana-muharibesinin-medeniyyete-tesiri-kampaniyalar-imtinalar-qadagalar\\\/#primaryimage\"},\"thumbnailUrl\":\"https:\\\/\\\/www.meydan.tv\\\/wp-content\\\/uploads\\\/shutterstock_2130916187.jpg\",\"articleSection\":[\"M\u0259d\u0259niyy\u0259t\",\"X\u0259b\u0259rl\u0259r\"],\"inLanguage\":\"az\"},{\"@type\":\"WebPage\",\"@id\":\"https:\\\/\\\/www.meydan.tv\\\/az\\\/article\\\/rusiya-ukrayana-muharibesinin-medeniyyete-tesiri-kampaniyalar-imtinalar-qadagalar\\\/\",\"url\":\"https:\\\/\\\/www.meydan.tv\\\/az\\\/article\\\/rusiya-ukrayana-muharibesinin-medeniyyete-tesiri-kampaniyalar-imtinalar-qadagalar\\\/\",\"name\":\"Rusiya-Ukrayna m\u00fcharib\u0259sinin m\u0259d\u0259niyy\u0259t\u0259 t\u0259siri: kampaniyalar, imtinalar, qada\u011falar... - MEYDAN.TV\",\"isPartOf\":{\"@id\":\"https:\\\/\\\/www.meydan.tv\\\/az\\\/#website\"},\"primaryImageOfPage\":{\"@id\":\"https:\\\/\\\/www.meydan.tv\\\/az\\\/article\\\/rusiya-ukrayana-muharibesinin-medeniyyete-tesiri-kampaniyalar-imtinalar-qadagalar\\\/#primaryimage\"},\"image\":{\"@id\":\"https:\\\/\\\/www.meydan.tv\\\/az\\\/article\\\/rusiya-ukrayana-muharibesinin-medeniyyete-tesiri-kampaniyalar-imtinalar-qadagalar\\\/#primaryimage\"},\"thumbnailUrl\":\"https:\\\/\\\/www.meydan.tv\\\/wp-content\\\/uploads\\\/shutterstock_2130916187.jpg\",\"datePublished\":\"2022-04-13T12:43:46+00:00\",\"dateModified\":\"2022-04-13T12:43:48+00:00\",\"breadcrumb\":{\"@id\":\"https:\\\/\\\/www.meydan.tv\\\/az\\\/article\\\/rusiya-ukrayana-muharibesinin-medeniyyete-tesiri-kampaniyalar-imtinalar-qadagalar\\\/#breadcrumb\"},\"inLanguage\":\"az\",\"potentialAction\":[{\"@type\":\"ReadAction\",\"target\":[\"https:\\\/\\\/www.meydan.tv\\\/az\\\/article\\\/rusiya-ukrayana-muharibesinin-medeniyyete-tesiri-kampaniyalar-imtinalar-qadagalar\\\/\"]}]},{\"@type\":\"ImageObject\",\"inLanguage\":\"az\",\"@id\":\"https:\\\/\\\/www.meydan.tv\\\/az\\\/article\\\/rusiya-ukrayana-muharibesinin-medeniyyete-tesiri-kampaniyalar-imtinalar-qadagalar\\\/#primaryimage\",\"url\":\"https:\\\/\\\/www.meydan.tv\\\/wp-content\\\/uploads\\\/shutterstock_2130916187.jpg\",\"contentUrl\":\"https:\\\/\\\/www.meydan.tv\\\/wp-content\\\/uploads\\\/shutterstock_2130916187.jpg\",\"width\":1200,\"height\":800,\"caption\":\"Rusiya-Ukrayna m\u00fcharib\u0259si. Foto: David Benito\\\/shutterstock\"},{\"@type\":\"BreadcrumbList\",\"@id\":\"https:\\\/\\\/www.meydan.tv\\\/az\\\/article\\\/rusiya-ukrayana-muharibesinin-medeniyyete-tesiri-kampaniyalar-imtinalar-qadagalar\\\/#breadcrumb\",\"itemListElement\":[{\"@type\":\"ListItem\",\"position\":1,\"name\":\"Ana s\u0259hif\u0259\",\"item\":\"https:\\\/\\\/www.meydan.tv\\\/az\\\/\"},{\"@type\":\"ListItem\",\"position\":2,\"name\":\"M\u0259d\u0259niyy\u0259t\",\"item\":\"https:\\\/\\\/www.meydan.tv\\\/az\\\/section\\\/medeniyyet\\\/\"},{\"@type\":\"ListItem\",\"position\":3,\"name\":\"Rusiya-Ukrayna m\u00fcharib\u0259sinin m\u0259d\u0259niyy\u0259t\u0259 t\u0259siri: kampaniyalar, imtinalar, qada\u011falar&#8230;\"}]},{\"@type\":\"WebSite\",\"@id\":\"https:\\\/\\\/www.meydan.tv\\\/az\\\/#website\",\"url\":\"https:\\\/\\\/www.meydan.tv\\\/az\\\/\",\"name\":\"MEYDAN.TV\",\"description\":\"Meydan TV Az\u0259rbaycan\u0131n media m\u0259kan\u0131ndak\u0131 alternativ s\u0259sidir\",\"publisher\":{\"@id\":\"https:\\\/\\\/www.meydan.tv\\\/az\\\/#organization\"},\"potentialAction\":[{\"@type\":\"SearchAction\",\"target\":{\"@type\":\"EntryPoint\",\"urlTemplate\":\"https:\\\/\\\/www.meydan.tv\\\/az\\\/?s={search_term_string}\"},\"query-input\":{\"@type\":\"PropertyValueSpecification\",\"valueRequired\":true,\"valueName\":\"search_term_string\"}}],\"inLanguage\":\"az\"},{\"@type\":\"Organization\",\"@id\":\"https:\\\/\\\/www.meydan.tv\\\/az\\\/#organization\",\"name\":\"Meydan TV\",\"url\":\"https:\\\/\\\/www.meydan.tv\\\/az\\\/\",\"logo\":{\"@type\":\"ImageObject\",\"inLanguage\":\"az\",\"@id\":\"https:\\\/\\\/www.meydan.tv\\\/az\\\/#\\\/schema\\\/logo\\\/image\\\/\",\"url\":\"https:\\\/\\\/www.meydan.tv\\\/wp-content\\\/uploads\\\/2021\\\/07\\\/meydan-logo.svg\",\"contentUrl\":\"https:\\\/\\\/www.meydan.tv\\\/wp-content\\\/uploads\\\/2021\\\/07\\\/meydan-logo.svg\",\"width\":195,\"height\":46,\"caption\":\"Meydan TV\"},\"image\":{\"@id\":\"https:\\\/\\\/www.meydan.tv\\\/az\\\/#\\\/schema\\\/logo\\\/image\\\/\"}},{\"@type\":\"Person\",\"@id\":\"https:\\\/\\\/www.meydan.tv\\\/az\\\/#\\\/schema\\\/person\\\/9cdbecf90d17180ce1dfbd95b08dcf47\",\"name\":\"elli\",\"sameAs\":[\"https:\\\/\\\/x.com\\\/elli\"]}]}<\/script>\n<!-- \/ Yoast SEO plugin. -->","yoast_head_json":{"title":"Rusiya-Ukrayna m\u00fcharib\u0259sinin m\u0259d\u0259niyy\u0259t\u0259 t\u0259siri: kampaniyalar, imtinalar, qada\u011falar... - MEYDAN.TV","robots":{"index":"index","follow":"follow","max-snippet":"max-snippet:-1","max-image-preview":"max-image-preview:large","max-video-preview":"max-video-preview:-1"},"canonical":"https:\/\/www.meydan.tv\/az\/article\/rusiya-ukrayana-muharibesinin-medeniyyete-tesiri-kampaniyalar-imtinalar-qadagalar\/","og_locale":"az_AZ","og_type":"article","og_title":"Rusiya-Ukrayna m\u00fcharib\u0259sinin m\u0259d\u0259niyy\u0259t\u0259 t\u0259siri: kampaniyalar, imtinalar, qada\u011falar... - MEYDAN.TV","og_description":"Deputatlar rus musiqil\u0259rin\u0259 qada\u011falar t\u0259klif edirl\u0259r Rusiyan\u0131n Ukraynada ba\u015flatd\u0131\u011f\u0131 h\u0259rbi ... Davam\u0131","og_url":"https:\/\/www.meydan.tv\/az\/article\/rusiya-ukrayana-muharibesinin-medeniyyete-tesiri-kampaniyalar-imtinalar-qadagalar\/","og_site_name":"MEYDAN.TV","article_published_time":"2022-04-13T12:43:46+00:00","article_modified_time":"2022-04-13T12:43:48+00:00","og_image":[{"width":1200,"height":800,"url":"https:\/\/www.meydan.tv\/wp-content\/uploads\/shutterstock_2130916187.jpg","type":"image\/jpeg"}],"author":"elli","twitter_card":"summary_large_image","twitter_creator":"@elli","schema":{"@context":"https:\/\/schema.org","@graph":[{"@type":"Article","@id":"https:\/\/www.meydan.tv\/az\/article\/rusiya-ukrayana-muharibesinin-medeniyyete-tesiri-kampaniyalar-imtinalar-qadagalar\/#article","isPartOf":{"@id":"https:\/\/www.meydan.tv\/az\/article\/rusiya-ukrayana-muharibesinin-medeniyyete-tesiri-kampaniyalar-imtinalar-qadagalar\/"},"author":{"name":"elli","@id":"https:\/\/www.meydan.tv\/az\/#\/schema\/person\/9cdbecf90d17180ce1dfbd95b08dcf47"},"headline":"Rusiya-Ukrayna m\u00fcharib\u0259sinin m\u0259d\u0259niyy\u0259t\u0259 t\u0259siri: kampaniyalar, imtinalar, qada\u011falar&#8230;","datePublished":"2022-04-13T12:43:46+00:00","dateModified":"2022-04-13T12:43:48+00:00","mainEntityOfPage":{"@id":"https:\/\/www.meydan.tv\/az\/article\/rusiya-ukrayana-muharibesinin-medeniyyete-tesiri-kampaniyalar-imtinalar-qadagalar\/"},"wordCount":1153,"publisher":{"@id":"https:\/\/www.meydan.tv\/az\/#organization"},"image":{"@id":"https:\/\/www.meydan.tv\/az\/article\/rusiya-ukrayana-muharibesinin-medeniyyete-tesiri-kampaniyalar-imtinalar-qadagalar\/#primaryimage"},"thumbnailUrl":"https:\/\/www.meydan.tv\/wp-content\/uploads\/shutterstock_2130916187.jpg","articleSection":["M\u0259d\u0259niyy\u0259t","X\u0259b\u0259rl\u0259r"],"inLanguage":"az"},{"@type":"WebPage","@id":"https:\/\/www.meydan.tv\/az\/article\/rusiya-ukrayana-muharibesinin-medeniyyete-tesiri-kampaniyalar-imtinalar-qadagalar\/","url":"https:\/\/www.meydan.tv\/az\/article\/rusiya-ukrayana-muharibesinin-medeniyyete-tesiri-kampaniyalar-imtinalar-qadagalar\/","name":"Rusiya-Ukrayna m\u00fcharib\u0259sinin m\u0259d\u0259niyy\u0259t\u0259 t\u0259siri: kampaniyalar, imtinalar, qada\u011falar... - MEYDAN.TV","isPartOf":{"@id":"https:\/\/www.meydan.tv\/az\/#website"},"primaryImageOfPage":{"@id":"https:\/\/www.meydan.tv\/az\/article\/rusiya-ukrayana-muharibesinin-medeniyyete-tesiri-kampaniyalar-imtinalar-qadagalar\/#primaryimage"},"image":{"@id":"https:\/\/www.meydan.tv\/az\/article\/rusiya-ukrayana-muharibesinin-medeniyyete-tesiri-kampaniyalar-imtinalar-qadagalar\/#primaryimage"},"thumbnailUrl":"https:\/\/www.meydan.tv\/wp-content\/uploads\/shutterstock_2130916187.jpg","datePublished":"2022-04-13T12:43:46+00:00","dateModified":"2022-04-13T12:43:48+00:00","breadcrumb":{"@id":"https:\/\/www.meydan.tv\/az\/article\/rusiya-ukrayana-muharibesinin-medeniyyete-tesiri-kampaniyalar-imtinalar-qadagalar\/#breadcrumb"},"inLanguage":"az","potentialAction":[{"@type":"ReadAction","target":["https:\/\/www.meydan.tv\/az\/article\/rusiya-ukrayana-muharibesinin-medeniyyete-tesiri-kampaniyalar-imtinalar-qadagalar\/"]}]},{"@type":"ImageObject","inLanguage":"az","@id":"https:\/\/www.meydan.tv\/az\/article\/rusiya-ukrayana-muharibesinin-medeniyyete-tesiri-kampaniyalar-imtinalar-qadagalar\/#primaryimage","url":"https:\/\/www.meydan.tv\/wp-content\/uploads\/shutterstock_2130916187.jpg","contentUrl":"https:\/\/www.meydan.tv\/wp-content\/uploads\/shutterstock_2130916187.jpg","width":1200,"height":800,"caption":"Rusiya-Ukrayna m\u00fcharib\u0259si. Foto: David Benito\/shutterstock"},{"@type":"BreadcrumbList","@id":"https:\/\/www.meydan.tv\/az\/article\/rusiya-ukrayana-muharibesinin-medeniyyete-tesiri-kampaniyalar-imtinalar-qadagalar\/#breadcrumb","itemListElement":[{"@type":"ListItem","position":1,"name":"Ana s\u0259hif\u0259","item":"https:\/\/www.meydan.tv\/az\/"},{"@type":"ListItem","position":2,"name":"M\u0259d\u0259niyy\u0259t","item":"https:\/\/www.meydan.tv\/az\/section\/medeniyyet\/"},{"@type":"ListItem","position":3,"name":"Rusiya-Ukrayna m\u00fcharib\u0259sinin m\u0259d\u0259niyy\u0259t\u0259 t\u0259siri: kampaniyalar, imtinalar, qada\u011falar&#8230;"}]},{"@type":"WebSite","@id":"https:\/\/www.meydan.tv\/az\/#website","url":"https:\/\/www.meydan.tv\/az\/","name":"MEYDAN.TV","description":"Meydan TV Az\u0259rbaycan\u0131n media m\u0259kan\u0131ndak\u0131 alternativ s\u0259sidir","publisher":{"@id":"https:\/\/www.meydan.tv\/az\/#organization"},"potentialAction":[{"@type":"SearchAction","target":{"@type":"EntryPoint","urlTemplate":"https:\/\/www.meydan.tv\/az\/?s={search_term_string}"},"query-input":{"@type":"PropertyValueSpecification","valueRequired":true,"valueName":"search_term_string"}}],"inLanguage":"az"},{"@type":"Organization","@id":"https:\/\/www.meydan.tv\/az\/#organization","name":"Meydan TV","url":"https:\/\/www.meydan.tv\/az\/","logo":{"@type":"ImageObject","inLanguage":"az","@id":"https:\/\/www.meydan.tv\/az\/#\/schema\/logo\/image\/","url":"https:\/\/www.meydan.tv\/wp-content\/uploads\/2021\/07\/meydan-logo.svg","contentUrl":"https:\/\/www.meydan.tv\/wp-content\/uploads\/2021\/07\/meydan-logo.svg","width":195,"height":46,"caption":"Meydan TV"},"image":{"@id":"https:\/\/www.meydan.tv\/az\/#\/schema\/logo\/image\/"}},{"@type":"Person","@id":"https:\/\/www.meydan.tv\/az\/#\/schema\/person\/9cdbecf90d17180ce1dfbd95b08dcf47","name":"elli","sameAs":["https:\/\/x.com\/elli"]}]}},"_links":{"self":[{"href":"https:\/\/www.meydan.tv\/az\/wp-json\/wp\/v2\/posts\/241737","targetHints":{"allow":["GET"]}}],"collection":[{"href":"https:\/\/www.meydan.tv\/az\/wp-json\/wp\/v2\/posts"}],"about":[{"href":"https:\/\/www.meydan.tv\/az\/wp-json\/wp\/v2\/types\/post"}],"author":[{"embeddable":true,"href":"https:\/\/www.meydan.tv\/az\/wp-json\/wp\/v2\/users\/8"}],"replies":[{"embeddable":true,"href":"https:\/\/www.meydan.tv\/az\/wp-json\/wp\/v2\/comments?post=241737"}],"version-history":[{"count":2,"href":"https:\/\/www.meydan.tv\/az\/wp-json\/wp\/v2\/posts\/241737\/revisions"}],"predecessor-version":[{"id":241754,"href":"https:\/\/www.meydan.tv\/az\/wp-json\/wp\/v2\/posts\/241737\/revisions\/241754"}],"wp:featuredmedia":[{"embeddable":true,"href":"https:\/\/www.meydan.tv\/az\/wp-json\/wp\/v2\/media\/241734"}],"wp:attachment":[{"href":"https:\/\/www.meydan.tv\/az\/wp-json\/wp\/v2\/media?parent=241737"}],"wp:term":[{"taxonomy":"category","embeddable":true,"href":"https:\/\/www.meydan.tv\/az\/wp-json\/wp\/v2\/categories?post=241737"},{"taxonomy":"post_tag","embeddable":true,"href":"https:\/\/www.meydan.tv\/az\/wp-json\/wp\/v2\/tags?post=241737"}],"curies":[{"name":"wp","href":"https:\/\/api.w.org\/{rel}","templated":true}]}}