{"id":241729,"date":"2022-04-13T16:12:15","date_gmt":"2022-04-13T12:12:15","guid":{"rendered":"https:\/\/www.meydan.tv\/?p=241729"},"modified":"2022-04-13T16:12:16","modified_gmt":"2022-04-13T12:12:16","slug":"yanginda-1-milyon-manatliq-ziyana-dusen-sahibkarlar-pullarini-ala-bilmir","status":"publish","type":"post","link":"https:\/\/www.meydan.tv\/az\/article\/yanginda-1-milyon-manatliq-ziyana-dusen-sahibkarlar-pullarini-ala-bilmir\/","title":{"rendered":"Yan\u011f\u0131nda 1 milyon manatl\u0131q ziyana d\u00fc\u015f\u0259n sahibkarlar pullar\u0131n\u0131 ala bilmir"},"content":{"rendered":"\n<figure class=\"wp-block-embed is-type-video is-provider-youtube wp-block-embed-youtube wp-embed-aspect-16-9 wp-has-aspect-ratio\"><div class=\"wp-block-embed__wrapper\">\n<iframe title=\"Yan\u011f\u0131nda 1 milyon manatl\u0131q ziyana d\u00fc\u015f\u0259n sahibkarlar pullar\u0131n\u0131 ala bilmir\" width=\"1200\" height=\"675\" data-src=\"https:\/\/www.youtube.com\/embed\/vxNQQUDLw0Q?feature=oembed\" frameborder=\"0\" allow=\"accelerometer; autoplay; clipboard-write; encrypted-media; gyroscope; picture-in-picture\" allowfullscreen src=\"data:image\/svg+xml;base64,PHN2ZyB3aWR0aD0iMSIgaGVpZ2h0PSIxIiB4bWxucz0iaHR0cDovL3d3dy53My5vcmcvMjAwMC9zdmciPjwvc3ZnPg==\" class=\"lazyload\" data-load-mode=\"1\"><\/iframe>\n<\/div><\/figure>\n\n\n\n<!--more-->\n\n\n\n<p>2021-ci ilin 16 oktyabr\u0131nda \u201cMetro City\u201d ticar\u0259t m\u0259rk\u0259zind\u0259 ba\u015f ver\u0259n yan\u011f\u0131nda 31 n\u0259f\u0259r sahibkar\u0131n mallar\u0131 yand\u0131. Yan\u011f\u0131ndan z\u0259r\u0259r g\u00f6r\u0259n sahibkarlar indi m\u00fcdriyy\u0259tl\u0259rind\u0259n n\u0259 kompensasiya, n\u0259 d\u0259 i\u015fl\u0259m\u0259k \u00fc\u00e7\u00fcn yer ala bilir.&nbsp;<\/p>\n\n\n\n<p>Ticar\u0259t m\u0259rk\u0259zinin s\u0131\u011fortas\u0131 olub. \u015eikay\u0259t\u00e7il\u0259r deyir ki, m\u00fcdriyy\u0259td\u0259n onlara bildiribl\u0259r ki, s\u0131\u011forta onlara pul \u00f6d\u0259y\u0259n kimi onlar da mal sahibl\u0259rin\u0259 kompensasiya ver\u0259c\u0259kl\u0259r. Sahibkarlar deyir ki, onlara \u00fcmumilikd\u0259 1 milyon manata yax\u0131n ziyan d\u0259yib, amma 6 ayd\u0131r bu m\u0259bl\u0259\u011fd\u0259n he\u00e7 n\u0259 \u00f6d\u0259nmir.&nbsp;<\/p>\n\n\n\n<p>Hadis\u0259 il\u0259 ba\u011fl\u0131 F\u00f6vq\u0259lad\u0259 Hallar Nazirliyinin \u0259m\u0259liyyat-istintaq idar\u0259sind\u0259 t\u0259hqiqat apar\u0131l\u0131r. \u015eikay\u0259t\u00e7il\u0259r istintaq\u0131n gedi\u015find\u0259n d\u0259 naraz\u0131d\u0131rlar.&nbsp;<\/p>\n\n\n\n<p>\u201cMetro City\u201d ticar\u0259t m\u0259rk\u0259zinin m\u00fcdiri kimi t\u0259qdim olunan F\u00fczuli adl\u0131 \u015f\u0259xs\u0259 z\u0259ng ets\u0259k d\u0259, telefonu a\u00e7mad\u0131. \u0130\u015fi aparan m\u00fcst\u0259ntiq Fuad M\u0259h\u0259rr\u0259mov bildirdi ki, \u015fikay\u0259t\u00e7il\u0259rin naraz\u0131l\u0131\u011f\u0131na \u0259sas yoxdur, istintaq davam edir.&nbsp;<\/p>\n\n\n\n<p>Alt\u0131 ayd\u0131r i\u015fsiz qalan \u015fikay\u0259t\u00e7il\u0259r ail\u0259 \u00fczvl\u0259rinin k\u00f6m\u0259yi il\u0259, ya da tan\u0131\u015flar\u0131ndan borc alaraq ya\u015fad\u0131qlar\u0131n\u0131 deyirl\u0259r. Onlar ticar\u0259t m\u0259rk\u0259zinin yax\u0131n m\u00fcdd\u0259td\u0259 t\u0259hvil veril\u0259c\u0259yind\u0259n \u0259ll\u0259rini \u00fcz\u00fcbl\u0259r, yegan\u0259 ist\u0259kl\u0259ri onlara d\u0259ymi\u015f maddi z\u0259r\u0259rin \u00f6d\u0259nilm\u0259sidir.<\/p>\n","protected":false},"excerpt":{"rendered":"","protected":false},"author":14,"featured_media":241730,"comment_status":"closed","ping_status":"closed","sticky":false,"template":"","format":"standard","meta":{"_acf_changed":false,"_sitemap_exclude":false,"_sitemap_priority":"","_sitemap_frequency":"","footnotes":""},"categories":[61,63],"tags":[],"class_list":["post-241729","post","type-post","status-publish","format-standard","has-post-thumbnail","hentry","category-reportaj","category-video-2","infinite-scroll-item","generate-columns","tablet-grid-50","mobile-grid-100","grid-parent","grid-33","no-featured-image-padding"],"acf":[],"yoast_head":"<!-- This site is optimized with the Yoast SEO plugin v27.4 - https:\/\/yoast.com\/product\/yoast-seo-wordpress\/ -->\n<title>Yan\u011f\u0131nda 1 milyon manatl\u0131q ziyana d\u00fc\u015f\u0259n sahibkarlar pullar\u0131n\u0131 ala bilmir - MEYDAN.TV<\/title>\n<meta name=\"robots\" content=\"index, follow, max-snippet:-1, max-image-preview:large, max-video-preview:-1\" \/>\n<link rel=\"canonical\" href=\"https:\/\/www.meydan.tv\/az\/article\/yanginda-1-milyon-manatliq-ziyana-dusen-sahibkarlar-pullarini-ala-bilmir\/\" \/>\n<meta property=\"og:locale\" content=\"az_AZ\" \/>\n<meta property=\"og:type\" content=\"article\" \/>\n<meta property=\"og:title\" content=\"Yan\u011f\u0131nda 1 milyon manatl\u0131q ziyana d\u00fc\u015f\u0259n sahibkarlar pullar\u0131n\u0131 ala bilmir - MEYDAN.TV\" \/>\n<meta property=\"og:url\" content=\"https:\/\/www.meydan.tv\/az\/article\/yanginda-1-milyon-manatliq-ziyana-dusen-sahibkarlar-pullarini-ala-bilmir\/\" \/>\n<meta property=\"og:site_name\" content=\"MEYDAN.TV\" \/>\n<meta property=\"article:published_time\" content=\"2022-04-13T12:12:15+00:00\" \/>\n<meta property=\"article:modified_time\" content=\"2022-04-13T12:12:16+00:00\" \/>\n<meta property=\"og:image\" content=\"https:\/\/www.meydan.tv\/wp-content\/uploads\/photo_2022-04-13-14.10.57.jpeg\" \/>\n\t<meta property=\"og:image:width\" content=\"879\" \/>\n\t<meta property=\"og:image:height\" content=\"495\" \/>\n\t<meta property=\"og:image:type\" content=\"image\/jpeg\" \/>\n<meta name=\"author\" content=\"roma\" \/>\n<meta name=\"twitter:card\" content=\"summary_large_image\" \/>\n<script type=\"application\/ld+json\" class=\"yoast-schema-graph\">{\"@context\":\"https:\\\/\\\/schema.org\",\"@graph\":[{\"@type\":\"Article\",\"@id\":\"https:\\\/\\\/www.meydan.tv\\\/az\\\/article\\\/yanginda-1-milyon-manatliq-ziyana-dusen-sahibkarlar-pullarini-ala-bilmir\\\/#article\",\"isPartOf\":{\"@id\":\"https:\\\/\\\/www.meydan.tv\\\/az\\\/article\\\/yanginda-1-milyon-manatliq-ziyana-dusen-sahibkarlar-pullarini-ala-bilmir\\\/\"},\"author\":{\"name\":\"roma\",\"@id\":\"https:\\\/\\\/www.meydan.tv\\\/az\\\/#\\\/schema\\\/person\\\/8f23e01c4de63326c13c319fb65ee65d\"},\"headline\":\"Yan\u011f\u0131nda 1 milyon manatl\u0131q ziyana d\u00fc\u015f\u0259n sahibkarlar pullar\u0131n\u0131 ala bilmir\",\"datePublished\":\"2022-04-13T12:12:15+00:00\",\"dateModified\":\"2022-04-13T12:12:16+00:00\",\"mainEntityOfPage\":{\"@id\":\"https:\\\/\\\/www.meydan.tv\\\/az\\\/article\\\/yanginda-1-milyon-manatliq-ziyana-dusen-sahibkarlar-pullarini-ala-bilmir\\\/\"},\"wordCount\":282,\"publisher\":{\"@id\":\"https:\\\/\\\/www.meydan.tv\\\/az\\\/#organization\"},\"image\":{\"@id\":\"https:\\\/\\\/www.meydan.tv\\\/az\\\/article\\\/yanginda-1-milyon-manatliq-ziyana-dusen-sahibkarlar-pullarini-ala-bilmir\\\/#primaryimage\"},\"thumbnailUrl\":\"https:\\\/\\\/www.meydan.tv\\\/wp-content\\\/uploads\\\/photo_2022-04-13-14.10.57.jpeg\",\"articleSection\":[\"Reportaj\",\"Video\"],\"inLanguage\":\"az\"},{\"@type\":\"WebPage\",\"@id\":\"https:\\\/\\\/www.meydan.tv\\\/az\\\/article\\\/yanginda-1-milyon-manatliq-ziyana-dusen-sahibkarlar-pullarini-ala-bilmir\\\/\",\"url\":\"https:\\\/\\\/www.meydan.tv\\\/az\\\/article\\\/yanginda-1-milyon-manatliq-ziyana-dusen-sahibkarlar-pullarini-ala-bilmir\\\/\",\"name\":\"Yan\u011f\u0131nda 1 milyon manatl\u0131q ziyana d\u00fc\u015f\u0259n sahibkarlar pullar\u0131n\u0131 ala bilmir - MEYDAN.TV\",\"isPartOf\":{\"@id\":\"https:\\\/\\\/www.meydan.tv\\\/az\\\/#website\"},\"primaryImageOfPage\":{\"@id\":\"https:\\\/\\\/www.meydan.tv\\\/az\\\/article\\\/yanginda-1-milyon-manatliq-ziyana-dusen-sahibkarlar-pullarini-ala-bilmir\\\/#primaryimage\"},\"image\":{\"@id\":\"https:\\\/\\\/www.meydan.tv\\\/az\\\/article\\\/yanginda-1-milyon-manatliq-ziyana-dusen-sahibkarlar-pullarini-ala-bilmir\\\/#primaryimage\"},\"thumbnailUrl\":\"https:\\\/\\\/www.meydan.tv\\\/wp-content\\\/uploads\\\/photo_2022-04-13-14.10.57.jpeg\",\"datePublished\":\"2022-04-13T12:12:15+00:00\",\"dateModified\":\"2022-04-13T12:12:16+00:00\",\"breadcrumb\":{\"@id\":\"https:\\\/\\\/www.meydan.tv\\\/az\\\/article\\\/yanginda-1-milyon-manatliq-ziyana-dusen-sahibkarlar-pullarini-ala-bilmir\\\/#breadcrumb\"},\"inLanguage\":\"az\",\"potentialAction\":[{\"@type\":\"ReadAction\",\"target\":[\"https:\\\/\\\/www.meydan.tv\\\/az\\\/article\\\/yanginda-1-milyon-manatliq-ziyana-dusen-sahibkarlar-pullarini-ala-bilmir\\\/\"]}]},{\"@type\":\"ImageObject\",\"inLanguage\":\"az\",\"@id\":\"https:\\\/\\\/www.meydan.tv\\\/az\\\/article\\\/yanginda-1-milyon-manatliq-ziyana-dusen-sahibkarlar-pullarini-ala-bilmir\\\/#primaryimage\",\"url\":\"https:\\\/\\\/www.meydan.tv\\\/wp-content\\\/uploads\\\/photo_2022-04-13-14.10.57.jpeg\",\"contentUrl\":\"https:\\\/\\\/www.meydan.tv\\\/wp-content\\\/uploads\\\/photo_2022-04-13-14.10.57.jpeg\",\"width\":879,\"height\":495},{\"@type\":\"BreadcrumbList\",\"@id\":\"https:\\\/\\\/www.meydan.tv\\\/az\\\/article\\\/yanginda-1-milyon-manatliq-ziyana-dusen-sahibkarlar-pullarini-ala-bilmir\\\/#breadcrumb\",\"itemListElement\":[{\"@type\":\"ListItem\",\"position\":1,\"name\":\"Ana s\u0259hif\u0259\",\"item\":\"https:\\\/\\\/www.meydan.tv\\\/az\\\/\"},{\"@type\":\"ListItem\",\"position\":2,\"name\":\"Video\",\"item\":\"https:\\\/\\\/www.meydan.tv\\\/az\\\/section\\\/video-2\\\/\"},{\"@type\":\"ListItem\",\"position\":3,\"name\":\"Yan\u011f\u0131nda 1 milyon manatl\u0131q ziyana d\u00fc\u015f\u0259n sahibkarlar pullar\u0131n\u0131 ala bilmir\"}]},{\"@type\":\"WebSite\",\"@id\":\"https:\\\/\\\/www.meydan.tv\\\/az\\\/#website\",\"url\":\"https:\\\/\\\/www.meydan.tv\\\/az\\\/\",\"name\":\"MEYDAN.TV\",\"description\":\"Meydan TV Az\u0259rbaycan\u0131n media m\u0259kan\u0131ndak\u0131 alternativ s\u0259sidir\",\"publisher\":{\"@id\":\"https:\\\/\\\/www.meydan.tv\\\/az\\\/#organization\"},\"potentialAction\":[{\"@type\":\"SearchAction\",\"target\":{\"@type\":\"EntryPoint\",\"urlTemplate\":\"https:\\\/\\\/www.meydan.tv\\\/az\\\/?s={search_term_string}\"},\"query-input\":{\"@type\":\"PropertyValueSpecification\",\"valueRequired\":true,\"valueName\":\"search_term_string\"}}],\"inLanguage\":\"az\"},{\"@type\":\"Organization\",\"@id\":\"https:\\\/\\\/www.meydan.tv\\\/az\\\/#organization\",\"name\":\"Meydan TV\",\"url\":\"https:\\\/\\\/www.meydan.tv\\\/az\\\/\",\"logo\":{\"@type\":\"ImageObject\",\"inLanguage\":\"az\",\"@id\":\"https:\\\/\\\/www.meydan.tv\\\/az\\\/#\\\/schema\\\/logo\\\/image\\\/\",\"url\":\"https:\\\/\\\/www.meydan.tv\\\/wp-content\\\/uploads\\\/2021\\\/07\\\/meydan-logo.svg\",\"contentUrl\":\"https:\\\/\\\/www.meydan.tv\\\/wp-content\\\/uploads\\\/2021\\\/07\\\/meydan-logo.svg\",\"width\":195,\"height\":46,\"caption\":\"Meydan TV\"},\"image\":{\"@id\":\"https:\\\/\\\/www.meydan.tv\\\/az\\\/#\\\/schema\\\/logo\\\/image\\\/\"}},{\"@type\":\"Person\",\"@id\":\"https:\\\/\\\/www.meydan.tv\\\/az\\\/#\\\/schema\\\/person\\\/8f23e01c4de63326c13c319fb65ee65d\",\"name\":\"roma\"}]}<\/script>\n<!-- \/ Yoast SEO plugin. -->","yoast_head_json":{"title":"Yan\u011f\u0131nda 1 milyon manatl\u0131q ziyana d\u00fc\u015f\u0259n sahibkarlar pullar\u0131n\u0131 ala bilmir - MEYDAN.TV","robots":{"index":"index","follow":"follow","max-snippet":"max-snippet:-1","max-image-preview":"max-image-preview:large","max-video-preview":"max-video-preview:-1"},"canonical":"https:\/\/www.meydan.tv\/az\/article\/yanginda-1-milyon-manatliq-ziyana-dusen-sahibkarlar-pullarini-ala-bilmir\/","og_locale":"az_AZ","og_type":"article","og_title":"Yan\u011f\u0131nda 1 milyon manatl\u0131q ziyana d\u00fc\u015f\u0259n sahibkarlar pullar\u0131n\u0131 ala bilmir - MEYDAN.TV","og_url":"https:\/\/www.meydan.tv\/az\/article\/yanginda-1-milyon-manatliq-ziyana-dusen-sahibkarlar-pullarini-ala-bilmir\/","og_site_name":"MEYDAN.TV","article_published_time":"2022-04-13T12:12:15+00:00","article_modified_time":"2022-04-13T12:12:16+00:00","og_image":[{"width":879,"height":495,"url":"https:\/\/www.meydan.tv\/wp-content\/uploads\/photo_2022-04-13-14.10.57.jpeg","type":"image\/jpeg"}],"author":"roma","twitter_card":"summary_large_image","schema":{"@context":"https:\/\/schema.org","@graph":[{"@type":"Article","@id":"https:\/\/www.meydan.tv\/az\/article\/yanginda-1-milyon-manatliq-ziyana-dusen-sahibkarlar-pullarini-ala-bilmir\/#article","isPartOf":{"@id":"https:\/\/www.meydan.tv\/az\/article\/yanginda-1-milyon-manatliq-ziyana-dusen-sahibkarlar-pullarini-ala-bilmir\/"},"author":{"name":"roma","@id":"https:\/\/www.meydan.tv\/az\/#\/schema\/person\/8f23e01c4de63326c13c319fb65ee65d"},"headline":"Yan\u011f\u0131nda 1 milyon manatl\u0131q ziyana d\u00fc\u015f\u0259n sahibkarlar pullar\u0131n\u0131 ala bilmir","datePublished":"2022-04-13T12:12:15+00:00","dateModified":"2022-04-13T12:12:16+00:00","mainEntityOfPage":{"@id":"https:\/\/www.meydan.tv\/az\/article\/yanginda-1-milyon-manatliq-ziyana-dusen-sahibkarlar-pullarini-ala-bilmir\/"},"wordCount":282,"publisher":{"@id":"https:\/\/www.meydan.tv\/az\/#organization"},"image":{"@id":"https:\/\/www.meydan.tv\/az\/article\/yanginda-1-milyon-manatliq-ziyana-dusen-sahibkarlar-pullarini-ala-bilmir\/#primaryimage"},"thumbnailUrl":"https:\/\/www.meydan.tv\/wp-content\/uploads\/photo_2022-04-13-14.10.57.jpeg","articleSection":["Reportaj","Video"],"inLanguage":"az"},{"@type":"WebPage","@id":"https:\/\/www.meydan.tv\/az\/article\/yanginda-1-milyon-manatliq-ziyana-dusen-sahibkarlar-pullarini-ala-bilmir\/","url":"https:\/\/www.meydan.tv\/az\/article\/yanginda-1-milyon-manatliq-ziyana-dusen-sahibkarlar-pullarini-ala-bilmir\/","name":"Yan\u011f\u0131nda 1 milyon manatl\u0131q ziyana d\u00fc\u015f\u0259n sahibkarlar pullar\u0131n\u0131 ala bilmir - MEYDAN.TV","isPartOf":{"@id":"https:\/\/www.meydan.tv\/az\/#website"},"primaryImageOfPage":{"@id":"https:\/\/www.meydan.tv\/az\/article\/yanginda-1-milyon-manatliq-ziyana-dusen-sahibkarlar-pullarini-ala-bilmir\/#primaryimage"},"image":{"@id":"https:\/\/www.meydan.tv\/az\/article\/yanginda-1-milyon-manatliq-ziyana-dusen-sahibkarlar-pullarini-ala-bilmir\/#primaryimage"},"thumbnailUrl":"https:\/\/www.meydan.tv\/wp-content\/uploads\/photo_2022-04-13-14.10.57.jpeg","datePublished":"2022-04-13T12:12:15+00:00","dateModified":"2022-04-13T12:12:16+00:00","breadcrumb":{"@id":"https:\/\/www.meydan.tv\/az\/article\/yanginda-1-milyon-manatliq-ziyana-dusen-sahibkarlar-pullarini-ala-bilmir\/#breadcrumb"},"inLanguage":"az","potentialAction":[{"@type":"ReadAction","target":["https:\/\/www.meydan.tv\/az\/article\/yanginda-1-milyon-manatliq-ziyana-dusen-sahibkarlar-pullarini-ala-bilmir\/"]}]},{"@type":"ImageObject","inLanguage":"az","@id":"https:\/\/www.meydan.tv\/az\/article\/yanginda-1-milyon-manatliq-ziyana-dusen-sahibkarlar-pullarini-ala-bilmir\/#primaryimage","url":"https:\/\/www.meydan.tv\/wp-content\/uploads\/photo_2022-04-13-14.10.57.jpeg","contentUrl":"https:\/\/www.meydan.tv\/wp-content\/uploads\/photo_2022-04-13-14.10.57.jpeg","width":879,"height":495},{"@type":"BreadcrumbList","@id":"https:\/\/www.meydan.tv\/az\/article\/yanginda-1-milyon-manatliq-ziyana-dusen-sahibkarlar-pullarini-ala-bilmir\/#breadcrumb","itemListElement":[{"@type":"ListItem","position":1,"name":"Ana s\u0259hif\u0259","item":"https:\/\/www.meydan.tv\/az\/"},{"@type":"ListItem","position":2,"name":"Video","item":"https:\/\/www.meydan.tv\/az\/section\/video-2\/"},{"@type":"ListItem","position":3,"name":"Yan\u011f\u0131nda 1 milyon manatl\u0131q ziyana d\u00fc\u015f\u0259n sahibkarlar pullar\u0131n\u0131 ala bilmir"}]},{"@type":"WebSite","@id":"https:\/\/www.meydan.tv\/az\/#website","url":"https:\/\/www.meydan.tv\/az\/","name":"MEYDAN.TV","description":"Meydan TV Az\u0259rbaycan\u0131n media m\u0259kan\u0131ndak\u0131 alternativ s\u0259sidir","publisher":{"@id":"https:\/\/www.meydan.tv\/az\/#organization"},"potentialAction":[{"@type":"SearchAction","target":{"@type":"EntryPoint","urlTemplate":"https:\/\/www.meydan.tv\/az\/?s={search_term_string}"},"query-input":{"@type":"PropertyValueSpecification","valueRequired":true,"valueName":"search_term_string"}}],"inLanguage":"az"},{"@type":"Organization","@id":"https:\/\/www.meydan.tv\/az\/#organization","name":"Meydan TV","url":"https:\/\/www.meydan.tv\/az\/","logo":{"@type":"ImageObject","inLanguage":"az","@id":"https:\/\/www.meydan.tv\/az\/#\/schema\/logo\/image\/","url":"https:\/\/www.meydan.tv\/wp-content\/uploads\/2021\/07\/meydan-logo.svg","contentUrl":"https:\/\/www.meydan.tv\/wp-content\/uploads\/2021\/07\/meydan-logo.svg","width":195,"height":46,"caption":"Meydan TV"},"image":{"@id":"https:\/\/www.meydan.tv\/az\/#\/schema\/logo\/image\/"}},{"@type":"Person","@id":"https:\/\/www.meydan.tv\/az\/#\/schema\/person\/8f23e01c4de63326c13c319fb65ee65d","name":"roma"}]}},"_links":{"self":[{"href":"https:\/\/www.meydan.tv\/az\/wp-json\/wp\/v2\/posts\/241729","targetHints":{"allow":["GET"]}}],"collection":[{"href":"https:\/\/www.meydan.tv\/az\/wp-json\/wp\/v2\/posts"}],"about":[{"href":"https:\/\/www.meydan.tv\/az\/wp-json\/wp\/v2\/types\/post"}],"author":[{"embeddable":true,"href":"https:\/\/www.meydan.tv\/az\/wp-json\/wp\/v2\/users\/14"}],"replies":[{"embeddable":true,"href":"https:\/\/www.meydan.tv\/az\/wp-json\/wp\/v2\/comments?post=241729"}],"version-history":[{"count":1,"href":"https:\/\/www.meydan.tv\/az\/wp-json\/wp\/v2\/posts\/241729\/revisions"}],"predecessor-version":[{"id":241733,"href":"https:\/\/www.meydan.tv\/az\/wp-json\/wp\/v2\/posts\/241729\/revisions\/241733"}],"wp:featuredmedia":[{"embeddable":true,"href":"https:\/\/www.meydan.tv\/az\/wp-json\/wp\/v2\/media\/241730"}],"wp:attachment":[{"href":"https:\/\/www.meydan.tv\/az\/wp-json\/wp\/v2\/media?parent=241729"}],"wp:term":[{"taxonomy":"category","embeddable":true,"href":"https:\/\/www.meydan.tv\/az\/wp-json\/wp\/v2\/categories?post=241729"},{"taxonomy":"post_tag","embeddable":true,"href":"https:\/\/www.meydan.tv\/az\/wp-json\/wp\/v2\/tags?post=241729"}],"curies":[{"name":"wp","href":"https:\/\/api.w.org\/{rel}","templated":true}]}}