{"id":241724,"date":"2022-04-13T16:10:42","date_gmt":"2022-04-13T12:10:42","guid":{"rendered":"https:\/\/www.meydan.tv\/?p=241724"},"modified":"2022-04-13T16:10:44","modified_gmt":"2022-04-13T12:10:44","slug":"heyat-yoldasini-oldurmekde-teqsirlendirilen-polis-18-il-hebs-cezasi-aldi","status":"publish","type":"post","link":"https:\/\/www.meydan.tv\/az\/article\/heyat-yoldasini-oldurmekde-teqsirlendirilen-polis-18-il-hebs-cezasi-aldi\/","title":{"rendered":"H\u0259yat yolda\u015f\u0131n\u0131 \u00f6ld\u00fcrm\u0259kd\u0259 t\u0259qsirl\u0259ndiril\u0259n polis 18 il h\u0259bs c\u0259zas\u0131 ald\u0131"},"content":{"rendered":"\n<figure class=\"wp-block-embed is-type-video is-provider-youtube wp-block-embed-youtube wp-embed-aspect-16-9 wp-has-aspect-ratio\"><div class=\"wp-block-embed__wrapper\">\n<iframe title=\"H\u0259yat yolda\u015f\u0131n\u0131 \u00f6ld\u00fcrm\u0259kd\u0259 t\u0259qsirl\u0259ndiril\u0259n polis 18 il h\u0259bs c\u0259zas\u0131 ald\u0131\" width=\"1200\" height=\"675\" data-src=\"https:\/\/www.youtube.com\/embed\/263LM2B92EI?feature=oembed\" frameborder=\"0\" allow=\"accelerometer; autoplay; clipboard-write; encrypted-media; gyroscope; picture-in-picture\" allowfullscreen src=\"data:image\/svg+xml;base64,PHN2ZyB3aWR0aD0iMSIgaGVpZ2h0PSIxIiB4bWxucz0iaHR0cDovL3d3dy53My5vcmcvMjAwMC9zdmciPjwvc3ZnPg==\" class=\"lazyload\" data-load-mode=\"1\"><\/iframe>\n<\/div><\/figure>\n\n\n\n<!--more-->\n\n\n\n<p>H\u0259yat yolda\u015f\u0131 Xan\u0131m M\u0259mm\u0259dovan\u0131 b\u00f6lm\u0259d\u0259 \u00f6ld\u00fcrm\u0259kl\u0259 t\u0259qsirl\u0259ndiril\u0259n polis \u0130smay\u0131l M\u0259mm\u0259dova h\u00f6km oxunub. \u0130smay\u0131l M\u0259mm\u0259dov 18 il m\u00fcdd\u0259tin\u0259 azadl\u0131qdan m\u0259hrum edilib. V\u0259kil Ayazb\u0259y \u018fhm\u0259dov bildirib ki, qald\u0131r\u0131lan m\u00fclki iddian\u0131n 205.000 manat olmas\u0131na baxmayaraq, sad\u0259c\u0259 8000 manat m\u0259bl\u0259\u011find\u0259 hiss\u0259si t\u0259min edilib. Onlar h\u00f6kml\u0259 raz\u0131 deyil.<\/p>\n","protected":false},"excerpt":{"rendered":"","protected":false},"author":14,"featured_media":241725,"comment_status":"closed","ping_status":"closed","sticky":false,"template":"","format":"standard","meta":{"_acf_changed":false,"_sitemap_exclude":false,"_sitemap_priority":"","_sitemap_frequency":"","footnotes":""},"categories":[61,63],"tags":[],"class_list":["post-241724","post","type-post","status-publish","format-standard","has-post-thumbnail","hentry","category-reportaj","category-video-2","infinite-scroll-item","generate-columns","tablet-grid-50","mobile-grid-100","grid-parent","grid-33","no-featured-image-padding"],"acf":[],"yoast_head":"<!-- This site is optimized with the Yoast SEO plugin v27.4 - https:\/\/yoast.com\/product\/yoast-seo-wordpress\/ -->\n<title>H\u0259yat yolda\u015f\u0131n\u0131 \u00f6ld\u00fcrm\u0259kd\u0259 t\u0259qsirl\u0259ndiril\u0259n polis 18 il h\u0259bs c\u0259zas\u0131 ald\u0131 - MEYDAN.TV<\/title>\n<meta name=\"robots\" content=\"index, follow, max-snippet:-1, max-image-preview:large, max-video-preview:-1\" \/>\n<link rel=\"canonical\" href=\"https:\/\/www.meydan.tv\/az\/article\/heyat-yoldasini-oldurmekde-teqsirlendirilen-polis-18-il-hebs-cezasi-aldi\/\" \/>\n<meta property=\"og:locale\" content=\"az_AZ\" \/>\n<meta property=\"og:type\" content=\"article\" \/>\n<meta property=\"og:title\" content=\"H\u0259yat yolda\u015f\u0131n\u0131 \u00f6ld\u00fcrm\u0259kd\u0259 t\u0259qsirl\u0259ndiril\u0259n polis 18 il h\u0259bs c\u0259zas\u0131 ald\u0131 - MEYDAN.TV\" \/>\n<meta property=\"og:url\" content=\"https:\/\/www.meydan.tv\/az\/article\/heyat-yoldasini-oldurmekde-teqsirlendirilen-polis-18-il-hebs-cezasi-aldi\/\" \/>\n<meta property=\"og:site_name\" content=\"MEYDAN.TV\" \/>\n<meta property=\"article:published_time\" content=\"2022-04-13T12:10:42+00:00\" \/>\n<meta property=\"article:modified_time\" content=\"2022-04-13T12:10:44+00:00\" \/>\n<meta property=\"og:image\" content=\"https:\/\/www.meydan.tv\/wp-content\/uploads\/6284c092f1ed828fdcbd5b6a83e0d5a3.jpeg\" \/>\n\t<meta property=\"og:image:width\" content=\"1000\" \/>\n\t<meta property=\"og:image:height\" content=\"667\" \/>\n\t<meta property=\"og:image:type\" content=\"image\/jpeg\" \/>\n<meta name=\"author\" content=\"roma\" \/>\n<meta name=\"twitter:card\" content=\"summary_large_image\" \/>\n<script type=\"application\/ld+json\" class=\"yoast-schema-graph\">{\"@context\":\"https:\\\/\\\/schema.org\",\"@graph\":[{\"@type\":\"Article\",\"@id\":\"https:\\\/\\\/www.meydan.tv\\\/az\\\/article\\\/heyat-yoldasini-oldurmekde-teqsirlendirilen-polis-18-il-hebs-cezasi-aldi\\\/#article\",\"isPartOf\":{\"@id\":\"https:\\\/\\\/www.meydan.tv\\\/az\\\/article\\\/heyat-yoldasini-oldurmekde-teqsirlendirilen-polis-18-il-hebs-cezasi-aldi\\\/\"},\"author\":{\"name\":\"roma\",\"@id\":\"https:\\\/\\\/www.meydan.tv\\\/az\\\/#\\\/schema\\\/person\\\/8f23e01c4de63326c13c319fb65ee65d\"},\"headline\":\"H\u0259yat yolda\u015f\u0131n\u0131 \u00f6ld\u00fcrm\u0259kd\u0259 t\u0259qsirl\u0259ndiril\u0259n polis 18 il h\u0259bs c\u0259zas\u0131 ald\u0131\",\"datePublished\":\"2022-04-13T12:10:42+00:00\",\"dateModified\":\"2022-04-13T12:10:44+00:00\",\"mainEntityOfPage\":{\"@id\":\"https:\\\/\\\/www.meydan.tv\\\/az\\\/article\\\/heyat-yoldasini-oldurmekde-teqsirlendirilen-polis-18-il-hebs-cezasi-aldi\\\/\"},\"wordCount\":100,\"publisher\":{\"@id\":\"https:\\\/\\\/www.meydan.tv\\\/az\\\/#organization\"},\"image\":{\"@id\":\"https:\\\/\\\/www.meydan.tv\\\/az\\\/article\\\/heyat-yoldasini-oldurmekde-teqsirlendirilen-polis-18-il-hebs-cezasi-aldi\\\/#primaryimage\"},\"thumbnailUrl\":\"https:\\\/\\\/www.meydan.tv\\\/wp-content\\\/uploads\\\/6284c092f1ed828fdcbd5b6a83e0d5a3.jpeg\",\"articleSection\":[\"Reportaj\",\"Video\"],\"inLanguage\":\"az\"},{\"@type\":\"WebPage\",\"@id\":\"https:\\\/\\\/www.meydan.tv\\\/az\\\/article\\\/heyat-yoldasini-oldurmekde-teqsirlendirilen-polis-18-il-hebs-cezasi-aldi\\\/\",\"url\":\"https:\\\/\\\/www.meydan.tv\\\/az\\\/article\\\/heyat-yoldasini-oldurmekde-teqsirlendirilen-polis-18-il-hebs-cezasi-aldi\\\/\",\"name\":\"H\u0259yat yolda\u015f\u0131n\u0131 \u00f6ld\u00fcrm\u0259kd\u0259 t\u0259qsirl\u0259ndiril\u0259n polis 18 il h\u0259bs c\u0259zas\u0131 ald\u0131 - MEYDAN.TV\",\"isPartOf\":{\"@id\":\"https:\\\/\\\/www.meydan.tv\\\/az\\\/#website\"},\"primaryImageOfPage\":{\"@id\":\"https:\\\/\\\/www.meydan.tv\\\/az\\\/article\\\/heyat-yoldasini-oldurmekde-teqsirlendirilen-polis-18-il-hebs-cezasi-aldi\\\/#primaryimage\"},\"image\":{\"@id\":\"https:\\\/\\\/www.meydan.tv\\\/az\\\/article\\\/heyat-yoldasini-oldurmekde-teqsirlendirilen-polis-18-il-hebs-cezasi-aldi\\\/#primaryimage\"},\"thumbnailUrl\":\"https:\\\/\\\/www.meydan.tv\\\/wp-content\\\/uploads\\\/6284c092f1ed828fdcbd5b6a83e0d5a3.jpeg\",\"datePublished\":\"2022-04-13T12:10:42+00:00\",\"dateModified\":\"2022-04-13T12:10:44+00:00\",\"breadcrumb\":{\"@id\":\"https:\\\/\\\/www.meydan.tv\\\/az\\\/article\\\/heyat-yoldasini-oldurmekde-teqsirlendirilen-polis-18-il-hebs-cezasi-aldi\\\/#breadcrumb\"},\"inLanguage\":\"az\",\"potentialAction\":[{\"@type\":\"ReadAction\",\"target\":[\"https:\\\/\\\/www.meydan.tv\\\/az\\\/article\\\/heyat-yoldasini-oldurmekde-teqsirlendirilen-polis-18-il-hebs-cezasi-aldi\\\/\"]}]},{\"@type\":\"ImageObject\",\"inLanguage\":\"az\",\"@id\":\"https:\\\/\\\/www.meydan.tv\\\/az\\\/article\\\/heyat-yoldasini-oldurmekde-teqsirlendirilen-polis-18-il-hebs-cezasi-aldi\\\/#primaryimage\",\"url\":\"https:\\\/\\\/www.meydan.tv\\\/wp-content\\\/uploads\\\/6284c092f1ed828fdcbd5b6a83e0d5a3.jpeg\",\"contentUrl\":\"https:\\\/\\\/www.meydan.tv\\\/wp-content\\\/uploads\\\/6284c092f1ed828fdcbd5b6a83e0d5a3.jpeg\",\"width\":1000,\"height\":667},{\"@type\":\"BreadcrumbList\",\"@id\":\"https:\\\/\\\/www.meydan.tv\\\/az\\\/article\\\/heyat-yoldasini-oldurmekde-teqsirlendirilen-polis-18-il-hebs-cezasi-aldi\\\/#breadcrumb\",\"itemListElement\":[{\"@type\":\"ListItem\",\"position\":1,\"name\":\"Ana s\u0259hif\u0259\",\"item\":\"https:\\\/\\\/www.meydan.tv\\\/az\\\/\"},{\"@type\":\"ListItem\",\"position\":2,\"name\":\"Video\",\"item\":\"https:\\\/\\\/www.meydan.tv\\\/az\\\/section\\\/video-2\\\/\"},{\"@type\":\"ListItem\",\"position\":3,\"name\":\"H\u0259yat yolda\u015f\u0131n\u0131 \u00f6ld\u00fcrm\u0259kd\u0259 t\u0259qsirl\u0259ndiril\u0259n polis 18 il h\u0259bs c\u0259zas\u0131 ald\u0131\"}]},{\"@type\":\"WebSite\",\"@id\":\"https:\\\/\\\/www.meydan.tv\\\/az\\\/#website\",\"url\":\"https:\\\/\\\/www.meydan.tv\\\/az\\\/\",\"name\":\"MEYDAN.TV\",\"description\":\"Meydan TV Az\u0259rbaycan\u0131n media m\u0259kan\u0131ndak\u0131 alternativ s\u0259sidir\",\"publisher\":{\"@id\":\"https:\\\/\\\/www.meydan.tv\\\/az\\\/#organization\"},\"potentialAction\":[{\"@type\":\"SearchAction\",\"target\":{\"@type\":\"EntryPoint\",\"urlTemplate\":\"https:\\\/\\\/www.meydan.tv\\\/az\\\/?s={search_term_string}\"},\"query-input\":{\"@type\":\"PropertyValueSpecification\",\"valueRequired\":true,\"valueName\":\"search_term_string\"}}],\"inLanguage\":\"az\"},{\"@type\":\"Organization\",\"@id\":\"https:\\\/\\\/www.meydan.tv\\\/az\\\/#organization\",\"name\":\"Meydan TV\",\"url\":\"https:\\\/\\\/www.meydan.tv\\\/az\\\/\",\"logo\":{\"@type\":\"ImageObject\",\"inLanguage\":\"az\",\"@id\":\"https:\\\/\\\/www.meydan.tv\\\/az\\\/#\\\/schema\\\/logo\\\/image\\\/\",\"url\":\"https:\\\/\\\/www.meydan.tv\\\/wp-content\\\/uploads\\\/2021\\\/07\\\/meydan-logo.svg\",\"contentUrl\":\"https:\\\/\\\/www.meydan.tv\\\/wp-content\\\/uploads\\\/2021\\\/07\\\/meydan-logo.svg\",\"width\":195,\"height\":46,\"caption\":\"Meydan TV\"},\"image\":{\"@id\":\"https:\\\/\\\/www.meydan.tv\\\/az\\\/#\\\/schema\\\/logo\\\/image\\\/\"}},{\"@type\":\"Person\",\"@id\":\"https:\\\/\\\/www.meydan.tv\\\/az\\\/#\\\/schema\\\/person\\\/8f23e01c4de63326c13c319fb65ee65d\",\"name\":\"roma\"}]}<\/script>\n<!-- \/ Yoast SEO plugin. -->","yoast_head_json":{"title":"H\u0259yat yolda\u015f\u0131n\u0131 \u00f6ld\u00fcrm\u0259kd\u0259 t\u0259qsirl\u0259ndiril\u0259n polis 18 il h\u0259bs c\u0259zas\u0131 ald\u0131 - MEYDAN.TV","robots":{"index":"index","follow":"follow","max-snippet":"max-snippet:-1","max-image-preview":"max-image-preview:large","max-video-preview":"max-video-preview:-1"},"canonical":"https:\/\/www.meydan.tv\/az\/article\/heyat-yoldasini-oldurmekde-teqsirlendirilen-polis-18-il-hebs-cezasi-aldi\/","og_locale":"az_AZ","og_type":"article","og_title":"H\u0259yat yolda\u015f\u0131n\u0131 \u00f6ld\u00fcrm\u0259kd\u0259 t\u0259qsirl\u0259ndiril\u0259n polis 18 il h\u0259bs c\u0259zas\u0131 ald\u0131 - MEYDAN.TV","og_url":"https:\/\/www.meydan.tv\/az\/article\/heyat-yoldasini-oldurmekde-teqsirlendirilen-polis-18-il-hebs-cezasi-aldi\/","og_site_name":"MEYDAN.TV","article_published_time":"2022-04-13T12:10:42+00:00","article_modified_time":"2022-04-13T12:10:44+00:00","og_image":[{"width":1000,"height":667,"url":"https:\/\/www.meydan.tv\/wp-content\/uploads\/6284c092f1ed828fdcbd5b6a83e0d5a3.jpeg","type":"image\/jpeg"}],"author":"roma","twitter_card":"summary_large_image","schema":{"@context":"https:\/\/schema.org","@graph":[{"@type":"Article","@id":"https:\/\/www.meydan.tv\/az\/article\/heyat-yoldasini-oldurmekde-teqsirlendirilen-polis-18-il-hebs-cezasi-aldi\/#article","isPartOf":{"@id":"https:\/\/www.meydan.tv\/az\/article\/heyat-yoldasini-oldurmekde-teqsirlendirilen-polis-18-il-hebs-cezasi-aldi\/"},"author":{"name":"roma","@id":"https:\/\/www.meydan.tv\/az\/#\/schema\/person\/8f23e01c4de63326c13c319fb65ee65d"},"headline":"H\u0259yat yolda\u015f\u0131n\u0131 \u00f6ld\u00fcrm\u0259kd\u0259 t\u0259qsirl\u0259ndiril\u0259n polis 18 il h\u0259bs c\u0259zas\u0131 ald\u0131","datePublished":"2022-04-13T12:10:42+00:00","dateModified":"2022-04-13T12:10:44+00:00","mainEntityOfPage":{"@id":"https:\/\/www.meydan.tv\/az\/article\/heyat-yoldasini-oldurmekde-teqsirlendirilen-polis-18-il-hebs-cezasi-aldi\/"},"wordCount":100,"publisher":{"@id":"https:\/\/www.meydan.tv\/az\/#organization"},"image":{"@id":"https:\/\/www.meydan.tv\/az\/article\/heyat-yoldasini-oldurmekde-teqsirlendirilen-polis-18-il-hebs-cezasi-aldi\/#primaryimage"},"thumbnailUrl":"https:\/\/www.meydan.tv\/wp-content\/uploads\/6284c092f1ed828fdcbd5b6a83e0d5a3.jpeg","articleSection":["Reportaj","Video"],"inLanguage":"az"},{"@type":"WebPage","@id":"https:\/\/www.meydan.tv\/az\/article\/heyat-yoldasini-oldurmekde-teqsirlendirilen-polis-18-il-hebs-cezasi-aldi\/","url":"https:\/\/www.meydan.tv\/az\/article\/heyat-yoldasini-oldurmekde-teqsirlendirilen-polis-18-il-hebs-cezasi-aldi\/","name":"H\u0259yat yolda\u015f\u0131n\u0131 \u00f6ld\u00fcrm\u0259kd\u0259 t\u0259qsirl\u0259ndiril\u0259n polis 18 il h\u0259bs c\u0259zas\u0131 ald\u0131 - MEYDAN.TV","isPartOf":{"@id":"https:\/\/www.meydan.tv\/az\/#website"},"primaryImageOfPage":{"@id":"https:\/\/www.meydan.tv\/az\/article\/heyat-yoldasini-oldurmekde-teqsirlendirilen-polis-18-il-hebs-cezasi-aldi\/#primaryimage"},"image":{"@id":"https:\/\/www.meydan.tv\/az\/article\/heyat-yoldasini-oldurmekde-teqsirlendirilen-polis-18-il-hebs-cezasi-aldi\/#primaryimage"},"thumbnailUrl":"https:\/\/www.meydan.tv\/wp-content\/uploads\/6284c092f1ed828fdcbd5b6a83e0d5a3.jpeg","datePublished":"2022-04-13T12:10:42+00:00","dateModified":"2022-04-13T12:10:44+00:00","breadcrumb":{"@id":"https:\/\/www.meydan.tv\/az\/article\/heyat-yoldasini-oldurmekde-teqsirlendirilen-polis-18-il-hebs-cezasi-aldi\/#breadcrumb"},"inLanguage":"az","potentialAction":[{"@type":"ReadAction","target":["https:\/\/www.meydan.tv\/az\/article\/heyat-yoldasini-oldurmekde-teqsirlendirilen-polis-18-il-hebs-cezasi-aldi\/"]}]},{"@type":"ImageObject","inLanguage":"az","@id":"https:\/\/www.meydan.tv\/az\/article\/heyat-yoldasini-oldurmekde-teqsirlendirilen-polis-18-il-hebs-cezasi-aldi\/#primaryimage","url":"https:\/\/www.meydan.tv\/wp-content\/uploads\/6284c092f1ed828fdcbd5b6a83e0d5a3.jpeg","contentUrl":"https:\/\/www.meydan.tv\/wp-content\/uploads\/6284c092f1ed828fdcbd5b6a83e0d5a3.jpeg","width":1000,"height":667},{"@type":"BreadcrumbList","@id":"https:\/\/www.meydan.tv\/az\/article\/heyat-yoldasini-oldurmekde-teqsirlendirilen-polis-18-il-hebs-cezasi-aldi\/#breadcrumb","itemListElement":[{"@type":"ListItem","position":1,"name":"Ana s\u0259hif\u0259","item":"https:\/\/www.meydan.tv\/az\/"},{"@type":"ListItem","position":2,"name":"Video","item":"https:\/\/www.meydan.tv\/az\/section\/video-2\/"},{"@type":"ListItem","position":3,"name":"H\u0259yat yolda\u015f\u0131n\u0131 \u00f6ld\u00fcrm\u0259kd\u0259 t\u0259qsirl\u0259ndiril\u0259n polis 18 il h\u0259bs c\u0259zas\u0131 ald\u0131"}]},{"@type":"WebSite","@id":"https:\/\/www.meydan.tv\/az\/#website","url":"https:\/\/www.meydan.tv\/az\/","name":"MEYDAN.TV","description":"Meydan TV Az\u0259rbaycan\u0131n media m\u0259kan\u0131ndak\u0131 alternativ s\u0259sidir","publisher":{"@id":"https:\/\/www.meydan.tv\/az\/#organization"},"potentialAction":[{"@type":"SearchAction","target":{"@type":"EntryPoint","urlTemplate":"https:\/\/www.meydan.tv\/az\/?s={search_term_string}"},"query-input":{"@type":"PropertyValueSpecification","valueRequired":true,"valueName":"search_term_string"}}],"inLanguage":"az"},{"@type":"Organization","@id":"https:\/\/www.meydan.tv\/az\/#organization","name":"Meydan TV","url":"https:\/\/www.meydan.tv\/az\/","logo":{"@type":"ImageObject","inLanguage":"az","@id":"https:\/\/www.meydan.tv\/az\/#\/schema\/logo\/image\/","url":"https:\/\/www.meydan.tv\/wp-content\/uploads\/2021\/07\/meydan-logo.svg","contentUrl":"https:\/\/www.meydan.tv\/wp-content\/uploads\/2021\/07\/meydan-logo.svg","width":195,"height":46,"caption":"Meydan TV"},"image":{"@id":"https:\/\/www.meydan.tv\/az\/#\/schema\/logo\/image\/"}},{"@type":"Person","@id":"https:\/\/www.meydan.tv\/az\/#\/schema\/person\/8f23e01c4de63326c13c319fb65ee65d","name":"roma"}]}},"_links":{"self":[{"href":"https:\/\/www.meydan.tv\/az\/wp-json\/wp\/v2\/posts\/241724","targetHints":{"allow":["GET"]}}],"collection":[{"href":"https:\/\/www.meydan.tv\/az\/wp-json\/wp\/v2\/posts"}],"about":[{"href":"https:\/\/www.meydan.tv\/az\/wp-json\/wp\/v2\/types\/post"}],"author":[{"embeddable":true,"href":"https:\/\/www.meydan.tv\/az\/wp-json\/wp\/v2\/users\/14"}],"replies":[{"embeddable":true,"href":"https:\/\/www.meydan.tv\/az\/wp-json\/wp\/v2\/comments?post=241724"}],"version-history":[{"count":1,"href":"https:\/\/www.meydan.tv\/az\/wp-json\/wp\/v2\/posts\/241724\/revisions"}],"predecessor-version":[{"id":241728,"href":"https:\/\/www.meydan.tv\/az\/wp-json\/wp\/v2\/posts\/241724\/revisions\/241728"}],"wp:featuredmedia":[{"embeddable":true,"href":"https:\/\/www.meydan.tv\/az\/wp-json\/wp\/v2\/media\/241725"}],"wp:attachment":[{"href":"https:\/\/www.meydan.tv\/az\/wp-json\/wp\/v2\/media?parent=241724"}],"wp:term":[{"taxonomy":"category","embeddable":true,"href":"https:\/\/www.meydan.tv\/az\/wp-json\/wp\/v2\/categories?post=241724"},{"taxonomy":"post_tag","embeddable":true,"href":"https:\/\/www.meydan.tv\/az\/wp-json\/wp\/v2\/tags?post=241724"}],"curies":[{"name":"wp","href":"https:\/\/api.w.org\/{rel}","templated":true}]}}