{"id":241662,"date":"2022-04-13T11:31:39","date_gmt":"2022-04-13T07:31:39","guid":{"rendered":"https:\/\/www.meydan.tv\/?p=241662"},"modified":"2022-04-13T11:31:41","modified_gmt":"2022-04-13T07:31:41","slug":"ust-covid-19-dan-olum-hallari-azalib","status":"publish","type":"post","link":"https:\/\/www.meydan.tv\/az\/article\/ust-covid-19-dan-olum-hallari-azalib\/","title":{"rendered":"\u00dcST: &#8220;COV\u0130D-19-dan \u00f6l\u00fcm hallar\u0131 azal\u0131b&#8221;"},"content":{"rendered":"\n<p><\/p>\n\n\n\n<p><em>Yoluxanlar\u0131n 99,2 faizind\u0259 \u201cOmikron\u201d \u015ftam\u0131 a\u015fkarlan\u0131b<\/em><\/p>\n\n\n\n<p>\u00dcmumd\u00fcnya S\u0259hiyy\u0259 T\u0259\u015fkilat\u0131 (\u00dcST) COV\u0130D-19 infeksiyas\u0131na yoluxma v\u0259 \u00f6l\u00fcm say\u0131n\u0131n azalmas\u0131 il\u0259 ba\u011fl\u0131 m\u0259lumat yay\u0131b.<\/p>\n\n\n\n<p>Bildirilir ki, son yeddi g\u00fcn \u0259rzind\u0259 \u00f6l\u0259nl\u0259rin say\u0131 18 faiz, yoluxanlar\u0131n say\u0131 is\u0259 24 faiz <a href=\"https:\/\/tass.ru\/obschestvo\/14361317\" target=\"_blank\" rel=\"noreferrer noopener\">azal\u0131b<\/a>.<\/p>\n\n\n\n<p>Qeyd edilib ki, ard\u0131c\u0131l \u00fc\u00e7\u00fcnc\u00fc h\u0259ft\u0259dir COVID-19-a yeni yoluxma v\u0259 \u00f6l\u00fcm hallar\u0131 azalmaqda davam edir.<\/p>\n\n\n\n<p>\u00dcmumilikd\u0259 h\u0259ft\u0259 \u0259rzind\u0259 7 221 651 n\u0259f\u0259r koronavirusa yoluxub, 22 336 n\u0259f\u0259r v\u0259fat edib.<\/p>\n\n\n\n<p>\u018fn \u00e7ox yoluxma C\u0259nubi Koreyada &#8211; 1 459 454 n\u0259f\u0259r, \u0259n \u00e7ox \u00f6l\u00fcm is\u0259 AB\u015e-da &#8211; 3 682 n\u0259f\u0259r &#8211; qeyd\u0259 al\u0131n\u0131b.<\/p>\n\n\n\n<p>\u00dcST bildirib ki, yeni n\u00f6v koronavirusun \u201cOmikron\u201d \u015ftam\u0131 h\u0259l\u0259 d\u0259 d\u00fcnyada yoluxuculuq g\u00f6st\u0259ricil\u0259rin\u0259 g\u00f6r\u0259 m\u00fctl\u0259q \u00fcst\u00fcnl\u00fck t\u0259\u015fkil edir.<\/p>\n\n\n\n<p>Yoluxanlar\u0131n 99,2 faizind\u0259 m\u0259hz bu \u015ftam a\u015fkarlan\u0131b.<\/p>\n\n\n\n<p>\u00dcmumd\u00fcnya S\u0259hiyy\u0259 T\u0259\u015fkilat\u0131 (\u00dcST) 2021-ci ilin oktyabr\u0131nda Afrikan\u0131n c\u0259nubunda a\u015fkarlanm\u0131\u015f \u0412.1.1.529 \u015ftam\u0131n\u0131 yunan \u0259lifbas\u0131n\u0131n \u201comicron\u201d h\u0259rfi il\u0259 adland\u0131r\u0131b.<\/p>\n\n\n\n<p>Koronavirus 2019-cu ilin sonu \u00c7ind\u0259 yaran\u0131b, d\u00fcnyaya yay\u0131l\u0131b.<\/p>\n\n\n\n<p>2020-ci il mart\u0131n 11-d\u0259 D\u00fcnya S\u0259hiyy\u0259 T\u0259\u015fkilat\u0131 koronavirusu pandemiya elan edib.<\/p>\n\n\n\n<p>D\u00fcnyada koronavirusa yoluxanlar\u0131n \u00fcmumi say\u0131 500 363 741 n\u0259f\u0259r\u0259 \u00e7at\u0131b.<\/p>\n\n\n\n<p>\u00d6l\u0259nl\u0259rin say\u0131 is\u0259 6 183 944 n\u0259f\u0259rdir.<\/p>\n\n\n\n<p>Operativ Q\u0259rargah\u0131n aprelin 12-\u0259 olan son m\u0259lumat\u0131na g\u00f6r\u0259, Az\u0259rbaycanda indiy\u0259 q\u0259d\u0259r 792 min 289 n\u0259f\u0259rin yeni koronavirus infeksiyas\u0131na <a href=\"https:\/\/d9mc3ts4czbpr.cloudfront.net\/az\/article\/azerbaycanda-koronavirus-36-yoluxma-24-sagalma\/\" target=\"_blank\" rel=\"noreferrer noopener\">yoluxub<\/a>.<\/p>\n\n\n\n<p>9 min 703 n\u0259f\u0259rin v\u0259fat etdiyi bildirilir.<\/p>\n","protected":false},"excerpt":{"rendered":"<p>Yoluxanlar\u0131n 99,2 faizind\u0259 \u201cOmikron\u201d \u015ftam\u0131 a\u015fkarlan\u0131b \u00dcmumd\u00fcnya S\u0259hiyy\u0259 T\u0259\u015fkilat\u0131 (\u00dcST) &#8230; <\/p>\n<p class=\"read-more-container\"><a title=\"\u00dcST: &#8220;COV\u0130D-19-dan \u00f6l\u00fcm hallar\u0131 azal\u0131b&#8221;\" class=\"read-more button\" href=\"https:\/\/www.meydan.tv\/az\/article\/ust-covid-19-dan-olum-hallari-azalib\/#more-241662\" aria-label=\"Read more about \u00dcST: &#8220;COV\u0130D-19-dan \u00f6l\u00fcm hallar\u0131 azal\u0131b&#8221;\">Davam\u0131<\/a><\/p>\n","protected":false},"author":8,"featured_media":138546,"comment_status":"closed","ping_status":"closed","sticky":false,"template":"","format":"standard","meta":{"_acf_changed":false,"_sitemap_exclude":false,"_sitemap_priority":"","_sitemap_frequency":"","footnotes":""},"categories":[54,56],"tags":[],"class_list":["post-241662","post","type-post","status-publish","format-standard","has-post-thumbnail","hentry","category-sagliq","category-xeberler","infinite-scroll-item","generate-columns","tablet-grid-50","mobile-grid-100","grid-parent","grid-33","no-featured-image-padding"],"acf":[],"yoast_head":"<!-- This site is optimized with the Yoast SEO plugin v27.4 - https:\/\/yoast.com\/product\/yoast-seo-wordpress\/ -->\n<title>\u00dcST: &quot;COV\u0130D-19-dan \u00f6l\u00fcm hallar\u0131 azal\u0131b&quot; - MEYDAN.TV<\/title>\n<meta name=\"robots\" content=\"index, follow, max-snippet:-1, max-image-preview:large, max-video-preview:-1\" \/>\n<link rel=\"canonical\" href=\"https:\/\/www.meydan.tv\/az\/article\/ust-covid-19-dan-olum-hallari-azalib\/\" \/>\n<meta property=\"og:locale\" content=\"az_AZ\" \/>\n<meta property=\"og:type\" content=\"article\" \/>\n<meta property=\"og:title\" content=\"\u00dcST: &quot;COV\u0130D-19-dan \u00f6l\u00fcm hallar\u0131 azal\u0131b&quot; - MEYDAN.TV\" \/>\n<meta property=\"og:description\" content=\"Yoluxanlar\u0131n 99,2 faizind\u0259 \u201cOmikron\u201d \u015ftam\u0131 a\u015fkarlan\u0131b \u00dcmumd\u00fcnya S\u0259hiyy\u0259 T\u0259\u015fkilat\u0131 (\u00dcST) ... Davam\u0131\" \/>\n<meta property=\"og:url\" content=\"https:\/\/www.meydan.tv\/az\/article\/ust-covid-19-dan-olum-hallari-azalib\/\" \/>\n<meta property=\"og:site_name\" content=\"MEYDAN.TV\" \/>\n<meta property=\"article:published_time\" content=\"2022-04-13T07:31:39+00:00\" \/>\n<meta property=\"article:modified_time\" content=\"2022-04-13T07:31:41+00:00\" \/>\n<meta property=\"og:image\" content=\"https:\/\/www.meydan.tv\/wp-content\/uploads\/421344865.jpg\" \/>\n\t<meta property=\"og:image:width\" content=\"1000\" \/>\n\t<meta property=\"og:image:height\" content=\"541\" \/>\n\t<meta property=\"og:image:type\" content=\"image\/jpeg\" \/>\n<meta name=\"author\" content=\"elli\" \/>\n<meta name=\"twitter:card\" content=\"summary_large_image\" \/>\n<meta name=\"twitter:creator\" content=\"@elli\" \/>\n<script type=\"application\/ld+json\" class=\"yoast-schema-graph\">{\"@context\":\"https:\\\/\\\/schema.org\",\"@graph\":[{\"@type\":\"Article\",\"@id\":\"https:\\\/\\\/www.meydan.tv\\\/az\\\/article\\\/ust-covid-19-dan-olum-hallari-azalib\\\/#article\",\"isPartOf\":{\"@id\":\"https:\\\/\\\/www.meydan.tv\\\/az\\\/article\\\/ust-covid-19-dan-olum-hallari-azalib\\\/\"},\"author\":{\"name\":\"elli\",\"@id\":\"https:\\\/\\\/www.meydan.tv\\\/az\\\/#\\\/schema\\\/person\\\/9cdbecf90d17180ce1dfbd95b08dcf47\"},\"headline\":\"\u00dcST: &#8220;COV\u0130D-19-dan \u00f6l\u00fcm hallar\u0131 azal\u0131b&#8221;\",\"datePublished\":\"2022-04-13T07:31:39+00:00\",\"dateModified\":\"2022-04-13T07:31:41+00:00\",\"mainEntityOfPage\":{\"@id\":\"https:\\\/\\\/www.meydan.tv\\\/az\\\/article\\\/ust-covid-19-dan-olum-hallari-azalib\\\/\"},\"wordCount\":325,\"publisher\":{\"@id\":\"https:\\\/\\\/www.meydan.tv\\\/az\\\/#organization\"},\"image\":{\"@id\":\"https:\\\/\\\/www.meydan.tv\\\/az\\\/article\\\/ust-covid-19-dan-olum-hallari-azalib\\\/#primaryimage\"},\"thumbnailUrl\":\"https:\\\/\\\/www.meydan.tv\\\/wp-content\\\/uploads\\\/421344865.jpg\",\"articleSection\":[\"Sa\u011fl\u0131q\",\"X\u0259b\u0259rl\u0259r\"],\"inLanguage\":\"az\"},{\"@type\":\"WebPage\",\"@id\":\"https:\\\/\\\/www.meydan.tv\\\/az\\\/article\\\/ust-covid-19-dan-olum-hallari-azalib\\\/\",\"url\":\"https:\\\/\\\/www.meydan.tv\\\/az\\\/article\\\/ust-covid-19-dan-olum-hallari-azalib\\\/\",\"name\":\"\u00dcST: \\\"COV\u0130D-19-dan \u00f6l\u00fcm hallar\u0131 azal\u0131b\\\" - MEYDAN.TV\",\"isPartOf\":{\"@id\":\"https:\\\/\\\/www.meydan.tv\\\/az\\\/#website\"},\"primaryImageOfPage\":{\"@id\":\"https:\\\/\\\/www.meydan.tv\\\/az\\\/article\\\/ust-covid-19-dan-olum-hallari-azalib\\\/#primaryimage\"},\"image\":{\"@id\":\"https:\\\/\\\/www.meydan.tv\\\/az\\\/article\\\/ust-covid-19-dan-olum-hallari-azalib\\\/#primaryimage\"},\"thumbnailUrl\":\"https:\\\/\\\/www.meydan.tv\\\/wp-content\\\/uploads\\\/421344865.jpg\",\"datePublished\":\"2022-04-13T07:31:39+00:00\",\"dateModified\":\"2022-04-13T07:31:41+00:00\",\"breadcrumb\":{\"@id\":\"https:\\\/\\\/www.meydan.tv\\\/az\\\/article\\\/ust-covid-19-dan-olum-hallari-azalib\\\/#breadcrumb\"},\"inLanguage\":\"az\",\"potentialAction\":[{\"@type\":\"ReadAction\",\"target\":[\"https:\\\/\\\/www.meydan.tv\\\/az\\\/article\\\/ust-covid-19-dan-olum-hallari-azalib\\\/\"]}]},{\"@type\":\"ImageObject\",\"inLanguage\":\"az\",\"@id\":\"https:\\\/\\\/www.meydan.tv\\\/az\\\/article\\\/ust-covid-19-dan-olum-hallari-azalib\\\/#primaryimage\",\"url\":\"https:\\\/\\\/www.meydan.tv\\\/wp-content\\\/uploads\\\/421344865.jpg\",\"contentUrl\":\"https:\\\/\\\/www.meydan.tv\\\/wp-content\\\/uploads\\\/421344865.jpg\",\"width\":1000,\"height\":541,\"caption\":\"Foto: \u00dcmumd\u00fcnya S\u0259hiyy\u0259 T\u0259\u015fkilat\u0131 (\u00dcST)\"},{\"@type\":\"BreadcrumbList\",\"@id\":\"https:\\\/\\\/www.meydan.tv\\\/az\\\/article\\\/ust-covid-19-dan-olum-hallari-azalib\\\/#breadcrumb\",\"itemListElement\":[{\"@type\":\"ListItem\",\"position\":1,\"name\":\"Ana s\u0259hif\u0259\",\"item\":\"https:\\\/\\\/www.meydan.tv\\\/az\\\/\"},{\"@type\":\"ListItem\",\"position\":2,\"name\":\"Sa\u011fl\u0131q\",\"item\":\"https:\\\/\\\/www.meydan.tv\\\/az\\\/section\\\/sagliq\\\/\"},{\"@type\":\"ListItem\",\"position\":3,\"name\":\"\u00dcST: &#8220;COV\u0130D-19-dan \u00f6l\u00fcm hallar\u0131 azal\u0131b&#8221;\"}]},{\"@type\":\"WebSite\",\"@id\":\"https:\\\/\\\/www.meydan.tv\\\/az\\\/#website\",\"url\":\"https:\\\/\\\/www.meydan.tv\\\/az\\\/\",\"name\":\"MEYDAN.TV\",\"description\":\"Meydan TV Az\u0259rbaycan\u0131n media m\u0259kan\u0131ndak\u0131 alternativ s\u0259sidir\",\"publisher\":{\"@id\":\"https:\\\/\\\/www.meydan.tv\\\/az\\\/#organization\"},\"potentialAction\":[{\"@type\":\"SearchAction\",\"target\":{\"@type\":\"EntryPoint\",\"urlTemplate\":\"https:\\\/\\\/www.meydan.tv\\\/az\\\/?s={search_term_string}\"},\"query-input\":{\"@type\":\"PropertyValueSpecification\",\"valueRequired\":true,\"valueName\":\"search_term_string\"}}],\"inLanguage\":\"az\"},{\"@type\":\"Organization\",\"@id\":\"https:\\\/\\\/www.meydan.tv\\\/az\\\/#organization\",\"name\":\"Meydan TV\",\"url\":\"https:\\\/\\\/www.meydan.tv\\\/az\\\/\",\"logo\":{\"@type\":\"ImageObject\",\"inLanguage\":\"az\",\"@id\":\"https:\\\/\\\/www.meydan.tv\\\/az\\\/#\\\/schema\\\/logo\\\/image\\\/\",\"url\":\"https:\\\/\\\/www.meydan.tv\\\/wp-content\\\/uploads\\\/2021\\\/07\\\/meydan-logo.svg\",\"contentUrl\":\"https:\\\/\\\/www.meydan.tv\\\/wp-content\\\/uploads\\\/2021\\\/07\\\/meydan-logo.svg\",\"width\":195,\"height\":46,\"caption\":\"Meydan TV\"},\"image\":{\"@id\":\"https:\\\/\\\/www.meydan.tv\\\/az\\\/#\\\/schema\\\/logo\\\/image\\\/\"}},{\"@type\":\"Person\",\"@id\":\"https:\\\/\\\/www.meydan.tv\\\/az\\\/#\\\/schema\\\/person\\\/9cdbecf90d17180ce1dfbd95b08dcf47\",\"name\":\"elli\",\"sameAs\":[\"https:\\\/\\\/x.com\\\/elli\"]}]}<\/script>\n<!-- \/ Yoast SEO plugin. -->","yoast_head_json":{"title":"\u00dcST: \"COV\u0130D-19-dan \u00f6l\u00fcm hallar\u0131 azal\u0131b\" - MEYDAN.TV","robots":{"index":"index","follow":"follow","max-snippet":"max-snippet:-1","max-image-preview":"max-image-preview:large","max-video-preview":"max-video-preview:-1"},"canonical":"https:\/\/www.meydan.tv\/az\/article\/ust-covid-19-dan-olum-hallari-azalib\/","og_locale":"az_AZ","og_type":"article","og_title":"\u00dcST: \"COV\u0130D-19-dan \u00f6l\u00fcm hallar\u0131 azal\u0131b\" - MEYDAN.TV","og_description":"Yoluxanlar\u0131n 99,2 faizind\u0259 \u201cOmikron\u201d \u015ftam\u0131 a\u015fkarlan\u0131b \u00dcmumd\u00fcnya S\u0259hiyy\u0259 T\u0259\u015fkilat\u0131 (\u00dcST) ... Davam\u0131","og_url":"https:\/\/www.meydan.tv\/az\/article\/ust-covid-19-dan-olum-hallari-azalib\/","og_site_name":"MEYDAN.TV","article_published_time":"2022-04-13T07:31:39+00:00","article_modified_time":"2022-04-13T07:31:41+00:00","og_image":[{"width":1000,"height":541,"url":"https:\/\/www.meydan.tv\/wp-content\/uploads\/421344865.jpg","type":"image\/jpeg"}],"author":"elli","twitter_card":"summary_large_image","twitter_creator":"@elli","schema":{"@context":"https:\/\/schema.org","@graph":[{"@type":"Article","@id":"https:\/\/www.meydan.tv\/az\/article\/ust-covid-19-dan-olum-hallari-azalib\/#article","isPartOf":{"@id":"https:\/\/www.meydan.tv\/az\/article\/ust-covid-19-dan-olum-hallari-azalib\/"},"author":{"name":"elli","@id":"https:\/\/www.meydan.tv\/az\/#\/schema\/person\/9cdbecf90d17180ce1dfbd95b08dcf47"},"headline":"\u00dcST: &#8220;COV\u0130D-19-dan \u00f6l\u00fcm hallar\u0131 azal\u0131b&#8221;","datePublished":"2022-04-13T07:31:39+00:00","dateModified":"2022-04-13T07:31:41+00:00","mainEntityOfPage":{"@id":"https:\/\/www.meydan.tv\/az\/article\/ust-covid-19-dan-olum-hallari-azalib\/"},"wordCount":325,"publisher":{"@id":"https:\/\/www.meydan.tv\/az\/#organization"},"image":{"@id":"https:\/\/www.meydan.tv\/az\/article\/ust-covid-19-dan-olum-hallari-azalib\/#primaryimage"},"thumbnailUrl":"https:\/\/www.meydan.tv\/wp-content\/uploads\/421344865.jpg","articleSection":["Sa\u011fl\u0131q","X\u0259b\u0259rl\u0259r"],"inLanguage":"az"},{"@type":"WebPage","@id":"https:\/\/www.meydan.tv\/az\/article\/ust-covid-19-dan-olum-hallari-azalib\/","url":"https:\/\/www.meydan.tv\/az\/article\/ust-covid-19-dan-olum-hallari-azalib\/","name":"\u00dcST: \"COV\u0130D-19-dan \u00f6l\u00fcm hallar\u0131 azal\u0131b\" - MEYDAN.TV","isPartOf":{"@id":"https:\/\/www.meydan.tv\/az\/#website"},"primaryImageOfPage":{"@id":"https:\/\/www.meydan.tv\/az\/article\/ust-covid-19-dan-olum-hallari-azalib\/#primaryimage"},"image":{"@id":"https:\/\/www.meydan.tv\/az\/article\/ust-covid-19-dan-olum-hallari-azalib\/#primaryimage"},"thumbnailUrl":"https:\/\/www.meydan.tv\/wp-content\/uploads\/421344865.jpg","datePublished":"2022-04-13T07:31:39+00:00","dateModified":"2022-04-13T07:31:41+00:00","breadcrumb":{"@id":"https:\/\/www.meydan.tv\/az\/article\/ust-covid-19-dan-olum-hallari-azalib\/#breadcrumb"},"inLanguage":"az","potentialAction":[{"@type":"ReadAction","target":["https:\/\/www.meydan.tv\/az\/article\/ust-covid-19-dan-olum-hallari-azalib\/"]}]},{"@type":"ImageObject","inLanguage":"az","@id":"https:\/\/www.meydan.tv\/az\/article\/ust-covid-19-dan-olum-hallari-azalib\/#primaryimage","url":"https:\/\/www.meydan.tv\/wp-content\/uploads\/421344865.jpg","contentUrl":"https:\/\/www.meydan.tv\/wp-content\/uploads\/421344865.jpg","width":1000,"height":541,"caption":"Foto: \u00dcmumd\u00fcnya S\u0259hiyy\u0259 T\u0259\u015fkilat\u0131 (\u00dcST)"},{"@type":"BreadcrumbList","@id":"https:\/\/www.meydan.tv\/az\/article\/ust-covid-19-dan-olum-hallari-azalib\/#breadcrumb","itemListElement":[{"@type":"ListItem","position":1,"name":"Ana s\u0259hif\u0259","item":"https:\/\/www.meydan.tv\/az\/"},{"@type":"ListItem","position":2,"name":"Sa\u011fl\u0131q","item":"https:\/\/www.meydan.tv\/az\/section\/sagliq\/"},{"@type":"ListItem","position":3,"name":"\u00dcST: &#8220;COV\u0130D-19-dan \u00f6l\u00fcm hallar\u0131 azal\u0131b&#8221;"}]},{"@type":"WebSite","@id":"https:\/\/www.meydan.tv\/az\/#website","url":"https:\/\/www.meydan.tv\/az\/","name":"MEYDAN.TV","description":"Meydan TV Az\u0259rbaycan\u0131n media m\u0259kan\u0131ndak\u0131 alternativ s\u0259sidir","publisher":{"@id":"https:\/\/www.meydan.tv\/az\/#organization"},"potentialAction":[{"@type":"SearchAction","target":{"@type":"EntryPoint","urlTemplate":"https:\/\/www.meydan.tv\/az\/?s={search_term_string}"},"query-input":{"@type":"PropertyValueSpecification","valueRequired":true,"valueName":"search_term_string"}}],"inLanguage":"az"},{"@type":"Organization","@id":"https:\/\/www.meydan.tv\/az\/#organization","name":"Meydan TV","url":"https:\/\/www.meydan.tv\/az\/","logo":{"@type":"ImageObject","inLanguage":"az","@id":"https:\/\/www.meydan.tv\/az\/#\/schema\/logo\/image\/","url":"https:\/\/www.meydan.tv\/wp-content\/uploads\/2021\/07\/meydan-logo.svg","contentUrl":"https:\/\/www.meydan.tv\/wp-content\/uploads\/2021\/07\/meydan-logo.svg","width":195,"height":46,"caption":"Meydan TV"},"image":{"@id":"https:\/\/www.meydan.tv\/az\/#\/schema\/logo\/image\/"}},{"@type":"Person","@id":"https:\/\/www.meydan.tv\/az\/#\/schema\/person\/9cdbecf90d17180ce1dfbd95b08dcf47","name":"elli","sameAs":["https:\/\/x.com\/elli"]}]}},"_links":{"self":[{"href":"https:\/\/www.meydan.tv\/az\/wp-json\/wp\/v2\/posts\/241662","targetHints":{"allow":["GET"]}}],"collection":[{"href":"https:\/\/www.meydan.tv\/az\/wp-json\/wp\/v2\/posts"}],"about":[{"href":"https:\/\/www.meydan.tv\/az\/wp-json\/wp\/v2\/types\/post"}],"author":[{"embeddable":true,"href":"https:\/\/www.meydan.tv\/az\/wp-json\/wp\/v2\/users\/8"}],"replies":[{"embeddable":true,"href":"https:\/\/www.meydan.tv\/az\/wp-json\/wp\/v2\/comments?post=241662"}],"version-history":[{"count":2,"href":"https:\/\/www.meydan.tv\/az\/wp-json\/wp\/v2\/posts\/241662\/revisions"}],"predecessor-version":[{"id":241668,"href":"https:\/\/www.meydan.tv\/az\/wp-json\/wp\/v2\/posts\/241662\/revisions\/241668"}],"wp:featuredmedia":[{"embeddable":true,"href":"https:\/\/www.meydan.tv\/az\/wp-json\/wp\/v2\/media\/138546"}],"wp:attachment":[{"href":"https:\/\/www.meydan.tv\/az\/wp-json\/wp\/v2\/media?parent=241662"}],"wp:term":[{"taxonomy":"category","embeddable":true,"href":"https:\/\/www.meydan.tv\/az\/wp-json\/wp\/v2\/categories?post=241662"},{"taxonomy":"post_tag","embeddable":true,"href":"https:\/\/www.meydan.tv\/az\/wp-json\/wp\/v2\/tags?post=241662"}],"curies":[{"name":"wp","href":"https:\/\/api.w.org\/{rel}","templated":true}]}}