{"id":241573,"date":"2022-04-12T15:24:00","date_gmt":"2022-04-12T11:24:00","guid":{"rendered":"https:\/\/www.meydan.tv\/?p=241573"},"modified":"2022-04-12T15:24:01","modified_gmt":"2022-04-12T11:24:01","slug":"medvedev-qerbin-rus-eksponatlarini-saxlamasi-cehdleri-ogurluqdur","status":"publish","type":"post","link":"https:\/\/www.meydan.tv\/az\/article\/medvedev-qerbin-rus-eksponatlarini-saxlamasi-cehdleri-ogurluqdur\/","title":{"rendered":"Medvedev: \u201cQ\u0259rbin rus eksponatlar\u0131n\u0131 saxlamas\u0131 c\u0259hdl\u0259ri o\u011furluqdur\u201d"},"content":{"rendered":"\n<p><\/p>\n\n\n\n<p><em>\u201cH\u0259qiq\u0259ti m\u0259hk\u0259m\u0259l\u0259rd\u0259 axtarmal\u0131 olaca\u011f\u0131q\u201d<\/em><\/p>\n\n\n\n<p>Rusiya Federasiyas\u0131 T\u0259hl\u00fck\u0259sizlik \u015euras\u0131 s\u0259drinin m\u00fcavini Dmitri Medvedev aprelin 2-3-d\u0259 rus muzeyl\u0259rin\u0259 m\u0259xsus eksponatlar\u0131n Finlandiya g\u00f6mr\u00fcy\u00fcnd\u0259 saxlan\u0131lmas\u0131na m\u00fcnasib\u0259t bildirib.<\/p>\n\n\n\n<p>O qeyd edib ki, Q\u0259rb \u00f6lk\u0259l\u0259ri Rusiya m\u0259d\u0259niyy\u0259tin\u0259 m\u00fcxt\u0259lif qada\u011falar t\u0259tbiq etm\u0259kl\u0259 yana\u015f\u0131, rus kolleksiyalar\u0131ndan qiym\u0259tli \u0259\u015fyalar\u0131 m\u0259nims\u0259m\u0259k <a href=\"https:\/\/t.me\/medvedev_telegram\/42\" target=\"_blank\" rel=\"noreferrer noopener\">ist\u0259yirl\u0259r<\/a>.<\/p>\n\n\n\n<p>S\u0259n\u0259t \u0259s\u0259rl\u0259ri art\u0131q \u00f6t\u0259n h\u0259ft\u0259sonu Rusiyaya qaytar\u0131l\u0131b.<\/p>\n\n\n\n<p>\u201cR\u0259sml\u0259ri g\u00f6m\u00fcr\u00fckd\u0259 saxlamaq c\u0259hdl\u0259r baya\u011f\u0131 o\u011furluqdur. H\u0259qiq\u0259ti m\u0259hk\u0259m\u0259l\u0259rd\u0259, h\u0259m d\u0259 ba\u015fqa yollarla axtarmal\u0131 olaca\u011f\u0131q\u201d, &#8211; o bildirib.<\/p>\n\n\n\n<p>Medvedev fevralda Parisd\u0259 \u201cLouis Vuitton\u201d Fondunda n\u00fcmayi\u015f olunan Rusiyaya m\u0259xsus Morozovlar Kolleksiyas\u0131n\u0131n da \u00f6lk\u0259y\u0259 qaytar\u0131lmas\u0131 istiqam\u0259tind\u0259 i\u015fl\u0259r g\u00f6r\u00fcld\u00fcy\u00fcn\u00fc diqq\u0259t\u0259 \u00e7atd\u0131r\u0131b.<\/p>\n\n\n\n<p>Morozovlar Kolleksiyas\u0131 XX \u0259srin \u0259vv\u0259ll\u0259rind\u0259n b\u0259ri ilk d\u0259f\u0259 Rusiyadan k\u0259nara \u00e7\u0131x\u0131b.<\/p>\n\n\n\n<p>Ekspozisiyada 200 r\u0259sm \u0259s\u0259ri il\u0259 yana\u015f\u0131, heyk\u0259lt\u0259ra\u015fl\u0131q n\u00fcmun\u0259l\u0259ri v\u0259 bir s\u0131ra foto\u015f\u0259kil d\u0259 n\u00fcmayi\u015f edilib.<\/p>\n\n\n\n<p>\u015eura s\u0259dri Rusiyaya t\u0259tbiq olunan sanksiyalar\u0131n \u00f6lk\u0259nin g\u0259l\u0259c\u0259kd\u0259 beyn\u0259lxalq s\u0259rgil\u0259rd\u0259ki f\u0259aliyy\u0259tin\u0259 x\u0259l\u0259l g\u0259tirm\u0259y\u0259c\u0259yini vur\u011fulay\u0131b.<\/p>\n\n\n\n<p>Bildirib ki, Rusiyan\u0131n M\u00fcst\u0259qil D\u00f6vl\u0259tl\u0259r Birliyi (MDB), BR\u0130CS \u00fczvl\u0259ri (t\u0259\u015fkilat\u0131n \u00fczv \u00f6lk\u0259l\u0259r: Braziliya, Rusiya, Hindistan, \u00c7in v\u0259 C\u0259nubi Afrika Respublikas\u0131) il\u0259 m\u0259hsuldar g\u00fcnd\u0259k plan\u0131 var.<\/p>\n\n\n\n<p>\u201cBu d\u00f6vl\u0259tl\u0259rd\u0259 rus m\u0259d\u0259niyy\u0259tini qiym\u0259tl\u0259ndir\u0259n, sev\u0259n v\u0259 g\u00f6zl\u0259y\u0259n milyardlarla adekvat d\u00fc\u015f\u00fcnc\u0259li insanlar ya\u015fay\u0131r. Yax\u0131n \u015e\u0259rq v\u0259 C\u0259nub-\u015e\u0259rqi Asiyada ultram\u00fcasir inc\u0259s\u0259n\u0259t muzeyl\u0259ri biziml\u0259 qar\u015f\u0131l\u0131ql\u0131 \u0259laq\u0259y\u0259 a\u00e7\u0131qd\u0131r\u201d, &#8211; Medvedev bildirib.<\/p>\n\n\n\n<p>Aprelin 2-3-d\u0259 Rusiyan\u0131n bir ne\u00e7\u0259 muzeyin\u0259 m\u0259xsus eksponatlar Finlandiya g\u00f6mr\u00fcy\u00fcnd\u0259 saxlan\u0131l\u0131b.<\/p>\n\n\n\n<p>R\u0259sml\u0259rin saxlan\u0131lmas\u0131n\u0131n Avropa \u0130ttifaq\u0131n\u0131n (A\u0130) Rusiyaya t\u0259tbiq etdiyi sanksiyalarla \u0259laq\u0259dar oldu\u011fu bildirilib.<\/p>\n\n\n\n<p>G\u00f6mr\u00fck m\u0259nt\u0259q\u0259sinin \u0259m\u0259kda\u015flar\u0131 y\u00fck\u00fc m\u00fcsadir\u0259 edib.<\/p>\n\n\n\n<p>Saxlan\u0131lan s\u0259n\u0259t \u0259s\u0259rl\u0259ri \u201cErmitaj\u201d, \u201cTretyakov\u201d qalereyalar\u0131na, \u201cSarskoye Selo\u201d, \u201cPavlovsk\u201d, \u201cQat\u00e7ina\u201d d\u00f6vl\u0259t muzey-qoruqlar\u0131na, \u015e\u0259rq D\u00f6vl\u0259t Muzeyin\u0259 v\u0259 Pu\u015fkin ad\u0131na D\u00f6vl\u0259t T\u0259sviri \u0130nc\u0259s\u0259n\u0259t Muzeyin\u0259 m\u0259xsus eksponatlard\u0131r.<\/p>\n\n\n\n<p>Rusiya fevral\u0131n 24-d\u0259 Ukraynada h\u0259rbi \u0259m\u0259liyyatlara ba\u015flay\u0131b.<\/p>\n\n\n\n<p>H\u0259min tarixd\u0259n etibar\u0259n Avropa \u0130ttifaq\u0131 \u00f6lk\u0259l\u0259ri, h\u0259m\u00e7inin B\u00f6y\u00fck Britaniya, AB\u015e, Kanada v\u0259 dig\u0259r \u00f6lk\u0259l\u0259r Rusiyaya m\u00fcxt\u0259lif sanksiyalar t\u0259tbiq edir.<\/p>\n\n\n\n<p>Maliyy\u0259 sanksiyalar\u0131 \u0259sas\u0259n oliqarxlara, y\u00fcks\u0259k r\u00fctb\u0259li h\u0259rb\u00e7il\u0259rin hesablar\u0131na, d\u00f6vl\u0259t m\u0259murlar\u0131na, prezident\u0259, onun k\u00f6m\u0259k\u00e7isin\u0259, nazirl\u0259r\u0259 qoyulan qada\u011falard\u0131r.<\/p>\n\n\n\n<p>B\u00fct\u00fcn bu sanksiyalar\u0131n s\u0259b\u0259bi Rusiyan\u0131n Ukraynaya h\u0259rbi m\u00fcdaxil\u0259 etm\u0259sidir.<\/p>\n\n\n\n<p>M\u0259qs\u0259d m\u00fcharib\u0259nin maliyy\u0259l\u0259\u015fdirilm\u0259sinin dayand\u0131r\u0131lmas\u0131d\u0131r.<\/p>\n\n\n\n<p>H\u0259m\u00e7inin bir s\u0131ra beyn\u0259lxalq musiqi, film \u015firk\u0259tl\u0259ri, o c\u00fcml\u0259d\u0259n, teatrlar, kinostudiyalar Rusiya v\u0259 s\u0259n\u0259t\u00e7il\u0259ri il\u0259 \u0259m\u0259kda\u015fl\u0131\u011f\u0131 dayand\u0131r\u0131b.<\/p>\n","protected":false},"excerpt":{"rendered":"<p>\u201cH\u0259qiq\u0259ti m\u0259hk\u0259m\u0259l\u0259rd\u0259 axtarmal\u0131 olaca\u011f\u0131q\u201d Rusiya Federasiyas\u0131 T\u0259hl\u00fck\u0259sizlik \u015euras\u0131 s\u0259drinin m\u00fcavini &#8230; <\/p>\n<p class=\"read-more-container\"><a title=\"Medvedev: \u201cQ\u0259rbin rus eksponatlar\u0131n\u0131 saxlamas\u0131 c\u0259hdl\u0259ri o\u011furluqdur\u201d\" class=\"read-more button\" href=\"https:\/\/www.meydan.tv\/az\/article\/medvedev-qerbin-rus-eksponatlarini-saxlamasi-cehdleri-ogurluqdur\/#more-241573\" aria-label=\"Read more about Medvedev: \u201cQ\u0259rbin rus eksponatlar\u0131n\u0131 saxlamas\u0131 c\u0259hdl\u0259ri o\u011furluqdur\u201d\">Davam\u0131<\/a><\/p>\n","protected":false},"author":8,"featured_media":241575,"comment_status":"closed","ping_status":"closed","sticky":false,"template":"","format":"standard","meta":{"_acf_changed":false,"_sitemap_exclude":false,"_sitemap_priority":"","_sitemap_frequency":"","footnotes":""},"categories":[52,56],"tags":[],"class_list":["post-241573","post","type-post","status-publish","format-standard","has-post-thumbnail","hentry","category-medeniyyet","category-xeberler","infinite-scroll-item","generate-columns","tablet-grid-50","mobile-grid-100","grid-parent","grid-33","no-featured-image-padding"],"acf":[],"yoast_head":"<!-- This site is optimized with the Yoast SEO plugin v27.5 - https:\/\/yoast.com\/product\/yoast-seo-wordpress\/ -->\n<title>Medvedev: \u201cQ\u0259rbin rus eksponatlar\u0131n\u0131 saxlamas\u0131 c\u0259hdl\u0259ri o\u011furluqdur\u201d - MEYDAN.TV<\/title>\n<meta name=\"robots\" content=\"index, follow, max-snippet:-1, max-image-preview:large, max-video-preview:-1\" \/>\n<link rel=\"canonical\" href=\"https:\/\/www.meydan.tv\/az\/article\/medvedev-qerbin-rus-eksponatlarini-saxlamasi-cehdleri-ogurluqdur\/\" \/>\n<meta property=\"og:locale\" content=\"az_AZ\" \/>\n<meta property=\"og:type\" content=\"article\" \/>\n<meta property=\"og:title\" content=\"Medvedev: \u201cQ\u0259rbin rus eksponatlar\u0131n\u0131 saxlamas\u0131 c\u0259hdl\u0259ri o\u011furluqdur\u201d - MEYDAN.TV\" \/>\n<meta property=\"og:description\" content=\"\u201cH\u0259qiq\u0259ti m\u0259hk\u0259m\u0259l\u0259rd\u0259 axtarmal\u0131 olaca\u011f\u0131q\u201d Rusiya Federasiyas\u0131 T\u0259hl\u00fck\u0259sizlik \u015euras\u0131 s\u0259drinin m\u00fcavini ... Davam\u0131\" \/>\n<meta property=\"og:url\" content=\"https:\/\/www.meydan.tv\/az\/article\/medvedev-qerbin-rus-eksponatlarini-saxlamasi-cehdleri-ogurluqdur\/\" \/>\n<meta property=\"og:site_name\" content=\"MEYDAN.TV\" \/>\n<meta property=\"article:published_time\" content=\"2022-04-12T11:24:00+00:00\" \/>\n<meta property=\"article:modified_time\" content=\"2022-04-12T11:24:01+00:00\" \/>\n<meta property=\"og:image\" content=\"https:\/\/www.meydan.tv\/wp-content\/uploads\/shutterstock_1410019070-scaled.jpg\" \/>\n\t<meta property=\"og:image:width\" content=\"2560\" \/>\n\t<meta property=\"og:image:height\" content=\"1707\" \/>\n\t<meta property=\"og:image:type\" content=\"image\/jpeg\" \/>\n<meta name=\"author\" content=\"elli\" \/>\n<meta name=\"twitter:card\" content=\"summary_large_image\" \/>\n<meta name=\"twitter:creator\" content=\"@elli\" \/>\n<script type=\"application\/ld+json\" class=\"yoast-schema-graph\">{\"@context\":\"https:\\\/\\\/schema.org\",\"@graph\":[{\"@type\":\"Article\",\"@id\":\"https:\\\/\\\/www.meydan.tv\\\/az\\\/article\\\/medvedev-qerbin-rus-eksponatlarini-saxlamasi-cehdleri-ogurluqdur\\\/#article\",\"isPartOf\":{\"@id\":\"https:\\\/\\\/www.meydan.tv\\\/az\\\/article\\\/medvedev-qerbin-rus-eksponatlarini-saxlamasi-cehdleri-ogurluqdur\\\/\"},\"author\":{\"name\":\"elli\",\"@id\":\"https:\\\/\\\/www.meydan.tv\\\/az\\\/#\\\/schema\\\/person\\\/9cdbecf90d17180ce1dfbd95b08dcf47\"},\"headline\":\"Medvedev: \u201cQ\u0259rbin rus eksponatlar\u0131n\u0131 saxlamas\u0131 c\u0259hdl\u0259ri o\u011furluqdur\u201d\",\"datePublished\":\"2022-04-12T11:24:00+00:00\",\"dateModified\":\"2022-04-12T11:24:01+00:00\",\"mainEntityOfPage\":{\"@id\":\"https:\\\/\\\/www.meydan.tv\\\/az\\\/article\\\/medvedev-qerbin-rus-eksponatlarini-saxlamasi-cehdleri-ogurluqdur\\\/\"},\"wordCount\":610,\"publisher\":{\"@id\":\"https:\\\/\\\/www.meydan.tv\\\/az\\\/#organization\"},\"image\":{\"@id\":\"https:\\\/\\\/www.meydan.tv\\\/az\\\/article\\\/medvedev-qerbin-rus-eksponatlarini-saxlamasi-cehdleri-ogurluqdur\\\/#primaryimage\"},\"thumbnailUrl\":\"https:\\\/\\\/www.meydan.tv\\\/wp-content\\\/uploads\\\/shutterstock_1410019070-scaled.jpg\",\"articleSection\":[\"M\u0259d\u0259niyy\u0259t\",\"X\u0259b\u0259rl\u0259r\"],\"inLanguage\":\"az\"},{\"@type\":\"WebPage\",\"@id\":\"https:\\\/\\\/www.meydan.tv\\\/az\\\/article\\\/medvedev-qerbin-rus-eksponatlarini-saxlamasi-cehdleri-ogurluqdur\\\/\",\"url\":\"https:\\\/\\\/www.meydan.tv\\\/az\\\/article\\\/medvedev-qerbin-rus-eksponatlarini-saxlamasi-cehdleri-ogurluqdur\\\/\",\"name\":\"Medvedev: \u201cQ\u0259rbin rus eksponatlar\u0131n\u0131 saxlamas\u0131 c\u0259hdl\u0259ri o\u011furluqdur\u201d - MEYDAN.TV\",\"isPartOf\":{\"@id\":\"https:\\\/\\\/www.meydan.tv\\\/az\\\/#website\"},\"primaryImageOfPage\":{\"@id\":\"https:\\\/\\\/www.meydan.tv\\\/az\\\/article\\\/medvedev-qerbin-rus-eksponatlarini-saxlamasi-cehdleri-ogurluqdur\\\/#primaryimage\"},\"image\":{\"@id\":\"https:\\\/\\\/www.meydan.tv\\\/az\\\/article\\\/medvedev-qerbin-rus-eksponatlarini-saxlamasi-cehdleri-ogurluqdur\\\/#primaryimage\"},\"thumbnailUrl\":\"https:\\\/\\\/www.meydan.tv\\\/wp-content\\\/uploads\\\/shutterstock_1410019070-scaled.jpg\",\"datePublished\":\"2022-04-12T11:24:00+00:00\",\"dateModified\":\"2022-04-12T11:24:01+00:00\",\"breadcrumb\":{\"@id\":\"https:\\\/\\\/www.meydan.tv\\\/az\\\/article\\\/medvedev-qerbin-rus-eksponatlarini-saxlamasi-cehdleri-ogurluqdur\\\/#breadcrumb\"},\"inLanguage\":\"az\",\"potentialAction\":[{\"@type\":\"ReadAction\",\"target\":[\"https:\\\/\\\/www.meydan.tv\\\/az\\\/article\\\/medvedev-qerbin-rus-eksponatlarini-saxlamasi-cehdleri-ogurluqdur\\\/\"]}]},{\"@type\":\"ImageObject\",\"inLanguage\":\"az\",\"@id\":\"https:\\\/\\\/www.meydan.tv\\\/az\\\/article\\\/medvedev-qerbin-rus-eksponatlarini-saxlamasi-cehdleri-ogurluqdur\\\/#primaryimage\",\"url\":\"https:\\\/\\\/www.meydan.tv\\\/wp-content\\\/uploads\\\/shutterstock_1410019070-scaled.jpg\",\"contentUrl\":\"https:\\\/\\\/www.meydan.tv\\\/wp-content\\\/uploads\\\/shutterstock_1410019070-scaled.jpg\",\"width\":2560,\"height\":1707,\"caption\":\"Dmitri Medvedev. Foto: Max kolomychenko\\\/shutterstock\"},{\"@type\":\"BreadcrumbList\",\"@id\":\"https:\\\/\\\/www.meydan.tv\\\/az\\\/article\\\/medvedev-qerbin-rus-eksponatlarini-saxlamasi-cehdleri-ogurluqdur\\\/#breadcrumb\",\"itemListElement\":[{\"@type\":\"ListItem\",\"position\":1,\"name\":\"Ana s\u0259hif\u0259\",\"item\":\"https:\\\/\\\/www.meydan.tv\\\/az\\\/\"},{\"@type\":\"ListItem\",\"position\":2,\"name\":\"M\u0259d\u0259niyy\u0259t\",\"item\":\"https:\\\/\\\/www.meydan.tv\\\/az\\\/section\\\/medeniyyet\\\/\"},{\"@type\":\"ListItem\",\"position\":3,\"name\":\"Medvedev: \u201cQ\u0259rbin rus eksponatlar\u0131n\u0131 saxlamas\u0131 c\u0259hdl\u0259ri o\u011furluqdur\u201d\"}]},{\"@type\":\"WebSite\",\"@id\":\"https:\\\/\\\/www.meydan.tv\\\/az\\\/#website\",\"url\":\"https:\\\/\\\/www.meydan.tv\\\/az\\\/\",\"name\":\"MEYDAN.TV\",\"description\":\"Meydan TV Az\u0259rbaycan\u0131n media m\u0259kan\u0131ndak\u0131 alternativ s\u0259sidir\",\"publisher\":{\"@id\":\"https:\\\/\\\/www.meydan.tv\\\/az\\\/#organization\"},\"potentialAction\":[{\"@type\":\"SearchAction\",\"target\":{\"@type\":\"EntryPoint\",\"urlTemplate\":\"https:\\\/\\\/www.meydan.tv\\\/az\\\/?s={search_term_string}\"},\"query-input\":{\"@type\":\"PropertyValueSpecification\",\"valueRequired\":true,\"valueName\":\"search_term_string\"}}],\"inLanguage\":\"az\"},{\"@type\":\"Organization\",\"@id\":\"https:\\\/\\\/www.meydan.tv\\\/az\\\/#organization\",\"name\":\"Meydan TV\",\"url\":\"https:\\\/\\\/www.meydan.tv\\\/az\\\/\",\"logo\":{\"@type\":\"ImageObject\",\"inLanguage\":\"az\",\"@id\":\"https:\\\/\\\/www.meydan.tv\\\/az\\\/#\\\/schema\\\/logo\\\/image\\\/\",\"url\":\"https:\\\/\\\/www.meydan.tv\\\/wp-content\\\/uploads\\\/2021\\\/07\\\/meydan-logo.svg\",\"contentUrl\":\"https:\\\/\\\/www.meydan.tv\\\/wp-content\\\/uploads\\\/2021\\\/07\\\/meydan-logo.svg\",\"width\":195,\"height\":46,\"caption\":\"Meydan TV\"},\"image\":{\"@id\":\"https:\\\/\\\/www.meydan.tv\\\/az\\\/#\\\/schema\\\/logo\\\/image\\\/\"}},{\"@type\":\"Person\",\"@id\":\"https:\\\/\\\/www.meydan.tv\\\/az\\\/#\\\/schema\\\/person\\\/9cdbecf90d17180ce1dfbd95b08dcf47\",\"name\":\"elli\",\"sameAs\":[\"https:\\\/\\\/x.com\\\/elli\"]}]}<\/script>\n<!-- \/ Yoast SEO plugin. -->","yoast_head_json":{"title":"Medvedev: \u201cQ\u0259rbin rus eksponatlar\u0131n\u0131 saxlamas\u0131 c\u0259hdl\u0259ri o\u011furluqdur\u201d - MEYDAN.TV","robots":{"index":"index","follow":"follow","max-snippet":"max-snippet:-1","max-image-preview":"max-image-preview:large","max-video-preview":"max-video-preview:-1"},"canonical":"https:\/\/www.meydan.tv\/az\/article\/medvedev-qerbin-rus-eksponatlarini-saxlamasi-cehdleri-ogurluqdur\/","og_locale":"az_AZ","og_type":"article","og_title":"Medvedev: \u201cQ\u0259rbin rus eksponatlar\u0131n\u0131 saxlamas\u0131 c\u0259hdl\u0259ri o\u011furluqdur\u201d - MEYDAN.TV","og_description":"\u201cH\u0259qiq\u0259ti m\u0259hk\u0259m\u0259l\u0259rd\u0259 axtarmal\u0131 olaca\u011f\u0131q\u201d Rusiya Federasiyas\u0131 T\u0259hl\u00fck\u0259sizlik \u015euras\u0131 s\u0259drinin m\u00fcavini ... Davam\u0131","og_url":"https:\/\/www.meydan.tv\/az\/article\/medvedev-qerbin-rus-eksponatlarini-saxlamasi-cehdleri-ogurluqdur\/","og_site_name":"MEYDAN.TV","article_published_time":"2022-04-12T11:24:00+00:00","article_modified_time":"2022-04-12T11:24:01+00:00","og_image":[{"width":2560,"height":1707,"url":"https:\/\/www.meydan.tv\/wp-content\/uploads\/shutterstock_1410019070-scaled.jpg","type":"image\/jpeg"}],"author":"elli","twitter_card":"summary_large_image","twitter_creator":"@elli","schema":{"@context":"https:\/\/schema.org","@graph":[{"@type":"Article","@id":"https:\/\/www.meydan.tv\/az\/article\/medvedev-qerbin-rus-eksponatlarini-saxlamasi-cehdleri-ogurluqdur\/#article","isPartOf":{"@id":"https:\/\/www.meydan.tv\/az\/article\/medvedev-qerbin-rus-eksponatlarini-saxlamasi-cehdleri-ogurluqdur\/"},"author":{"name":"elli","@id":"https:\/\/www.meydan.tv\/az\/#\/schema\/person\/9cdbecf90d17180ce1dfbd95b08dcf47"},"headline":"Medvedev: \u201cQ\u0259rbin rus eksponatlar\u0131n\u0131 saxlamas\u0131 c\u0259hdl\u0259ri o\u011furluqdur\u201d","datePublished":"2022-04-12T11:24:00+00:00","dateModified":"2022-04-12T11:24:01+00:00","mainEntityOfPage":{"@id":"https:\/\/www.meydan.tv\/az\/article\/medvedev-qerbin-rus-eksponatlarini-saxlamasi-cehdleri-ogurluqdur\/"},"wordCount":610,"publisher":{"@id":"https:\/\/www.meydan.tv\/az\/#organization"},"image":{"@id":"https:\/\/www.meydan.tv\/az\/article\/medvedev-qerbin-rus-eksponatlarini-saxlamasi-cehdleri-ogurluqdur\/#primaryimage"},"thumbnailUrl":"https:\/\/www.meydan.tv\/wp-content\/uploads\/shutterstock_1410019070-scaled.jpg","articleSection":["M\u0259d\u0259niyy\u0259t","X\u0259b\u0259rl\u0259r"],"inLanguage":"az"},{"@type":"WebPage","@id":"https:\/\/www.meydan.tv\/az\/article\/medvedev-qerbin-rus-eksponatlarini-saxlamasi-cehdleri-ogurluqdur\/","url":"https:\/\/www.meydan.tv\/az\/article\/medvedev-qerbin-rus-eksponatlarini-saxlamasi-cehdleri-ogurluqdur\/","name":"Medvedev: \u201cQ\u0259rbin rus eksponatlar\u0131n\u0131 saxlamas\u0131 c\u0259hdl\u0259ri o\u011furluqdur\u201d - MEYDAN.TV","isPartOf":{"@id":"https:\/\/www.meydan.tv\/az\/#website"},"primaryImageOfPage":{"@id":"https:\/\/www.meydan.tv\/az\/article\/medvedev-qerbin-rus-eksponatlarini-saxlamasi-cehdleri-ogurluqdur\/#primaryimage"},"image":{"@id":"https:\/\/www.meydan.tv\/az\/article\/medvedev-qerbin-rus-eksponatlarini-saxlamasi-cehdleri-ogurluqdur\/#primaryimage"},"thumbnailUrl":"https:\/\/www.meydan.tv\/wp-content\/uploads\/shutterstock_1410019070-scaled.jpg","datePublished":"2022-04-12T11:24:00+00:00","dateModified":"2022-04-12T11:24:01+00:00","breadcrumb":{"@id":"https:\/\/www.meydan.tv\/az\/article\/medvedev-qerbin-rus-eksponatlarini-saxlamasi-cehdleri-ogurluqdur\/#breadcrumb"},"inLanguage":"az","potentialAction":[{"@type":"ReadAction","target":["https:\/\/www.meydan.tv\/az\/article\/medvedev-qerbin-rus-eksponatlarini-saxlamasi-cehdleri-ogurluqdur\/"]}]},{"@type":"ImageObject","inLanguage":"az","@id":"https:\/\/www.meydan.tv\/az\/article\/medvedev-qerbin-rus-eksponatlarini-saxlamasi-cehdleri-ogurluqdur\/#primaryimage","url":"https:\/\/www.meydan.tv\/wp-content\/uploads\/shutterstock_1410019070-scaled.jpg","contentUrl":"https:\/\/www.meydan.tv\/wp-content\/uploads\/shutterstock_1410019070-scaled.jpg","width":2560,"height":1707,"caption":"Dmitri Medvedev. Foto: Max kolomychenko\/shutterstock"},{"@type":"BreadcrumbList","@id":"https:\/\/www.meydan.tv\/az\/article\/medvedev-qerbin-rus-eksponatlarini-saxlamasi-cehdleri-ogurluqdur\/#breadcrumb","itemListElement":[{"@type":"ListItem","position":1,"name":"Ana s\u0259hif\u0259","item":"https:\/\/www.meydan.tv\/az\/"},{"@type":"ListItem","position":2,"name":"M\u0259d\u0259niyy\u0259t","item":"https:\/\/www.meydan.tv\/az\/section\/medeniyyet\/"},{"@type":"ListItem","position":3,"name":"Medvedev: \u201cQ\u0259rbin rus eksponatlar\u0131n\u0131 saxlamas\u0131 c\u0259hdl\u0259ri o\u011furluqdur\u201d"}]},{"@type":"WebSite","@id":"https:\/\/www.meydan.tv\/az\/#website","url":"https:\/\/www.meydan.tv\/az\/","name":"MEYDAN.TV","description":"Meydan TV Az\u0259rbaycan\u0131n media m\u0259kan\u0131ndak\u0131 alternativ s\u0259sidir","publisher":{"@id":"https:\/\/www.meydan.tv\/az\/#organization"},"potentialAction":[{"@type":"SearchAction","target":{"@type":"EntryPoint","urlTemplate":"https:\/\/www.meydan.tv\/az\/?s={search_term_string}"},"query-input":{"@type":"PropertyValueSpecification","valueRequired":true,"valueName":"search_term_string"}}],"inLanguage":"az"},{"@type":"Organization","@id":"https:\/\/www.meydan.tv\/az\/#organization","name":"Meydan TV","url":"https:\/\/www.meydan.tv\/az\/","logo":{"@type":"ImageObject","inLanguage":"az","@id":"https:\/\/www.meydan.tv\/az\/#\/schema\/logo\/image\/","url":"https:\/\/www.meydan.tv\/wp-content\/uploads\/2021\/07\/meydan-logo.svg","contentUrl":"https:\/\/www.meydan.tv\/wp-content\/uploads\/2021\/07\/meydan-logo.svg","width":195,"height":46,"caption":"Meydan TV"},"image":{"@id":"https:\/\/www.meydan.tv\/az\/#\/schema\/logo\/image\/"}},{"@type":"Person","@id":"https:\/\/www.meydan.tv\/az\/#\/schema\/person\/9cdbecf90d17180ce1dfbd95b08dcf47","name":"elli","sameAs":["https:\/\/x.com\/elli"]}]}},"_links":{"self":[{"href":"https:\/\/www.meydan.tv\/az\/wp-json\/wp\/v2\/posts\/241573","targetHints":{"allow":["GET"]}}],"collection":[{"href":"https:\/\/www.meydan.tv\/az\/wp-json\/wp\/v2\/posts"}],"about":[{"href":"https:\/\/www.meydan.tv\/az\/wp-json\/wp\/v2\/types\/post"}],"author":[{"embeddable":true,"href":"https:\/\/www.meydan.tv\/az\/wp-json\/wp\/v2\/users\/8"}],"replies":[{"embeddable":true,"href":"https:\/\/www.meydan.tv\/az\/wp-json\/wp\/v2\/comments?post=241573"}],"version-history":[{"count":1,"href":"https:\/\/www.meydan.tv\/az\/wp-json\/wp\/v2\/posts\/241573\/revisions"}],"predecessor-version":[{"id":241574,"href":"https:\/\/www.meydan.tv\/az\/wp-json\/wp\/v2\/posts\/241573\/revisions\/241574"}],"wp:featuredmedia":[{"embeddable":true,"href":"https:\/\/www.meydan.tv\/az\/wp-json\/wp\/v2\/media\/241575"}],"wp:attachment":[{"href":"https:\/\/www.meydan.tv\/az\/wp-json\/wp\/v2\/media?parent=241573"}],"wp:term":[{"taxonomy":"category","embeddable":true,"href":"https:\/\/www.meydan.tv\/az\/wp-json\/wp\/v2\/categories?post=241573"},{"taxonomy":"post_tag","embeddable":true,"href":"https:\/\/www.meydan.tv\/az\/wp-json\/wp\/v2\/tags?post=241573"}],"curies":[{"name":"wp","href":"https:\/\/api.w.org\/{rel}","templated":true}]}}