{"id":241263,"date":"2022-04-10T00:06:52","date_gmt":"2022-04-09T20:06:52","guid":{"rendered":"https:\/\/www.meydan.tv\/?p=241263"},"modified":"2022-04-10T00:06:54","modified_gmt":"2022-04-09T20:06:54","slug":"adlarina-sirket-acilib-yarim-milyona-yaxin-vergi-borcu-gelib","status":"publish","type":"post","link":"https:\/\/www.meydan.tv\/az\/article\/adlarina-sirket-acilib-yarim-milyona-yaxin-vergi-borcu-gelib\/","title":{"rendered":"Adlar\u0131na \u015firk\u0259t a\u00e7\u0131l\u0131b, yar\u0131m milyona yax\u0131n vergi borcu g\u0259lib"},"content":{"rendered":"\n<figure class=\"wp-block-embed is-type-video is-provider-youtube wp-block-embed-youtube wp-embed-aspect-16-9 wp-has-aspect-ratio\"><div class=\"wp-block-embed__wrapper\">\n<iframe title=\"Adlar\u0131na s\u0327irk\u0259t ac\u0327\u0131l\u0131b, yar\u0131m milyona yax\u0131n vergi borcu g\u0259lib\" width=\"1200\" height=\"675\" data-src=\"https:\/\/www.youtube.com\/embed\/QOzTNYwEmts?feature=oembed\" frameborder=\"0\" allow=\"accelerometer; autoplay; clipboard-write; encrypted-media; gyroscope; picture-in-picture\" allowfullscreen src=\"data:image\/svg+xml;base64,PHN2ZyB3aWR0aD0iMSIgaGVpZ2h0PSIxIiB4bWxucz0iaHR0cDovL3d3dy53My5vcmcvMjAwMC9zdmciPjwvc3ZnPg==\" class=\"lazyload\" data-load-mode=\"1\"><\/iframe>\n<\/div><\/figure>\n\n\n\n<!--more-->\n\n\n\n<p>Maarif&nbsp; Qafarov deyir ki, x\u0259b\u0259ri olmadan onun ad\u0131na anbar a\u00e7\u0131l\u0131b v\u0259 xaricd\u0259n \u00f6lk\u0259y\u0259 mal idxal olunub.&nbsp;<\/p>\n\n\n\n<p>O bildirir ki, 2020-ci ilin may\u0131nda s\u00fcr\u00fcc\u00fcs\u00fc ondan xahi\u015f edib ki, dostunun g\u00f6mr\u00fckd\u0259 mallar\u0131 qal\u0131b, onu ke\u00e7irm\u0259k \u00fc\u00e7\u00fcn fiziki \u015f\u0259xsl\u0259r\u0259 ehtiyac\u0131 var ki, r\u00fcsumu az \u00f6d\u0259sin. S\u00fcr\u00fcc\u00fc g\u00f6mr\u00fckd\u0259 5 min manatl\u0131q mal qald\u0131\u011f\u0131n\u0131, h\u0259r k\u0259s \u00fc\u00e7\u00fcn 1000 manat r\u0259smil\u0259\u015fdiril\u0259c\u0259yini deyib. Maarif Qafarov i\u015f\u00e7isi Elvin \u0130smay\u0131lovla birlikd\u0259 17 sayl\u0131 notariusa ged\u0259r\u0259k 3 n\u0259f\u0259rin ad\u0131na etibarnam\u0259 veribl\u0259r. Bir m\u00fcdd\u0259t sonra evl\u0259rin\u0259 vergi borclar\u0131 il\u0259 ba\u011fl\u0131 x\u0259b\u0259rdarl\u0131q m\u0259ktublar\u0131 g\u0259lib.&nbsp;<\/p>\n\n\n\n<p>\u015eikay\u0259t\u00e7il\u0259r deyir ki, etibarnam\u0259nin qar\u015f\u0131l\u0131\u011f\u0131nda h\u0259min \u015f\u0259xsl\u0259rd\u0259n he\u00e7 bir v\u0259sait almay\u0131blar, onlara k\u00f6m\u0259k \u00fc\u00e7\u00fcn bunu edibl\u0259r. Haz\u0131rda Maarif Qafarovun 400 min, Elvin \u0130smay\u0131lovun 21 min manat vergi borcu var. Elvin \u0130smay\u0131lov deyir ki, verdiyi etibarnam\u0259d\u0259n sui-istifad\u0259 edil\u0259r\u0259k onun ad\u0131na 3 \u015firk\u0259t a\u00e7\u0131blar, amma \u015firk\u0259tl\u0259rin ad\u0131n\u0131 bilmir.&nbsp;<\/p>\n\n\n\n<p>Maarif Qafarov deyir ki, d\u0259l\u0259duzluq yolu il\u0259 \u015firk\u0259t a\u00e7ma i\u015find\u0259&nbsp; S\u0259bail rayon M\u0259hk\u0259m\u0259sinin ke\u00e7mi\u015f hakimi Alim Namazovun o\u011flu Anar Namazovun ad\u0131 \u00e7\u0259kilir.&nbsp;<\/p>\n\n\n\n<p>2021-ci ilin iyulunda \u00e7\u0131xan x\u0259b\u0259rl\u0259rd\u0259 qeyd olunur ki, Anar Namazov ba\u015fqalar\u0131n\u0131n etibar\u0131ndan sui-istifad\u0259 ed\u0259r\u0259k onlar\u0131n ad\u0131na V\u00d6EN a\u00e7\u0131b, xaricd\u0259n mal g\u0259tirib v\u0259 daha sonra vergi borcunu \u00f6d\u0259m\u0259yib. O, bu \u015fikay\u0259tl\u0259r\u0259 g\u00f6r\u0259 Ba\u015f M\u00fct\u0259\u015f\u0259kkil Cinay\u0259tkarl\u0131qla M\u00fcbariz\u0259 \u0130dar\u0259sind\u0259 dindirilib. Amma haqq\u0131nda he\u00e7 bir t\u0259dbir g\u00f6r\u00fclm\u0259yib. Deyil\u0259n ittihamlarla ba\u011fl\u0131 Anar Namazovla \u0259laq\u0259 qurmaq m\u00fcmk\u00fcn olmay\u0131b.<\/p>\n\n\n\n<p>Maarif Qafarovun s\u00fcr\u00fcc\u00fcs\u00fc \u015eamil Qas\u0131mov v\u0259 \u015fikay\u0259t\u00e7il\u0259r\u0259 notariusda \u00f6z ad\u0131na etibarnam\u0259 yazd\u0131ran Elnur \u018fzimovun s\u0259n\u0259dl\u0259rd\u0259 g\u00f6st\u0259ril\u0259n telefonlar\u0131 ba\u011fl\u0131d\u0131r.&nbsp;<\/p>\n\n\n\n<p>\u015eikay\u0259t\u00e7il\u0259ri bir m\u00fcdd\u0259t sonra Vergi Cinay\u0259tl\u0259rinin \u0130btidai Ara\u015fd\u0131r\u0131lmas\u0131 Ba\u015f \u0130dar\u0259sin\u0259 d\u0259v\u0259t etdil\u0259r.&nbsp;<\/p>\n\n\n\n<p>\u015eikay\u0259t\u00e7il\u0259r \u00fcmid edir ki, i\u015fl\u0259rin\u0259 tezlikl\u0259 bax\u0131l\u0131b vergi borclar\u0131 l\u0259\u011fv edil\u0259c\u0259k v\u0259 onlar\u0131 bu duruma salm\u0131\u015f \u015f\u0259xsl\u0259r c\u0259zaland\u0131r\u0131lacaq. H\u0259l\u0259 ki, g\u00fcnb\u0259g\u00fcn g\u0259l\u0259n faizl\u0259r onlar\u0131n vergi borcunu art\u0131r\u0131r.<\/p>\n","protected":false},"excerpt":{"rendered":"","protected":false},"author":14,"featured_media":241264,"comment_status":"closed","ping_status":"closed","sticky":false,"template":"","format":"standard","meta":{"_acf_changed":false,"_sitemap_exclude":false,"_sitemap_priority":"","_sitemap_frequency":"","footnotes":""},"categories":[61,63],"tags":[],"class_list":["post-241263","post","type-post","status-publish","format-standard","has-post-thumbnail","hentry","category-reportaj","category-video-2","infinite-scroll-item","generate-columns","tablet-grid-50","mobile-grid-100","grid-parent","grid-33","no-featured-image-padding"],"acf":[],"yoast_head":"<!-- This site is optimized with the Yoast SEO plugin v27.4 - https:\/\/yoast.com\/product\/yoast-seo-wordpress\/ -->\n<title>Adlar\u0131na \u015firk\u0259t a\u00e7\u0131l\u0131b, yar\u0131m milyona yax\u0131n vergi borcu g\u0259lib - MEYDAN.TV<\/title>\n<meta name=\"robots\" content=\"index, follow, max-snippet:-1, max-image-preview:large, max-video-preview:-1\" \/>\n<link rel=\"canonical\" href=\"https:\/\/www.meydan.tv\/az\/article\/adlarina-sirket-acilib-yarim-milyona-yaxin-vergi-borcu-gelib\/\" \/>\n<meta property=\"og:locale\" content=\"az_AZ\" \/>\n<meta property=\"og:type\" content=\"article\" \/>\n<meta property=\"og:title\" content=\"Adlar\u0131na \u015firk\u0259t a\u00e7\u0131l\u0131b, yar\u0131m milyona yax\u0131n vergi borcu g\u0259lib - MEYDAN.TV\" \/>\n<meta property=\"og:url\" content=\"https:\/\/www.meydan.tv\/az\/article\/adlarina-sirket-acilib-yarim-milyona-yaxin-vergi-borcu-gelib\/\" \/>\n<meta property=\"og:site_name\" content=\"MEYDAN.TV\" \/>\n<meta property=\"article:published_time\" content=\"2022-04-09T20:06:52+00:00\" \/>\n<meta property=\"article:modified_time\" content=\"2022-04-09T20:06:54+00:00\" \/>\n<meta property=\"og:image\" content=\"https:\/\/www.meydan.tv\/wp-content\/uploads\/photo_2022-04-09-21.57.02.jpeg\" \/>\n\t<meta property=\"og:image:width\" content=\"944\" \/>\n\t<meta property=\"og:image:height\" content=\"532\" \/>\n\t<meta property=\"og:image:type\" content=\"image\/jpeg\" \/>\n<meta name=\"author\" content=\"roma\" \/>\n<meta name=\"twitter:card\" content=\"summary_large_image\" \/>\n<script type=\"application\/ld+json\" class=\"yoast-schema-graph\">{\"@context\":\"https:\\\/\\\/schema.org\",\"@graph\":[{\"@type\":\"Article\",\"@id\":\"https:\\\/\\\/www.meydan.tv\\\/az\\\/article\\\/adlarina-sirket-acilib-yarim-milyona-yaxin-vergi-borcu-gelib\\\/#article\",\"isPartOf\":{\"@id\":\"https:\\\/\\\/www.meydan.tv\\\/az\\\/article\\\/adlarina-sirket-acilib-yarim-milyona-yaxin-vergi-borcu-gelib\\\/\"},\"author\":{\"name\":\"roma\",\"@id\":\"https:\\\/\\\/www.meydan.tv\\\/az\\\/#\\\/schema\\\/person\\\/8f23e01c4de63326c13c319fb65ee65d\"},\"headline\":\"Adlar\u0131na \u015firk\u0259t a\u00e7\u0131l\u0131b, yar\u0131m milyona yax\u0131n vergi borcu g\u0259lib\",\"datePublished\":\"2022-04-09T20:06:52+00:00\",\"dateModified\":\"2022-04-09T20:06:54+00:00\",\"mainEntityOfPage\":{\"@id\":\"https:\\\/\\\/www.meydan.tv\\\/az\\\/article\\\/adlarina-sirket-acilib-yarim-milyona-yaxin-vergi-borcu-gelib\\\/\"},\"wordCount\":458,\"publisher\":{\"@id\":\"https:\\\/\\\/www.meydan.tv\\\/az\\\/#organization\"},\"image\":{\"@id\":\"https:\\\/\\\/www.meydan.tv\\\/az\\\/article\\\/adlarina-sirket-acilib-yarim-milyona-yaxin-vergi-borcu-gelib\\\/#primaryimage\"},\"thumbnailUrl\":\"https:\\\/\\\/www.meydan.tv\\\/wp-content\\\/uploads\\\/photo_2022-04-09-21.57.02.jpeg\",\"articleSection\":[\"Reportaj\",\"Video\"],\"inLanguage\":\"az\"},{\"@type\":\"WebPage\",\"@id\":\"https:\\\/\\\/www.meydan.tv\\\/az\\\/article\\\/adlarina-sirket-acilib-yarim-milyona-yaxin-vergi-borcu-gelib\\\/\",\"url\":\"https:\\\/\\\/www.meydan.tv\\\/az\\\/article\\\/adlarina-sirket-acilib-yarim-milyona-yaxin-vergi-borcu-gelib\\\/\",\"name\":\"Adlar\u0131na \u015firk\u0259t a\u00e7\u0131l\u0131b, yar\u0131m milyona yax\u0131n vergi borcu g\u0259lib - MEYDAN.TV\",\"isPartOf\":{\"@id\":\"https:\\\/\\\/www.meydan.tv\\\/az\\\/#website\"},\"primaryImageOfPage\":{\"@id\":\"https:\\\/\\\/www.meydan.tv\\\/az\\\/article\\\/adlarina-sirket-acilib-yarim-milyona-yaxin-vergi-borcu-gelib\\\/#primaryimage\"},\"image\":{\"@id\":\"https:\\\/\\\/www.meydan.tv\\\/az\\\/article\\\/adlarina-sirket-acilib-yarim-milyona-yaxin-vergi-borcu-gelib\\\/#primaryimage\"},\"thumbnailUrl\":\"https:\\\/\\\/www.meydan.tv\\\/wp-content\\\/uploads\\\/photo_2022-04-09-21.57.02.jpeg\",\"datePublished\":\"2022-04-09T20:06:52+00:00\",\"dateModified\":\"2022-04-09T20:06:54+00:00\",\"breadcrumb\":{\"@id\":\"https:\\\/\\\/www.meydan.tv\\\/az\\\/article\\\/adlarina-sirket-acilib-yarim-milyona-yaxin-vergi-borcu-gelib\\\/#breadcrumb\"},\"inLanguage\":\"az\",\"potentialAction\":[{\"@type\":\"ReadAction\",\"target\":[\"https:\\\/\\\/www.meydan.tv\\\/az\\\/article\\\/adlarina-sirket-acilib-yarim-milyona-yaxin-vergi-borcu-gelib\\\/\"]}]},{\"@type\":\"ImageObject\",\"inLanguage\":\"az\",\"@id\":\"https:\\\/\\\/www.meydan.tv\\\/az\\\/article\\\/adlarina-sirket-acilib-yarim-milyona-yaxin-vergi-borcu-gelib\\\/#primaryimage\",\"url\":\"https:\\\/\\\/www.meydan.tv\\\/wp-content\\\/uploads\\\/photo_2022-04-09-21.57.02.jpeg\",\"contentUrl\":\"https:\\\/\\\/www.meydan.tv\\\/wp-content\\\/uploads\\\/photo_2022-04-09-21.57.02.jpeg\",\"width\":944,\"height\":532},{\"@type\":\"BreadcrumbList\",\"@id\":\"https:\\\/\\\/www.meydan.tv\\\/az\\\/article\\\/adlarina-sirket-acilib-yarim-milyona-yaxin-vergi-borcu-gelib\\\/#breadcrumb\",\"itemListElement\":[{\"@type\":\"ListItem\",\"position\":1,\"name\":\"Ana s\u0259hif\u0259\",\"item\":\"https:\\\/\\\/www.meydan.tv\\\/az\\\/\"},{\"@type\":\"ListItem\",\"position\":2,\"name\":\"Video\",\"item\":\"https:\\\/\\\/www.meydan.tv\\\/az\\\/section\\\/video-2\\\/\"},{\"@type\":\"ListItem\",\"position\":3,\"name\":\"Adlar\u0131na \u015firk\u0259t a\u00e7\u0131l\u0131b, yar\u0131m milyona yax\u0131n vergi borcu g\u0259lib\"}]},{\"@type\":\"WebSite\",\"@id\":\"https:\\\/\\\/www.meydan.tv\\\/az\\\/#website\",\"url\":\"https:\\\/\\\/www.meydan.tv\\\/az\\\/\",\"name\":\"MEYDAN.TV\",\"description\":\"Meydan TV Az\u0259rbaycan\u0131n media m\u0259kan\u0131ndak\u0131 alternativ s\u0259sidir\",\"publisher\":{\"@id\":\"https:\\\/\\\/www.meydan.tv\\\/az\\\/#organization\"},\"potentialAction\":[{\"@type\":\"SearchAction\",\"target\":{\"@type\":\"EntryPoint\",\"urlTemplate\":\"https:\\\/\\\/www.meydan.tv\\\/az\\\/?s={search_term_string}\"},\"query-input\":{\"@type\":\"PropertyValueSpecification\",\"valueRequired\":true,\"valueName\":\"search_term_string\"}}],\"inLanguage\":\"az\"},{\"@type\":\"Organization\",\"@id\":\"https:\\\/\\\/www.meydan.tv\\\/az\\\/#organization\",\"name\":\"Meydan TV\",\"url\":\"https:\\\/\\\/www.meydan.tv\\\/az\\\/\",\"logo\":{\"@type\":\"ImageObject\",\"inLanguage\":\"az\",\"@id\":\"https:\\\/\\\/www.meydan.tv\\\/az\\\/#\\\/schema\\\/logo\\\/image\\\/\",\"url\":\"https:\\\/\\\/www.meydan.tv\\\/wp-content\\\/uploads\\\/2021\\\/07\\\/meydan-logo.svg\",\"contentUrl\":\"https:\\\/\\\/www.meydan.tv\\\/wp-content\\\/uploads\\\/2021\\\/07\\\/meydan-logo.svg\",\"width\":195,\"height\":46,\"caption\":\"Meydan TV\"},\"image\":{\"@id\":\"https:\\\/\\\/www.meydan.tv\\\/az\\\/#\\\/schema\\\/logo\\\/image\\\/\"}},{\"@type\":\"Person\",\"@id\":\"https:\\\/\\\/www.meydan.tv\\\/az\\\/#\\\/schema\\\/person\\\/8f23e01c4de63326c13c319fb65ee65d\",\"name\":\"roma\"}]}<\/script>\n<!-- \/ Yoast SEO plugin. -->","yoast_head_json":{"title":"Adlar\u0131na \u015firk\u0259t a\u00e7\u0131l\u0131b, yar\u0131m milyona yax\u0131n vergi borcu g\u0259lib - MEYDAN.TV","robots":{"index":"index","follow":"follow","max-snippet":"max-snippet:-1","max-image-preview":"max-image-preview:large","max-video-preview":"max-video-preview:-1"},"canonical":"https:\/\/www.meydan.tv\/az\/article\/adlarina-sirket-acilib-yarim-milyona-yaxin-vergi-borcu-gelib\/","og_locale":"az_AZ","og_type":"article","og_title":"Adlar\u0131na \u015firk\u0259t a\u00e7\u0131l\u0131b, yar\u0131m milyona yax\u0131n vergi borcu g\u0259lib - MEYDAN.TV","og_url":"https:\/\/www.meydan.tv\/az\/article\/adlarina-sirket-acilib-yarim-milyona-yaxin-vergi-borcu-gelib\/","og_site_name":"MEYDAN.TV","article_published_time":"2022-04-09T20:06:52+00:00","article_modified_time":"2022-04-09T20:06:54+00:00","og_image":[{"width":944,"height":532,"url":"https:\/\/www.meydan.tv\/wp-content\/uploads\/photo_2022-04-09-21.57.02.jpeg","type":"image\/jpeg"}],"author":"roma","twitter_card":"summary_large_image","schema":{"@context":"https:\/\/schema.org","@graph":[{"@type":"Article","@id":"https:\/\/www.meydan.tv\/az\/article\/adlarina-sirket-acilib-yarim-milyona-yaxin-vergi-borcu-gelib\/#article","isPartOf":{"@id":"https:\/\/www.meydan.tv\/az\/article\/adlarina-sirket-acilib-yarim-milyona-yaxin-vergi-borcu-gelib\/"},"author":{"name":"roma","@id":"https:\/\/www.meydan.tv\/az\/#\/schema\/person\/8f23e01c4de63326c13c319fb65ee65d"},"headline":"Adlar\u0131na \u015firk\u0259t a\u00e7\u0131l\u0131b, yar\u0131m milyona yax\u0131n vergi borcu g\u0259lib","datePublished":"2022-04-09T20:06:52+00:00","dateModified":"2022-04-09T20:06:54+00:00","mainEntityOfPage":{"@id":"https:\/\/www.meydan.tv\/az\/article\/adlarina-sirket-acilib-yarim-milyona-yaxin-vergi-borcu-gelib\/"},"wordCount":458,"publisher":{"@id":"https:\/\/www.meydan.tv\/az\/#organization"},"image":{"@id":"https:\/\/www.meydan.tv\/az\/article\/adlarina-sirket-acilib-yarim-milyona-yaxin-vergi-borcu-gelib\/#primaryimage"},"thumbnailUrl":"https:\/\/www.meydan.tv\/wp-content\/uploads\/photo_2022-04-09-21.57.02.jpeg","articleSection":["Reportaj","Video"],"inLanguage":"az"},{"@type":"WebPage","@id":"https:\/\/www.meydan.tv\/az\/article\/adlarina-sirket-acilib-yarim-milyona-yaxin-vergi-borcu-gelib\/","url":"https:\/\/www.meydan.tv\/az\/article\/adlarina-sirket-acilib-yarim-milyona-yaxin-vergi-borcu-gelib\/","name":"Adlar\u0131na \u015firk\u0259t a\u00e7\u0131l\u0131b, yar\u0131m milyona yax\u0131n vergi borcu g\u0259lib - MEYDAN.TV","isPartOf":{"@id":"https:\/\/www.meydan.tv\/az\/#website"},"primaryImageOfPage":{"@id":"https:\/\/www.meydan.tv\/az\/article\/adlarina-sirket-acilib-yarim-milyona-yaxin-vergi-borcu-gelib\/#primaryimage"},"image":{"@id":"https:\/\/www.meydan.tv\/az\/article\/adlarina-sirket-acilib-yarim-milyona-yaxin-vergi-borcu-gelib\/#primaryimage"},"thumbnailUrl":"https:\/\/www.meydan.tv\/wp-content\/uploads\/photo_2022-04-09-21.57.02.jpeg","datePublished":"2022-04-09T20:06:52+00:00","dateModified":"2022-04-09T20:06:54+00:00","breadcrumb":{"@id":"https:\/\/www.meydan.tv\/az\/article\/adlarina-sirket-acilib-yarim-milyona-yaxin-vergi-borcu-gelib\/#breadcrumb"},"inLanguage":"az","potentialAction":[{"@type":"ReadAction","target":["https:\/\/www.meydan.tv\/az\/article\/adlarina-sirket-acilib-yarim-milyona-yaxin-vergi-borcu-gelib\/"]}]},{"@type":"ImageObject","inLanguage":"az","@id":"https:\/\/www.meydan.tv\/az\/article\/adlarina-sirket-acilib-yarim-milyona-yaxin-vergi-borcu-gelib\/#primaryimage","url":"https:\/\/www.meydan.tv\/wp-content\/uploads\/photo_2022-04-09-21.57.02.jpeg","contentUrl":"https:\/\/www.meydan.tv\/wp-content\/uploads\/photo_2022-04-09-21.57.02.jpeg","width":944,"height":532},{"@type":"BreadcrumbList","@id":"https:\/\/www.meydan.tv\/az\/article\/adlarina-sirket-acilib-yarim-milyona-yaxin-vergi-borcu-gelib\/#breadcrumb","itemListElement":[{"@type":"ListItem","position":1,"name":"Ana s\u0259hif\u0259","item":"https:\/\/www.meydan.tv\/az\/"},{"@type":"ListItem","position":2,"name":"Video","item":"https:\/\/www.meydan.tv\/az\/section\/video-2\/"},{"@type":"ListItem","position":3,"name":"Adlar\u0131na \u015firk\u0259t a\u00e7\u0131l\u0131b, yar\u0131m milyona yax\u0131n vergi borcu g\u0259lib"}]},{"@type":"WebSite","@id":"https:\/\/www.meydan.tv\/az\/#website","url":"https:\/\/www.meydan.tv\/az\/","name":"MEYDAN.TV","description":"Meydan TV Az\u0259rbaycan\u0131n media m\u0259kan\u0131ndak\u0131 alternativ s\u0259sidir","publisher":{"@id":"https:\/\/www.meydan.tv\/az\/#organization"},"potentialAction":[{"@type":"SearchAction","target":{"@type":"EntryPoint","urlTemplate":"https:\/\/www.meydan.tv\/az\/?s={search_term_string}"},"query-input":{"@type":"PropertyValueSpecification","valueRequired":true,"valueName":"search_term_string"}}],"inLanguage":"az"},{"@type":"Organization","@id":"https:\/\/www.meydan.tv\/az\/#organization","name":"Meydan TV","url":"https:\/\/www.meydan.tv\/az\/","logo":{"@type":"ImageObject","inLanguage":"az","@id":"https:\/\/www.meydan.tv\/az\/#\/schema\/logo\/image\/","url":"https:\/\/www.meydan.tv\/wp-content\/uploads\/2021\/07\/meydan-logo.svg","contentUrl":"https:\/\/www.meydan.tv\/wp-content\/uploads\/2021\/07\/meydan-logo.svg","width":195,"height":46,"caption":"Meydan TV"},"image":{"@id":"https:\/\/www.meydan.tv\/az\/#\/schema\/logo\/image\/"}},{"@type":"Person","@id":"https:\/\/www.meydan.tv\/az\/#\/schema\/person\/8f23e01c4de63326c13c319fb65ee65d","name":"roma"}]}},"_links":{"self":[{"href":"https:\/\/www.meydan.tv\/az\/wp-json\/wp\/v2\/posts\/241263","targetHints":{"allow":["GET"]}}],"collection":[{"href":"https:\/\/www.meydan.tv\/az\/wp-json\/wp\/v2\/posts"}],"about":[{"href":"https:\/\/www.meydan.tv\/az\/wp-json\/wp\/v2\/types\/post"}],"author":[{"embeddable":true,"href":"https:\/\/www.meydan.tv\/az\/wp-json\/wp\/v2\/users\/14"}],"replies":[{"embeddable":true,"href":"https:\/\/www.meydan.tv\/az\/wp-json\/wp\/v2\/comments?post=241263"}],"version-history":[{"count":1,"href":"https:\/\/www.meydan.tv\/az\/wp-json\/wp\/v2\/posts\/241263\/revisions"}],"predecessor-version":[{"id":241267,"href":"https:\/\/www.meydan.tv\/az\/wp-json\/wp\/v2\/posts\/241263\/revisions\/241267"}],"wp:featuredmedia":[{"embeddable":true,"href":"https:\/\/www.meydan.tv\/az\/wp-json\/wp\/v2\/media\/241264"}],"wp:attachment":[{"href":"https:\/\/www.meydan.tv\/az\/wp-json\/wp\/v2\/media?parent=241263"}],"wp:term":[{"taxonomy":"category","embeddable":true,"href":"https:\/\/www.meydan.tv\/az\/wp-json\/wp\/v2\/categories?post=241263"},{"taxonomy":"post_tag","embeddable":true,"href":"https:\/\/www.meydan.tv\/az\/wp-json\/wp\/v2\/tags?post=241263"}],"curies":[{"name":"wp","href":"https:\/\/api.w.org\/{rel}","templated":true}]}}