{"id":241226,"date":"2022-04-09T19:34:00","date_gmt":"2022-04-09T15:34:00","guid":{"rendered":"https:\/\/www.meydan.tv\/?p=241226"},"modified":"2022-04-09T19:34:05","modified_gmt":"2022-04-09T15:34:05","slug":"meyart-kohne-baki-firca-yaddasinda","status":"publish","type":"post","link":"https:\/\/www.meydan.tv\/az\/article\/meyart-kohne-baki-firca-yaddasinda\/","title":{"rendered":"MeyArt: K\u00f6hn\u0259 Bak\u0131 f\u0131r\u00e7a yadda\u015f\u0131nda"},"content":{"rendered":"\n<figure class=\"wp-block-embed is-type-video is-provider-youtube wp-block-embed-youtube wp-embed-aspect-16-9 wp-has-aspect-ratio\"><div class=\"wp-block-embed__wrapper\">\n<iframe title=\"MeyArt: K\u00f6hn\u0259 Bak\u0131 f\u0131r\u00e7a yadda\u015f\u0131nda\" width=\"1200\" height=\"675\" data-src=\"https:\/\/www.youtube.com\/embed\/TU6ODeugyUY?feature=oembed\" frameborder=\"0\" allow=\"accelerometer; autoplay; clipboard-write; encrypted-media; gyroscope; picture-in-picture\" allowfullscreen src=\"data:image\/svg+xml;base64,PHN2ZyB3aWR0aD0iMSIgaGVpZ2h0PSIxIiB4bWxucz0iaHR0cDovL3d3dy53My5vcmcvMjAwMC9zdmciPjwvc3ZnPg==\" class=\"lazyload\" data-load-mode=\"1\"><\/iframe>\n<\/div><\/figure>\n\n\n\n<!--more-->\n\n\n\n<p>H\u0259l\u0259 k\u00fc\u00e7\u0259l\u0259r\u0259 m\u0259rm\u0259rl\u0259r d\u00f6\u015f\u0259nm\u0259yib, ba\u015f\u0131m\u0131z\u0131 g\u00f6y\u0259 qald\u0131randa s\u0259maya uzanan g\u00f6yd\u0259l\u0259nl\u0259r yoxdu, ensiz k\u00fc\u00e7\u0259l\u0259r ma\u015f\u0131n dayanacaqlar\u0131na \u00e7evrilmir, n\u0259 u\u011fultu var, n\u0259 d\u0259 t\u0131xac. K\u00f6hn\u0259 Bak\u0131 r\u0259ssam Rauf Can\u0131b\u0259yovun f\u0131r\u00e7as\u0131ndan ka\u011f\u0131za k\u00f6\u00e7\u00fcr\u00fcl\u00fcb. \u0130xtisasca h\u0259kim olan Rauf Can\u0131b\u0259yov aprelin 8-d\u0259 Tarix muzeyind\u0259 20-ci \u0259srin Bak\u0131s\u0131n\u0131n ruhunu \u0259ks etdir\u0259n s\u0259rgi t\u0259\u015fkil edib.&nbsp;<\/p>\n\n\n\n<p>\u201cGrammy\u201d m\u00fckafat\u0131n\u0131n qalibl\u0259ri elan olunub.\u201cSilc Sonic\u201d rep dueti ifa edil\u0259n \u201cLeave The Door Open\u201d kompozisiyas\u0131 &#8220;\u0130lin mahn\u0131s\u0131&#8221; nominasiyas\u0131 \u00fczr\u0259 n\u00fcfuzlu \u201cGrammy\u201d musiqi m\u00fckafat\u0131na layiq g\u00f6r\u00fcl\u00fcb.<\/p>\n\n\n\n<p>\u018fn yax\u015f\u0131 \u201cpop albom\u201d m\u00fckafat\u0131na Ledi Qaqa v\u0259 Toni Bennetin \u201c Love for Sale\u201d mahn\u0131s\u0131 layiq g\u00f6r\u00fcl\u00fcb.<\/p>\n\n\n\n<p>Ukrayna prezidenti Zelenski d\u0259 Grammy m\u0259rasimind\u0259 videom\u00fcraci\u0259t edib. O h\u0259r k\u0259si Ukraynada ya\u015fananlara s\u0259ssiz qalmama\u011fa \u00e7a\u011f\u0131r\u0131b.<\/p>\n\n\n\n<p>B\u00f6y\u00fck Britaniyan\u0131n \u201cPink Floyd\u201d qrupu Ukraynaya h\u0259rbi m\u00fcdaxil\u0259y\u0259 etiraz \u0259lam\u0259ti olaraq yeni kompozisiya t\u0259qdim edib. Musiqi Ukraynal\u0131 musiqi\u00e7i&nbsp; Andriy Xlivnyukun ifas\u0131 il\u0259 birg\u0259 haz\u0131rlan\u0131b.<\/p>\n\n\n\n<p>Rusiyada da populyar olan Bumboks qrupunun \u00fczv\u00fc Rusiya Ukraynan\u0131 i\u015f\u011fala ba\u015flayanda AB\u015e turunu yar\u0131da qoyub, \u0259lin\u0259 silah al\u0131b d\u00f6y\u00fc\u015fm\u0259y\u0259 getdi. 3 g\u00fcn sonra, o, Intsagram hesab\u0131nda Ukraynada m\u0259\u015fhur The Red Vibirnum in the Meadow mahn\u0131s\u0131 oxudu. Mahn\u0131 s\u00f6zl\u0259rind\u0259 Ukrayna k\u0259d\u0259rli, \u0259yilmi\u015f \u00e7i\u00e7\u0259k kimi t\u0259svir edilir, onun yenid\u0259n dir\u00e7\u0259l\u0259c\u0259yin\u0259 \u00fcmid ifad\u0259 edilir.<\/p>\n\n\n\n<p>Qrup \u00fczvl\u0259ri bildiribl\u0259r ki, sat\u0131\u015fdan \u0259ld\u0259 olunan g\u0259lirl\u0259ri Ukraynaya humanitar yard\u0131m ed\u0259c\u0259kl\u0259r.<\/p>\n\n\n\n<p>Mayda T\u00fcrk m\u00fc\u011f\u0259nnil\u0259rinin Bak\u0131ya s\u0259f\u0259ri planla\u015fd\u0131r\u0131l\u0131r. May 1-d\u0259 T\u00fcrkiy\u0259nin m\u0259\u015fhur rok qrupu \u201cDuman\u201d Bak\u0131 Konqres M\u0259rk\u0259zind\u0259 konsert ver\u0259c\u0259k. Biletl\u0259r 15-190 manat aras\u0131nda d\u0259yi\u015fir. Edisin konserti 2 g\u00fcn- may\u0131n 7 v\u0259 8si davam ed\u0259c\u0259k. 14 mayda is\u0259 m\u0259\u015fhur musiqi\u00e7i Faz\u0131l Say Heyd\u0259r \u018fliyev saray\u0131nda s\u0259hn\u0259 alacaq. Eyni tarixd\u0259&nbsp; Bak\u0131 Konqres M\u0259rk\u0259zind\u0259 Sibelcan da \u00e7\u0131x\u0131\u015f ed\u0259c\u0259k. 22 mayda is\u0259 T\u00fcrkiy\u0259d\u0259 f\u0259aliyy\u0259t g\u00f6st\u0259r\u0259n \u201cNo Land\u201d qrupu Az\u0259rbaycan tama\u015fa\u00e7\u0131lar\u0131 \u00fc\u00e7\u00fcn ifa ed\u0259c\u0259k.<\/p>\n","protected":false},"excerpt":{"rendered":"","protected":false},"author":14,"featured_media":241237,"comment_status":"closed","ping_status":"closed","sticky":false,"template":"","format":"standard","meta":{"_acf_changed":false,"_sitemap_exclude":false,"_sitemap_priority":"","_sitemap_frequency":"","footnotes":""},"categories":[52,63],"tags":[],"class_list":["post-241226","post","type-post","status-publish","format-standard","has-post-thumbnail","hentry","category-medeniyyet","category-video-2","infinite-scroll-item","generate-columns","tablet-grid-50","mobile-grid-100","grid-parent","grid-33","no-featured-image-padding"],"acf":[],"yoast_head":"<!-- This site is optimized with the Yoast SEO plugin v27.5 - https:\/\/yoast.com\/product\/yoast-seo-wordpress\/ -->\n<title>MeyArt: K\u00f6hn\u0259 Bak\u0131 f\u0131r\u00e7a yadda\u015f\u0131nda - MEYDAN.TV<\/title>\n<meta name=\"robots\" content=\"index, follow, max-snippet:-1, max-image-preview:large, max-video-preview:-1\" \/>\n<link rel=\"canonical\" href=\"https:\/\/www.meydan.tv\/az\/article\/meyart-kohne-baki-firca-yaddasinda\/\" \/>\n<meta property=\"og:locale\" content=\"az_AZ\" \/>\n<meta property=\"og:type\" content=\"article\" \/>\n<meta property=\"og:title\" content=\"MeyArt: K\u00f6hn\u0259 Bak\u0131 f\u0131r\u00e7a yadda\u015f\u0131nda - MEYDAN.TV\" \/>\n<meta property=\"og:url\" content=\"https:\/\/www.meydan.tv\/az\/article\/meyart-kohne-baki-firca-yaddasinda\/\" \/>\n<meta property=\"og:site_name\" content=\"MEYDAN.TV\" \/>\n<meta property=\"article:published_time\" content=\"2022-04-09T15:34:00+00:00\" \/>\n<meta property=\"article:modified_time\" content=\"2022-04-09T15:34:05+00:00\" \/>\n<meta property=\"og:image\" content=\"https:\/\/www.meydan.tv\/wp-content\/uploads\/screenshot-at-apr-09-17-08-29.png\" \/>\n\t<meta property=\"og:image:width\" content=\"1436\" \/>\n\t<meta property=\"og:image:height\" content=\"800\" \/>\n\t<meta property=\"og:image:type\" content=\"image\/png\" \/>\n<meta name=\"author\" content=\"roma\" \/>\n<meta name=\"twitter:card\" content=\"summary_large_image\" \/>\n<script type=\"application\/ld+json\" class=\"yoast-schema-graph\">{\"@context\":\"https:\\\/\\\/schema.org\",\"@graph\":[{\"@type\":\"Article\",\"@id\":\"https:\\\/\\\/www.meydan.tv\\\/az\\\/article\\\/meyart-kohne-baki-firca-yaddasinda\\\/#article\",\"isPartOf\":{\"@id\":\"https:\\\/\\\/www.meydan.tv\\\/az\\\/article\\\/meyart-kohne-baki-firca-yaddasinda\\\/\"},\"author\":{\"name\":\"roma\",\"@id\":\"https:\\\/\\\/www.meydan.tv\\\/az\\\/#\\\/schema\\\/person\\\/8f23e01c4de63326c13c319fb65ee65d\"},\"headline\":\"MeyArt: K\u00f6hn\u0259 Bak\u0131 f\u0131r\u00e7a yadda\u015f\u0131nda\",\"datePublished\":\"2022-04-09T15:34:00+00:00\",\"dateModified\":\"2022-04-09T15:34:05+00:00\",\"mainEntityOfPage\":{\"@id\":\"https:\\\/\\\/www.meydan.tv\\\/az\\\/article\\\/meyart-kohne-baki-firca-yaddasinda\\\/\"},\"wordCount\":432,\"publisher\":{\"@id\":\"https:\\\/\\\/www.meydan.tv\\\/az\\\/#organization\"},\"image\":{\"@id\":\"https:\\\/\\\/www.meydan.tv\\\/az\\\/article\\\/meyart-kohne-baki-firca-yaddasinda\\\/#primaryimage\"},\"thumbnailUrl\":\"https:\\\/\\\/www.meydan.tv\\\/wp-content\\\/uploads\\\/screenshot-at-apr-09-17-08-29.png\",\"articleSection\":[\"M\u0259d\u0259niyy\u0259t\",\"Video\"],\"inLanguage\":\"az\"},{\"@type\":\"WebPage\",\"@id\":\"https:\\\/\\\/www.meydan.tv\\\/az\\\/article\\\/meyart-kohne-baki-firca-yaddasinda\\\/\",\"url\":\"https:\\\/\\\/www.meydan.tv\\\/az\\\/article\\\/meyart-kohne-baki-firca-yaddasinda\\\/\",\"name\":\"MeyArt: K\u00f6hn\u0259 Bak\u0131 f\u0131r\u00e7a yadda\u015f\u0131nda - MEYDAN.TV\",\"isPartOf\":{\"@id\":\"https:\\\/\\\/www.meydan.tv\\\/az\\\/#website\"},\"primaryImageOfPage\":{\"@id\":\"https:\\\/\\\/www.meydan.tv\\\/az\\\/article\\\/meyart-kohne-baki-firca-yaddasinda\\\/#primaryimage\"},\"image\":{\"@id\":\"https:\\\/\\\/www.meydan.tv\\\/az\\\/article\\\/meyart-kohne-baki-firca-yaddasinda\\\/#primaryimage\"},\"thumbnailUrl\":\"https:\\\/\\\/www.meydan.tv\\\/wp-content\\\/uploads\\\/screenshot-at-apr-09-17-08-29.png\",\"datePublished\":\"2022-04-09T15:34:00+00:00\",\"dateModified\":\"2022-04-09T15:34:05+00:00\",\"breadcrumb\":{\"@id\":\"https:\\\/\\\/www.meydan.tv\\\/az\\\/article\\\/meyart-kohne-baki-firca-yaddasinda\\\/#breadcrumb\"},\"inLanguage\":\"az\",\"potentialAction\":[{\"@type\":\"ReadAction\",\"target\":[\"https:\\\/\\\/www.meydan.tv\\\/az\\\/article\\\/meyart-kohne-baki-firca-yaddasinda\\\/\"]}]},{\"@type\":\"ImageObject\",\"inLanguage\":\"az\",\"@id\":\"https:\\\/\\\/www.meydan.tv\\\/az\\\/article\\\/meyart-kohne-baki-firca-yaddasinda\\\/#primaryimage\",\"url\":\"https:\\\/\\\/www.meydan.tv\\\/wp-content\\\/uploads\\\/screenshot-at-apr-09-17-08-29.png\",\"contentUrl\":\"https:\\\/\\\/www.meydan.tv\\\/wp-content\\\/uploads\\\/screenshot-at-apr-09-17-08-29.png\",\"width\":1436,\"height\":800},{\"@type\":\"BreadcrumbList\",\"@id\":\"https:\\\/\\\/www.meydan.tv\\\/az\\\/article\\\/meyart-kohne-baki-firca-yaddasinda\\\/#breadcrumb\",\"itemListElement\":[{\"@type\":\"ListItem\",\"position\":1,\"name\":\"Ana s\u0259hif\u0259\",\"item\":\"https:\\\/\\\/www.meydan.tv\\\/az\\\/\"},{\"@type\":\"ListItem\",\"position\":2,\"name\":\"M\u0259d\u0259niyy\u0259t\",\"item\":\"https:\\\/\\\/www.meydan.tv\\\/az\\\/section\\\/medeniyyet\\\/\"},{\"@type\":\"ListItem\",\"position\":3,\"name\":\"MeyArt: K\u00f6hn\u0259 Bak\u0131 f\u0131r\u00e7a yadda\u015f\u0131nda\"}]},{\"@type\":\"WebSite\",\"@id\":\"https:\\\/\\\/www.meydan.tv\\\/az\\\/#website\",\"url\":\"https:\\\/\\\/www.meydan.tv\\\/az\\\/\",\"name\":\"MEYDAN.TV\",\"description\":\"Meydan TV Az\u0259rbaycan\u0131n media m\u0259kan\u0131ndak\u0131 alternativ s\u0259sidir\",\"publisher\":{\"@id\":\"https:\\\/\\\/www.meydan.tv\\\/az\\\/#organization\"},\"potentialAction\":[{\"@type\":\"SearchAction\",\"target\":{\"@type\":\"EntryPoint\",\"urlTemplate\":\"https:\\\/\\\/www.meydan.tv\\\/az\\\/?s={search_term_string}\"},\"query-input\":{\"@type\":\"PropertyValueSpecification\",\"valueRequired\":true,\"valueName\":\"search_term_string\"}}],\"inLanguage\":\"az\"},{\"@type\":\"Organization\",\"@id\":\"https:\\\/\\\/www.meydan.tv\\\/az\\\/#organization\",\"name\":\"Meydan TV\",\"url\":\"https:\\\/\\\/www.meydan.tv\\\/az\\\/\",\"logo\":{\"@type\":\"ImageObject\",\"inLanguage\":\"az\",\"@id\":\"https:\\\/\\\/www.meydan.tv\\\/az\\\/#\\\/schema\\\/logo\\\/image\\\/\",\"url\":\"https:\\\/\\\/www.meydan.tv\\\/wp-content\\\/uploads\\\/2021\\\/07\\\/meydan-logo.svg\",\"contentUrl\":\"https:\\\/\\\/www.meydan.tv\\\/wp-content\\\/uploads\\\/2021\\\/07\\\/meydan-logo.svg\",\"width\":195,\"height\":46,\"caption\":\"Meydan TV\"},\"image\":{\"@id\":\"https:\\\/\\\/www.meydan.tv\\\/az\\\/#\\\/schema\\\/logo\\\/image\\\/\"}},{\"@type\":\"Person\",\"@id\":\"https:\\\/\\\/www.meydan.tv\\\/az\\\/#\\\/schema\\\/person\\\/8f23e01c4de63326c13c319fb65ee65d\",\"name\":\"roma\"}]}<\/script>\n<!-- \/ Yoast SEO plugin. -->","yoast_head_json":{"title":"MeyArt: K\u00f6hn\u0259 Bak\u0131 f\u0131r\u00e7a yadda\u015f\u0131nda - MEYDAN.TV","robots":{"index":"index","follow":"follow","max-snippet":"max-snippet:-1","max-image-preview":"max-image-preview:large","max-video-preview":"max-video-preview:-1"},"canonical":"https:\/\/www.meydan.tv\/az\/article\/meyart-kohne-baki-firca-yaddasinda\/","og_locale":"az_AZ","og_type":"article","og_title":"MeyArt: K\u00f6hn\u0259 Bak\u0131 f\u0131r\u00e7a yadda\u015f\u0131nda - MEYDAN.TV","og_url":"https:\/\/www.meydan.tv\/az\/article\/meyart-kohne-baki-firca-yaddasinda\/","og_site_name":"MEYDAN.TV","article_published_time":"2022-04-09T15:34:00+00:00","article_modified_time":"2022-04-09T15:34:05+00:00","og_image":[{"width":1436,"height":800,"url":"https:\/\/www.meydan.tv\/wp-content\/uploads\/screenshot-at-apr-09-17-08-29.png","type":"image\/png"}],"author":"roma","twitter_card":"summary_large_image","schema":{"@context":"https:\/\/schema.org","@graph":[{"@type":"Article","@id":"https:\/\/www.meydan.tv\/az\/article\/meyart-kohne-baki-firca-yaddasinda\/#article","isPartOf":{"@id":"https:\/\/www.meydan.tv\/az\/article\/meyart-kohne-baki-firca-yaddasinda\/"},"author":{"name":"roma","@id":"https:\/\/www.meydan.tv\/az\/#\/schema\/person\/8f23e01c4de63326c13c319fb65ee65d"},"headline":"MeyArt: K\u00f6hn\u0259 Bak\u0131 f\u0131r\u00e7a yadda\u015f\u0131nda","datePublished":"2022-04-09T15:34:00+00:00","dateModified":"2022-04-09T15:34:05+00:00","mainEntityOfPage":{"@id":"https:\/\/www.meydan.tv\/az\/article\/meyart-kohne-baki-firca-yaddasinda\/"},"wordCount":432,"publisher":{"@id":"https:\/\/www.meydan.tv\/az\/#organization"},"image":{"@id":"https:\/\/www.meydan.tv\/az\/article\/meyart-kohne-baki-firca-yaddasinda\/#primaryimage"},"thumbnailUrl":"https:\/\/www.meydan.tv\/wp-content\/uploads\/screenshot-at-apr-09-17-08-29.png","articleSection":["M\u0259d\u0259niyy\u0259t","Video"],"inLanguage":"az"},{"@type":"WebPage","@id":"https:\/\/www.meydan.tv\/az\/article\/meyart-kohne-baki-firca-yaddasinda\/","url":"https:\/\/www.meydan.tv\/az\/article\/meyart-kohne-baki-firca-yaddasinda\/","name":"MeyArt: K\u00f6hn\u0259 Bak\u0131 f\u0131r\u00e7a yadda\u015f\u0131nda - MEYDAN.TV","isPartOf":{"@id":"https:\/\/www.meydan.tv\/az\/#website"},"primaryImageOfPage":{"@id":"https:\/\/www.meydan.tv\/az\/article\/meyart-kohne-baki-firca-yaddasinda\/#primaryimage"},"image":{"@id":"https:\/\/www.meydan.tv\/az\/article\/meyart-kohne-baki-firca-yaddasinda\/#primaryimage"},"thumbnailUrl":"https:\/\/www.meydan.tv\/wp-content\/uploads\/screenshot-at-apr-09-17-08-29.png","datePublished":"2022-04-09T15:34:00+00:00","dateModified":"2022-04-09T15:34:05+00:00","breadcrumb":{"@id":"https:\/\/www.meydan.tv\/az\/article\/meyart-kohne-baki-firca-yaddasinda\/#breadcrumb"},"inLanguage":"az","potentialAction":[{"@type":"ReadAction","target":["https:\/\/www.meydan.tv\/az\/article\/meyart-kohne-baki-firca-yaddasinda\/"]}]},{"@type":"ImageObject","inLanguage":"az","@id":"https:\/\/www.meydan.tv\/az\/article\/meyart-kohne-baki-firca-yaddasinda\/#primaryimage","url":"https:\/\/www.meydan.tv\/wp-content\/uploads\/screenshot-at-apr-09-17-08-29.png","contentUrl":"https:\/\/www.meydan.tv\/wp-content\/uploads\/screenshot-at-apr-09-17-08-29.png","width":1436,"height":800},{"@type":"BreadcrumbList","@id":"https:\/\/www.meydan.tv\/az\/article\/meyart-kohne-baki-firca-yaddasinda\/#breadcrumb","itemListElement":[{"@type":"ListItem","position":1,"name":"Ana s\u0259hif\u0259","item":"https:\/\/www.meydan.tv\/az\/"},{"@type":"ListItem","position":2,"name":"M\u0259d\u0259niyy\u0259t","item":"https:\/\/www.meydan.tv\/az\/section\/medeniyyet\/"},{"@type":"ListItem","position":3,"name":"MeyArt: K\u00f6hn\u0259 Bak\u0131 f\u0131r\u00e7a yadda\u015f\u0131nda"}]},{"@type":"WebSite","@id":"https:\/\/www.meydan.tv\/az\/#website","url":"https:\/\/www.meydan.tv\/az\/","name":"MEYDAN.TV","description":"Meydan TV Az\u0259rbaycan\u0131n media m\u0259kan\u0131ndak\u0131 alternativ s\u0259sidir","publisher":{"@id":"https:\/\/www.meydan.tv\/az\/#organization"},"potentialAction":[{"@type":"SearchAction","target":{"@type":"EntryPoint","urlTemplate":"https:\/\/www.meydan.tv\/az\/?s={search_term_string}"},"query-input":{"@type":"PropertyValueSpecification","valueRequired":true,"valueName":"search_term_string"}}],"inLanguage":"az"},{"@type":"Organization","@id":"https:\/\/www.meydan.tv\/az\/#organization","name":"Meydan TV","url":"https:\/\/www.meydan.tv\/az\/","logo":{"@type":"ImageObject","inLanguage":"az","@id":"https:\/\/www.meydan.tv\/az\/#\/schema\/logo\/image\/","url":"https:\/\/www.meydan.tv\/wp-content\/uploads\/2021\/07\/meydan-logo.svg","contentUrl":"https:\/\/www.meydan.tv\/wp-content\/uploads\/2021\/07\/meydan-logo.svg","width":195,"height":46,"caption":"Meydan TV"},"image":{"@id":"https:\/\/www.meydan.tv\/az\/#\/schema\/logo\/image\/"}},{"@type":"Person","@id":"https:\/\/www.meydan.tv\/az\/#\/schema\/person\/8f23e01c4de63326c13c319fb65ee65d","name":"roma"}]}},"_links":{"self":[{"href":"https:\/\/www.meydan.tv\/az\/wp-json\/wp\/v2\/posts\/241226","targetHints":{"allow":["GET"]}}],"collection":[{"href":"https:\/\/www.meydan.tv\/az\/wp-json\/wp\/v2\/posts"}],"about":[{"href":"https:\/\/www.meydan.tv\/az\/wp-json\/wp\/v2\/types\/post"}],"author":[{"embeddable":true,"href":"https:\/\/www.meydan.tv\/az\/wp-json\/wp\/v2\/users\/14"}],"replies":[{"embeddable":true,"href":"https:\/\/www.meydan.tv\/az\/wp-json\/wp\/v2\/comments?post=241226"}],"version-history":[{"count":1,"href":"https:\/\/www.meydan.tv\/az\/wp-json\/wp\/v2\/posts\/241226\/revisions"}],"predecessor-version":[{"id":241240,"href":"https:\/\/www.meydan.tv\/az\/wp-json\/wp\/v2\/posts\/241226\/revisions\/241240"}],"wp:featuredmedia":[{"embeddable":true,"href":"https:\/\/www.meydan.tv\/az\/wp-json\/wp\/v2\/media\/241237"}],"wp:attachment":[{"href":"https:\/\/www.meydan.tv\/az\/wp-json\/wp\/v2\/media?parent=241226"}],"wp:term":[{"taxonomy":"category","embeddable":true,"href":"https:\/\/www.meydan.tv\/az\/wp-json\/wp\/v2\/categories?post=241226"},{"taxonomy":"post_tag","embeddable":true,"href":"https:\/\/www.meydan.tv\/az\/wp-json\/wp\/v2\/tags?post=241226"}],"curies":[{"name":"wp","href":"https:\/\/api.w.org\/{rel}","templated":true}]}}