{"id":241184,"date":"2022-04-08T19:35:28","date_gmt":"2022-04-08T15:35:28","guid":{"rendered":"https:\/\/www.meydan.tv\/?p=241184"},"modified":"2022-04-08T19:35:29","modified_gmt":"2022-04-08T15:35:29","slug":"menziline-koce-bilmeyib-sehid-olanlar-var-aaaf-parkdan-sikayet","status":"publish","type":"post","link":"https:\/\/www.meydan.tv\/az\/article\/menziline-koce-bilmeyib-sehid-olanlar-var-aaaf-parkdan-sikayet\/","title":{"rendered":"&#8220;M\u0259nzilin\u0259 k\u00f6\u00e7\u0259 bilm\u0259yib \u015f\u0259hid olanlar var&#8221; &#8211; AAAF Parkdan \u015fikay\u0259t"},"content":{"rendered":"\n<figure class=\"wp-block-embed is-type-video is-provider-youtube wp-block-embed-youtube wp-embed-aspect-16-9 wp-has-aspect-ratio\"><div class=\"wp-block-embed__wrapper\">\n<iframe title=\"&quot;M\u0259nzilin\u0259 k\u00f6\u00e7\u0259 bilm\u0259yib \u015f\u0259hid olanlar var&quot; - AAAF Parkdan \u015fikay\u0259t\" width=\"1200\" height=\"675\" data-src=\"https:\/\/www.youtube.com\/embed\/78FYm-HU23E?feature=oembed\" frameborder=\"0\" allow=\"accelerometer; autoplay; clipboard-write; encrypted-media; gyroscope; picture-in-picture\" allowfullscreen src=\"data:image\/svg+xml;base64,PHN2ZyB3aWR0aD0iMSIgaGVpZ2h0PSIxIiB4bWxucz0iaHR0cDovL3d3dy53My5vcmcvMjAwMC9zdmciPjwvc3ZnPg==\" class=\"lazyload\" data-load-mode=\"1\"><\/iframe>\n<\/div><\/figure>\n\n\n\n<!--more-->\n\n\n\n<p>AAAF park Ya\u015fay\u0131\u015f Kompleksind\u0259n m\u0259nzil al\u0131b, evsiz qalanlar Ab\u015feron rayon \u0130cra Hakimiyy\u0259tin\u0259 \u015fikay\u0259t\u0259 g\u0259lib. 22 bina, 2200-\u0259 yax\u0131n m\u0259nzil 8 il\u0259 yax\u0131nd\u0131r t\u0259hvil verilmir.&nbsp;<\/p>\n\n\n\n<p>\u015eikay\u0259t\u0259 g\u0259l\u0259nl\u0259ri q\u0259bul ed\u0259n Ab\u015feron rayon \u0130cra Hakimiyy\u0259tinin ba\u015f\u00e7\u0131s\u0131 Abdin F\u0259rz\u0259liyev pay\u00e7\u0131larla \u015firk\u0259tin sahibi Tofiq Heyd\u0259rov aras\u0131nda g\u00f6r\u00fc\u015f t\u0259\u015fkil ed\u0259c\u0259yini v\u0259d edib.<\/p>\n\n\n\n<p>Vergil\u0259r Nazirliyinin m\u0259lumat\u0131na g\u00f6r\u0259, \u015firk\u0259tin 28 milyon manata yax\u0131n borcu var. Sakinl\u0259r deyir ki, AAAF Park vergi borcuna g\u00f6r\u0259 binalar\u0131 tik\u0259 bilm\u0259diyini iddia edir.&nbsp;<\/p>\n\n\n\n<p>AAAF Park Ya\u015fay\u0131\u015f Kompleksind\u0259n \u015fikay\u0259tl\u0259 ba\u011fl\u0131 cavab ala bilm\u0259dik. R\u0259smi saytlar\u0131ndak\u0131 \u0259laq\u0259 n\u00f6mr\u0259si m\u00f6vcud deyil.<\/p>\n","protected":false},"excerpt":{"rendered":"","protected":false},"author":14,"featured_media":241185,"comment_status":"closed","ping_status":"closed","sticky":false,"template":"","format":"standard","meta":{"_acf_changed":false,"_sitemap_exclude":false,"_sitemap_priority":"","_sitemap_frequency":"","footnotes":""},"categories":[61,63],"tags":[],"class_list":["post-241184","post","type-post","status-publish","format-standard","has-post-thumbnail","hentry","category-reportaj","category-video-2","infinite-scroll-item","generate-columns","tablet-grid-50","mobile-grid-100","grid-parent","grid-33","no-featured-image-padding"],"acf":[],"yoast_head":"<!-- This site is optimized with the Yoast SEO plugin v27.4 - https:\/\/yoast.com\/product\/yoast-seo-wordpress\/ -->\n<title>&quot;M\u0259nzilin\u0259 k\u00f6\u00e7\u0259 bilm\u0259yib \u015f\u0259hid olanlar var&quot; - AAAF Parkdan \u015fikay\u0259t - MEYDAN.TV<\/title>\n<meta name=\"robots\" content=\"index, follow, max-snippet:-1, max-image-preview:large, max-video-preview:-1\" \/>\n<link rel=\"canonical\" href=\"https:\/\/www.meydan.tv\/az\/article\/menziline-koce-bilmeyib-sehid-olanlar-var-aaaf-parkdan-sikayet\/\" \/>\n<meta property=\"og:locale\" content=\"az_AZ\" \/>\n<meta property=\"og:type\" content=\"article\" \/>\n<meta property=\"og:title\" content=\"&quot;M\u0259nzilin\u0259 k\u00f6\u00e7\u0259 bilm\u0259yib \u015f\u0259hid olanlar var&quot; - AAAF Parkdan \u015fikay\u0259t - MEYDAN.TV\" \/>\n<meta property=\"og:url\" content=\"https:\/\/www.meydan.tv\/az\/article\/menziline-koce-bilmeyib-sehid-olanlar-var-aaaf-parkdan-sikayet\/\" \/>\n<meta property=\"og:site_name\" content=\"MEYDAN.TV\" \/>\n<meta property=\"article:published_time\" content=\"2022-04-08T15:35:28+00:00\" \/>\n<meta property=\"article:modified_time\" content=\"2022-04-08T15:35:29+00:00\" \/>\n<meta property=\"og:image\" content=\"https:\/\/www.meydan.tv\/wp-content\/uploads\/screenshot-at-apr-08-15-49-14-768x433.png\" \/>\n\t<meta property=\"og:image:width\" content=\"768\" \/>\n\t<meta property=\"og:image:height\" content=\"433\" \/>\n\t<meta property=\"og:image:type\" content=\"image\/png\" \/>\n<meta name=\"author\" content=\"roma\" \/>\n<meta name=\"twitter:card\" content=\"summary_large_image\" \/>\n<script type=\"application\/ld+json\" class=\"yoast-schema-graph\">{\"@context\":\"https:\\\/\\\/schema.org\",\"@graph\":[{\"@type\":\"Article\",\"@id\":\"https:\\\/\\\/www.meydan.tv\\\/az\\\/article\\\/menziline-koce-bilmeyib-sehid-olanlar-var-aaaf-parkdan-sikayet\\\/#article\",\"isPartOf\":{\"@id\":\"https:\\\/\\\/www.meydan.tv\\\/az\\\/article\\\/menziline-koce-bilmeyib-sehid-olanlar-var-aaaf-parkdan-sikayet\\\/\"},\"author\":{\"name\":\"roma\",\"@id\":\"https:\\\/\\\/www.meydan.tv\\\/az\\\/#\\\/schema\\\/person\\\/8f23e01c4de63326c13c319fb65ee65d\"},\"headline\":\"&#8220;M\u0259nzilin\u0259 k\u00f6\u00e7\u0259 bilm\u0259yib \u015f\u0259hid olanlar var&#8221; &#8211; AAAF Parkdan \u015fikay\u0259t\",\"datePublished\":\"2022-04-08T15:35:28+00:00\",\"dateModified\":\"2022-04-08T15:35:29+00:00\",\"mainEntityOfPage\":{\"@id\":\"https:\\\/\\\/www.meydan.tv\\\/az\\\/article\\\/menziline-koce-bilmeyib-sehid-olanlar-var-aaaf-parkdan-sikayet\\\/\"},\"wordCount\":154,\"publisher\":{\"@id\":\"https:\\\/\\\/www.meydan.tv\\\/az\\\/#organization\"},\"image\":{\"@id\":\"https:\\\/\\\/www.meydan.tv\\\/az\\\/article\\\/menziline-koce-bilmeyib-sehid-olanlar-var-aaaf-parkdan-sikayet\\\/#primaryimage\"},\"thumbnailUrl\":\"https:\\\/\\\/www.meydan.tv\\\/wp-content\\\/uploads\\\/screenshot-at-apr-08-15-49-14.png\",\"articleSection\":[\"Reportaj\",\"Video\"],\"inLanguage\":\"az\"},{\"@type\":\"WebPage\",\"@id\":\"https:\\\/\\\/www.meydan.tv\\\/az\\\/article\\\/menziline-koce-bilmeyib-sehid-olanlar-var-aaaf-parkdan-sikayet\\\/\",\"url\":\"https:\\\/\\\/www.meydan.tv\\\/az\\\/article\\\/menziline-koce-bilmeyib-sehid-olanlar-var-aaaf-parkdan-sikayet\\\/\",\"name\":\"\\\"M\u0259nzilin\u0259 k\u00f6\u00e7\u0259 bilm\u0259yib \u015f\u0259hid olanlar var\\\" - AAAF Parkdan \u015fikay\u0259t - MEYDAN.TV\",\"isPartOf\":{\"@id\":\"https:\\\/\\\/www.meydan.tv\\\/az\\\/#website\"},\"primaryImageOfPage\":{\"@id\":\"https:\\\/\\\/www.meydan.tv\\\/az\\\/article\\\/menziline-koce-bilmeyib-sehid-olanlar-var-aaaf-parkdan-sikayet\\\/#primaryimage\"},\"image\":{\"@id\":\"https:\\\/\\\/www.meydan.tv\\\/az\\\/article\\\/menziline-koce-bilmeyib-sehid-olanlar-var-aaaf-parkdan-sikayet\\\/#primaryimage\"},\"thumbnailUrl\":\"https:\\\/\\\/www.meydan.tv\\\/wp-content\\\/uploads\\\/screenshot-at-apr-08-15-49-14.png\",\"datePublished\":\"2022-04-08T15:35:28+00:00\",\"dateModified\":\"2022-04-08T15:35:29+00:00\",\"breadcrumb\":{\"@id\":\"https:\\\/\\\/www.meydan.tv\\\/az\\\/article\\\/menziline-koce-bilmeyib-sehid-olanlar-var-aaaf-parkdan-sikayet\\\/#breadcrumb\"},\"inLanguage\":\"az\",\"potentialAction\":[{\"@type\":\"ReadAction\",\"target\":[\"https:\\\/\\\/www.meydan.tv\\\/az\\\/article\\\/menziline-koce-bilmeyib-sehid-olanlar-var-aaaf-parkdan-sikayet\\\/\"]}]},{\"@type\":\"ImageObject\",\"inLanguage\":\"az\",\"@id\":\"https:\\\/\\\/www.meydan.tv\\\/az\\\/article\\\/menziline-koce-bilmeyib-sehid-olanlar-var-aaaf-parkdan-sikayet\\\/#primaryimage\",\"url\":\"https:\\\/\\\/www.meydan.tv\\\/wp-content\\\/uploads\\\/screenshot-at-apr-08-15-49-14.png\",\"contentUrl\":\"https:\\\/\\\/www.meydan.tv\\\/wp-content\\\/uploads\\\/screenshot-at-apr-08-15-49-14.png\",\"width\":1184,\"height\":668},{\"@type\":\"BreadcrumbList\",\"@id\":\"https:\\\/\\\/www.meydan.tv\\\/az\\\/article\\\/menziline-koce-bilmeyib-sehid-olanlar-var-aaaf-parkdan-sikayet\\\/#breadcrumb\",\"itemListElement\":[{\"@type\":\"ListItem\",\"position\":1,\"name\":\"Ana s\u0259hif\u0259\",\"item\":\"https:\\\/\\\/www.meydan.tv\\\/az\\\/\"},{\"@type\":\"ListItem\",\"position\":2,\"name\":\"Video\",\"item\":\"https:\\\/\\\/www.meydan.tv\\\/az\\\/section\\\/video-2\\\/\"},{\"@type\":\"ListItem\",\"position\":3,\"name\":\"&#8220;M\u0259nzilin\u0259 k\u00f6\u00e7\u0259 bilm\u0259yib \u015f\u0259hid olanlar var&#8221; &#8211; AAAF Parkdan \u015fikay\u0259t\"}]},{\"@type\":\"WebSite\",\"@id\":\"https:\\\/\\\/www.meydan.tv\\\/az\\\/#website\",\"url\":\"https:\\\/\\\/www.meydan.tv\\\/az\\\/\",\"name\":\"MEYDAN.TV\",\"description\":\"Meydan TV Az\u0259rbaycan\u0131n media m\u0259kan\u0131ndak\u0131 alternativ s\u0259sidir\",\"publisher\":{\"@id\":\"https:\\\/\\\/www.meydan.tv\\\/az\\\/#organization\"},\"potentialAction\":[{\"@type\":\"SearchAction\",\"target\":{\"@type\":\"EntryPoint\",\"urlTemplate\":\"https:\\\/\\\/www.meydan.tv\\\/az\\\/?s={search_term_string}\"},\"query-input\":{\"@type\":\"PropertyValueSpecification\",\"valueRequired\":true,\"valueName\":\"search_term_string\"}}],\"inLanguage\":\"az\"},{\"@type\":\"Organization\",\"@id\":\"https:\\\/\\\/www.meydan.tv\\\/az\\\/#organization\",\"name\":\"Meydan TV\",\"url\":\"https:\\\/\\\/www.meydan.tv\\\/az\\\/\",\"logo\":{\"@type\":\"ImageObject\",\"inLanguage\":\"az\",\"@id\":\"https:\\\/\\\/www.meydan.tv\\\/az\\\/#\\\/schema\\\/logo\\\/image\\\/\",\"url\":\"https:\\\/\\\/www.meydan.tv\\\/wp-content\\\/uploads\\\/2021\\\/07\\\/meydan-logo.svg\",\"contentUrl\":\"https:\\\/\\\/www.meydan.tv\\\/wp-content\\\/uploads\\\/2021\\\/07\\\/meydan-logo.svg\",\"width\":195,\"height\":46,\"caption\":\"Meydan TV\"},\"image\":{\"@id\":\"https:\\\/\\\/www.meydan.tv\\\/az\\\/#\\\/schema\\\/logo\\\/image\\\/\"}},{\"@type\":\"Person\",\"@id\":\"https:\\\/\\\/www.meydan.tv\\\/az\\\/#\\\/schema\\\/person\\\/8f23e01c4de63326c13c319fb65ee65d\",\"name\":\"roma\"}]}<\/script>\n<!-- \/ Yoast SEO plugin. -->","yoast_head_json":{"title":"\"M\u0259nzilin\u0259 k\u00f6\u00e7\u0259 bilm\u0259yib \u015f\u0259hid olanlar var\" - AAAF Parkdan \u015fikay\u0259t - MEYDAN.TV","robots":{"index":"index","follow":"follow","max-snippet":"max-snippet:-1","max-image-preview":"max-image-preview:large","max-video-preview":"max-video-preview:-1"},"canonical":"https:\/\/www.meydan.tv\/az\/article\/menziline-koce-bilmeyib-sehid-olanlar-var-aaaf-parkdan-sikayet\/","og_locale":"az_AZ","og_type":"article","og_title":"\"M\u0259nzilin\u0259 k\u00f6\u00e7\u0259 bilm\u0259yib \u015f\u0259hid olanlar var\" - AAAF Parkdan \u015fikay\u0259t - MEYDAN.TV","og_url":"https:\/\/www.meydan.tv\/az\/article\/menziline-koce-bilmeyib-sehid-olanlar-var-aaaf-parkdan-sikayet\/","og_site_name":"MEYDAN.TV","article_published_time":"2022-04-08T15:35:28+00:00","article_modified_time":"2022-04-08T15:35:29+00:00","og_image":[{"width":768,"height":433,"url":"https:\/\/www.meydan.tv\/wp-content\/uploads\/screenshot-at-apr-08-15-49-14-768x433.png","type":"image\/png"}],"author":"roma","twitter_card":"summary_large_image","schema":{"@context":"https:\/\/schema.org","@graph":[{"@type":"Article","@id":"https:\/\/www.meydan.tv\/az\/article\/menziline-koce-bilmeyib-sehid-olanlar-var-aaaf-parkdan-sikayet\/#article","isPartOf":{"@id":"https:\/\/www.meydan.tv\/az\/article\/menziline-koce-bilmeyib-sehid-olanlar-var-aaaf-parkdan-sikayet\/"},"author":{"name":"roma","@id":"https:\/\/www.meydan.tv\/az\/#\/schema\/person\/8f23e01c4de63326c13c319fb65ee65d"},"headline":"&#8220;M\u0259nzilin\u0259 k\u00f6\u00e7\u0259 bilm\u0259yib \u015f\u0259hid olanlar var&#8221; &#8211; AAAF Parkdan \u015fikay\u0259t","datePublished":"2022-04-08T15:35:28+00:00","dateModified":"2022-04-08T15:35:29+00:00","mainEntityOfPage":{"@id":"https:\/\/www.meydan.tv\/az\/article\/menziline-koce-bilmeyib-sehid-olanlar-var-aaaf-parkdan-sikayet\/"},"wordCount":154,"publisher":{"@id":"https:\/\/www.meydan.tv\/az\/#organization"},"image":{"@id":"https:\/\/www.meydan.tv\/az\/article\/menziline-koce-bilmeyib-sehid-olanlar-var-aaaf-parkdan-sikayet\/#primaryimage"},"thumbnailUrl":"https:\/\/www.meydan.tv\/wp-content\/uploads\/screenshot-at-apr-08-15-49-14.png","articleSection":["Reportaj","Video"],"inLanguage":"az"},{"@type":"WebPage","@id":"https:\/\/www.meydan.tv\/az\/article\/menziline-koce-bilmeyib-sehid-olanlar-var-aaaf-parkdan-sikayet\/","url":"https:\/\/www.meydan.tv\/az\/article\/menziline-koce-bilmeyib-sehid-olanlar-var-aaaf-parkdan-sikayet\/","name":"\"M\u0259nzilin\u0259 k\u00f6\u00e7\u0259 bilm\u0259yib \u015f\u0259hid olanlar var\" - AAAF Parkdan \u015fikay\u0259t - MEYDAN.TV","isPartOf":{"@id":"https:\/\/www.meydan.tv\/az\/#website"},"primaryImageOfPage":{"@id":"https:\/\/www.meydan.tv\/az\/article\/menziline-koce-bilmeyib-sehid-olanlar-var-aaaf-parkdan-sikayet\/#primaryimage"},"image":{"@id":"https:\/\/www.meydan.tv\/az\/article\/menziline-koce-bilmeyib-sehid-olanlar-var-aaaf-parkdan-sikayet\/#primaryimage"},"thumbnailUrl":"https:\/\/www.meydan.tv\/wp-content\/uploads\/screenshot-at-apr-08-15-49-14.png","datePublished":"2022-04-08T15:35:28+00:00","dateModified":"2022-04-08T15:35:29+00:00","breadcrumb":{"@id":"https:\/\/www.meydan.tv\/az\/article\/menziline-koce-bilmeyib-sehid-olanlar-var-aaaf-parkdan-sikayet\/#breadcrumb"},"inLanguage":"az","potentialAction":[{"@type":"ReadAction","target":["https:\/\/www.meydan.tv\/az\/article\/menziline-koce-bilmeyib-sehid-olanlar-var-aaaf-parkdan-sikayet\/"]}]},{"@type":"ImageObject","inLanguage":"az","@id":"https:\/\/www.meydan.tv\/az\/article\/menziline-koce-bilmeyib-sehid-olanlar-var-aaaf-parkdan-sikayet\/#primaryimage","url":"https:\/\/www.meydan.tv\/wp-content\/uploads\/screenshot-at-apr-08-15-49-14.png","contentUrl":"https:\/\/www.meydan.tv\/wp-content\/uploads\/screenshot-at-apr-08-15-49-14.png","width":1184,"height":668},{"@type":"BreadcrumbList","@id":"https:\/\/www.meydan.tv\/az\/article\/menziline-koce-bilmeyib-sehid-olanlar-var-aaaf-parkdan-sikayet\/#breadcrumb","itemListElement":[{"@type":"ListItem","position":1,"name":"Ana s\u0259hif\u0259","item":"https:\/\/www.meydan.tv\/az\/"},{"@type":"ListItem","position":2,"name":"Video","item":"https:\/\/www.meydan.tv\/az\/section\/video-2\/"},{"@type":"ListItem","position":3,"name":"&#8220;M\u0259nzilin\u0259 k\u00f6\u00e7\u0259 bilm\u0259yib \u015f\u0259hid olanlar var&#8221; &#8211; AAAF Parkdan \u015fikay\u0259t"}]},{"@type":"WebSite","@id":"https:\/\/www.meydan.tv\/az\/#website","url":"https:\/\/www.meydan.tv\/az\/","name":"MEYDAN.TV","description":"Meydan TV Az\u0259rbaycan\u0131n media m\u0259kan\u0131ndak\u0131 alternativ s\u0259sidir","publisher":{"@id":"https:\/\/www.meydan.tv\/az\/#organization"},"potentialAction":[{"@type":"SearchAction","target":{"@type":"EntryPoint","urlTemplate":"https:\/\/www.meydan.tv\/az\/?s={search_term_string}"},"query-input":{"@type":"PropertyValueSpecification","valueRequired":true,"valueName":"search_term_string"}}],"inLanguage":"az"},{"@type":"Organization","@id":"https:\/\/www.meydan.tv\/az\/#organization","name":"Meydan TV","url":"https:\/\/www.meydan.tv\/az\/","logo":{"@type":"ImageObject","inLanguage":"az","@id":"https:\/\/www.meydan.tv\/az\/#\/schema\/logo\/image\/","url":"https:\/\/www.meydan.tv\/wp-content\/uploads\/2021\/07\/meydan-logo.svg","contentUrl":"https:\/\/www.meydan.tv\/wp-content\/uploads\/2021\/07\/meydan-logo.svg","width":195,"height":46,"caption":"Meydan TV"},"image":{"@id":"https:\/\/www.meydan.tv\/az\/#\/schema\/logo\/image\/"}},{"@type":"Person","@id":"https:\/\/www.meydan.tv\/az\/#\/schema\/person\/8f23e01c4de63326c13c319fb65ee65d","name":"roma"}]}},"_links":{"self":[{"href":"https:\/\/www.meydan.tv\/az\/wp-json\/wp\/v2\/posts\/241184","targetHints":{"allow":["GET"]}}],"collection":[{"href":"https:\/\/www.meydan.tv\/az\/wp-json\/wp\/v2\/posts"}],"about":[{"href":"https:\/\/www.meydan.tv\/az\/wp-json\/wp\/v2\/types\/post"}],"author":[{"embeddable":true,"href":"https:\/\/www.meydan.tv\/az\/wp-json\/wp\/v2\/users\/14"}],"replies":[{"embeddable":true,"href":"https:\/\/www.meydan.tv\/az\/wp-json\/wp\/v2\/comments?post=241184"}],"version-history":[{"count":1,"href":"https:\/\/www.meydan.tv\/az\/wp-json\/wp\/v2\/posts\/241184\/revisions"}],"predecessor-version":[{"id":241207,"href":"https:\/\/www.meydan.tv\/az\/wp-json\/wp\/v2\/posts\/241184\/revisions\/241207"}],"wp:featuredmedia":[{"embeddable":true,"href":"https:\/\/www.meydan.tv\/az\/wp-json\/wp\/v2\/media\/241185"}],"wp:attachment":[{"href":"https:\/\/www.meydan.tv\/az\/wp-json\/wp\/v2\/media?parent=241184"}],"wp:term":[{"taxonomy":"category","embeddable":true,"href":"https:\/\/www.meydan.tv\/az\/wp-json\/wp\/v2\/categories?post=241184"},{"taxonomy":"post_tag","embeddable":true,"href":"https:\/\/www.meydan.tv\/az\/wp-json\/wp\/v2\/tags?post=241184"}],"curies":[{"name":"wp","href":"https:\/\/api.w.org\/{rel}","templated":true}]}}