{"id":241149,"date":"2022-04-08T15:10:29","date_gmt":"2022-04-08T11:10:29","guid":{"rendered":"https:\/\/www.meydan.tv\/?p=241149"},"modified":"2022-04-08T15:10:31","modified_gmt":"2022-04-08T11:10:31","slug":"ser-putin-milyonlarla-insanin-acligina-gore-mesuliyyet-dasiyir","status":"publish","type":"post","link":"https:\/\/www.meydan.tv\/az\/article\/ser-putin-milyonlarla-insanin-acligina-gore-mesuliyyet-dasiyir\/","title":{"rendered":"\u015eer: &#8220;Putin milyonlarla insan\u0131n acl\u0131\u011f\u0131na g\u00f6r\u0259 m\u0259suliyy\u0259t da\u015f\u0131y\u0131r&#8221;"},"content":{"rendered":"\n<p><\/p>\n\n\n\n<p><em>&#8220;\u00c7\u00fcnki bu il bu\u011fda \u0259kini olmayacaq\u201d<\/em><\/p>\n\n\n\n<p>Amerikal\u0131 m\u00fc\u011f\u0259nni \u015eer Rusiyan\u0131n Ukraynadak\u0131 h\u0259rbi \u0259m\u0259liyyatlar\u0131 il\u0259 ba\u011fl\u0131 fikirl\u0259rini payla\u015f\u0131b.<\/p>\n\n\n\n<p>O, \u201cTwitter\u201d hesab\u0131nda Avropa \u015euras\u0131n\u0131n Xarici \u018flaq\u0259l\u0259r \u00fczr\u0259 analitik m\u0259rk\u0259zinin m\u0259qal\u0259sini <a href=\"https:\/\/twitter.com\/cher\/status\/1511755443235811332?ref_src=twsrc%5Etfw%7Ctwcamp%5Etweetembed%7Ctwterm%5E1511755443235811332%7Ctwgr%5E%7Ctwcon%5Es1_&amp;ref_url=https%3A%2F%2Fwww.wonderzine.com.ua%2Fwonderzine%2Flife%2Fnews%2F10263-putin-uzhe-nese-vidpovidaln\" target=\"_blank\" rel=\"noreferrer noopener\">yerl\u0259\u015fdirib<\/a>.<\/p>\n\n\n\n<p>M\u0259qal\u0259d\u0259 deyilir ki, Q\u0259rbin d\u0259st\u0259yi Ukraynaya rus qo\u015funlar\u0131n\u0131 \u00f6z \u0259razisind\u0259n s\u00fcr\u0259tl\u0259 \u00e7\u0131xarma\u011fa k\u00f6m\u0259k ed\u0259 bil\u0259r.<\/p>\n\n\n\n<p>\u201cXarici \u018flaq\u0259l\u0259r \u00fczr\u0259 Avropa \u015euras\u0131, Q\u0259rbin silahl\u0131 g\u00fcc\u00fc Ukraynaya Rusiyan\u0131 m\u0259\u011flub etm\u0259y\u0259 nec\u0259 k\u00f6m\u0259k ed\u0259 bil\u0259r? Putin art\u0131q milyonlarla insan\u0131n \u2013 qad\u0131nlar\u0131n, u\u015faqlar\u0131n qa\u00e7q\u0131n d\u00fc\u015fm\u0259sin\u0259 v\u0259 d\u00fcnyada 500 milyona yax\u0131n adam\u0131n acl\u0131\u011f\u0131na g\u00f6r\u0259 cavabdehdir, \u00e7\u00fcnki bu il bu\u011fda \u0259kini olmayacaq\u201d, &#8211; m\u00fc\u011f\u0259nni qeyd edib.<\/p>\n\n\n\n<p>Rusiya fevral\u0131n 24-d\u0259 Ukraynada h\u0259rbi \u0259m\u0259liyyatlara ba\u015flay\u0131b.<\/p>\n\n\n\n<p>Ondan 2 g\u00fcn \u00f6nc\u0259 is\u0259 Rusiya Prezidenti Vladimir Putin a\u00e7\u0131qlama ver\u0259r\u0259k Ukraynan\u0131n \u015f\u0259rqind\u0259ki separat\u00e7\u0131 qurumlar\u0131 tan\u0131d\u0131\u011f\u0131n\u0131 b\u0259yan edib.<\/p>\n\n\n\n<p>Ukrayna, Q\u0259rb liderl\u0259ri h\u00fccumu pisl\u0259yib, Putinin buna g\u00f6r\u0259 cavab ver\u0259c\u0259yini bildiribl\u0259r.<\/p>\n\n\n\n<p>Bundan sonra Avropa Birliyi \u00f6lk\u0259l\u0259rind\u0259n, el\u0259c\u0259 d\u0259 AB\u015e-dan Rusiyaya qar\u015f\u0131 sanksiyalar g\u0259lm\u0259y\u0259 ba\u015flay\u0131b.<\/p>\n\n\n\n<p>Sanksiya t\u0259tbiq edil\u0259n 600-d\u0259n \u00e7ox \u015f\u0259xsin i\u00e7ind\u0259 oliqarxlar, y\u00fcks\u0259k r\u00fctb\u0259li h\u0259rb\u00e7il\u0259r, \u015firk\u0259t sahibl\u0259ri, biznesmenl\u0259rl\u0259 yana\u015f\u0131, Rusiya Prezidenti Vladimir Putin v\u0259 xarici i\u015fl\u0259r naziri Sergey Lavrov da var.<\/p>\n\n\n\n<p>Rusiyan\u0131n Ukraynaya h\u0259rbi h\u00fccumu n\u0259tic\u0259sind\u0259 d\u00fcnya bazar\u0131nda tax\u0131l\u0131n qiym\u0259ti son ill\u0259rin \u0259n y\u00fcks\u0259k h\u0259ddin\u0259 \u00e7at\u0131b.<\/p>\n\n\n\n<p>Ekspertl\u0259rin s\u00f6zl\u0259rin\u0259 g\u00f6r\u0259, qlobal bu\u011fda ticar\u0259tinin t\u0259xmin\u0259n 35 faizi Rusiya v\u0259 Ukraynan\u0131n pay\u0131na d\u00fc\u015f\u00fcr.<\/p>\n","protected":false},"excerpt":{"rendered":"<p>&#8220;\u00c7\u00fcnki bu il bu\u011fda \u0259kini olmayacaq\u201d Amerikal\u0131 m\u00fc\u011f\u0259nni \u015eer Rusiyan\u0131n &#8230; <\/p>\n<p class=\"read-more-container\"><a title=\"\u015eer: &#8220;Putin milyonlarla insan\u0131n acl\u0131\u011f\u0131na g\u00f6r\u0259 m\u0259suliyy\u0259t da\u015f\u0131y\u0131r&#8221;\" class=\"read-more button\" href=\"https:\/\/www.meydan.tv\/az\/article\/ser-putin-milyonlarla-insanin-acligina-gore-mesuliyyet-dasiyir\/#more-241149\" aria-label=\"Read more about \u015eer: &#8220;Putin milyonlarla insan\u0131n acl\u0131\u011f\u0131na g\u00f6r\u0259 m\u0259suliyy\u0259t da\u015f\u0131y\u0131r&#8221;\">Davam\u0131<\/a><\/p>\n","protected":false},"author":8,"featured_media":235669,"comment_status":"closed","ping_status":"closed","sticky":false,"template":"","format":"standard","meta":{"_acf_changed":false,"_sitemap_exclude":false,"_sitemap_priority":"","_sitemap_frequency":"","footnotes":""},"categories":[52,56],"tags":[],"class_list":["post-241149","post","type-post","status-publish","format-standard","has-post-thumbnail","hentry","category-medeniyyet","category-xeberler","infinite-scroll-item","generate-columns","tablet-grid-50","mobile-grid-100","grid-parent","grid-33","no-featured-image-padding"],"acf":[],"yoast_head":"<!-- This site is optimized with the Yoast SEO plugin v27.5 - https:\/\/yoast.com\/product\/yoast-seo-wordpress\/ -->\n<title>\u015eer: &quot;Putin milyonlarla insan\u0131n acl\u0131\u011f\u0131na g\u00f6r\u0259 m\u0259suliyy\u0259t da\u015f\u0131y\u0131r&quot; - MEYDAN.TV<\/title>\n<meta name=\"robots\" content=\"index, follow, max-snippet:-1, max-image-preview:large, max-video-preview:-1\" \/>\n<link rel=\"canonical\" href=\"https:\/\/www.meydan.tv\/az\/article\/ser-putin-milyonlarla-insanin-acligina-gore-mesuliyyet-dasiyir\/\" \/>\n<meta property=\"og:locale\" content=\"az_AZ\" \/>\n<meta property=\"og:type\" content=\"article\" \/>\n<meta property=\"og:title\" content=\"\u015eer: &quot;Putin milyonlarla insan\u0131n acl\u0131\u011f\u0131na g\u00f6r\u0259 m\u0259suliyy\u0259t da\u015f\u0131y\u0131r&quot; - MEYDAN.TV\" \/>\n<meta property=\"og:description\" content=\"&#8220;\u00c7\u00fcnki bu il bu\u011fda \u0259kini olmayacaq\u201d Amerikal\u0131 m\u00fc\u011f\u0259nni \u015eer Rusiyan\u0131n ... Davam\u0131\" \/>\n<meta property=\"og:url\" content=\"https:\/\/www.meydan.tv\/az\/article\/ser-putin-milyonlarla-insanin-acligina-gore-mesuliyyet-dasiyir\/\" \/>\n<meta property=\"og:site_name\" content=\"MEYDAN.TV\" \/>\n<meta property=\"article:published_time\" content=\"2022-04-08T11:10:29+00:00\" \/>\n<meta property=\"article:modified_time\" content=\"2022-04-08T11:10:31+00:00\" \/>\n<meta property=\"og:image\" content=\"https:\/\/www.meydan.tv\/wp-content\/uploads\/img_6922-e1646994690652.jpg\" \/>\n\t<meta property=\"og:image:width\" content=\"1920\" \/>\n\t<meta property=\"og:image:height\" content=\"969\" \/>\n\t<meta property=\"og:image:type\" content=\"image\/jpeg\" \/>\n<meta name=\"author\" content=\"elli\" \/>\n<meta name=\"twitter:card\" content=\"summary_large_image\" \/>\n<meta name=\"twitter:creator\" content=\"@elli\" \/>\n<script type=\"application\/ld+json\" class=\"yoast-schema-graph\">{\"@context\":\"https:\\\/\\\/schema.org\",\"@graph\":[{\"@type\":\"Article\",\"@id\":\"https:\\\/\\\/www.meydan.tv\\\/az\\\/article\\\/ser-putin-milyonlarla-insanin-acligina-gore-mesuliyyet-dasiyir\\\/#article\",\"isPartOf\":{\"@id\":\"https:\\\/\\\/www.meydan.tv\\\/az\\\/article\\\/ser-putin-milyonlarla-insanin-acligina-gore-mesuliyyet-dasiyir\\\/\"},\"author\":{\"name\":\"elli\",\"@id\":\"https:\\\/\\\/www.meydan.tv\\\/az\\\/#\\\/schema\\\/person\\\/9cdbecf90d17180ce1dfbd95b08dcf47\"},\"headline\":\"\u015eer: &#8220;Putin milyonlarla insan\u0131n acl\u0131\u011f\u0131na g\u00f6r\u0259 m\u0259suliyy\u0259t da\u015f\u0131y\u0131r&#8221;\",\"datePublished\":\"2022-04-08T11:10:29+00:00\",\"dateModified\":\"2022-04-08T11:10:31+00:00\",\"mainEntityOfPage\":{\"@id\":\"https:\\\/\\\/www.meydan.tv\\\/az\\\/article\\\/ser-putin-milyonlarla-insanin-acligina-gore-mesuliyyet-dasiyir\\\/\"},\"wordCount\":335,\"publisher\":{\"@id\":\"https:\\\/\\\/www.meydan.tv\\\/az\\\/#organization\"},\"image\":{\"@id\":\"https:\\\/\\\/www.meydan.tv\\\/az\\\/article\\\/ser-putin-milyonlarla-insanin-acligina-gore-mesuliyyet-dasiyir\\\/#primaryimage\"},\"thumbnailUrl\":\"https:\\\/\\\/www.meydan.tv\\\/wp-content\\\/uploads\\\/img_6922-e1646994690652.jpg\",\"articleSection\":[\"M\u0259d\u0259niyy\u0259t\",\"X\u0259b\u0259rl\u0259r\"],\"inLanguage\":\"az\"},{\"@type\":\"WebPage\",\"@id\":\"https:\\\/\\\/www.meydan.tv\\\/az\\\/article\\\/ser-putin-milyonlarla-insanin-acligina-gore-mesuliyyet-dasiyir\\\/\",\"url\":\"https:\\\/\\\/www.meydan.tv\\\/az\\\/article\\\/ser-putin-milyonlarla-insanin-acligina-gore-mesuliyyet-dasiyir\\\/\",\"name\":\"\u015eer: \\\"Putin milyonlarla insan\u0131n acl\u0131\u011f\u0131na g\u00f6r\u0259 m\u0259suliyy\u0259t da\u015f\u0131y\u0131r\\\" - MEYDAN.TV\",\"isPartOf\":{\"@id\":\"https:\\\/\\\/www.meydan.tv\\\/az\\\/#website\"},\"primaryImageOfPage\":{\"@id\":\"https:\\\/\\\/www.meydan.tv\\\/az\\\/article\\\/ser-putin-milyonlarla-insanin-acligina-gore-mesuliyyet-dasiyir\\\/#primaryimage\"},\"image\":{\"@id\":\"https:\\\/\\\/www.meydan.tv\\\/az\\\/article\\\/ser-putin-milyonlarla-insanin-acligina-gore-mesuliyyet-dasiyir\\\/#primaryimage\"},\"thumbnailUrl\":\"https:\\\/\\\/www.meydan.tv\\\/wp-content\\\/uploads\\\/img_6922-e1646994690652.jpg\",\"datePublished\":\"2022-04-08T11:10:29+00:00\",\"dateModified\":\"2022-04-08T11:10:31+00:00\",\"breadcrumb\":{\"@id\":\"https:\\\/\\\/www.meydan.tv\\\/az\\\/article\\\/ser-putin-milyonlarla-insanin-acligina-gore-mesuliyyet-dasiyir\\\/#breadcrumb\"},\"inLanguage\":\"az\",\"potentialAction\":[{\"@type\":\"ReadAction\",\"target\":[\"https:\\\/\\\/www.meydan.tv\\\/az\\\/article\\\/ser-putin-milyonlarla-insanin-acligina-gore-mesuliyyet-dasiyir\\\/\"]}]},{\"@type\":\"ImageObject\",\"inLanguage\":\"az\",\"@id\":\"https:\\\/\\\/www.meydan.tv\\\/az\\\/article\\\/ser-putin-milyonlarla-insanin-acligina-gore-mesuliyyet-dasiyir\\\/#primaryimage\",\"url\":\"https:\\\/\\\/www.meydan.tv\\\/wp-content\\\/uploads\\\/img_6922-e1646994690652.jpg\",\"contentUrl\":\"https:\\\/\\\/www.meydan.tv\\\/wp-content\\\/uploads\\\/img_6922-e1646994690652.jpg\",\"width\":1920,\"height\":969,\"caption\":\"\u0130ll\u00fcstrasiya: Meydan TV\"},{\"@type\":\"BreadcrumbList\",\"@id\":\"https:\\\/\\\/www.meydan.tv\\\/az\\\/article\\\/ser-putin-milyonlarla-insanin-acligina-gore-mesuliyyet-dasiyir\\\/#breadcrumb\",\"itemListElement\":[{\"@type\":\"ListItem\",\"position\":1,\"name\":\"Ana s\u0259hif\u0259\",\"item\":\"https:\\\/\\\/www.meydan.tv\\\/az\\\/\"},{\"@type\":\"ListItem\",\"position\":2,\"name\":\"M\u0259d\u0259niyy\u0259t\",\"item\":\"https:\\\/\\\/www.meydan.tv\\\/az\\\/section\\\/medeniyyet\\\/\"},{\"@type\":\"ListItem\",\"position\":3,\"name\":\"\u015eer: &#8220;Putin milyonlarla insan\u0131n acl\u0131\u011f\u0131na g\u00f6r\u0259 m\u0259suliyy\u0259t da\u015f\u0131y\u0131r&#8221;\"}]},{\"@type\":\"WebSite\",\"@id\":\"https:\\\/\\\/www.meydan.tv\\\/az\\\/#website\",\"url\":\"https:\\\/\\\/www.meydan.tv\\\/az\\\/\",\"name\":\"MEYDAN.TV\",\"description\":\"Meydan TV Az\u0259rbaycan\u0131n media m\u0259kan\u0131ndak\u0131 alternativ s\u0259sidir\",\"publisher\":{\"@id\":\"https:\\\/\\\/www.meydan.tv\\\/az\\\/#organization\"},\"potentialAction\":[{\"@type\":\"SearchAction\",\"target\":{\"@type\":\"EntryPoint\",\"urlTemplate\":\"https:\\\/\\\/www.meydan.tv\\\/az\\\/?s={search_term_string}\"},\"query-input\":{\"@type\":\"PropertyValueSpecification\",\"valueRequired\":true,\"valueName\":\"search_term_string\"}}],\"inLanguage\":\"az\"},{\"@type\":\"Organization\",\"@id\":\"https:\\\/\\\/www.meydan.tv\\\/az\\\/#organization\",\"name\":\"Meydan TV\",\"url\":\"https:\\\/\\\/www.meydan.tv\\\/az\\\/\",\"logo\":{\"@type\":\"ImageObject\",\"inLanguage\":\"az\",\"@id\":\"https:\\\/\\\/www.meydan.tv\\\/az\\\/#\\\/schema\\\/logo\\\/image\\\/\",\"url\":\"https:\\\/\\\/www.meydan.tv\\\/wp-content\\\/uploads\\\/2021\\\/07\\\/meydan-logo.svg\",\"contentUrl\":\"https:\\\/\\\/www.meydan.tv\\\/wp-content\\\/uploads\\\/2021\\\/07\\\/meydan-logo.svg\",\"width\":195,\"height\":46,\"caption\":\"Meydan TV\"},\"image\":{\"@id\":\"https:\\\/\\\/www.meydan.tv\\\/az\\\/#\\\/schema\\\/logo\\\/image\\\/\"}},{\"@type\":\"Person\",\"@id\":\"https:\\\/\\\/www.meydan.tv\\\/az\\\/#\\\/schema\\\/person\\\/9cdbecf90d17180ce1dfbd95b08dcf47\",\"name\":\"elli\",\"sameAs\":[\"https:\\\/\\\/x.com\\\/elli\"]}]}<\/script>\n<!-- \/ Yoast SEO plugin. -->","yoast_head_json":{"title":"\u015eer: \"Putin milyonlarla insan\u0131n acl\u0131\u011f\u0131na g\u00f6r\u0259 m\u0259suliyy\u0259t da\u015f\u0131y\u0131r\" - MEYDAN.TV","robots":{"index":"index","follow":"follow","max-snippet":"max-snippet:-1","max-image-preview":"max-image-preview:large","max-video-preview":"max-video-preview:-1"},"canonical":"https:\/\/www.meydan.tv\/az\/article\/ser-putin-milyonlarla-insanin-acligina-gore-mesuliyyet-dasiyir\/","og_locale":"az_AZ","og_type":"article","og_title":"\u015eer: \"Putin milyonlarla insan\u0131n acl\u0131\u011f\u0131na g\u00f6r\u0259 m\u0259suliyy\u0259t da\u015f\u0131y\u0131r\" - MEYDAN.TV","og_description":"&#8220;\u00c7\u00fcnki bu il bu\u011fda \u0259kini olmayacaq\u201d Amerikal\u0131 m\u00fc\u011f\u0259nni \u015eer Rusiyan\u0131n ... Davam\u0131","og_url":"https:\/\/www.meydan.tv\/az\/article\/ser-putin-milyonlarla-insanin-acligina-gore-mesuliyyet-dasiyir\/","og_site_name":"MEYDAN.TV","article_published_time":"2022-04-08T11:10:29+00:00","article_modified_time":"2022-04-08T11:10:31+00:00","og_image":[{"width":1920,"height":969,"url":"https:\/\/www.meydan.tv\/wp-content\/uploads\/img_6922-e1646994690652.jpg","type":"image\/jpeg"}],"author":"elli","twitter_card":"summary_large_image","twitter_creator":"@elli","schema":{"@context":"https:\/\/schema.org","@graph":[{"@type":"Article","@id":"https:\/\/www.meydan.tv\/az\/article\/ser-putin-milyonlarla-insanin-acligina-gore-mesuliyyet-dasiyir\/#article","isPartOf":{"@id":"https:\/\/www.meydan.tv\/az\/article\/ser-putin-milyonlarla-insanin-acligina-gore-mesuliyyet-dasiyir\/"},"author":{"name":"elli","@id":"https:\/\/www.meydan.tv\/az\/#\/schema\/person\/9cdbecf90d17180ce1dfbd95b08dcf47"},"headline":"\u015eer: &#8220;Putin milyonlarla insan\u0131n acl\u0131\u011f\u0131na g\u00f6r\u0259 m\u0259suliyy\u0259t da\u015f\u0131y\u0131r&#8221;","datePublished":"2022-04-08T11:10:29+00:00","dateModified":"2022-04-08T11:10:31+00:00","mainEntityOfPage":{"@id":"https:\/\/www.meydan.tv\/az\/article\/ser-putin-milyonlarla-insanin-acligina-gore-mesuliyyet-dasiyir\/"},"wordCount":335,"publisher":{"@id":"https:\/\/www.meydan.tv\/az\/#organization"},"image":{"@id":"https:\/\/www.meydan.tv\/az\/article\/ser-putin-milyonlarla-insanin-acligina-gore-mesuliyyet-dasiyir\/#primaryimage"},"thumbnailUrl":"https:\/\/www.meydan.tv\/wp-content\/uploads\/img_6922-e1646994690652.jpg","articleSection":["M\u0259d\u0259niyy\u0259t","X\u0259b\u0259rl\u0259r"],"inLanguage":"az"},{"@type":"WebPage","@id":"https:\/\/www.meydan.tv\/az\/article\/ser-putin-milyonlarla-insanin-acligina-gore-mesuliyyet-dasiyir\/","url":"https:\/\/www.meydan.tv\/az\/article\/ser-putin-milyonlarla-insanin-acligina-gore-mesuliyyet-dasiyir\/","name":"\u015eer: \"Putin milyonlarla insan\u0131n acl\u0131\u011f\u0131na g\u00f6r\u0259 m\u0259suliyy\u0259t da\u015f\u0131y\u0131r\" - MEYDAN.TV","isPartOf":{"@id":"https:\/\/www.meydan.tv\/az\/#website"},"primaryImageOfPage":{"@id":"https:\/\/www.meydan.tv\/az\/article\/ser-putin-milyonlarla-insanin-acligina-gore-mesuliyyet-dasiyir\/#primaryimage"},"image":{"@id":"https:\/\/www.meydan.tv\/az\/article\/ser-putin-milyonlarla-insanin-acligina-gore-mesuliyyet-dasiyir\/#primaryimage"},"thumbnailUrl":"https:\/\/www.meydan.tv\/wp-content\/uploads\/img_6922-e1646994690652.jpg","datePublished":"2022-04-08T11:10:29+00:00","dateModified":"2022-04-08T11:10:31+00:00","breadcrumb":{"@id":"https:\/\/www.meydan.tv\/az\/article\/ser-putin-milyonlarla-insanin-acligina-gore-mesuliyyet-dasiyir\/#breadcrumb"},"inLanguage":"az","potentialAction":[{"@type":"ReadAction","target":["https:\/\/www.meydan.tv\/az\/article\/ser-putin-milyonlarla-insanin-acligina-gore-mesuliyyet-dasiyir\/"]}]},{"@type":"ImageObject","inLanguage":"az","@id":"https:\/\/www.meydan.tv\/az\/article\/ser-putin-milyonlarla-insanin-acligina-gore-mesuliyyet-dasiyir\/#primaryimage","url":"https:\/\/www.meydan.tv\/wp-content\/uploads\/img_6922-e1646994690652.jpg","contentUrl":"https:\/\/www.meydan.tv\/wp-content\/uploads\/img_6922-e1646994690652.jpg","width":1920,"height":969,"caption":"\u0130ll\u00fcstrasiya: Meydan TV"},{"@type":"BreadcrumbList","@id":"https:\/\/www.meydan.tv\/az\/article\/ser-putin-milyonlarla-insanin-acligina-gore-mesuliyyet-dasiyir\/#breadcrumb","itemListElement":[{"@type":"ListItem","position":1,"name":"Ana s\u0259hif\u0259","item":"https:\/\/www.meydan.tv\/az\/"},{"@type":"ListItem","position":2,"name":"M\u0259d\u0259niyy\u0259t","item":"https:\/\/www.meydan.tv\/az\/section\/medeniyyet\/"},{"@type":"ListItem","position":3,"name":"\u015eer: &#8220;Putin milyonlarla insan\u0131n acl\u0131\u011f\u0131na g\u00f6r\u0259 m\u0259suliyy\u0259t da\u015f\u0131y\u0131r&#8221;"}]},{"@type":"WebSite","@id":"https:\/\/www.meydan.tv\/az\/#website","url":"https:\/\/www.meydan.tv\/az\/","name":"MEYDAN.TV","description":"Meydan TV Az\u0259rbaycan\u0131n media m\u0259kan\u0131ndak\u0131 alternativ s\u0259sidir","publisher":{"@id":"https:\/\/www.meydan.tv\/az\/#organization"},"potentialAction":[{"@type":"SearchAction","target":{"@type":"EntryPoint","urlTemplate":"https:\/\/www.meydan.tv\/az\/?s={search_term_string}"},"query-input":{"@type":"PropertyValueSpecification","valueRequired":true,"valueName":"search_term_string"}}],"inLanguage":"az"},{"@type":"Organization","@id":"https:\/\/www.meydan.tv\/az\/#organization","name":"Meydan TV","url":"https:\/\/www.meydan.tv\/az\/","logo":{"@type":"ImageObject","inLanguage":"az","@id":"https:\/\/www.meydan.tv\/az\/#\/schema\/logo\/image\/","url":"https:\/\/www.meydan.tv\/wp-content\/uploads\/2021\/07\/meydan-logo.svg","contentUrl":"https:\/\/www.meydan.tv\/wp-content\/uploads\/2021\/07\/meydan-logo.svg","width":195,"height":46,"caption":"Meydan TV"},"image":{"@id":"https:\/\/www.meydan.tv\/az\/#\/schema\/logo\/image\/"}},{"@type":"Person","@id":"https:\/\/www.meydan.tv\/az\/#\/schema\/person\/9cdbecf90d17180ce1dfbd95b08dcf47","name":"elli","sameAs":["https:\/\/x.com\/elli"]}]}},"_links":{"self":[{"href":"https:\/\/www.meydan.tv\/az\/wp-json\/wp\/v2\/posts\/241149","targetHints":{"allow":["GET"]}}],"collection":[{"href":"https:\/\/www.meydan.tv\/az\/wp-json\/wp\/v2\/posts"}],"about":[{"href":"https:\/\/www.meydan.tv\/az\/wp-json\/wp\/v2\/types\/post"}],"author":[{"embeddable":true,"href":"https:\/\/www.meydan.tv\/az\/wp-json\/wp\/v2\/users\/8"}],"replies":[{"embeddable":true,"href":"https:\/\/www.meydan.tv\/az\/wp-json\/wp\/v2\/comments?post=241149"}],"version-history":[{"count":1,"href":"https:\/\/www.meydan.tv\/az\/wp-json\/wp\/v2\/posts\/241149\/revisions"}],"predecessor-version":[{"id":241150,"href":"https:\/\/www.meydan.tv\/az\/wp-json\/wp\/v2\/posts\/241149\/revisions\/241150"}],"wp:featuredmedia":[{"embeddable":true,"href":"https:\/\/www.meydan.tv\/az\/wp-json\/wp\/v2\/media\/235669"}],"wp:attachment":[{"href":"https:\/\/www.meydan.tv\/az\/wp-json\/wp\/v2\/media?parent=241149"}],"wp:term":[{"taxonomy":"category","embeddable":true,"href":"https:\/\/www.meydan.tv\/az\/wp-json\/wp\/v2\/categories?post=241149"},{"taxonomy":"post_tag","embeddable":true,"href":"https:\/\/www.meydan.tv\/az\/wp-json\/wp\/v2\/tags?post=241149"}],"curies":[{"name":"wp","href":"https:\/\/api.w.org\/{rel}","templated":true}]}}