{"id":241126,"date":"2022-04-08T13:51:06","date_gmt":"2022-04-08T09:51:06","guid":{"rendered":"https:\/\/www.meydan.tv\/?p=241126"},"modified":"2022-04-08T13:51:08","modified_gmt":"2022-04-08T09:51:08","slug":"the-weeknd-yeni-klipinin-rusiyada-yayimini-qadagan-edib","status":"publish","type":"post","link":"https:\/\/www.meydan.tv\/az\/article\/the-weeknd-yeni-klipinin-rusiyada-yayimini-qadagan-edib\/","title":{"rendered":"\u201cThe Weeknd\u201d yeni klipinin Rusiyada yay\u0131m\u0131n\u0131 qada\u011fan edib"},"content":{"rendered":"\n<p><\/p>\n\n\n\n<p><em>Rep\u00e7i h\u0259m d\u0259 \u201cStand Up for Ukraine\u201d mitinqind\u0259 i\u015ftirak ed\u0259c\u0259k<\/em><\/p>\n\n\n\n<p>Kanadal\u0131 rep\u00e7i \u201cThe Weeknd\u201d (Eybel Makkonen Tesfaye) yeni klipinin Rusiyada yay\u0131m\u0131n\u0131 qada\u011fan etdiyi <a href=\"https:\/\/www.unian.net\/lite\/music\/the-weeknd-vipustiv-noviy-klip-ale-zaboroniv-yogo-v-rosiji-11777679.html\" target=\"_blank\" rel=\"noreferrer noopener\">bildirilir<\/a>.<\/p>\n\n\n\n<p>\u201cDawn FM\u201d albomundan olan \u201cOut Of Time\u201d mahn\u0131s\u0131na \u00e7\u0259kil\u0259n klipi rus dinl\u0259yicil\u0259ri \u201cYouTube\u201ddan izl\u0259y\u0259 bilm\u0259y\u0259c\u0259kl\u0259r.<\/p>\n\n\n\n<p>Klipd\u0259 \u201cKalmar oyunu\u201d serial\u0131nda \u00e7\u0259kilmi\u015f \u00c7on Ho Yon v\u0259 bug\u00fcnl\u0259rd\u0259 aktyorluq karyeras\u0131na son qoydu\u011funu bildir\u0259n aktyor Cim Kerri \u00e7\u0259kilib.<\/p>\n\n\n\n<p>Bundan \u0259lav\u0259, \u201cThe Weeknd\u201d aprelin 8-d\u0259 sosial \u015f\u0259b\u0259k\u0259l\u0259rd\u0259 ke\u00e7iril\u0259c\u0259k \u201cStand Up for Ukraine\u201d mitinqinin i\u015ftirak\u00e7\u0131lar\u0131ndan olacaq.<\/p>\n\n\n\n<p>Mitinqd\u0259n \u0259ld\u0259 olunan g\u0259lirl\u0259r ukraynal\u0131lara humanitar yard\u0131ma y\u00f6n\u0259ldil\u0259c\u0259k.<\/p>\n\n\n\n<p>Billi Ayli\u015f, Billi Porter, Selin Dion, Madonna, Farell Uilyams, Elton Con, Mayli Sayrus, Keti Perri, Ozzi Ozborn, \u201cRadiohead\u201d, \u201cRed Hot Chili Peppers\u201d rok qruplar\u0131 v\u0259 dig\u0259r s\u0259n\u0259t\u00e7il\u0259r qat\u0131lacaqlar.<\/p>\n\n\n\n<p>2021-ci ild\u0259 \u201cBillboard Music Awards\u201d \u201cThe Weeknd\u201di ilin \u0259n yax\u015f\u0131 musiqi\u00e7isi elan <a href=\"http:\/\/2021-ci ild\u0259 \u201cBillboard Music Awards\u201d \u201cThe Weeknd\u201di ilin \u0259n yax\u015f\u0131 musiqi\u00e7isi elan edib.(https:\/\/www.meydan.tv\/az\/article\/billboard-music-awards-ilin-en-yaxsi-musiqicilerini-elan-edib\/)\" target=\"_blank\" rel=\"noreferrer noopener\">edib<\/a>.<\/p>\n\n\n\n<p>Rusiya fevral\u0131n 24-d\u0259 Ukraynada h\u0259rbi \u0259m\u0259liyyatlara ba\u015flay\u0131b.<\/p>\n\n\n\n<p>H\u0259min tarixd\u0259n etibar\u0259n Avropa \u0130ttifaq\u0131 \u00f6lk\u0259l\u0259ri, h\u0259m\u00e7inin B\u00f6y\u00fck Britaniya, AB\u015e, Kanada v\u0259 dig\u0259r \u00f6lk\u0259l\u0259r Rusiyaya m\u00fcxt\u0259lif sanksiyalar t\u0259tbiq edir.<\/p>\n\n\n\n<p>Maliyy\u0259 sanksiyalar\u0131 \u0259sas\u0259n oliqarxlara, y\u00fcks\u0259k r\u00fctb\u0259li h\u0259rb\u00e7il\u0259rin hesablar\u0131na, d\u00f6vl\u0259t m\u0259murlar\u0131na, prezident\u0259, onun k\u00f6m\u0259k\u00e7isin\u0259, nazirl\u0259r\u0259 qoyulan qada\u011falard\u0131r.<\/p>\n\n\n\n<p>B\u00fct\u00fcn bu sanksiyalar\u0131n s\u0259b\u0259bi Rusiyan\u0131n Ukraynaya h\u0259rbi m\u00fcdaxil\u0259 etm\u0259sidir.<\/p>\n\n\n\n<p>M\u0259qs\u0259d m\u00fcharib\u0259nin maliyy\u0259l\u0259\u015fdirilm\u0259sinin dayand\u0131r\u0131lmas\u0131d\u0131r. H\u0259m\u00e7inin bir s\u0131ra beyn\u0259lxalq musiqi, film \u015firk\u0259tl\u0259ri, o c\u00fcml\u0259d\u0259n teatrlar, kinostudiyalar Rusiya v\u0259 s\u0259n\u0259t\u00e7il\u0259ri il\u0259 \u0259m\u0259kda\u015fl\u0131\u011f\u0131 dayand\u0131r\u0131b.<\/p>\n","protected":false},"excerpt":{"rendered":"<p>Rep\u00e7i h\u0259m d\u0259 \u201cStand Up for Ukraine\u201d mitinqind\u0259 i\u015ftirak ed\u0259c\u0259k &#8230; <\/p>\n<p class=\"read-more-container\"><a title=\"\u201cThe Weeknd\u201d yeni klipinin Rusiyada yay\u0131m\u0131n\u0131 qada\u011fan edib\" class=\"read-more button\" href=\"https:\/\/www.meydan.tv\/az\/article\/the-weeknd-yeni-klipinin-rusiyada-yayimini-qadagan-edib\/#more-241126\" aria-label=\"Read more about \u201cThe Weeknd\u201d yeni klipinin Rusiyada yay\u0131m\u0131n\u0131 qada\u011fan edib\">Davam\u0131<\/a><\/p>\n","protected":false},"author":8,"featured_media":241123,"comment_status":"closed","ping_status":"closed","sticky":false,"template":"","format":"standard","meta":{"_acf_changed":false,"_sitemap_exclude":false,"_sitemap_priority":"","_sitemap_frequency":"","footnotes":""},"categories":[52,56],"tags":[],"class_list":["post-241126","post","type-post","status-publish","format-standard","has-post-thumbnail","hentry","category-medeniyyet","category-xeberler","infinite-scroll-item","generate-columns","tablet-grid-50","mobile-grid-100","grid-parent","grid-33","no-featured-image-padding"],"acf":[],"yoast_head":"<!-- This site is optimized with the Yoast SEO plugin v27.5 - https:\/\/yoast.com\/product\/yoast-seo-wordpress\/ -->\n<title>\u201cThe Weeknd\u201d yeni klipinin Rusiyada yay\u0131m\u0131n\u0131 qada\u011fan edib - MEYDAN.TV<\/title>\n<meta name=\"robots\" content=\"index, follow, max-snippet:-1, max-image-preview:large, max-video-preview:-1\" \/>\n<link rel=\"canonical\" href=\"https:\/\/www.meydan.tv\/az\/article\/the-weeknd-yeni-klipinin-rusiyada-yayimini-qadagan-edib\/\" \/>\n<meta property=\"og:locale\" content=\"az_AZ\" \/>\n<meta property=\"og:type\" content=\"article\" \/>\n<meta property=\"og:title\" content=\"\u201cThe Weeknd\u201d yeni klipinin Rusiyada yay\u0131m\u0131n\u0131 qada\u011fan edib - MEYDAN.TV\" \/>\n<meta property=\"og:description\" content=\"Rep\u00e7i h\u0259m d\u0259 \u201cStand Up for Ukraine\u201d mitinqind\u0259 i\u015ftirak ed\u0259c\u0259k ... Davam\u0131\" \/>\n<meta property=\"og:url\" content=\"https:\/\/www.meydan.tv\/az\/article\/the-weeknd-yeni-klipinin-rusiyada-yayimini-qadagan-edib\/\" \/>\n<meta property=\"og:site_name\" content=\"MEYDAN.TV\" \/>\n<meta property=\"article:published_time\" content=\"2022-04-08T09:51:06+00:00\" \/>\n<meta property=\"article:modified_time\" content=\"2022-04-08T09:51:08+00:00\" \/>\n<meta property=\"og:image\" content=\"https:\/\/www.meydan.tv\/wp-content\/uploads\/shutterstock_746627947.jpg\" \/>\n\t<meta property=\"og:image:width\" content=\"1200\" \/>\n\t<meta property=\"og:image:height\" content=\"801\" \/>\n\t<meta property=\"og:image:type\" content=\"image\/jpeg\" \/>\n<meta name=\"author\" content=\"elli\" \/>\n<meta name=\"twitter:card\" content=\"summary_large_image\" \/>\n<meta name=\"twitter:creator\" content=\"@elli\" \/>\n<script type=\"application\/ld+json\" class=\"yoast-schema-graph\">{\"@context\":\"https:\\\/\\\/schema.org\",\"@graph\":[{\"@type\":\"Article\",\"@id\":\"https:\\\/\\\/www.meydan.tv\\\/az\\\/article\\\/the-weeknd-yeni-klipinin-rusiyada-yayimini-qadagan-edib\\\/#article\",\"isPartOf\":{\"@id\":\"https:\\\/\\\/www.meydan.tv\\\/az\\\/article\\\/the-weeknd-yeni-klipinin-rusiyada-yayimini-qadagan-edib\\\/\"},\"author\":{\"name\":\"elli\",\"@id\":\"https:\\\/\\\/www.meydan.tv\\\/az\\\/#\\\/schema\\\/person\\\/9cdbecf90d17180ce1dfbd95b08dcf47\"},\"headline\":\"\u201cThe Weeknd\u201d yeni klipinin Rusiyada yay\u0131m\u0131n\u0131 qada\u011fan edib\",\"datePublished\":\"2022-04-08T09:51:06+00:00\",\"dateModified\":\"2022-04-08T09:51:08+00:00\",\"mainEntityOfPage\":{\"@id\":\"https:\\\/\\\/www.meydan.tv\\\/az\\\/article\\\/the-weeknd-yeni-klipinin-rusiyada-yayimini-qadagan-edib\\\/\"},\"wordCount\":334,\"publisher\":{\"@id\":\"https:\\\/\\\/www.meydan.tv\\\/az\\\/#organization\"},\"image\":{\"@id\":\"https:\\\/\\\/www.meydan.tv\\\/az\\\/article\\\/the-weeknd-yeni-klipinin-rusiyada-yayimini-qadagan-edib\\\/#primaryimage\"},\"thumbnailUrl\":\"https:\\\/\\\/www.meydan.tv\\\/wp-content\\\/uploads\\\/shutterstock_746627947.jpg\",\"articleSection\":[\"M\u0259d\u0259niyy\u0259t\",\"X\u0259b\u0259rl\u0259r\"],\"inLanguage\":\"az\"},{\"@type\":\"WebPage\",\"@id\":\"https:\\\/\\\/www.meydan.tv\\\/az\\\/article\\\/the-weeknd-yeni-klipinin-rusiyada-yayimini-qadagan-edib\\\/\",\"url\":\"https:\\\/\\\/www.meydan.tv\\\/az\\\/article\\\/the-weeknd-yeni-klipinin-rusiyada-yayimini-qadagan-edib\\\/\",\"name\":\"\u201cThe Weeknd\u201d yeni klipinin Rusiyada yay\u0131m\u0131n\u0131 qada\u011fan edib - MEYDAN.TV\",\"isPartOf\":{\"@id\":\"https:\\\/\\\/www.meydan.tv\\\/az\\\/#website\"},\"primaryImageOfPage\":{\"@id\":\"https:\\\/\\\/www.meydan.tv\\\/az\\\/article\\\/the-weeknd-yeni-klipinin-rusiyada-yayimini-qadagan-edib\\\/#primaryimage\"},\"image\":{\"@id\":\"https:\\\/\\\/www.meydan.tv\\\/az\\\/article\\\/the-weeknd-yeni-klipinin-rusiyada-yayimini-qadagan-edib\\\/#primaryimage\"},\"thumbnailUrl\":\"https:\\\/\\\/www.meydan.tv\\\/wp-content\\\/uploads\\\/shutterstock_746627947.jpg\",\"datePublished\":\"2022-04-08T09:51:06+00:00\",\"dateModified\":\"2022-04-08T09:51:08+00:00\",\"breadcrumb\":{\"@id\":\"https:\\\/\\\/www.meydan.tv\\\/az\\\/article\\\/the-weeknd-yeni-klipinin-rusiyada-yayimini-qadagan-edib\\\/#breadcrumb\"},\"inLanguage\":\"az\",\"potentialAction\":[{\"@type\":\"ReadAction\",\"target\":[\"https:\\\/\\\/www.meydan.tv\\\/az\\\/article\\\/the-weeknd-yeni-klipinin-rusiyada-yayimini-qadagan-edib\\\/\"]}]},{\"@type\":\"ImageObject\",\"inLanguage\":\"az\",\"@id\":\"https:\\\/\\\/www.meydan.tv\\\/az\\\/article\\\/the-weeknd-yeni-klipinin-rusiyada-yayimini-qadagan-edib\\\/#primaryimage\",\"url\":\"https:\\\/\\\/www.meydan.tv\\\/wp-content\\\/uploads\\\/shutterstock_746627947.jpg\",\"contentUrl\":\"https:\\\/\\\/www.meydan.tv\\\/wp-content\\\/uploads\\\/shutterstock_746627947.jpg\",\"width\":1200,\"height\":801,\"caption\":\"\u201cThe Weeknd\u201d. Foto: Christian Bertrand\\\/shutterstock\"},{\"@type\":\"BreadcrumbList\",\"@id\":\"https:\\\/\\\/www.meydan.tv\\\/az\\\/article\\\/the-weeknd-yeni-klipinin-rusiyada-yayimini-qadagan-edib\\\/#breadcrumb\",\"itemListElement\":[{\"@type\":\"ListItem\",\"position\":1,\"name\":\"Ana s\u0259hif\u0259\",\"item\":\"https:\\\/\\\/www.meydan.tv\\\/az\\\/\"},{\"@type\":\"ListItem\",\"position\":2,\"name\":\"M\u0259d\u0259niyy\u0259t\",\"item\":\"https:\\\/\\\/www.meydan.tv\\\/az\\\/section\\\/medeniyyet\\\/\"},{\"@type\":\"ListItem\",\"position\":3,\"name\":\"\u201cThe Weeknd\u201d yeni klipinin Rusiyada yay\u0131m\u0131n\u0131 qada\u011fan edib\"}]},{\"@type\":\"WebSite\",\"@id\":\"https:\\\/\\\/www.meydan.tv\\\/az\\\/#website\",\"url\":\"https:\\\/\\\/www.meydan.tv\\\/az\\\/\",\"name\":\"MEYDAN.TV\",\"description\":\"Meydan TV Az\u0259rbaycan\u0131n media m\u0259kan\u0131ndak\u0131 alternativ s\u0259sidir\",\"publisher\":{\"@id\":\"https:\\\/\\\/www.meydan.tv\\\/az\\\/#organization\"},\"potentialAction\":[{\"@type\":\"SearchAction\",\"target\":{\"@type\":\"EntryPoint\",\"urlTemplate\":\"https:\\\/\\\/www.meydan.tv\\\/az\\\/?s={search_term_string}\"},\"query-input\":{\"@type\":\"PropertyValueSpecification\",\"valueRequired\":true,\"valueName\":\"search_term_string\"}}],\"inLanguage\":\"az\"},{\"@type\":\"Organization\",\"@id\":\"https:\\\/\\\/www.meydan.tv\\\/az\\\/#organization\",\"name\":\"Meydan TV\",\"url\":\"https:\\\/\\\/www.meydan.tv\\\/az\\\/\",\"logo\":{\"@type\":\"ImageObject\",\"inLanguage\":\"az\",\"@id\":\"https:\\\/\\\/www.meydan.tv\\\/az\\\/#\\\/schema\\\/logo\\\/image\\\/\",\"url\":\"https:\\\/\\\/www.meydan.tv\\\/wp-content\\\/uploads\\\/2021\\\/07\\\/meydan-logo.svg\",\"contentUrl\":\"https:\\\/\\\/www.meydan.tv\\\/wp-content\\\/uploads\\\/2021\\\/07\\\/meydan-logo.svg\",\"width\":195,\"height\":46,\"caption\":\"Meydan TV\"},\"image\":{\"@id\":\"https:\\\/\\\/www.meydan.tv\\\/az\\\/#\\\/schema\\\/logo\\\/image\\\/\"}},{\"@type\":\"Person\",\"@id\":\"https:\\\/\\\/www.meydan.tv\\\/az\\\/#\\\/schema\\\/person\\\/9cdbecf90d17180ce1dfbd95b08dcf47\",\"name\":\"elli\",\"sameAs\":[\"https:\\\/\\\/x.com\\\/elli\"]}]}<\/script>\n<!-- \/ Yoast SEO plugin. -->","yoast_head_json":{"title":"\u201cThe Weeknd\u201d yeni klipinin Rusiyada yay\u0131m\u0131n\u0131 qada\u011fan edib - MEYDAN.TV","robots":{"index":"index","follow":"follow","max-snippet":"max-snippet:-1","max-image-preview":"max-image-preview:large","max-video-preview":"max-video-preview:-1"},"canonical":"https:\/\/www.meydan.tv\/az\/article\/the-weeknd-yeni-klipinin-rusiyada-yayimini-qadagan-edib\/","og_locale":"az_AZ","og_type":"article","og_title":"\u201cThe Weeknd\u201d yeni klipinin Rusiyada yay\u0131m\u0131n\u0131 qada\u011fan edib - MEYDAN.TV","og_description":"Rep\u00e7i h\u0259m d\u0259 \u201cStand Up for Ukraine\u201d mitinqind\u0259 i\u015ftirak ed\u0259c\u0259k ... Davam\u0131","og_url":"https:\/\/www.meydan.tv\/az\/article\/the-weeknd-yeni-klipinin-rusiyada-yayimini-qadagan-edib\/","og_site_name":"MEYDAN.TV","article_published_time":"2022-04-08T09:51:06+00:00","article_modified_time":"2022-04-08T09:51:08+00:00","og_image":[{"width":1200,"height":801,"url":"https:\/\/www.meydan.tv\/wp-content\/uploads\/shutterstock_746627947.jpg","type":"image\/jpeg"}],"author":"elli","twitter_card":"summary_large_image","twitter_creator":"@elli","schema":{"@context":"https:\/\/schema.org","@graph":[{"@type":"Article","@id":"https:\/\/www.meydan.tv\/az\/article\/the-weeknd-yeni-klipinin-rusiyada-yayimini-qadagan-edib\/#article","isPartOf":{"@id":"https:\/\/www.meydan.tv\/az\/article\/the-weeknd-yeni-klipinin-rusiyada-yayimini-qadagan-edib\/"},"author":{"name":"elli","@id":"https:\/\/www.meydan.tv\/az\/#\/schema\/person\/9cdbecf90d17180ce1dfbd95b08dcf47"},"headline":"\u201cThe Weeknd\u201d yeni klipinin Rusiyada yay\u0131m\u0131n\u0131 qada\u011fan edib","datePublished":"2022-04-08T09:51:06+00:00","dateModified":"2022-04-08T09:51:08+00:00","mainEntityOfPage":{"@id":"https:\/\/www.meydan.tv\/az\/article\/the-weeknd-yeni-klipinin-rusiyada-yayimini-qadagan-edib\/"},"wordCount":334,"publisher":{"@id":"https:\/\/www.meydan.tv\/az\/#organization"},"image":{"@id":"https:\/\/www.meydan.tv\/az\/article\/the-weeknd-yeni-klipinin-rusiyada-yayimini-qadagan-edib\/#primaryimage"},"thumbnailUrl":"https:\/\/www.meydan.tv\/wp-content\/uploads\/shutterstock_746627947.jpg","articleSection":["M\u0259d\u0259niyy\u0259t","X\u0259b\u0259rl\u0259r"],"inLanguage":"az"},{"@type":"WebPage","@id":"https:\/\/www.meydan.tv\/az\/article\/the-weeknd-yeni-klipinin-rusiyada-yayimini-qadagan-edib\/","url":"https:\/\/www.meydan.tv\/az\/article\/the-weeknd-yeni-klipinin-rusiyada-yayimini-qadagan-edib\/","name":"\u201cThe Weeknd\u201d yeni klipinin Rusiyada yay\u0131m\u0131n\u0131 qada\u011fan edib - MEYDAN.TV","isPartOf":{"@id":"https:\/\/www.meydan.tv\/az\/#website"},"primaryImageOfPage":{"@id":"https:\/\/www.meydan.tv\/az\/article\/the-weeknd-yeni-klipinin-rusiyada-yayimini-qadagan-edib\/#primaryimage"},"image":{"@id":"https:\/\/www.meydan.tv\/az\/article\/the-weeknd-yeni-klipinin-rusiyada-yayimini-qadagan-edib\/#primaryimage"},"thumbnailUrl":"https:\/\/www.meydan.tv\/wp-content\/uploads\/shutterstock_746627947.jpg","datePublished":"2022-04-08T09:51:06+00:00","dateModified":"2022-04-08T09:51:08+00:00","breadcrumb":{"@id":"https:\/\/www.meydan.tv\/az\/article\/the-weeknd-yeni-klipinin-rusiyada-yayimini-qadagan-edib\/#breadcrumb"},"inLanguage":"az","potentialAction":[{"@type":"ReadAction","target":["https:\/\/www.meydan.tv\/az\/article\/the-weeknd-yeni-klipinin-rusiyada-yayimini-qadagan-edib\/"]}]},{"@type":"ImageObject","inLanguage":"az","@id":"https:\/\/www.meydan.tv\/az\/article\/the-weeknd-yeni-klipinin-rusiyada-yayimini-qadagan-edib\/#primaryimage","url":"https:\/\/www.meydan.tv\/wp-content\/uploads\/shutterstock_746627947.jpg","contentUrl":"https:\/\/www.meydan.tv\/wp-content\/uploads\/shutterstock_746627947.jpg","width":1200,"height":801,"caption":"\u201cThe Weeknd\u201d. Foto: Christian Bertrand\/shutterstock"},{"@type":"BreadcrumbList","@id":"https:\/\/www.meydan.tv\/az\/article\/the-weeknd-yeni-klipinin-rusiyada-yayimini-qadagan-edib\/#breadcrumb","itemListElement":[{"@type":"ListItem","position":1,"name":"Ana s\u0259hif\u0259","item":"https:\/\/www.meydan.tv\/az\/"},{"@type":"ListItem","position":2,"name":"M\u0259d\u0259niyy\u0259t","item":"https:\/\/www.meydan.tv\/az\/section\/medeniyyet\/"},{"@type":"ListItem","position":3,"name":"\u201cThe Weeknd\u201d yeni klipinin Rusiyada yay\u0131m\u0131n\u0131 qada\u011fan edib"}]},{"@type":"WebSite","@id":"https:\/\/www.meydan.tv\/az\/#website","url":"https:\/\/www.meydan.tv\/az\/","name":"MEYDAN.TV","description":"Meydan TV Az\u0259rbaycan\u0131n media m\u0259kan\u0131ndak\u0131 alternativ s\u0259sidir","publisher":{"@id":"https:\/\/www.meydan.tv\/az\/#organization"},"potentialAction":[{"@type":"SearchAction","target":{"@type":"EntryPoint","urlTemplate":"https:\/\/www.meydan.tv\/az\/?s={search_term_string}"},"query-input":{"@type":"PropertyValueSpecification","valueRequired":true,"valueName":"search_term_string"}}],"inLanguage":"az"},{"@type":"Organization","@id":"https:\/\/www.meydan.tv\/az\/#organization","name":"Meydan TV","url":"https:\/\/www.meydan.tv\/az\/","logo":{"@type":"ImageObject","inLanguage":"az","@id":"https:\/\/www.meydan.tv\/az\/#\/schema\/logo\/image\/","url":"https:\/\/www.meydan.tv\/wp-content\/uploads\/2021\/07\/meydan-logo.svg","contentUrl":"https:\/\/www.meydan.tv\/wp-content\/uploads\/2021\/07\/meydan-logo.svg","width":195,"height":46,"caption":"Meydan TV"},"image":{"@id":"https:\/\/www.meydan.tv\/az\/#\/schema\/logo\/image\/"}},{"@type":"Person","@id":"https:\/\/www.meydan.tv\/az\/#\/schema\/person\/9cdbecf90d17180ce1dfbd95b08dcf47","name":"elli","sameAs":["https:\/\/x.com\/elli"]}]}},"_links":{"self":[{"href":"https:\/\/www.meydan.tv\/az\/wp-json\/wp\/v2\/posts\/241126","targetHints":{"allow":["GET"]}}],"collection":[{"href":"https:\/\/www.meydan.tv\/az\/wp-json\/wp\/v2\/posts"}],"about":[{"href":"https:\/\/www.meydan.tv\/az\/wp-json\/wp\/v2\/types\/post"}],"author":[{"embeddable":true,"href":"https:\/\/www.meydan.tv\/az\/wp-json\/wp\/v2\/users\/8"}],"replies":[{"embeddable":true,"href":"https:\/\/www.meydan.tv\/az\/wp-json\/wp\/v2\/comments?post=241126"}],"version-history":[{"count":1,"href":"https:\/\/www.meydan.tv\/az\/wp-json\/wp\/v2\/posts\/241126\/revisions"}],"predecessor-version":[{"id":241127,"href":"https:\/\/www.meydan.tv\/az\/wp-json\/wp\/v2\/posts\/241126\/revisions\/241127"}],"wp:featuredmedia":[{"embeddable":true,"href":"https:\/\/www.meydan.tv\/az\/wp-json\/wp\/v2\/media\/241123"}],"wp:attachment":[{"href":"https:\/\/www.meydan.tv\/az\/wp-json\/wp\/v2\/media?parent=241126"}],"wp:term":[{"taxonomy":"category","embeddable":true,"href":"https:\/\/www.meydan.tv\/az\/wp-json\/wp\/v2\/categories?post=241126"},{"taxonomy":"post_tag","embeddable":true,"href":"https:\/\/www.meydan.tv\/az\/wp-json\/wp\/v2\/tags?post=241126"}],"curies":[{"name":"wp","href":"https:\/\/api.w.org\/{rel}","templated":true}]}}