{"id":241105,"date":"2022-04-08T12:59:11","date_gmt":"2022-04-08T08:59:11","guid":{"rendered":"https:\/\/www.meydan.tv\/?p=241105"},"modified":"2022-04-08T12:59:13","modified_gmt":"2022-04-08T08:59:13","slug":"pink-floyd-qrupundan-muharibeye-etiraz-musiqisi","status":"publish","type":"post","link":"https:\/\/www.meydan.tv\/az\/article\/pink-floyd-qrupundan-muharibeye-etiraz-musiqisi\/","title":{"rendered":"\u201cPink Floyd\u201d qrupundan m\u00fcharib\u0259y\u0259 etiraz musiqisi"},"content":{"rendered":"\n<p><\/p>\n\n\n\n<p><em>&#8220;Sat\u0131\u015fdan \u0259ld\u0259 olunan g\u0259lirl\u0259r Ukraynaya g\u00f6nd\u0259ril\u0259c\u0259k&#8221;<\/em><br><\/p>\n\n\n\n<p>B\u00f6y\u00fck Britaniyan\u0131n \u201cPink Floyd\u201d qrupu Ukraynaya h\u0259rbi m\u00fcdaxil\u0259y\u0259 etiraz \u0259lam\u0259ti olaraq yeni kompozisiya t\u0259qdim edib.<\/p>\n\n\n\n<p>\u201cHey Hey Rise Up\u201d adl\u0131 mahn\u0131da ukraynal\u0131 musiqi\u00e7i Andrey Xl\u0131dnyukun Kiyevd\u0259ki Sofievskaya Meydan\u0131nda ifa etdiyi \u201c\u041e\u0439 \u0443 \u043b\u0443\u0437\u0456 \u0447\u0435\u0440\u0432\u043e\u043d\u0430 \u043a\u0430\u043b\u0438\u043d\u0430\u201d (Oh, \u00e7\u0259m\u0259nlikd\u0259 q\u0131rm\u0131z\u0131 viburnum) mahn\u0131s\u0131ndan fraqment d\u0259 \u0259lav\u0259 <a href=\"https:\/\/www.youtube.com\/watch?v=saEpkcVi1d4\" target=\"_blank\" rel=\"noreferrer noopener\">olunub<\/a>.<\/p>\n\n\n\n<p>Qrup \u00fczvl\u0259ri bildiribl\u0259r ki, sat\u0131\u015fdan \u0259ld\u0259 olunan g\u0259lirl\u0259ri Ukraynaya humanitar yard\u0131m ed\u0259c\u0259kl\u0259r.<\/p>\n\n\n\n<p>\u201cD\u00fcnyan\u0131n \u0259n b\u00f6y\u00fck g\u00fccl\u0259rind\u0259n birinin demokratik bir \u00f6lk\u0259ni i\u015f\u011fal etm\u0259sini, dinc sakinl\u0259rini \u00f6ld\u00fcrm\u0259k kimi \u00e7irkin h\u0259r\u0259k\u0259tl\u0259rini pisl\u0259yirik, bundan q\u0259z\u0259b duyurur\u201d, &#8211; qrupun gitara\u00e7\u0131s\u0131 v\u0259 vokal\u00e7\u0131s\u0131 Devid Gilmur <a href=\"https:\/\/meduza.io\/feature\/2022\/04\/07\/pink-floyd-zapisali-pesnyu-s-andreem-hlyvnyukom-iz-bumboksa-vse-sredstva-ot-nee-poydut-na-pomosch-ukraine\" target=\"_blank\" rel=\"noreferrer noopener\">deyib<\/a>.<\/p>\n\n\n\n<p>Rusiya fevral\u0131n 24-d\u0259 Ukraynada h\u0259rbi \u0259m\u0259liyyatlara ba\u015flay\u0131b.<\/p>\n\n\n\n<p>H\u0259min tarixd\u0259n etibar\u0259n Avropa \u0130ttifaq\u0131 \u00f6lk\u0259l\u0259ri, h\u0259m\u00e7inin B\u00f6y\u00fck Britaniya, AB\u015e, Kanada v\u0259 dig\u0259r \u00f6lk\u0259l\u0259r Rusiyaya m\u00fcxt\u0259lif sanksiyalar t\u0259tbiq edir.<\/p>\n\n\n\n<p>Maliyy\u0259 sanksiyalar\u0131 \u0259sas\u0259n oliqarxlara, y\u00fcks\u0259k r\u00fctb\u0259li h\u0259rb\u00e7il\u0259rin hesablar\u0131na, d\u00f6vl\u0259t m\u0259murlar\u0131na, prezident\u0259, onun k\u00f6m\u0259k\u00e7isin\u0259, nazirl\u0259r\u0259 qoyulan qada\u011falard\u0131r.<\/p>\n\n\n\n<p>B\u00fct\u00fcn bu sanksiyalar\u0131n s\u0259b\u0259bi Rusiyan\u0131n Ukraynaya h\u0259rbi m\u00fcdaxil\u0259 etm\u0259sidir.<\/p>\n\n\n\n<p>M\u0259qs\u0259d m\u00fcharib\u0259nin maliyy\u0259l\u0259\u015fdirilm\u0259sinin dayand\u0131r\u0131lmas\u0131d\u0131r. H\u0259m\u00e7inin bir s\u0131ra beyn\u0259lxalq musiqi, film \u015firk\u0259tl\u0259ri, o c\u00fcml\u0259d\u0259n, teatrlar, kinostudiyalar Rusiya v\u0259 s\u0259n\u0259t\u00e7il\u0259ri il\u0259 \u0259m\u0259kda\u015fl\u0131\u011f\u0131 dayand\u0131r\u0131b.<\/p>\n","protected":false},"excerpt":{"rendered":"<p>&#8220;Sat\u0131\u015fdan \u0259ld\u0259 olunan g\u0259lirl\u0259r Ukraynaya g\u00f6nd\u0259ril\u0259c\u0259k&#8221; B\u00f6y\u00fck Britaniyan\u0131n \u201cPink Floyd\u201d &#8230; <\/p>\n<p class=\"read-more-container\"><a title=\"\u201cPink Floyd\u201d qrupundan m\u00fcharib\u0259y\u0259 etiraz musiqisi\" class=\"read-more button\" href=\"https:\/\/www.meydan.tv\/az\/article\/pink-floyd-qrupundan-muharibeye-etiraz-musiqisi\/#more-241105\" aria-label=\"Read more about \u201cPink Floyd\u201d qrupundan m\u00fcharib\u0259y\u0259 etiraz musiqisi\">Davam\u0131<\/a><\/p>\n","protected":false},"author":8,"featured_media":241102,"comment_status":"closed","ping_status":"closed","sticky":false,"template":"","format":"standard","meta":{"_acf_changed":false,"_sitemap_exclude":false,"_sitemap_priority":"","_sitemap_frequency":"","footnotes":""},"categories":[52,56],"tags":[],"class_list":["post-241105","post","type-post","status-publish","format-standard","has-post-thumbnail","hentry","category-medeniyyet","category-xeberler","infinite-scroll-item","generate-columns","tablet-grid-50","mobile-grid-100","grid-parent","grid-33","no-featured-image-padding"],"acf":[],"yoast_head":"<!-- This site is optimized with the Yoast SEO plugin v27.5 - https:\/\/yoast.com\/product\/yoast-seo-wordpress\/ -->\n<title>\u201cPink Floyd\u201d qrupundan m\u00fcharib\u0259y\u0259 etiraz musiqisi - MEYDAN.TV<\/title>\n<meta name=\"robots\" content=\"index, follow, max-snippet:-1, max-image-preview:large, max-video-preview:-1\" \/>\n<link rel=\"canonical\" href=\"https:\/\/www.meydan.tv\/az\/article\/pink-floyd-qrupundan-muharibeye-etiraz-musiqisi\/\" \/>\n<meta property=\"og:locale\" content=\"az_AZ\" \/>\n<meta property=\"og:type\" content=\"article\" \/>\n<meta property=\"og:title\" content=\"\u201cPink Floyd\u201d qrupundan m\u00fcharib\u0259y\u0259 etiraz musiqisi - MEYDAN.TV\" \/>\n<meta property=\"og:description\" content=\"&#8220;Sat\u0131\u015fdan \u0259ld\u0259 olunan g\u0259lirl\u0259r Ukraynaya g\u00f6nd\u0259ril\u0259c\u0259k&#8221; B\u00f6y\u00fck Britaniyan\u0131n \u201cPink Floyd\u201d ... Davam\u0131\" \/>\n<meta property=\"og:url\" content=\"https:\/\/www.meydan.tv\/az\/article\/pink-floyd-qrupundan-muharibeye-etiraz-musiqisi\/\" \/>\n<meta property=\"og:site_name\" content=\"MEYDAN.TV\" \/>\n<meta property=\"article:published_time\" content=\"2022-04-08T08:59:11+00:00\" \/>\n<meta property=\"article:modified_time\" content=\"2022-04-08T08:59:13+00:00\" \/>\n<meta property=\"og:image\" content=\"https:\/\/www.meydan.tv\/wp-content\/uploads\/shutterstock_1716011518.jpg\" \/>\n\t<meta property=\"og:image:width\" content=\"1200\" \/>\n\t<meta property=\"og:image:height\" content=\"675\" \/>\n\t<meta property=\"og:image:type\" content=\"image\/jpeg\" \/>\n<meta name=\"author\" content=\"elli\" \/>\n<meta name=\"twitter:card\" content=\"summary_large_image\" \/>\n<meta name=\"twitter:creator\" content=\"@elli\" \/>\n<script type=\"application\/ld+json\" class=\"yoast-schema-graph\">{\"@context\":\"https:\\\/\\\/schema.org\",\"@graph\":[{\"@type\":\"Article\",\"@id\":\"https:\\\/\\\/www.meydan.tv\\\/az\\\/article\\\/pink-floyd-qrupundan-muharibeye-etiraz-musiqisi\\\/#article\",\"isPartOf\":{\"@id\":\"https:\\\/\\\/www.meydan.tv\\\/az\\\/article\\\/pink-floyd-qrupundan-muharibeye-etiraz-musiqisi\\\/\"},\"author\":{\"name\":\"elli\",\"@id\":\"https:\\\/\\\/www.meydan.tv\\\/az\\\/#\\\/schema\\\/person\\\/9cdbecf90d17180ce1dfbd95b08dcf47\"},\"headline\":\"\u201cPink Floyd\u201d qrupundan m\u00fcharib\u0259y\u0259 etiraz musiqisi\",\"datePublished\":\"2022-04-08T08:59:11+00:00\",\"dateModified\":\"2022-04-08T08:59:13+00:00\",\"mainEntityOfPage\":{\"@id\":\"https:\\\/\\\/www.meydan.tv\\\/az\\\/article\\\/pink-floyd-qrupundan-muharibeye-etiraz-musiqisi\\\/\"},\"wordCount\":334,\"publisher\":{\"@id\":\"https:\\\/\\\/www.meydan.tv\\\/az\\\/#organization\"},\"image\":{\"@id\":\"https:\\\/\\\/www.meydan.tv\\\/az\\\/article\\\/pink-floyd-qrupundan-muharibeye-etiraz-musiqisi\\\/#primaryimage\"},\"thumbnailUrl\":\"https:\\\/\\\/www.meydan.tv\\\/wp-content\\\/uploads\\\/shutterstock_1716011518.jpg\",\"articleSection\":[\"M\u0259d\u0259niyy\u0259t\",\"X\u0259b\u0259rl\u0259r\"],\"inLanguage\":\"az\"},{\"@type\":\"WebPage\",\"@id\":\"https:\\\/\\\/www.meydan.tv\\\/az\\\/article\\\/pink-floyd-qrupundan-muharibeye-etiraz-musiqisi\\\/\",\"url\":\"https:\\\/\\\/www.meydan.tv\\\/az\\\/article\\\/pink-floyd-qrupundan-muharibeye-etiraz-musiqisi\\\/\",\"name\":\"\u201cPink Floyd\u201d qrupundan m\u00fcharib\u0259y\u0259 etiraz musiqisi - MEYDAN.TV\",\"isPartOf\":{\"@id\":\"https:\\\/\\\/www.meydan.tv\\\/az\\\/#website\"},\"primaryImageOfPage\":{\"@id\":\"https:\\\/\\\/www.meydan.tv\\\/az\\\/article\\\/pink-floyd-qrupundan-muharibeye-etiraz-musiqisi\\\/#primaryimage\"},\"image\":{\"@id\":\"https:\\\/\\\/www.meydan.tv\\\/az\\\/article\\\/pink-floyd-qrupundan-muharibeye-etiraz-musiqisi\\\/#primaryimage\"},\"thumbnailUrl\":\"https:\\\/\\\/www.meydan.tv\\\/wp-content\\\/uploads\\\/shutterstock_1716011518.jpg\",\"datePublished\":\"2022-04-08T08:59:11+00:00\",\"dateModified\":\"2022-04-08T08:59:13+00:00\",\"breadcrumb\":{\"@id\":\"https:\\\/\\\/www.meydan.tv\\\/az\\\/article\\\/pink-floyd-qrupundan-muharibeye-etiraz-musiqisi\\\/#breadcrumb\"},\"inLanguage\":\"az\",\"potentialAction\":[{\"@type\":\"ReadAction\",\"target\":[\"https:\\\/\\\/www.meydan.tv\\\/az\\\/article\\\/pink-floyd-qrupundan-muharibeye-etiraz-musiqisi\\\/\"]}]},{\"@type\":\"ImageObject\",\"inLanguage\":\"az\",\"@id\":\"https:\\\/\\\/www.meydan.tv\\\/az\\\/article\\\/pink-floyd-qrupundan-muharibeye-etiraz-musiqisi\\\/#primaryimage\",\"url\":\"https:\\\/\\\/www.meydan.tv\\\/wp-content\\\/uploads\\\/shutterstock_1716011518.jpg\",\"contentUrl\":\"https:\\\/\\\/www.meydan.tv\\\/wp-content\\\/uploads\\\/shutterstock_1716011518.jpg\",\"width\":1200,\"height\":675,\"caption\":\"\u201cPink Floyd\u201d qrupu. Foto: Kraft74\\\/shutterstock\"},{\"@type\":\"BreadcrumbList\",\"@id\":\"https:\\\/\\\/www.meydan.tv\\\/az\\\/article\\\/pink-floyd-qrupundan-muharibeye-etiraz-musiqisi\\\/#breadcrumb\",\"itemListElement\":[{\"@type\":\"ListItem\",\"position\":1,\"name\":\"Ana s\u0259hif\u0259\",\"item\":\"https:\\\/\\\/www.meydan.tv\\\/az\\\/\"},{\"@type\":\"ListItem\",\"position\":2,\"name\":\"M\u0259d\u0259niyy\u0259t\",\"item\":\"https:\\\/\\\/www.meydan.tv\\\/az\\\/section\\\/medeniyyet\\\/\"},{\"@type\":\"ListItem\",\"position\":3,\"name\":\"\u201cPink Floyd\u201d qrupundan m\u00fcharib\u0259y\u0259 etiraz musiqisi\"}]},{\"@type\":\"WebSite\",\"@id\":\"https:\\\/\\\/www.meydan.tv\\\/az\\\/#website\",\"url\":\"https:\\\/\\\/www.meydan.tv\\\/az\\\/\",\"name\":\"MEYDAN.TV\",\"description\":\"Meydan TV Az\u0259rbaycan\u0131n media m\u0259kan\u0131ndak\u0131 alternativ s\u0259sidir\",\"publisher\":{\"@id\":\"https:\\\/\\\/www.meydan.tv\\\/az\\\/#organization\"},\"potentialAction\":[{\"@type\":\"SearchAction\",\"target\":{\"@type\":\"EntryPoint\",\"urlTemplate\":\"https:\\\/\\\/www.meydan.tv\\\/az\\\/?s={search_term_string}\"},\"query-input\":{\"@type\":\"PropertyValueSpecification\",\"valueRequired\":true,\"valueName\":\"search_term_string\"}}],\"inLanguage\":\"az\"},{\"@type\":\"Organization\",\"@id\":\"https:\\\/\\\/www.meydan.tv\\\/az\\\/#organization\",\"name\":\"Meydan TV\",\"url\":\"https:\\\/\\\/www.meydan.tv\\\/az\\\/\",\"logo\":{\"@type\":\"ImageObject\",\"inLanguage\":\"az\",\"@id\":\"https:\\\/\\\/www.meydan.tv\\\/az\\\/#\\\/schema\\\/logo\\\/image\\\/\",\"url\":\"https:\\\/\\\/www.meydan.tv\\\/wp-content\\\/uploads\\\/2021\\\/07\\\/meydan-logo.svg\",\"contentUrl\":\"https:\\\/\\\/www.meydan.tv\\\/wp-content\\\/uploads\\\/2021\\\/07\\\/meydan-logo.svg\",\"width\":195,\"height\":46,\"caption\":\"Meydan TV\"},\"image\":{\"@id\":\"https:\\\/\\\/www.meydan.tv\\\/az\\\/#\\\/schema\\\/logo\\\/image\\\/\"}},{\"@type\":\"Person\",\"@id\":\"https:\\\/\\\/www.meydan.tv\\\/az\\\/#\\\/schema\\\/person\\\/9cdbecf90d17180ce1dfbd95b08dcf47\",\"name\":\"elli\",\"sameAs\":[\"https:\\\/\\\/x.com\\\/elli\"]}]}<\/script>\n<!-- \/ Yoast SEO plugin. -->","yoast_head_json":{"title":"\u201cPink Floyd\u201d qrupundan m\u00fcharib\u0259y\u0259 etiraz musiqisi - MEYDAN.TV","robots":{"index":"index","follow":"follow","max-snippet":"max-snippet:-1","max-image-preview":"max-image-preview:large","max-video-preview":"max-video-preview:-1"},"canonical":"https:\/\/www.meydan.tv\/az\/article\/pink-floyd-qrupundan-muharibeye-etiraz-musiqisi\/","og_locale":"az_AZ","og_type":"article","og_title":"\u201cPink Floyd\u201d qrupundan m\u00fcharib\u0259y\u0259 etiraz musiqisi - MEYDAN.TV","og_description":"&#8220;Sat\u0131\u015fdan \u0259ld\u0259 olunan g\u0259lirl\u0259r Ukraynaya g\u00f6nd\u0259ril\u0259c\u0259k&#8221; B\u00f6y\u00fck Britaniyan\u0131n \u201cPink Floyd\u201d ... Davam\u0131","og_url":"https:\/\/www.meydan.tv\/az\/article\/pink-floyd-qrupundan-muharibeye-etiraz-musiqisi\/","og_site_name":"MEYDAN.TV","article_published_time":"2022-04-08T08:59:11+00:00","article_modified_time":"2022-04-08T08:59:13+00:00","og_image":[{"width":1200,"height":675,"url":"https:\/\/www.meydan.tv\/wp-content\/uploads\/shutterstock_1716011518.jpg","type":"image\/jpeg"}],"author":"elli","twitter_card":"summary_large_image","twitter_creator":"@elli","schema":{"@context":"https:\/\/schema.org","@graph":[{"@type":"Article","@id":"https:\/\/www.meydan.tv\/az\/article\/pink-floyd-qrupundan-muharibeye-etiraz-musiqisi\/#article","isPartOf":{"@id":"https:\/\/www.meydan.tv\/az\/article\/pink-floyd-qrupundan-muharibeye-etiraz-musiqisi\/"},"author":{"name":"elli","@id":"https:\/\/www.meydan.tv\/az\/#\/schema\/person\/9cdbecf90d17180ce1dfbd95b08dcf47"},"headline":"\u201cPink Floyd\u201d qrupundan m\u00fcharib\u0259y\u0259 etiraz musiqisi","datePublished":"2022-04-08T08:59:11+00:00","dateModified":"2022-04-08T08:59:13+00:00","mainEntityOfPage":{"@id":"https:\/\/www.meydan.tv\/az\/article\/pink-floyd-qrupundan-muharibeye-etiraz-musiqisi\/"},"wordCount":334,"publisher":{"@id":"https:\/\/www.meydan.tv\/az\/#organization"},"image":{"@id":"https:\/\/www.meydan.tv\/az\/article\/pink-floyd-qrupundan-muharibeye-etiraz-musiqisi\/#primaryimage"},"thumbnailUrl":"https:\/\/www.meydan.tv\/wp-content\/uploads\/shutterstock_1716011518.jpg","articleSection":["M\u0259d\u0259niyy\u0259t","X\u0259b\u0259rl\u0259r"],"inLanguage":"az"},{"@type":"WebPage","@id":"https:\/\/www.meydan.tv\/az\/article\/pink-floyd-qrupundan-muharibeye-etiraz-musiqisi\/","url":"https:\/\/www.meydan.tv\/az\/article\/pink-floyd-qrupundan-muharibeye-etiraz-musiqisi\/","name":"\u201cPink Floyd\u201d qrupundan m\u00fcharib\u0259y\u0259 etiraz musiqisi - MEYDAN.TV","isPartOf":{"@id":"https:\/\/www.meydan.tv\/az\/#website"},"primaryImageOfPage":{"@id":"https:\/\/www.meydan.tv\/az\/article\/pink-floyd-qrupundan-muharibeye-etiraz-musiqisi\/#primaryimage"},"image":{"@id":"https:\/\/www.meydan.tv\/az\/article\/pink-floyd-qrupundan-muharibeye-etiraz-musiqisi\/#primaryimage"},"thumbnailUrl":"https:\/\/www.meydan.tv\/wp-content\/uploads\/shutterstock_1716011518.jpg","datePublished":"2022-04-08T08:59:11+00:00","dateModified":"2022-04-08T08:59:13+00:00","breadcrumb":{"@id":"https:\/\/www.meydan.tv\/az\/article\/pink-floyd-qrupundan-muharibeye-etiraz-musiqisi\/#breadcrumb"},"inLanguage":"az","potentialAction":[{"@type":"ReadAction","target":["https:\/\/www.meydan.tv\/az\/article\/pink-floyd-qrupundan-muharibeye-etiraz-musiqisi\/"]}]},{"@type":"ImageObject","inLanguage":"az","@id":"https:\/\/www.meydan.tv\/az\/article\/pink-floyd-qrupundan-muharibeye-etiraz-musiqisi\/#primaryimage","url":"https:\/\/www.meydan.tv\/wp-content\/uploads\/shutterstock_1716011518.jpg","contentUrl":"https:\/\/www.meydan.tv\/wp-content\/uploads\/shutterstock_1716011518.jpg","width":1200,"height":675,"caption":"\u201cPink Floyd\u201d qrupu. Foto: Kraft74\/shutterstock"},{"@type":"BreadcrumbList","@id":"https:\/\/www.meydan.tv\/az\/article\/pink-floyd-qrupundan-muharibeye-etiraz-musiqisi\/#breadcrumb","itemListElement":[{"@type":"ListItem","position":1,"name":"Ana s\u0259hif\u0259","item":"https:\/\/www.meydan.tv\/az\/"},{"@type":"ListItem","position":2,"name":"M\u0259d\u0259niyy\u0259t","item":"https:\/\/www.meydan.tv\/az\/section\/medeniyyet\/"},{"@type":"ListItem","position":3,"name":"\u201cPink Floyd\u201d qrupundan m\u00fcharib\u0259y\u0259 etiraz musiqisi"}]},{"@type":"WebSite","@id":"https:\/\/www.meydan.tv\/az\/#website","url":"https:\/\/www.meydan.tv\/az\/","name":"MEYDAN.TV","description":"Meydan TV Az\u0259rbaycan\u0131n media m\u0259kan\u0131ndak\u0131 alternativ s\u0259sidir","publisher":{"@id":"https:\/\/www.meydan.tv\/az\/#organization"},"potentialAction":[{"@type":"SearchAction","target":{"@type":"EntryPoint","urlTemplate":"https:\/\/www.meydan.tv\/az\/?s={search_term_string}"},"query-input":{"@type":"PropertyValueSpecification","valueRequired":true,"valueName":"search_term_string"}}],"inLanguage":"az"},{"@type":"Organization","@id":"https:\/\/www.meydan.tv\/az\/#organization","name":"Meydan TV","url":"https:\/\/www.meydan.tv\/az\/","logo":{"@type":"ImageObject","inLanguage":"az","@id":"https:\/\/www.meydan.tv\/az\/#\/schema\/logo\/image\/","url":"https:\/\/www.meydan.tv\/wp-content\/uploads\/2021\/07\/meydan-logo.svg","contentUrl":"https:\/\/www.meydan.tv\/wp-content\/uploads\/2021\/07\/meydan-logo.svg","width":195,"height":46,"caption":"Meydan TV"},"image":{"@id":"https:\/\/www.meydan.tv\/az\/#\/schema\/logo\/image\/"}},{"@type":"Person","@id":"https:\/\/www.meydan.tv\/az\/#\/schema\/person\/9cdbecf90d17180ce1dfbd95b08dcf47","name":"elli","sameAs":["https:\/\/x.com\/elli"]}]}},"_links":{"self":[{"href":"https:\/\/www.meydan.tv\/az\/wp-json\/wp\/v2\/posts\/241105","targetHints":{"allow":["GET"]}}],"collection":[{"href":"https:\/\/www.meydan.tv\/az\/wp-json\/wp\/v2\/posts"}],"about":[{"href":"https:\/\/www.meydan.tv\/az\/wp-json\/wp\/v2\/types\/post"}],"author":[{"embeddable":true,"href":"https:\/\/www.meydan.tv\/az\/wp-json\/wp\/v2\/users\/8"}],"replies":[{"embeddable":true,"href":"https:\/\/www.meydan.tv\/az\/wp-json\/wp\/v2\/comments?post=241105"}],"version-history":[{"count":2,"href":"https:\/\/www.meydan.tv\/az\/wp-json\/wp\/v2\/posts\/241105\/revisions"}],"predecessor-version":[{"id":241108,"href":"https:\/\/www.meydan.tv\/az\/wp-json\/wp\/v2\/posts\/241105\/revisions\/241108"}],"wp:featuredmedia":[{"embeddable":true,"href":"https:\/\/www.meydan.tv\/az\/wp-json\/wp\/v2\/media\/241102"}],"wp:attachment":[{"href":"https:\/\/www.meydan.tv\/az\/wp-json\/wp\/v2\/media?parent=241105"}],"wp:term":[{"taxonomy":"category","embeddable":true,"href":"https:\/\/www.meydan.tv\/az\/wp-json\/wp\/v2\/categories?post=241105"},{"taxonomy":"post_tag","embeddable":true,"href":"https:\/\/www.meydan.tv\/az\/wp-json\/wp\/v2\/tags?post=241105"}],"curies":[{"name":"wp","href":"https:\/\/api.w.org\/{rel}","templated":true}]}}