{"id":241100,"date":"2022-04-08T12:53:06","date_gmt":"2022-04-08T08:53:06","guid":{"rendered":"https:\/\/www.meydan.tv\/?p=241100"},"modified":"2022-04-08T12:53:08","modified_gmt":"2022-04-08T08:53:08","slug":"olqa-lyubimova-finlandiyada-saxlanilan-eksponatlar-rusiyaya-qaytarilacaq","status":"publish","type":"post","link":"https:\/\/www.meydan.tv\/az\/article\/olqa-lyubimova-finlandiyada-saxlanilan-eksponatlar-rusiyaya-qaytarilacaq\/","title":{"rendered":"Olqa Lyubimova: &#8220;Finlandiyada saxlan\u0131lan eksponatlar Rusiyaya qaytar\u0131lacaq&#8221;"},"content":{"rendered":"\n<p><\/p>\n\n\n\n<p><em>&#8220;Rusiyaya m\u0259xsus muzey eksponatlar\u0131 sanksiyalara m\u0259ruz qalm\u0131r&#8221;<\/em><br><\/p>\n\n\n\n<p>\u201cAvropa Komissiyas\u0131 bildirib ki, Finlandiya g\u00f6mr\u00fcy\u00fcnd\u0259 saxlan\u0131lan Rusiyaya m\u0259xsus muzey eksponatlar\u0131 sanksiyalara m\u0259ruz qalm\u0131r. \u018fs\u0259rl\u0259r g\u0259l\u0259n h\u0259ft\u0259sonu Rusiyaya qaytar\u0131lacaq\u201d.<\/p>\n\n\n\n<p>Rusiyan\u0131n m\u0259d\u0259niyy\u0259t naziri Olqa Lyubimova \u201cTelegram\u201d kanal\u0131nda bel\u0259 <a href=\"https:\/\/t.me\/olga_b_lyubimova\/333\" target=\"_blank\" rel=\"noreferrer noopener\">yaz\u0131b<\/a>.<\/p>\n\n\n\n<p>\u201cM\u0259d\u0259niyy\u0259t Nazirliyi art\u0131q kolleksiyalar\u0131n geri qaytar\u0131lmas\u0131n\u0131 t\u0259\u015fkil etm\u0259y\u0259 ba\u015flay\u0131b, g\u0259l\u0259n h\u0259ft\u0259sonu \u0259s\u0259rl\u0259rin Rusiya Federasiyas\u0131na qaytar\u0131laca\u011f\u0131 g\u00f6zl\u0259nilir. Xarici \u0130\u015fl\u0259r Nazirliyind\u0259n, Rusiyan\u0131n Finlandiyadak\u0131 s\u0259firliyind\u0259n v\u0259 Federal G\u00f6mr\u00fck Xidm\u0259tind\u0259n olan h\u0259mkarlar\u0131m\u0131za birg\u0259 \u0259m\u0259liyyat f\u0259aliyy\u0259tin\u0259 g\u00f6r\u0259 t\u0259\u015f\u0259kk\u00fcr edirik\u201d, &#8211; dey\u0259 m\u0259d\u0259niyy\u0259t naziri qeyd edib.<\/p>\n\n\n\n<p>Aprelin 2-3-d\u0259 Rusiyan\u0131n bir ne\u00e7\u0259 muzeyin\u0259 m\u0259xsus eksponatlar Finlandiya g\u00f6mr\u00fcy\u00fcnd\u0259 <a href=\"https:\/\/www.meydan.tv\/az\/article\/rusiya-finlandiyani-eksponatlara-gore-cerime-ile-hedeleyir\/\" target=\"_blank\" rel=\"noreferrer noopener\">saxlan\u0131l\u0131b<\/a>.<\/p>\n\n\n\n<p>R\u0259sml\u0259rin saxlan\u0131lmas\u0131 Avropa \u0130ttifaq\u0131n\u0131n (A\u0130) Rusiyaya t\u0259tbiq etdiyi sanksiyalarla \u0259laq\u0259dar oldu\u011fu bildirilib.<br>G\u00f6mr\u00fck m\u0259nt\u0259q\u0259sinin \u0259m\u0259kda\u015flar\u0131 y\u00fck\u00fc m\u00fcsadir\u0259 edib.<\/p>\n\n\n\n<p>M\u0259s\u0259l\u0259 il\u0259 ba\u011fl\u0131 ilkin ara\u015fd\u0131rmalara ba\u015flan\u0131ld\u0131\u011f\u0131 deyilir.<\/p>\n\n\n\n<p>Rusiya M\u0259d\u0259niyy\u0259t Nazirliyi bildirib ki, saxlan\u0131lan s\u0259n\u0259t \u0259s\u0259rl\u0259ri \u201cErmitaj\u201d, \u201cTretyakov\u201d qalereyalar\u0131na, \u201cSarskoye Selo\u201d, \u201cPavlovsk\u201d, \u201cQat\u00e7ina\u201d d\u00f6vl\u0259t muzey-qoruqlar\u0131na, \u015e\u0259rq D\u00f6vl\u0259t Muzeyin\u0259 v\u0259 Pu\u015fkin ad\u0131na D\u00f6vl\u0259t T\u0259sviri \u0130nc\u0259s\u0259n\u0259t Muzeyin\u0259 m\u0259xsus eksponatlard\u0131r.<\/p>\n\n\n\n<p>Rusiya fevral\u0131n 24-d\u0259 Ukraynada h\u0259rbi \u0259m\u0259liyyatlara ba\u015flay\u0131b.<\/p>\n\n\n\n<p>H\u0259min tarixd\u0259n etibar\u0259n Avropa \u0130ttifaq\u0131 \u00f6lk\u0259l\u0259ri, h\u0259m\u00e7inin B\u00f6y\u00fck Britaniya, AB\u015e, Kanada v\u0259 dig\u0259r \u00f6lk\u0259l\u0259r Rusiyaya m\u00fcxt\u0259lif sanksiyalar t\u0259tbiq edir.<\/p>\n\n\n\n<p>Maliyy\u0259 sanksiyalar\u0131 \u0259sas\u0259n oliqarxlara, y\u00fcks\u0259k r\u00fctb\u0259li h\u0259rb\u00e7il\u0259rin hesablar\u0131na, d\u00f6vl\u0259t m\u0259murlar\u0131na, prezident\u0259, onun k\u00f6m\u0259k\u00e7isin\u0259, nazirl\u0259r\u0259 qoyulan qada\u011falard\u0131r.<\/p>\n\n\n\n<p>B\u00fct\u00fcn bu sanksiyalar\u0131n s\u0259b\u0259bi Rusiyan\u0131n Ukraynaya h\u0259rbi m\u00fcdaxil\u0259 etm\u0259sidir.<\/p>\n\n\n\n<p>M\u0259qs\u0259d m\u00fcharib\u0259nin maliyy\u0259l\u0259\u015fdirilm\u0259sinin dayand\u0131r\u0131lmas\u0131d\u0131r. H\u0259m\u00e7inin bir s\u0131ra beyn\u0259lxalq musiqi, film \u015firk\u0259tl\u0259ri, o c\u00fcml\u0259d\u0259n, teatrlar, kinostudiyalar Rusiya v\u0259 s\u0259n\u0259t\u00e7il\u0259ri il\u0259 \u0259m\u0259kda\u015fl\u0131\u011f\u0131 dayand\u0131r\u0131b.<\/p>\n","protected":false},"excerpt":{"rendered":"<p>&#8220;Rusiyaya m\u0259xsus muzey eksponatlar\u0131 sanksiyalara m\u0259ruz qalm\u0131r&#8221; \u201cAvropa Komissiyas\u0131 bildirib &#8230; <\/p>\n<p class=\"read-more-container\"><a title=\"Olqa Lyubimova: &#8220;Finlandiyada saxlan\u0131lan eksponatlar Rusiyaya qaytar\u0131lacaq&#8221;\" class=\"read-more button\" href=\"https:\/\/www.meydan.tv\/az\/article\/olqa-lyubimova-finlandiyada-saxlanilan-eksponatlar-rusiyaya-qaytarilacaq\/#more-241100\" aria-label=\"Read more about Olqa Lyubimova: &#8220;Finlandiyada saxlan\u0131lan eksponatlar Rusiyaya qaytar\u0131lacaq&#8221;\">Davam\u0131<\/a><\/p>\n","protected":false},"author":8,"featured_media":241097,"comment_status":"closed","ping_status":"closed","sticky":false,"template":"","format":"standard","meta":{"_acf_changed":false,"_sitemap_exclude":false,"_sitemap_priority":"","_sitemap_frequency":"","footnotes":""},"categories":[52,56],"tags":[],"class_list":["post-241100","post","type-post","status-publish","format-standard","has-post-thumbnail","hentry","category-medeniyyet","category-xeberler","infinite-scroll-item","generate-columns","tablet-grid-50","mobile-grid-100","grid-parent","grid-33","no-featured-image-padding"],"acf":[],"yoast_head":"<!-- This site is optimized with the Yoast SEO plugin v27.5 - https:\/\/yoast.com\/product\/yoast-seo-wordpress\/ -->\n<title>Olqa Lyubimova: &quot;Finlandiyada saxlan\u0131lan eksponatlar Rusiyaya qaytar\u0131lacaq&quot; - MEYDAN.TV<\/title>\n<meta name=\"robots\" content=\"index, follow, max-snippet:-1, max-image-preview:large, max-video-preview:-1\" \/>\n<link rel=\"canonical\" href=\"https:\/\/www.meydan.tv\/az\/article\/olqa-lyubimova-finlandiyada-saxlanilan-eksponatlar-rusiyaya-qaytarilacaq\/\" \/>\n<meta property=\"og:locale\" content=\"az_AZ\" \/>\n<meta property=\"og:type\" content=\"article\" \/>\n<meta property=\"og:title\" content=\"Olqa Lyubimova: &quot;Finlandiyada saxlan\u0131lan eksponatlar Rusiyaya qaytar\u0131lacaq&quot; - MEYDAN.TV\" \/>\n<meta property=\"og:description\" content=\"&#8220;Rusiyaya m\u0259xsus muzey eksponatlar\u0131 sanksiyalara m\u0259ruz qalm\u0131r&#8221; \u201cAvropa Komissiyas\u0131 bildirib ... Davam\u0131\" \/>\n<meta property=\"og:url\" content=\"https:\/\/www.meydan.tv\/az\/article\/olqa-lyubimova-finlandiyada-saxlanilan-eksponatlar-rusiyaya-qaytarilacaq\/\" \/>\n<meta property=\"og:site_name\" content=\"MEYDAN.TV\" \/>\n<meta property=\"article:published_time\" content=\"2022-04-08T08:53:06+00:00\" \/>\n<meta property=\"article:modified_time\" content=\"2022-04-08T08:53:08+00:00\" \/>\n<meta property=\"og:image\" content=\"https:\/\/www.meydan.tv\/wp-content\/uploads\/shutterstock_2004296078-e1649407588776.jpg\" \/>\n\t<meta property=\"og:image:width\" content=\"1200\" \/>\n\t<meta property=\"og:image:height\" content=\"636\" \/>\n\t<meta property=\"og:image:type\" content=\"image\/jpeg\" \/>\n<meta name=\"author\" content=\"elli\" \/>\n<meta name=\"twitter:card\" content=\"summary_large_image\" \/>\n<meta name=\"twitter:creator\" content=\"@elli\" \/>\n<script type=\"application\/ld+json\" class=\"yoast-schema-graph\">{\"@context\":\"https:\\\/\\\/schema.org\",\"@graph\":[{\"@type\":\"Article\",\"@id\":\"https:\\\/\\\/www.meydan.tv\\\/az\\\/article\\\/olqa-lyubimova-finlandiyada-saxlanilan-eksponatlar-rusiyaya-qaytarilacaq\\\/#article\",\"isPartOf\":{\"@id\":\"https:\\\/\\\/www.meydan.tv\\\/az\\\/article\\\/olqa-lyubimova-finlandiyada-saxlanilan-eksponatlar-rusiyaya-qaytarilacaq\\\/\"},\"author\":{\"name\":\"elli\",\"@id\":\"https:\\\/\\\/www.meydan.tv\\\/az\\\/#\\\/schema\\\/person\\\/9cdbecf90d17180ce1dfbd95b08dcf47\"},\"headline\":\"Olqa Lyubimova: &#8220;Finlandiyada saxlan\u0131lan eksponatlar Rusiyaya qaytar\u0131lacaq&#8221;\",\"datePublished\":\"2022-04-08T08:53:06+00:00\",\"dateModified\":\"2022-04-08T08:53:08+00:00\",\"mainEntityOfPage\":{\"@id\":\"https:\\\/\\\/www.meydan.tv\\\/az\\\/article\\\/olqa-lyubimova-finlandiyada-saxlanilan-eksponatlar-rusiyaya-qaytarilacaq\\\/\"},\"wordCount\":419,\"publisher\":{\"@id\":\"https:\\\/\\\/www.meydan.tv\\\/az\\\/#organization\"},\"image\":{\"@id\":\"https:\\\/\\\/www.meydan.tv\\\/az\\\/article\\\/olqa-lyubimova-finlandiyada-saxlanilan-eksponatlar-rusiyaya-qaytarilacaq\\\/#primaryimage\"},\"thumbnailUrl\":\"https:\\\/\\\/www.meydan.tv\\\/wp-content\\\/uploads\\\/shutterstock_2004296078-e1649407588776.jpg\",\"articleSection\":[\"M\u0259d\u0259niyy\u0259t\",\"X\u0259b\u0259rl\u0259r\"],\"inLanguage\":\"az\"},{\"@type\":\"WebPage\",\"@id\":\"https:\\\/\\\/www.meydan.tv\\\/az\\\/article\\\/olqa-lyubimova-finlandiyada-saxlanilan-eksponatlar-rusiyaya-qaytarilacaq\\\/\",\"url\":\"https:\\\/\\\/www.meydan.tv\\\/az\\\/article\\\/olqa-lyubimova-finlandiyada-saxlanilan-eksponatlar-rusiyaya-qaytarilacaq\\\/\",\"name\":\"Olqa Lyubimova: \\\"Finlandiyada saxlan\u0131lan eksponatlar Rusiyaya qaytar\u0131lacaq\\\" - MEYDAN.TV\",\"isPartOf\":{\"@id\":\"https:\\\/\\\/www.meydan.tv\\\/az\\\/#website\"},\"primaryImageOfPage\":{\"@id\":\"https:\\\/\\\/www.meydan.tv\\\/az\\\/article\\\/olqa-lyubimova-finlandiyada-saxlanilan-eksponatlar-rusiyaya-qaytarilacaq\\\/#primaryimage\"},\"image\":{\"@id\":\"https:\\\/\\\/www.meydan.tv\\\/az\\\/article\\\/olqa-lyubimova-finlandiyada-saxlanilan-eksponatlar-rusiyaya-qaytarilacaq\\\/#primaryimage\"},\"thumbnailUrl\":\"https:\\\/\\\/www.meydan.tv\\\/wp-content\\\/uploads\\\/shutterstock_2004296078-e1649407588776.jpg\",\"datePublished\":\"2022-04-08T08:53:06+00:00\",\"dateModified\":\"2022-04-08T08:53:08+00:00\",\"breadcrumb\":{\"@id\":\"https:\\\/\\\/www.meydan.tv\\\/az\\\/article\\\/olqa-lyubimova-finlandiyada-saxlanilan-eksponatlar-rusiyaya-qaytarilacaq\\\/#breadcrumb\"},\"inLanguage\":\"az\",\"potentialAction\":[{\"@type\":\"ReadAction\",\"target\":[\"https:\\\/\\\/www.meydan.tv\\\/az\\\/article\\\/olqa-lyubimova-finlandiyada-saxlanilan-eksponatlar-rusiyaya-qaytarilacaq\\\/\"]}]},{\"@type\":\"ImageObject\",\"inLanguage\":\"az\",\"@id\":\"https:\\\/\\\/www.meydan.tv\\\/az\\\/article\\\/olqa-lyubimova-finlandiyada-saxlanilan-eksponatlar-rusiyaya-qaytarilacaq\\\/#primaryimage\",\"url\":\"https:\\\/\\\/www.meydan.tv\\\/wp-content\\\/uploads\\\/shutterstock_2004296078-e1649407588776.jpg\",\"contentUrl\":\"https:\\\/\\\/www.meydan.tv\\\/wp-content\\\/uploads\\\/shutterstock_2004296078-e1649407588776.jpg\",\"width\":1200,\"height\":636,\"caption\":\"Rusiyan\u0131n m\u0259d\u0259niyy\u0259t naziri Olqa Lyubimova. Foto: Alexey Smyshlyaev\\\/shutterstock\"},{\"@type\":\"BreadcrumbList\",\"@id\":\"https:\\\/\\\/www.meydan.tv\\\/az\\\/article\\\/olqa-lyubimova-finlandiyada-saxlanilan-eksponatlar-rusiyaya-qaytarilacaq\\\/#breadcrumb\",\"itemListElement\":[{\"@type\":\"ListItem\",\"position\":1,\"name\":\"Ana s\u0259hif\u0259\",\"item\":\"https:\\\/\\\/www.meydan.tv\\\/az\\\/\"},{\"@type\":\"ListItem\",\"position\":2,\"name\":\"M\u0259d\u0259niyy\u0259t\",\"item\":\"https:\\\/\\\/www.meydan.tv\\\/az\\\/section\\\/medeniyyet\\\/\"},{\"@type\":\"ListItem\",\"position\":3,\"name\":\"Olqa Lyubimova: &#8220;Finlandiyada saxlan\u0131lan eksponatlar Rusiyaya qaytar\u0131lacaq&#8221;\"}]},{\"@type\":\"WebSite\",\"@id\":\"https:\\\/\\\/www.meydan.tv\\\/az\\\/#website\",\"url\":\"https:\\\/\\\/www.meydan.tv\\\/az\\\/\",\"name\":\"MEYDAN.TV\",\"description\":\"Meydan TV Az\u0259rbaycan\u0131n media m\u0259kan\u0131ndak\u0131 alternativ s\u0259sidir\",\"publisher\":{\"@id\":\"https:\\\/\\\/www.meydan.tv\\\/az\\\/#organization\"},\"potentialAction\":[{\"@type\":\"SearchAction\",\"target\":{\"@type\":\"EntryPoint\",\"urlTemplate\":\"https:\\\/\\\/www.meydan.tv\\\/az\\\/?s={search_term_string}\"},\"query-input\":{\"@type\":\"PropertyValueSpecification\",\"valueRequired\":true,\"valueName\":\"search_term_string\"}}],\"inLanguage\":\"az\"},{\"@type\":\"Organization\",\"@id\":\"https:\\\/\\\/www.meydan.tv\\\/az\\\/#organization\",\"name\":\"Meydan TV\",\"url\":\"https:\\\/\\\/www.meydan.tv\\\/az\\\/\",\"logo\":{\"@type\":\"ImageObject\",\"inLanguage\":\"az\",\"@id\":\"https:\\\/\\\/www.meydan.tv\\\/az\\\/#\\\/schema\\\/logo\\\/image\\\/\",\"url\":\"https:\\\/\\\/www.meydan.tv\\\/wp-content\\\/uploads\\\/2021\\\/07\\\/meydan-logo.svg\",\"contentUrl\":\"https:\\\/\\\/www.meydan.tv\\\/wp-content\\\/uploads\\\/2021\\\/07\\\/meydan-logo.svg\",\"width\":195,\"height\":46,\"caption\":\"Meydan TV\"},\"image\":{\"@id\":\"https:\\\/\\\/www.meydan.tv\\\/az\\\/#\\\/schema\\\/logo\\\/image\\\/\"}},{\"@type\":\"Person\",\"@id\":\"https:\\\/\\\/www.meydan.tv\\\/az\\\/#\\\/schema\\\/person\\\/9cdbecf90d17180ce1dfbd95b08dcf47\",\"name\":\"elli\",\"sameAs\":[\"https:\\\/\\\/x.com\\\/elli\"]}]}<\/script>\n<!-- \/ Yoast SEO plugin. -->","yoast_head_json":{"title":"Olqa Lyubimova: \"Finlandiyada saxlan\u0131lan eksponatlar Rusiyaya qaytar\u0131lacaq\" - MEYDAN.TV","robots":{"index":"index","follow":"follow","max-snippet":"max-snippet:-1","max-image-preview":"max-image-preview:large","max-video-preview":"max-video-preview:-1"},"canonical":"https:\/\/www.meydan.tv\/az\/article\/olqa-lyubimova-finlandiyada-saxlanilan-eksponatlar-rusiyaya-qaytarilacaq\/","og_locale":"az_AZ","og_type":"article","og_title":"Olqa Lyubimova: \"Finlandiyada saxlan\u0131lan eksponatlar Rusiyaya qaytar\u0131lacaq\" - MEYDAN.TV","og_description":"&#8220;Rusiyaya m\u0259xsus muzey eksponatlar\u0131 sanksiyalara m\u0259ruz qalm\u0131r&#8221; \u201cAvropa Komissiyas\u0131 bildirib ... Davam\u0131","og_url":"https:\/\/www.meydan.tv\/az\/article\/olqa-lyubimova-finlandiyada-saxlanilan-eksponatlar-rusiyaya-qaytarilacaq\/","og_site_name":"MEYDAN.TV","article_published_time":"2022-04-08T08:53:06+00:00","article_modified_time":"2022-04-08T08:53:08+00:00","og_image":[{"width":1200,"height":636,"url":"https:\/\/www.meydan.tv\/wp-content\/uploads\/shutterstock_2004296078-e1649407588776.jpg","type":"image\/jpeg"}],"author":"elli","twitter_card":"summary_large_image","twitter_creator":"@elli","schema":{"@context":"https:\/\/schema.org","@graph":[{"@type":"Article","@id":"https:\/\/www.meydan.tv\/az\/article\/olqa-lyubimova-finlandiyada-saxlanilan-eksponatlar-rusiyaya-qaytarilacaq\/#article","isPartOf":{"@id":"https:\/\/www.meydan.tv\/az\/article\/olqa-lyubimova-finlandiyada-saxlanilan-eksponatlar-rusiyaya-qaytarilacaq\/"},"author":{"name":"elli","@id":"https:\/\/www.meydan.tv\/az\/#\/schema\/person\/9cdbecf90d17180ce1dfbd95b08dcf47"},"headline":"Olqa Lyubimova: &#8220;Finlandiyada saxlan\u0131lan eksponatlar Rusiyaya qaytar\u0131lacaq&#8221;","datePublished":"2022-04-08T08:53:06+00:00","dateModified":"2022-04-08T08:53:08+00:00","mainEntityOfPage":{"@id":"https:\/\/www.meydan.tv\/az\/article\/olqa-lyubimova-finlandiyada-saxlanilan-eksponatlar-rusiyaya-qaytarilacaq\/"},"wordCount":419,"publisher":{"@id":"https:\/\/www.meydan.tv\/az\/#organization"},"image":{"@id":"https:\/\/www.meydan.tv\/az\/article\/olqa-lyubimova-finlandiyada-saxlanilan-eksponatlar-rusiyaya-qaytarilacaq\/#primaryimage"},"thumbnailUrl":"https:\/\/www.meydan.tv\/wp-content\/uploads\/shutterstock_2004296078-e1649407588776.jpg","articleSection":["M\u0259d\u0259niyy\u0259t","X\u0259b\u0259rl\u0259r"],"inLanguage":"az"},{"@type":"WebPage","@id":"https:\/\/www.meydan.tv\/az\/article\/olqa-lyubimova-finlandiyada-saxlanilan-eksponatlar-rusiyaya-qaytarilacaq\/","url":"https:\/\/www.meydan.tv\/az\/article\/olqa-lyubimova-finlandiyada-saxlanilan-eksponatlar-rusiyaya-qaytarilacaq\/","name":"Olqa Lyubimova: \"Finlandiyada saxlan\u0131lan eksponatlar Rusiyaya qaytar\u0131lacaq\" - MEYDAN.TV","isPartOf":{"@id":"https:\/\/www.meydan.tv\/az\/#website"},"primaryImageOfPage":{"@id":"https:\/\/www.meydan.tv\/az\/article\/olqa-lyubimova-finlandiyada-saxlanilan-eksponatlar-rusiyaya-qaytarilacaq\/#primaryimage"},"image":{"@id":"https:\/\/www.meydan.tv\/az\/article\/olqa-lyubimova-finlandiyada-saxlanilan-eksponatlar-rusiyaya-qaytarilacaq\/#primaryimage"},"thumbnailUrl":"https:\/\/www.meydan.tv\/wp-content\/uploads\/shutterstock_2004296078-e1649407588776.jpg","datePublished":"2022-04-08T08:53:06+00:00","dateModified":"2022-04-08T08:53:08+00:00","breadcrumb":{"@id":"https:\/\/www.meydan.tv\/az\/article\/olqa-lyubimova-finlandiyada-saxlanilan-eksponatlar-rusiyaya-qaytarilacaq\/#breadcrumb"},"inLanguage":"az","potentialAction":[{"@type":"ReadAction","target":["https:\/\/www.meydan.tv\/az\/article\/olqa-lyubimova-finlandiyada-saxlanilan-eksponatlar-rusiyaya-qaytarilacaq\/"]}]},{"@type":"ImageObject","inLanguage":"az","@id":"https:\/\/www.meydan.tv\/az\/article\/olqa-lyubimova-finlandiyada-saxlanilan-eksponatlar-rusiyaya-qaytarilacaq\/#primaryimage","url":"https:\/\/www.meydan.tv\/wp-content\/uploads\/shutterstock_2004296078-e1649407588776.jpg","contentUrl":"https:\/\/www.meydan.tv\/wp-content\/uploads\/shutterstock_2004296078-e1649407588776.jpg","width":1200,"height":636,"caption":"Rusiyan\u0131n m\u0259d\u0259niyy\u0259t naziri Olqa Lyubimova. Foto: Alexey Smyshlyaev\/shutterstock"},{"@type":"BreadcrumbList","@id":"https:\/\/www.meydan.tv\/az\/article\/olqa-lyubimova-finlandiyada-saxlanilan-eksponatlar-rusiyaya-qaytarilacaq\/#breadcrumb","itemListElement":[{"@type":"ListItem","position":1,"name":"Ana s\u0259hif\u0259","item":"https:\/\/www.meydan.tv\/az\/"},{"@type":"ListItem","position":2,"name":"M\u0259d\u0259niyy\u0259t","item":"https:\/\/www.meydan.tv\/az\/section\/medeniyyet\/"},{"@type":"ListItem","position":3,"name":"Olqa Lyubimova: &#8220;Finlandiyada saxlan\u0131lan eksponatlar Rusiyaya qaytar\u0131lacaq&#8221;"}]},{"@type":"WebSite","@id":"https:\/\/www.meydan.tv\/az\/#website","url":"https:\/\/www.meydan.tv\/az\/","name":"MEYDAN.TV","description":"Meydan TV Az\u0259rbaycan\u0131n media m\u0259kan\u0131ndak\u0131 alternativ s\u0259sidir","publisher":{"@id":"https:\/\/www.meydan.tv\/az\/#organization"},"potentialAction":[{"@type":"SearchAction","target":{"@type":"EntryPoint","urlTemplate":"https:\/\/www.meydan.tv\/az\/?s={search_term_string}"},"query-input":{"@type":"PropertyValueSpecification","valueRequired":true,"valueName":"search_term_string"}}],"inLanguage":"az"},{"@type":"Organization","@id":"https:\/\/www.meydan.tv\/az\/#organization","name":"Meydan TV","url":"https:\/\/www.meydan.tv\/az\/","logo":{"@type":"ImageObject","inLanguage":"az","@id":"https:\/\/www.meydan.tv\/az\/#\/schema\/logo\/image\/","url":"https:\/\/www.meydan.tv\/wp-content\/uploads\/2021\/07\/meydan-logo.svg","contentUrl":"https:\/\/www.meydan.tv\/wp-content\/uploads\/2021\/07\/meydan-logo.svg","width":195,"height":46,"caption":"Meydan TV"},"image":{"@id":"https:\/\/www.meydan.tv\/az\/#\/schema\/logo\/image\/"}},{"@type":"Person","@id":"https:\/\/www.meydan.tv\/az\/#\/schema\/person\/9cdbecf90d17180ce1dfbd95b08dcf47","name":"elli","sameAs":["https:\/\/x.com\/elli"]}]}},"_links":{"self":[{"href":"https:\/\/www.meydan.tv\/az\/wp-json\/wp\/v2\/posts\/241100","targetHints":{"allow":["GET"]}}],"collection":[{"href":"https:\/\/www.meydan.tv\/az\/wp-json\/wp\/v2\/posts"}],"about":[{"href":"https:\/\/www.meydan.tv\/az\/wp-json\/wp\/v2\/types\/post"}],"author":[{"embeddable":true,"href":"https:\/\/www.meydan.tv\/az\/wp-json\/wp\/v2\/users\/8"}],"replies":[{"embeddable":true,"href":"https:\/\/www.meydan.tv\/az\/wp-json\/wp\/v2\/comments?post=241100"}],"version-history":[{"count":1,"href":"https:\/\/www.meydan.tv\/az\/wp-json\/wp\/v2\/posts\/241100\/revisions"}],"predecessor-version":[{"id":241101,"href":"https:\/\/www.meydan.tv\/az\/wp-json\/wp\/v2\/posts\/241100\/revisions\/241101"}],"wp:featuredmedia":[{"embeddable":true,"href":"https:\/\/www.meydan.tv\/az\/wp-json\/wp\/v2\/media\/241097"}],"wp:attachment":[{"href":"https:\/\/www.meydan.tv\/az\/wp-json\/wp\/v2\/media?parent=241100"}],"wp:term":[{"taxonomy":"category","embeddable":true,"href":"https:\/\/www.meydan.tv\/az\/wp-json\/wp\/v2\/categories?post=241100"},{"taxonomy":"post_tag","embeddable":true,"href":"https:\/\/www.meydan.tv\/az\/wp-json\/wp\/v2\/tags?post=241100"}],"curies":[{"name":"wp","href":"https:\/\/api.w.org\/{rel}","templated":true}]}}