{"id":241076,"date":"2022-04-07T22:30:12","date_gmt":"2022-04-07T18:30:12","guid":{"rendered":"https:\/\/www.meydan.tv\/?p=241076"},"modified":"2022-04-08T11:34:47","modified_gmt":"2022-04-08T07:34:47","slug":"partlayisda-helak-olan-xadimecinin-refiqesi-onun-usagini-kim-saxlayacaq","status":"publish","type":"post","link":"https:\/\/www.meydan.tv\/az\/article\/partlayisda-helak-olan-xadimecinin-refiqesi-onun-usagini-kim-saxlayacaq\/","title":{"rendered":"Partlay\u0131\u015fda h\u0259lak olan xadim\u0259nin r\u0259fiq\u0259si: &#8220;Onun u\u015fa\u011f\u0131n\u0131 kim saxlayacaq?!&#8221;"},"content":{"rendered":"\n<figure class=\"wp-block-embed is-type-video is-provider-youtube wp-block-embed-youtube wp-embed-aspect-16-9 wp-has-aspect-ratio\"><div class=\"wp-block-embed__wrapper\">\n<iframe title=\"Partlay\u0131\u015fda h\u0259lak olan xadim\u0259\u00e7inin r\u0259fiq\u0259si: &quot;Onun u\u015fa\u011f\u0131n\u0131 kim saxlayacaq?!&quot;\" width=\"1200\" height=\"675\" data-src=\"https:\/\/www.youtube.com\/embed\/vhEzsQd1klw?feature=oembed\" frameborder=\"0\" allow=\"accelerometer; autoplay; clipboard-write; encrypted-media; gyroscope; picture-in-picture\" allowfullscreen src=\"data:image\/svg+xml;base64,PHN2ZyB3aWR0aD0iMSIgaGVpZ2h0PSIxIiB4bWxucz0iaHR0cDovL3d3dy53My5vcmcvMjAwMC9zdmciPjwvc3ZnPg==\" class=\"lazyload\" data-load-mode=\"1\"><\/iframe>\n<\/div><\/figure>\n\n\n\n<!--more-->\n\n\n\n<p>3 apreld\u0259, gec\u0259 saat 3 rad\u0259l\u0259rind\u0259 S\u0259bail rayonunda yerl\u0259\u015f\u0259n \u201cLocation\u201d klubda partlay\u0131\u015f n\u0259tic\u0259sind\u0259 2 n\u0259f\u0259r h\u0259lak olub, 36 n\u0259f\u0259r yaralan\u0131b. H\u0259lak olanlar\u0131n i\u00e7\u0259risind\u0259 klubda xadim\u0259 i\u015fl\u0259y\u0259n 43 ya\u015fl\u0131 Maya Axundova da olub. O, yolda\u015f\u0131ndan ayr\u0131l\u0131b, iki yerd\u0259 \u00e7al\u0131\u015f\u0131b bir o\u011fluna bax\u0131rm\u0131\u015f.\u00a0<\/p>\n\n\n\n<p>Ba\u015f prokurorluq m\u0259lumat yay\u0131b ki, hadis\u0259y\u0259 s\u0259b\u0259b klubda istifad\u0259 olunan propan qaz balonunun partlamas\u0131d\u0131r. Qurum bildirib ki, qaz balonundan qanunsuz v\u0259 m\u00f6vcud qaydalar\u0131 pozaraq istifad\u0259 olunub. Azad \u0130stehlak\u00e7\u0131lar Birliyinin kommunal xidm\u0259tl\u0259r \u00fczr\u0259 eksperti N\u00fcsr\u0259t Qas\u0131mov deyir ki, propan qaz balonlar\u0131n\u0131n istehsal\u0131, istifad\u0259si daim n\u0259zar\u0259td\u0259 olmal\u0131d\u0131r. Amma bu sah\u0259 n\u0259zar\u0259tsiz qal\u0131b.&nbsp;<\/p>\n\n\n\n<p>Klub ya\u015fay\u0131\u015f binas\u0131n\u0131n birinci m\u0259rt\u0259b\u0259sind\u0259 yerl\u0259\u015fib. Partlay\u0131\u015f n\u0259tic\u0259sind\u0259 14 avtomobil, 1 m\u0259nzil v\u0259 2 qeyri-ya\u015fay\u0131\u015f obyektin\u0259 ziyan d\u0259yib. Faktla ba\u011fl\u0131 Cinay\u0259t M\u0259c\u0259ll\u0259sinin yan\u011f\u0131n t\u0259hl\u00fck\u0259sizliyi qaydalar\u0131n\u0131 pozma, s\u0259hl\u0259nkarl\u0131q-ehtiyats\u0131zl\u0131qdan z\u0259r\u0259r\u00e7\u0259kmi\u015f \u015f\u0259xsin \u00f6l\u00fcm\u00fcn\u0259 v\u0259 ya dig\u0259r a\u011f\u0131r n\u0259tic\u0259l\u0259r\u0259 s\u0259b\u0259b olduqda madd\u0259l\u0259ri il\u0259 cinay\u0259t i\u015fi a\u00e7\u0131l\u0131b. \u0130a\u015f\u0259 obyektini icar\u0259y\u0259 g\u00f6t\u00fcrm\u00fc\u015f \u201cMerser food\u201d MMC-nin administratoru i\u015fl\u0259y\u0259n R\u0259sul R\u0259sulov, MMC-nin t\u0259sis\u00e7isi Orxan S\u0259f\u0259rov, FHN-nin D\u00f6vl\u0259t Yan\u011f\u0131n N\u0259zar\u0259ti Xidm\u0259tinin 2-ci \u018frazi D\u00f6vl\u0259t Yan\u011f\u0131n \u018frazi idar\u0259sinin inspektoru Ruslan M\u0259mm\u0259dov bar\u0259sind\u0259 Bin\u0259q\u0259di Rayon M\u0259hk\u0259m\u0259sinin q\u0259rar\u0131 il\u0259 h\u0259bs-q\u0259timkan t\u0259dbiri se\u00e7ilib.\u00a0<\/p>\n\n\n\n<p>Hadis\u0259d\u0259n sonra Bak\u0131 \u015e\u0259h\u0259r \u0130cra Hakimiyy\u0259ti v\u0259 \u201cAz\u0259riqaz\u201d \u0130stehsalat Birliyinin n\u00fcmay\u0259nd\u0259l\u0259rind\u0259n ibar\u0259t yarad\u0131lm\u0131\u015f x\u00fcsusi qruplar paytaxt\u0131n ictimai-ia\u015f\u0259 obyektl\u0259rind\u0259 monitorinql\u0259r\u0259 ba\u015flay\u0131blar. \u0130cra Hakimiyy\u0259tinin yayd\u0131\u011f\u0131 m\u0259lumatda bildirilir ki, zirz\u0259mi v\u0259 ya\u015fay\u0131\u015f binas\u0131n\u0131n birinci m\u0259rt\u0259b\u0259sind\u0259 yerl\u0259\u015f\u0259n b\u0259zi obyektl\u0259rd\u0259 qaz balonlar\u0131ndan istifad\u0259 edilm\u0259si, h\u0259m\u00e7inin buraya rezin v\u0259 dig\u0259r materiallardan haz\u0131rlanan \u015flanqlar vasit\u0259si il\u0259 \u00e7\u0259kil\u0259n qaz x\u0259tl\u0259ri a\u015fkar edilib v\u0259 bu n\u00f6qsanlar obyekt r\u0259hb\u0259rliyinin n\u0259z\u0259rin\u0259 \u00e7atd\u0131r\u0131l\u0131b. Monitorinql\u0259rin n\u0259tic\u0259l\u0259ri yekunla\u015fandan sonra sahibkarlarla m\u00fcvafiq seminarlar\u0131n ke\u00e7irilm\u0259si planla\u015fd\u0131r\u0131l\u0131r.&nbsp;<\/p>\n\n\n\n<p>Bu vaxta q\u0259d\u0259r ictimai ia\u015f\u0259 obyektl\u0259rind\u0259 propan qaz balonlar\u0131n\u0131n partlamas\u0131 n\u0259tic\u0259sind\u0259 yan\u011f\u0131nlar olub. 2010-cu ild\u0259 S\u0259bail rayonu \u0259razisind\u0259 yerl\u0259\u015f\u0259n \u201cElif\u201d restoran\u0131nda partlay\u0131\u015f n\u0259tic\u0259sind\u0259 3 n\u0259f\u0259r x\u0259sar\u0259t alm\u0131\u015fd\u0131.&nbsp;<\/p>\n\n\n\n<p>2018-ci ild\u0259 Bin\u0259q\u0259di rayonunda yerl\u0259\u015f\u0259n \u00e7ayxanada qaz balonunun partlamas\u0131 n\u0259tic\u0259sind\u0259 2 n\u0259f\u0259r h\u0259lak olmu\u015fdu.<\/p>\n","protected":false},"excerpt":{"rendered":"","protected":false},"author":14,"featured_media":241078,"comment_status":"closed","ping_status":"closed","sticky":false,"template":"","format":"standard","meta":{"_acf_changed":false,"_sitemap_exclude":false,"_sitemap_priority":"","_sitemap_frequency":"","footnotes":""},"categories":[61,63],"tags":[],"class_list":["post-241076","post","type-post","status-publish","format-standard","has-post-thumbnail","hentry","category-reportaj","category-video-2","infinite-scroll-item","generate-columns","tablet-grid-50","mobile-grid-100","grid-parent","grid-33","no-featured-image-padding"],"acf":[],"yoast_head":"<!-- This site is optimized with the Yoast SEO plugin v27.4 - https:\/\/yoast.com\/product\/yoast-seo-wordpress\/ -->\n<title>Partlay\u0131\u015fda h\u0259lak olan xadim\u0259nin r\u0259fiq\u0259si: &quot;Onun u\u015fa\u011f\u0131n\u0131 kim saxlayacaq?!&quot; - MEYDAN.TV<\/title>\n<meta name=\"robots\" content=\"index, follow, max-snippet:-1, max-image-preview:large, max-video-preview:-1\" \/>\n<link rel=\"canonical\" href=\"https:\/\/www.meydan.tv\/az\/article\/partlayisda-helak-olan-xadimecinin-refiqesi-onun-usagini-kim-saxlayacaq\/\" \/>\n<meta property=\"og:locale\" content=\"az_AZ\" \/>\n<meta property=\"og:type\" content=\"article\" \/>\n<meta property=\"og:title\" content=\"Partlay\u0131\u015fda h\u0259lak olan xadim\u0259nin r\u0259fiq\u0259si: &quot;Onun u\u015fa\u011f\u0131n\u0131 kim saxlayacaq?!&quot; - MEYDAN.TV\" \/>\n<meta property=\"og:url\" content=\"https:\/\/www.meydan.tv\/az\/article\/partlayisda-helak-olan-xadimecinin-refiqesi-onun-usagini-kim-saxlayacaq\/\" \/>\n<meta property=\"og:site_name\" content=\"MEYDAN.TV\" \/>\n<meta property=\"article:published_time\" content=\"2022-04-07T18:30:12+00:00\" \/>\n<meta property=\"article:modified_time\" content=\"2022-04-08T07:34:47+00:00\" \/>\n<meta property=\"og:image\" content=\"https:\/\/www.meydan.tv\/wp-content\/uploads\/photo_2022-04-07-19.57.42.jpeg\" \/>\n\t<meta property=\"og:image:width\" content=\"1041\" \/>\n\t<meta property=\"og:image:height\" content=\"580\" \/>\n\t<meta property=\"og:image:type\" content=\"image\/jpeg\" \/>\n<meta name=\"author\" content=\"roma\" \/>\n<meta name=\"twitter:card\" content=\"summary_large_image\" \/>\n<script type=\"application\/ld+json\" class=\"yoast-schema-graph\">{\"@context\":\"https:\\\/\\\/schema.org\",\"@graph\":[{\"@type\":\"Article\",\"@id\":\"https:\\\/\\\/www.meydan.tv\\\/az\\\/article\\\/partlayisda-helak-olan-xadimecinin-refiqesi-onun-usagini-kim-saxlayacaq\\\/#article\",\"isPartOf\":{\"@id\":\"https:\\\/\\\/www.meydan.tv\\\/az\\\/article\\\/partlayisda-helak-olan-xadimecinin-refiqesi-onun-usagini-kim-saxlayacaq\\\/\"},\"author\":{\"name\":\"roma\",\"@id\":\"https:\\\/\\\/www.meydan.tv\\\/az\\\/#\\\/schema\\\/person\\\/8f23e01c4de63326c13c319fb65ee65d\"},\"headline\":\"Partlay\u0131\u015fda h\u0259lak olan xadim\u0259nin r\u0259fiq\u0259si: &#8220;Onun u\u015fa\u011f\u0131n\u0131 kim saxlayacaq?!&#8221;\",\"datePublished\":\"2022-04-07T18:30:12+00:00\",\"dateModified\":\"2022-04-08T07:34:47+00:00\",\"mainEntityOfPage\":{\"@id\":\"https:\\\/\\\/www.meydan.tv\\\/az\\\/article\\\/partlayisda-helak-olan-xadimecinin-refiqesi-onun-usagini-kim-saxlayacaq\\\/\"},\"wordCount\":514,\"publisher\":{\"@id\":\"https:\\\/\\\/www.meydan.tv\\\/az\\\/#organization\"},\"image\":{\"@id\":\"https:\\\/\\\/www.meydan.tv\\\/az\\\/article\\\/partlayisda-helak-olan-xadimecinin-refiqesi-onun-usagini-kim-saxlayacaq\\\/#primaryimage\"},\"thumbnailUrl\":\"https:\\\/\\\/www.meydan.tv\\\/wp-content\\\/uploads\\\/photo_2022-04-07-19.57.42.jpeg\",\"articleSection\":[\"Reportaj\",\"Video\"],\"inLanguage\":\"az\"},{\"@type\":\"WebPage\",\"@id\":\"https:\\\/\\\/www.meydan.tv\\\/az\\\/article\\\/partlayisda-helak-olan-xadimecinin-refiqesi-onun-usagini-kim-saxlayacaq\\\/\",\"url\":\"https:\\\/\\\/www.meydan.tv\\\/az\\\/article\\\/partlayisda-helak-olan-xadimecinin-refiqesi-onun-usagini-kim-saxlayacaq\\\/\",\"name\":\"Partlay\u0131\u015fda h\u0259lak olan xadim\u0259nin r\u0259fiq\u0259si: \\\"Onun u\u015fa\u011f\u0131n\u0131 kim saxlayacaq?!\\\" - MEYDAN.TV\",\"isPartOf\":{\"@id\":\"https:\\\/\\\/www.meydan.tv\\\/az\\\/#website\"},\"primaryImageOfPage\":{\"@id\":\"https:\\\/\\\/www.meydan.tv\\\/az\\\/article\\\/partlayisda-helak-olan-xadimecinin-refiqesi-onun-usagini-kim-saxlayacaq\\\/#primaryimage\"},\"image\":{\"@id\":\"https:\\\/\\\/www.meydan.tv\\\/az\\\/article\\\/partlayisda-helak-olan-xadimecinin-refiqesi-onun-usagini-kim-saxlayacaq\\\/#primaryimage\"},\"thumbnailUrl\":\"https:\\\/\\\/www.meydan.tv\\\/wp-content\\\/uploads\\\/photo_2022-04-07-19.57.42.jpeg\",\"datePublished\":\"2022-04-07T18:30:12+00:00\",\"dateModified\":\"2022-04-08T07:34:47+00:00\",\"breadcrumb\":{\"@id\":\"https:\\\/\\\/www.meydan.tv\\\/az\\\/article\\\/partlayisda-helak-olan-xadimecinin-refiqesi-onun-usagini-kim-saxlayacaq\\\/#breadcrumb\"},\"inLanguage\":\"az\",\"potentialAction\":[{\"@type\":\"ReadAction\",\"target\":[\"https:\\\/\\\/www.meydan.tv\\\/az\\\/article\\\/partlayisda-helak-olan-xadimecinin-refiqesi-onun-usagini-kim-saxlayacaq\\\/\"]}]},{\"@type\":\"ImageObject\",\"inLanguage\":\"az\",\"@id\":\"https:\\\/\\\/www.meydan.tv\\\/az\\\/article\\\/partlayisda-helak-olan-xadimecinin-refiqesi-onun-usagini-kim-saxlayacaq\\\/#primaryimage\",\"url\":\"https:\\\/\\\/www.meydan.tv\\\/wp-content\\\/uploads\\\/photo_2022-04-07-19.57.42.jpeg\",\"contentUrl\":\"https:\\\/\\\/www.meydan.tv\\\/wp-content\\\/uploads\\\/photo_2022-04-07-19.57.42.jpeg\",\"width\":1041,\"height\":580},{\"@type\":\"BreadcrumbList\",\"@id\":\"https:\\\/\\\/www.meydan.tv\\\/az\\\/article\\\/partlayisda-helak-olan-xadimecinin-refiqesi-onun-usagini-kim-saxlayacaq\\\/#breadcrumb\",\"itemListElement\":[{\"@type\":\"ListItem\",\"position\":1,\"name\":\"Ana s\u0259hif\u0259\",\"item\":\"https:\\\/\\\/www.meydan.tv\\\/az\\\/\"},{\"@type\":\"ListItem\",\"position\":2,\"name\":\"Video\",\"item\":\"https:\\\/\\\/www.meydan.tv\\\/az\\\/section\\\/video-2\\\/\"},{\"@type\":\"ListItem\",\"position\":3,\"name\":\"Partlay\u0131\u015fda h\u0259lak olan xadim\u0259nin r\u0259fiq\u0259si: &#8220;Onun u\u015fa\u011f\u0131n\u0131 kim saxlayacaq?!&#8221;\"}]},{\"@type\":\"WebSite\",\"@id\":\"https:\\\/\\\/www.meydan.tv\\\/az\\\/#website\",\"url\":\"https:\\\/\\\/www.meydan.tv\\\/az\\\/\",\"name\":\"MEYDAN.TV\",\"description\":\"Meydan TV Az\u0259rbaycan\u0131n media m\u0259kan\u0131ndak\u0131 alternativ s\u0259sidir\",\"publisher\":{\"@id\":\"https:\\\/\\\/www.meydan.tv\\\/az\\\/#organization\"},\"potentialAction\":[{\"@type\":\"SearchAction\",\"target\":{\"@type\":\"EntryPoint\",\"urlTemplate\":\"https:\\\/\\\/www.meydan.tv\\\/az\\\/?s={search_term_string}\"},\"query-input\":{\"@type\":\"PropertyValueSpecification\",\"valueRequired\":true,\"valueName\":\"search_term_string\"}}],\"inLanguage\":\"az\"},{\"@type\":\"Organization\",\"@id\":\"https:\\\/\\\/www.meydan.tv\\\/az\\\/#organization\",\"name\":\"Meydan TV\",\"url\":\"https:\\\/\\\/www.meydan.tv\\\/az\\\/\",\"logo\":{\"@type\":\"ImageObject\",\"inLanguage\":\"az\",\"@id\":\"https:\\\/\\\/www.meydan.tv\\\/az\\\/#\\\/schema\\\/logo\\\/image\\\/\",\"url\":\"https:\\\/\\\/www.meydan.tv\\\/wp-content\\\/uploads\\\/2021\\\/07\\\/meydan-logo.svg\",\"contentUrl\":\"https:\\\/\\\/www.meydan.tv\\\/wp-content\\\/uploads\\\/2021\\\/07\\\/meydan-logo.svg\",\"width\":195,\"height\":46,\"caption\":\"Meydan TV\"},\"image\":{\"@id\":\"https:\\\/\\\/www.meydan.tv\\\/az\\\/#\\\/schema\\\/logo\\\/image\\\/\"}},{\"@type\":\"Person\",\"@id\":\"https:\\\/\\\/www.meydan.tv\\\/az\\\/#\\\/schema\\\/person\\\/8f23e01c4de63326c13c319fb65ee65d\",\"name\":\"roma\"}]}<\/script>\n<!-- \/ Yoast SEO plugin. -->","yoast_head_json":{"title":"Partlay\u0131\u015fda h\u0259lak olan xadim\u0259nin r\u0259fiq\u0259si: \"Onun u\u015fa\u011f\u0131n\u0131 kim saxlayacaq?!\" - MEYDAN.TV","robots":{"index":"index","follow":"follow","max-snippet":"max-snippet:-1","max-image-preview":"max-image-preview:large","max-video-preview":"max-video-preview:-1"},"canonical":"https:\/\/www.meydan.tv\/az\/article\/partlayisda-helak-olan-xadimecinin-refiqesi-onun-usagini-kim-saxlayacaq\/","og_locale":"az_AZ","og_type":"article","og_title":"Partlay\u0131\u015fda h\u0259lak olan xadim\u0259nin r\u0259fiq\u0259si: \"Onun u\u015fa\u011f\u0131n\u0131 kim saxlayacaq?!\" - MEYDAN.TV","og_url":"https:\/\/www.meydan.tv\/az\/article\/partlayisda-helak-olan-xadimecinin-refiqesi-onun-usagini-kim-saxlayacaq\/","og_site_name":"MEYDAN.TV","article_published_time":"2022-04-07T18:30:12+00:00","article_modified_time":"2022-04-08T07:34:47+00:00","og_image":[{"width":1041,"height":580,"url":"https:\/\/www.meydan.tv\/wp-content\/uploads\/photo_2022-04-07-19.57.42.jpeg","type":"image\/jpeg"}],"author":"roma","twitter_card":"summary_large_image","schema":{"@context":"https:\/\/schema.org","@graph":[{"@type":"Article","@id":"https:\/\/www.meydan.tv\/az\/article\/partlayisda-helak-olan-xadimecinin-refiqesi-onun-usagini-kim-saxlayacaq\/#article","isPartOf":{"@id":"https:\/\/www.meydan.tv\/az\/article\/partlayisda-helak-olan-xadimecinin-refiqesi-onun-usagini-kim-saxlayacaq\/"},"author":{"name":"roma","@id":"https:\/\/www.meydan.tv\/az\/#\/schema\/person\/8f23e01c4de63326c13c319fb65ee65d"},"headline":"Partlay\u0131\u015fda h\u0259lak olan xadim\u0259nin r\u0259fiq\u0259si: &#8220;Onun u\u015fa\u011f\u0131n\u0131 kim saxlayacaq?!&#8221;","datePublished":"2022-04-07T18:30:12+00:00","dateModified":"2022-04-08T07:34:47+00:00","mainEntityOfPage":{"@id":"https:\/\/www.meydan.tv\/az\/article\/partlayisda-helak-olan-xadimecinin-refiqesi-onun-usagini-kim-saxlayacaq\/"},"wordCount":514,"publisher":{"@id":"https:\/\/www.meydan.tv\/az\/#organization"},"image":{"@id":"https:\/\/www.meydan.tv\/az\/article\/partlayisda-helak-olan-xadimecinin-refiqesi-onun-usagini-kim-saxlayacaq\/#primaryimage"},"thumbnailUrl":"https:\/\/www.meydan.tv\/wp-content\/uploads\/photo_2022-04-07-19.57.42.jpeg","articleSection":["Reportaj","Video"],"inLanguage":"az"},{"@type":"WebPage","@id":"https:\/\/www.meydan.tv\/az\/article\/partlayisda-helak-olan-xadimecinin-refiqesi-onun-usagini-kim-saxlayacaq\/","url":"https:\/\/www.meydan.tv\/az\/article\/partlayisda-helak-olan-xadimecinin-refiqesi-onun-usagini-kim-saxlayacaq\/","name":"Partlay\u0131\u015fda h\u0259lak olan xadim\u0259nin r\u0259fiq\u0259si: \"Onun u\u015fa\u011f\u0131n\u0131 kim saxlayacaq?!\" - MEYDAN.TV","isPartOf":{"@id":"https:\/\/www.meydan.tv\/az\/#website"},"primaryImageOfPage":{"@id":"https:\/\/www.meydan.tv\/az\/article\/partlayisda-helak-olan-xadimecinin-refiqesi-onun-usagini-kim-saxlayacaq\/#primaryimage"},"image":{"@id":"https:\/\/www.meydan.tv\/az\/article\/partlayisda-helak-olan-xadimecinin-refiqesi-onun-usagini-kim-saxlayacaq\/#primaryimage"},"thumbnailUrl":"https:\/\/www.meydan.tv\/wp-content\/uploads\/photo_2022-04-07-19.57.42.jpeg","datePublished":"2022-04-07T18:30:12+00:00","dateModified":"2022-04-08T07:34:47+00:00","breadcrumb":{"@id":"https:\/\/www.meydan.tv\/az\/article\/partlayisda-helak-olan-xadimecinin-refiqesi-onun-usagini-kim-saxlayacaq\/#breadcrumb"},"inLanguage":"az","potentialAction":[{"@type":"ReadAction","target":["https:\/\/www.meydan.tv\/az\/article\/partlayisda-helak-olan-xadimecinin-refiqesi-onun-usagini-kim-saxlayacaq\/"]}]},{"@type":"ImageObject","inLanguage":"az","@id":"https:\/\/www.meydan.tv\/az\/article\/partlayisda-helak-olan-xadimecinin-refiqesi-onun-usagini-kim-saxlayacaq\/#primaryimage","url":"https:\/\/www.meydan.tv\/wp-content\/uploads\/photo_2022-04-07-19.57.42.jpeg","contentUrl":"https:\/\/www.meydan.tv\/wp-content\/uploads\/photo_2022-04-07-19.57.42.jpeg","width":1041,"height":580},{"@type":"BreadcrumbList","@id":"https:\/\/www.meydan.tv\/az\/article\/partlayisda-helak-olan-xadimecinin-refiqesi-onun-usagini-kim-saxlayacaq\/#breadcrumb","itemListElement":[{"@type":"ListItem","position":1,"name":"Ana s\u0259hif\u0259","item":"https:\/\/www.meydan.tv\/az\/"},{"@type":"ListItem","position":2,"name":"Video","item":"https:\/\/www.meydan.tv\/az\/section\/video-2\/"},{"@type":"ListItem","position":3,"name":"Partlay\u0131\u015fda h\u0259lak olan xadim\u0259nin r\u0259fiq\u0259si: &#8220;Onun u\u015fa\u011f\u0131n\u0131 kim saxlayacaq?!&#8221;"}]},{"@type":"WebSite","@id":"https:\/\/www.meydan.tv\/az\/#website","url":"https:\/\/www.meydan.tv\/az\/","name":"MEYDAN.TV","description":"Meydan TV Az\u0259rbaycan\u0131n media m\u0259kan\u0131ndak\u0131 alternativ s\u0259sidir","publisher":{"@id":"https:\/\/www.meydan.tv\/az\/#organization"},"potentialAction":[{"@type":"SearchAction","target":{"@type":"EntryPoint","urlTemplate":"https:\/\/www.meydan.tv\/az\/?s={search_term_string}"},"query-input":{"@type":"PropertyValueSpecification","valueRequired":true,"valueName":"search_term_string"}}],"inLanguage":"az"},{"@type":"Organization","@id":"https:\/\/www.meydan.tv\/az\/#organization","name":"Meydan TV","url":"https:\/\/www.meydan.tv\/az\/","logo":{"@type":"ImageObject","inLanguage":"az","@id":"https:\/\/www.meydan.tv\/az\/#\/schema\/logo\/image\/","url":"https:\/\/www.meydan.tv\/wp-content\/uploads\/2021\/07\/meydan-logo.svg","contentUrl":"https:\/\/www.meydan.tv\/wp-content\/uploads\/2021\/07\/meydan-logo.svg","width":195,"height":46,"caption":"Meydan TV"},"image":{"@id":"https:\/\/www.meydan.tv\/az\/#\/schema\/logo\/image\/"}},{"@type":"Person","@id":"https:\/\/www.meydan.tv\/az\/#\/schema\/person\/8f23e01c4de63326c13c319fb65ee65d","name":"roma"}]}},"_links":{"self":[{"href":"https:\/\/www.meydan.tv\/az\/wp-json\/wp\/v2\/posts\/241076","targetHints":{"allow":["GET"]}}],"collection":[{"href":"https:\/\/www.meydan.tv\/az\/wp-json\/wp\/v2\/posts"}],"about":[{"href":"https:\/\/www.meydan.tv\/az\/wp-json\/wp\/v2\/types\/post"}],"author":[{"embeddable":true,"href":"https:\/\/www.meydan.tv\/az\/wp-json\/wp\/v2\/users\/14"}],"replies":[{"embeddable":true,"href":"https:\/\/www.meydan.tv\/az\/wp-json\/wp\/v2\/comments?post=241076"}],"version-history":[{"count":2,"href":"https:\/\/www.meydan.tv\/az\/wp-json\/wp\/v2\/posts\/241076\/revisions"}],"predecessor-version":[{"id":241090,"href":"https:\/\/www.meydan.tv\/az\/wp-json\/wp\/v2\/posts\/241076\/revisions\/241090"}],"wp:featuredmedia":[{"embeddable":true,"href":"https:\/\/www.meydan.tv\/az\/wp-json\/wp\/v2\/media\/241078"}],"wp:attachment":[{"href":"https:\/\/www.meydan.tv\/az\/wp-json\/wp\/v2\/media?parent=241076"}],"wp:term":[{"taxonomy":"category","embeddable":true,"href":"https:\/\/www.meydan.tv\/az\/wp-json\/wp\/v2\/categories?post=241076"},{"taxonomy":"post_tag","embeddable":true,"href":"https:\/\/www.meydan.tv\/az\/wp-json\/wp\/v2\/tags?post=241076"}],"curies":[{"name":"wp","href":"https:\/\/api.w.org\/{rel}","templated":true}]}}