{"id":240990,"date":"2022-04-07T14:54:51","date_gmt":"2022-04-07T10:54:51","guid":{"rendered":"https:\/\/www.meydan.tv\/?p=240990"},"modified":"2022-04-07T15:40:46","modified_gmt":"2022-04-07T11:40:46","slug":"kreml-rus-medeniyyetine-hucum-cehdi-ozunumehvdir","status":"publish","type":"post","link":"https:\/\/www.meydan.tv\/az\/article\/kreml-rus-medeniyyetine-hucum-cehdi-ozunumehvdir\/","title":{"rendered":"Kreml: &#8220;Rus m\u0259d\u0259niyy\u0259tin\u0259 h\u00fccum c\u0259hdi \u00f6z\u00fcn\u00fcm\u0259hvdir&#8221;"},"content":{"rendered":"\n<p><\/p>\n\n\n\n<p><em>Mariya Zaxarova: &#8220;Q\u0259rbd\u0259 rusofobiya s\u00fcr\u0259tl\u0259 inki\u015faf edir&#8221;<\/em><br><\/p>\n\n\n\n<p>Rusiya Xarici \u0130\u015fl\u0259r Nazirliyinin s\u00f6z\u00e7\u00fcs\u00fc Mariya Zaxarova bir \u00e7ox Q\u0259rb \u00f6lk\u0259sind\u0259 rus m\u0259d\u0259niyy\u0259tin\u0259 v\u0259 n\u00fcmay\u0259nd\u0259l\u0259rin\u0259 h\u00fccumlar edildiyini <a href=\"https:\/\/tass.ru\/politika\/14300215\" target=\"_blank\" rel=\"noreferrer noopener\">deyib<\/a>.<br><br>Zaxarova Q\u0259rbd\u0259 rus m\u0259d\u0259niyy\u0259tinin \u00f6n\u00fcn\u0259 ke\u00e7m\u0259k c\u0259hdl\u0259rini \u00f6z\u00fcn\u00fcm\u0259hv adland\u0131r\u0131b.<br><\/p>\n\n\n\n<p>\u201c\u0130ctimai t\u0259crid, susqunluq, a\u015fkar faktlar\u0131 v\u0259 adlar\u0131 unutmaq \u00f6z\u00fcn\u00fc m\u0259hv etm\u0259kdir. T\u0259\u0259ss\u00fcf hissi il\u0259 qeyd edirik ki, Q\u0259rbd\u0259 rusofobiya s\u00fcr\u0259tl\u0259 inki\u015faf edir v\u0259 g\u00f6r\u00fcl\u0259n t\u0259dbirl\u0259r, v\u0259h\u015fi t\u0259dbirl\u0259r sivil davran\u0131\u015f\u0131n b\u00fct\u00fcn prinsipl\u0259rini pozur. T\u0259tbiq edil\u0259n qada\u011falar bu prosesin i\u015ftirak\u00e7\u0131lar\u0131n\u0131 t\u0259hdid edir. M\u0259n\u0259 el\u0259 g\u0259lir ki, m\u00fcasir d\u00fcnyada hans\u0131sa total koordinasiya itkisi var\u201d, &#8211; Zaxarova \u0259lav\u0259 edib.<br><\/p>\n\n\n\n<p>X\u0130N r\u0259smisi Milan-Bicocca universitetinin professoru Paolo Norinin Dostoyevski haqq\u0131nda m\u00fchazir\u0259d\u0259n imtinaya c\u0259hdini xat\u0131rad\u0131b.<br><\/p>\n\n\n\n<p>Paolo Nori Milan-Bicocca universitetind\u0259 Fyodor Dostoyevski haqq\u0131nda d\u00f6rd m\u00fchazir\u0259d\u0259n ibar\u0259t silsil\u0259sini \u201cm\u00fcbahis\u0259 yaratmamaq \u00fc\u00e7\u00fcn\u201d l\u0259\u011fv etm\u0259k ist\u0259mi\u015fdi.<br><\/p>\n\n\n\n<p>Professorun t\u0259klifi \u0259ks\u0259r italyanlar\u0131n, h\u0259m\u00e7inin siyas\u0259t\u00e7il\u0259rin t\u0259nqidin\u0259 tu\u015f g\u0259l\u0259r\u0259k realla\u015fmad\u0131.<br><\/p>\n\n\n\n<p>Zaxarova xat\u0131rlad\u0131b ki, \u00c7aykovski, \u015eestokovi\u00e7, Raxmaninov bir s\u0131ra \u00f6lk\u0259l\u0259rd\u0259 konsert afi\u015falar\u0131ndan y\u0131\u011f\u0131\u015fd\u0131r\u0131l\u0131b. H\u0259m\u00e7inin rus yaz\u0131\u00e7\u0131lar\u0131na v\u0259 kitablar\u0131na qada\u011fa qoyulub.<br><\/p>\n\n\n\n<p>Rusiyan\u0131n h\u0259rbi q\u00fcvv\u0259l\u0259ri Ukrayna \u0259razisin\u0259 daxil olandan sonra, \u0259ks\u0259r d\u00f6vl\u0259tl\u0259r ona sanksiya t\u0259tbiq edib.<br>Sanksiyalar iqtisadiyyat, maliyy\u0259 sah\u0259sind\u0259n m\u0259d\u0259niyy\u0259t\u0259 ke\u00e7ib.<br><\/p>\n\n\n\n<p>Opera m\u00fc\u011f\u0259nnisi Anna Netrebkonun konsertl\u0259ri Prezident Vladimir Putin\u0259 etiraz etm\u0259diyi \u00fc\u00e7\u00fcn l\u0259\u011fv olunub.<br><\/p>\n\n\n\n<p>Dirijor Valeri Gerqiyevd\u0259n Rusiyan\u0131n h\u0259rbi \u0259m\u0259liyyatlar\u0131n\u0131 t\u0259nqid etm\u0259si t\u0259l\u0259b olunub. Amma dirijor imtina etdiyi \u00fc\u00e7\u00fcn \u201cLa Skala\u201d opera teatr\u0131n\u0131n v\u0259 M\u00fcnhen Filarmoniyas\u0131n\u0131n Orkestrinin ba\u015f dirijoru v\u0259zif\u0259sind\u0259n k\u0259narla\u015fd\u0131r\u0131l\u0131b.<br><\/p>\n\n\n\n<p>Nyu-Yorkda piano\u00e7u Denis Matsuyevin konserti l\u0259\u011fv olunub.<br><\/p>\n\n\n\n<p>\u201c&#8217;Netflix\u201d Rusiyaya m\u0259xsus kinolayih\u0259l\u0259rin istehsal v\u0259 n\u00fcmayi\u015fini dayand\u0131r\u0131b.<br><\/p>\n\n\n\n<p>\u201cKann\u201d kinofestival\u0131n\u0131n r\u0259hb\u0259rliyi bu il Rusiyan\u0131n r\u0259smi n\u00fcmay\u0259nd\u0259 hey\u0259tinin i\u015ftirak\u0131n\u0131 qada\u011fan edib. Bununla bel\u0259, ayr\u0131-ayr\u0131 rejissorlar festivalda t\u0259msil oluna bil\u0259rl\u0259r.<br>Hollivud studiyalar\u0131 Rusiyada filml\u0259rinin prokat\u0131ndan imtina edib.<\/p>\n","protected":false},"excerpt":{"rendered":"<p>Mariya Zaxarova: &#8220;Q\u0259rbd\u0259 rusofobiya s\u00fcr\u0259tl\u0259 inki\u015faf edir&#8221; Rusiya Xarici \u0130\u015fl\u0259r &#8230; <\/p>\n<p class=\"read-more-container\"><a title=\"Kreml: &#8220;Rus m\u0259d\u0259niyy\u0259tin\u0259 h\u00fccum c\u0259hdi \u00f6z\u00fcn\u00fcm\u0259hvdir&#8221;\" class=\"read-more button\" href=\"https:\/\/www.meydan.tv\/az\/article\/kreml-rus-medeniyyetine-hucum-cehdi-ozunumehvdir\/#more-240990\" aria-label=\"Read more about Kreml: &#8220;Rus m\u0259d\u0259niyy\u0259tin\u0259 h\u00fccum c\u0259hdi \u00f6z\u00fcn\u00fcm\u0259hvdir&#8221;\">Davam\u0131<\/a><\/p>\n","protected":false},"author":8,"featured_media":105322,"comment_status":"closed","ping_status":"closed","sticky":false,"template":"","format":"standard","meta":{"_acf_changed":false,"_sitemap_exclude":false,"_sitemap_priority":"","_sitemap_frequency":"","footnotes":""},"categories":[52,56],"tags":[],"class_list":["post-240990","post","type-post","status-publish","format-standard","has-post-thumbnail","hentry","category-medeniyyet","category-xeberler","infinite-scroll-item","generate-columns","tablet-grid-50","mobile-grid-100","grid-parent","grid-33","no-featured-image-padding"],"acf":[],"yoast_head":"<!-- This site is optimized with the Yoast SEO plugin v27.5 - https:\/\/yoast.com\/product\/yoast-seo-wordpress\/ -->\n<title>Kreml: &quot;Rus m\u0259d\u0259niyy\u0259tin\u0259 h\u00fccum c\u0259hdi \u00f6z\u00fcn\u00fcm\u0259hvdir&quot; - MEYDAN.TV<\/title>\n<meta name=\"robots\" content=\"index, follow, max-snippet:-1, max-image-preview:large, max-video-preview:-1\" \/>\n<link rel=\"canonical\" href=\"https:\/\/www.meydan.tv\/az\/article\/kreml-rus-medeniyyetine-hucum-cehdi-ozunumehvdir\/\" \/>\n<meta property=\"og:locale\" content=\"az_AZ\" \/>\n<meta property=\"og:type\" content=\"article\" \/>\n<meta property=\"og:title\" content=\"Kreml: &quot;Rus m\u0259d\u0259niyy\u0259tin\u0259 h\u00fccum c\u0259hdi \u00f6z\u00fcn\u00fcm\u0259hvdir&quot; - MEYDAN.TV\" \/>\n<meta property=\"og:description\" content=\"Mariya Zaxarova: &#8220;Q\u0259rbd\u0259 rusofobiya s\u00fcr\u0259tl\u0259 inki\u015faf edir&#8221; Rusiya Xarici \u0130\u015fl\u0259r ... Davam\u0131\" \/>\n<meta property=\"og:url\" content=\"https:\/\/www.meydan.tv\/az\/article\/kreml-rus-medeniyyetine-hucum-cehdi-ozunumehvdir\/\" \/>\n<meta property=\"og:site_name\" content=\"MEYDAN.TV\" \/>\n<meta property=\"article:published_time\" content=\"2022-04-07T10:54:51+00:00\" \/>\n<meta property=\"article:modified_time\" content=\"2022-04-07T11:40:46+00:00\" \/>\n<meta property=\"og:image\" content=\"https:\/\/www.meydan.tv\/wp-content\/uploads\/41802-e1649328868952.jpg\" \/>\n\t<meta property=\"og:image:width\" content=\"1600\" \/>\n\t<meta property=\"og:image:height\" content=\"944\" \/>\n\t<meta property=\"og:image:type\" content=\"image\/jpeg\" \/>\n<meta name=\"author\" content=\"elli\" \/>\n<meta name=\"twitter:card\" content=\"summary_large_image\" \/>\n<meta name=\"twitter:creator\" content=\"@elli\" \/>\n<script type=\"application\/ld+json\" class=\"yoast-schema-graph\">{\"@context\":\"https:\\\/\\\/schema.org\",\"@graph\":[{\"@type\":\"Article\",\"@id\":\"https:\\\/\\\/www.meydan.tv\\\/az\\\/article\\\/kreml-rus-medeniyyetine-hucum-cehdi-ozunumehvdir\\\/#article\",\"isPartOf\":{\"@id\":\"https:\\\/\\\/www.meydan.tv\\\/az\\\/article\\\/kreml-rus-medeniyyetine-hucum-cehdi-ozunumehvdir\\\/\"},\"author\":{\"name\":\"elli\",\"@id\":\"https:\\\/\\\/www.meydan.tv\\\/az\\\/#\\\/schema\\\/person\\\/9cdbecf90d17180ce1dfbd95b08dcf47\"},\"headline\":\"Kreml: &#8220;Rus m\u0259d\u0259niyy\u0259tin\u0259 h\u00fccum c\u0259hdi \u00f6z\u00fcn\u00fcm\u0259hvdir&#8221;\",\"datePublished\":\"2022-04-07T10:54:51+00:00\",\"dateModified\":\"2022-04-07T11:40:46+00:00\",\"mainEntityOfPage\":{\"@id\":\"https:\\\/\\\/www.meydan.tv\\\/az\\\/article\\\/kreml-rus-medeniyyetine-hucum-cehdi-ozunumehvdir\\\/\"},\"wordCount\":451,\"publisher\":{\"@id\":\"https:\\\/\\\/www.meydan.tv\\\/az\\\/#organization\"},\"image\":{\"@id\":\"https:\\\/\\\/www.meydan.tv\\\/az\\\/article\\\/kreml-rus-medeniyyetine-hucum-cehdi-ozunumehvdir\\\/#primaryimage\"},\"thumbnailUrl\":\"https:\\\/\\\/www.meydan.tv\\\/wp-content\\\/uploads\\\/41802-e1649328868952.jpg\",\"articleSection\":[\"M\u0259d\u0259niyy\u0259t\",\"X\u0259b\u0259rl\u0259r\"],\"inLanguage\":\"az\"},{\"@type\":\"WebPage\",\"@id\":\"https:\\\/\\\/www.meydan.tv\\\/az\\\/article\\\/kreml-rus-medeniyyetine-hucum-cehdi-ozunumehvdir\\\/\",\"url\":\"https:\\\/\\\/www.meydan.tv\\\/az\\\/article\\\/kreml-rus-medeniyyetine-hucum-cehdi-ozunumehvdir\\\/\",\"name\":\"Kreml: \\\"Rus m\u0259d\u0259niyy\u0259tin\u0259 h\u00fccum c\u0259hdi \u00f6z\u00fcn\u00fcm\u0259hvdir\\\" - MEYDAN.TV\",\"isPartOf\":{\"@id\":\"https:\\\/\\\/www.meydan.tv\\\/az\\\/#website\"},\"primaryImageOfPage\":{\"@id\":\"https:\\\/\\\/www.meydan.tv\\\/az\\\/article\\\/kreml-rus-medeniyyetine-hucum-cehdi-ozunumehvdir\\\/#primaryimage\"},\"image\":{\"@id\":\"https:\\\/\\\/www.meydan.tv\\\/az\\\/article\\\/kreml-rus-medeniyyetine-hucum-cehdi-ozunumehvdir\\\/#primaryimage\"},\"thumbnailUrl\":\"https:\\\/\\\/www.meydan.tv\\\/wp-content\\\/uploads\\\/41802-e1649328868952.jpg\",\"datePublished\":\"2022-04-07T10:54:51+00:00\",\"dateModified\":\"2022-04-07T11:40:46+00:00\",\"breadcrumb\":{\"@id\":\"https:\\\/\\\/www.meydan.tv\\\/az\\\/article\\\/kreml-rus-medeniyyetine-hucum-cehdi-ozunumehvdir\\\/#breadcrumb\"},\"inLanguage\":\"az\",\"potentialAction\":[{\"@type\":\"ReadAction\",\"target\":[\"https:\\\/\\\/www.meydan.tv\\\/az\\\/article\\\/kreml-rus-medeniyyetine-hucum-cehdi-ozunumehvdir\\\/\"]}]},{\"@type\":\"ImageObject\",\"inLanguage\":\"az\",\"@id\":\"https:\\\/\\\/www.meydan.tv\\\/az\\\/article\\\/kreml-rus-medeniyyetine-hucum-cehdi-ozunumehvdir\\\/#primaryimage\",\"url\":\"https:\\\/\\\/www.meydan.tv\\\/wp-content\\\/uploads\\\/41802-e1649328868952.jpg\",\"contentUrl\":\"https:\\\/\\\/www.meydan.tv\\\/wp-content\\\/uploads\\\/41802-e1649328868952.jpg\",\"width\":1600,\"height\":944,\"caption\":\"Foto: Lenta.ru\"},{\"@type\":\"BreadcrumbList\",\"@id\":\"https:\\\/\\\/www.meydan.tv\\\/az\\\/article\\\/kreml-rus-medeniyyetine-hucum-cehdi-ozunumehvdir\\\/#breadcrumb\",\"itemListElement\":[{\"@type\":\"ListItem\",\"position\":1,\"name\":\"Ana s\u0259hif\u0259\",\"item\":\"https:\\\/\\\/www.meydan.tv\\\/az\\\/\"},{\"@type\":\"ListItem\",\"position\":2,\"name\":\"M\u0259d\u0259niyy\u0259t\",\"item\":\"https:\\\/\\\/www.meydan.tv\\\/az\\\/section\\\/medeniyyet\\\/\"},{\"@type\":\"ListItem\",\"position\":3,\"name\":\"Kreml: &#8220;Rus m\u0259d\u0259niyy\u0259tin\u0259 h\u00fccum c\u0259hdi \u00f6z\u00fcn\u00fcm\u0259hvdir&#8221;\"}]},{\"@type\":\"WebSite\",\"@id\":\"https:\\\/\\\/www.meydan.tv\\\/az\\\/#website\",\"url\":\"https:\\\/\\\/www.meydan.tv\\\/az\\\/\",\"name\":\"MEYDAN.TV\",\"description\":\"Meydan TV Az\u0259rbaycan\u0131n media m\u0259kan\u0131ndak\u0131 alternativ s\u0259sidir\",\"publisher\":{\"@id\":\"https:\\\/\\\/www.meydan.tv\\\/az\\\/#organization\"},\"potentialAction\":[{\"@type\":\"SearchAction\",\"target\":{\"@type\":\"EntryPoint\",\"urlTemplate\":\"https:\\\/\\\/www.meydan.tv\\\/az\\\/?s={search_term_string}\"},\"query-input\":{\"@type\":\"PropertyValueSpecification\",\"valueRequired\":true,\"valueName\":\"search_term_string\"}}],\"inLanguage\":\"az\"},{\"@type\":\"Organization\",\"@id\":\"https:\\\/\\\/www.meydan.tv\\\/az\\\/#organization\",\"name\":\"Meydan TV\",\"url\":\"https:\\\/\\\/www.meydan.tv\\\/az\\\/\",\"logo\":{\"@type\":\"ImageObject\",\"inLanguage\":\"az\",\"@id\":\"https:\\\/\\\/www.meydan.tv\\\/az\\\/#\\\/schema\\\/logo\\\/image\\\/\",\"url\":\"https:\\\/\\\/www.meydan.tv\\\/wp-content\\\/uploads\\\/2021\\\/07\\\/meydan-logo.svg\",\"contentUrl\":\"https:\\\/\\\/www.meydan.tv\\\/wp-content\\\/uploads\\\/2021\\\/07\\\/meydan-logo.svg\",\"width\":195,\"height\":46,\"caption\":\"Meydan TV\"},\"image\":{\"@id\":\"https:\\\/\\\/www.meydan.tv\\\/az\\\/#\\\/schema\\\/logo\\\/image\\\/\"}},{\"@type\":\"Person\",\"@id\":\"https:\\\/\\\/www.meydan.tv\\\/az\\\/#\\\/schema\\\/person\\\/9cdbecf90d17180ce1dfbd95b08dcf47\",\"name\":\"elli\",\"sameAs\":[\"https:\\\/\\\/x.com\\\/elli\"]}]}<\/script>\n<!-- \/ Yoast SEO plugin. -->","yoast_head_json":{"title":"Kreml: \"Rus m\u0259d\u0259niyy\u0259tin\u0259 h\u00fccum c\u0259hdi \u00f6z\u00fcn\u00fcm\u0259hvdir\" - MEYDAN.TV","robots":{"index":"index","follow":"follow","max-snippet":"max-snippet:-1","max-image-preview":"max-image-preview:large","max-video-preview":"max-video-preview:-1"},"canonical":"https:\/\/www.meydan.tv\/az\/article\/kreml-rus-medeniyyetine-hucum-cehdi-ozunumehvdir\/","og_locale":"az_AZ","og_type":"article","og_title":"Kreml: \"Rus m\u0259d\u0259niyy\u0259tin\u0259 h\u00fccum c\u0259hdi \u00f6z\u00fcn\u00fcm\u0259hvdir\" - MEYDAN.TV","og_description":"Mariya Zaxarova: &#8220;Q\u0259rbd\u0259 rusofobiya s\u00fcr\u0259tl\u0259 inki\u015faf edir&#8221; Rusiya Xarici \u0130\u015fl\u0259r ... Davam\u0131","og_url":"https:\/\/www.meydan.tv\/az\/article\/kreml-rus-medeniyyetine-hucum-cehdi-ozunumehvdir\/","og_site_name":"MEYDAN.TV","article_published_time":"2022-04-07T10:54:51+00:00","article_modified_time":"2022-04-07T11:40:46+00:00","og_image":[{"width":1600,"height":944,"url":"https:\/\/www.meydan.tv\/wp-content\/uploads\/41802-e1649328868952.jpg","type":"image\/jpeg"}],"author":"elli","twitter_card":"summary_large_image","twitter_creator":"@elli","schema":{"@context":"https:\/\/schema.org","@graph":[{"@type":"Article","@id":"https:\/\/www.meydan.tv\/az\/article\/kreml-rus-medeniyyetine-hucum-cehdi-ozunumehvdir\/#article","isPartOf":{"@id":"https:\/\/www.meydan.tv\/az\/article\/kreml-rus-medeniyyetine-hucum-cehdi-ozunumehvdir\/"},"author":{"name":"elli","@id":"https:\/\/www.meydan.tv\/az\/#\/schema\/person\/9cdbecf90d17180ce1dfbd95b08dcf47"},"headline":"Kreml: &#8220;Rus m\u0259d\u0259niyy\u0259tin\u0259 h\u00fccum c\u0259hdi \u00f6z\u00fcn\u00fcm\u0259hvdir&#8221;","datePublished":"2022-04-07T10:54:51+00:00","dateModified":"2022-04-07T11:40:46+00:00","mainEntityOfPage":{"@id":"https:\/\/www.meydan.tv\/az\/article\/kreml-rus-medeniyyetine-hucum-cehdi-ozunumehvdir\/"},"wordCount":451,"publisher":{"@id":"https:\/\/www.meydan.tv\/az\/#organization"},"image":{"@id":"https:\/\/www.meydan.tv\/az\/article\/kreml-rus-medeniyyetine-hucum-cehdi-ozunumehvdir\/#primaryimage"},"thumbnailUrl":"https:\/\/www.meydan.tv\/wp-content\/uploads\/41802-e1649328868952.jpg","articleSection":["M\u0259d\u0259niyy\u0259t","X\u0259b\u0259rl\u0259r"],"inLanguage":"az"},{"@type":"WebPage","@id":"https:\/\/www.meydan.tv\/az\/article\/kreml-rus-medeniyyetine-hucum-cehdi-ozunumehvdir\/","url":"https:\/\/www.meydan.tv\/az\/article\/kreml-rus-medeniyyetine-hucum-cehdi-ozunumehvdir\/","name":"Kreml: \"Rus m\u0259d\u0259niyy\u0259tin\u0259 h\u00fccum c\u0259hdi \u00f6z\u00fcn\u00fcm\u0259hvdir\" - MEYDAN.TV","isPartOf":{"@id":"https:\/\/www.meydan.tv\/az\/#website"},"primaryImageOfPage":{"@id":"https:\/\/www.meydan.tv\/az\/article\/kreml-rus-medeniyyetine-hucum-cehdi-ozunumehvdir\/#primaryimage"},"image":{"@id":"https:\/\/www.meydan.tv\/az\/article\/kreml-rus-medeniyyetine-hucum-cehdi-ozunumehvdir\/#primaryimage"},"thumbnailUrl":"https:\/\/www.meydan.tv\/wp-content\/uploads\/41802-e1649328868952.jpg","datePublished":"2022-04-07T10:54:51+00:00","dateModified":"2022-04-07T11:40:46+00:00","breadcrumb":{"@id":"https:\/\/www.meydan.tv\/az\/article\/kreml-rus-medeniyyetine-hucum-cehdi-ozunumehvdir\/#breadcrumb"},"inLanguage":"az","potentialAction":[{"@type":"ReadAction","target":["https:\/\/www.meydan.tv\/az\/article\/kreml-rus-medeniyyetine-hucum-cehdi-ozunumehvdir\/"]}]},{"@type":"ImageObject","inLanguage":"az","@id":"https:\/\/www.meydan.tv\/az\/article\/kreml-rus-medeniyyetine-hucum-cehdi-ozunumehvdir\/#primaryimage","url":"https:\/\/www.meydan.tv\/wp-content\/uploads\/41802-e1649328868952.jpg","contentUrl":"https:\/\/www.meydan.tv\/wp-content\/uploads\/41802-e1649328868952.jpg","width":1600,"height":944,"caption":"Foto: Lenta.ru"},{"@type":"BreadcrumbList","@id":"https:\/\/www.meydan.tv\/az\/article\/kreml-rus-medeniyyetine-hucum-cehdi-ozunumehvdir\/#breadcrumb","itemListElement":[{"@type":"ListItem","position":1,"name":"Ana s\u0259hif\u0259","item":"https:\/\/www.meydan.tv\/az\/"},{"@type":"ListItem","position":2,"name":"M\u0259d\u0259niyy\u0259t","item":"https:\/\/www.meydan.tv\/az\/section\/medeniyyet\/"},{"@type":"ListItem","position":3,"name":"Kreml: &#8220;Rus m\u0259d\u0259niyy\u0259tin\u0259 h\u00fccum c\u0259hdi \u00f6z\u00fcn\u00fcm\u0259hvdir&#8221;"}]},{"@type":"WebSite","@id":"https:\/\/www.meydan.tv\/az\/#website","url":"https:\/\/www.meydan.tv\/az\/","name":"MEYDAN.TV","description":"Meydan TV Az\u0259rbaycan\u0131n media m\u0259kan\u0131ndak\u0131 alternativ s\u0259sidir","publisher":{"@id":"https:\/\/www.meydan.tv\/az\/#organization"},"potentialAction":[{"@type":"SearchAction","target":{"@type":"EntryPoint","urlTemplate":"https:\/\/www.meydan.tv\/az\/?s={search_term_string}"},"query-input":{"@type":"PropertyValueSpecification","valueRequired":true,"valueName":"search_term_string"}}],"inLanguage":"az"},{"@type":"Organization","@id":"https:\/\/www.meydan.tv\/az\/#organization","name":"Meydan TV","url":"https:\/\/www.meydan.tv\/az\/","logo":{"@type":"ImageObject","inLanguage":"az","@id":"https:\/\/www.meydan.tv\/az\/#\/schema\/logo\/image\/","url":"https:\/\/www.meydan.tv\/wp-content\/uploads\/2021\/07\/meydan-logo.svg","contentUrl":"https:\/\/www.meydan.tv\/wp-content\/uploads\/2021\/07\/meydan-logo.svg","width":195,"height":46,"caption":"Meydan TV"},"image":{"@id":"https:\/\/www.meydan.tv\/az\/#\/schema\/logo\/image\/"}},{"@type":"Person","@id":"https:\/\/www.meydan.tv\/az\/#\/schema\/person\/9cdbecf90d17180ce1dfbd95b08dcf47","name":"elli","sameAs":["https:\/\/x.com\/elli"]}]}},"_links":{"self":[{"href":"https:\/\/www.meydan.tv\/az\/wp-json\/wp\/v2\/posts\/240990","targetHints":{"allow":["GET"]}}],"collection":[{"href":"https:\/\/www.meydan.tv\/az\/wp-json\/wp\/v2\/posts"}],"about":[{"href":"https:\/\/www.meydan.tv\/az\/wp-json\/wp\/v2\/types\/post"}],"author":[{"embeddable":true,"href":"https:\/\/www.meydan.tv\/az\/wp-json\/wp\/v2\/users\/8"}],"replies":[{"embeddable":true,"href":"https:\/\/www.meydan.tv\/az\/wp-json\/wp\/v2\/comments?post=240990"}],"version-history":[{"count":2,"href":"https:\/\/www.meydan.tv\/az\/wp-json\/wp\/v2\/posts\/240990\/revisions"}],"predecessor-version":[{"id":241003,"href":"https:\/\/www.meydan.tv\/az\/wp-json\/wp\/v2\/posts\/240990\/revisions\/241003"}],"wp:featuredmedia":[{"embeddable":true,"href":"https:\/\/www.meydan.tv\/az\/wp-json\/wp\/v2\/media\/105322"}],"wp:attachment":[{"href":"https:\/\/www.meydan.tv\/az\/wp-json\/wp\/v2\/media?parent=240990"}],"wp:term":[{"taxonomy":"category","embeddable":true,"href":"https:\/\/www.meydan.tv\/az\/wp-json\/wp\/v2\/categories?post=240990"},{"taxonomy":"post_tag","embeddable":true,"href":"https:\/\/www.meydan.tv\/az\/wp-json\/wp\/v2\/tags?post=240990"}],"curies":[{"name":"wp","href":"https:\/\/api.w.org\/{rel}","templated":true}]}}