{"id":240966,"date":"2022-04-07T13:41:48","date_gmt":"2022-04-07T09:41:48","guid":{"rendered":"https:\/\/www.meydan.tv\/?p=240966"},"modified":"2022-04-07T13:41:49","modified_gmt":"2022-04-07T09:41:49","slug":"van-dam-afrikanin-diplomati-oldu","status":"publish","type":"post","link":"https:\/\/www.meydan.tv\/az\/article\/van-dam-afrikanin-diplomati-oldu\/","title":{"rendered":"Van Dam Afrikan\u0131n diplomat\u0131 oldu"},"content":{"rendered":"\n<p><\/p>\n\n\n\n<p><em>Bel\u00e7ika \u0259silli aktyor Konqo Demokratik Respublikas\u0131n\u0131 t\u0259msil ed\u0259c\u0259k<br><\/em><\/p>\n\n\n\n<p>Bel\u00e7ika \u0259silli amerikal\u0131 aktyor Jan Klod Van Dam Konqo Demokratik Respublikas\u0131n\u0131n diplomatik pasportunu <a href=\"https:\/\/actualite.cd\/2022\/04\/06\/jean-claude-van-damme-je-vais-essayer-de-convaincre-les-stars-internationales-comme\" target=\"_blank\" rel=\"noreferrer noopener\">al\u0131b<\/a>.<br><\/p>\n\n\n\n<p>Diplomatik pasportu Van Dama Konqo Demokratik Respublikas\u0131n\u0131n Prezidenti Feliks \u00c7isekedi ad\u0131ndan xarici i\u015fl\u0259r nazirinin m\u00fcavini Sami Adubanqo t\u0259qdim edib.<br><\/p>\n\n\n\n<p>S\u0259fir kimi onun v\u0259zif\u0259si \u0259traf m\u00fchit\u0259 v\u0259 v\u0259h\u015fi t\u0259bi\u0259t\u0259 d\u0259st\u0259k olmaq, h\u0259m\u00e7inin xarici s\u0259rmay\u0259l\u0259ri, x\u00fcsus\u0259n d\u0259 \u00f6lk\u0259nin k\u0259nd t\u0259s\u0259rr\u00fcfat\u0131na c\u0259lb edilm\u0259sini t\u0259\u015fviq etm\u0259k olacaq.<br><\/p>\n\n\n\n<p>\u201cM\u0259n ba\u015fa d\u00fc\u015fd\u00fcm ki, \u00f6lk\u0259y\u0259 ilk n\u00f6vb\u0259d\u0259 sabitlik laz\u0131md\u0131r. H\u0259l\u0259lik siyasi t\u0259f\u0259rr\u00fcatlara varmayaca\u011fam. Art\u0131q prezidentd\u0259n v\u0259 onu m\u00fc\u015fayi\u0259t ed\u0259nl\u0259rd\u0259n \u00e7oxlu m\u0259lumatlar alm\u0131\u015fam\u201d, &#8211; dey\u0259 s\u0259n\u0259t\u00e7i bildirib.<br><\/p>\n\n\n\n<p>Van Dam s\u00f6z verib ki, h\u0259mkarlar\u0131 Silvestr Stallone, Arnold \u015evartsenegger v\u0259 Ceki \u00c7an\u0131, el\u0259c\u0259 d\u0259 \u015fou-biznes v\u0259 idman ulduzlar\u0131n\u0131 Konqoya g\u0259lm\u0259y\u0259 raz\u0131 salacaq.<br><\/p>\n\n\n\n<p>\u00c7al\u0131\u015facaq ki, onlar bel\u0259 s\u0259f\u0259rl\u0259rin t\u0259hl\u00fck\u0259siz olmas\u0131na \u0259min olsunlar.<br><\/p>\n\n\n\n<p>1960-c\u0131 il\u0259 q\u0259d\u0259r Konqo Demokratik Respublikas\u0131 Bel\u00e7ikan\u0131n m\u00fcst\u0259ml\u0259k\u0259sind\u0259 olub.<br>Van Dam d\u00fcnya miqyas\u0131nda d\u00f6y\u00fc\u015f s\u0259n\u0259ti ustas\u0131 kimi kino \u015f\u00f6hr\u0259ti qazan\u0131b.<br>O, 50-d\u0259n \u00e7ox film\u0259 \u00e7\u0259kilib.<br><\/p>\n\n\n\n<p>Aktyorun o\u011flu Kristofer 2021-ci ild\u0259 az\u0259rbaycanl\u0131 piano\u00e7u Suada Hac\u0131zad\u0259 il\u0259 <a href=\"https:\/\/www.meydan.tv\/az\/article\/van-dammin-oglu-azerbaycanli-pianocu-ile-nisanlandi\/\" target=\"_blank\" rel=\"noreferrer noopener\">evl\u0259nib<\/a>.<\/p>\n","protected":false},"excerpt":{"rendered":"<p>Bel\u00e7ika \u0259silli aktyor Konqo Demokratik Respublikas\u0131n\u0131 t\u0259msil ed\u0259c\u0259k Bel\u00e7ika \u0259silli &#8230; <\/p>\n<p class=\"read-more-container\"><a title=\"Van Dam Afrikan\u0131n diplomat\u0131 oldu\" class=\"read-more button\" href=\"https:\/\/www.meydan.tv\/az\/article\/van-dam-afrikanin-diplomati-oldu\/#more-240966\" aria-label=\"Read more about Van Dam Afrikan\u0131n diplomat\u0131 oldu\">Davam\u0131<\/a><\/p>\n","protected":false},"author":8,"featured_media":240967,"comment_status":"closed","ping_status":"closed","sticky":false,"template":"","format":"standard","meta":{"_acf_changed":false,"_sitemap_exclude":false,"_sitemap_priority":"","_sitemap_frequency":"","footnotes":""},"categories":[52,56],"tags":[],"class_list":["post-240966","post","type-post","status-publish","format-standard","has-post-thumbnail","hentry","category-medeniyyet","category-xeberler","infinite-scroll-item","generate-columns","tablet-grid-50","mobile-grid-100","grid-parent","grid-33","no-featured-image-padding"],"acf":[],"yoast_head":"<!-- This site is optimized with the Yoast SEO plugin v27.4 - https:\/\/yoast.com\/product\/yoast-seo-wordpress\/ -->\n<title>Van Dam Afrikan\u0131n diplomat\u0131 oldu - MEYDAN.TV<\/title>\n<meta name=\"robots\" content=\"index, follow, max-snippet:-1, max-image-preview:large, max-video-preview:-1\" \/>\n<link rel=\"canonical\" href=\"https:\/\/www.meydan.tv\/az\/article\/van-dam-afrikanin-diplomati-oldu\/\" \/>\n<meta property=\"og:locale\" content=\"az_AZ\" \/>\n<meta property=\"og:type\" content=\"article\" \/>\n<meta property=\"og:title\" content=\"Van Dam Afrikan\u0131n diplomat\u0131 oldu - MEYDAN.TV\" \/>\n<meta property=\"og:description\" content=\"Bel\u00e7ika \u0259silli aktyor Konqo Demokratik Respublikas\u0131n\u0131 t\u0259msil ed\u0259c\u0259k Bel\u00e7ika \u0259silli ... Davam\u0131\" \/>\n<meta property=\"og:url\" content=\"https:\/\/www.meydan.tv\/az\/article\/van-dam-afrikanin-diplomati-oldu\/\" \/>\n<meta property=\"og:site_name\" content=\"MEYDAN.TV\" \/>\n<meta property=\"article:published_time\" content=\"2022-04-07T09:41:48+00:00\" \/>\n<meta property=\"article:modified_time\" content=\"2022-04-07T09:41:49+00:00\" \/>\n<meta property=\"og:image\" content=\"https:\/\/www.meydan.tv\/wp-content\/uploads\/shutterstock_25565791-e1649324448586.jpg\" \/>\n\t<meta property=\"og:image:width\" content=\"1200\" \/>\n\t<meta property=\"og:image:height\" content=\"741\" \/>\n\t<meta property=\"og:image:type\" content=\"image\/jpeg\" \/>\n<meta name=\"author\" content=\"elli\" \/>\n<meta name=\"twitter:card\" content=\"summary_large_image\" \/>\n<meta name=\"twitter:creator\" content=\"@elli\" \/>\n<script type=\"application\/ld+json\" class=\"yoast-schema-graph\">{\"@context\":\"https:\\\/\\\/schema.org\",\"@graph\":[{\"@type\":\"Article\",\"@id\":\"https:\\\/\\\/www.meydan.tv\\\/az\\\/article\\\/van-dam-afrikanin-diplomati-oldu\\\/#article\",\"isPartOf\":{\"@id\":\"https:\\\/\\\/www.meydan.tv\\\/az\\\/article\\\/van-dam-afrikanin-diplomati-oldu\\\/\"},\"author\":{\"name\":\"elli\",\"@id\":\"https:\\\/\\\/www.meydan.tv\\\/az\\\/#\\\/schema\\\/person\\\/9cdbecf90d17180ce1dfbd95b08dcf47\"},\"headline\":\"Van Dam Afrikan\u0131n diplomat\u0131 oldu\",\"datePublished\":\"2022-04-07T09:41:48+00:00\",\"dateModified\":\"2022-04-07T09:41:49+00:00\",\"mainEntityOfPage\":{\"@id\":\"https:\\\/\\\/www.meydan.tv\\\/az\\\/article\\\/van-dam-afrikanin-diplomati-oldu\\\/\"},\"wordCount\":270,\"publisher\":{\"@id\":\"https:\\\/\\\/www.meydan.tv\\\/az\\\/#organization\"},\"image\":{\"@id\":\"https:\\\/\\\/www.meydan.tv\\\/az\\\/article\\\/van-dam-afrikanin-diplomati-oldu\\\/#primaryimage\"},\"thumbnailUrl\":\"https:\\\/\\\/www.meydan.tv\\\/wp-content\\\/uploads\\\/shutterstock_25565791-e1649324448586.jpg\",\"articleSection\":[\"M\u0259d\u0259niyy\u0259t\",\"X\u0259b\u0259rl\u0259r\"],\"inLanguage\":\"az\"},{\"@type\":\"WebPage\",\"@id\":\"https:\\\/\\\/www.meydan.tv\\\/az\\\/article\\\/van-dam-afrikanin-diplomati-oldu\\\/\",\"url\":\"https:\\\/\\\/www.meydan.tv\\\/az\\\/article\\\/van-dam-afrikanin-diplomati-oldu\\\/\",\"name\":\"Van Dam Afrikan\u0131n diplomat\u0131 oldu - MEYDAN.TV\",\"isPartOf\":{\"@id\":\"https:\\\/\\\/www.meydan.tv\\\/az\\\/#website\"},\"primaryImageOfPage\":{\"@id\":\"https:\\\/\\\/www.meydan.tv\\\/az\\\/article\\\/van-dam-afrikanin-diplomati-oldu\\\/#primaryimage\"},\"image\":{\"@id\":\"https:\\\/\\\/www.meydan.tv\\\/az\\\/article\\\/van-dam-afrikanin-diplomati-oldu\\\/#primaryimage\"},\"thumbnailUrl\":\"https:\\\/\\\/www.meydan.tv\\\/wp-content\\\/uploads\\\/shutterstock_25565791-e1649324448586.jpg\",\"datePublished\":\"2022-04-07T09:41:48+00:00\",\"dateModified\":\"2022-04-07T09:41:49+00:00\",\"breadcrumb\":{\"@id\":\"https:\\\/\\\/www.meydan.tv\\\/az\\\/article\\\/van-dam-afrikanin-diplomati-oldu\\\/#breadcrumb\"},\"inLanguage\":\"az\",\"potentialAction\":[{\"@type\":\"ReadAction\",\"target\":[\"https:\\\/\\\/www.meydan.tv\\\/az\\\/article\\\/van-dam-afrikanin-diplomati-oldu\\\/\"]}]},{\"@type\":\"ImageObject\",\"inLanguage\":\"az\",\"@id\":\"https:\\\/\\\/www.meydan.tv\\\/az\\\/article\\\/van-dam-afrikanin-diplomati-oldu\\\/#primaryimage\",\"url\":\"https:\\\/\\\/www.meydan.tv\\\/wp-content\\\/uploads\\\/shutterstock_25565791-e1649324448586.jpg\",\"contentUrl\":\"https:\\\/\\\/www.meydan.tv\\\/wp-content\\\/uploads\\\/shutterstock_25565791-e1649324448586.jpg\",\"width\":1200,\"height\":741,\"caption\":\"Klod Van Dam. Foto: Mishakov Valery\\\/shutterstock\"},{\"@type\":\"BreadcrumbList\",\"@id\":\"https:\\\/\\\/www.meydan.tv\\\/az\\\/article\\\/van-dam-afrikanin-diplomati-oldu\\\/#breadcrumb\",\"itemListElement\":[{\"@type\":\"ListItem\",\"position\":1,\"name\":\"Ana s\u0259hif\u0259\",\"item\":\"https:\\\/\\\/www.meydan.tv\\\/az\\\/\"},{\"@type\":\"ListItem\",\"position\":2,\"name\":\"M\u0259d\u0259niyy\u0259t\",\"item\":\"https:\\\/\\\/www.meydan.tv\\\/az\\\/section\\\/medeniyyet\\\/\"},{\"@type\":\"ListItem\",\"position\":3,\"name\":\"Van Dam Afrikan\u0131n diplomat\u0131 oldu\"}]},{\"@type\":\"WebSite\",\"@id\":\"https:\\\/\\\/www.meydan.tv\\\/az\\\/#website\",\"url\":\"https:\\\/\\\/www.meydan.tv\\\/az\\\/\",\"name\":\"MEYDAN.TV\",\"description\":\"Meydan TV Az\u0259rbaycan\u0131n media m\u0259kan\u0131ndak\u0131 alternativ s\u0259sidir\",\"publisher\":{\"@id\":\"https:\\\/\\\/www.meydan.tv\\\/az\\\/#organization\"},\"potentialAction\":[{\"@type\":\"SearchAction\",\"target\":{\"@type\":\"EntryPoint\",\"urlTemplate\":\"https:\\\/\\\/www.meydan.tv\\\/az\\\/?s={search_term_string}\"},\"query-input\":{\"@type\":\"PropertyValueSpecification\",\"valueRequired\":true,\"valueName\":\"search_term_string\"}}],\"inLanguage\":\"az\"},{\"@type\":\"Organization\",\"@id\":\"https:\\\/\\\/www.meydan.tv\\\/az\\\/#organization\",\"name\":\"Meydan TV\",\"url\":\"https:\\\/\\\/www.meydan.tv\\\/az\\\/\",\"logo\":{\"@type\":\"ImageObject\",\"inLanguage\":\"az\",\"@id\":\"https:\\\/\\\/www.meydan.tv\\\/az\\\/#\\\/schema\\\/logo\\\/image\\\/\",\"url\":\"https:\\\/\\\/www.meydan.tv\\\/wp-content\\\/uploads\\\/2021\\\/07\\\/meydan-logo.svg\",\"contentUrl\":\"https:\\\/\\\/www.meydan.tv\\\/wp-content\\\/uploads\\\/2021\\\/07\\\/meydan-logo.svg\",\"width\":195,\"height\":46,\"caption\":\"Meydan TV\"},\"image\":{\"@id\":\"https:\\\/\\\/www.meydan.tv\\\/az\\\/#\\\/schema\\\/logo\\\/image\\\/\"}},{\"@type\":\"Person\",\"@id\":\"https:\\\/\\\/www.meydan.tv\\\/az\\\/#\\\/schema\\\/person\\\/9cdbecf90d17180ce1dfbd95b08dcf47\",\"name\":\"elli\",\"sameAs\":[\"https:\\\/\\\/x.com\\\/elli\"]}]}<\/script>\n<!-- \/ Yoast SEO plugin. -->","yoast_head_json":{"title":"Van Dam Afrikan\u0131n diplomat\u0131 oldu - MEYDAN.TV","robots":{"index":"index","follow":"follow","max-snippet":"max-snippet:-1","max-image-preview":"max-image-preview:large","max-video-preview":"max-video-preview:-1"},"canonical":"https:\/\/www.meydan.tv\/az\/article\/van-dam-afrikanin-diplomati-oldu\/","og_locale":"az_AZ","og_type":"article","og_title":"Van Dam Afrikan\u0131n diplomat\u0131 oldu - MEYDAN.TV","og_description":"Bel\u00e7ika \u0259silli aktyor Konqo Demokratik Respublikas\u0131n\u0131 t\u0259msil ed\u0259c\u0259k Bel\u00e7ika \u0259silli ... Davam\u0131","og_url":"https:\/\/www.meydan.tv\/az\/article\/van-dam-afrikanin-diplomati-oldu\/","og_site_name":"MEYDAN.TV","article_published_time":"2022-04-07T09:41:48+00:00","article_modified_time":"2022-04-07T09:41:49+00:00","og_image":[{"width":1200,"height":741,"url":"https:\/\/www.meydan.tv\/wp-content\/uploads\/shutterstock_25565791-e1649324448586.jpg","type":"image\/jpeg"}],"author":"elli","twitter_card":"summary_large_image","twitter_creator":"@elli","schema":{"@context":"https:\/\/schema.org","@graph":[{"@type":"Article","@id":"https:\/\/www.meydan.tv\/az\/article\/van-dam-afrikanin-diplomati-oldu\/#article","isPartOf":{"@id":"https:\/\/www.meydan.tv\/az\/article\/van-dam-afrikanin-diplomati-oldu\/"},"author":{"name":"elli","@id":"https:\/\/www.meydan.tv\/az\/#\/schema\/person\/9cdbecf90d17180ce1dfbd95b08dcf47"},"headline":"Van Dam Afrikan\u0131n diplomat\u0131 oldu","datePublished":"2022-04-07T09:41:48+00:00","dateModified":"2022-04-07T09:41:49+00:00","mainEntityOfPage":{"@id":"https:\/\/www.meydan.tv\/az\/article\/van-dam-afrikanin-diplomati-oldu\/"},"wordCount":270,"publisher":{"@id":"https:\/\/www.meydan.tv\/az\/#organization"},"image":{"@id":"https:\/\/www.meydan.tv\/az\/article\/van-dam-afrikanin-diplomati-oldu\/#primaryimage"},"thumbnailUrl":"https:\/\/www.meydan.tv\/wp-content\/uploads\/shutterstock_25565791-e1649324448586.jpg","articleSection":["M\u0259d\u0259niyy\u0259t","X\u0259b\u0259rl\u0259r"],"inLanguage":"az"},{"@type":"WebPage","@id":"https:\/\/www.meydan.tv\/az\/article\/van-dam-afrikanin-diplomati-oldu\/","url":"https:\/\/www.meydan.tv\/az\/article\/van-dam-afrikanin-diplomati-oldu\/","name":"Van Dam Afrikan\u0131n diplomat\u0131 oldu - MEYDAN.TV","isPartOf":{"@id":"https:\/\/www.meydan.tv\/az\/#website"},"primaryImageOfPage":{"@id":"https:\/\/www.meydan.tv\/az\/article\/van-dam-afrikanin-diplomati-oldu\/#primaryimage"},"image":{"@id":"https:\/\/www.meydan.tv\/az\/article\/van-dam-afrikanin-diplomati-oldu\/#primaryimage"},"thumbnailUrl":"https:\/\/www.meydan.tv\/wp-content\/uploads\/shutterstock_25565791-e1649324448586.jpg","datePublished":"2022-04-07T09:41:48+00:00","dateModified":"2022-04-07T09:41:49+00:00","breadcrumb":{"@id":"https:\/\/www.meydan.tv\/az\/article\/van-dam-afrikanin-diplomati-oldu\/#breadcrumb"},"inLanguage":"az","potentialAction":[{"@type":"ReadAction","target":["https:\/\/www.meydan.tv\/az\/article\/van-dam-afrikanin-diplomati-oldu\/"]}]},{"@type":"ImageObject","inLanguage":"az","@id":"https:\/\/www.meydan.tv\/az\/article\/van-dam-afrikanin-diplomati-oldu\/#primaryimage","url":"https:\/\/www.meydan.tv\/wp-content\/uploads\/shutterstock_25565791-e1649324448586.jpg","contentUrl":"https:\/\/www.meydan.tv\/wp-content\/uploads\/shutterstock_25565791-e1649324448586.jpg","width":1200,"height":741,"caption":"Klod Van Dam. Foto: Mishakov Valery\/shutterstock"},{"@type":"BreadcrumbList","@id":"https:\/\/www.meydan.tv\/az\/article\/van-dam-afrikanin-diplomati-oldu\/#breadcrumb","itemListElement":[{"@type":"ListItem","position":1,"name":"Ana s\u0259hif\u0259","item":"https:\/\/www.meydan.tv\/az\/"},{"@type":"ListItem","position":2,"name":"M\u0259d\u0259niyy\u0259t","item":"https:\/\/www.meydan.tv\/az\/section\/medeniyyet\/"},{"@type":"ListItem","position":3,"name":"Van Dam Afrikan\u0131n diplomat\u0131 oldu"}]},{"@type":"WebSite","@id":"https:\/\/www.meydan.tv\/az\/#website","url":"https:\/\/www.meydan.tv\/az\/","name":"MEYDAN.TV","description":"Meydan TV Az\u0259rbaycan\u0131n media m\u0259kan\u0131ndak\u0131 alternativ s\u0259sidir","publisher":{"@id":"https:\/\/www.meydan.tv\/az\/#organization"},"potentialAction":[{"@type":"SearchAction","target":{"@type":"EntryPoint","urlTemplate":"https:\/\/www.meydan.tv\/az\/?s={search_term_string}"},"query-input":{"@type":"PropertyValueSpecification","valueRequired":true,"valueName":"search_term_string"}}],"inLanguage":"az"},{"@type":"Organization","@id":"https:\/\/www.meydan.tv\/az\/#organization","name":"Meydan TV","url":"https:\/\/www.meydan.tv\/az\/","logo":{"@type":"ImageObject","inLanguage":"az","@id":"https:\/\/www.meydan.tv\/az\/#\/schema\/logo\/image\/","url":"https:\/\/www.meydan.tv\/wp-content\/uploads\/2021\/07\/meydan-logo.svg","contentUrl":"https:\/\/www.meydan.tv\/wp-content\/uploads\/2021\/07\/meydan-logo.svg","width":195,"height":46,"caption":"Meydan TV"},"image":{"@id":"https:\/\/www.meydan.tv\/az\/#\/schema\/logo\/image\/"}},{"@type":"Person","@id":"https:\/\/www.meydan.tv\/az\/#\/schema\/person\/9cdbecf90d17180ce1dfbd95b08dcf47","name":"elli","sameAs":["https:\/\/x.com\/elli"]}]}},"_links":{"self":[{"href":"https:\/\/www.meydan.tv\/az\/wp-json\/wp\/v2\/posts\/240966","targetHints":{"allow":["GET"]}}],"collection":[{"href":"https:\/\/www.meydan.tv\/az\/wp-json\/wp\/v2\/posts"}],"about":[{"href":"https:\/\/www.meydan.tv\/az\/wp-json\/wp\/v2\/types\/post"}],"author":[{"embeddable":true,"href":"https:\/\/www.meydan.tv\/az\/wp-json\/wp\/v2\/users\/8"}],"replies":[{"embeddable":true,"href":"https:\/\/www.meydan.tv\/az\/wp-json\/wp\/v2\/comments?post=240966"}],"version-history":[{"count":1,"href":"https:\/\/www.meydan.tv\/az\/wp-json\/wp\/v2\/posts\/240966\/revisions"}],"predecessor-version":[{"id":240971,"href":"https:\/\/www.meydan.tv\/az\/wp-json\/wp\/v2\/posts\/240966\/revisions\/240971"}],"wp:featuredmedia":[{"embeddable":true,"href":"https:\/\/www.meydan.tv\/az\/wp-json\/wp\/v2\/media\/240967"}],"wp:attachment":[{"href":"https:\/\/www.meydan.tv\/az\/wp-json\/wp\/v2\/media?parent=240966"}],"wp:term":[{"taxonomy":"category","embeddable":true,"href":"https:\/\/www.meydan.tv\/az\/wp-json\/wp\/v2\/categories?post=240966"},{"taxonomy":"post_tag","embeddable":true,"href":"https:\/\/www.meydan.tv\/az\/wp-json\/wp\/v2\/tags?post=240966"}],"curies":[{"name":"wp","href":"https:\/\/api.w.org\/{rel}","templated":true}]}}